{"id":144606,"date":"2023-10-02T10:55:55","date_gmt":"2023-10-02T08:55:55","guid":{"rendered":"https:\/\/www.bellunopress.it\/?p=144606"},"modified":"2023-10-02T10:55:55","modified_gmt":"2023-10-02T08:55:55","slug":"braccialetti-veneziani-di-marco-zanetti","status":"publish","type":"post","link":"https:\/\/www.bellunopress.it\/fr\/2023\/10\/02\/braccialetti-veneziani-di-marco-zanetti\/","title":{"rendered":"Braccialetti veneziani\u00a0    * di Marco Zanetti"},"content":{"rendered":"<p><img loading=\"lazy\" decoding=\"async\" class=\"alignleft size-full wp-image-144607\" src=\"https:\/\/www.bellunopress.it\/wp-content\/uploads\/2023\/10\/bracciale-daccesso-a-Venezia.jpg\" alt=\"\" width=\"519\" height=\"405\" srcset=\"https:\/\/www.bellunopress.it\/wp-content\/uploads\/2023\/10\/bracciale-daccesso-a-Venezia.jpg 519w, https:\/\/www.bellunopress.it\/wp-content\/uploads\/2023\/10\/bracciale-daccesso-a-Venezia-500x390.jpg 500w\" sizes=\"auto, (max-width: 519px) 100vw, 519px\" \/>La buona notizia per una buona parte dei lettori di Bellunopress \u00e8 che i veneti non sono chiamati a pagare il ticket di accesso a Venezia deciso, dopo lunghe ponderazioni, il 12 settembre dal consiglio comunale del capoluogo regionale in applicazione di una possibilit\u00e0 prevista dalla legge 145\/2018 (art. 1, comma 1129) per regolare l&#8217;afflusso turistico alla citt\u00e0 storica ed alle isole della laguna.<\/p>\n<p>Il regolamento test\u00e9 approvato include infatti i residenti nel Veneto tra le categorie &#8220;esentate&#8221; dal contributo di accesso, mentre altre categorie sono invece &#8220;escluse&#8221; dal puntiglioso regolamento. I Bellunesi che decideranno di scendere a Venezia nei giorni particolari di applicazione del ticket (non si sa ancora quali saranno, ma certamente dovrebbero essere quelli di maggior pressione stimata di visitatori giornalieri) dovranno solo pazientare in fila ai tornelli di ingresso per autodichiararsi veneti ovvero esibire la documentazione del loro essere residenti nel Veneto. Non \u00e8 chiaro se ci\u00f2 dar\u00e0 loro modo di ricevere e poter esibire una attestazione di legale ingresso in citt\u00e0, almeno per evitare successivi controlli nel corso della giornata. Questa attestazione sar\u00e0 invece rilasciata a coloro che dovranno pagare il contributo di accesso di 5 euro (raddoppiato a 10 in caso di successivo riscontro della sua mancanza, oltre alle sanzioni del caso).<\/p>\n<p>Il nuovo regolamento comunale non indica ancora quale sar\u00e0 la forma di questa attestazione: un biglietto? un tesserino? un braccialetto? Quest&#8217;ultima sarebbe a ben vedere la modalit\u00e0 pi\u00f9 avanzata per gestire gli ingressi in un&#8217;area delimitata (fiera, parco giochi o citt\u00e0 che sia). Mentre un biglietto o un tesserino consentirebbero di introdurvi opportuni messaggi: mera pubblicit\u00e0 commerciale o indicazioni utili per la vista (come: tenere la destra e non superare la mezzeria nelle calli pi\u00f9 strette!), il braccialetto consentirebbe invece un immediato controllo a vista da parte delle forze dell&#8217;ordine: ne sono disponibili oggi di solidissimi e numerati, con la possibilit\u00e0 di scegliere disegni e colori. Al riguardo, non sarebbe opportuna a mio avviso la scelta del tricolore o dell&#8217;emblema della Comunit\u00e0 europea, proprio quando il Paese consente di discriminare l&#8217;ingresso alla citt\u00e0 di Venezia a cittadini di una regione piuttosto che di un&#8217;altra. Sarebbe invece pi\u00f9 consono il colore dell&#8217;amministrazione locale (evocativo di modalit\u00e0 di controllo del territorio dell&#8217;epoca dei Comuni): in questo caso dunque potrebbero essere dei braccialetti fucsia, che \u00e8 il &#8220;colore&#8221; dell&#8217;amministrazione corrente, mentre spero che per onore cittadino si eviti qualsiasi riferimento a &#8220;leoni alati&#8221;.<\/p>\n<p>Spiace comunque, cari Bellunesi, dovervi accogliere a Venezia con tornelli, come ad un supermercato o ad uno stadio, non \u00e8 questa la soluzione all&#8217;eccesso di pressione turistica che molti veneziani auspicavano. Sani!<\/p>\n<p><strong>Marco Zanetti<\/strong><\/p>","protected":false},"excerpt":{"rendered":"<p>La buona notizia per una buona parte dei lettori di Bellunopress \u00e8 che i veneti non sono chiamati a pagare il ticket di accesso a Venezia deciso, dopo lunghe ponderazioni, il 12 settembre dal consiglio comunale del capoluogo regionale in applicazione di una possibilit\u00e0 prevista dalla legge 145\/2018 (art. 1, comma 1129) per regolare l&#8217;afflusso [&hellip;]<\/p>\n","protected":false},"author":2,"featured_media":144607,"comment_status":"closed","ping_status":"open","sticky":false,"template":"","format":"standard","meta":{"footnotes":""},"categories":[5,26],"tags":[],"class_list":["post-144606","post","type-post","status-publish","format-standard","has-post-thumbnail","category-cronaca","category-prima-pagina"],"yoast_head":"<!-- This site is optimized with the Yoast SEO plugin v28.4 - https:\/\/yoast.com\/product\/yoast-seo-wordpress\/ -->\n<title>Braccialetti veneziani\u00a0  * di Marco Zanetti - Bellunopress - Dolomiti<\/title>\n<meta name=\"robots\" content=\"index, follow, max-snippet:-1, max-image-preview:large, max-video-preview:-1\" \/>\n<link rel=\"canonical\" href=\"https:\/\/www.bellunopress.it\/fr\/2023\/10\/02\/braccialetti-veneziani-di-marco-zanetti\/\" \/>\n<meta property=\"og:locale\" content=\"fr_FR\" \/>\n<meta property=\"og:type\" content=\"article\" \/>\n<meta property=\"og:title\" content=\"Braccialetti veneziani\u00a0  * di Marco Zanetti - Bellunopress - Dolomiti\" \/>\n<meta property=\"og:description\" content=\"La buona notizia per una buona parte dei lettori di Bellunopress \u00e8 che i veneti non sono chiamati a pagare il ticket di accesso a Venezia deciso, dopo lunghe ponderazioni, il 12 settembre dal consiglio comunale del capoluogo regionale in applicazione di una possibilit\u00e0 prevista dalla legge 145\/2018 (art. 1, comma 1129) per regolare l&#8217;afflusso [&hellip;]\" \/>\n<meta property=\"og:url\" content=\"https:\/\/www.bellunopress.it\/fr\/2023\/10\/02\/braccialetti-veneziani-di-marco-zanetti\/\" \/>\n<meta property=\"og:site_name\" content=\"Bellunopress - Dolomiti\" \/>\n<meta property=\"article:publisher\" content=\"https:\/\/www.facebook.com\/profile.php?id=100008943462799\" \/>\n<meta property=\"article:published_time\" content=\"2023-10-02T08:55:55+00:00\" \/>\n<meta property=\"og:image\" content=\"https:\/\/www.bellunopress.it\/wp-content\/uploads\/2023\/10\/bracciale-daccesso-a-Venezia.jpg\" \/>\n\t<meta property=\"og:image:width\" content=\"519\" \/>\n\t<meta property=\"og:image:height\" content=\"405\" \/>\n\t<meta property=\"og:image:type\" content=\"image\/jpeg\" \/>\n<meta name=\"author\" content=\"redazione\" \/>\n<meta name=\"twitter:card\" content=\"summary_large_image\" \/>\n<meta name=\"twitter:creator\" content=\"@bellunopress\" \/>\n<meta name=\"twitter:site\" content=\"@bellunopress\" \/>\n<meta name=\"twitter:label1\" content=\"\u00c9crit par\" \/>\n\t<meta name=\"twitter:data1\" content=\"redazione\" \/>\n\t<meta name=\"twitter:label2\" content=\"Dur\u00e9e de lecture estim\u00e9e\" \/>\n\t<meta name=\"twitter:data2\" content=\"2 minutes\" \/>\n<script type=\"application\/ld+json\" class=\"yoast-schema-graph\">{\"@context\":\"https:\\\/\\\/schema.org\",\"@graph\":[{\"@type\":\"Article\",\"@id\":\"https:\\\/\\\/www.bellunopress.it\\\/2023\\\/10\\\/02\\\/braccialetti-veneziani-di-marco-zanetti\\\/#article\",\"isPartOf\":{\"@id\":\"https:\\\/\\\/www.bellunopress.it\\\/2023\\\/10\\\/02\\\/braccialetti-veneziani-di-marco-zanetti\\\/\"},\"author\":{\"name\":\"redazione\",\"@id\":\"https:\\\/\\\/www.bellunopress.it\\\/#\\\/schema\\\/person\\\/79bb06722b37ece1c03d3e94beb30d73\"},\"headline\":\"Braccialetti veneziani\u00a0 * di Marco Zanetti\",\"datePublished\":\"2023-10-02T08:55:55+00:00\",\"mainEntityOfPage\":{\"@id\":\"https:\\\/\\\/www.bellunopress.it\\\/2023\\\/10\\\/02\\\/braccialetti-veneziani-di-marco-zanetti\\\/\"},\"wordCount\":438,\"publisher\":{\"@id\":\"https:\\\/\\\/www.bellunopress.it\\\/#organization\"},\"image\":{\"@id\":\"https:\\\/\\\/www.bellunopress.it\\\/2023\\\/10\\\/02\\\/braccialetti-veneziani-di-marco-zanetti\\\/#primaryimage\"},\"thumbnailUrl\":\"https:\\\/\\\/www.bellunopress.it\\\/wp-content\\\/uploads\\\/2023\\\/10\\\/bracciale-daccesso-a-Venezia.jpg\",\"articleSection\":[\"Cronaca\\\/Politica\",\"Prima Pagina\"],\"inLanguage\":\"fr-FR\"},{\"@type\":\"WebPage\",\"@id\":\"https:\\\/\\\/www.bellunopress.it\\\/2023\\\/10\\\/02\\\/braccialetti-veneziani-di-marco-zanetti\\\/\",\"url\":\"https:\\\/\\\/www.bellunopress.it\\\/2023\\\/10\\\/02\\\/braccialetti-veneziani-di-marco-zanetti\\\/\",\"name\":\"Braccialetti veneziani\u00a0 * di Marco Zanetti - Bellunopress - Dolomiti\",\"isPartOf\":{\"@id\":\"https:\\\/\\\/www.bellunopress.it\\\/#website\"},\"primaryImageOfPage\":{\"@id\":\"https:\\\/\\\/www.bellunopress.it\\\/2023\\\/10\\\/02\\\/braccialetti-veneziani-di-marco-zanetti\\\/#primaryimage\"},\"image\":{\"@id\":\"https:\\\/\\\/www.bellunopress.it\\\/2023\\\/10\\\/02\\\/braccialetti-veneziani-di-marco-zanetti\\\/#primaryimage\"},\"thumbnailUrl\":\"https:\\\/\\\/www.bellunopress.it\\\/wp-content\\\/uploads\\\/2023\\\/10\\\/bracciale-daccesso-a-Venezia.jpg\",\"datePublished\":\"2023-10-02T08:55:55+00:00\",\"breadcrumb\":{\"@id\":\"https:\\\/\\\/www.bellunopress.it\\\/2023\\\/10\\\/02\\\/braccialetti-veneziani-di-marco-zanetti\\\/#breadcrumb\"},\"inLanguage\":\"fr-FR\",\"potentialAction\":[{\"@type\":\"ReadAction\",\"target\":[\"https:\\\/\\\/www.bellunopress.it\\\/2023\\\/10\\\/02\\\/braccialetti-veneziani-di-marco-zanetti\\\/\"]}]},{\"@type\":\"ImageObject\",\"inLanguage\":\"fr-FR\",\"@id\":\"https:\\\/\\\/www.bellunopress.it\\\/2023\\\/10\\\/02\\\/braccialetti-veneziani-di-marco-zanetti\\\/#primaryimage\",\"url\":\"https:\\\/\\\/www.bellunopress.it\\\/wp-content\\\/uploads\\\/2023\\\/10\\\/bracciale-daccesso-a-Venezia.jpg\",\"contentUrl\":\"https:\\\/\\\/www.bellunopress.it\\\/wp-content\\\/uploads\\\/2023\\\/10\\\/bracciale-daccesso-a-Venezia.jpg\",\"width\":519,\"height\":405},{\"@type\":\"BreadcrumbList\",\"@id\":\"https:\\\/\\\/www.bellunopress.it\\\/2023\\\/10\\\/02\\\/braccialetti-veneziani-di-marco-zanetti\\\/#breadcrumb\",\"itemListElement\":[{\"@type\":\"ListItem\",\"position\":1,\"name\":\"Home\",\"item\":\"https:\\\/\\\/www.bellunopress.it\\\/\"},{\"@type\":\"ListItem\",\"position\":2,\"name\":\"Braccialetti veneziani\u00a0 * di Marco Zanetti\"}]},{\"@type\":\"WebSite\",\"@id\":\"https:\\\/\\\/www.bellunopress.it\\\/#website\",\"url\":\"https:\\\/\\\/www.bellunopress.it\\\/\",\"name\":\"Bellunopress - Dolomiti\",\"description\":\"e-mail: redazione@bellunopress.it\",\"publisher\":{\"@id\":\"https:\\\/\\\/www.bellunopress.it\\\/#organization\"},\"potentialAction\":[{\"@type\":\"SearchAction\",\"target\":{\"@type\":\"EntryPoint\",\"urlTemplate\":\"https:\\\/\\\/www.bellunopress.it\\\/?s={search_term_string}\"},\"query-input\":{\"@type\":\"PropertyValueSpecification\",\"valueRequired\":true,\"valueName\":\"search_term_string\"}}],\"inLanguage\":\"fr-FR\"},{\"@type\":\"Organization\",\"@id\":\"https:\\\/\\\/www.bellunopress.it\\\/#organization\",\"name\":\"Bellunopress\",\"url\":\"https:\\\/\\\/www.bellunopress.it\\\/\",\"logo\":{\"@type\":\"ImageObject\",\"inLanguage\":\"fr-FR\",\"@id\":\"https:\\\/\\\/www.bellunopress.it\\\/#\\\/schema\\\/logo\\\/image\\\/\",\"url\":\"https:\\\/\\\/www.bellunopress.it\\\/wp-content\\\/uploads\\\/2011\\\/05\\\/cropped-logo-bellunopress-.jpg\",\"contentUrl\":\"https:\\\/\\\/www.bellunopress.it\\\/wp-content\\\/uploads\\\/2011\\\/05\\\/cropped-logo-bellunopress-.jpg\",\"width\":512,\"height\":512,\"caption\":\"Bellunopress\"},\"image\":{\"@id\":\"https:\\\/\\\/www.bellunopress.it\\\/#\\\/schema\\\/logo\\\/image\\\/\"},\"sameAs\":[\"https:\\\/\\\/www.facebook.com\\\/profile.php?id=100008943462799\",\"https:\\\/\\\/x.com\\\/bellunopress\",\"https:\\\/\\\/www.linkedin.com\\\/hp\\\/?dnr=JBzUWaJfMUw8vbXJJ2tVW5-I3jZKvC4wsoxE&amp;amp;amp;amp;amp;amp;trk=nav_responsive_tab_home\",\"https:\\\/\\\/www.youtube.com\\\/channel\\\/UCxL0wu1uN0_3_7hGG0306cw\"]},{\"@type\":\"Person\",\"@id\":\"https:\\\/\\\/www.bellunopress.it\\\/#\\\/schema\\\/person\\\/79bb06722b37ece1c03d3e94beb30d73\",\"name\":\"redazione\",\"image\":{\"@type\":\"ImageObject\",\"inLanguage\":\"fr-FR\",\"@id\":\"https:\\\/\\\/secure.gravatar.com\\\/avatar\\\/37d968a2e67a6fd04c169c4bdef102d0bc5d31b2546345219e348575eb80e9a0?s=96&d=mm&r=g\",\"url\":\"https:\\\/\\\/secure.gravatar.com\\\/avatar\\\/37d968a2e67a6fd04c169c4bdef102d0bc5d31b2546345219e348575eb80e9a0?s=96&d=mm&r=g\",\"contentUrl\":\"https:\\\/\\\/secure.gravatar.com\\\/avatar\\\/37d968a2e67a6fd04c169c4bdef102d0bc5d31b2546345219e348575eb80e9a0?s=96&d=mm&r=g\",\"caption\":\"redazione\"},\"sameAs\":[\"http:\\\/\\\/www.bellunopress.it\",\"https:\\\/\\\/x.com\\\/bellunopress\"],\"url\":\"https:\\\/\\\/www.bellunopress.it\\\/fr\\\/author\\\/redazione\\\/\"}]}<\/script>\n<!-- \/ Yoast SEO plugin. -->","yoast_head_json":{"title":"Braccialetti veneziani\u00a0  * di Marco Zanetti - Bellunopress - Dolomiti","robots":{"index":"index","follow":"follow","max-snippet":"max-snippet:-1","max-image-preview":"max-image-preview:large","max-video-preview":"max-video-preview:-1"},"canonical":"https:\/\/www.bellunopress.it\/fr\/2023\/10\/02\/braccialetti-veneziani-di-marco-zanetti\/","og_locale":"fr_FR","og_type":"article","og_title":"Braccialetti veneziani\u00a0  * di Marco Zanetti - Bellunopress - Dolomiti","og_description":"La buona notizia per una buona parte dei lettori di Bellunopress \u00e8 che i veneti non sono chiamati a pagare il ticket di accesso a Venezia deciso, dopo lunghe ponderazioni, il 12 settembre dal consiglio comunale del capoluogo regionale in applicazione di una possibilit\u00e0 prevista dalla legge 145\/2018 (art. 1, comma 1129) per regolare l&#8217;afflusso [&hellip;]","og_url":"https:\/\/www.bellunopress.it\/fr\/2023\/10\/02\/braccialetti-veneziani-di-marco-zanetti\/","og_site_name":"Bellunopress - Dolomiti","article_publisher":"https:\/\/www.facebook.com\/profile.php?id=100008943462799","article_published_time":"2023-10-02T08:55:55+00:00","og_image":[{"width":519,"height":405,"url":"https:\/\/www.bellunopress.it\/wp-content\/uploads\/2023\/10\/bracciale-daccesso-a-Venezia.jpg","type":"image\/jpeg"}],"author":"redazione","twitter_card":"summary_large_image","twitter_creator":"@bellunopress","twitter_site":"@bellunopress","twitter_misc":{"\u00c9crit par":"redazione","Dur\u00e9e de lecture estim\u00e9e":"2 minutes"},"schema":{"@context":"https:\/\/schema.org","@graph":[{"@type":"Article","@id":"https:\/\/www.bellunopress.it\/2023\/10\/02\/braccialetti-veneziani-di-marco-zanetti\/#article","isPartOf":{"@id":"https:\/\/www.bellunopress.it\/2023\/10\/02\/braccialetti-veneziani-di-marco-zanetti\/"},"author":{"name":"redazione","@id":"https:\/\/www.bellunopress.it\/#\/schema\/person\/79bb06722b37ece1c03d3e94beb30d73"},"headline":"Braccialetti veneziani\u00a0 * di Marco Zanetti","datePublished":"2023-10-02T08:55:55+00:00","mainEntityOfPage":{"@id":"https:\/\/www.bellunopress.it\/2023\/10\/02\/braccialetti-veneziani-di-marco-zanetti\/"},"wordCount":438,"publisher":{"@id":"https:\/\/www.bellunopress.it\/#organization"},"image":{"@id":"https:\/\/www.bellunopress.it\/2023\/10\/02\/braccialetti-veneziani-di-marco-zanetti\/#primaryimage"},"thumbnailUrl":"https:\/\/www.bellunopress.it\/wp-content\/uploads\/2023\/10\/bracciale-daccesso-a-Venezia.jpg","articleSection":["Cronaca\/Politica","Prima Pagina"],"inLanguage":"fr-FR"},{"@type":"WebPage","@id":"https:\/\/www.bellunopress.it\/2023\/10\/02\/braccialetti-veneziani-di-marco-zanetti\/","url":"https:\/\/www.bellunopress.it\/2023\/10\/02\/braccialetti-veneziani-di-marco-zanetti\/","name":"Braccialetti veneziani\u00a0 * di Marco Zanetti - Bellunopress - Dolomiti","isPartOf":{"@id":"https:\/\/www.bellunopress.it\/#website"},"primaryImageOfPage":{"@id":"https:\/\/www.bellunopress.it\/2023\/10\/02\/braccialetti-veneziani-di-marco-zanetti\/#primaryimage"},"image":{"@id":"https:\/\/www.bellunopress.it\/2023\/10\/02\/braccialetti-veneziani-di-marco-zanetti\/#primaryimage"},"thumbnailUrl":"https:\/\/www.bellunopress.it\/wp-content\/uploads\/2023\/10\/bracciale-daccesso-a-Venezia.jpg","datePublished":"2023-10-02T08:55:55+00:00","breadcrumb":{"@id":"https:\/\/www.bellunopress.it\/2023\/10\/02\/braccialetti-veneziani-di-marco-zanetti\/#breadcrumb"},"inLanguage":"fr-FR","potentialAction":[{"@type":"ReadAction","target":["https:\/\/www.bellunopress.it\/2023\/10\/02\/braccialetti-veneziani-di-marco-zanetti\/"]}]},{"@type":"ImageObject","inLanguage":"fr-FR","@id":"https:\/\/www.bellunopress.it\/2023\/10\/02\/braccialetti-veneziani-di-marco-zanetti\/#primaryimage","url":"https:\/\/www.bellunopress.it\/wp-content\/uploads\/2023\/10\/bracciale-daccesso-a-Venezia.jpg","contentUrl":"https:\/\/www.bellunopress.it\/wp-content\/uploads\/2023\/10\/bracciale-daccesso-a-Venezia.jpg","width":519,"height":405},{"@type":"BreadcrumbList","@id":"https:\/\/www.bellunopress.it\/2023\/10\/02\/braccialetti-veneziani-di-marco-zanetti\/#breadcrumb","itemListElement":[{"@type":"ListItem","position":1,"name":"Home","item":"https:\/\/www.bellunopress.it\/"},{"@type":"ListItem","position":2,"name":"Braccialetti veneziani\u00a0 * di Marco Zanetti"}]},{"@type":"WebSite","@id":"https:\/\/www.bellunopress.it\/#website","url":"https:\/\/www.bellunopress.it\/","name":"Bellunopress - Dolomiti","description":"e-mail: redazione@bellunopress.it","publisher":{"@id":"https:\/\/www.bellunopress.it\/#organization"},"potentialAction":[{"@type":"SearchAction","target":{"@type":"EntryPoint","urlTemplate":"https:\/\/www.bellunopress.it\/?s={search_term_string}"},"query-input":{"@type":"PropertyValueSpecification","valueRequired":true,"valueName":"search_term_string"}}],"inLanguage":"fr-FR"},{"@type":"Organization","@id":"https:\/\/www.bellunopress.it\/#organization","name":"Bellunopress","url":"https:\/\/www.bellunopress.it\/","logo":{"@type":"ImageObject","inLanguage":"fr-FR","@id":"https:\/\/www.bellunopress.it\/#\/schema\/logo\/image\/","url":"https:\/\/www.bellunopress.it\/wp-content\/uploads\/2011\/05\/cropped-logo-bellunopress-.jpg","contentUrl":"https:\/\/www.bellunopress.it\/wp-content\/uploads\/2011\/05\/cropped-logo-bellunopress-.jpg","width":512,"height":512,"caption":"Bellunopress"},"image":{"@id":"https:\/\/www.bellunopress.it\/#\/schema\/logo\/image\/"},"sameAs":["https:\/\/www.facebook.com\/profile.php?id=100008943462799","https:\/\/x.com\/bellunopress","https:\/\/www.linkedin.com\/hp\/?dnr=JBzUWaJfMUw8vbXJJ2tVW5-I3jZKvC4wsoxE&amp;amp;amp;amp;amp;amp;trk=nav_responsive_tab_home","https:\/\/www.youtube.com\/channel\/UCxL0wu1uN0_3_7hGG0306cw"]},{"@type":"Person","@id":"https:\/\/www.bellunopress.it\/#\/schema\/person\/79bb06722b37ece1c03d3e94beb30d73","name":"r\u00e9daction","image":{"@type":"ImageObject","inLanguage":"fr-FR","@id":"https:\/\/secure.gravatar.com\/avatar\/37d968a2e67a6fd04c169c4bdef102d0bc5d31b2546345219e348575eb80e9a0?s=96&d=mm&r=g","url":"https:\/\/secure.gravatar.com\/avatar\/37d968a2e67a6fd04c169c4bdef102d0bc5d31b2546345219e348575eb80e9a0?s=96&d=mm&r=g","contentUrl":"https:\/\/secure.gravatar.com\/avatar\/37d968a2e67a6fd04c169c4bdef102d0bc5d31b2546345219e348575eb80e9a0?s=96&d=mm&r=g","caption":"redazione"},"sameAs":["http:\/\/www.bellunopress.it","https:\/\/x.com\/bellunopress"],"url":"https:\/\/www.bellunopress.it\/fr\/author\/redazione\/"}]}},"_links":{"self":[{"href":"https:\/\/www.bellunopress.it\/fr\/wp-json\/wp\/v2\/posts\/144606","targetHints":{"allow":["GET"]}}],"collection":[{"href":"https:\/\/www.bellunopress.it\/fr\/wp-json\/wp\/v2\/posts"}],"about":[{"href":"https:\/\/www.bellunopress.it\/fr\/wp-json\/wp\/v2\/types\/post"}],"author":[{"embeddable":true,"href":"https:\/\/www.bellunopress.it\/fr\/wp-json\/wp\/v2\/users\/2"}],"replies":[{"embeddable":true,"href":"https:\/\/www.bellunopress.it\/fr\/wp-json\/wp\/v2\/comments?post=144606"}],"version-history":[{"count":1,"href":"https:\/\/www.bellunopress.it\/fr\/wp-json\/wp\/v2\/posts\/144606\/revisions"}],"predecessor-version":[{"id":144608,"href":"https:\/\/www.bellunopress.it\/fr\/wp-json\/wp\/v2\/posts\/144606\/revisions\/144608"}],"wp:featuredmedia":[{"embeddable":true,"href":"https:\/\/www.bellunopress.it\/fr\/wp-json\/wp\/v2\/media\/144607"}],"wp:attachment":[{"href":"https:\/\/www.bellunopress.it\/fr\/wp-json\/wp\/v2\/media?parent=144606"}],"wp:term":[{"taxonomy":"category","embeddable":true,"href":"https:\/\/www.bellunopress.it\/fr\/wp-json\/wp\/v2\/categories?post=144606"},{"taxonomy":"post_tag","embeddable":true,"href":"https:\/\/www.bellunopress.it\/fr\/wp-json\/wp\/v2\/tags?post=144606"}],"curies":[{"name":"wp","href":"https:\/\/api.w.org\/{rel}","templated":true}]}}