{"id":144597,"date":"2023-10-02T07:35:13","date_gmt":"2023-10-02T05:35:13","guid":{"rendered":"https:\/\/www.bellunopress.it\/?p=144597"},"modified":"2023-10-02T07:35:13","modified_gmt":"2023-10-02T05:35:13","slug":"centomiglia-18ma-edizione-il-6-e-7-ottobre-sulla-strada-del-conegliano-valdobbiadene","status":"publish","type":"post","link":"https:\/\/www.bellunopress.it\/fr\/2023\/10\/02\/centomiglia-18ma-edizione-il-6-e-7-ottobre-sulla-strada-del-conegliano-valdobbiadene\/","title":{"rendered":"Centomiglia 18ma edizione. Il 6 e 7 ottobre sulla strada del Conegliano Valdobbiadene"},"content":{"rendered":"<p><em><strong><img loading=\"lazy\" decoding=\"async\" class=\"alignleft size-full wp-image-144598\" src=\"https:\/\/www.bellunopress.it\/wp-content\/uploads\/2023\/10\/centomiglia-2023_edited.jpg\" alt=\"\" width=\"476\" height=\"1000\" srcset=\"https:\/\/www.bellunopress.it\/wp-content\/uploads\/2023\/10\/centomiglia-2023_edited.jpg 476w, https:\/\/www.bellunopress.it\/wp-content\/uploads\/2023\/10\/centomiglia-2023_edited-238x500.jpg 238w\" sizes=\"auto, (max-width: 476px) 100vw, 476px\" \/>Date, percorso e novit\u00e0 della kermesse che interseca enoturismo e auto storiche<\/strong><\/em><\/p>\n<p>Settanta equipaggi provenienti dall\u2019 Italia e dall\u2019estero. Centosessanta chilometri in due giorni e diverse visite nelle cantine tra le pi\u00f9 rinomate della zona. Sono i numeri della 18^ edizione della Centomiglia sulla Strada del Conegliano Valdobbiadene, manifestazione turistico-sportiva riservata alle auto d\u2019epoca, in programma venerd\u00ec 6 e sabato 7 ottobre prossimi. Con l\u2019inizio dell\u2019autunno ecco tornare la prestigiosa kermesse organizzata dalla Associazione Strada del Prosecco in collaborazione con il Consorzio di Tutela del Conegliano Valdobbiadene Prosecco DOCG e con il Club Serenissima Storico.<\/p>\n<p>Nata per celebrare e rievocare l\u2019anniversario della nascita della Strada del Prosecco &#8211; avvenuta nel 1966 -, la pi\u00f9 antica strada del vino d\u2019Italia, la Centomiglia \u00e8 oggi la corsa per eccellenza per auto storiche che attraversa uno degli scenari pi\u00f9 suggestivi d\u2019Italia, le Colline di Conegliano Valdobbiadene, Patrimonio dell\u2019Umanit\u00e0 dal 2019.<br \/>\nLa kermesse, non a caso, \u00e8 presa ogni anno d\u2019assalto dagli appassionati, tanto che gli organizzatori sono costretti a chiudere sempre in anticipo le iscrizioni. Gli equipaggi provengono dal Nord Italia, da Austria, Germania, Lussemburgo e Repubblica Ceca. Tra le auto in passerella figurano in questa edizione autentici gioielli della meccanica a partire dagli anni Venti con folte rappresentanze degli anni Sessanta.<br \/>\nUn appuntamento amato anche dal pubblico locale che attende il passaggio delle auto lungo il loro tragitto e che si attarda ad ammirarne le linee sinuose nei punti di raduno e sosta: \u201cTra il calore del pubblico e l\u2019entusiasmo dei partecipanti &#8211; spiega Isidoro Rebuli, presidente della Strada -, la Centomiglia 2023 si ripropone nel solco del tradizionale spirito che l\u2019ha ideata; un\u2019esperienza che vede splendide auto, pezzi unici di arte e design, in movimento lungo un percorso affascinante. Un tour tra le colline di Conegliano e Valdobbiadene, Patrimonio dell\u2019Umanit\u00e0 Unesco, che far\u00e0 conoscere ed apprezzare l\u2019enogastronomia e l\u2019arte locale. Quest\u2019anno abbiamo inserito una visita al \u2018Ruralia\u2019 di Cison di Valmarino, il museo delle memorie e tradizioni della vita contadina. Un\u2019occasione in pi\u00f9 per gli equipaggi della Centomiglia di approfondire le nostre radici storiche e culturali\u201d.<\/p>\n<p>\u201cSiamo sempre onorati di sostenere la Centomiglia, la corsa di auto storiche, che si dirama attraverso la prima arteria enologica italiana. Un\u2019eccellenza nell\u2019eccellenza!\u201d dichiara la Presidente del Consorzio, Elvira Bortolomiol, che continua: \u201cIl tracciato toccher\u00e0 non solo i nostri vigneti, ma anche punti di rilievo storico-artistico che valorizzano il nostro intero territorio. La corsa sar\u00e0 ancora pi\u00f9 piacevole e ricca di sorprese alla scoperta della nostra comunit\u00e0, dei nostri produttori che sono artefici di cultura profonda, tramandata da generazione a generazione, quella del Conegliano Valdobbiadene Prosecco Superiore DOCG.\u201d<\/p>\n<p>Il programma prevede, come da tradizione, due giorni intensi su un percorso che partendo da Follina e attraversando Combai e Farra di Soligo giunger\u00e0 a Pieve di Soligo per fermarsi infine a Susegana. Nella giornata di sabato, due tappe, entrambe con partenza da piazza Valdobbiadene: la prima si snoder\u00e0 lungo la dorsale collinare che comprende Campea, Pedeguarda, Refrontolo; la seconda si inoltrer\u00e0 fino a Cison di Valmarino, Tarzo, San Pietro di Feletto e Conegliano, dove gli equipaggi saranno accolti dall\u2019esibizione di tamburi e sbandieratori della Dama Castellana. Come vuole una collaudata tradizione, sono previste soste in diverse cantine della zona che consegneranno ai partecipanti una bottiglia dei pregiati vini DOCG. I piloti che partecipano alla Centomiglia gareggiano in fair play, anche se sono in palio gigantesche bottiglie di \u201cbollicine\u201d per chi primeggia nelle prove cronometriche di abilit\u00e0.<br \/>\nPer questa 18^ edizione un gran numero di marchi storici percorreranno la Strada del Vino: Alfa Romeo, Austin Healey, BMW, Borgward, Bugatti, Citroen, Ferrari, Fiat, Healey Silverstone, Iso Rivolta, Jaguar, Lamborghini, Lancia, Lotus, MG, Saab, Skoda, Maserati, Mercedes Benz, Peugeot, Porsche, Triumph, Volkswagen, Volvo.<\/p>\n<p>Pochi piaceri eguagliano il viaggio. Se poi si ha la fortuna di viaggiare a bordo di un\u2019automobile storica, solcando la pi\u00f9 antica strada del vino del Belpaese e godendo di paesaggi unici, la fatica d\u00e0 forma al divertimento e la passione si trasforma in stile di vita.<br \/>\nLa manifestazione gode del patrocinio di Regione del Veneto, Associazione per il Patrimonio delle Colline del Prosecco di Conegliano e Valdobbiadene, Comuni di Cison di Valmarino, Conegliano, Follina e Valdobbiadene.<br \/>\nPer conoscere programma, percorso ed elenco partecipanti, visita la sezione dedicata nel sito www.coneglianovaldobbiadene.it.<\/p>\n<p>&nbsp;<\/p>","protected":false},"excerpt":{"rendered":"<p>Date, percorso e novit\u00e0 della kermesse che interseca enoturismo e auto storiche Settanta equipaggi provenienti dall\u2019 Italia e dall\u2019estero. Centosessanta chilometri in due giorni e diverse visite nelle cantine tra le pi\u00f9 rinomate della zona. Sono i numeri della 18^ edizione della Centomiglia sulla Strada del Conegliano Valdobbiadene, manifestazione turistico-sportiva riservata alle auto d\u2019epoca, in [&hellip;]<\/p>\n","protected":false},"author":2,"featured_media":144599,"comment_status":"closed","ping_status":"open","sticky":false,"template":"","format":"standard","meta":{"footnotes":""},"categories":[26,4],"tags":[],"class_list":["post-144597","post","type-post","status-publish","format-standard","has-post-thumbnail","category-prima-pagina","category-sport"],"yoast_head":"<!-- This site is optimized with the Yoast SEO plugin v28.4 - https:\/\/yoast.com\/product\/yoast-seo-wordpress\/ -->\n<title>Centomiglia 18ma edizione. Il 6 e 7 ottobre sulla strada del Conegliano Valdobbiadene - Bellunopress - Dolomiti<\/title>\n<meta name=\"robots\" content=\"index, follow, max-snippet:-1, max-image-preview:large, max-video-preview:-1\" \/>\n<link rel=\"canonical\" href=\"https:\/\/www.bellunopress.it\/fr\/2023\/10\/02\/centomiglia-18ma-edizione-il-6-e-7-ottobre-sulla-strada-del-conegliano-valdobbiadene\/\" \/>\n<meta property=\"og:locale\" content=\"fr_FR\" \/>\n<meta property=\"og:type\" content=\"article\" \/>\n<meta property=\"og:title\" content=\"Centomiglia 18ma edizione. Il 6 e 7 ottobre sulla strada del Conegliano Valdobbiadene - Bellunopress - Dolomiti\" \/>\n<meta property=\"og:description\" content=\"Date, percorso e novit\u00e0 della kermesse che interseca enoturismo e auto storiche Settanta equipaggi provenienti dall\u2019 Italia e dall\u2019estero. Centosessanta chilometri in due giorni e diverse visite nelle cantine tra le pi\u00f9 rinomate della zona. Sono i numeri della 18^ edizione della Centomiglia sulla Strada del Conegliano Valdobbiadene, manifestazione turistico-sportiva riservata alle auto d\u2019epoca, in [&hellip;]\" \/>\n<meta property=\"og:url\" content=\"https:\/\/www.bellunopress.it\/fr\/2023\/10\/02\/centomiglia-18ma-edizione-il-6-e-7-ottobre-sulla-strada-del-conegliano-valdobbiadene\/\" \/>\n<meta property=\"og:site_name\" content=\"Bellunopress - Dolomiti\" \/>\n<meta property=\"article:publisher\" content=\"https:\/\/www.facebook.com\/profile.php?id=100008943462799\" \/>\n<meta property=\"article:published_time\" content=\"2023-10-02T05:35:13+00:00\" \/>\n<meta property=\"og:image\" content=\"https:\/\/www.bellunopress.it\/wp-content\/uploads\/2023\/10\/Borgward-Isabella-Coupe-del-1960_edited.jpg\" \/>\n\t<meta property=\"og:image:width\" content=\"1000\" \/>\n\t<meta property=\"og:image:height\" content=\"639\" \/>\n\t<meta property=\"og:image:type\" content=\"image\/jpeg\" \/>\n<meta name=\"author\" content=\"redazione\" \/>\n<meta name=\"twitter:card\" content=\"summary_large_image\" \/>\n<meta name=\"twitter:creator\" content=\"@bellunopress\" \/>\n<meta name=\"twitter:site\" content=\"@bellunopress\" \/>\n<meta name=\"twitter:label1\" content=\"\u00c9crit par\" \/>\n\t<meta name=\"twitter:data1\" content=\"redazione\" \/>\n\t<meta name=\"twitter:label2\" content=\"Dur\u00e9e de lecture estim\u00e9e\" \/>\n\t<meta name=\"twitter:data2\" content=\"4 minutes\" \/>\n<script type=\"application\/ld+json\" class=\"yoast-schema-graph\">{\"@context\":\"https:\\\/\\\/schema.org\",\"@graph\":[{\"@type\":\"Article\",\"@id\":\"https:\\\/\\\/www.bellunopress.it\\\/2023\\\/10\\\/02\\\/centomiglia-18ma-edizione-il-6-e-7-ottobre-sulla-strada-del-conegliano-valdobbiadene\\\/#article\",\"isPartOf\":{\"@id\":\"https:\\\/\\\/www.bellunopress.it\\\/2023\\\/10\\\/02\\\/centomiglia-18ma-edizione-il-6-e-7-ottobre-sulla-strada-del-conegliano-valdobbiadene\\\/\"},\"author\":{\"name\":\"redazione\",\"@id\":\"https:\\\/\\\/www.bellunopress.it\\\/#\\\/schema\\\/person\\\/79bb06722b37ece1c03d3e94beb30d73\"},\"headline\":\"Centomiglia 18ma edizione. Il 6 e 7 ottobre sulla strada del Conegliano Valdobbiadene\",\"datePublished\":\"2023-10-02T05:35:13+00:00\",\"mainEntityOfPage\":{\"@id\":\"https:\\\/\\\/www.bellunopress.it\\\/2023\\\/10\\\/02\\\/centomiglia-18ma-edizione-il-6-e-7-ottobre-sulla-strada-del-conegliano-valdobbiadene\\\/\"},\"wordCount\":731,\"publisher\":{\"@id\":\"https:\\\/\\\/www.bellunopress.it\\\/#organization\"},\"image\":{\"@id\":\"https:\\\/\\\/www.bellunopress.it\\\/2023\\\/10\\\/02\\\/centomiglia-18ma-edizione-il-6-e-7-ottobre-sulla-strada-del-conegliano-valdobbiadene\\\/#primaryimage\"},\"thumbnailUrl\":\"https:\\\/\\\/www.bellunopress.it\\\/wp-content\\\/uploads\\\/2023\\\/10\\\/Borgward-Isabella-Coupe-del-1960_edited.jpg\",\"articleSection\":[\"Prima Pagina\",\"Sport, tempo libero\"],\"inLanguage\":\"fr-FR\"},{\"@type\":\"WebPage\",\"@id\":\"https:\\\/\\\/www.bellunopress.it\\\/2023\\\/10\\\/02\\\/centomiglia-18ma-edizione-il-6-e-7-ottobre-sulla-strada-del-conegliano-valdobbiadene\\\/\",\"url\":\"https:\\\/\\\/www.bellunopress.it\\\/2023\\\/10\\\/02\\\/centomiglia-18ma-edizione-il-6-e-7-ottobre-sulla-strada-del-conegliano-valdobbiadene\\\/\",\"name\":\"Centomiglia 18ma edizione. Il 6 e 7 ottobre sulla strada del Conegliano Valdobbiadene - Bellunopress - Dolomiti\",\"isPartOf\":{\"@id\":\"https:\\\/\\\/www.bellunopress.it\\\/#website\"},\"primaryImageOfPage\":{\"@id\":\"https:\\\/\\\/www.bellunopress.it\\\/2023\\\/10\\\/02\\\/centomiglia-18ma-edizione-il-6-e-7-ottobre-sulla-strada-del-conegliano-valdobbiadene\\\/#primaryimage\"},\"image\":{\"@id\":\"https:\\\/\\\/www.bellunopress.it\\\/2023\\\/10\\\/02\\\/centomiglia-18ma-edizione-il-6-e-7-ottobre-sulla-strada-del-conegliano-valdobbiadene\\\/#primaryimage\"},\"thumbnailUrl\":\"https:\\\/\\\/www.bellunopress.it\\\/wp-content\\\/uploads\\\/2023\\\/10\\\/Borgward-Isabella-Coupe-del-1960_edited.jpg\",\"datePublished\":\"2023-10-02T05:35:13+00:00\",\"breadcrumb\":{\"@id\":\"https:\\\/\\\/www.bellunopress.it\\\/2023\\\/10\\\/02\\\/centomiglia-18ma-edizione-il-6-e-7-ottobre-sulla-strada-del-conegliano-valdobbiadene\\\/#breadcrumb\"},\"inLanguage\":\"fr-FR\",\"potentialAction\":[{\"@type\":\"ReadAction\",\"target\":[\"https:\\\/\\\/www.bellunopress.it\\\/2023\\\/10\\\/02\\\/centomiglia-18ma-edizione-il-6-e-7-ottobre-sulla-strada-del-conegliano-valdobbiadene\\\/\"]}]},{\"@type\":\"ImageObject\",\"inLanguage\":\"fr-FR\",\"@id\":\"https:\\\/\\\/www.bellunopress.it\\\/2023\\\/10\\\/02\\\/centomiglia-18ma-edizione-il-6-e-7-ottobre-sulla-strada-del-conegliano-valdobbiadene\\\/#primaryimage\",\"url\":\"https:\\\/\\\/www.bellunopress.it\\\/wp-content\\\/uploads\\\/2023\\\/10\\\/Borgward-Isabella-Coupe-del-1960_edited.jpg\",\"contentUrl\":\"https:\\\/\\\/www.bellunopress.it\\\/wp-content\\\/uploads\\\/2023\\\/10\\\/Borgward-Isabella-Coupe-del-1960_edited.jpg\",\"width\":1000,\"height\":639},{\"@type\":\"BreadcrumbList\",\"@id\":\"https:\\\/\\\/www.bellunopress.it\\\/2023\\\/10\\\/02\\\/centomiglia-18ma-edizione-il-6-e-7-ottobre-sulla-strada-del-conegliano-valdobbiadene\\\/#breadcrumb\",\"itemListElement\":[{\"@type\":\"ListItem\",\"position\":1,\"name\":\"Home\",\"item\":\"https:\\\/\\\/www.bellunopress.it\\\/\"},{\"@type\":\"ListItem\",\"position\":2,\"name\":\"Centomiglia 18ma edizione. Il 6 e 7 ottobre sulla strada del Conegliano Valdobbiadene\"}]},{\"@type\":\"WebSite\",\"@id\":\"https:\\\/\\\/www.bellunopress.it\\\/#website\",\"url\":\"https:\\\/\\\/www.bellunopress.it\\\/\",\"name\":\"Bellunopress - Dolomiti\",\"description\":\"e-mail: redazione@bellunopress.it\",\"publisher\":{\"@id\":\"https:\\\/\\\/www.bellunopress.it\\\/#organization\"},\"potentialAction\":[{\"@type\":\"SearchAction\",\"target\":{\"@type\":\"EntryPoint\",\"urlTemplate\":\"https:\\\/\\\/www.bellunopress.it\\\/?s={search_term_string}\"},\"query-input\":{\"@type\":\"PropertyValueSpecification\",\"valueRequired\":true,\"valueName\":\"search_term_string\"}}],\"inLanguage\":\"fr-FR\"},{\"@type\":\"Organization\",\"@id\":\"https:\\\/\\\/www.bellunopress.it\\\/#organization\",\"name\":\"Bellunopress\",\"url\":\"https:\\\/\\\/www.bellunopress.it\\\/\",\"logo\":{\"@type\":\"ImageObject\",\"inLanguage\":\"fr-FR\",\"@id\":\"https:\\\/\\\/www.bellunopress.it\\\/#\\\/schema\\\/logo\\\/image\\\/\",\"url\":\"https:\\\/\\\/www.bellunopress.it\\\/wp-content\\\/uploads\\\/2011\\\/05\\\/cropped-logo-bellunopress-.jpg\",\"contentUrl\":\"https:\\\/\\\/www.bellunopress.it\\\/wp-content\\\/uploads\\\/2011\\\/05\\\/cropped-logo-bellunopress-.jpg\",\"width\":512,\"height\":512,\"caption\":\"Bellunopress\"},\"image\":{\"@id\":\"https:\\\/\\\/www.bellunopress.it\\\/#\\\/schema\\\/logo\\\/image\\\/\"},\"sameAs\":[\"https:\\\/\\\/www.facebook.com\\\/profile.php?id=100008943462799\",\"https:\\\/\\\/x.com\\\/bellunopress\",\"https:\\\/\\\/www.linkedin.com\\\/hp\\\/?dnr=JBzUWaJfMUw8vbXJJ2tVW5-I3jZKvC4wsoxE&amp;amp;amp;amp;amp;amp;trk=nav_responsive_tab_home\",\"https:\\\/\\\/www.youtube.com\\\/channel\\\/UCxL0wu1uN0_3_7hGG0306cw\"]},{\"@type\":\"Person\",\"@id\":\"https:\\\/\\\/www.bellunopress.it\\\/#\\\/schema\\\/person\\\/79bb06722b37ece1c03d3e94beb30d73\",\"name\":\"redazione\",\"image\":{\"@type\":\"ImageObject\",\"inLanguage\":\"fr-FR\",\"@id\":\"https:\\\/\\\/secure.gravatar.com\\\/avatar\\\/37d968a2e67a6fd04c169c4bdef102d0bc5d31b2546345219e348575eb80e9a0?s=96&d=mm&r=g\",\"url\":\"https:\\\/\\\/secure.gravatar.com\\\/avatar\\\/37d968a2e67a6fd04c169c4bdef102d0bc5d31b2546345219e348575eb80e9a0?s=96&d=mm&r=g\",\"contentUrl\":\"https:\\\/\\\/secure.gravatar.com\\\/avatar\\\/37d968a2e67a6fd04c169c4bdef102d0bc5d31b2546345219e348575eb80e9a0?s=96&d=mm&r=g\",\"caption\":\"redazione\"},\"sameAs\":[\"http:\\\/\\\/www.bellunopress.it\",\"https:\\\/\\\/x.com\\\/bellunopress\"],\"url\":\"https:\\\/\\\/www.bellunopress.it\\\/fr\\\/author\\\/redazione\\\/\"}]}<\/script>\n<!-- \/ Yoast SEO plugin. -->","yoast_head_json":{"title":"Centomiglia 18ma edizione. Il 6 e 7 ottobre sulla strada del Conegliano Valdobbiadene - Bellunopress - Dolomiti","robots":{"index":"index","follow":"follow","max-snippet":"max-snippet:-1","max-image-preview":"max-image-preview:large","max-video-preview":"max-video-preview:-1"},"canonical":"https:\/\/www.bellunopress.it\/fr\/2023\/10\/02\/centomiglia-18ma-edizione-il-6-e-7-ottobre-sulla-strada-del-conegliano-valdobbiadene\/","og_locale":"fr_FR","og_type":"article","og_title":"Centomiglia 18ma edizione. Il 6 e 7 ottobre sulla strada del Conegliano Valdobbiadene - Bellunopress - Dolomiti","og_description":"Date, percorso e novit\u00e0 della kermesse che interseca enoturismo e auto storiche Settanta equipaggi provenienti dall\u2019 Italia e dall\u2019estero. Centosessanta chilometri in due giorni e diverse visite nelle cantine tra le pi\u00f9 rinomate della zona. Sono i numeri della 18^ edizione della Centomiglia sulla Strada del Conegliano Valdobbiadene, manifestazione turistico-sportiva riservata alle auto d\u2019epoca, in [&hellip;]","og_url":"https:\/\/www.bellunopress.it\/fr\/2023\/10\/02\/centomiglia-18ma-edizione-il-6-e-7-ottobre-sulla-strada-del-conegliano-valdobbiadene\/","og_site_name":"Bellunopress - Dolomiti","article_publisher":"https:\/\/www.facebook.com\/profile.php?id=100008943462799","article_published_time":"2023-10-02T05:35:13+00:00","og_image":[{"width":1000,"height":639,"url":"https:\/\/www.bellunopress.it\/wp-content\/uploads\/2023\/10\/Borgward-Isabella-Coupe-del-1960_edited.jpg","type":"image\/jpeg"}],"author":"redazione","twitter_card":"summary_large_image","twitter_creator":"@bellunopress","twitter_site":"@bellunopress","twitter_misc":{"\u00c9crit par":"redazione","Dur\u00e9e de lecture estim\u00e9e":"4 minutes"},"schema":{"@context":"https:\/\/schema.org","@graph":[{"@type":"Article","@id":"https:\/\/www.bellunopress.it\/2023\/10\/02\/centomiglia-18ma-edizione-il-6-e-7-ottobre-sulla-strada-del-conegliano-valdobbiadene\/#article","isPartOf":{"@id":"https:\/\/www.bellunopress.it\/2023\/10\/02\/centomiglia-18ma-edizione-il-6-e-7-ottobre-sulla-strada-del-conegliano-valdobbiadene\/"},"author":{"name":"redazione","@id":"https:\/\/www.bellunopress.it\/#\/schema\/person\/79bb06722b37ece1c03d3e94beb30d73"},"headline":"Centomiglia 18ma edizione. Il 6 e 7 ottobre sulla strada del Conegliano Valdobbiadene","datePublished":"2023-10-02T05:35:13+00:00","mainEntityOfPage":{"@id":"https:\/\/www.bellunopress.it\/2023\/10\/02\/centomiglia-18ma-edizione-il-6-e-7-ottobre-sulla-strada-del-conegliano-valdobbiadene\/"},"wordCount":731,"publisher":{"@id":"https:\/\/www.bellunopress.it\/#organization"},"image":{"@id":"https:\/\/www.bellunopress.it\/2023\/10\/02\/centomiglia-18ma-edizione-il-6-e-7-ottobre-sulla-strada-del-conegliano-valdobbiadene\/#primaryimage"},"thumbnailUrl":"https:\/\/www.bellunopress.it\/wp-content\/uploads\/2023\/10\/Borgward-Isabella-Coupe-del-1960_edited.jpg","articleSection":["Prima Pagina","Sport, tempo libero"],"inLanguage":"fr-FR"},{"@type":"WebPage","@id":"https:\/\/www.bellunopress.it\/2023\/10\/02\/centomiglia-18ma-edizione-il-6-e-7-ottobre-sulla-strada-del-conegliano-valdobbiadene\/","url":"https:\/\/www.bellunopress.it\/2023\/10\/02\/centomiglia-18ma-edizione-il-6-e-7-ottobre-sulla-strada-del-conegliano-valdobbiadene\/","name":"Centomiglia 18ma edizione. Il 6 e 7 ottobre sulla strada del Conegliano Valdobbiadene - Bellunopress - Dolomiti","isPartOf":{"@id":"https:\/\/www.bellunopress.it\/#website"},"primaryImageOfPage":{"@id":"https:\/\/www.bellunopress.it\/2023\/10\/02\/centomiglia-18ma-edizione-il-6-e-7-ottobre-sulla-strada-del-conegliano-valdobbiadene\/#primaryimage"},"image":{"@id":"https:\/\/www.bellunopress.it\/2023\/10\/02\/centomiglia-18ma-edizione-il-6-e-7-ottobre-sulla-strada-del-conegliano-valdobbiadene\/#primaryimage"},"thumbnailUrl":"https:\/\/www.bellunopress.it\/wp-content\/uploads\/2023\/10\/Borgward-Isabella-Coupe-del-1960_edited.jpg","datePublished":"2023-10-02T05:35:13+00:00","breadcrumb":{"@id":"https:\/\/www.bellunopress.it\/2023\/10\/02\/centomiglia-18ma-edizione-il-6-e-7-ottobre-sulla-strada-del-conegliano-valdobbiadene\/#breadcrumb"},"inLanguage":"fr-FR","potentialAction":[{"@type":"ReadAction","target":["https:\/\/www.bellunopress.it\/2023\/10\/02\/centomiglia-18ma-edizione-il-6-e-7-ottobre-sulla-strada-del-conegliano-valdobbiadene\/"]}]},{"@type":"ImageObject","inLanguage":"fr-FR","@id":"https:\/\/www.bellunopress.it\/2023\/10\/02\/centomiglia-18ma-edizione-il-6-e-7-ottobre-sulla-strada-del-conegliano-valdobbiadene\/#primaryimage","url":"https:\/\/www.bellunopress.it\/wp-content\/uploads\/2023\/10\/Borgward-Isabella-Coupe-del-1960_edited.jpg","contentUrl":"https:\/\/www.bellunopress.it\/wp-content\/uploads\/2023\/10\/Borgward-Isabella-Coupe-del-1960_edited.jpg","width":1000,"height":639},{"@type":"BreadcrumbList","@id":"https:\/\/www.bellunopress.it\/2023\/10\/02\/centomiglia-18ma-edizione-il-6-e-7-ottobre-sulla-strada-del-conegliano-valdobbiadene\/#breadcrumb","itemListElement":[{"@type":"ListItem","position":1,"name":"Home","item":"https:\/\/www.bellunopress.it\/"},{"@type":"ListItem","position":2,"name":"Centomiglia 18ma edizione. Il 6 e 7 ottobre sulla strada del Conegliano Valdobbiadene"}]},{"@type":"WebSite","@id":"https:\/\/www.bellunopress.it\/#website","url":"https:\/\/www.bellunopress.it\/","name":"Bellunopress - Dolomiti","description":"e-mail: redazione@bellunopress.it","publisher":{"@id":"https:\/\/www.bellunopress.it\/#organization"},"potentialAction":[{"@type":"SearchAction","target":{"@type":"EntryPoint","urlTemplate":"https:\/\/www.bellunopress.it\/?s={search_term_string}"},"query-input":{"@type":"PropertyValueSpecification","valueRequired":true,"valueName":"search_term_string"}}],"inLanguage":"fr-FR"},{"@type":"Organization","@id":"https:\/\/www.bellunopress.it\/#organization","name":"Bellunopress","url":"https:\/\/www.bellunopress.it\/","logo":{"@type":"ImageObject","inLanguage":"fr-FR","@id":"https:\/\/www.bellunopress.it\/#\/schema\/logo\/image\/","url":"https:\/\/www.bellunopress.it\/wp-content\/uploads\/2011\/05\/cropped-logo-bellunopress-.jpg","contentUrl":"https:\/\/www.bellunopress.it\/wp-content\/uploads\/2011\/05\/cropped-logo-bellunopress-.jpg","width":512,"height":512,"caption":"Bellunopress"},"image":{"@id":"https:\/\/www.bellunopress.it\/#\/schema\/logo\/image\/"},"sameAs":["https:\/\/www.facebook.com\/profile.php?id=100008943462799","https:\/\/x.com\/bellunopress","https:\/\/www.linkedin.com\/hp\/?dnr=JBzUWaJfMUw8vbXJJ2tVW5-I3jZKvC4wsoxE&amp;amp;amp;amp;amp;amp;trk=nav_responsive_tab_home","https:\/\/www.youtube.com\/channel\/UCxL0wu1uN0_3_7hGG0306cw"]},{"@type":"Person","@id":"https:\/\/www.bellunopress.it\/#\/schema\/person\/79bb06722b37ece1c03d3e94beb30d73","name":"r\u00e9daction","image":{"@type":"ImageObject","inLanguage":"fr-FR","@id":"https:\/\/secure.gravatar.com\/avatar\/37d968a2e67a6fd04c169c4bdef102d0bc5d31b2546345219e348575eb80e9a0?s=96&d=mm&r=g","url":"https:\/\/secure.gravatar.com\/avatar\/37d968a2e67a6fd04c169c4bdef102d0bc5d31b2546345219e348575eb80e9a0?s=96&d=mm&r=g","contentUrl":"https:\/\/secure.gravatar.com\/avatar\/37d968a2e67a6fd04c169c4bdef102d0bc5d31b2546345219e348575eb80e9a0?s=96&d=mm&r=g","caption":"redazione"},"sameAs":["http:\/\/www.bellunopress.it","https:\/\/x.com\/bellunopress"],"url":"https:\/\/www.bellunopress.it\/fr\/author\/redazione\/"}]}},"_links":{"self":[{"href":"https:\/\/www.bellunopress.it\/fr\/wp-json\/wp\/v2\/posts\/144597","targetHints":{"allow":["GET"]}}],"collection":[{"href":"https:\/\/www.bellunopress.it\/fr\/wp-json\/wp\/v2\/posts"}],"about":[{"href":"https:\/\/www.bellunopress.it\/fr\/wp-json\/wp\/v2\/types\/post"}],"author":[{"embeddable":true,"href":"https:\/\/www.bellunopress.it\/fr\/wp-json\/wp\/v2\/users\/2"}],"replies":[{"embeddable":true,"href":"https:\/\/www.bellunopress.it\/fr\/wp-json\/wp\/v2\/comments?post=144597"}],"version-history":[{"count":1,"href":"https:\/\/www.bellunopress.it\/fr\/wp-json\/wp\/v2\/posts\/144597\/revisions"}],"predecessor-version":[{"id":144600,"href":"https:\/\/www.bellunopress.it\/fr\/wp-json\/wp\/v2\/posts\/144597\/revisions\/144600"}],"wp:featuredmedia":[{"embeddable":true,"href":"https:\/\/www.bellunopress.it\/fr\/wp-json\/wp\/v2\/media\/144599"}],"wp:attachment":[{"href":"https:\/\/www.bellunopress.it\/fr\/wp-json\/wp\/v2\/media?parent=144597"}],"wp:term":[{"taxonomy":"category","embeddable":true,"href":"https:\/\/www.bellunopress.it\/fr\/wp-json\/wp\/v2\/categories?post=144597"},{"taxonomy":"post_tag","embeddable":true,"href":"https:\/\/www.bellunopress.it\/fr\/wp-json\/wp\/v2\/tags?post=144597"}],"curies":[{"name":"wp","href":"https:\/\/api.w.org\/{rel}","templated":true}]}}