{"id":144590,"date":"2023-10-01T16:37:31","date_gmt":"2023-10-01T14:37:31","guid":{"rendered":"https:\/\/www.bellunopress.it\/?p=144590"},"modified":"2023-10-01T16:37:51","modified_gmt":"2023-10-01T14:37:51","slug":"una-formidabile-rassegna-di-bufale-raccontate-da-gian-antonio-stella-oggi-allex-colonia-vena-doro-alla-festa-di-insieme-si-puo","status":"publish","type":"post","link":"https:\/\/www.bellunopress.it\/fr\/2023\/10\/01\/una-formidabile-rassegna-di-bufale-raccontate-da-gian-antonio-stella-oggi-allex-colonia-vena-doro-alla-festa-di-insieme-si-puo\/","title":{"rendered":"Una formidabile rassegna di bufale raccontate da Gian Antonio Stella oggi all&#8217;ex colonia Vena d&#8217;Oro alla festa di Insieme si pu\u00f2"},"content":{"rendered":"<figure id=\"attachment_144591\" aria-describedby=\"caption-attachment-144591\" style=\"width: 750px\" class=\"wp-caption alignleft\"><img loading=\"lazy\" decoding=\"async\" class=\"size-full wp-image-144591\" src=\"https:\/\/www.bellunopress.it\/wp-content\/uploads\/2023\/10\/gian-antonio-stella_edited.jpg\" alt=\"\" width=\"750\" height=\"1000\" srcset=\"https:\/\/www.bellunopress.it\/wp-content\/uploads\/2023\/10\/gian-antonio-stella_edited.jpg 750w, https:\/\/www.bellunopress.it\/wp-content\/uploads\/2023\/10\/gian-antonio-stella_edited-375x500.jpg 375w, https:\/\/www.bellunopress.it\/wp-content\/uploads\/2023\/10\/gian-antonio-stella_edited-696x928.jpg 696w\" sizes=\"auto, (max-width: 750px) 100vw, 750px\" \/><figcaption id=\"caption-attachment-144591\" class=\"wp-caption-text\">Gian Antonio Stella, giornalista, scrittore<\/figcaption><\/figure>\n<p>Belluno, 1\u00b0 ottobre 2023 &#8211; Parte dalle fake news attuali che quotidianamente vengono propalate dai social per istigare all\u2019odio, Gian Antonio Stella, celebre firma del Corriere della Sera, inviato, editorialista, e scrittore, ospite oggi per i 40 anni della fondazione del primo gruppo dell\u2019Associazione \u201cInsieme si pu\u00f2\u201d che si \u00e8 tenuta nell\u2019ex colonia della Vena d\u2019Oro in localit\u00e0 Levego (Belluno). Dopo aver demolito Facebook, consigliando siti ritenuti pi\u00f9 affidabili come Open di Mentana. Bench\u00e9, siano poche le fonti di informazioni totalmente immuni da bufale, soprattutto \u201cin guerra la verit\u00e0 \u00e8 la prima vittima\u201d (Eschilo). Stella ha raccontato attraverso una ricca carrellata di aneddoti le pi\u00f9 grandi bufale di tutti i tempi. Probabilmente la frase attribuita a Maria Antonietta d\u2019Asburgo-Lorena \u00abSe non hanno pi\u00f9 pane, che mangino brioche\u00bb che avrebbe detto riferendosi al popolo affamato \u00e8 la bufala pi\u00f9 conosciuta. In realt\u00e0 \u2013 precisa Stella &#8211; la frase secondo Jean-Jacques Roussos (Confessioni), sarebbe stata ascoltata da una \u201cgrande principessa \u201c nel salotto di Madame de Mably nel 1741, ossia 14 anni prima della nascita di Maria Antonietta. Ma sono molti i falsi del passato svelati da Stella. Prima di Hitler qualcun altro si occup\u00f2 di sterminare gli ebrei servendosi della false lettere del Re di Tunisi \u201cintercettate e tradotte\u201d dal medico Pierre de Aura, dove si legge \u201cBadate a avvelenare nel pi\u00f9 breve tempo possibile i cristiani senza badare a spese. Vi far\u00f2 avere oro e argento per le spese. Come sapete l\u2019accordo tra noi, gli ebrei e i malati, ha avuto luogo poco tempo fa\u201d. Seguir\u00e0 l\u2019editto di Filippo V di Francia \u201cil Lungo\u201d (Vincennes, 17 novembre 1293 \u2013 Parigi, 3 gennaio 1322) contro i lebbrosi. \u201cHo fatto catturare tutti gli ebrei del nostro regno per cospirazione\u2026 per porre veleni mortali nei pozzi e nelle fontane per far morire il popolo e i sudditi del nostro regno\u201d. (Massacro degli ebrei a Verdun sur Garonne). E ancora \u201cLa storia della colonna infame\u201d del Manzoni, appendice dei Promessi Sposi, nella Milano del 1630, afflitta dalla peste con la condanna a morte di diverse persone accusate d\u2019essere gli \u00abuntori\u00bb, ossia i responsabili della diffusione della pestilenza. La prima bufala a scopo economico fu quella fatta circolare da Thomas Cochrane ammiraglio e politico britannico, arrestato sotto l\u2019accusa di aggiotaggio, per essersi arricchito con speculazioni in borsa a seguito della notizia falsa \u201cNapoleone ucciso dai cosacchi\u201d il 21 febbraio 1814. Questo e altro ancora nella cronistoria di bufale proposte da Gian Antonio Stella.<\/p>\n<p>Ma per tornare al presente, aggiungiamo noi, diventa sempre pi\u00f9 difficile riconoscere la bufala, soprattutto quando si tratta di \u201cbufala di Stato\u201d. Ricordate la II^ Guerra del Golfo scatenata nel 2003 il governo di George W. Bush quando invase l&#8217;Iraq accusando Saddam Hussein di avere armi di distruzione di massa? Nessuno ci avvis\u00f2 che non era vero, n\u00e9 Mentana n\u00e9 i Tg. Le armi di distruzione di massa erano una grande bufala costata mezzo milione di morti. Pi\u00f9 recentemente abbiamo visto nel Tg 2 Rai del febbraio 2022 una pioggia di missili cadere in Ucraina. Peccato che fosse un filmato del videogame War Thunder&#8221;. Anche Mentana direttore de La 7 scivola mandando in onda la scena di un film &#8216;Project X&#8217; che scambia per l&#8217;assalto al Congresso Usa il 6 gennaio 2021. Il compianto Purgatori sul programma televisivo Atlantide in onda l\u20198 gennaio 2020 su La7 descrive il video del drone che ha ucciso il generale Soleimani, ma \u00e8 un videogioco gi\u00e0 usato dai russi nel 2017. Insomma, chi \u00e8 senza peccato scagli la prima pietra. (rdn)<\/p>","protected":false},"excerpt":{"rendered":"<p>Belluno, 1\u00b0 ottobre 2023 &#8211; Parte dalle fake news attuali che quotidianamente vengono propalate dai social per istigare all\u2019odio, Gian Antonio Stella, celebre firma del Corriere della Sera, inviato, editorialista, e scrittore, ospite oggi per i 40 anni della fondazione del primo gruppo dell\u2019Associazione \u201cInsieme si pu\u00f2\u201d che si \u00e8 tenuta nell\u2019ex colonia della Vena [&hellip;]<\/p>\n","protected":false},"author":2,"featured_media":144591,"comment_status":"closed","ping_status":"open","sticky":false,"template":"","format":"standard","meta":{"footnotes":""},"categories":[5,3446,26],"tags":[],"class_list":["post-144590","post","type-post","status-publish","format-standard","has-post-thumbnail","category-cronaca","category-featured","category-prima-pagina"],"yoast_head":"<!-- This site is optimized with the Yoast SEO plugin v28.4 - https:\/\/yoast.com\/product\/yoast-seo-wordpress\/ -->\n<title>Una formidabile rassegna di bufale raccontate da Gian Antonio Stella oggi all&#039;ex colonia Vena d&#039;Oro alla festa di Insieme si pu\u00f2 - Bellunopress - Dolomiti<\/title>\n<meta name=\"robots\" content=\"index, follow, max-snippet:-1, max-image-preview:large, max-video-preview:-1\" \/>\n<link rel=\"canonical\" href=\"https:\/\/www.bellunopress.it\/fr\/2023\/10\/01\/una-formidabile-rassegna-di-bufale-raccontate-da-gian-antonio-stella-oggi-allex-colonia-vena-doro-alla-festa-di-insieme-si-puo\/\" \/>\n<meta property=\"og:locale\" content=\"fr_FR\" \/>\n<meta property=\"og:type\" content=\"article\" \/>\n<meta property=\"og:title\" content=\"Una formidabile rassegna di bufale raccontate da Gian Antonio Stella oggi all&#039;ex colonia Vena d&#039;Oro alla festa di Insieme si pu\u00f2 - Bellunopress - Dolomiti\" \/>\n<meta property=\"og:description\" content=\"Belluno, 1\u00b0 ottobre 2023 &#8211; Parte dalle fake news attuali che quotidianamente vengono propalate dai social per istigare all\u2019odio, Gian Antonio Stella, celebre firma del Corriere della Sera, inviato, editorialista, e scrittore, ospite oggi per i 40 anni della fondazione del primo gruppo dell\u2019Associazione \u201cInsieme si pu\u00f2\u201d che si \u00e8 tenuta nell\u2019ex colonia della Vena [&hellip;]\" \/>\n<meta property=\"og:url\" content=\"https:\/\/www.bellunopress.it\/fr\/2023\/10\/01\/una-formidabile-rassegna-di-bufale-raccontate-da-gian-antonio-stella-oggi-allex-colonia-vena-doro-alla-festa-di-insieme-si-puo\/\" \/>\n<meta property=\"og:site_name\" content=\"Bellunopress - Dolomiti\" \/>\n<meta property=\"article:publisher\" content=\"https:\/\/www.facebook.com\/profile.php?id=100008943462799\" \/>\n<meta property=\"article:published_time\" content=\"2023-10-01T14:37:31+00:00\" \/>\n<meta property=\"article:modified_time\" content=\"2023-10-01T14:37:51+00:00\" \/>\n<meta property=\"og:image\" content=\"https:\/\/www.bellunopress.it\/wp-content\/uploads\/2023\/10\/gian-antonio-stella_edited.jpg\" \/>\n\t<meta property=\"og:image:width\" content=\"750\" \/>\n\t<meta property=\"og:image:height\" content=\"1000\" \/>\n\t<meta property=\"og:image:type\" content=\"image\/jpeg\" \/>\n<meta name=\"author\" content=\"redazione\" \/>\n<meta name=\"twitter:card\" content=\"summary_large_image\" \/>\n<meta name=\"twitter:creator\" content=\"@bellunopress\" \/>\n<meta name=\"twitter:site\" content=\"@bellunopress\" \/>\n<meta name=\"twitter:label1\" content=\"\u00c9crit par\" \/>\n\t<meta name=\"twitter:data1\" content=\"redazione\" \/>\n\t<meta name=\"twitter:label2\" content=\"Dur\u00e9e de lecture estim\u00e9e\" \/>\n\t<meta name=\"twitter:data2\" content=\"3 minutes\" \/>\n<script type=\"application\/ld+json\" class=\"yoast-schema-graph\">{\"@context\":\"https:\\\/\\\/schema.org\",\"@graph\":[{\"@type\":\"Article\",\"@id\":\"https:\\\/\\\/www.bellunopress.it\\\/2023\\\/10\\\/01\\\/una-formidabile-rassegna-di-bufale-raccontate-da-gian-antonio-stella-oggi-allex-colonia-vena-doro-alla-festa-di-insieme-si-puo\\\/#article\",\"isPartOf\":{\"@id\":\"https:\\\/\\\/www.bellunopress.it\\\/2023\\\/10\\\/01\\\/una-formidabile-rassegna-di-bufale-raccontate-da-gian-antonio-stella-oggi-allex-colonia-vena-doro-alla-festa-di-insieme-si-puo\\\/\"},\"author\":{\"name\":\"redazione\",\"@id\":\"https:\\\/\\\/www.bellunopress.it\\\/#\\\/schema\\\/person\\\/79bb06722b37ece1c03d3e94beb30d73\"},\"headline\":\"Una formidabile rassegna di bufale raccontate da Gian Antonio Stella oggi all&#8217;ex colonia Vena d&#8217;Oro alla festa di Insieme si pu\u00f2\",\"datePublished\":\"2023-10-01T14:37:31+00:00\",\"dateModified\":\"2023-10-01T14:37:51+00:00\",\"mainEntityOfPage\":{\"@id\":\"https:\\\/\\\/www.bellunopress.it\\\/2023\\\/10\\\/01\\\/una-formidabile-rassegna-di-bufale-raccontate-da-gian-antonio-stella-oggi-allex-colonia-vena-doro-alla-festa-di-insieme-si-puo\\\/\"},\"wordCount\":603,\"publisher\":{\"@id\":\"https:\\\/\\\/www.bellunopress.it\\\/#organization\"},\"image\":{\"@id\":\"https:\\\/\\\/www.bellunopress.it\\\/2023\\\/10\\\/01\\\/una-formidabile-rassegna-di-bufale-raccontate-da-gian-antonio-stella-oggi-allex-colonia-vena-doro-alla-festa-di-insieme-si-puo\\\/#primaryimage\"},\"thumbnailUrl\":\"https:\\\/\\\/www.bellunopress.it\\\/wp-content\\\/uploads\\\/2023\\\/10\\\/gian-antonio-stella_edited.jpg\",\"articleSection\":[\"Cronaca\\\/Politica\",\"Featured\",\"Prima Pagina\"],\"inLanguage\":\"fr-FR\"},{\"@type\":\"WebPage\",\"@id\":\"https:\\\/\\\/www.bellunopress.it\\\/2023\\\/10\\\/01\\\/una-formidabile-rassegna-di-bufale-raccontate-da-gian-antonio-stella-oggi-allex-colonia-vena-doro-alla-festa-di-insieme-si-puo\\\/\",\"url\":\"https:\\\/\\\/www.bellunopress.it\\\/2023\\\/10\\\/01\\\/una-formidabile-rassegna-di-bufale-raccontate-da-gian-antonio-stella-oggi-allex-colonia-vena-doro-alla-festa-di-insieme-si-puo\\\/\",\"name\":\"Una formidabile rassegna di bufale raccontate da Gian Antonio Stella oggi all'ex colonia Vena d'Oro alla festa di Insieme si pu\u00f2 - Bellunopress - Dolomiti\",\"isPartOf\":{\"@id\":\"https:\\\/\\\/www.bellunopress.it\\\/#website\"},\"primaryImageOfPage\":{\"@id\":\"https:\\\/\\\/www.bellunopress.it\\\/2023\\\/10\\\/01\\\/una-formidabile-rassegna-di-bufale-raccontate-da-gian-antonio-stella-oggi-allex-colonia-vena-doro-alla-festa-di-insieme-si-puo\\\/#primaryimage\"},\"image\":{\"@id\":\"https:\\\/\\\/www.bellunopress.it\\\/2023\\\/10\\\/01\\\/una-formidabile-rassegna-di-bufale-raccontate-da-gian-antonio-stella-oggi-allex-colonia-vena-doro-alla-festa-di-insieme-si-puo\\\/#primaryimage\"},\"thumbnailUrl\":\"https:\\\/\\\/www.bellunopress.it\\\/wp-content\\\/uploads\\\/2023\\\/10\\\/gian-antonio-stella_edited.jpg\",\"datePublished\":\"2023-10-01T14:37:31+00:00\",\"dateModified\":\"2023-10-01T14:37:51+00:00\",\"breadcrumb\":{\"@id\":\"https:\\\/\\\/www.bellunopress.it\\\/2023\\\/10\\\/01\\\/una-formidabile-rassegna-di-bufale-raccontate-da-gian-antonio-stella-oggi-allex-colonia-vena-doro-alla-festa-di-insieme-si-puo\\\/#breadcrumb\"},\"inLanguage\":\"fr-FR\",\"potentialAction\":[{\"@type\":\"ReadAction\",\"target\":[\"https:\\\/\\\/www.bellunopress.it\\\/2023\\\/10\\\/01\\\/una-formidabile-rassegna-di-bufale-raccontate-da-gian-antonio-stella-oggi-allex-colonia-vena-doro-alla-festa-di-insieme-si-puo\\\/\"]}]},{\"@type\":\"ImageObject\",\"inLanguage\":\"fr-FR\",\"@id\":\"https:\\\/\\\/www.bellunopress.it\\\/2023\\\/10\\\/01\\\/una-formidabile-rassegna-di-bufale-raccontate-da-gian-antonio-stella-oggi-allex-colonia-vena-doro-alla-festa-di-insieme-si-puo\\\/#primaryimage\",\"url\":\"https:\\\/\\\/www.bellunopress.it\\\/wp-content\\\/uploads\\\/2023\\\/10\\\/gian-antonio-stella_edited.jpg\",\"contentUrl\":\"https:\\\/\\\/www.bellunopress.it\\\/wp-content\\\/uploads\\\/2023\\\/10\\\/gian-antonio-stella_edited.jpg\",\"width\":750,\"height\":1000,\"caption\":\"Gian Antonio Stella, giornalista, scrittore\"},{\"@type\":\"BreadcrumbList\",\"@id\":\"https:\\\/\\\/www.bellunopress.it\\\/2023\\\/10\\\/01\\\/una-formidabile-rassegna-di-bufale-raccontate-da-gian-antonio-stella-oggi-allex-colonia-vena-doro-alla-festa-di-insieme-si-puo\\\/#breadcrumb\",\"itemListElement\":[{\"@type\":\"ListItem\",\"position\":1,\"name\":\"Home\",\"item\":\"https:\\\/\\\/www.bellunopress.it\\\/\"},{\"@type\":\"ListItem\",\"position\":2,\"name\":\"Una formidabile rassegna di bufale raccontate da Gian Antonio Stella oggi all&#8217;ex colonia Vena d&#8217;Oro alla festa di Insieme si pu\u00f2\"}]},{\"@type\":\"WebSite\",\"@id\":\"https:\\\/\\\/www.bellunopress.it\\\/#website\",\"url\":\"https:\\\/\\\/www.bellunopress.it\\\/\",\"name\":\"Bellunopress - Dolomiti\",\"description\":\"e-mail: redazione@bellunopress.it\",\"publisher\":{\"@id\":\"https:\\\/\\\/www.bellunopress.it\\\/#organization\"},\"potentialAction\":[{\"@type\":\"SearchAction\",\"target\":{\"@type\":\"EntryPoint\",\"urlTemplate\":\"https:\\\/\\\/www.bellunopress.it\\\/?s={search_term_string}\"},\"query-input\":{\"@type\":\"PropertyValueSpecification\",\"valueRequired\":true,\"valueName\":\"search_term_string\"}}],\"inLanguage\":\"fr-FR\"},{\"@type\":\"Organization\",\"@id\":\"https:\\\/\\\/www.bellunopress.it\\\/#organization\",\"name\":\"Bellunopress\",\"url\":\"https:\\\/\\\/www.bellunopress.it\\\/\",\"logo\":{\"@type\":\"ImageObject\",\"inLanguage\":\"fr-FR\",\"@id\":\"https:\\\/\\\/www.bellunopress.it\\\/#\\\/schema\\\/logo\\\/image\\\/\",\"url\":\"https:\\\/\\\/www.bellunopress.it\\\/wp-content\\\/uploads\\\/2011\\\/05\\\/cropped-logo-bellunopress-.jpg\",\"contentUrl\":\"https:\\\/\\\/www.bellunopress.it\\\/wp-content\\\/uploads\\\/2011\\\/05\\\/cropped-logo-bellunopress-.jpg\",\"width\":512,\"height\":512,\"caption\":\"Bellunopress\"},\"image\":{\"@id\":\"https:\\\/\\\/www.bellunopress.it\\\/#\\\/schema\\\/logo\\\/image\\\/\"},\"sameAs\":[\"https:\\\/\\\/www.facebook.com\\\/profile.php?id=100008943462799\",\"https:\\\/\\\/x.com\\\/bellunopress\",\"https:\\\/\\\/www.linkedin.com\\\/hp\\\/?dnr=JBzUWaJfMUw8vbXJJ2tVW5-I3jZKvC4wsoxE&amp;amp;amp;amp;amp;amp;trk=nav_responsive_tab_home\",\"https:\\\/\\\/www.youtube.com\\\/channel\\\/UCxL0wu1uN0_3_7hGG0306cw\"]},{\"@type\":\"Person\",\"@id\":\"https:\\\/\\\/www.bellunopress.it\\\/#\\\/schema\\\/person\\\/79bb06722b37ece1c03d3e94beb30d73\",\"name\":\"redazione\",\"image\":{\"@type\":\"ImageObject\",\"inLanguage\":\"fr-FR\",\"@id\":\"https:\\\/\\\/secure.gravatar.com\\\/avatar\\\/37d968a2e67a6fd04c169c4bdef102d0bc5d31b2546345219e348575eb80e9a0?s=96&d=mm&r=g\",\"url\":\"https:\\\/\\\/secure.gravatar.com\\\/avatar\\\/37d968a2e67a6fd04c169c4bdef102d0bc5d31b2546345219e348575eb80e9a0?s=96&d=mm&r=g\",\"contentUrl\":\"https:\\\/\\\/secure.gravatar.com\\\/avatar\\\/37d968a2e67a6fd04c169c4bdef102d0bc5d31b2546345219e348575eb80e9a0?s=96&d=mm&r=g\",\"caption\":\"redazione\"},\"sameAs\":[\"http:\\\/\\\/www.bellunopress.it\",\"https:\\\/\\\/x.com\\\/bellunopress\"],\"url\":\"https:\\\/\\\/www.bellunopress.it\\\/fr\\\/author\\\/redazione\\\/\"}]}<\/script>\n<!-- \/ Yoast SEO plugin. -->","yoast_head_json":{"title":"Una formidabile rassegna di bufale raccontate da Gian Antonio Stella oggi all'ex colonia Vena d'Oro alla festa di Insieme si pu\u00f2 - Bellunopress - Dolomiti","robots":{"index":"index","follow":"follow","max-snippet":"max-snippet:-1","max-image-preview":"max-image-preview:large","max-video-preview":"max-video-preview:-1"},"canonical":"https:\/\/www.bellunopress.it\/fr\/2023\/10\/01\/una-formidabile-rassegna-di-bufale-raccontate-da-gian-antonio-stella-oggi-allex-colonia-vena-doro-alla-festa-di-insieme-si-puo\/","og_locale":"fr_FR","og_type":"article","og_title":"Una formidabile rassegna di bufale raccontate da Gian Antonio Stella oggi all'ex colonia Vena d'Oro alla festa di Insieme si pu\u00f2 - Bellunopress - Dolomiti","og_description":"Belluno, 1\u00b0 ottobre 2023 &#8211; Parte dalle fake news attuali che quotidianamente vengono propalate dai social per istigare all\u2019odio, Gian Antonio Stella, celebre firma del Corriere della Sera, inviato, editorialista, e scrittore, ospite oggi per i 40 anni della fondazione del primo gruppo dell\u2019Associazione \u201cInsieme si pu\u00f2\u201d che si \u00e8 tenuta nell\u2019ex colonia della Vena [&hellip;]","og_url":"https:\/\/www.bellunopress.it\/fr\/2023\/10\/01\/una-formidabile-rassegna-di-bufale-raccontate-da-gian-antonio-stella-oggi-allex-colonia-vena-doro-alla-festa-di-insieme-si-puo\/","og_site_name":"Bellunopress - Dolomiti","article_publisher":"https:\/\/www.facebook.com\/profile.php?id=100008943462799","article_published_time":"2023-10-01T14:37:31+00:00","article_modified_time":"2023-10-01T14:37:51+00:00","og_image":[{"width":750,"height":1000,"url":"https:\/\/www.bellunopress.it\/wp-content\/uploads\/2023\/10\/gian-antonio-stella_edited.jpg","type":"image\/jpeg"}],"author":"redazione","twitter_card":"summary_large_image","twitter_creator":"@bellunopress","twitter_site":"@bellunopress","twitter_misc":{"\u00c9crit par":"redazione","Dur\u00e9e de lecture estim\u00e9e":"3 minutes"},"schema":{"@context":"https:\/\/schema.org","@graph":[{"@type":"Article","@id":"https:\/\/www.bellunopress.it\/2023\/10\/01\/una-formidabile-rassegna-di-bufale-raccontate-da-gian-antonio-stella-oggi-allex-colonia-vena-doro-alla-festa-di-insieme-si-puo\/#article","isPartOf":{"@id":"https:\/\/www.bellunopress.it\/2023\/10\/01\/una-formidabile-rassegna-di-bufale-raccontate-da-gian-antonio-stella-oggi-allex-colonia-vena-doro-alla-festa-di-insieme-si-puo\/"},"author":{"name":"redazione","@id":"https:\/\/www.bellunopress.it\/#\/schema\/person\/79bb06722b37ece1c03d3e94beb30d73"},"headline":"Una formidabile rassegna di bufale raccontate da Gian Antonio Stella oggi all&#8217;ex colonia Vena d&#8217;Oro alla festa di Insieme si pu\u00f2","datePublished":"2023-10-01T14:37:31+00:00","dateModified":"2023-10-01T14:37:51+00:00","mainEntityOfPage":{"@id":"https:\/\/www.bellunopress.it\/2023\/10\/01\/una-formidabile-rassegna-di-bufale-raccontate-da-gian-antonio-stella-oggi-allex-colonia-vena-doro-alla-festa-di-insieme-si-puo\/"},"wordCount":603,"publisher":{"@id":"https:\/\/www.bellunopress.it\/#organization"},"image":{"@id":"https:\/\/www.bellunopress.it\/2023\/10\/01\/una-formidabile-rassegna-di-bufale-raccontate-da-gian-antonio-stella-oggi-allex-colonia-vena-doro-alla-festa-di-insieme-si-puo\/#primaryimage"},"thumbnailUrl":"https:\/\/www.bellunopress.it\/wp-content\/uploads\/2023\/10\/gian-antonio-stella_edited.jpg","articleSection":["Cronaca\/Politica","Featured","Prima Pagina"],"inLanguage":"fr-FR"},{"@type":"WebPage","@id":"https:\/\/www.bellunopress.it\/2023\/10\/01\/una-formidabile-rassegna-di-bufale-raccontate-da-gian-antonio-stella-oggi-allex-colonia-vena-doro-alla-festa-di-insieme-si-puo\/","url":"https:\/\/www.bellunopress.it\/2023\/10\/01\/una-formidabile-rassegna-di-bufale-raccontate-da-gian-antonio-stella-oggi-allex-colonia-vena-doro-alla-festa-di-insieme-si-puo\/","name":"Una formidabile rassegna di bufale raccontate da Gian Antonio Stella oggi all'ex colonia Vena d'Oro alla festa di Insieme si pu\u00f2 - Bellunopress - Dolomiti","isPartOf":{"@id":"https:\/\/www.bellunopress.it\/#website"},"primaryImageOfPage":{"@id":"https:\/\/www.bellunopress.it\/2023\/10\/01\/una-formidabile-rassegna-di-bufale-raccontate-da-gian-antonio-stella-oggi-allex-colonia-vena-doro-alla-festa-di-insieme-si-puo\/#primaryimage"},"image":{"@id":"https:\/\/www.bellunopress.it\/2023\/10\/01\/una-formidabile-rassegna-di-bufale-raccontate-da-gian-antonio-stella-oggi-allex-colonia-vena-doro-alla-festa-di-insieme-si-puo\/#primaryimage"},"thumbnailUrl":"https:\/\/www.bellunopress.it\/wp-content\/uploads\/2023\/10\/gian-antonio-stella_edited.jpg","datePublished":"2023-10-01T14:37:31+00:00","dateModified":"2023-10-01T14:37:51+00:00","breadcrumb":{"@id":"https:\/\/www.bellunopress.it\/2023\/10\/01\/una-formidabile-rassegna-di-bufale-raccontate-da-gian-antonio-stella-oggi-allex-colonia-vena-doro-alla-festa-di-insieme-si-puo\/#breadcrumb"},"inLanguage":"fr-FR","potentialAction":[{"@type":"ReadAction","target":["https:\/\/www.bellunopress.it\/2023\/10\/01\/una-formidabile-rassegna-di-bufale-raccontate-da-gian-antonio-stella-oggi-allex-colonia-vena-doro-alla-festa-di-insieme-si-puo\/"]}]},{"@type":"ImageObject","inLanguage":"fr-FR","@id":"https:\/\/www.bellunopress.it\/2023\/10\/01\/una-formidabile-rassegna-di-bufale-raccontate-da-gian-antonio-stella-oggi-allex-colonia-vena-doro-alla-festa-di-insieme-si-puo\/#primaryimage","url":"https:\/\/www.bellunopress.it\/wp-content\/uploads\/2023\/10\/gian-antonio-stella_edited.jpg","contentUrl":"https:\/\/www.bellunopress.it\/wp-content\/uploads\/2023\/10\/gian-antonio-stella_edited.jpg","width":750,"height":1000,"caption":"Gian Antonio Stella, giornalista, scrittore"},{"@type":"BreadcrumbList","@id":"https:\/\/www.bellunopress.it\/2023\/10\/01\/una-formidabile-rassegna-di-bufale-raccontate-da-gian-antonio-stella-oggi-allex-colonia-vena-doro-alla-festa-di-insieme-si-puo\/#breadcrumb","itemListElement":[{"@type":"ListItem","position":1,"name":"Home","item":"https:\/\/www.bellunopress.it\/"},{"@type":"ListItem","position":2,"name":"Una formidabile rassegna di bufale raccontate da Gian Antonio Stella oggi all&#8217;ex colonia Vena d&#8217;Oro alla festa di Insieme si pu\u00f2"}]},{"@type":"WebSite","@id":"https:\/\/www.bellunopress.it\/#website","url":"https:\/\/www.bellunopress.it\/","name":"Bellunopress - Dolomiti","description":"e-mail: redazione@bellunopress.it","publisher":{"@id":"https:\/\/www.bellunopress.it\/#organization"},"potentialAction":[{"@type":"SearchAction","target":{"@type":"EntryPoint","urlTemplate":"https:\/\/www.bellunopress.it\/?s={search_term_string}"},"query-input":{"@type":"PropertyValueSpecification","valueRequired":true,"valueName":"search_term_string"}}],"inLanguage":"fr-FR"},{"@type":"Organization","@id":"https:\/\/www.bellunopress.it\/#organization","name":"Bellunopress","url":"https:\/\/www.bellunopress.it\/","logo":{"@type":"ImageObject","inLanguage":"fr-FR","@id":"https:\/\/www.bellunopress.it\/#\/schema\/logo\/image\/","url":"https:\/\/www.bellunopress.it\/wp-content\/uploads\/2011\/05\/cropped-logo-bellunopress-.jpg","contentUrl":"https:\/\/www.bellunopress.it\/wp-content\/uploads\/2011\/05\/cropped-logo-bellunopress-.jpg","width":512,"height":512,"caption":"Bellunopress"},"image":{"@id":"https:\/\/www.bellunopress.it\/#\/schema\/logo\/image\/"},"sameAs":["https:\/\/www.facebook.com\/profile.php?id=100008943462799","https:\/\/x.com\/bellunopress","https:\/\/www.linkedin.com\/hp\/?dnr=JBzUWaJfMUw8vbXJJ2tVW5-I3jZKvC4wsoxE&amp;amp;amp;amp;amp;amp;trk=nav_responsive_tab_home","https:\/\/www.youtube.com\/channel\/UCxL0wu1uN0_3_7hGG0306cw"]},{"@type":"Person","@id":"https:\/\/www.bellunopress.it\/#\/schema\/person\/79bb06722b37ece1c03d3e94beb30d73","name":"r\u00e9daction","image":{"@type":"ImageObject","inLanguage":"fr-FR","@id":"https:\/\/secure.gravatar.com\/avatar\/37d968a2e67a6fd04c169c4bdef102d0bc5d31b2546345219e348575eb80e9a0?s=96&d=mm&r=g","url":"https:\/\/secure.gravatar.com\/avatar\/37d968a2e67a6fd04c169c4bdef102d0bc5d31b2546345219e348575eb80e9a0?s=96&d=mm&r=g","contentUrl":"https:\/\/secure.gravatar.com\/avatar\/37d968a2e67a6fd04c169c4bdef102d0bc5d31b2546345219e348575eb80e9a0?s=96&d=mm&r=g","caption":"redazione"},"sameAs":["http:\/\/www.bellunopress.it","https:\/\/x.com\/bellunopress"],"url":"https:\/\/www.bellunopress.it\/fr\/author\/redazione\/"}]}},"_links":{"self":[{"href":"https:\/\/www.bellunopress.it\/fr\/wp-json\/wp\/v2\/posts\/144590","targetHints":{"allow":["GET"]}}],"collection":[{"href":"https:\/\/www.bellunopress.it\/fr\/wp-json\/wp\/v2\/posts"}],"about":[{"href":"https:\/\/www.bellunopress.it\/fr\/wp-json\/wp\/v2\/types\/post"}],"author":[{"embeddable":true,"href":"https:\/\/www.bellunopress.it\/fr\/wp-json\/wp\/v2\/users\/2"}],"replies":[{"embeddable":true,"href":"https:\/\/www.bellunopress.it\/fr\/wp-json\/wp\/v2\/comments?post=144590"}],"version-history":[{"count":2,"href":"https:\/\/www.bellunopress.it\/fr\/wp-json\/wp\/v2\/posts\/144590\/revisions"}],"predecessor-version":[{"id":144593,"href":"https:\/\/www.bellunopress.it\/fr\/wp-json\/wp\/v2\/posts\/144590\/revisions\/144593"}],"wp:featuredmedia":[{"embeddable":true,"href":"https:\/\/www.bellunopress.it\/fr\/wp-json\/wp\/v2\/media\/144591"}],"wp:attachment":[{"href":"https:\/\/www.bellunopress.it\/fr\/wp-json\/wp\/v2\/media?parent=144590"}],"wp:term":[{"taxonomy":"category","embeddable":true,"href":"https:\/\/www.bellunopress.it\/fr\/wp-json\/wp\/v2\/categories?post=144590"},{"taxonomy":"post_tag","embeddable":true,"href":"https:\/\/www.bellunopress.it\/fr\/wp-json\/wp\/v2\/tags?post=144590"}],"curies":[{"name":"wp","href":"https:\/\/api.w.org\/{rel}","templated":true}]}}