{"id":144544,"date":"2023-10-01T12:44:03","date_gmt":"2023-10-01T10:44:03","guid":{"rendered":"https:\/\/www.bellunopress.it\/?p=144544"},"modified":"2023-09-29T12:47:23","modified_gmt":"2023-09-29T10:47:23","slug":"riprende-il-festival-vertigini-7-9-e-13-ottobre-2023","status":"publish","type":"post","link":"https:\/\/www.bellunopress.it\/fr\/2023\/10\/01\/riprende-il-festival-vertigini-7-9-e-13-ottobre-2023\/","title":{"rendered":"Riprende il festival Vertigini, 7, 9 e 13 ottobre 2023"},"content":{"rendered":"<figure id=\"attachment_136334\" aria-describedby=\"caption-attachment-136334\" style=\"width: 1000px\" class=\"wp-caption alignleft\"><img loading=\"lazy\" decoding=\"async\" class=\"size-full wp-image-136334\" src=\"https:\/\/www.bellunopress.it\/wp-content\/uploads\/2022\/09\/Hangar11-Residenze-per-il-futuro_edited.jpg\" alt=\"\" width=\"1000\" height=\"667\" srcset=\"https:\/\/www.bellunopress.it\/wp-content\/uploads\/2022\/09\/Hangar11-Residenze-per-il-futuro_edited.jpg 1000w, https:\/\/www.bellunopress.it\/wp-content\/uploads\/2022\/09\/Hangar11-Residenze-per-il-futuro_edited-500x334.jpg 500w, https:\/\/www.bellunopress.it\/wp-content\/uploads\/2022\/09\/Hangar11-Residenze-per-il-futuro_edited-696x464.jpg 696w, https:\/\/www.bellunopress.it\/wp-content\/uploads\/2022\/09\/Hangar11-Residenze-per-il-futuro_edited-630x420.jpg 630w\" sizes=\"auto, (max-width: 1000px) 100vw, 1000px\" \/><figcaption id=\"caption-attachment-136334\" class=\"wp-caption-text\">Hangar 11<\/figcaption><\/figure>\n<p>Il 7 ottobre riparte la V edizione del festival Vertigini &#8211; organizzato da SlowMachine con la curatela di Rajeev Badhan \u2013 con tre eventi tra musica, teatro civile, poesia e teatro contemporaneo.<\/p>\n<p>Sabato 7 ottobre sar\u00e0 sul palco dell\u2019Hangar11 alle ore 21:30 il Live Set di Cucina Sonora, progetto di Pietro Spinelli, pianista e producer. Nel suo mondo non c\u2019\u00e8 differenza tra analogico e digitale, classico ed elettronico come dimostra il suo album \u201cEvasione\u201d (2017) il cui singolo omonimo \u00e8 stato remixato da Francesco Farfa su Toys for Kids. Cucina Sonora ha condiviso il palco con Godblesscomputers, Machweo, Aucan e Go Dugong, esibendosi su alcuni dei palchi e festival pi\u00f9 importanti di Italia. Attualmente Pietro \u00e8 il tastierista live della band di RKomi. \u201cNotte\u201d \u00e8 l\u2019album prodotto nel 2022.<\/p>\n<p>La sera di luned\u00ec 9 ottobre all\u2019Hangar11 alle 21:00 verr\u00e0 presentata l\u2019azione teatrale pensata da SlowMachine, con la curatela di Rajeev Badhan, per VajontS 23, un progetto di Marco Paolini per La Fabbrica del Mondo realizzato da Jolefilm in collaborazione con Fondazione Vajont.<br \/>\nIl 60esimo anniversario della caduta della frana del Vajont diventer\u00e0 un racconto corale che coinvolger\u00e0 oltre 100 teatri in Italia e in Europa. SlowMachine affianca attori professionisti ad un coro cittadino nella creazione di un\u2019azione corale multimediale, per rendersi testimone di un territorio e aprire riflessioni sul presente e sul futuro attraverso l\u2019analisi del passato.<\/p>\n<p>Chiude la V edizione di Vertigini venerd\u00ec 13 ottobre alle 21:00 sempre all\u2019Hangar11, un progetto intimo e profondo, \u201cLibellula. Panegirico della libert\u00e0\u201d dell\u2019attrice e regista Irene Curto e con la musica originale in Live Set del compositore Joe Schievano. Progetto tra teatro e musica a partire dal lavoro centrale e pi\u00f9 rivoluzionario dell\u2019opera poetica di Amelia Rosselli, la cui poesia e sperimentazione linguistica nascono dalla commistione delle tre lingue con cui \u00e8 cresciuta: il francese, l\u2019inglese e l\u2019italiano. Altro \u201clinguaggio\u201d che le appartiene e che la spinger\u00e0 ad avere nei confronti dello scrivere un atteggiamento sensoriale, ritmico e rigoroso \u00e8 la musica. Amelia Rosselli era infatti una musicista, prima di essere una scrittrice. Questo la spinger\u00e0 a focalizzarsi sulla metrica dei suoi versi, quasi a conferirgli una forma geometrica perfetta nella quale riesce comunque a deflagrare la sua potenza emotiva. Un inno che ci spinge ad accettare le innumerevoli sfaccettature del nostro essere emotivi, umani e per natura fragili, spaccati in due.<\/p>\n<p>Sabato 7\/10<br \/>\nOre 21:30 Live Set &#8211; Cucina Sonora<br \/>\nHangar11 &#8211; ingresso 5 \u20ac<br \/>\nMusica dal vivo<\/p>\n<p>Luned\u00ec 9\/10<br \/>\nOre 21:00 progetto VajontS 23 dal testo di Marco Paolini &#8211; a cura di Rajeev Badhan<br \/>\nHangar11 &#8211; Ingresso libero<br \/>\nTeatro contemporaneo- Teatro civile<\/p>\n<p>Venerd\u00ec 13\/10<br \/>\nOre 21:00 Studio Slow \u2013 \u201cLibellula. panegirico della libert\u00e0\u201d- Irene Curto\/Joe Schievano<br \/>\nHangar11 \u2013 ingresso 5 \u20ac<br \/>\nTeatro contemporaneo \u2013 Poesia \u2013 Live Set<\/p>\n<p>&nbsp;<\/p>\n<p>INFO E PRENOTAZIONI<br \/>\nPer tutti gli eventi del festival Vertigini \u00e8 consigliata la prenotazione scrivendo a biglietteria@slowmachine.org o telefonando al 328 9252116.<br \/>\nPer maggiori informazioni sugli eventi consultare il sito www.slowmachine.org<br \/>\nI biglietti saranno acquistabili nel luogo dell\u2019evento a partire da mezz\u2019ora prima dell\u2019inizio.<\/p>\n<p>Hangar11 \u2013 Via Tiziano Vecellio 82\/N, Belluno<\/p>","protected":false},"excerpt":{"rendered":"<p>Il 7 ottobre riparte la V edizione del festival Vertigini &#8211; organizzato da SlowMachine con la curatela di Rajeev Badhan \u2013 con tre eventi tra musica, teatro civile, poesia e teatro contemporaneo. Sabato 7 ottobre sar\u00e0 sul palco dell\u2019Hangar11 alle ore 21:30 il Live Set di Cucina Sonora, progetto di Pietro Spinelli, pianista e producer. [&hellip;]<\/p>\n","protected":false},"author":2,"featured_media":136334,"comment_status":"closed","ping_status":"open","sticky":false,"template":"","format":"standard","meta":{"footnotes":""},"categories":[27,3,25],"tags":[],"class_list":["post-144544","post","type-post","status-publish","format-standard","has-post-thumbnail","category-appuntamenti","category-arte-cultura-spettacoli-scienza-archivi","category-pausa-caffe"],"yoast_head":"<!-- This site is optimized with the Yoast SEO plugin v28.4 - https:\/\/yoast.com\/product\/yoast-seo-wordpress\/ -->\n<title>Riprende il festival Vertigini, 7, 9 e 13 ottobre 2023 - Bellunopress - Dolomiti<\/title>\n<meta name=\"robots\" content=\"index, follow, max-snippet:-1, max-image-preview:large, max-video-preview:-1\" \/>\n<link rel=\"canonical\" href=\"https:\/\/www.bellunopress.it\/fr\/2023\/10\/01\/riprende-il-festival-vertigini-7-9-e-13-ottobre-2023\/\" \/>\n<meta property=\"og:locale\" content=\"fr_FR\" \/>\n<meta property=\"og:type\" content=\"article\" \/>\n<meta property=\"og:title\" content=\"Riprende il festival Vertigini, 7, 9 e 13 ottobre 2023 - Bellunopress - Dolomiti\" \/>\n<meta property=\"og:description\" content=\"Il 7 ottobre riparte la V edizione del festival Vertigini &#8211; organizzato da SlowMachine con la curatela di Rajeev Badhan \u2013 con tre eventi tra musica, teatro civile, poesia e teatro contemporaneo. Sabato 7 ottobre sar\u00e0 sul palco dell\u2019Hangar11 alle ore 21:30 il Live Set di Cucina Sonora, progetto di Pietro Spinelli, pianista e producer. [&hellip;]\" \/>\n<meta property=\"og:url\" content=\"https:\/\/www.bellunopress.it\/fr\/2023\/10\/01\/riprende-il-festival-vertigini-7-9-e-13-ottobre-2023\/\" \/>\n<meta property=\"og:site_name\" content=\"Bellunopress - Dolomiti\" \/>\n<meta property=\"article:publisher\" content=\"https:\/\/www.facebook.com\/profile.php?id=100008943462799\" \/>\n<meta property=\"article:published_time\" content=\"2023-10-01T10:44:03+00:00\" \/>\n<meta property=\"og:image\" content=\"https:\/\/www.bellunopress.it\/wp-content\/uploads\/2022\/09\/Hangar11-Residenze-per-il-futuro_edited.jpg\" \/>\n\t<meta property=\"og:image:width\" content=\"1000\" \/>\n\t<meta property=\"og:image:height\" content=\"667\" \/>\n\t<meta property=\"og:image:type\" content=\"image\/jpeg\" \/>\n<meta name=\"author\" content=\"redazione\" \/>\n<meta name=\"twitter:card\" content=\"summary_large_image\" \/>\n<meta name=\"twitter:creator\" content=\"@bellunopress\" \/>\n<meta name=\"twitter:site\" content=\"@bellunopress\" \/>\n<meta name=\"twitter:label1\" content=\"\u00c9crit par\" \/>\n\t<meta name=\"twitter:data1\" content=\"redazione\" \/>\n\t<meta name=\"twitter:label2\" content=\"Dur\u00e9e de lecture estim\u00e9e\" \/>\n\t<meta name=\"twitter:data2\" content=\"3 minutes\" \/>\n<script type=\"application\/ld+json\" class=\"yoast-schema-graph\">{\"@context\":\"https:\\\/\\\/schema.org\",\"@graph\":[{\"@type\":\"Article\",\"@id\":\"https:\\\/\\\/www.bellunopress.it\\\/2023\\\/10\\\/01\\\/riprende-il-festival-vertigini-7-9-e-13-ottobre-2023\\\/#article\",\"isPartOf\":{\"@id\":\"https:\\\/\\\/www.bellunopress.it\\\/2023\\\/10\\\/01\\\/riprende-il-festival-vertigini-7-9-e-13-ottobre-2023\\\/\"},\"author\":{\"name\":\"redazione\",\"@id\":\"https:\\\/\\\/www.bellunopress.it\\\/#\\\/schema\\\/person\\\/79bb06722b37ece1c03d3e94beb30d73\"},\"headline\":\"Riprende il festival Vertigini, 7, 9 e 13 ottobre 2023\",\"datePublished\":\"2023-10-01T10:44:03+00:00\",\"mainEntityOfPage\":{\"@id\":\"https:\\\/\\\/www.bellunopress.it\\\/2023\\\/10\\\/01\\\/riprende-il-festival-vertigini-7-9-e-13-ottobre-2023\\\/\"},\"wordCount\":508,\"publisher\":{\"@id\":\"https:\\\/\\\/www.bellunopress.it\\\/#organization\"},\"image\":{\"@id\":\"https:\\\/\\\/www.bellunopress.it\\\/2023\\\/10\\\/01\\\/riprende-il-festival-vertigini-7-9-e-13-ottobre-2023\\\/#primaryimage\"},\"thumbnailUrl\":\"https:\\\/\\\/www.bellunopress.it\\\/wp-content\\\/uploads\\\/2022\\\/09\\\/Hangar11-Residenze-per-il-futuro_edited.jpg\",\"articleSection\":[\"Appuntamenti, Eventi\",\"Arte, Cultura, Spettacoli, Scienza\",\"Pausa Caff\u00e8\"],\"inLanguage\":\"fr-FR\"},{\"@type\":\"WebPage\",\"@id\":\"https:\\\/\\\/www.bellunopress.it\\\/2023\\\/10\\\/01\\\/riprende-il-festival-vertigini-7-9-e-13-ottobre-2023\\\/\",\"url\":\"https:\\\/\\\/www.bellunopress.it\\\/2023\\\/10\\\/01\\\/riprende-il-festival-vertigini-7-9-e-13-ottobre-2023\\\/\",\"name\":\"Riprende il festival Vertigini, 7, 9 e 13 ottobre 2023 - Bellunopress - Dolomiti\",\"isPartOf\":{\"@id\":\"https:\\\/\\\/www.bellunopress.it\\\/#website\"},\"primaryImageOfPage\":{\"@id\":\"https:\\\/\\\/www.bellunopress.it\\\/2023\\\/10\\\/01\\\/riprende-il-festival-vertigini-7-9-e-13-ottobre-2023\\\/#primaryimage\"},\"image\":{\"@id\":\"https:\\\/\\\/www.bellunopress.it\\\/2023\\\/10\\\/01\\\/riprende-il-festival-vertigini-7-9-e-13-ottobre-2023\\\/#primaryimage\"},\"thumbnailUrl\":\"https:\\\/\\\/www.bellunopress.it\\\/wp-content\\\/uploads\\\/2022\\\/09\\\/Hangar11-Residenze-per-il-futuro_edited.jpg\",\"datePublished\":\"2023-10-01T10:44:03+00:00\",\"breadcrumb\":{\"@id\":\"https:\\\/\\\/www.bellunopress.it\\\/2023\\\/10\\\/01\\\/riprende-il-festival-vertigini-7-9-e-13-ottobre-2023\\\/#breadcrumb\"},\"inLanguage\":\"fr-FR\",\"potentialAction\":[{\"@type\":\"ReadAction\",\"target\":[\"https:\\\/\\\/www.bellunopress.it\\\/2023\\\/10\\\/01\\\/riprende-il-festival-vertigini-7-9-e-13-ottobre-2023\\\/\"]}]},{\"@type\":\"ImageObject\",\"inLanguage\":\"fr-FR\",\"@id\":\"https:\\\/\\\/www.bellunopress.it\\\/2023\\\/10\\\/01\\\/riprende-il-festival-vertigini-7-9-e-13-ottobre-2023\\\/#primaryimage\",\"url\":\"https:\\\/\\\/www.bellunopress.it\\\/wp-content\\\/uploads\\\/2022\\\/09\\\/Hangar11-Residenze-per-il-futuro_edited.jpg\",\"contentUrl\":\"https:\\\/\\\/www.bellunopress.it\\\/wp-content\\\/uploads\\\/2022\\\/09\\\/Hangar11-Residenze-per-il-futuro_edited.jpg\",\"width\":1000,\"height\":667,\"caption\":\"Hangar 11 - via Tiziano Vecellio 82\\\/N, Belluno\"},{\"@type\":\"BreadcrumbList\",\"@id\":\"https:\\\/\\\/www.bellunopress.it\\\/2023\\\/10\\\/01\\\/riprende-il-festival-vertigini-7-9-e-13-ottobre-2023\\\/#breadcrumb\",\"itemListElement\":[{\"@type\":\"ListItem\",\"position\":1,\"name\":\"Home\",\"item\":\"https:\\\/\\\/www.bellunopress.it\\\/\"},{\"@type\":\"ListItem\",\"position\":2,\"name\":\"Riprende il festival Vertigini, 7, 9 e 13 ottobre 2023\"}]},{\"@type\":\"WebSite\",\"@id\":\"https:\\\/\\\/www.bellunopress.it\\\/#website\",\"url\":\"https:\\\/\\\/www.bellunopress.it\\\/\",\"name\":\"Bellunopress - Dolomiti\",\"description\":\"e-mail: redazione@bellunopress.it\",\"publisher\":{\"@id\":\"https:\\\/\\\/www.bellunopress.it\\\/#organization\"},\"potentialAction\":[{\"@type\":\"SearchAction\",\"target\":{\"@type\":\"EntryPoint\",\"urlTemplate\":\"https:\\\/\\\/www.bellunopress.it\\\/?s={search_term_string}\"},\"query-input\":{\"@type\":\"PropertyValueSpecification\",\"valueRequired\":true,\"valueName\":\"search_term_string\"}}],\"inLanguage\":\"fr-FR\"},{\"@type\":\"Organization\",\"@id\":\"https:\\\/\\\/www.bellunopress.it\\\/#organization\",\"name\":\"Bellunopress\",\"url\":\"https:\\\/\\\/www.bellunopress.it\\\/\",\"logo\":{\"@type\":\"ImageObject\",\"inLanguage\":\"fr-FR\",\"@id\":\"https:\\\/\\\/www.bellunopress.it\\\/#\\\/schema\\\/logo\\\/image\\\/\",\"url\":\"https:\\\/\\\/www.bellunopress.it\\\/wp-content\\\/uploads\\\/2011\\\/05\\\/cropped-logo-bellunopress-.jpg\",\"contentUrl\":\"https:\\\/\\\/www.bellunopress.it\\\/wp-content\\\/uploads\\\/2011\\\/05\\\/cropped-logo-bellunopress-.jpg\",\"width\":512,\"height\":512,\"caption\":\"Bellunopress\"},\"image\":{\"@id\":\"https:\\\/\\\/www.bellunopress.it\\\/#\\\/schema\\\/logo\\\/image\\\/\"},\"sameAs\":[\"https:\\\/\\\/www.facebook.com\\\/profile.php?id=100008943462799\",\"https:\\\/\\\/x.com\\\/bellunopress\",\"https:\\\/\\\/www.linkedin.com\\\/hp\\\/?dnr=JBzUWaJfMUw8vbXJJ2tVW5-I3jZKvC4wsoxE&amp;amp;amp;amp;amp;amp;trk=nav_responsive_tab_home\",\"https:\\\/\\\/www.youtube.com\\\/channel\\\/UCxL0wu1uN0_3_7hGG0306cw\"]},{\"@type\":\"Person\",\"@id\":\"https:\\\/\\\/www.bellunopress.it\\\/#\\\/schema\\\/person\\\/79bb06722b37ece1c03d3e94beb30d73\",\"name\":\"redazione\",\"image\":{\"@type\":\"ImageObject\",\"inLanguage\":\"fr-FR\",\"@id\":\"https:\\\/\\\/secure.gravatar.com\\\/avatar\\\/37d968a2e67a6fd04c169c4bdef102d0bc5d31b2546345219e348575eb80e9a0?s=96&d=mm&r=g\",\"url\":\"https:\\\/\\\/secure.gravatar.com\\\/avatar\\\/37d968a2e67a6fd04c169c4bdef102d0bc5d31b2546345219e348575eb80e9a0?s=96&d=mm&r=g\",\"contentUrl\":\"https:\\\/\\\/secure.gravatar.com\\\/avatar\\\/37d968a2e67a6fd04c169c4bdef102d0bc5d31b2546345219e348575eb80e9a0?s=96&d=mm&r=g\",\"caption\":\"redazione\"},\"sameAs\":[\"http:\\\/\\\/www.bellunopress.it\",\"https:\\\/\\\/x.com\\\/bellunopress\"],\"url\":\"https:\\\/\\\/www.bellunopress.it\\\/fr\\\/author\\\/redazione\\\/\"}]}<\/script>\n<!-- \/ Yoast SEO plugin. -->","yoast_head_json":{"title":"Riprende il festival Vertigini, 7, 9 e 13 ottobre 2023 - Bellunopress - Dolomiti","robots":{"index":"index","follow":"follow","max-snippet":"max-snippet:-1","max-image-preview":"max-image-preview:large","max-video-preview":"max-video-preview:-1"},"canonical":"https:\/\/www.bellunopress.it\/fr\/2023\/10\/01\/riprende-il-festival-vertigini-7-9-e-13-ottobre-2023\/","og_locale":"fr_FR","og_type":"article","og_title":"Riprende il festival Vertigini, 7, 9 e 13 ottobre 2023 - Bellunopress - Dolomiti","og_description":"Il 7 ottobre riparte la V edizione del festival Vertigini &#8211; organizzato da SlowMachine con la curatela di Rajeev Badhan \u2013 con tre eventi tra musica, teatro civile, poesia e teatro contemporaneo. Sabato 7 ottobre sar\u00e0 sul palco dell\u2019Hangar11 alle ore 21:30 il Live Set di Cucina Sonora, progetto di Pietro Spinelli, pianista e producer. [&hellip;]","og_url":"https:\/\/www.bellunopress.it\/fr\/2023\/10\/01\/riprende-il-festival-vertigini-7-9-e-13-ottobre-2023\/","og_site_name":"Bellunopress - Dolomiti","article_publisher":"https:\/\/www.facebook.com\/profile.php?id=100008943462799","article_published_time":"2023-10-01T10:44:03+00:00","og_image":[{"width":1000,"height":667,"url":"https:\/\/www.bellunopress.it\/wp-content\/uploads\/2022\/09\/Hangar11-Residenze-per-il-futuro_edited.jpg","type":"image\/jpeg"}],"author":"redazione","twitter_card":"summary_large_image","twitter_creator":"@bellunopress","twitter_site":"@bellunopress","twitter_misc":{"\u00c9crit par":"redazione","Dur\u00e9e de lecture estim\u00e9e":"3 minutes"},"schema":{"@context":"https:\/\/schema.org","@graph":[{"@type":"Article","@id":"https:\/\/www.bellunopress.it\/2023\/10\/01\/riprende-il-festival-vertigini-7-9-e-13-ottobre-2023\/#article","isPartOf":{"@id":"https:\/\/www.bellunopress.it\/2023\/10\/01\/riprende-il-festival-vertigini-7-9-e-13-ottobre-2023\/"},"author":{"name":"redazione","@id":"https:\/\/www.bellunopress.it\/#\/schema\/person\/79bb06722b37ece1c03d3e94beb30d73"},"headline":"Riprende il festival Vertigini, 7, 9 e 13 ottobre 2023","datePublished":"2023-10-01T10:44:03+00:00","mainEntityOfPage":{"@id":"https:\/\/www.bellunopress.it\/2023\/10\/01\/riprende-il-festival-vertigini-7-9-e-13-ottobre-2023\/"},"wordCount":508,"publisher":{"@id":"https:\/\/www.bellunopress.it\/#organization"},"image":{"@id":"https:\/\/www.bellunopress.it\/2023\/10\/01\/riprende-il-festival-vertigini-7-9-e-13-ottobre-2023\/#primaryimage"},"thumbnailUrl":"https:\/\/www.bellunopress.it\/wp-content\/uploads\/2022\/09\/Hangar11-Residenze-per-il-futuro_edited.jpg","articleSection":["Appuntamenti, Eventi","Arte, Cultura, Spettacoli, Scienza","Pausa Caff\u00e8"],"inLanguage":"fr-FR"},{"@type":"WebPage","@id":"https:\/\/www.bellunopress.it\/2023\/10\/01\/riprende-il-festival-vertigini-7-9-e-13-ottobre-2023\/","url":"https:\/\/www.bellunopress.it\/2023\/10\/01\/riprende-il-festival-vertigini-7-9-e-13-ottobre-2023\/","name":"Riprende il festival Vertigini, 7, 9 e 13 ottobre 2023 - Bellunopress - Dolomiti","isPartOf":{"@id":"https:\/\/www.bellunopress.it\/#website"},"primaryImageOfPage":{"@id":"https:\/\/www.bellunopress.it\/2023\/10\/01\/riprende-il-festival-vertigini-7-9-e-13-ottobre-2023\/#primaryimage"},"image":{"@id":"https:\/\/www.bellunopress.it\/2023\/10\/01\/riprende-il-festival-vertigini-7-9-e-13-ottobre-2023\/#primaryimage"},"thumbnailUrl":"https:\/\/www.bellunopress.it\/wp-content\/uploads\/2022\/09\/Hangar11-Residenze-per-il-futuro_edited.jpg","datePublished":"2023-10-01T10:44:03+00:00","breadcrumb":{"@id":"https:\/\/www.bellunopress.it\/2023\/10\/01\/riprende-il-festival-vertigini-7-9-e-13-ottobre-2023\/#breadcrumb"},"inLanguage":"fr-FR","potentialAction":[{"@type":"ReadAction","target":["https:\/\/www.bellunopress.it\/2023\/10\/01\/riprende-il-festival-vertigini-7-9-e-13-ottobre-2023\/"]}]},{"@type":"ImageObject","inLanguage":"fr-FR","@id":"https:\/\/www.bellunopress.it\/2023\/10\/01\/riprende-il-festival-vertigini-7-9-e-13-ottobre-2023\/#primaryimage","url":"https:\/\/www.bellunopress.it\/wp-content\/uploads\/2022\/09\/Hangar11-Residenze-per-il-futuro_edited.jpg","contentUrl":"https:\/\/www.bellunopress.it\/wp-content\/uploads\/2022\/09\/Hangar11-Residenze-per-il-futuro_edited.jpg","width":1000,"height":667,"caption":"Hangar 11 - via Tiziano Vecellio 82\/N, Belluno"},{"@type":"BreadcrumbList","@id":"https:\/\/www.bellunopress.it\/2023\/10\/01\/riprende-il-festival-vertigini-7-9-e-13-ottobre-2023\/#breadcrumb","itemListElement":[{"@type":"ListItem","position":1,"name":"Home","item":"https:\/\/www.bellunopress.it\/"},{"@type":"ListItem","position":2,"name":"Riprende il festival Vertigini, 7, 9 e 13 ottobre 2023"}]},{"@type":"WebSite","@id":"https:\/\/www.bellunopress.it\/#website","url":"https:\/\/www.bellunopress.it\/","name":"Bellunopress - Dolomiti","description":"e-mail: redazione@bellunopress.it","publisher":{"@id":"https:\/\/www.bellunopress.it\/#organization"},"potentialAction":[{"@type":"SearchAction","target":{"@type":"EntryPoint","urlTemplate":"https:\/\/www.bellunopress.it\/?s={search_term_string}"},"query-input":{"@type":"PropertyValueSpecification","valueRequired":true,"valueName":"search_term_string"}}],"inLanguage":"fr-FR"},{"@type":"Organization","@id":"https:\/\/www.bellunopress.it\/#organization","name":"Bellunopress","url":"https:\/\/www.bellunopress.it\/","logo":{"@type":"ImageObject","inLanguage":"fr-FR","@id":"https:\/\/www.bellunopress.it\/#\/schema\/logo\/image\/","url":"https:\/\/www.bellunopress.it\/wp-content\/uploads\/2011\/05\/cropped-logo-bellunopress-.jpg","contentUrl":"https:\/\/www.bellunopress.it\/wp-content\/uploads\/2011\/05\/cropped-logo-bellunopress-.jpg","width":512,"height":512,"caption":"Bellunopress"},"image":{"@id":"https:\/\/www.bellunopress.it\/#\/schema\/logo\/image\/"},"sameAs":["https:\/\/www.facebook.com\/profile.php?id=100008943462799","https:\/\/x.com\/bellunopress","https:\/\/www.linkedin.com\/hp\/?dnr=JBzUWaJfMUw8vbXJJ2tVW5-I3jZKvC4wsoxE&amp;amp;amp;amp;amp;amp;trk=nav_responsive_tab_home","https:\/\/www.youtube.com\/channel\/UCxL0wu1uN0_3_7hGG0306cw"]},{"@type":"Person","@id":"https:\/\/www.bellunopress.it\/#\/schema\/person\/79bb06722b37ece1c03d3e94beb30d73","name":"r\u00e9daction","image":{"@type":"ImageObject","inLanguage":"fr-FR","@id":"https:\/\/secure.gravatar.com\/avatar\/37d968a2e67a6fd04c169c4bdef102d0bc5d31b2546345219e348575eb80e9a0?s=96&d=mm&r=g","url":"https:\/\/secure.gravatar.com\/avatar\/37d968a2e67a6fd04c169c4bdef102d0bc5d31b2546345219e348575eb80e9a0?s=96&d=mm&r=g","contentUrl":"https:\/\/secure.gravatar.com\/avatar\/37d968a2e67a6fd04c169c4bdef102d0bc5d31b2546345219e348575eb80e9a0?s=96&d=mm&r=g","caption":"redazione"},"sameAs":["http:\/\/www.bellunopress.it","https:\/\/x.com\/bellunopress"],"url":"https:\/\/www.bellunopress.it\/fr\/author\/redazione\/"}]}},"_links":{"self":[{"href":"https:\/\/www.bellunopress.it\/fr\/wp-json\/wp\/v2\/posts\/144544","targetHints":{"allow":["GET"]}}],"collection":[{"href":"https:\/\/www.bellunopress.it\/fr\/wp-json\/wp\/v2\/posts"}],"about":[{"href":"https:\/\/www.bellunopress.it\/fr\/wp-json\/wp\/v2\/types\/post"}],"author":[{"embeddable":true,"href":"https:\/\/www.bellunopress.it\/fr\/wp-json\/wp\/v2\/users\/2"}],"replies":[{"embeddable":true,"href":"https:\/\/www.bellunopress.it\/fr\/wp-json\/wp\/v2\/comments?post=144544"}],"version-history":[{"count":1,"href":"https:\/\/www.bellunopress.it\/fr\/wp-json\/wp\/v2\/posts\/144544\/revisions"}],"predecessor-version":[{"id":144545,"href":"https:\/\/www.bellunopress.it\/fr\/wp-json\/wp\/v2\/posts\/144544\/revisions\/144545"}],"wp:featuredmedia":[{"embeddable":true,"href":"https:\/\/www.bellunopress.it\/fr\/wp-json\/wp\/v2\/media\/136334"}],"wp:attachment":[{"href":"https:\/\/www.bellunopress.it\/fr\/wp-json\/wp\/v2\/media?parent=144544"}],"wp:term":[{"taxonomy":"category","embeddable":true,"href":"https:\/\/www.bellunopress.it\/fr\/wp-json\/wp\/v2\/categories?post=144544"},{"taxonomy":"post_tag","embeddable":true,"href":"https:\/\/www.bellunopress.it\/fr\/wp-json\/wp\/v2\/tags?post=144544"}],"curies":[{"name":"wp","href":"https:\/\/api.w.org\/{rel}","templated":true}]}}