{"id":144277,"date":"2023-09-19T13:18:42","date_gmt":"2023-09-19T11:18:42","guid":{"rendered":"https:\/\/www.bellunopress.it\/?p=144277"},"modified":"2023-09-19T13:18:42","modified_gmt":"2023-09-19T11:18:42","slug":"presentato-un-nuovo-progetto-destinato-agli-aspiranti-soccorritori","status":"publish","type":"post","link":"https:\/\/www.bellunopress.it\/fr\/2023\/09\/19\/presentato-un-nuovo-progetto-destinato-agli-aspiranti-soccorritori\/","title":{"rendered":"Presentato un nuovo progetto destinato agli aspiranti soccorritori"},"content":{"rendered":"<p><img loading=\"lazy\" decoding=\"async\" class=\"alignleft size-full wp-image-144278\" src=\"https:\/\/www.bellunopress.it\/wp-content\/uploads\/2023\/09\/progetto-aspiranti-soccorritori_edited.jpg\" alt=\"soccorso alpino\" width=\"1000\" height=\"742\" srcset=\"https:\/\/www.bellunopress.it\/wp-content\/uploads\/2023\/09\/progetto-aspiranti-soccorritori_edited.jpg 1000w, https:\/\/www.bellunopress.it\/wp-content\/uploads\/2023\/09\/progetto-aspiranti-soccorritori_edited-500x371.jpg 500w, https:\/\/www.bellunopress.it\/wp-content\/uploads\/2023\/09\/progetto-aspiranti-soccorritori_edited-485x360.jpg 485w, https:\/\/www.bellunopress.it\/wp-content\/uploads\/2023\/09\/progetto-aspiranti-soccorritori_edited-696x516.jpg 696w\" sizes=\"auto, (max-width: 1000px) 100vw, 1000px\" \/>Belluno, 19-09-23\u00a0 \u00a0\u00c8 dedicato a Mauro Piccolin il progetto presentato ieri nella sede del Soccorso Alpino e Speleologico Veneto e destinato agli aspiranti soccorritori, per colmare eventuali lacune nella loro preparazione alpinistica tecnica e curriculare, prima di affrontare le verifiche di ingresso dopo un anno di affiancamento nella loro futura Stazione territoriale.<\/p>\n<p>L&#8217;ammissione al Soccorso alpino e speleologico \u00e8 possibile per tutti i soci del Cai di et\u00e0 compresa tra i 18 e i 45 anni, dopo il superamento delle prove di ammissione, necessarie per la verifica dei requisiti richiesti. La domanda va presentata al responsabile della Stazione competente per territorio, corredata del curriculum dell&#8217;attivit\u00e0 alpinistica o speleo degli ultimi due anni e di un certificato medico. I requisiti per il Soccorso alpino sono: capacit\u00e0 di movimento su tutti i terreni di montagna, arrampicata su roccia minimo 4\u00b0 grado da primo di cordata e su ghiaccio (60\u00b0), sci su tutti i tipi di neve.<\/p>\n<p>&#8220;Nell&#8217;ultimo decennio si sta assistendo ad una carenza di nuove leve che entrano a far parte delle file Cnsas ed una trasformazione delle caratteristiche dei pochi aspirati che chiedono di farvi parte: la buona volont\u00e0 e l&#8217;impegno nel dedicarsi ad aiutare le persone in difficolt\u00e0 nell&#8217;ambiente montano spesso non sono direttamente proporzionali all&#8217;esperienza e alla pratica alpinistica. Una preparazione a volte molto elevata su determinati settori, vedi l&#8217;arrampicata, ma non generale e completa come richiesta dal regolamento nazionale e regionale per poter entrare&#8221; \u00e8 la premessa del direttore della Scuola alpina regionale Sergio Albanello.<\/p>\n<p>L&#8217;obiettivo del &#8216;Progetto propedeutico aspiranti operatori di Soccorso alpino&#8217;, sperimentale per il biennio 2023\/2024, \u00e8 quello di compensare eventuali aspetti deficitari, dando la possibilit\u00e0 ai potenziali soccorritori \u2013 una trentina quest&#8217;anno &#8211; di integrare la propria attivit\u00e0 alpinistica e sci alpinistica con gli istruttori della Scuola alpina e con le Guide alpine iscritte nei ruoli operativi del Cnsas Veneto, permettendo di sviluppare le loro qualit\u00e0 ed esperienza alpinistiche e, non ultimo, alimentando reciproche conoscenze tra i ragazzi, che contribuiranno a far nascere nuove cordate e amicizie tra chi condivide la stessa passione.<\/p>\n<p>Alla presenza del presidente del Soccorso Alpino e Speleologico Veneto Rodolfo Selenati e del delegato Soccorso alpino Dolomiti Bellunesi Alex Barattin, \u00e8 stata ricordata la figura di Mauro Piccolin, con moglie Valeria in sala: alpinista, soccorritore alpino, tecnico di elisoccorso e capo stazione del Cnsas di Belluno che si \u00e8 sempre impegnato e dedicato anima e corpo al soccorso delle persone in montagna e che nella sua attivit\u00e0 di istruttore dei corsi roccia del Cai Belluno ha sempre avuto l&#8217;occhio nell&#8217;individuare giovani capaci ed appassionati di alpinismo che poi ha portato all&#8217;interno della propria Stazione Cnsas.<\/p>\n<p>La realizzazione del progetto \u00e8 resa possibile dal sostegno di Dolomiti Emergency, rappresentata ieri dalla presidente Laura Menegus, e di Sinteco. &#8220;Conservo tanti ricordi di Mauro, professionali e non solo, a suo modo \u00e8 stato un insegnante per noi, siamo cresciuti parecchio con lui e non \u00e8 una frase di circostanza \u2013 \u00e8 stato il pensiero di Stefano Giacomelli, general manager di Sinteco \u2013 partecipare a questa iniziativa del territorio nel suo ricordo serve per portare avanti nuove leve nell&#8217;aiuto delle persone in difficolt\u00e0 e a dare esempi di come si affronta la montagna&#8221;.<\/p>","protected":false},"excerpt":{"rendered":"<p>Belluno, 19-09-23\u00a0 \u00a0\u00c8 dedicato a Mauro Piccolin il progetto presentato ieri nella sede del Soccorso Alpino e Speleologico Veneto e destinato agli aspiranti soccorritori, per colmare eventuali lacune nella loro preparazione alpinistica tecnica e curriculare, prima di affrontare le verifiche di ingresso dopo un anno di affiancamento nella loro futura Stazione territoriale. L&#8217;ammissione al Soccorso [&hellip;]<\/p>\n","protected":false},"author":2,"featured_media":144278,"comment_status":"closed","ping_status":"open","sticky":false,"template":"","format":"standard","meta":{"footnotes":""},"categories":[26,8],"tags":[],"class_list":["post-144277","post","type-post","status-publish","format-standard","has-post-thumbnail","category-prima-pagina","category-societa-istituzioni"],"yoast_head":"<!-- This site is optimized with the Yoast SEO plugin v28.4 - https:\/\/yoast.com\/product\/yoast-seo-wordpress\/ -->\n<title>Presentato un nuovo progetto destinato agli aspiranti soccorritori - Bellunopress - Dolomiti<\/title>\n<meta name=\"robots\" content=\"index, follow, max-snippet:-1, max-image-preview:large, max-video-preview:-1\" \/>\n<link rel=\"canonical\" href=\"https:\/\/www.bellunopress.it\/fr\/2023\/09\/19\/presentato-un-nuovo-progetto-destinato-agli-aspiranti-soccorritori\/\" \/>\n<meta property=\"og:locale\" content=\"fr_FR\" \/>\n<meta property=\"og:type\" content=\"article\" \/>\n<meta property=\"og:title\" content=\"Presentato un nuovo progetto destinato agli aspiranti soccorritori - Bellunopress - Dolomiti\" \/>\n<meta property=\"og:description\" content=\"Belluno, 19-09-23\u00a0 \u00a0\u00c8 dedicato a Mauro Piccolin il progetto presentato ieri nella sede del Soccorso Alpino e Speleologico Veneto e destinato agli aspiranti soccorritori, per colmare eventuali lacune nella loro preparazione alpinistica tecnica e curriculare, prima di affrontare le verifiche di ingresso dopo un anno di affiancamento nella loro futura Stazione territoriale. L&#8217;ammissione al Soccorso [&hellip;]\" \/>\n<meta property=\"og:url\" content=\"https:\/\/www.bellunopress.it\/fr\/2023\/09\/19\/presentato-un-nuovo-progetto-destinato-agli-aspiranti-soccorritori\/\" \/>\n<meta property=\"og:site_name\" content=\"Bellunopress - Dolomiti\" \/>\n<meta property=\"article:publisher\" content=\"https:\/\/www.facebook.com\/profile.php?id=100008943462799\" \/>\n<meta property=\"article:published_time\" content=\"2023-09-19T11:18:42+00:00\" \/>\n<meta property=\"og:image\" content=\"https:\/\/www.bellunopress.it\/wp-content\/uploads\/2023\/09\/progetto-aspiranti-soccorritori_edited.jpg\" \/>\n\t<meta property=\"og:image:width\" content=\"1000\" \/>\n\t<meta property=\"og:image:height\" content=\"742\" \/>\n\t<meta property=\"og:image:type\" content=\"image\/jpeg\" \/>\n<meta name=\"author\" content=\"redazione\" \/>\n<meta name=\"twitter:card\" content=\"summary_large_image\" \/>\n<meta name=\"twitter:creator\" content=\"@bellunopress\" \/>\n<meta name=\"twitter:site\" content=\"@bellunopress\" \/>\n<meta name=\"twitter:label1\" content=\"\u00c9crit par\" \/>\n\t<meta name=\"twitter:data1\" content=\"redazione\" \/>\n\t<meta name=\"twitter:label2\" content=\"Dur\u00e9e de lecture estim\u00e9e\" \/>\n\t<meta name=\"twitter:data2\" content=\"3 minutes\" \/>\n<script type=\"application\/ld+json\" class=\"yoast-schema-graph\">{\"@context\":\"https:\\\/\\\/schema.org\",\"@graph\":[{\"@type\":\"Article\",\"@id\":\"https:\\\/\\\/www.bellunopress.it\\\/2023\\\/09\\\/19\\\/presentato-un-nuovo-progetto-destinato-agli-aspiranti-soccorritori\\\/#article\",\"isPartOf\":{\"@id\":\"https:\\\/\\\/www.bellunopress.it\\\/2023\\\/09\\\/19\\\/presentato-un-nuovo-progetto-destinato-agli-aspiranti-soccorritori\\\/\"},\"author\":{\"name\":\"redazione\",\"@id\":\"https:\\\/\\\/www.bellunopress.it\\\/#\\\/schema\\\/person\\\/79bb06722b37ece1c03d3e94beb30d73\"},\"headline\":\"Presentato un nuovo progetto destinato agli aspiranti soccorritori\",\"datePublished\":\"2023-09-19T11:18:42+00:00\",\"mainEntityOfPage\":{\"@id\":\"https:\\\/\\\/www.bellunopress.it\\\/2023\\\/09\\\/19\\\/presentato-un-nuovo-progetto-destinato-agli-aspiranti-soccorritori\\\/\"},\"wordCount\":534,\"publisher\":{\"@id\":\"https:\\\/\\\/www.bellunopress.it\\\/#organization\"},\"image\":{\"@id\":\"https:\\\/\\\/www.bellunopress.it\\\/2023\\\/09\\\/19\\\/presentato-un-nuovo-progetto-destinato-agli-aspiranti-soccorritori\\\/#primaryimage\"},\"thumbnailUrl\":\"https:\\\/\\\/www.bellunopress.it\\\/wp-content\\\/uploads\\\/2023\\\/09\\\/progetto-aspiranti-soccorritori_edited.jpg\",\"articleSection\":[\"Prima Pagina\",\"Societ\u00e0, Associazioni, Istituzioni\"],\"inLanguage\":\"fr-FR\"},{\"@type\":\"WebPage\",\"@id\":\"https:\\\/\\\/www.bellunopress.it\\\/2023\\\/09\\\/19\\\/presentato-un-nuovo-progetto-destinato-agli-aspiranti-soccorritori\\\/\",\"url\":\"https:\\\/\\\/www.bellunopress.it\\\/2023\\\/09\\\/19\\\/presentato-un-nuovo-progetto-destinato-agli-aspiranti-soccorritori\\\/\",\"name\":\"Presentato un nuovo progetto destinato agli aspiranti soccorritori - Bellunopress - Dolomiti\",\"isPartOf\":{\"@id\":\"https:\\\/\\\/www.bellunopress.it\\\/#website\"},\"primaryImageOfPage\":{\"@id\":\"https:\\\/\\\/www.bellunopress.it\\\/2023\\\/09\\\/19\\\/presentato-un-nuovo-progetto-destinato-agli-aspiranti-soccorritori\\\/#primaryimage\"},\"image\":{\"@id\":\"https:\\\/\\\/www.bellunopress.it\\\/2023\\\/09\\\/19\\\/presentato-un-nuovo-progetto-destinato-agli-aspiranti-soccorritori\\\/#primaryimage\"},\"thumbnailUrl\":\"https:\\\/\\\/www.bellunopress.it\\\/wp-content\\\/uploads\\\/2023\\\/09\\\/progetto-aspiranti-soccorritori_edited.jpg\",\"datePublished\":\"2023-09-19T11:18:42+00:00\",\"breadcrumb\":{\"@id\":\"https:\\\/\\\/www.bellunopress.it\\\/2023\\\/09\\\/19\\\/presentato-un-nuovo-progetto-destinato-agli-aspiranti-soccorritori\\\/#breadcrumb\"},\"inLanguage\":\"fr-FR\",\"potentialAction\":[{\"@type\":\"ReadAction\",\"target\":[\"https:\\\/\\\/www.bellunopress.it\\\/2023\\\/09\\\/19\\\/presentato-un-nuovo-progetto-destinato-agli-aspiranti-soccorritori\\\/\"]}]},{\"@type\":\"ImageObject\",\"inLanguage\":\"fr-FR\",\"@id\":\"https:\\\/\\\/www.bellunopress.it\\\/2023\\\/09\\\/19\\\/presentato-un-nuovo-progetto-destinato-agli-aspiranti-soccorritori\\\/#primaryimage\",\"url\":\"https:\\\/\\\/www.bellunopress.it\\\/wp-content\\\/uploads\\\/2023\\\/09\\\/progetto-aspiranti-soccorritori_edited.jpg\",\"contentUrl\":\"https:\\\/\\\/www.bellunopress.it\\\/wp-content\\\/uploads\\\/2023\\\/09\\\/progetto-aspiranti-soccorritori_edited.jpg\",\"width\":1000,\"height\":742,\"caption\":\"soccorso alpino\"},{\"@type\":\"BreadcrumbList\",\"@id\":\"https:\\\/\\\/www.bellunopress.it\\\/2023\\\/09\\\/19\\\/presentato-un-nuovo-progetto-destinato-agli-aspiranti-soccorritori\\\/#breadcrumb\",\"itemListElement\":[{\"@type\":\"ListItem\",\"position\":1,\"name\":\"Home\",\"item\":\"https:\\\/\\\/www.bellunopress.it\\\/\"},{\"@type\":\"ListItem\",\"position\":2,\"name\":\"Presentato un nuovo progetto destinato agli aspiranti soccorritori\"}]},{\"@type\":\"WebSite\",\"@id\":\"https:\\\/\\\/www.bellunopress.it\\\/#website\",\"url\":\"https:\\\/\\\/www.bellunopress.it\\\/\",\"name\":\"Bellunopress - Dolomiti\",\"description\":\"e-mail: redazione@bellunopress.it\",\"publisher\":{\"@id\":\"https:\\\/\\\/www.bellunopress.it\\\/#organization\"},\"potentialAction\":[{\"@type\":\"SearchAction\",\"target\":{\"@type\":\"EntryPoint\",\"urlTemplate\":\"https:\\\/\\\/www.bellunopress.it\\\/?s={search_term_string}\"},\"query-input\":{\"@type\":\"PropertyValueSpecification\",\"valueRequired\":true,\"valueName\":\"search_term_string\"}}],\"inLanguage\":\"fr-FR\"},{\"@type\":\"Organization\",\"@id\":\"https:\\\/\\\/www.bellunopress.it\\\/#organization\",\"name\":\"Bellunopress\",\"url\":\"https:\\\/\\\/www.bellunopress.it\\\/\",\"logo\":{\"@type\":\"ImageObject\",\"inLanguage\":\"fr-FR\",\"@id\":\"https:\\\/\\\/www.bellunopress.it\\\/#\\\/schema\\\/logo\\\/image\\\/\",\"url\":\"https:\\\/\\\/www.bellunopress.it\\\/wp-content\\\/uploads\\\/2011\\\/05\\\/cropped-logo-bellunopress-.jpg\",\"contentUrl\":\"https:\\\/\\\/www.bellunopress.it\\\/wp-content\\\/uploads\\\/2011\\\/05\\\/cropped-logo-bellunopress-.jpg\",\"width\":512,\"height\":512,\"caption\":\"Bellunopress\"},\"image\":{\"@id\":\"https:\\\/\\\/www.bellunopress.it\\\/#\\\/schema\\\/logo\\\/image\\\/\"},\"sameAs\":[\"https:\\\/\\\/www.facebook.com\\\/profile.php?id=100008943462799\",\"https:\\\/\\\/x.com\\\/bellunopress\",\"https:\\\/\\\/www.linkedin.com\\\/hp\\\/?dnr=JBzUWaJfMUw8vbXJJ2tVW5-I3jZKvC4wsoxE&amp;amp;amp;amp;amp;amp;trk=nav_responsive_tab_home\",\"https:\\\/\\\/www.youtube.com\\\/channel\\\/UCxL0wu1uN0_3_7hGG0306cw\"]},{\"@type\":\"Person\",\"@id\":\"https:\\\/\\\/www.bellunopress.it\\\/#\\\/schema\\\/person\\\/79bb06722b37ece1c03d3e94beb30d73\",\"name\":\"redazione\",\"image\":{\"@type\":\"ImageObject\",\"inLanguage\":\"fr-FR\",\"@id\":\"https:\\\/\\\/secure.gravatar.com\\\/avatar\\\/37d968a2e67a6fd04c169c4bdef102d0bc5d31b2546345219e348575eb80e9a0?s=96&d=mm&r=g\",\"url\":\"https:\\\/\\\/secure.gravatar.com\\\/avatar\\\/37d968a2e67a6fd04c169c4bdef102d0bc5d31b2546345219e348575eb80e9a0?s=96&d=mm&r=g\",\"contentUrl\":\"https:\\\/\\\/secure.gravatar.com\\\/avatar\\\/37d968a2e67a6fd04c169c4bdef102d0bc5d31b2546345219e348575eb80e9a0?s=96&d=mm&r=g\",\"caption\":\"redazione\"},\"sameAs\":[\"http:\\\/\\\/www.bellunopress.it\",\"https:\\\/\\\/x.com\\\/bellunopress\"],\"url\":\"https:\\\/\\\/www.bellunopress.it\\\/fr\\\/author\\\/redazione\\\/\"}]}<\/script>\n<!-- \/ Yoast SEO plugin. -->","yoast_head_json":{"title":"Presentato un nuovo progetto destinato agli aspiranti soccorritori - Bellunopress - Dolomiti","robots":{"index":"index","follow":"follow","max-snippet":"max-snippet:-1","max-image-preview":"max-image-preview:large","max-video-preview":"max-video-preview:-1"},"canonical":"https:\/\/www.bellunopress.it\/fr\/2023\/09\/19\/presentato-un-nuovo-progetto-destinato-agli-aspiranti-soccorritori\/","og_locale":"fr_FR","og_type":"article","og_title":"Presentato un nuovo progetto destinato agli aspiranti soccorritori - Bellunopress - Dolomiti","og_description":"Belluno, 19-09-23\u00a0 \u00a0\u00c8 dedicato a Mauro Piccolin il progetto presentato ieri nella sede del Soccorso Alpino e Speleologico Veneto e destinato agli aspiranti soccorritori, per colmare eventuali lacune nella loro preparazione alpinistica tecnica e curriculare, prima di affrontare le verifiche di ingresso dopo un anno di affiancamento nella loro futura Stazione territoriale. L&#8217;ammissione al Soccorso [&hellip;]","og_url":"https:\/\/www.bellunopress.it\/fr\/2023\/09\/19\/presentato-un-nuovo-progetto-destinato-agli-aspiranti-soccorritori\/","og_site_name":"Bellunopress - Dolomiti","article_publisher":"https:\/\/www.facebook.com\/profile.php?id=100008943462799","article_published_time":"2023-09-19T11:18:42+00:00","og_image":[{"width":1000,"height":742,"url":"https:\/\/www.bellunopress.it\/wp-content\/uploads\/2023\/09\/progetto-aspiranti-soccorritori_edited.jpg","type":"image\/jpeg"}],"author":"redazione","twitter_card":"summary_large_image","twitter_creator":"@bellunopress","twitter_site":"@bellunopress","twitter_misc":{"\u00c9crit par":"redazione","Dur\u00e9e de lecture estim\u00e9e":"3 minutes"},"schema":{"@context":"https:\/\/schema.org","@graph":[{"@type":"Article","@id":"https:\/\/www.bellunopress.it\/2023\/09\/19\/presentato-un-nuovo-progetto-destinato-agli-aspiranti-soccorritori\/#article","isPartOf":{"@id":"https:\/\/www.bellunopress.it\/2023\/09\/19\/presentato-un-nuovo-progetto-destinato-agli-aspiranti-soccorritori\/"},"author":{"name":"redazione","@id":"https:\/\/www.bellunopress.it\/#\/schema\/person\/79bb06722b37ece1c03d3e94beb30d73"},"headline":"Presentato un nuovo progetto destinato agli aspiranti soccorritori","datePublished":"2023-09-19T11:18:42+00:00","mainEntityOfPage":{"@id":"https:\/\/www.bellunopress.it\/2023\/09\/19\/presentato-un-nuovo-progetto-destinato-agli-aspiranti-soccorritori\/"},"wordCount":534,"publisher":{"@id":"https:\/\/www.bellunopress.it\/#organization"},"image":{"@id":"https:\/\/www.bellunopress.it\/2023\/09\/19\/presentato-un-nuovo-progetto-destinato-agli-aspiranti-soccorritori\/#primaryimage"},"thumbnailUrl":"https:\/\/www.bellunopress.it\/wp-content\/uploads\/2023\/09\/progetto-aspiranti-soccorritori_edited.jpg","articleSection":["Prima Pagina","Societ\u00e0, Associazioni, Istituzioni"],"inLanguage":"fr-FR"},{"@type":"WebPage","@id":"https:\/\/www.bellunopress.it\/2023\/09\/19\/presentato-un-nuovo-progetto-destinato-agli-aspiranti-soccorritori\/","url":"https:\/\/www.bellunopress.it\/2023\/09\/19\/presentato-un-nuovo-progetto-destinato-agli-aspiranti-soccorritori\/","name":"Presentato un nuovo progetto destinato agli aspiranti soccorritori - Bellunopress - Dolomiti","isPartOf":{"@id":"https:\/\/www.bellunopress.it\/#website"},"primaryImageOfPage":{"@id":"https:\/\/www.bellunopress.it\/2023\/09\/19\/presentato-un-nuovo-progetto-destinato-agli-aspiranti-soccorritori\/#primaryimage"},"image":{"@id":"https:\/\/www.bellunopress.it\/2023\/09\/19\/presentato-un-nuovo-progetto-destinato-agli-aspiranti-soccorritori\/#primaryimage"},"thumbnailUrl":"https:\/\/www.bellunopress.it\/wp-content\/uploads\/2023\/09\/progetto-aspiranti-soccorritori_edited.jpg","datePublished":"2023-09-19T11:18:42+00:00","breadcrumb":{"@id":"https:\/\/www.bellunopress.it\/2023\/09\/19\/presentato-un-nuovo-progetto-destinato-agli-aspiranti-soccorritori\/#breadcrumb"},"inLanguage":"fr-FR","potentialAction":[{"@type":"ReadAction","target":["https:\/\/www.bellunopress.it\/2023\/09\/19\/presentato-un-nuovo-progetto-destinato-agli-aspiranti-soccorritori\/"]}]},{"@type":"ImageObject","inLanguage":"fr-FR","@id":"https:\/\/www.bellunopress.it\/2023\/09\/19\/presentato-un-nuovo-progetto-destinato-agli-aspiranti-soccorritori\/#primaryimage","url":"https:\/\/www.bellunopress.it\/wp-content\/uploads\/2023\/09\/progetto-aspiranti-soccorritori_edited.jpg","contentUrl":"https:\/\/www.bellunopress.it\/wp-content\/uploads\/2023\/09\/progetto-aspiranti-soccorritori_edited.jpg","width":1000,"height":742,"caption":"soccorso alpino"},{"@type":"BreadcrumbList","@id":"https:\/\/www.bellunopress.it\/2023\/09\/19\/presentato-un-nuovo-progetto-destinato-agli-aspiranti-soccorritori\/#breadcrumb","itemListElement":[{"@type":"ListItem","position":1,"name":"Home","item":"https:\/\/www.bellunopress.it\/"},{"@type":"ListItem","position":2,"name":"Presentato un nuovo progetto destinato agli aspiranti soccorritori"}]},{"@type":"WebSite","@id":"https:\/\/www.bellunopress.it\/#website","url":"https:\/\/www.bellunopress.it\/","name":"Bellunopress - Dolomiti","description":"e-mail: redazione@bellunopress.it","publisher":{"@id":"https:\/\/www.bellunopress.it\/#organization"},"potentialAction":[{"@type":"SearchAction","target":{"@type":"EntryPoint","urlTemplate":"https:\/\/www.bellunopress.it\/?s={search_term_string}"},"query-input":{"@type":"PropertyValueSpecification","valueRequired":true,"valueName":"search_term_string"}}],"inLanguage":"fr-FR"},{"@type":"Organization","@id":"https:\/\/www.bellunopress.it\/#organization","name":"Bellunopress","url":"https:\/\/www.bellunopress.it\/","logo":{"@type":"ImageObject","inLanguage":"fr-FR","@id":"https:\/\/www.bellunopress.it\/#\/schema\/logo\/image\/","url":"https:\/\/www.bellunopress.it\/wp-content\/uploads\/2011\/05\/cropped-logo-bellunopress-.jpg","contentUrl":"https:\/\/www.bellunopress.it\/wp-content\/uploads\/2011\/05\/cropped-logo-bellunopress-.jpg","width":512,"height":512,"caption":"Bellunopress"},"image":{"@id":"https:\/\/www.bellunopress.it\/#\/schema\/logo\/image\/"},"sameAs":["https:\/\/www.facebook.com\/profile.php?id=100008943462799","https:\/\/x.com\/bellunopress","https:\/\/www.linkedin.com\/hp\/?dnr=JBzUWaJfMUw8vbXJJ2tVW5-I3jZKvC4wsoxE&amp;amp;amp;amp;amp;amp;trk=nav_responsive_tab_home","https:\/\/www.youtube.com\/channel\/UCxL0wu1uN0_3_7hGG0306cw"]},{"@type":"Person","@id":"https:\/\/www.bellunopress.it\/#\/schema\/person\/79bb06722b37ece1c03d3e94beb30d73","name":"r\u00e9daction","image":{"@type":"ImageObject","inLanguage":"fr-FR","@id":"https:\/\/secure.gravatar.com\/avatar\/37d968a2e67a6fd04c169c4bdef102d0bc5d31b2546345219e348575eb80e9a0?s=96&d=mm&r=g","url":"https:\/\/secure.gravatar.com\/avatar\/37d968a2e67a6fd04c169c4bdef102d0bc5d31b2546345219e348575eb80e9a0?s=96&d=mm&r=g","contentUrl":"https:\/\/secure.gravatar.com\/avatar\/37d968a2e67a6fd04c169c4bdef102d0bc5d31b2546345219e348575eb80e9a0?s=96&d=mm&r=g","caption":"redazione"},"sameAs":["http:\/\/www.bellunopress.it","https:\/\/x.com\/bellunopress"],"url":"https:\/\/www.bellunopress.it\/fr\/author\/redazione\/"}]}},"_links":{"self":[{"href":"https:\/\/www.bellunopress.it\/fr\/wp-json\/wp\/v2\/posts\/144277","targetHints":{"allow":["GET"]}}],"collection":[{"href":"https:\/\/www.bellunopress.it\/fr\/wp-json\/wp\/v2\/posts"}],"about":[{"href":"https:\/\/www.bellunopress.it\/fr\/wp-json\/wp\/v2\/types\/post"}],"author":[{"embeddable":true,"href":"https:\/\/www.bellunopress.it\/fr\/wp-json\/wp\/v2\/users\/2"}],"replies":[{"embeddable":true,"href":"https:\/\/www.bellunopress.it\/fr\/wp-json\/wp\/v2\/comments?post=144277"}],"version-history":[{"count":1,"href":"https:\/\/www.bellunopress.it\/fr\/wp-json\/wp\/v2\/posts\/144277\/revisions"}],"predecessor-version":[{"id":144279,"href":"https:\/\/www.bellunopress.it\/fr\/wp-json\/wp\/v2\/posts\/144277\/revisions\/144279"}],"wp:featuredmedia":[{"embeddable":true,"href":"https:\/\/www.bellunopress.it\/fr\/wp-json\/wp\/v2\/media\/144278"}],"wp:attachment":[{"href":"https:\/\/www.bellunopress.it\/fr\/wp-json\/wp\/v2\/media?parent=144277"}],"wp:term":[{"taxonomy":"category","embeddable":true,"href":"https:\/\/www.bellunopress.it\/fr\/wp-json\/wp\/v2\/categories?post=144277"},{"taxonomy":"post_tag","embeddable":true,"href":"https:\/\/www.bellunopress.it\/fr\/wp-json\/wp\/v2\/tags?post=144277"}],"curies":[{"name":"wp","href":"https:\/\/api.w.org\/{rel}","templated":true}]}}