{"id":144098,"date":"2023-09-12T05:31:33","date_gmt":"2023-09-12T03:31:33","guid":{"rendered":"https:\/\/www.bellunopress.it\/?p=144098"},"modified":"2023-09-12T05:31:33","modified_gmt":"2023-09-12T03:31:33","slug":"autostrada-e-grandi-opere-olimpiche-la-montagna-asservita","status":"publish","type":"post","link":"https:\/\/www.bellunopress.it\/fr\/2023\/09\/12\/autostrada-e-grandi-opere-olimpiche-la-montagna-asservita\/","title":{"rendered":"Autostrada e grandi opere olimpiche: la montagna asservita"},"content":{"rendered":"<p><img loading=\"lazy\" decoding=\"async\" class=\"alignleft size-full wp-image-142988\" src=\"https:\/\/www.bellunopress.it\/wp-content\/uploads\/2023\/07\/peraltrestrade_edited.jpg\" alt=\"\" width=\"1000\" height=\"251\" srcset=\"https:\/\/www.bellunopress.it\/wp-content\/uploads\/2023\/07\/peraltrestrade_edited.jpg 1000w, https:\/\/www.bellunopress.it\/wp-content\/uploads\/2023\/07\/peraltrestrade_edited-500x126.jpg 500w, https:\/\/www.bellunopress.it\/wp-content\/uploads\/2023\/07\/peraltrestrade_edited-696x175.jpg 696w\" sizes=\"auto, (max-width: 1000px) 100vw, 1000px\" \/>Come previsto, \u00e8 tornato prepotentemente di attualit\u00e0 il tema pi\u00f9 volte morto e risorto<br \/>\ndell\u2019autostrada Venezia-Monaco, con il prolungamento dell\u2019A27 oltre Pian di Vedoia,<br \/>\nattraverso il Cadore centrale, il Comelico e le verdi valli del Tirolo Orientale.<\/p>\n<p>Lo sottolinea in una nota l&#8217;Associazione Peraltrestrade Dolomiti.<\/p>\n<p>A guidare la crociata &#8211; prosegue la nota &#8211;\u00a0 \u00e8 Lorraine Berton, presidente dell\u2019associazione di categoria Confindustria Belluno-Treviso, per la quale lo \u201cSFONDAMENTO A NORD\u201d \u00e8 un chiodo fisso, al limite dell\u2019ossessione (quasi una questione personale, o di famiglia), proprio come lo sono la nuova pista da bob, il villaggio olimpico di Cortina e i tre famigerati collegamenti sciistici Cortina-Badia, Cortina-Arabba, Cortina-Civetta per il presidente della Regione Veneto Luca Zaia.<\/p>\n<p>Peccato che ancora non ci abbiano spiegato in termini chiari quali vantaggi porterebbe alla<br \/>\nnostra provincia di montagna la realizzazione di queste grandi opere, dove \u00e8 evidente che<br \/>\nla montagna esiste SOLO come occasione delle Olimpiadi, e queste sono SOLO<br \/>\noccasione di nuove infrastrutture.<\/p>\n<p>Se diventare un corridoio di traffico internazionale (svuotato nel frattempo di ogni servizio,<br \/>\na partire da quello sanitario) e un luna-park per un turismo mordi-e-fuggi fosse la vera<br \/>\nambizione di futuro da parte del Cadore\/Comelico, sarebbe inevitabile (e forse giusto) che<br \/>\nquesti morissero del tutto: come demografia, come economia propria, come territorio. Per<br \/>\nfortuna non \u00e8 cos\u00ec&#8230;<\/p>\n<p>\u00c9 palese, oltre ogni dubbio, che chi porta avanti questi progetti tiene conto pi\u00f9 delle potenti<br \/>\nlobby economiche del cemento e delle energie fossili che delle esigenze, delle fragilit\u00e0, e<br \/>\nal contempo delle tante potenzialit\u00e0 &#8211; che non siano quelle legate allo sfruttamento<br \/>\nimmediato &#8211; della montagna dolomitica.<br \/>\nPrenderne coscienza, smascherare i falsi profeti, riaffermare i nostri diritti: in assenza di<br \/>\nquesto, il rischio per le comunit\u00e0 locali \u00e8 di venire sopraffatte e letteralmente spazzate via,<br \/>\no asservite.<\/p>\n<p>&nbsp;<\/p>","protected":false},"excerpt":{"rendered":"<p>Come previsto, \u00e8 tornato prepotentemente di attualit\u00e0 il tema pi\u00f9 volte morto e risorto dell\u2019autostrada Venezia-Monaco, con il prolungamento dell\u2019A27 oltre Pian di Vedoia, attraverso il Cadore centrale, il Comelico e le verdi valli del Tirolo Orientale. Lo sottolinea in una nota l&#8217;Associazione Peraltrestrade Dolomiti. A guidare la crociata &#8211; prosegue la nota &#8211;\u00a0 \u00e8 [&hellip;]<\/p>\n","protected":false},"author":2,"featured_media":142988,"comment_status":"closed","ping_status":"open","sticky":false,"template":"","format":"standard","meta":{"footnotes":""},"categories":[1,8],"tags":[],"class_list":["post-144098","post","type-post","status-publish","format-standard","has-post-thumbnail","category-leo","category-societa-istituzioni"],"yoast_head":"<!-- This site is optimized with the Yoast SEO plugin v28.4 - https:\/\/yoast.com\/product\/yoast-seo-wordpress\/ -->\n<title>Autostrada e grandi opere olimpiche: la montagna asservita - Bellunopress - Dolomiti<\/title>\n<meta name=\"robots\" content=\"index, follow, max-snippet:-1, max-image-preview:large, max-video-preview:-1\" \/>\n<link rel=\"canonical\" href=\"https:\/\/www.bellunopress.it\/fr\/2023\/09\/12\/autostrada-e-grandi-opere-olimpiche-la-montagna-asservita\/\" \/>\n<meta property=\"og:locale\" content=\"fr_FR\" \/>\n<meta property=\"og:type\" content=\"article\" \/>\n<meta property=\"og:title\" content=\"Autostrada e grandi opere olimpiche: la montagna asservita - Bellunopress - Dolomiti\" \/>\n<meta property=\"og:description\" content=\"Come previsto, \u00e8 tornato prepotentemente di attualit\u00e0 il tema pi\u00f9 volte morto e risorto dell\u2019autostrada Venezia-Monaco, con il prolungamento dell\u2019A27 oltre Pian di Vedoia, attraverso il Cadore centrale, il Comelico e le verdi valli del Tirolo Orientale. Lo sottolinea in una nota l&#8217;Associazione Peraltrestrade Dolomiti. A guidare la crociata &#8211; prosegue la nota &#8211;\u00a0 \u00e8 [&hellip;]\" \/>\n<meta property=\"og:url\" content=\"https:\/\/www.bellunopress.it\/fr\/2023\/09\/12\/autostrada-e-grandi-opere-olimpiche-la-montagna-asservita\/\" \/>\n<meta property=\"og:site_name\" content=\"Bellunopress - Dolomiti\" \/>\n<meta property=\"article:publisher\" content=\"https:\/\/www.facebook.com\/profile.php?id=100008943462799\" \/>\n<meta property=\"article:published_time\" content=\"2023-09-12T03:31:33+00:00\" \/>\n<meta property=\"og:image\" content=\"https:\/\/www.bellunopress.it\/wp-content\/uploads\/2023\/07\/peraltrestrade_edited.jpg\" \/>\n\t<meta property=\"og:image:width\" content=\"1000\" \/>\n\t<meta property=\"og:image:height\" content=\"251\" \/>\n\t<meta property=\"og:image:type\" content=\"image\/jpeg\" \/>\n<meta name=\"author\" content=\"redazione\" \/>\n<meta name=\"twitter:card\" content=\"summary_large_image\" \/>\n<meta name=\"twitter:creator\" content=\"@bellunopress\" \/>\n<meta name=\"twitter:site\" content=\"@bellunopress\" \/>\n<meta name=\"twitter:label1\" content=\"\u00c9crit par\" \/>\n\t<meta name=\"twitter:data1\" content=\"redazione\" \/>\n\t<meta name=\"twitter:label2\" content=\"Dur\u00e9e de lecture estim\u00e9e\" \/>\n\t<meta name=\"twitter:data2\" content=\"1 minute\" \/>\n<script type=\"application\/ld+json\" class=\"yoast-schema-graph\">{\"@context\":\"https:\\\/\\\/schema.org\",\"@graph\":[{\"@type\":\"Article\",\"@id\":\"https:\\\/\\\/www.bellunopress.it\\\/2023\\\/09\\\/12\\\/autostrada-e-grandi-opere-olimpiche-la-montagna-asservita\\\/#article\",\"isPartOf\":{\"@id\":\"https:\\\/\\\/www.bellunopress.it\\\/2023\\\/09\\\/12\\\/autostrada-e-grandi-opere-olimpiche-la-montagna-asservita\\\/\"},\"author\":{\"name\":\"redazione\",\"@id\":\"https:\\\/\\\/www.bellunopress.it\\\/#\\\/schema\\\/person\\\/79bb06722b37ece1c03d3e94beb30d73\"},\"headline\":\"Autostrada e grandi opere olimpiche: la montagna asservita\",\"datePublished\":\"2023-09-12T03:31:33+00:00\",\"mainEntityOfPage\":{\"@id\":\"https:\\\/\\\/www.bellunopress.it\\\/2023\\\/09\\\/12\\\/autostrada-e-grandi-opere-olimpiche-la-montagna-asservita\\\/\"},\"wordCount\":302,\"publisher\":{\"@id\":\"https:\\\/\\\/www.bellunopress.it\\\/#organization\"},\"image\":{\"@id\":\"https:\\\/\\\/www.bellunopress.it\\\/2023\\\/09\\\/12\\\/autostrada-e-grandi-opere-olimpiche-la-montagna-asservita\\\/#primaryimage\"},\"thumbnailUrl\":\"https:\\\/\\\/www.bellunopress.it\\\/wp-content\\\/uploads\\\/2023\\\/07\\\/peraltrestrade_edited.jpg\",\"articleSection\":[\"Lettere Opinioni\",\"Societ\u00e0, Associazioni, Istituzioni\"],\"inLanguage\":\"fr-FR\"},{\"@type\":\"WebPage\",\"@id\":\"https:\\\/\\\/www.bellunopress.it\\\/2023\\\/09\\\/12\\\/autostrada-e-grandi-opere-olimpiche-la-montagna-asservita\\\/\",\"url\":\"https:\\\/\\\/www.bellunopress.it\\\/2023\\\/09\\\/12\\\/autostrada-e-grandi-opere-olimpiche-la-montagna-asservita\\\/\",\"name\":\"Autostrada e grandi opere olimpiche: la montagna asservita - Bellunopress - Dolomiti\",\"isPartOf\":{\"@id\":\"https:\\\/\\\/www.bellunopress.it\\\/#website\"},\"primaryImageOfPage\":{\"@id\":\"https:\\\/\\\/www.bellunopress.it\\\/2023\\\/09\\\/12\\\/autostrada-e-grandi-opere-olimpiche-la-montagna-asservita\\\/#primaryimage\"},\"image\":{\"@id\":\"https:\\\/\\\/www.bellunopress.it\\\/2023\\\/09\\\/12\\\/autostrada-e-grandi-opere-olimpiche-la-montagna-asservita\\\/#primaryimage\"},\"thumbnailUrl\":\"https:\\\/\\\/www.bellunopress.it\\\/wp-content\\\/uploads\\\/2023\\\/07\\\/peraltrestrade_edited.jpg\",\"datePublished\":\"2023-09-12T03:31:33+00:00\",\"breadcrumb\":{\"@id\":\"https:\\\/\\\/www.bellunopress.it\\\/2023\\\/09\\\/12\\\/autostrada-e-grandi-opere-olimpiche-la-montagna-asservita\\\/#breadcrumb\"},\"inLanguage\":\"fr-FR\",\"potentialAction\":[{\"@type\":\"ReadAction\",\"target\":[\"https:\\\/\\\/www.bellunopress.it\\\/2023\\\/09\\\/12\\\/autostrada-e-grandi-opere-olimpiche-la-montagna-asservita\\\/\"]}]},{\"@type\":\"ImageObject\",\"inLanguage\":\"fr-FR\",\"@id\":\"https:\\\/\\\/www.bellunopress.it\\\/2023\\\/09\\\/12\\\/autostrada-e-grandi-opere-olimpiche-la-montagna-asservita\\\/#primaryimage\",\"url\":\"https:\\\/\\\/www.bellunopress.it\\\/wp-content\\\/uploads\\\/2023\\\/07\\\/peraltrestrade_edited.jpg\",\"contentUrl\":\"https:\\\/\\\/www.bellunopress.it\\\/wp-content\\\/uploads\\\/2023\\\/07\\\/peraltrestrade_edited.jpg\",\"width\":1000,\"height\":251},{\"@type\":\"BreadcrumbList\",\"@id\":\"https:\\\/\\\/www.bellunopress.it\\\/2023\\\/09\\\/12\\\/autostrada-e-grandi-opere-olimpiche-la-montagna-asservita\\\/#breadcrumb\",\"itemListElement\":[{\"@type\":\"ListItem\",\"position\":1,\"name\":\"Home\",\"item\":\"https:\\\/\\\/www.bellunopress.it\\\/\"},{\"@type\":\"ListItem\",\"position\":2,\"name\":\"Autostrada e grandi opere olimpiche: la montagna asservita\"}]},{\"@type\":\"WebSite\",\"@id\":\"https:\\\/\\\/www.bellunopress.it\\\/#website\",\"url\":\"https:\\\/\\\/www.bellunopress.it\\\/\",\"name\":\"Bellunopress - Dolomiti\",\"description\":\"e-mail: redazione@bellunopress.it\",\"publisher\":{\"@id\":\"https:\\\/\\\/www.bellunopress.it\\\/#organization\"},\"potentialAction\":[{\"@type\":\"SearchAction\",\"target\":{\"@type\":\"EntryPoint\",\"urlTemplate\":\"https:\\\/\\\/www.bellunopress.it\\\/?s={search_term_string}\"},\"query-input\":{\"@type\":\"PropertyValueSpecification\",\"valueRequired\":true,\"valueName\":\"search_term_string\"}}],\"inLanguage\":\"fr-FR\"},{\"@type\":\"Organization\",\"@id\":\"https:\\\/\\\/www.bellunopress.it\\\/#organization\",\"name\":\"Bellunopress\",\"url\":\"https:\\\/\\\/www.bellunopress.it\\\/\",\"logo\":{\"@type\":\"ImageObject\",\"inLanguage\":\"fr-FR\",\"@id\":\"https:\\\/\\\/www.bellunopress.it\\\/#\\\/schema\\\/logo\\\/image\\\/\",\"url\":\"https:\\\/\\\/www.bellunopress.it\\\/wp-content\\\/uploads\\\/2011\\\/05\\\/cropped-logo-bellunopress-.jpg\",\"contentUrl\":\"https:\\\/\\\/www.bellunopress.it\\\/wp-content\\\/uploads\\\/2011\\\/05\\\/cropped-logo-bellunopress-.jpg\",\"width\":512,\"height\":512,\"caption\":\"Bellunopress\"},\"image\":{\"@id\":\"https:\\\/\\\/www.bellunopress.it\\\/#\\\/schema\\\/logo\\\/image\\\/\"},\"sameAs\":[\"https:\\\/\\\/www.facebook.com\\\/profile.php?id=100008943462799\",\"https:\\\/\\\/x.com\\\/bellunopress\",\"https:\\\/\\\/www.linkedin.com\\\/hp\\\/?dnr=JBzUWaJfMUw8vbXJJ2tVW5-I3jZKvC4wsoxE&amp;amp;amp;amp;amp;amp;trk=nav_responsive_tab_home\",\"https:\\\/\\\/www.youtube.com\\\/channel\\\/UCxL0wu1uN0_3_7hGG0306cw\"]},{\"@type\":\"Person\",\"@id\":\"https:\\\/\\\/www.bellunopress.it\\\/#\\\/schema\\\/person\\\/79bb06722b37ece1c03d3e94beb30d73\",\"name\":\"redazione\",\"image\":{\"@type\":\"ImageObject\",\"inLanguage\":\"fr-FR\",\"@id\":\"https:\\\/\\\/secure.gravatar.com\\\/avatar\\\/37d968a2e67a6fd04c169c4bdef102d0bc5d31b2546345219e348575eb80e9a0?s=96&d=mm&r=g\",\"url\":\"https:\\\/\\\/secure.gravatar.com\\\/avatar\\\/37d968a2e67a6fd04c169c4bdef102d0bc5d31b2546345219e348575eb80e9a0?s=96&d=mm&r=g\",\"contentUrl\":\"https:\\\/\\\/secure.gravatar.com\\\/avatar\\\/37d968a2e67a6fd04c169c4bdef102d0bc5d31b2546345219e348575eb80e9a0?s=96&d=mm&r=g\",\"caption\":\"redazione\"},\"sameAs\":[\"http:\\\/\\\/www.bellunopress.it\",\"https:\\\/\\\/x.com\\\/bellunopress\"],\"url\":\"https:\\\/\\\/www.bellunopress.it\\\/fr\\\/author\\\/redazione\\\/\"}]}<\/script>\n<!-- \/ Yoast SEO plugin. -->","yoast_head_json":{"title":"Autostrada e grandi opere olimpiche: la montagna asservita - Bellunopress - Dolomiti","robots":{"index":"index","follow":"follow","max-snippet":"max-snippet:-1","max-image-preview":"max-image-preview:large","max-video-preview":"max-video-preview:-1"},"canonical":"https:\/\/www.bellunopress.it\/fr\/2023\/09\/12\/autostrada-e-grandi-opere-olimpiche-la-montagna-asservita\/","og_locale":"fr_FR","og_type":"article","og_title":"Autostrada e grandi opere olimpiche: la montagna asservita - Bellunopress - Dolomiti","og_description":"Come previsto, \u00e8 tornato prepotentemente di attualit\u00e0 il tema pi\u00f9 volte morto e risorto dell\u2019autostrada Venezia-Monaco, con il prolungamento dell\u2019A27 oltre Pian di Vedoia, attraverso il Cadore centrale, il Comelico e le verdi valli del Tirolo Orientale. Lo sottolinea in una nota l&#8217;Associazione Peraltrestrade Dolomiti. A guidare la crociata &#8211; prosegue la nota &#8211;\u00a0 \u00e8 [&hellip;]","og_url":"https:\/\/www.bellunopress.it\/fr\/2023\/09\/12\/autostrada-e-grandi-opere-olimpiche-la-montagna-asservita\/","og_site_name":"Bellunopress - Dolomiti","article_publisher":"https:\/\/www.facebook.com\/profile.php?id=100008943462799","article_published_time":"2023-09-12T03:31:33+00:00","og_image":[{"width":1000,"height":251,"url":"https:\/\/www.bellunopress.it\/wp-content\/uploads\/2023\/07\/peraltrestrade_edited.jpg","type":"image\/jpeg"}],"author":"redazione","twitter_card":"summary_large_image","twitter_creator":"@bellunopress","twitter_site":"@bellunopress","twitter_misc":{"\u00c9crit par":"redazione","Dur\u00e9e de lecture estim\u00e9e":"1 minute"},"schema":{"@context":"https:\/\/schema.org","@graph":[{"@type":"Article","@id":"https:\/\/www.bellunopress.it\/2023\/09\/12\/autostrada-e-grandi-opere-olimpiche-la-montagna-asservita\/#article","isPartOf":{"@id":"https:\/\/www.bellunopress.it\/2023\/09\/12\/autostrada-e-grandi-opere-olimpiche-la-montagna-asservita\/"},"author":{"name":"redazione","@id":"https:\/\/www.bellunopress.it\/#\/schema\/person\/79bb06722b37ece1c03d3e94beb30d73"},"headline":"Autostrada e grandi opere olimpiche: la montagna asservita","datePublished":"2023-09-12T03:31:33+00:00","mainEntityOfPage":{"@id":"https:\/\/www.bellunopress.it\/2023\/09\/12\/autostrada-e-grandi-opere-olimpiche-la-montagna-asservita\/"},"wordCount":302,"publisher":{"@id":"https:\/\/www.bellunopress.it\/#organization"},"image":{"@id":"https:\/\/www.bellunopress.it\/2023\/09\/12\/autostrada-e-grandi-opere-olimpiche-la-montagna-asservita\/#primaryimage"},"thumbnailUrl":"https:\/\/www.bellunopress.it\/wp-content\/uploads\/2023\/07\/peraltrestrade_edited.jpg","articleSection":["Lettere Opinioni","Societ\u00e0, Associazioni, Istituzioni"],"inLanguage":"fr-FR"},{"@type":"WebPage","@id":"https:\/\/www.bellunopress.it\/2023\/09\/12\/autostrada-e-grandi-opere-olimpiche-la-montagna-asservita\/","url":"https:\/\/www.bellunopress.it\/2023\/09\/12\/autostrada-e-grandi-opere-olimpiche-la-montagna-asservita\/","name":"Autostrada e grandi opere olimpiche: la montagna asservita - Bellunopress - Dolomiti","isPartOf":{"@id":"https:\/\/www.bellunopress.it\/#website"},"primaryImageOfPage":{"@id":"https:\/\/www.bellunopress.it\/2023\/09\/12\/autostrada-e-grandi-opere-olimpiche-la-montagna-asservita\/#primaryimage"},"image":{"@id":"https:\/\/www.bellunopress.it\/2023\/09\/12\/autostrada-e-grandi-opere-olimpiche-la-montagna-asservita\/#primaryimage"},"thumbnailUrl":"https:\/\/www.bellunopress.it\/wp-content\/uploads\/2023\/07\/peraltrestrade_edited.jpg","datePublished":"2023-09-12T03:31:33+00:00","breadcrumb":{"@id":"https:\/\/www.bellunopress.it\/2023\/09\/12\/autostrada-e-grandi-opere-olimpiche-la-montagna-asservita\/#breadcrumb"},"inLanguage":"fr-FR","potentialAction":[{"@type":"ReadAction","target":["https:\/\/www.bellunopress.it\/2023\/09\/12\/autostrada-e-grandi-opere-olimpiche-la-montagna-asservita\/"]}]},{"@type":"ImageObject","inLanguage":"fr-FR","@id":"https:\/\/www.bellunopress.it\/2023\/09\/12\/autostrada-e-grandi-opere-olimpiche-la-montagna-asservita\/#primaryimage","url":"https:\/\/www.bellunopress.it\/wp-content\/uploads\/2023\/07\/peraltrestrade_edited.jpg","contentUrl":"https:\/\/www.bellunopress.it\/wp-content\/uploads\/2023\/07\/peraltrestrade_edited.jpg","width":1000,"height":251},{"@type":"BreadcrumbList","@id":"https:\/\/www.bellunopress.it\/2023\/09\/12\/autostrada-e-grandi-opere-olimpiche-la-montagna-asservita\/#breadcrumb","itemListElement":[{"@type":"ListItem","position":1,"name":"Home","item":"https:\/\/www.bellunopress.it\/"},{"@type":"ListItem","position":2,"name":"Autostrada e grandi opere olimpiche: la montagna asservita"}]},{"@type":"WebSite","@id":"https:\/\/www.bellunopress.it\/#website","url":"https:\/\/www.bellunopress.it\/","name":"Bellunopress - Dolomiti","description":"e-mail: redazione@bellunopress.it","publisher":{"@id":"https:\/\/www.bellunopress.it\/#organization"},"potentialAction":[{"@type":"SearchAction","target":{"@type":"EntryPoint","urlTemplate":"https:\/\/www.bellunopress.it\/?s={search_term_string}"},"query-input":{"@type":"PropertyValueSpecification","valueRequired":true,"valueName":"search_term_string"}}],"inLanguage":"fr-FR"},{"@type":"Organization","@id":"https:\/\/www.bellunopress.it\/#organization","name":"Bellunopress","url":"https:\/\/www.bellunopress.it\/","logo":{"@type":"ImageObject","inLanguage":"fr-FR","@id":"https:\/\/www.bellunopress.it\/#\/schema\/logo\/image\/","url":"https:\/\/www.bellunopress.it\/wp-content\/uploads\/2011\/05\/cropped-logo-bellunopress-.jpg","contentUrl":"https:\/\/www.bellunopress.it\/wp-content\/uploads\/2011\/05\/cropped-logo-bellunopress-.jpg","width":512,"height":512,"caption":"Bellunopress"},"image":{"@id":"https:\/\/www.bellunopress.it\/#\/schema\/logo\/image\/"},"sameAs":["https:\/\/www.facebook.com\/profile.php?id=100008943462799","https:\/\/x.com\/bellunopress","https:\/\/www.linkedin.com\/hp\/?dnr=JBzUWaJfMUw8vbXJJ2tVW5-I3jZKvC4wsoxE&amp;amp;amp;amp;amp;amp;trk=nav_responsive_tab_home","https:\/\/www.youtube.com\/channel\/UCxL0wu1uN0_3_7hGG0306cw"]},{"@type":"Person","@id":"https:\/\/www.bellunopress.it\/#\/schema\/person\/79bb06722b37ece1c03d3e94beb30d73","name":"r\u00e9daction","image":{"@type":"ImageObject","inLanguage":"fr-FR","@id":"https:\/\/secure.gravatar.com\/avatar\/37d968a2e67a6fd04c169c4bdef102d0bc5d31b2546345219e348575eb80e9a0?s=96&d=mm&r=g","url":"https:\/\/secure.gravatar.com\/avatar\/37d968a2e67a6fd04c169c4bdef102d0bc5d31b2546345219e348575eb80e9a0?s=96&d=mm&r=g","contentUrl":"https:\/\/secure.gravatar.com\/avatar\/37d968a2e67a6fd04c169c4bdef102d0bc5d31b2546345219e348575eb80e9a0?s=96&d=mm&r=g","caption":"redazione"},"sameAs":["http:\/\/www.bellunopress.it","https:\/\/x.com\/bellunopress"],"url":"https:\/\/www.bellunopress.it\/fr\/author\/redazione\/"}]}},"_links":{"self":[{"href":"https:\/\/www.bellunopress.it\/fr\/wp-json\/wp\/v2\/posts\/144098","targetHints":{"allow":["GET"]}}],"collection":[{"href":"https:\/\/www.bellunopress.it\/fr\/wp-json\/wp\/v2\/posts"}],"about":[{"href":"https:\/\/www.bellunopress.it\/fr\/wp-json\/wp\/v2\/types\/post"}],"author":[{"embeddable":true,"href":"https:\/\/www.bellunopress.it\/fr\/wp-json\/wp\/v2\/users\/2"}],"replies":[{"embeddable":true,"href":"https:\/\/www.bellunopress.it\/fr\/wp-json\/wp\/v2\/comments?post=144098"}],"version-history":[{"count":1,"href":"https:\/\/www.bellunopress.it\/fr\/wp-json\/wp\/v2\/posts\/144098\/revisions"}],"predecessor-version":[{"id":144099,"href":"https:\/\/www.bellunopress.it\/fr\/wp-json\/wp\/v2\/posts\/144098\/revisions\/144099"}],"wp:featuredmedia":[{"embeddable":true,"href":"https:\/\/www.bellunopress.it\/fr\/wp-json\/wp\/v2\/media\/142988"}],"wp:attachment":[{"href":"https:\/\/www.bellunopress.it\/fr\/wp-json\/wp\/v2\/media?parent=144098"}],"wp:term":[{"taxonomy":"category","embeddable":true,"href":"https:\/\/www.bellunopress.it\/fr\/wp-json\/wp\/v2\/categories?post=144098"},{"taxonomy":"post_tag","embeddable":true,"href":"https:\/\/www.bellunopress.it\/fr\/wp-json\/wp\/v2\/tags?post=144098"}],"curies":[{"name":"wp","href":"https:\/\/api.w.org\/{rel}","templated":true}]}}