{"id":144095,"date":"2023-09-12T05:24:05","date_gmt":"2023-09-12T03:24:05","guid":{"rendered":"https:\/\/www.bellunopress.it\/?p=144095"},"modified":"2023-09-12T05:25:16","modified_gmt":"2023-09-12T03:25:16","slug":"criticita-della-pista-bob","status":"publish","type":"post","link":"https:\/\/www.bellunopress.it\/fr\/2023\/09\/12\/criticita-della-pista-bob\/","title":{"rendered":"Cortina. Criticit\u00e0 della pista da bob"},"content":{"rendered":"<p><img loading=\"lazy\" decoding=\"async\" class=\"alignleft size-full wp-image-112601\" src=\"https:\/\/www.bellunopress.it\/wp-content\/uploads\/2020\/03\/lettere-al-direttore-bellunopress.jpg\" alt=\"\" width=\"677\" height=\"454\" srcset=\"https:\/\/www.bellunopress.it\/wp-content\/uploads\/2020\/03\/lettere-al-direttore-bellunopress.jpg 677w, https:\/\/www.bellunopress.it\/wp-content\/uploads\/2020\/03\/lettere-al-direttore-bellunopress-500x335.jpg 500w, https:\/\/www.bellunopress.it\/wp-content\/uploads\/2020\/03\/lettere-al-direttore-bellunopress-626x420.jpg 626w\" sizes=\"auto, (max-width: 677px) 100vw, 677px\" \/>Cortina d\u2019Ampezzo, 11 settembre 2023<\/p>\n<p>Caro Direttore,<br \/>\nla settimana scorsa, un gruppo di tecnici delle ditte Webuild e Pizzarotti, accompagnati dai funzionari della SIMICO (Societ\u00e0 Infrastrutture Milano Cortina), ha effettuato un sopralluogo nel futuro cantiere di quella che dovrebbe essere la nuova pista da bob per le Olimpiadi invernali 2026.<br \/>\nA questi tecnici, che forse non conoscono approfonditamente la situazione di Cortina, noi indigeni sottoponiamo alcune considerazioni di cui non si potr\u00e0 non tener conto in fase di programmazione dei lavori:<\/p>\n<p>1. nevica di solito in inverno e la neve, come le statistiche ci dicono, pu\u00f2 iniziare a cadere la settimana dei \u201cmorti\u201d. Brutto affare, questo, per i lavori sul territorio.<br \/>\n2. abbiamo tre periodi di caotico sovraffollamento, strade intasate dal traffico, parcheggi strapieni, rallentamenti in accesso ed uscita da Cortina. Questi periodi vanno da Natale all\u2019Epifania, la settimana di Pasqua e dal 15 luglio a fine agosto. Almeno due mesi di difficolt\u00e0, tanto che ci siamo attrezzati per la nostra mobilit\u00e0: sembriamo olandesi, tutti i residenti vanno in bicicletta, almeno quando il tempo lo permette.<br \/>\n3. anche gli esercizi commerciali soffrono durante questo eccesso di presenze, code interminabili ai ristoranti e pizzerie, negozi in crisi, fornitori bloccati in mezzo al traffico.<br \/>\n4. il cantiere si trova in una posizione non molto felice per quanto riguarda i collegamenti. L\u2019unica strada praticabile per i lavori dovr\u00e0 essere demolita e sostituita da una nuova viabilit\u00e0 con relativo sottopasso, mentre lo sbocco della stessa verso la frazione di Cadin di Sotto verr\u00e0 probabilmente chiuso per lavori urgenti al ponte che dovrebbero riprendere in autunno.<br \/>\n5. anche il ponte che permette di raggiungere agevolmente le curve terminali della pista \u00e8 gravemente ammalorato e non permette il transito dei mezzi pesanti. Un bel guaio.<br \/>\n6. l\u2019unica strada praticabile, come sopra ricordato, permette alle famiglie di quattro frazioni, Cadin di Sopra, Cadin di Sotto, Cadelverzo di Sopra e Cadelverzo di Sotto, pi\u00f9 l\u2019abitazione presso il Lago Bandion, di raggiungere il centro di Cortina ed \u00e8 trafficata a tutte le ore, oltre ad avere una carreggiata ristretta che rende difficoltoso l\u2019incrocio dei mezzi di maggior larghezza.<br \/>\n7. ad aggiungere ulteriore difficolt\u00e0, la progettata nuova strada non sembra avere una pendenza ragionevole: per permettere la realizzazione dell\u2019arrivo della pista da bob, si \u00e8 scelto di eliminare i due tornanti che addolcivano la pendenza e cos\u00ec si preannunciano difficolt\u00e0 in caso di nevicate.<br \/>\n8. ricordiamo che la demolizione delle strutture della vecchia pista, prevista nello step n.1, non \u00e8 ancora completata e quindi oltre ai lavori di costruzione dell\u2019impianto, restano da demolire sia il Bob bar che la casa del custode; dovr\u00e0 essere rimosso il relativo cantiere e le attrezzature in esso contenute, ormai da mesi inutilmente giacenti; da demolire anche la passerella e il sovrappasso della pista, come pure il planetario ed in parte il parco giochi (costato pi\u00f9 di un milione di euro), da poco realizzati.<br \/>\n9. prima di iniziare la costruzione dovranno anche essere completati altri lavori preparatori, fra cui le interferenze con i servizi nel sottosuolo (acquedotto, luce, gas, telefoni, energia elettrica), il taglio di qualche migliaio di piante, la realizzazione della rete scolante e delle relative vasche, la recinzione del cantiere per almeno 5 chilometri di perimetro, la posa dell\u2019acquedotto e della prevista vasca di accumulo ed altri lavori di minor impegno.<br \/>\n10. infine, dettaglio tutt\u2019altro che irrilevante, un particolare accenno va alla risorgiva che alimenta il Lago Bandion e che non vorremmo nuovamente oggetto di alterazione biologica e di danneggiamento come avvenuto in passato.<\/p>\n<p><strong>Silverio Lacedelli &#8211; Cortina d\u2019Ampezzo<\/strong><\/p>\n<p>&nbsp;<\/p>","protected":false},"excerpt":{"rendered":"<p>Cortina d\u2019Ampezzo, 11 settembre 2023 Caro Direttore, la settimana scorsa, un gruppo di tecnici delle ditte Webuild e Pizzarotti, accompagnati dai funzionari della SIMICO (Societ\u00e0 Infrastrutture Milano Cortina), ha effettuato un sopralluogo nel futuro cantiere di quella che dovrebbe essere la nuova pista da bob per le Olimpiadi invernali 2026. A questi tecnici, che forse [&hellip;]<\/p>\n","protected":false},"author":2,"featured_media":112601,"comment_status":"closed","ping_status":"open","sticky":false,"template":"","format":"standard","meta":{"footnotes":""},"categories":[3368,1,26],"tags":[],"class_list":["post-144095","post","type-post","status-publish","format-standard","has-post-thumbnail","category-cahiers-de-doleances","category-leo","category-prima-pagina"],"yoast_head":"<!-- This site is optimized with the Yoast SEO plugin v28.4 - https:\/\/yoast.com\/product\/yoast-seo-wordpress\/ -->\n<title>Cortina. Criticit\u00e0 della pista da bob - Bellunopress - Dolomiti<\/title>\n<meta name=\"robots\" content=\"index, follow, max-snippet:-1, max-image-preview:large, max-video-preview:-1\" \/>\n<link rel=\"canonical\" href=\"https:\/\/www.bellunopress.it\/fr\/2023\/09\/12\/criticita-della-pista-bob\/\" \/>\n<meta property=\"og:locale\" content=\"fr_FR\" \/>\n<meta property=\"og:type\" content=\"article\" \/>\n<meta property=\"og:title\" content=\"Cortina. Criticit\u00e0 della pista da bob - Bellunopress - Dolomiti\" \/>\n<meta property=\"og:description\" content=\"Cortina d\u2019Ampezzo, 11 settembre 2023 Caro Direttore, la settimana scorsa, un gruppo di tecnici delle ditte Webuild e Pizzarotti, accompagnati dai funzionari della SIMICO (Societ\u00e0 Infrastrutture Milano Cortina), ha effettuato un sopralluogo nel futuro cantiere di quella che dovrebbe essere la nuova pista da bob per le Olimpiadi invernali 2026. A questi tecnici, che forse [&hellip;]\" \/>\n<meta property=\"og:url\" content=\"https:\/\/www.bellunopress.it\/fr\/2023\/09\/12\/criticita-della-pista-bob\/\" \/>\n<meta property=\"og:site_name\" content=\"Bellunopress - Dolomiti\" \/>\n<meta property=\"article:publisher\" content=\"https:\/\/www.facebook.com\/profile.php?id=100008943462799\" \/>\n<meta property=\"article:published_time\" content=\"2023-09-12T03:24:05+00:00\" \/>\n<meta property=\"article:modified_time\" content=\"2023-09-12T03:25:16+00:00\" \/>\n<meta property=\"og:image\" content=\"https:\/\/www.bellunopress.it\/wp-content\/uploads\/2020\/03\/lettere-al-direttore-bellunopress.jpg\" \/>\n\t<meta property=\"og:image:width\" content=\"677\" \/>\n\t<meta property=\"og:image:height\" content=\"454\" \/>\n\t<meta property=\"og:image:type\" content=\"image\/jpeg\" \/>\n<meta name=\"author\" content=\"redazione\" \/>\n<meta name=\"twitter:card\" content=\"summary_large_image\" \/>\n<meta name=\"twitter:creator\" content=\"@bellunopress\" \/>\n<meta name=\"twitter:site\" content=\"@bellunopress\" \/>\n<meta name=\"twitter:label1\" content=\"Written by\" \/>\n\t<meta name=\"twitter:data1\" content=\"redazione\" \/>\n\t<meta name=\"twitter:label2\" content=\"Est. reading time\" \/>\n\t<meta name=\"twitter:data2\" content=\"3 minutes\" \/>\n<script type=\"application\/ld+json\" class=\"yoast-schema-graph\">{\"@context\":\"https:\\\/\\\/schema.org\",\"@graph\":[{\"@type\":\"Article\",\"@id\":\"https:\\\/\\\/www.bellunopress.it\\\/2023\\\/09\\\/12\\\/criticita-della-pista-bob\\\/#article\",\"isPartOf\":{\"@id\":\"https:\\\/\\\/www.bellunopress.it\\\/2023\\\/09\\\/12\\\/criticita-della-pista-bob\\\/\"},\"author\":{\"name\":\"redazione\",\"@id\":\"https:\\\/\\\/www.bellunopress.it\\\/#\\\/schema\\\/person\\\/79bb06722b37ece1c03d3e94beb30d73\"},\"headline\":\"Cortina. Criticit\u00e0 della pista da bob\",\"datePublished\":\"2023-09-12T03:24:05+00:00\",\"dateModified\":\"2023-09-12T03:25:16+00:00\",\"mainEntityOfPage\":{\"@id\":\"https:\\\/\\\/www.bellunopress.it\\\/2023\\\/09\\\/12\\\/criticita-della-pista-bob\\\/\"},\"wordCount\":585,\"publisher\":{\"@id\":\"https:\\\/\\\/www.bellunopress.it\\\/#organization\"},\"image\":{\"@id\":\"https:\\\/\\\/www.bellunopress.it\\\/2023\\\/09\\\/12\\\/criticita-della-pista-bob\\\/#primaryimage\"},\"thumbnailUrl\":\"https:\\\/\\\/www.bellunopress.it\\\/wp-content\\\/uploads\\\/2020\\\/03\\\/lettere-al-direttore-bellunopress.jpg\",\"articleSection\":[\"Cahiers de dol\u00e9ances\",\"Lettere Opinioni\",\"Prima Pagina\"],\"inLanguage\":\"fr-FR\"},{\"@type\":\"WebPage\",\"@id\":\"https:\\\/\\\/www.bellunopress.it\\\/2023\\\/09\\\/12\\\/criticita-della-pista-bob\\\/\",\"url\":\"https:\\\/\\\/www.bellunopress.it\\\/2023\\\/09\\\/12\\\/criticita-della-pista-bob\\\/\",\"name\":\"Cortina. Criticit\u00e0 della pista da bob - Bellunopress - Dolomiti\",\"isPartOf\":{\"@id\":\"https:\\\/\\\/www.bellunopress.it\\\/#website\"},\"primaryImageOfPage\":{\"@id\":\"https:\\\/\\\/www.bellunopress.it\\\/2023\\\/09\\\/12\\\/criticita-della-pista-bob\\\/#primaryimage\"},\"image\":{\"@id\":\"https:\\\/\\\/www.bellunopress.it\\\/2023\\\/09\\\/12\\\/criticita-della-pista-bob\\\/#primaryimage\"},\"thumbnailUrl\":\"https:\\\/\\\/www.bellunopress.it\\\/wp-content\\\/uploads\\\/2020\\\/03\\\/lettere-al-direttore-bellunopress.jpg\",\"datePublished\":\"2023-09-12T03:24:05+00:00\",\"dateModified\":\"2023-09-12T03:25:16+00:00\",\"breadcrumb\":{\"@id\":\"https:\\\/\\\/www.bellunopress.it\\\/2023\\\/09\\\/12\\\/criticita-della-pista-bob\\\/#breadcrumb\"},\"inLanguage\":\"fr-FR\",\"potentialAction\":[{\"@type\":\"ReadAction\",\"target\":[\"https:\\\/\\\/www.bellunopress.it\\\/2023\\\/09\\\/12\\\/criticita-della-pista-bob\\\/\"]}]},{\"@type\":\"ImageObject\",\"inLanguage\":\"fr-FR\",\"@id\":\"https:\\\/\\\/www.bellunopress.it\\\/2023\\\/09\\\/12\\\/criticita-della-pista-bob\\\/#primaryimage\",\"url\":\"https:\\\/\\\/www.bellunopress.it\\\/wp-content\\\/uploads\\\/2020\\\/03\\\/lettere-al-direttore-bellunopress.jpg\",\"contentUrl\":\"https:\\\/\\\/www.bellunopress.it\\\/wp-content\\\/uploads\\\/2020\\\/03\\\/lettere-al-direttore-bellunopress.jpg\",\"width\":677,\"height\":454,\"caption\":\"lettera al direttore\"},{\"@type\":\"BreadcrumbList\",\"@id\":\"https:\\\/\\\/www.bellunopress.it\\\/2023\\\/09\\\/12\\\/criticita-della-pista-bob\\\/#breadcrumb\",\"itemListElement\":[{\"@type\":\"ListItem\",\"position\":1,\"name\":\"Home\",\"item\":\"https:\\\/\\\/www.bellunopress.it\\\/\"},{\"@type\":\"ListItem\",\"position\":2,\"name\":\"Cortina. Criticit\u00e0 della pista da bob\"}]},{\"@type\":\"WebSite\",\"@id\":\"https:\\\/\\\/www.bellunopress.it\\\/#website\",\"url\":\"https:\\\/\\\/www.bellunopress.it\\\/\",\"name\":\"Bellunopress - Dolomiti\",\"description\":\"e-mail: redazione@bellunopress.it\",\"publisher\":{\"@id\":\"https:\\\/\\\/www.bellunopress.it\\\/#organization\"},\"potentialAction\":[{\"@type\":\"SearchAction\",\"target\":{\"@type\":\"EntryPoint\",\"urlTemplate\":\"https:\\\/\\\/www.bellunopress.it\\\/?s={search_term_string}\"},\"query-input\":{\"@type\":\"PropertyValueSpecification\",\"valueRequired\":true,\"valueName\":\"search_term_string\"}}],\"inLanguage\":\"fr-FR\"},{\"@type\":\"Organization\",\"@id\":\"https:\\\/\\\/www.bellunopress.it\\\/#organization\",\"name\":\"Bellunopress\",\"url\":\"https:\\\/\\\/www.bellunopress.it\\\/\",\"logo\":{\"@type\":\"ImageObject\",\"inLanguage\":\"fr-FR\",\"@id\":\"https:\\\/\\\/www.bellunopress.it\\\/#\\\/schema\\\/logo\\\/image\\\/\",\"url\":\"https:\\\/\\\/www.bellunopress.it\\\/wp-content\\\/uploads\\\/2011\\\/05\\\/cropped-logo-bellunopress-.jpg\",\"contentUrl\":\"https:\\\/\\\/www.bellunopress.it\\\/wp-content\\\/uploads\\\/2011\\\/05\\\/cropped-logo-bellunopress-.jpg\",\"width\":512,\"height\":512,\"caption\":\"Bellunopress\"},\"image\":{\"@id\":\"https:\\\/\\\/www.bellunopress.it\\\/#\\\/schema\\\/logo\\\/image\\\/\"},\"sameAs\":[\"https:\\\/\\\/www.facebook.com\\\/profile.php?id=100008943462799\",\"https:\\\/\\\/x.com\\\/bellunopress\",\"https:\\\/\\\/www.linkedin.com\\\/hp\\\/?dnr=JBzUWaJfMUw8vbXJJ2tVW5-I3jZKvC4wsoxE&amp;amp;amp;amp;amp;amp;trk=nav_responsive_tab_home\",\"https:\\\/\\\/www.youtube.com\\\/channel\\\/UCxL0wu1uN0_3_7hGG0306cw\"]},{\"@type\":\"Person\",\"@id\":\"https:\\\/\\\/www.bellunopress.it\\\/#\\\/schema\\\/person\\\/79bb06722b37ece1c03d3e94beb30d73\",\"name\":\"redazione\",\"image\":{\"@type\":\"ImageObject\",\"inLanguage\":\"fr-FR\",\"@id\":\"https:\\\/\\\/secure.gravatar.com\\\/avatar\\\/37d968a2e67a6fd04c169c4bdef102d0bc5d31b2546345219e348575eb80e9a0?s=96&d=mm&r=g\",\"url\":\"https:\\\/\\\/secure.gravatar.com\\\/avatar\\\/37d968a2e67a6fd04c169c4bdef102d0bc5d31b2546345219e348575eb80e9a0?s=96&d=mm&r=g\",\"contentUrl\":\"https:\\\/\\\/secure.gravatar.com\\\/avatar\\\/37d968a2e67a6fd04c169c4bdef102d0bc5d31b2546345219e348575eb80e9a0?s=96&d=mm&r=g\",\"caption\":\"redazione\"},\"sameAs\":[\"http:\\\/\\\/www.bellunopress.it\",\"https:\\\/\\\/x.com\\\/bellunopress\"],\"url\":\"https:\\\/\\\/www.bellunopress.it\\\/fr\\\/author\\\/redazione\\\/\"}]}<\/script>\n<!-- \/ Yoast SEO plugin. -->","yoast_head_json":{"title":"Cortina. Criticit\u00e0 della pista da bob - Bellunopress - Dolomiti","robots":{"index":"index","follow":"follow","max-snippet":"max-snippet:-1","max-image-preview":"max-image-preview:large","max-video-preview":"max-video-preview:-1"},"canonical":"https:\/\/www.bellunopress.it\/fr\/2023\/09\/12\/criticita-della-pista-bob\/","og_locale":"fr_FR","og_type":"article","og_title":"Cortina. Criticit\u00e0 della pista da bob - Bellunopress - Dolomiti","og_description":"Cortina d\u2019Ampezzo, 11 settembre 2023 Caro Direttore, la settimana scorsa, un gruppo di tecnici delle ditte Webuild e Pizzarotti, accompagnati dai funzionari della SIMICO (Societ\u00e0 Infrastrutture Milano Cortina), ha effettuato un sopralluogo nel futuro cantiere di quella che dovrebbe essere la nuova pista da bob per le Olimpiadi invernali 2026. A questi tecnici, che forse [&hellip;]","og_url":"https:\/\/www.bellunopress.it\/fr\/2023\/09\/12\/criticita-della-pista-bob\/","og_site_name":"Bellunopress - Dolomiti","article_publisher":"https:\/\/www.facebook.com\/profile.php?id=100008943462799","article_published_time":"2023-09-12T03:24:05+00:00","article_modified_time":"2023-09-12T03:25:16+00:00","og_image":[{"width":677,"height":454,"url":"https:\/\/www.bellunopress.it\/wp-content\/uploads\/2020\/03\/lettere-al-direttore-bellunopress.jpg","type":"image\/jpeg"}],"author":"redazione","twitter_card":"summary_large_image","twitter_creator":"@bellunopress","twitter_site":"@bellunopress","twitter_misc":{"Written by":"redazione","Est. reading time":"3 minutes"},"schema":{"@context":"https:\/\/schema.org","@graph":[{"@type":"Article","@id":"https:\/\/www.bellunopress.it\/2023\/09\/12\/criticita-della-pista-bob\/#article","isPartOf":{"@id":"https:\/\/www.bellunopress.it\/2023\/09\/12\/criticita-della-pista-bob\/"},"author":{"name":"redazione","@id":"https:\/\/www.bellunopress.it\/#\/schema\/person\/79bb06722b37ece1c03d3e94beb30d73"},"headline":"Cortina. Criticit\u00e0 della pista da bob","datePublished":"2023-09-12T03:24:05+00:00","dateModified":"2023-09-12T03:25:16+00:00","mainEntityOfPage":{"@id":"https:\/\/www.bellunopress.it\/2023\/09\/12\/criticita-della-pista-bob\/"},"wordCount":585,"publisher":{"@id":"https:\/\/www.bellunopress.it\/#organization"},"image":{"@id":"https:\/\/www.bellunopress.it\/2023\/09\/12\/criticita-della-pista-bob\/#primaryimage"},"thumbnailUrl":"https:\/\/www.bellunopress.it\/wp-content\/uploads\/2020\/03\/lettere-al-direttore-bellunopress.jpg","articleSection":["Cahiers de dol\u00e9ances","Lettere Opinioni","Prima Pagina"],"inLanguage":"fr-FR"},{"@type":"WebPage","@id":"https:\/\/www.bellunopress.it\/2023\/09\/12\/criticita-della-pista-bob\/","url":"https:\/\/www.bellunopress.it\/2023\/09\/12\/criticita-della-pista-bob\/","name":"Cortina. Criticit\u00e0 della pista da bob - Bellunopress - Dolomiti","isPartOf":{"@id":"https:\/\/www.bellunopress.it\/#website"},"primaryImageOfPage":{"@id":"https:\/\/www.bellunopress.it\/2023\/09\/12\/criticita-della-pista-bob\/#primaryimage"},"image":{"@id":"https:\/\/www.bellunopress.it\/2023\/09\/12\/criticita-della-pista-bob\/#primaryimage"},"thumbnailUrl":"https:\/\/www.bellunopress.it\/wp-content\/uploads\/2020\/03\/lettere-al-direttore-bellunopress.jpg","datePublished":"2023-09-12T03:24:05+00:00","dateModified":"2023-09-12T03:25:16+00:00","breadcrumb":{"@id":"https:\/\/www.bellunopress.it\/2023\/09\/12\/criticita-della-pista-bob\/#breadcrumb"},"inLanguage":"fr-FR","potentialAction":[{"@type":"ReadAction","target":["https:\/\/www.bellunopress.it\/2023\/09\/12\/criticita-della-pista-bob\/"]}]},{"@type":"ImageObject","inLanguage":"fr-FR","@id":"https:\/\/www.bellunopress.it\/2023\/09\/12\/criticita-della-pista-bob\/#primaryimage","url":"https:\/\/www.bellunopress.it\/wp-content\/uploads\/2020\/03\/lettere-al-direttore-bellunopress.jpg","contentUrl":"https:\/\/www.bellunopress.it\/wp-content\/uploads\/2020\/03\/lettere-al-direttore-bellunopress.jpg","width":677,"height":454,"caption":"lettera al direttore"},{"@type":"BreadcrumbList","@id":"https:\/\/www.bellunopress.it\/2023\/09\/12\/criticita-della-pista-bob\/#breadcrumb","itemListElement":[{"@type":"ListItem","position":1,"name":"Home","item":"https:\/\/www.bellunopress.it\/"},{"@type":"ListItem","position":2,"name":"Cortina. Criticit\u00e0 della pista da bob"}]},{"@type":"WebSite","@id":"https:\/\/www.bellunopress.it\/#website","url":"https:\/\/www.bellunopress.it\/","name":"Bellunopress - Dolomiti","description":"e-mail: redazione@bellunopress.it","publisher":{"@id":"https:\/\/www.bellunopress.it\/#organization"},"potentialAction":[{"@type":"SearchAction","target":{"@type":"EntryPoint","urlTemplate":"https:\/\/www.bellunopress.it\/?s={search_term_string}"},"query-input":{"@type":"PropertyValueSpecification","valueRequired":true,"valueName":"search_term_string"}}],"inLanguage":"fr-FR"},{"@type":"Organization","@id":"https:\/\/www.bellunopress.it\/#organization","name":"Bellunopress","url":"https:\/\/www.bellunopress.it\/","logo":{"@type":"ImageObject","inLanguage":"fr-FR","@id":"https:\/\/www.bellunopress.it\/#\/schema\/logo\/image\/","url":"https:\/\/www.bellunopress.it\/wp-content\/uploads\/2011\/05\/cropped-logo-bellunopress-.jpg","contentUrl":"https:\/\/www.bellunopress.it\/wp-content\/uploads\/2011\/05\/cropped-logo-bellunopress-.jpg","width":512,"height":512,"caption":"Bellunopress"},"image":{"@id":"https:\/\/www.bellunopress.it\/#\/schema\/logo\/image\/"},"sameAs":["https:\/\/www.facebook.com\/profile.php?id=100008943462799","https:\/\/x.com\/bellunopress","https:\/\/www.linkedin.com\/hp\/?dnr=JBzUWaJfMUw8vbXJJ2tVW5-I3jZKvC4wsoxE&amp;amp;amp;amp;amp;amp;trk=nav_responsive_tab_home","https:\/\/www.youtube.com\/channel\/UCxL0wu1uN0_3_7hGG0306cw"]},{"@type":"Person","@id":"https:\/\/www.bellunopress.it\/#\/schema\/person\/79bb06722b37ece1c03d3e94beb30d73","name":"r\u00e9daction","image":{"@type":"ImageObject","inLanguage":"fr-FR","@id":"https:\/\/secure.gravatar.com\/avatar\/37d968a2e67a6fd04c169c4bdef102d0bc5d31b2546345219e348575eb80e9a0?s=96&d=mm&r=g","url":"https:\/\/secure.gravatar.com\/avatar\/37d968a2e67a6fd04c169c4bdef102d0bc5d31b2546345219e348575eb80e9a0?s=96&d=mm&r=g","contentUrl":"https:\/\/secure.gravatar.com\/avatar\/37d968a2e67a6fd04c169c4bdef102d0bc5d31b2546345219e348575eb80e9a0?s=96&d=mm&r=g","caption":"redazione"},"sameAs":["http:\/\/www.bellunopress.it","https:\/\/x.com\/bellunopress"],"url":"https:\/\/www.bellunopress.it\/fr\/author\/redazione\/"}]}},"_links":{"self":[{"href":"https:\/\/www.bellunopress.it\/fr\/wp-json\/wp\/v2\/posts\/144095","targetHints":{"allow":["GET"]}}],"collection":[{"href":"https:\/\/www.bellunopress.it\/fr\/wp-json\/wp\/v2\/posts"}],"about":[{"href":"https:\/\/www.bellunopress.it\/fr\/wp-json\/wp\/v2\/types\/post"}],"author":[{"embeddable":true,"href":"https:\/\/www.bellunopress.it\/fr\/wp-json\/wp\/v2\/users\/2"}],"replies":[{"embeddable":true,"href":"https:\/\/www.bellunopress.it\/fr\/wp-json\/wp\/v2\/comments?post=144095"}],"version-history":[{"count":2,"href":"https:\/\/www.bellunopress.it\/fr\/wp-json\/wp\/v2\/posts\/144095\/revisions"}],"predecessor-version":[{"id":144097,"href":"https:\/\/www.bellunopress.it\/fr\/wp-json\/wp\/v2\/posts\/144095\/revisions\/144097"}],"wp:featuredmedia":[{"embeddable":true,"href":"https:\/\/www.bellunopress.it\/fr\/wp-json\/wp\/v2\/media\/112601"}],"wp:attachment":[{"href":"https:\/\/www.bellunopress.it\/fr\/wp-json\/wp\/v2\/media?parent=144095"}],"wp:term":[{"taxonomy":"category","embeddable":true,"href":"https:\/\/www.bellunopress.it\/fr\/wp-json\/wp\/v2\/categories?post=144095"},{"taxonomy":"post_tag","embeddable":true,"href":"https:\/\/www.bellunopress.it\/fr\/wp-json\/wp\/v2\/tags?post=144095"}],"curies":[{"name":"wp","href":"https:\/\/api.w.org\/{rel}","templated":true}]}}