{"id":144091,"date":"2023-09-11T22:27:24","date_gmt":"2023-09-11T20:27:24","guid":{"rendered":"https:\/\/www.bellunopress.it\/?p=144091"},"modified":"2023-09-11T22:27:24","modified_gmt":"2023-09-11T20:27:24","slug":"spaventapasseri-in-vigna-a-poggio-pagnan","status":"publish","type":"post","link":"https:\/\/www.bellunopress.it\/fr\/2023\/09\/11\/spaventapasseri-in-vigna-a-poggio-pagnan\/","title":{"rendered":"Spaventapasseri in vigna a Poggio Pagnan"},"content":{"rendered":"<p><img loading=\"lazy\" decoding=\"async\" class=\"alignleft size-full wp-image-144092\" src=\"https:\/\/www.bellunopress.it\/wp-content\/uploads\/2023\/09\/danza-bendata_edited.jpg\" alt=\"\" width=\"707\" height=\"1000\" srcset=\"https:\/\/www.bellunopress.it\/wp-content\/uploads\/2023\/09\/danza-bendata_edited.jpg 707w, https:\/\/www.bellunopress.it\/wp-content\/uploads\/2023\/09\/danza-bendata_edited-354x500.jpg 354w, https:\/\/www.bellunopress.it\/wp-content\/uploads\/2023\/09\/danza-bendata_edited-696x984.jpg 696w, https:\/\/www.bellunopress.it\/wp-content\/uploads\/2023\/09\/danza-bendata_edited-297x420.jpg 297w\" sizes=\"auto, (max-width: 707px) 100vw, 707px\" \/> <img loading=\"lazy\" decoding=\"async\" class=\"alignleft size-full wp-image-144093\" src=\"https:\/\/www.bellunopress.it\/wp-content\/uploads\/2023\/09\/spaventapasseri_edited.jpg\" alt=\"\" width=\"1000\" height=\"563\" srcset=\"https:\/\/www.bellunopress.it\/wp-content\/uploads\/2023\/09\/spaventapasseri_edited.jpg 1000w, https:\/\/www.bellunopress.it\/wp-content\/uploads\/2023\/09\/spaventapasseri_edited-500x282.jpg 500w, https:\/\/www.bellunopress.it\/wp-content\/uploads\/2023\/09\/spaventapasseri_edited-696x392.jpg 696w, https:\/\/www.bellunopress.it\/wp-content\/uploads\/2023\/09\/spaventapasseri_edited-746x420.jpg 746w\" sizes=\"auto, (max-width: 1000px) 100vw, 1000px\" \/>Sabato 16 Settembre 2023 dalle ore 9 e per tutta la giornata l\u2019Azienda agricola Poggio Pagnan di Borgo Valbelluna promuove il 2\u00b0 SIMPOSIO REGIONALE DI SPAVENTAPASSERI IN VIGNA. L\u2019evento si far\u00e0 con qualsiasi tempo in quanto sar\u00e0 allestito un apposito capannone.<br \/>\nNello spirito della manifestazione gli Spaventapasseri della scorsa edizione che sono ancora in buone condizioni saranno mantenuti, mentre sostituiti quelli deteriorati. Le opere saranno create con materiali naturali e andranno ad integrarsi nell\u2019ambiente della vigna.<br \/>\nL\u2019azienda agricola \u00e8 gestita seguendo i principi dell\u2019agricoltura biologica e ben si presta per visite guidate e laboratori. A tal fine si potranno visitare gli Spaventapasseri e la vigna con l\u2019assistenza di Beppino Lorenzet per la parte artistica e di Alex Limana per quanto riguarda gli aspetti agronomici e l\u2019azienda Biologica Poggio Pagnan.<br \/>\nAll\u2019interno della giornata alle ore 16 si terr\u00e0 anche un evento di \u2018Danza Bendata\u2019 proposto da \u2018La Danza dell\u2019Estasi\u2019: un\u2019ora di danza libera bendati, all\u2019aperto; ad ogni partecipante sar\u00e0 poi offerto un cicchetto con calice di vino dell\u2019Azienda. (Per info e prenotazioni: Valentina 334 3449657)<\/p>","protected":false},"excerpt":{"rendered":"<p>Sabato 16 Settembre 2023 dalle ore 9 e per tutta la giornata l\u2019Azienda agricola Poggio Pagnan di Borgo Valbelluna promuove il 2\u00b0 SIMPOSIO REGIONALE DI SPAVENTAPASSERI IN VIGNA. L\u2019evento si far\u00e0 con qualsiasi tempo in quanto sar\u00e0 allestito un apposito capannone. Nello spirito della manifestazione gli Spaventapasseri della scorsa edizione che sono ancora in buone [&hellip;]<\/p>\n","protected":false},"author":2,"featured_media":144093,"comment_status":"closed","ping_status":"open","sticky":false,"template":"","format":"standard","meta":{"footnotes":""},"categories":[25,4],"tags":[],"class_list":["post-144091","post","type-post","status-publish","format-standard","has-post-thumbnail","category-pausa-caffe","category-sport"],"yoast_head":"<!-- This site is optimized with the Yoast SEO plugin v28.4 - https:\/\/yoast.com\/product\/yoast-seo-wordpress\/ -->\n<title>Spaventapasseri in vigna a Poggio Pagnan - Bellunopress - Dolomiti<\/title>\n<meta name=\"robots\" content=\"index, follow, max-snippet:-1, max-image-preview:large, max-video-preview:-1\" \/>\n<link rel=\"canonical\" href=\"https:\/\/www.bellunopress.it\/fr\/2023\/09\/11\/spaventapasseri-in-vigna-a-poggio-pagnan\/\" \/>\n<meta property=\"og:locale\" content=\"fr_FR\" \/>\n<meta property=\"og:type\" content=\"article\" \/>\n<meta property=\"og:title\" content=\"Spaventapasseri in vigna a Poggio Pagnan - Bellunopress - Dolomiti\" \/>\n<meta property=\"og:description\" content=\"Sabato 16 Settembre 2023 dalle ore 9 e per tutta la giornata l\u2019Azienda agricola Poggio Pagnan di Borgo Valbelluna promuove il 2\u00b0 SIMPOSIO REGIONALE DI SPAVENTAPASSERI IN VIGNA. L\u2019evento si far\u00e0 con qualsiasi tempo in quanto sar\u00e0 allestito un apposito capannone. Nello spirito della manifestazione gli Spaventapasseri della scorsa edizione che sono ancora in buone [&hellip;]\" \/>\n<meta property=\"og:url\" content=\"https:\/\/www.bellunopress.it\/fr\/2023\/09\/11\/spaventapasseri-in-vigna-a-poggio-pagnan\/\" \/>\n<meta property=\"og:site_name\" content=\"Bellunopress - Dolomiti\" \/>\n<meta property=\"article:publisher\" content=\"https:\/\/www.facebook.com\/profile.php?id=100008943462799\" \/>\n<meta property=\"article:published_time\" content=\"2023-09-11T20:27:24+00:00\" \/>\n<meta property=\"og:image\" content=\"https:\/\/www.bellunopress.it\/wp-content\/uploads\/2023\/09\/spaventapasseri_edited.jpg\" \/>\n\t<meta property=\"og:image:width\" content=\"1000\" \/>\n\t<meta property=\"og:image:height\" content=\"563\" \/>\n\t<meta property=\"og:image:type\" content=\"image\/jpeg\" \/>\n<meta name=\"author\" content=\"redazione\" \/>\n<meta name=\"twitter:card\" content=\"summary_large_image\" \/>\n<meta name=\"twitter:creator\" content=\"@bellunopress\" \/>\n<meta name=\"twitter:site\" content=\"@bellunopress\" \/>\n<meta name=\"twitter:label1\" content=\"\u00c9crit par\" \/>\n\t<meta name=\"twitter:data1\" content=\"redazione\" \/>\n\t<meta name=\"twitter:label2\" content=\"Dur\u00e9e de lecture estim\u00e9e\" \/>\n\t<meta name=\"twitter:data2\" content=\"1 minute\" \/>\n<script type=\"application\/ld+json\" class=\"yoast-schema-graph\">{\"@context\":\"https:\\\/\\\/schema.org\",\"@graph\":[{\"@type\":\"Article\",\"@id\":\"https:\\\/\\\/www.bellunopress.it\\\/2023\\\/09\\\/11\\\/spaventapasseri-in-vigna-a-poggio-pagnan\\\/#article\",\"isPartOf\":{\"@id\":\"https:\\\/\\\/www.bellunopress.it\\\/2023\\\/09\\\/11\\\/spaventapasseri-in-vigna-a-poggio-pagnan\\\/\"},\"author\":{\"name\":\"redazione\",\"@id\":\"https:\\\/\\\/www.bellunopress.it\\\/#\\\/schema\\\/person\\\/79bb06722b37ece1c03d3e94beb30d73\"},\"headline\":\"Spaventapasseri in vigna a Poggio Pagnan\",\"datePublished\":\"2023-09-11T20:27:24+00:00\",\"mainEntityOfPage\":{\"@id\":\"https:\\\/\\\/www.bellunopress.it\\\/2023\\\/09\\\/11\\\/spaventapasseri-in-vigna-a-poggio-pagnan\\\/\"},\"wordCount\":184,\"publisher\":{\"@id\":\"https:\\\/\\\/www.bellunopress.it\\\/#organization\"},\"image\":{\"@id\":\"https:\\\/\\\/www.bellunopress.it\\\/2023\\\/09\\\/11\\\/spaventapasseri-in-vigna-a-poggio-pagnan\\\/#primaryimage\"},\"thumbnailUrl\":\"https:\\\/\\\/www.bellunopress.it\\\/wp-content\\\/uploads\\\/2023\\\/09\\\/spaventapasseri_edited.jpg\",\"articleSection\":[\"Pausa Caff\u00e8\",\"Sport, tempo libero\"],\"inLanguage\":\"fr-FR\"},{\"@type\":\"WebPage\",\"@id\":\"https:\\\/\\\/www.bellunopress.it\\\/2023\\\/09\\\/11\\\/spaventapasseri-in-vigna-a-poggio-pagnan\\\/\",\"url\":\"https:\\\/\\\/www.bellunopress.it\\\/2023\\\/09\\\/11\\\/spaventapasseri-in-vigna-a-poggio-pagnan\\\/\",\"name\":\"Spaventapasseri in vigna a Poggio Pagnan - Bellunopress - Dolomiti\",\"isPartOf\":{\"@id\":\"https:\\\/\\\/www.bellunopress.it\\\/#website\"},\"primaryImageOfPage\":{\"@id\":\"https:\\\/\\\/www.bellunopress.it\\\/2023\\\/09\\\/11\\\/spaventapasseri-in-vigna-a-poggio-pagnan\\\/#primaryimage\"},\"image\":{\"@id\":\"https:\\\/\\\/www.bellunopress.it\\\/2023\\\/09\\\/11\\\/spaventapasseri-in-vigna-a-poggio-pagnan\\\/#primaryimage\"},\"thumbnailUrl\":\"https:\\\/\\\/www.bellunopress.it\\\/wp-content\\\/uploads\\\/2023\\\/09\\\/spaventapasseri_edited.jpg\",\"datePublished\":\"2023-09-11T20:27:24+00:00\",\"breadcrumb\":{\"@id\":\"https:\\\/\\\/www.bellunopress.it\\\/2023\\\/09\\\/11\\\/spaventapasseri-in-vigna-a-poggio-pagnan\\\/#breadcrumb\"},\"inLanguage\":\"fr-FR\",\"potentialAction\":[{\"@type\":\"ReadAction\",\"target\":[\"https:\\\/\\\/www.bellunopress.it\\\/2023\\\/09\\\/11\\\/spaventapasseri-in-vigna-a-poggio-pagnan\\\/\"]}]},{\"@type\":\"ImageObject\",\"inLanguage\":\"fr-FR\",\"@id\":\"https:\\\/\\\/www.bellunopress.it\\\/2023\\\/09\\\/11\\\/spaventapasseri-in-vigna-a-poggio-pagnan\\\/#primaryimage\",\"url\":\"https:\\\/\\\/www.bellunopress.it\\\/wp-content\\\/uploads\\\/2023\\\/09\\\/spaventapasseri_edited.jpg\",\"contentUrl\":\"https:\\\/\\\/www.bellunopress.it\\\/wp-content\\\/uploads\\\/2023\\\/09\\\/spaventapasseri_edited.jpg\",\"width\":1000,\"height\":563},{\"@type\":\"BreadcrumbList\",\"@id\":\"https:\\\/\\\/www.bellunopress.it\\\/2023\\\/09\\\/11\\\/spaventapasseri-in-vigna-a-poggio-pagnan\\\/#breadcrumb\",\"itemListElement\":[{\"@type\":\"ListItem\",\"position\":1,\"name\":\"Home\",\"item\":\"https:\\\/\\\/www.bellunopress.it\\\/\"},{\"@type\":\"ListItem\",\"position\":2,\"name\":\"Spaventapasseri in vigna a Poggio Pagnan\"}]},{\"@type\":\"WebSite\",\"@id\":\"https:\\\/\\\/www.bellunopress.it\\\/#website\",\"url\":\"https:\\\/\\\/www.bellunopress.it\\\/\",\"name\":\"Bellunopress - Dolomiti\",\"description\":\"e-mail: redazione@bellunopress.it\",\"publisher\":{\"@id\":\"https:\\\/\\\/www.bellunopress.it\\\/#organization\"},\"potentialAction\":[{\"@type\":\"SearchAction\",\"target\":{\"@type\":\"EntryPoint\",\"urlTemplate\":\"https:\\\/\\\/www.bellunopress.it\\\/?s={search_term_string}\"},\"query-input\":{\"@type\":\"PropertyValueSpecification\",\"valueRequired\":true,\"valueName\":\"search_term_string\"}}],\"inLanguage\":\"fr-FR\"},{\"@type\":\"Organization\",\"@id\":\"https:\\\/\\\/www.bellunopress.it\\\/#organization\",\"name\":\"Bellunopress\",\"url\":\"https:\\\/\\\/www.bellunopress.it\\\/\",\"logo\":{\"@type\":\"ImageObject\",\"inLanguage\":\"fr-FR\",\"@id\":\"https:\\\/\\\/www.bellunopress.it\\\/#\\\/schema\\\/logo\\\/image\\\/\",\"url\":\"https:\\\/\\\/www.bellunopress.it\\\/wp-content\\\/uploads\\\/2011\\\/05\\\/cropped-logo-bellunopress-.jpg\",\"contentUrl\":\"https:\\\/\\\/www.bellunopress.it\\\/wp-content\\\/uploads\\\/2011\\\/05\\\/cropped-logo-bellunopress-.jpg\",\"width\":512,\"height\":512,\"caption\":\"Bellunopress\"},\"image\":{\"@id\":\"https:\\\/\\\/www.bellunopress.it\\\/#\\\/schema\\\/logo\\\/image\\\/\"},\"sameAs\":[\"https:\\\/\\\/www.facebook.com\\\/profile.php?id=100008943462799\",\"https:\\\/\\\/x.com\\\/bellunopress\",\"https:\\\/\\\/www.linkedin.com\\\/hp\\\/?dnr=JBzUWaJfMUw8vbXJJ2tVW5-I3jZKvC4wsoxE&amp;amp;amp;amp;amp;amp;trk=nav_responsive_tab_home\",\"https:\\\/\\\/www.youtube.com\\\/channel\\\/UCxL0wu1uN0_3_7hGG0306cw\"]},{\"@type\":\"Person\",\"@id\":\"https:\\\/\\\/www.bellunopress.it\\\/#\\\/schema\\\/person\\\/79bb06722b37ece1c03d3e94beb30d73\",\"name\":\"redazione\",\"image\":{\"@type\":\"ImageObject\",\"inLanguage\":\"fr-FR\",\"@id\":\"https:\\\/\\\/secure.gravatar.com\\\/avatar\\\/37d968a2e67a6fd04c169c4bdef102d0bc5d31b2546345219e348575eb80e9a0?s=96&d=mm&r=g\",\"url\":\"https:\\\/\\\/secure.gravatar.com\\\/avatar\\\/37d968a2e67a6fd04c169c4bdef102d0bc5d31b2546345219e348575eb80e9a0?s=96&d=mm&r=g\",\"contentUrl\":\"https:\\\/\\\/secure.gravatar.com\\\/avatar\\\/37d968a2e67a6fd04c169c4bdef102d0bc5d31b2546345219e348575eb80e9a0?s=96&d=mm&r=g\",\"caption\":\"redazione\"},\"sameAs\":[\"http:\\\/\\\/www.bellunopress.it\",\"https:\\\/\\\/x.com\\\/bellunopress\"],\"url\":\"https:\\\/\\\/www.bellunopress.it\\\/fr\\\/author\\\/redazione\\\/\"}]}<\/script>\n<!-- \/ Yoast SEO plugin. -->","yoast_head_json":{"title":"Spaventapasseri in vigna a Poggio Pagnan - Bellunopress - Dolomiti","robots":{"index":"index","follow":"follow","max-snippet":"max-snippet:-1","max-image-preview":"max-image-preview:large","max-video-preview":"max-video-preview:-1"},"canonical":"https:\/\/www.bellunopress.it\/fr\/2023\/09\/11\/spaventapasseri-in-vigna-a-poggio-pagnan\/","og_locale":"fr_FR","og_type":"article","og_title":"Spaventapasseri in vigna a Poggio Pagnan - Bellunopress - Dolomiti","og_description":"Sabato 16 Settembre 2023 dalle ore 9 e per tutta la giornata l\u2019Azienda agricola Poggio Pagnan di Borgo Valbelluna promuove il 2\u00b0 SIMPOSIO REGIONALE DI SPAVENTAPASSERI IN VIGNA. L\u2019evento si far\u00e0 con qualsiasi tempo in quanto sar\u00e0 allestito un apposito capannone. Nello spirito della manifestazione gli Spaventapasseri della scorsa edizione che sono ancora in buone [&hellip;]","og_url":"https:\/\/www.bellunopress.it\/fr\/2023\/09\/11\/spaventapasseri-in-vigna-a-poggio-pagnan\/","og_site_name":"Bellunopress - Dolomiti","article_publisher":"https:\/\/www.facebook.com\/profile.php?id=100008943462799","article_published_time":"2023-09-11T20:27:24+00:00","og_image":[{"width":1000,"height":563,"url":"https:\/\/www.bellunopress.it\/wp-content\/uploads\/2023\/09\/spaventapasseri_edited.jpg","type":"image\/jpeg"}],"author":"redazione","twitter_card":"summary_large_image","twitter_creator":"@bellunopress","twitter_site":"@bellunopress","twitter_misc":{"\u00c9crit par":"redazione","Dur\u00e9e de lecture estim\u00e9e":"1 minute"},"schema":{"@context":"https:\/\/schema.org","@graph":[{"@type":"Article","@id":"https:\/\/www.bellunopress.it\/2023\/09\/11\/spaventapasseri-in-vigna-a-poggio-pagnan\/#article","isPartOf":{"@id":"https:\/\/www.bellunopress.it\/2023\/09\/11\/spaventapasseri-in-vigna-a-poggio-pagnan\/"},"author":{"name":"redazione","@id":"https:\/\/www.bellunopress.it\/#\/schema\/person\/79bb06722b37ece1c03d3e94beb30d73"},"headline":"Spaventapasseri in vigna a Poggio Pagnan","datePublished":"2023-09-11T20:27:24+00:00","mainEntityOfPage":{"@id":"https:\/\/www.bellunopress.it\/2023\/09\/11\/spaventapasseri-in-vigna-a-poggio-pagnan\/"},"wordCount":184,"publisher":{"@id":"https:\/\/www.bellunopress.it\/#organization"},"image":{"@id":"https:\/\/www.bellunopress.it\/2023\/09\/11\/spaventapasseri-in-vigna-a-poggio-pagnan\/#primaryimage"},"thumbnailUrl":"https:\/\/www.bellunopress.it\/wp-content\/uploads\/2023\/09\/spaventapasseri_edited.jpg","articleSection":["Pausa Caff\u00e8","Sport, tempo libero"],"inLanguage":"fr-FR"},{"@type":"WebPage","@id":"https:\/\/www.bellunopress.it\/2023\/09\/11\/spaventapasseri-in-vigna-a-poggio-pagnan\/","url":"https:\/\/www.bellunopress.it\/2023\/09\/11\/spaventapasseri-in-vigna-a-poggio-pagnan\/","name":"Spaventapasseri in vigna a Poggio Pagnan - Bellunopress - Dolomiti","isPartOf":{"@id":"https:\/\/www.bellunopress.it\/#website"},"primaryImageOfPage":{"@id":"https:\/\/www.bellunopress.it\/2023\/09\/11\/spaventapasseri-in-vigna-a-poggio-pagnan\/#primaryimage"},"image":{"@id":"https:\/\/www.bellunopress.it\/2023\/09\/11\/spaventapasseri-in-vigna-a-poggio-pagnan\/#primaryimage"},"thumbnailUrl":"https:\/\/www.bellunopress.it\/wp-content\/uploads\/2023\/09\/spaventapasseri_edited.jpg","datePublished":"2023-09-11T20:27:24+00:00","breadcrumb":{"@id":"https:\/\/www.bellunopress.it\/2023\/09\/11\/spaventapasseri-in-vigna-a-poggio-pagnan\/#breadcrumb"},"inLanguage":"fr-FR","potentialAction":[{"@type":"ReadAction","target":["https:\/\/www.bellunopress.it\/2023\/09\/11\/spaventapasseri-in-vigna-a-poggio-pagnan\/"]}]},{"@type":"ImageObject","inLanguage":"fr-FR","@id":"https:\/\/www.bellunopress.it\/2023\/09\/11\/spaventapasseri-in-vigna-a-poggio-pagnan\/#primaryimage","url":"https:\/\/www.bellunopress.it\/wp-content\/uploads\/2023\/09\/spaventapasseri_edited.jpg","contentUrl":"https:\/\/www.bellunopress.it\/wp-content\/uploads\/2023\/09\/spaventapasseri_edited.jpg","width":1000,"height":563},{"@type":"BreadcrumbList","@id":"https:\/\/www.bellunopress.it\/2023\/09\/11\/spaventapasseri-in-vigna-a-poggio-pagnan\/#breadcrumb","itemListElement":[{"@type":"ListItem","position":1,"name":"Home","item":"https:\/\/www.bellunopress.it\/"},{"@type":"ListItem","position":2,"name":"Spaventapasseri in vigna a Poggio Pagnan"}]},{"@type":"WebSite","@id":"https:\/\/www.bellunopress.it\/#website","url":"https:\/\/www.bellunopress.it\/","name":"Bellunopress - Dolomiti","description":"e-mail: redazione@bellunopress.it","publisher":{"@id":"https:\/\/www.bellunopress.it\/#organization"},"potentialAction":[{"@type":"SearchAction","target":{"@type":"EntryPoint","urlTemplate":"https:\/\/www.bellunopress.it\/?s={search_term_string}"},"query-input":{"@type":"PropertyValueSpecification","valueRequired":true,"valueName":"search_term_string"}}],"inLanguage":"fr-FR"},{"@type":"Organization","@id":"https:\/\/www.bellunopress.it\/#organization","name":"Bellunopress","url":"https:\/\/www.bellunopress.it\/","logo":{"@type":"ImageObject","inLanguage":"fr-FR","@id":"https:\/\/www.bellunopress.it\/#\/schema\/logo\/image\/","url":"https:\/\/www.bellunopress.it\/wp-content\/uploads\/2011\/05\/cropped-logo-bellunopress-.jpg","contentUrl":"https:\/\/www.bellunopress.it\/wp-content\/uploads\/2011\/05\/cropped-logo-bellunopress-.jpg","width":512,"height":512,"caption":"Bellunopress"},"image":{"@id":"https:\/\/www.bellunopress.it\/#\/schema\/logo\/image\/"},"sameAs":["https:\/\/www.facebook.com\/profile.php?id=100008943462799","https:\/\/x.com\/bellunopress","https:\/\/www.linkedin.com\/hp\/?dnr=JBzUWaJfMUw8vbXJJ2tVW5-I3jZKvC4wsoxE&amp;amp;amp;amp;amp;amp;trk=nav_responsive_tab_home","https:\/\/www.youtube.com\/channel\/UCxL0wu1uN0_3_7hGG0306cw"]},{"@type":"Person","@id":"https:\/\/www.bellunopress.it\/#\/schema\/person\/79bb06722b37ece1c03d3e94beb30d73","name":"r\u00e9daction","image":{"@type":"ImageObject","inLanguage":"fr-FR","@id":"https:\/\/secure.gravatar.com\/avatar\/37d968a2e67a6fd04c169c4bdef102d0bc5d31b2546345219e348575eb80e9a0?s=96&d=mm&r=g","url":"https:\/\/secure.gravatar.com\/avatar\/37d968a2e67a6fd04c169c4bdef102d0bc5d31b2546345219e348575eb80e9a0?s=96&d=mm&r=g","contentUrl":"https:\/\/secure.gravatar.com\/avatar\/37d968a2e67a6fd04c169c4bdef102d0bc5d31b2546345219e348575eb80e9a0?s=96&d=mm&r=g","caption":"redazione"},"sameAs":["http:\/\/www.bellunopress.it","https:\/\/x.com\/bellunopress"],"url":"https:\/\/www.bellunopress.it\/fr\/author\/redazione\/"}]}},"_links":{"self":[{"href":"https:\/\/www.bellunopress.it\/fr\/wp-json\/wp\/v2\/posts\/144091","targetHints":{"allow":["GET"]}}],"collection":[{"href":"https:\/\/www.bellunopress.it\/fr\/wp-json\/wp\/v2\/posts"}],"about":[{"href":"https:\/\/www.bellunopress.it\/fr\/wp-json\/wp\/v2\/types\/post"}],"author":[{"embeddable":true,"href":"https:\/\/www.bellunopress.it\/fr\/wp-json\/wp\/v2\/users\/2"}],"replies":[{"embeddable":true,"href":"https:\/\/www.bellunopress.it\/fr\/wp-json\/wp\/v2\/comments?post=144091"}],"version-history":[{"count":1,"href":"https:\/\/www.bellunopress.it\/fr\/wp-json\/wp\/v2\/posts\/144091\/revisions"}],"predecessor-version":[{"id":144094,"href":"https:\/\/www.bellunopress.it\/fr\/wp-json\/wp\/v2\/posts\/144091\/revisions\/144094"}],"wp:featuredmedia":[{"embeddable":true,"href":"https:\/\/www.bellunopress.it\/fr\/wp-json\/wp\/v2\/media\/144093"}],"wp:attachment":[{"href":"https:\/\/www.bellunopress.it\/fr\/wp-json\/wp\/v2\/media?parent=144091"}],"wp:term":[{"taxonomy":"category","embeddable":true,"href":"https:\/\/www.bellunopress.it\/fr\/wp-json\/wp\/v2\/categories?post=144091"},{"taxonomy":"post_tag","embeddable":true,"href":"https:\/\/www.bellunopress.it\/fr\/wp-json\/wp\/v2\/tags?post=144091"}],"curies":[{"name":"wp","href":"https:\/\/api.w.org\/{rel}","templated":true}]}}