{"id":144089,"date":"2023-09-11T20:40:38","date_gmt":"2023-09-11T18:40:38","guid":{"rendered":"https:\/\/www.bellunopress.it\/?p=144089"},"modified":"2023-09-11T20:40:38","modified_gmt":"2023-09-11T18:40:38","slug":"inizio-anno-scolastico-sindaco-e-assessori-nelle-scuole","status":"publish","type":"post","link":"https:\/\/www.bellunopress.it\/fr\/2023\/09\/11\/inizio-anno-scolastico-sindaco-e-assessori-nelle-scuole\/","title":{"rendered":"Inizio anno scolastico, sindaco e assessori nelle scuole"},"content":{"rendered":"<figure id=\"attachment_135245\" aria-describedby=\"caption-attachment-135245\" style=\"width: 803px\" class=\"wp-caption alignleft\"><img loading=\"lazy\" decoding=\"async\" class=\"size-full wp-image-135245\" src=\"https:\/\/www.bellunopress.it\/wp-content\/uploads\/2022\/07\/Oscar-De-Pellegrin-sindaco-di-Belluno_edited.jpg\" alt=\"\" width=\"803\" height=\"1000\" srcset=\"https:\/\/www.bellunopress.it\/wp-content\/uploads\/2022\/07\/Oscar-De-Pellegrin-sindaco-di-Belluno_edited.jpg 803w, https:\/\/www.bellunopress.it\/wp-content\/uploads\/2022\/07\/Oscar-De-Pellegrin-sindaco-di-Belluno_edited-402x500.jpg 402w, https:\/\/www.bellunopress.it\/wp-content\/uploads\/2022\/07\/Oscar-De-Pellegrin-sindaco-di-Belluno_edited-696x867.jpg 696w, https:\/\/www.bellunopress.it\/wp-content\/uploads\/2022\/07\/Oscar-De-Pellegrin-sindaco-di-Belluno_edited-337x420.jpg 337w\" sizes=\"auto, (max-width: 803px) 100vw, 803px\" \/><figcaption id=\"caption-attachment-135245\" class=\"wp-caption-text\">Oscar De Pellegrin, sindaco di Belluno<\/figcaption><\/figure>\n<p>Primo giorno di scuola anche per gli amministratori di Palazzo Rosso. Cos\u00ec come lo<br \/>\nscorso anno, il sindaco, gli assessori e alcuni consiglieri comunali saranno presenti al<br \/>\nsuono della prima campanella nelle 12 scuole primarie e 3 secondarie di primo grado<br \/>\ndella citt\u00e0.<\/p>\n<p>\u201c\u00c8 uno dei modi che abbiamo per avvicinare i bambini all\u2019Amministrazione\u201d, spiega il<br \/>\nsindaco Oscar De Pellegrin, \u201cper fare loro capire che, non solo il Comune, ma le<br \/>\nistituzioni in generale non sono qualcosa di \u2018estraneo\u2019, ma fanno parte della vita di<br \/>\ntutti noi: \u00e8 il messaggio che ho voluto dare con le visite alle scuole dello scorso anno<br \/>\nscolastico, durante le quali ho incontrato bambini e ragazzi, insegnanti e tutto il<br \/>\npersonale scolastico\u201d.<\/p>\n<p>Sulla stessa linea Roberta Olivotto, assessore alla Scuola e alle Politiche Giovanili:<br \/>\n\u201cAccorciare la distanza tra istituzioni e singoli, comprendere come i diritti e i doveri<br \/>\nsono, nella sostanza, l\u2019essenza della \u2018cittadinanza\u2019, conoscere il funzionamento della<br \/>\nmacchina comunale, sono tutti passaggi fondamentali per la tenuta della societ\u00e0. Il<br \/>\nMunicipio \u00e8 la casa di tutti: per questo motivo da quest\u2019autunno attiveremo un<br \/>\npercorso didattico da realizzare a Palazzo Rosso per le classi che, in occasione dei<br \/>\nnostri incontri nelle scuole, ci hanno chiesto di ricambiare la visita\u201d.<\/p>\n<p>Sul piano dell\u2019offerta formativa la \u201cBelluno dei Bambini e dei Ragazzi \u2013 Cittadini in<br \/>\ncrescita\u201d costituir\u00e0 lo strumento con cui il Comune affiancher\u00e0 la scuola e le famiglie<br \/>\nnel percorso educativo delle bambine e dei bambini bellunesi, con un pacchetto di<br \/>\nattivit\u00e0 e laboratori in collaborazione con i vari settori dell\u2019Amministrazione, con la<br \/>\nPolizia Locale, con il Gruppo Volontari della Protezione Civile, con soggetti del<br \/>\nterritorio, tra cui AULSS, BIM, Dolomitibus e UNICEF, con associazioni come CAI e<br \/>\nInsieme si pu\u00f2 e con operatori specializzati. \u201cA cura dell\u2019Assessorato alla Cultura<br \/>\nsaranno inoltre attivati dei laboratori presso la Biblioteca e il Museo Civico\u201d, spiega<br \/>\nl\u2019assessore Raffaele Addamiano, \u201cattivit\u00e0 che tradizionalmente richiedono un piccolo<br \/>\ncontributo da parte delle scuole. \u2018Cos\u2019\u00e8 il Museo\u2019 e \u2018Cos\u2019\u00e8 la Biblioteca\u2019, da<br \/>\nquest\u2019anno saranno resi gratuiti per le classi prime delle primarie e delle secondarie<br \/>\ndi primo e secondo grado, per stimolare i giovani a frequentare i nostri istituti<br \/>\nculturali\u201d. A questi pacchetti si affiancheranno progettualit\u00e0 specifiche a cui stanno<br \/>\nlavorando gli assessorati allo Sport, all\u2019Ambiente, alla Sicurezza e alla Protezione<br \/>\nCivile.<br \/>\nMa il suono della prima campanella rappresenta un orizzonte atteso anche da molti<br \/>\ndei vari servizi dell\u2019Amministrazione Comunale. Concluse le manutenzioni estive dei<br \/>\nvari plessi da parte del Servizio Manutenzioni, ora sono attesi tra i banchi i 2.417<br \/>\nbambini dei tre istituti comprensivi del Comune.<\/p>\n<p>\u201cIl nuovo anno inizia con alcune importanti novit\u00e0\u201d, ricorda l\u2019assessore Franco<br \/>\nRoccon, \u201cil 12 settembre a Castion saranno inaugurate le nuove primarie Valeriano,<br \/>\nrestituite alla comunit\u00e0 dopo due anni di lavori. Nei prossimi mesi apriranno invece<br \/>\nben tre cantieri: le primarie di Cavarzano saranno demolite e ricostruite con fondi del<br \/>\nPNRR, mentre saranno riqualificati plessi di Badilet e di Borgo Piave. I bambini di<br \/>\nCavarzano saranno ospitati a Mur di Cadola per i prossimi due anni, mentre quelli di<br \/>\nBadilet e di Borgo Piave condivideranno gli spazi della struttura al Parco Citt\u00e0 di<br \/>\nBologna\u201d. Un tetris che ha visto il servizio manutenzioni impegnato in traslochi di<br \/>\nbanchi e attrezzature e nell\u2019attuazione di interventi di edilizia leggera per predisporre<br \/>\nle strutture secondo le necessit\u00e0 emerse.<br \/>\nGrande attivit\u00e0 anche per l\u2019ufficio Politiche Educative che ha lavorato per mettere a<br \/>\npunto trasporti scolastici e mense, anche con l\u2019introduzione del servizio in plessi dove<br \/>\nin passato non era previsto.<\/p>\n<p>E\u2019 stato predisposto un servizio di navetta gratuito da Faverga al Parco Citt\u00e0 di<br \/>\nBologna per i bambini di Badilet, mentre insieme alla AULSS saranno attivati due<br \/>\npercorsi di Pedibus da Borgo Piave e da Cavarzano fino alle nuove sedi temporanee.<br \/>\nInfine, fondamentale anche l\u2019apporto della Polizia Locale che ha previsto modifiche<br \/>\nalla viabilit\u00e0 e collaborato alla definizione di percorsi e aree di sosta e che nei<br \/>\nprossimi giorni sar\u00e0 impegnata nel controllo degli spostamenti di un gran numero di<br \/>\nbambini.<\/p>","protected":false},"excerpt":{"rendered":"<p>Primo giorno di scuola anche per gli amministratori di Palazzo Rosso. Cos\u00ec come lo scorso anno, il sindaco, gli assessori e alcuni consiglieri comunali saranno presenti al suono della prima campanella nelle 12 scuole primarie e 3 secondarie di primo grado della citt\u00e0. \u201c\u00c8 uno dei modi che abbiamo per avvicinare i bambini all\u2019Amministrazione\u201d, spiega [&hellip;]<\/p>\n","protected":false},"author":2,"featured_media":135245,"comment_status":"closed","ping_status":"open","sticky":false,"template":"","format":"standard","meta":{"footnotes":""},"categories":[26,15,8],"tags":[],"class_list":["post-144089","post","type-post","status-publish","format-standard","has-post-thumbnail","category-prima-pagina","category-scuola","category-societa-istituzioni"],"yoast_head":"<!-- This site is optimized with the Yoast SEO plugin v28.4 - https:\/\/yoast.com\/product\/yoast-seo-wordpress\/ -->\n<title>Inizio anno scolastico, sindaco e assessori nelle scuole - Bellunopress - Dolomiti<\/title>\n<meta name=\"robots\" content=\"index, follow, max-snippet:-1, max-image-preview:large, max-video-preview:-1\" \/>\n<link rel=\"canonical\" href=\"https:\/\/www.bellunopress.it\/fr\/2023\/09\/11\/inizio-anno-scolastico-sindaco-e-assessori-nelle-scuole\/\" \/>\n<meta property=\"og:locale\" content=\"fr_FR\" \/>\n<meta property=\"og:type\" content=\"article\" \/>\n<meta property=\"og:title\" content=\"Inizio anno scolastico, sindaco e assessori nelle scuole - Bellunopress - Dolomiti\" \/>\n<meta property=\"og:description\" content=\"Primo giorno di scuola anche per gli amministratori di Palazzo Rosso. Cos\u00ec come lo scorso anno, il sindaco, gli assessori e alcuni consiglieri comunali saranno presenti al suono della prima campanella nelle 12 scuole primarie e 3 secondarie di primo grado della citt\u00e0. \u201c\u00c8 uno dei modi che abbiamo per avvicinare i bambini all\u2019Amministrazione\u201d, spiega [&hellip;]\" \/>\n<meta property=\"og:url\" content=\"https:\/\/www.bellunopress.it\/fr\/2023\/09\/11\/inizio-anno-scolastico-sindaco-e-assessori-nelle-scuole\/\" \/>\n<meta property=\"og:site_name\" content=\"Bellunopress - Dolomiti\" \/>\n<meta property=\"article:publisher\" content=\"https:\/\/www.facebook.com\/profile.php?id=100008943462799\" \/>\n<meta property=\"article:published_time\" content=\"2023-09-11T18:40:38+00:00\" \/>\n<meta property=\"og:image\" content=\"https:\/\/www.bellunopress.it\/wp-content\/uploads\/2022\/07\/Oscar-De-Pellegrin-sindaco-di-Belluno_edited.jpg\" \/>\n\t<meta property=\"og:image:width\" content=\"803\" \/>\n\t<meta property=\"og:image:height\" content=\"1000\" \/>\n\t<meta property=\"og:image:type\" content=\"image\/jpeg\" \/>\n<meta name=\"author\" content=\"redazione\" \/>\n<meta name=\"twitter:card\" content=\"summary_large_image\" \/>\n<meta name=\"twitter:creator\" content=\"@bellunopress\" \/>\n<meta name=\"twitter:site\" content=\"@bellunopress\" \/>\n<meta name=\"twitter:label1\" content=\"\u00c9crit par\" \/>\n\t<meta name=\"twitter:data1\" content=\"redazione\" \/>\n\t<meta name=\"twitter:label2\" content=\"Dur\u00e9e de lecture estim\u00e9e\" \/>\n\t<meta name=\"twitter:data2\" content=\"3 minutes\" \/>\n<script type=\"application\/ld+json\" class=\"yoast-schema-graph\">{\"@context\":\"https:\\\/\\\/schema.org\",\"@graph\":[{\"@type\":\"Article\",\"@id\":\"https:\\\/\\\/www.bellunopress.it\\\/2023\\\/09\\\/11\\\/inizio-anno-scolastico-sindaco-e-assessori-nelle-scuole\\\/#article\",\"isPartOf\":{\"@id\":\"https:\\\/\\\/www.bellunopress.it\\\/2023\\\/09\\\/11\\\/inizio-anno-scolastico-sindaco-e-assessori-nelle-scuole\\\/\"},\"author\":{\"name\":\"redazione\",\"@id\":\"https:\\\/\\\/www.bellunopress.it\\\/#\\\/schema\\\/person\\\/79bb06722b37ece1c03d3e94beb30d73\"},\"headline\":\"Inizio anno scolastico, sindaco e assessori nelle scuole\",\"datePublished\":\"2023-09-11T18:40:38+00:00\",\"mainEntityOfPage\":{\"@id\":\"https:\\\/\\\/www.bellunopress.it\\\/2023\\\/09\\\/11\\\/inizio-anno-scolastico-sindaco-e-assessori-nelle-scuole\\\/\"},\"wordCount\":687,\"publisher\":{\"@id\":\"https:\\\/\\\/www.bellunopress.it\\\/#organization\"},\"image\":{\"@id\":\"https:\\\/\\\/www.bellunopress.it\\\/2023\\\/09\\\/11\\\/inizio-anno-scolastico-sindaco-e-assessori-nelle-scuole\\\/#primaryimage\"},\"thumbnailUrl\":\"https:\\\/\\\/www.bellunopress.it\\\/wp-content\\\/uploads\\\/2022\\\/07\\\/Oscar-De-Pellegrin-sindaco-di-Belluno_edited.jpg\",\"articleSection\":[\"Prima Pagina\",\"Scuola\",\"Societ\u00e0, Associazioni, Istituzioni\"],\"inLanguage\":\"fr-FR\"},{\"@type\":\"WebPage\",\"@id\":\"https:\\\/\\\/www.bellunopress.it\\\/2023\\\/09\\\/11\\\/inizio-anno-scolastico-sindaco-e-assessori-nelle-scuole\\\/\",\"url\":\"https:\\\/\\\/www.bellunopress.it\\\/2023\\\/09\\\/11\\\/inizio-anno-scolastico-sindaco-e-assessori-nelle-scuole\\\/\",\"name\":\"Inizio anno scolastico, sindaco e assessori nelle scuole - Bellunopress - Dolomiti\",\"isPartOf\":{\"@id\":\"https:\\\/\\\/www.bellunopress.it\\\/#website\"},\"primaryImageOfPage\":{\"@id\":\"https:\\\/\\\/www.bellunopress.it\\\/2023\\\/09\\\/11\\\/inizio-anno-scolastico-sindaco-e-assessori-nelle-scuole\\\/#primaryimage\"},\"image\":{\"@id\":\"https:\\\/\\\/www.bellunopress.it\\\/2023\\\/09\\\/11\\\/inizio-anno-scolastico-sindaco-e-assessori-nelle-scuole\\\/#primaryimage\"},\"thumbnailUrl\":\"https:\\\/\\\/www.bellunopress.it\\\/wp-content\\\/uploads\\\/2022\\\/07\\\/Oscar-De-Pellegrin-sindaco-di-Belluno_edited.jpg\",\"datePublished\":\"2023-09-11T18:40:38+00:00\",\"breadcrumb\":{\"@id\":\"https:\\\/\\\/www.bellunopress.it\\\/2023\\\/09\\\/11\\\/inizio-anno-scolastico-sindaco-e-assessori-nelle-scuole\\\/#breadcrumb\"},\"inLanguage\":\"fr-FR\",\"potentialAction\":[{\"@type\":\"ReadAction\",\"target\":[\"https:\\\/\\\/www.bellunopress.it\\\/2023\\\/09\\\/11\\\/inizio-anno-scolastico-sindaco-e-assessori-nelle-scuole\\\/\"]}]},{\"@type\":\"ImageObject\",\"inLanguage\":\"fr-FR\",\"@id\":\"https:\\\/\\\/www.bellunopress.it\\\/2023\\\/09\\\/11\\\/inizio-anno-scolastico-sindaco-e-assessori-nelle-scuole\\\/#primaryimage\",\"url\":\"https:\\\/\\\/www.bellunopress.it\\\/wp-content\\\/uploads\\\/2022\\\/07\\\/Oscar-De-Pellegrin-sindaco-di-Belluno_edited.jpg\",\"contentUrl\":\"https:\\\/\\\/www.bellunopress.it\\\/wp-content\\\/uploads\\\/2022\\\/07\\\/Oscar-De-Pellegrin-sindaco-di-Belluno_edited.jpg\",\"width\":803,\"height\":1000,\"caption\":\"Oscar De Pellegrin, sindaco di Belluno\"},{\"@type\":\"BreadcrumbList\",\"@id\":\"https:\\\/\\\/www.bellunopress.it\\\/2023\\\/09\\\/11\\\/inizio-anno-scolastico-sindaco-e-assessori-nelle-scuole\\\/#breadcrumb\",\"itemListElement\":[{\"@type\":\"ListItem\",\"position\":1,\"name\":\"Home\",\"item\":\"https:\\\/\\\/www.bellunopress.it\\\/\"},{\"@type\":\"ListItem\",\"position\":2,\"name\":\"Inizio anno scolastico, sindaco e assessori nelle scuole\"}]},{\"@type\":\"WebSite\",\"@id\":\"https:\\\/\\\/www.bellunopress.it\\\/#website\",\"url\":\"https:\\\/\\\/www.bellunopress.it\\\/\",\"name\":\"Bellunopress - Dolomiti\",\"description\":\"e-mail: redazione@bellunopress.it\",\"publisher\":{\"@id\":\"https:\\\/\\\/www.bellunopress.it\\\/#organization\"},\"potentialAction\":[{\"@type\":\"SearchAction\",\"target\":{\"@type\":\"EntryPoint\",\"urlTemplate\":\"https:\\\/\\\/www.bellunopress.it\\\/?s={search_term_string}\"},\"query-input\":{\"@type\":\"PropertyValueSpecification\",\"valueRequired\":true,\"valueName\":\"search_term_string\"}}],\"inLanguage\":\"fr-FR\"},{\"@type\":\"Organization\",\"@id\":\"https:\\\/\\\/www.bellunopress.it\\\/#organization\",\"name\":\"Bellunopress\",\"url\":\"https:\\\/\\\/www.bellunopress.it\\\/\",\"logo\":{\"@type\":\"ImageObject\",\"inLanguage\":\"fr-FR\",\"@id\":\"https:\\\/\\\/www.bellunopress.it\\\/#\\\/schema\\\/logo\\\/image\\\/\",\"url\":\"https:\\\/\\\/www.bellunopress.it\\\/wp-content\\\/uploads\\\/2011\\\/05\\\/cropped-logo-bellunopress-.jpg\",\"contentUrl\":\"https:\\\/\\\/www.bellunopress.it\\\/wp-content\\\/uploads\\\/2011\\\/05\\\/cropped-logo-bellunopress-.jpg\",\"width\":512,\"height\":512,\"caption\":\"Bellunopress\"},\"image\":{\"@id\":\"https:\\\/\\\/www.bellunopress.it\\\/#\\\/schema\\\/logo\\\/image\\\/\"},\"sameAs\":[\"https:\\\/\\\/www.facebook.com\\\/profile.php?id=100008943462799\",\"https:\\\/\\\/x.com\\\/bellunopress\",\"https:\\\/\\\/www.linkedin.com\\\/hp\\\/?dnr=JBzUWaJfMUw8vbXJJ2tVW5-I3jZKvC4wsoxE&amp;amp;amp;amp;amp;amp;trk=nav_responsive_tab_home\",\"https:\\\/\\\/www.youtube.com\\\/channel\\\/UCxL0wu1uN0_3_7hGG0306cw\"]},{\"@type\":\"Person\",\"@id\":\"https:\\\/\\\/www.bellunopress.it\\\/#\\\/schema\\\/person\\\/79bb06722b37ece1c03d3e94beb30d73\",\"name\":\"redazione\",\"image\":{\"@type\":\"ImageObject\",\"inLanguage\":\"fr-FR\",\"@id\":\"https:\\\/\\\/secure.gravatar.com\\\/avatar\\\/37d968a2e67a6fd04c169c4bdef102d0bc5d31b2546345219e348575eb80e9a0?s=96&d=mm&r=g\",\"url\":\"https:\\\/\\\/secure.gravatar.com\\\/avatar\\\/37d968a2e67a6fd04c169c4bdef102d0bc5d31b2546345219e348575eb80e9a0?s=96&d=mm&r=g\",\"contentUrl\":\"https:\\\/\\\/secure.gravatar.com\\\/avatar\\\/37d968a2e67a6fd04c169c4bdef102d0bc5d31b2546345219e348575eb80e9a0?s=96&d=mm&r=g\",\"caption\":\"redazione\"},\"sameAs\":[\"http:\\\/\\\/www.bellunopress.it\",\"https:\\\/\\\/x.com\\\/bellunopress\"],\"url\":\"https:\\\/\\\/www.bellunopress.it\\\/fr\\\/author\\\/redazione\\\/\"}]}<\/script>\n<!-- \/ Yoast SEO plugin. -->","yoast_head_json":{"title":"Inizio anno scolastico, sindaco e assessori nelle scuole - Bellunopress - Dolomiti","robots":{"index":"index","follow":"follow","max-snippet":"max-snippet:-1","max-image-preview":"max-image-preview:large","max-video-preview":"max-video-preview:-1"},"canonical":"https:\/\/www.bellunopress.it\/fr\/2023\/09\/11\/inizio-anno-scolastico-sindaco-e-assessori-nelle-scuole\/","og_locale":"fr_FR","og_type":"article","og_title":"Inizio anno scolastico, sindaco e assessori nelle scuole - Bellunopress - Dolomiti","og_description":"Primo giorno di scuola anche per gli amministratori di Palazzo Rosso. Cos\u00ec come lo scorso anno, il sindaco, gli assessori e alcuni consiglieri comunali saranno presenti al suono della prima campanella nelle 12 scuole primarie e 3 secondarie di primo grado della citt\u00e0. \u201c\u00c8 uno dei modi che abbiamo per avvicinare i bambini all\u2019Amministrazione\u201d, spiega [&hellip;]","og_url":"https:\/\/www.bellunopress.it\/fr\/2023\/09\/11\/inizio-anno-scolastico-sindaco-e-assessori-nelle-scuole\/","og_site_name":"Bellunopress - Dolomiti","article_publisher":"https:\/\/www.facebook.com\/profile.php?id=100008943462799","article_published_time":"2023-09-11T18:40:38+00:00","og_image":[{"width":803,"height":1000,"url":"https:\/\/www.bellunopress.it\/wp-content\/uploads\/2022\/07\/Oscar-De-Pellegrin-sindaco-di-Belluno_edited.jpg","type":"image\/jpeg"}],"author":"redazione","twitter_card":"summary_large_image","twitter_creator":"@bellunopress","twitter_site":"@bellunopress","twitter_misc":{"\u00c9crit par":"redazione","Dur\u00e9e de lecture estim\u00e9e":"3 minutes"},"schema":{"@context":"https:\/\/schema.org","@graph":[{"@type":"Article","@id":"https:\/\/www.bellunopress.it\/2023\/09\/11\/inizio-anno-scolastico-sindaco-e-assessori-nelle-scuole\/#article","isPartOf":{"@id":"https:\/\/www.bellunopress.it\/2023\/09\/11\/inizio-anno-scolastico-sindaco-e-assessori-nelle-scuole\/"},"author":{"name":"redazione","@id":"https:\/\/www.bellunopress.it\/#\/schema\/person\/79bb06722b37ece1c03d3e94beb30d73"},"headline":"Inizio anno scolastico, sindaco e assessori nelle scuole","datePublished":"2023-09-11T18:40:38+00:00","mainEntityOfPage":{"@id":"https:\/\/www.bellunopress.it\/2023\/09\/11\/inizio-anno-scolastico-sindaco-e-assessori-nelle-scuole\/"},"wordCount":687,"publisher":{"@id":"https:\/\/www.bellunopress.it\/#organization"},"image":{"@id":"https:\/\/www.bellunopress.it\/2023\/09\/11\/inizio-anno-scolastico-sindaco-e-assessori-nelle-scuole\/#primaryimage"},"thumbnailUrl":"https:\/\/www.bellunopress.it\/wp-content\/uploads\/2022\/07\/Oscar-De-Pellegrin-sindaco-di-Belluno_edited.jpg","articleSection":["Prima Pagina","Scuola","Societ\u00e0, Associazioni, Istituzioni"],"inLanguage":"fr-FR"},{"@type":"WebPage","@id":"https:\/\/www.bellunopress.it\/2023\/09\/11\/inizio-anno-scolastico-sindaco-e-assessori-nelle-scuole\/","url":"https:\/\/www.bellunopress.it\/2023\/09\/11\/inizio-anno-scolastico-sindaco-e-assessori-nelle-scuole\/","name":"Inizio anno scolastico, sindaco e assessori nelle scuole - Bellunopress - Dolomiti","isPartOf":{"@id":"https:\/\/www.bellunopress.it\/#website"},"primaryImageOfPage":{"@id":"https:\/\/www.bellunopress.it\/2023\/09\/11\/inizio-anno-scolastico-sindaco-e-assessori-nelle-scuole\/#primaryimage"},"image":{"@id":"https:\/\/www.bellunopress.it\/2023\/09\/11\/inizio-anno-scolastico-sindaco-e-assessori-nelle-scuole\/#primaryimage"},"thumbnailUrl":"https:\/\/www.bellunopress.it\/wp-content\/uploads\/2022\/07\/Oscar-De-Pellegrin-sindaco-di-Belluno_edited.jpg","datePublished":"2023-09-11T18:40:38+00:00","breadcrumb":{"@id":"https:\/\/www.bellunopress.it\/2023\/09\/11\/inizio-anno-scolastico-sindaco-e-assessori-nelle-scuole\/#breadcrumb"},"inLanguage":"fr-FR","potentialAction":[{"@type":"ReadAction","target":["https:\/\/www.bellunopress.it\/2023\/09\/11\/inizio-anno-scolastico-sindaco-e-assessori-nelle-scuole\/"]}]},{"@type":"ImageObject","inLanguage":"fr-FR","@id":"https:\/\/www.bellunopress.it\/2023\/09\/11\/inizio-anno-scolastico-sindaco-e-assessori-nelle-scuole\/#primaryimage","url":"https:\/\/www.bellunopress.it\/wp-content\/uploads\/2022\/07\/Oscar-De-Pellegrin-sindaco-di-Belluno_edited.jpg","contentUrl":"https:\/\/www.bellunopress.it\/wp-content\/uploads\/2022\/07\/Oscar-De-Pellegrin-sindaco-di-Belluno_edited.jpg","width":803,"height":1000,"caption":"Oscar De Pellegrin, sindaco di Belluno"},{"@type":"BreadcrumbList","@id":"https:\/\/www.bellunopress.it\/2023\/09\/11\/inizio-anno-scolastico-sindaco-e-assessori-nelle-scuole\/#breadcrumb","itemListElement":[{"@type":"ListItem","position":1,"name":"Home","item":"https:\/\/www.bellunopress.it\/"},{"@type":"ListItem","position":2,"name":"Inizio anno scolastico, sindaco e assessori nelle scuole"}]},{"@type":"WebSite","@id":"https:\/\/www.bellunopress.it\/#website","url":"https:\/\/www.bellunopress.it\/","name":"Bellunopress - Dolomiti","description":"e-mail: redazione@bellunopress.it","publisher":{"@id":"https:\/\/www.bellunopress.it\/#organization"},"potentialAction":[{"@type":"SearchAction","target":{"@type":"EntryPoint","urlTemplate":"https:\/\/www.bellunopress.it\/?s={search_term_string}"},"query-input":{"@type":"PropertyValueSpecification","valueRequired":true,"valueName":"search_term_string"}}],"inLanguage":"fr-FR"},{"@type":"Organization","@id":"https:\/\/www.bellunopress.it\/#organization","name":"Bellunopress","url":"https:\/\/www.bellunopress.it\/","logo":{"@type":"ImageObject","inLanguage":"fr-FR","@id":"https:\/\/www.bellunopress.it\/#\/schema\/logo\/image\/","url":"https:\/\/www.bellunopress.it\/wp-content\/uploads\/2011\/05\/cropped-logo-bellunopress-.jpg","contentUrl":"https:\/\/www.bellunopress.it\/wp-content\/uploads\/2011\/05\/cropped-logo-bellunopress-.jpg","width":512,"height":512,"caption":"Bellunopress"},"image":{"@id":"https:\/\/www.bellunopress.it\/#\/schema\/logo\/image\/"},"sameAs":["https:\/\/www.facebook.com\/profile.php?id=100008943462799","https:\/\/x.com\/bellunopress","https:\/\/www.linkedin.com\/hp\/?dnr=JBzUWaJfMUw8vbXJJ2tVW5-I3jZKvC4wsoxE&amp;amp;amp;amp;amp;amp;trk=nav_responsive_tab_home","https:\/\/www.youtube.com\/channel\/UCxL0wu1uN0_3_7hGG0306cw"]},{"@type":"Person","@id":"https:\/\/www.bellunopress.it\/#\/schema\/person\/79bb06722b37ece1c03d3e94beb30d73","name":"r\u00e9daction","image":{"@type":"ImageObject","inLanguage":"fr-FR","@id":"https:\/\/secure.gravatar.com\/avatar\/37d968a2e67a6fd04c169c4bdef102d0bc5d31b2546345219e348575eb80e9a0?s=96&d=mm&r=g","url":"https:\/\/secure.gravatar.com\/avatar\/37d968a2e67a6fd04c169c4bdef102d0bc5d31b2546345219e348575eb80e9a0?s=96&d=mm&r=g","contentUrl":"https:\/\/secure.gravatar.com\/avatar\/37d968a2e67a6fd04c169c4bdef102d0bc5d31b2546345219e348575eb80e9a0?s=96&d=mm&r=g","caption":"redazione"},"sameAs":["http:\/\/www.bellunopress.it","https:\/\/x.com\/bellunopress"],"url":"https:\/\/www.bellunopress.it\/fr\/author\/redazione\/"}]}},"_links":{"self":[{"href":"https:\/\/www.bellunopress.it\/fr\/wp-json\/wp\/v2\/posts\/144089","targetHints":{"allow":["GET"]}}],"collection":[{"href":"https:\/\/www.bellunopress.it\/fr\/wp-json\/wp\/v2\/posts"}],"about":[{"href":"https:\/\/www.bellunopress.it\/fr\/wp-json\/wp\/v2\/types\/post"}],"author":[{"embeddable":true,"href":"https:\/\/www.bellunopress.it\/fr\/wp-json\/wp\/v2\/users\/2"}],"replies":[{"embeddable":true,"href":"https:\/\/www.bellunopress.it\/fr\/wp-json\/wp\/v2\/comments?post=144089"}],"version-history":[{"count":1,"href":"https:\/\/www.bellunopress.it\/fr\/wp-json\/wp\/v2\/posts\/144089\/revisions"}],"predecessor-version":[{"id":144090,"href":"https:\/\/www.bellunopress.it\/fr\/wp-json\/wp\/v2\/posts\/144089\/revisions\/144090"}],"wp:featuredmedia":[{"embeddable":true,"href":"https:\/\/www.bellunopress.it\/fr\/wp-json\/wp\/v2\/media\/135245"}],"wp:attachment":[{"href":"https:\/\/www.bellunopress.it\/fr\/wp-json\/wp\/v2\/media?parent=144089"}],"wp:term":[{"taxonomy":"category","embeddable":true,"href":"https:\/\/www.bellunopress.it\/fr\/wp-json\/wp\/v2\/categories?post=144089"},{"taxonomy":"post_tag","embeddable":true,"href":"https:\/\/www.bellunopress.it\/fr\/wp-json\/wp\/v2\/tags?post=144089"}],"curies":[{"name":"wp","href":"https:\/\/api.w.org\/{rel}","templated":true}]}}