{"id":144056,"date":"2023-09-10T11:14:11","date_gmt":"2023-09-10T09:14:11","guid":{"rendered":"https:\/\/www.bellunopress.it\/?p=144056"},"modified":"2023-09-10T22:15:39","modified_gmt":"2023-09-10T20:15:39","slug":"la-perla-di-caprioni-illumina-lesordio-in-campionato","status":"publish","type":"post","link":"https:\/\/www.bellunopress.it\/fr\/2023\/09\/10\/la-perla-di-caprioni-illumina-lesordio-in-campionato\/","title":{"rendered":"La perla di Caprioni illumina l&#8217;esordio in campionato"},"content":{"rendered":"<p><img loading=\"lazy\" decoding=\"async\" class=\"alignleft size-full wp-image-141251\" src=\"https:\/\/www.bellunopress.it\/wp-content\/uploads\/2023\/05\/Dolomiti-Bellunesi_edited.jpg\" alt=\"\" width=\"1000\" height=\"666\" srcset=\"https:\/\/www.bellunopress.it\/wp-content\/uploads\/2023\/05\/Dolomiti-Bellunesi_edited.jpg 1000w, https:\/\/www.bellunopress.it\/wp-content\/uploads\/2023\/05\/Dolomiti-Bellunesi_edited-500x333.jpg 500w, https:\/\/www.bellunopress.it\/wp-content\/uploads\/2023\/05\/Dolomiti-Bellunesi_edited-696x464.jpg 696w, https:\/\/www.bellunopress.it\/wp-content\/uploads\/2023\/05\/Dolomiti-Bellunesi_edited-631x420.jpg 631w\" sizes=\"auto, (max-width: 1000px) 100vw, 1000px\" \/>ADRIESE-DOLOMITI BELLUNESI 0-1<\/p>\n<p>GOL: pt 31&#8242; Caprioni.<\/p>\n<p>ADRIESE: Galassi; Petdji, Martimbianco (st 29&#8242; Rosso), Montin, Gasparini (st 23&#8242; Feruglio); Moretti (st 10&#8242; Pagni), Pimazzoni (st 1&#8242; Mollica), Cavallini (st 1&#8242; Moras); Brugnolo; Colombi, Issa (in panchina: Zanon, Paesanti, Dalla Vestra, Abdalla). Allenatore: R. Vecchiato.<\/p>\n<p>DOLOMITI BELLUNESI: Bresolin; Grieco, Perez, Tiozzo, Toniolo; Bandaogo (st 29&#8242; Baldassar), Yabr\u00e8, Tardivo (st 14&#8242; De Carli); Caprioni (st 38&#8242; T. Cossalter); Biancheri (st 14&#8242; Nunic), A. Cossalter (st 29&#8242; De Paoli) (in panchina: Battiston, Fagherazzi, Masut, Alcides). Allenatore: N. Zanini.<\/p>\n<p>ARBITRO: Francesco Saffioti di Como (assistenti: Fabio Cattaneo di Monza e Dario Fantaccione di Cinisello Balsamo).<\/p>\n<p>NOTE. Ammonito: Baldassar. Angoli: 4-2 per la SSD Dolomiti Bellunesi. Recupero: pt 1&#8242;; st 4&#8242;.<\/p>\n<p>L\u00ec, dove la SSD Dolomiti Bellunesi non aveva mai segnato, n\u00e9 vinto. E tantomeno pareggiato. L\u00ec, dove da anni troneggia una squadra di primissima fascia come l&#8217;Adriese. L\u00ec, allo stadio &#8220;Luigi Bettinazzi&#8221;, i dolomitici cambiano il corso degli eventi: strappano il bottino pieno, creano una quantit\u00e0 industriale di opportunit\u00e0, colpiscono due legni, concedono poco o nulla a un signor avversario. E confezionano la prima vittoria del campionato, grazie a una perla di rara bellezza: la estrae dal cilindro un prestigiatore del calibro di Lorenzo Caprioni. Potenza, precisione, qualit\u00e0 (e pure un pizzico di fortuna, ha ammesso il diretto interessato) in un unico tiro. E, anche se non siamo nel basket, vale tre punti.<\/p>\n<p>ALL&#8217;INCROCIO &#8211; Proprio Caprioni impensierisce subito il giovane portiere di casa, Galassi: prima con una bella girata, smanacciata in angolo. Poi con una sassata che esalta ancora i riflessi del diciottenne cresciuto nella &#8220;cantera&#8221; del Cesena. Ma sono solo le prove generali del gol: su invito di Tardivo, infatti, l&#8217;uomo da oltre 100 sigilli in carriera si aggiusta la sfera, prende la mira e, dalla distanza, toglie la ragnatela dall&#8217;incrocio. \u00c8 una rete da stropicciarsi gli occhi. E arriva al 31&#8242;, mentre a distanza di un minuto Alex Cossalter incoccia il legno, in seguito a una corta respinta di Galassi su Biancheri, a un passo dal bersaglio pure in chiusura di frazione. I dolomitici, in fiducia, continuano a spingere e sfiorano il raddoppio anche con Tardivo: colpo di testa a lato di un soffio. L&#8217;Adriese, per\u00f2, non rimane a guardare. E va vicina al pareggio con Pimazzoni, il cui diagonale lambisce il palo.<\/p>\n<p>&nbsp;<\/p>\n<p>NUNIC C&#8217;\u00c8 &#8211; Tra un tempo e l&#8217;altro, Vecchiato mescola le carte. E inserisce Moras, subito pericoloso su punizione, al 4&#8242; della ripresa: Bresolin respinge. Ma non sono da meno i dolomitici con Perez che di testa, da buona posizione, mette a lato. Si vede pure Nunic, all&#8217;esordio assoluta con la nuova maglia: la sua prima conclusione arriva dal limite dell&#8217;area e si perde alta. E in pieno recupero, in seguito alla verticalizzazione di Thomas Cossalter, si presenta a tu per tu col portiere, ma non sfrutta il match point. Come se non bastasse, De Paoli centra il secondo palo di giornata. Alla fine, quindi, il successo \u00e8 di misura.<\/p>\n<p>L&#8217;ANALISI &#8211; \u00abAbbiamo avuto tredici occasioni nitide &#8211; \u00e8 l&#8217;analisi di mister Nicola Zanini -. Dopo aver chiuso la frazione iniziale in vantaggio di un solo gol, non era facile interpretare la ripresa come abbiamo fatto noi: la squadra ha sempre lottato, poteva raddoppiare in pi\u00f9 circostanze. E pure chi \u00e8 entrato a partita in corso si \u00e8 espresso al meglio. I ragazzi hanno meritato la vittoria: la loro \u00e8 stata una prestazione con la &#8220;p&#8221; maiuscola\u00bb.<\/p>","protected":false},"excerpt":{"rendered":"<p>ADRIESE-DOLOMITI BELLUNESI 0-1 GOL: pt 31&#8242; Caprioni. ADRIESE: Galassi; Petdji, Martimbianco (st 29&#8242; Rosso), Montin, Gasparini (st 23&#8242; Feruglio); Moretti (st 10&#8242; Pagni), Pimazzoni (st 1&#8242; Mollica), Cavallini (st 1&#8242; Moras); Brugnolo; Colombi, Issa (in panchina: Zanon, Paesanti, Dalla Vestra, Abdalla). Allenatore: R. Vecchiato. DOLOMITI BELLUNESI: Bresolin; Grieco, Perez, Tiozzo, Toniolo; Bandaogo (st 29&#8242; Baldassar), [&hellip;]<\/p>\n","protected":false},"author":2,"featured_media":141251,"comment_status":"closed","ping_status":"open","sticky":false,"template":"","format":"standard","meta":{"footnotes":""},"categories":[4],"tags":[],"class_list":["post-144056","post","type-post","status-publish","format-standard","has-post-thumbnail","category-sport"],"yoast_head":"<!-- This site is optimized with the Yoast SEO plugin v28.4 - https:\/\/yoast.com\/product\/yoast-seo-wordpress\/ -->\n<title>La perla di Caprioni illumina l&#039;esordio in campionato - Bellunopress - Dolomiti<\/title>\n<meta name=\"robots\" content=\"index, follow, max-snippet:-1, max-image-preview:large, max-video-preview:-1\" \/>\n<link rel=\"canonical\" href=\"https:\/\/www.bellunopress.it\/fr\/2023\/09\/10\/la-perla-di-caprioni-illumina-lesordio-in-campionato\/\" \/>\n<meta property=\"og:locale\" content=\"fr_FR\" \/>\n<meta property=\"og:type\" content=\"article\" \/>\n<meta property=\"og:title\" content=\"La perla di Caprioni illumina l&#039;esordio in campionato - Bellunopress - Dolomiti\" \/>\n<meta property=\"og:description\" content=\"ADRIESE-DOLOMITI BELLUNESI 0-1 GOL: pt 31&#8242; Caprioni. ADRIESE: Galassi; Petdji, Martimbianco (st 29&#8242; Rosso), Montin, Gasparini (st 23&#8242; Feruglio); Moretti (st 10&#8242; Pagni), Pimazzoni (st 1&#8242; Mollica), Cavallini (st 1&#8242; Moras); Brugnolo; Colombi, Issa (in panchina: Zanon, Paesanti, Dalla Vestra, Abdalla). Allenatore: R. Vecchiato. DOLOMITI BELLUNESI: Bresolin; Grieco, Perez, Tiozzo, Toniolo; Bandaogo (st 29&#8242; Baldassar), [&hellip;]\" \/>\n<meta property=\"og:url\" content=\"https:\/\/www.bellunopress.it\/fr\/2023\/09\/10\/la-perla-di-caprioni-illumina-lesordio-in-campionato\/\" \/>\n<meta property=\"og:site_name\" content=\"Bellunopress - Dolomiti\" \/>\n<meta property=\"article:publisher\" content=\"https:\/\/www.facebook.com\/profile.php?id=100008943462799\" \/>\n<meta property=\"article:published_time\" content=\"2023-09-10T09:14:11+00:00\" \/>\n<meta property=\"article:modified_time\" content=\"2023-09-10T20:15:39+00:00\" \/>\n<meta property=\"og:image\" content=\"https:\/\/www.bellunopress.it\/wp-content\/uploads\/2023\/05\/Dolomiti-Bellunesi_edited.jpg\" \/>\n\t<meta property=\"og:image:width\" content=\"1000\" \/>\n\t<meta property=\"og:image:height\" content=\"666\" \/>\n\t<meta property=\"og:image:type\" content=\"image\/jpeg\" \/>\n<meta name=\"author\" content=\"redazione\" \/>\n<meta name=\"twitter:card\" content=\"summary_large_image\" \/>\n<meta name=\"twitter:creator\" content=\"@bellunopress\" \/>\n<meta name=\"twitter:site\" content=\"@bellunopress\" \/>\n<meta name=\"twitter:label1\" content=\"\u00c9crit par\" \/>\n\t<meta name=\"twitter:data1\" content=\"redazione\" \/>\n\t<meta name=\"twitter:label2\" content=\"Dur\u00e9e de lecture estim\u00e9e\" \/>\n\t<meta name=\"twitter:data2\" content=\"3 minutes\" \/>\n<script type=\"application\/ld+json\" class=\"yoast-schema-graph\">{\"@context\":\"https:\\\/\\\/schema.org\",\"@graph\":[{\"@type\":\"Article\",\"@id\":\"https:\\\/\\\/www.bellunopress.it\\\/2023\\\/09\\\/10\\\/la-perla-di-caprioni-illumina-lesordio-in-campionato\\\/#article\",\"isPartOf\":{\"@id\":\"https:\\\/\\\/www.bellunopress.it\\\/2023\\\/09\\\/10\\\/la-perla-di-caprioni-illumina-lesordio-in-campionato\\\/\"},\"author\":{\"name\":\"redazione\",\"@id\":\"https:\\\/\\\/www.bellunopress.it\\\/#\\\/schema\\\/person\\\/79bb06722b37ece1c03d3e94beb30d73\"},\"headline\":\"La perla di Caprioni illumina l&#8217;esordio in campionato\",\"datePublished\":\"2023-09-10T09:14:11+00:00\",\"dateModified\":\"2023-09-10T20:15:39+00:00\",\"mainEntityOfPage\":{\"@id\":\"https:\\\/\\\/www.bellunopress.it\\\/2023\\\/09\\\/10\\\/la-perla-di-caprioni-illumina-lesordio-in-campionato\\\/\"},\"wordCount\":567,\"publisher\":{\"@id\":\"https:\\\/\\\/www.bellunopress.it\\\/#organization\"},\"image\":{\"@id\":\"https:\\\/\\\/www.bellunopress.it\\\/2023\\\/09\\\/10\\\/la-perla-di-caprioni-illumina-lesordio-in-campionato\\\/#primaryimage\"},\"thumbnailUrl\":\"https:\\\/\\\/www.bellunopress.it\\\/wp-content\\\/uploads\\\/2023\\\/05\\\/Dolomiti-Bellunesi_edited.jpg\",\"articleSection\":[\"Sport, tempo libero\"],\"inLanguage\":\"fr-FR\"},{\"@type\":\"WebPage\",\"@id\":\"https:\\\/\\\/www.bellunopress.it\\\/2023\\\/09\\\/10\\\/la-perla-di-caprioni-illumina-lesordio-in-campionato\\\/\",\"url\":\"https:\\\/\\\/www.bellunopress.it\\\/2023\\\/09\\\/10\\\/la-perla-di-caprioni-illumina-lesordio-in-campionato\\\/\",\"name\":\"La perla di Caprioni illumina l'esordio in campionato - Bellunopress - Dolomiti\",\"isPartOf\":{\"@id\":\"https:\\\/\\\/www.bellunopress.it\\\/#website\"},\"primaryImageOfPage\":{\"@id\":\"https:\\\/\\\/www.bellunopress.it\\\/2023\\\/09\\\/10\\\/la-perla-di-caprioni-illumina-lesordio-in-campionato\\\/#primaryimage\"},\"image\":{\"@id\":\"https:\\\/\\\/www.bellunopress.it\\\/2023\\\/09\\\/10\\\/la-perla-di-caprioni-illumina-lesordio-in-campionato\\\/#primaryimage\"},\"thumbnailUrl\":\"https:\\\/\\\/www.bellunopress.it\\\/wp-content\\\/uploads\\\/2023\\\/05\\\/Dolomiti-Bellunesi_edited.jpg\",\"datePublished\":\"2023-09-10T09:14:11+00:00\",\"dateModified\":\"2023-09-10T20:15:39+00:00\",\"breadcrumb\":{\"@id\":\"https:\\\/\\\/www.bellunopress.it\\\/2023\\\/09\\\/10\\\/la-perla-di-caprioni-illumina-lesordio-in-campionato\\\/#breadcrumb\"},\"inLanguage\":\"fr-FR\",\"potentialAction\":[{\"@type\":\"ReadAction\",\"target\":[\"https:\\\/\\\/www.bellunopress.it\\\/2023\\\/09\\\/10\\\/la-perla-di-caprioni-illumina-lesordio-in-campionato\\\/\"]}]},{\"@type\":\"ImageObject\",\"inLanguage\":\"fr-FR\",\"@id\":\"https:\\\/\\\/www.bellunopress.it\\\/2023\\\/09\\\/10\\\/la-perla-di-caprioni-illumina-lesordio-in-campionato\\\/#primaryimage\",\"url\":\"https:\\\/\\\/www.bellunopress.it\\\/wp-content\\\/uploads\\\/2023\\\/05\\\/Dolomiti-Bellunesi_edited.jpg\",\"contentUrl\":\"https:\\\/\\\/www.bellunopress.it\\\/wp-content\\\/uploads\\\/2023\\\/05\\\/Dolomiti-Bellunesi_edited.jpg\",\"width\":1000,\"height\":666},{\"@type\":\"BreadcrumbList\",\"@id\":\"https:\\\/\\\/www.bellunopress.it\\\/2023\\\/09\\\/10\\\/la-perla-di-caprioni-illumina-lesordio-in-campionato\\\/#breadcrumb\",\"itemListElement\":[{\"@type\":\"ListItem\",\"position\":1,\"name\":\"Home\",\"item\":\"https:\\\/\\\/www.bellunopress.it\\\/\"},{\"@type\":\"ListItem\",\"position\":2,\"name\":\"La perla di Caprioni illumina l&#8217;esordio in campionato\"}]},{\"@type\":\"WebSite\",\"@id\":\"https:\\\/\\\/www.bellunopress.it\\\/#website\",\"url\":\"https:\\\/\\\/www.bellunopress.it\\\/\",\"name\":\"Bellunopress - Dolomiti\",\"description\":\"e-mail: redazione@bellunopress.it\",\"publisher\":{\"@id\":\"https:\\\/\\\/www.bellunopress.it\\\/#organization\"},\"potentialAction\":[{\"@type\":\"SearchAction\",\"target\":{\"@type\":\"EntryPoint\",\"urlTemplate\":\"https:\\\/\\\/www.bellunopress.it\\\/?s={search_term_string}\"},\"query-input\":{\"@type\":\"PropertyValueSpecification\",\"valueRequired\":true,\"valueName\":\"search_term_string\"}}],\"inLanguage\":\"fr-FR\"},{\"@type\":\"Organization\",\"@id\":\"https:\\\/\\\/www.bellunopress.it\\\/#organization\",\"name\":\"Bellunopress\",\"url\":\"https:\\\/\\\/www.bellunopress.it\\\/\",\"logo\":{\"@type\":\"ImageObject\",\"inLanguage\":\"fr-FR\",\"@id\":\"https:\\\/\\\/www.bellunopress.it\\\/#\\\/schema\\\/logo\\\/image\\\/\",\"url\":\"https:\\\/\\\/www.bellunopress.it\\\/wp-content\\\/uploads\\\/2011\\\/05\\\/cropped-logo-bellunopress-.jpg\",\"contentUrl\":\"https:\\\/\\\/www.bellunopress.it\\\/wp-content\\\/uploads\\\/2011\\\/05\\\/cropped-logo-bellunopress-.jpg\",\"width\":512,\"height\":512,\"caption\":\"Bellunopress\"},\"image\":{\"@id\":\"https:\\\/\\\/www.bellunopress.it\\\/#\\\/schema\\\/logo\\\/image\\\/\"},\"sameAs\":[\"https:\\\/\\\/www.facebook.com\\\/profile.php?id=100008943462799\",\"https:\\\/\\\/x.com\\\/bellunopress\",\"https:\\\/\\\/www.linkedin.com\\\/hp\\\/?dnr=JBzUWaJfMUw8vbXJJ2tVW5-I3jZKvC4wsoxE&amp;amp;amp;amp;amp;amp;trk=nav_responsive_tab_home\",\"https:\\\/\\\/www.youtube.com\\\/channel\\\/UCxL0wu1uN0_3_7hGG0306cw\"]},{\"@type\":\"Person\",\"@id\":\"https:\\\/\\\/www.bellunopress.it\\\/#\\\/schema\\\/person\\\/79bb06722b37ece1c03d3e94beb30d73\",\"name\":\"redazione\",\"image\":{\"@type\":\"ImageObject\",\"inLanguage\":\"fr-FR\",\"@id\":\"https:\\\/\\\/secure.gravatar.com\\\/avatar\\\/37d968a2e67a6fd04c169c4bdef102d0bc5d31b2546345219e348575eb80e9a0?s=96&d=mm&r=g\",\"url\":\"https:\\\/\\\/secure.gravatar.com\\\/avatar\\\/37d968a2e67a6fd04c169c4bdef102d0bc5d31b2546345219e348575eb80e9a0?s=96&d=mm&r=g\",\"contentUrl\":\"https:\\\/\\\/secure.gravatar.com\\\/avatar\\\/37d968a2e67a6fd04c169c4bdef102d0bc5d31b2546345219e348575eb80e9a0?s=96&d=mm&r=g\",\"caption\":\"redazione\"},\"sameAs\":[\"http:\\\/\\\/www.bellunopress.it\",\"https:\\\/\\\/x.com\\\/bellunopress\"],\"url\":\"https:\\\/\\\/www.bellunopress.it\\\/fr\\\/author\\\/redazione\\\/\"}]}<\/script>\n<!-- \/ Yoast SEO plugin. -->","yoast_head_json":{"title":"La perla di Caprioni illumina l'esordio in campionato - Bellunopress - Dolomiti","robots":{"index":"index","follow":"follow","max-snippet":"max-snippet:-1","max-image-preview":"max-image-preview:large","max-video-preview":"max-video-preview:-1"},"canonical":"https:\/\/www.bellunopress.it\/fr\/2023\/09\/10\/la-perla-di-caprioni-illumina-lesordio-in-campionato\/","og_locale":"fr_FR","og_type":"article","og_title":"La perla di Caprioni illumina l'esordio in campionato - Bellunopress - Dolomiti","og_description":"ADRIESE-DOLOMITI BELLUNESI 0-1 GOL: pt 31&#8242; Caprioni. ADRIESE: Galassi; Petdji, Martimbianco (st 29&#8242; Rosso), Montin, Gasparini (st 23&#8242; Feruglio); Moretti (st 10&#8242; Pagni), Pimazzoni (st 1&#8242; Mollica), Cavallini (st 1&#8242; Moras); Brugnolo; Colombi, Issa (in panchina: Zanon, Paesanti, Dalla Vestra, Abdalla). Allenatore: R. Vecchiato. DOLOMITI BELLUNESI: Bresolin; Grieco, Perez, Tiozzo, Toniolo; Bandaogo (st 29&#8242; Baldassar), [&hellip;]","og_url":"https:\/\/www.bellunopress.it\/fr\/2023\/09\/10\/la-perla-di-caprioni-illumina-lesordio-in-campionato\/","og_site_name":"Bellunopress - Dolomiti","article_publisher":"https:\/\/www.facebook.com\/profile.php?id=100008943462799","article_published_time":"2023-09-10T09:14:11+00:00","article_modified_time":"2023-09-10T20:15:39+00:00","og_image":[{"width":1000,"height":666,"url":"https:\/\/www.bellunopress.it\/wp-content\/uploads\/2023\/05\/Dolomiti-Bellunesi_edited.jpg","type":"image\/jpeg"}],"author":"redazione","twitter_card":"summary_large_image","twitter_creator":"@bellunopress","twitter_site":"@bellunopress","twitter_misc":{"\u00c9crit par":"redazione","Dur\u00e9e de lecture estim\u00e9e":"3 minutes"},"schema":{"@context":"https:\/\/schema.org","@graph":[{"@type":"Article","@id":"https:\/\/www.bellunopress.it\/2023\/09\/10\/la-perla-di-caprioni-illumina-lesordio-in-campionato\/#article","isPartOf":{"@id":"https:\/\/www.bellunopress.it\/2023\/09\/10\/la-perla-di-caprioni-illumina-lesordio-in-campionato\/"},"author":{"name":"redazione","@id":"https:\/\/www.bellunopress.it\/#\/schema\/person\/79bb06722b37ece1c03d3e94beb30d73"},"headline":"La perla di Caprioni illumina l&#8217;esordio in campionato","datePublished":"2023-09-10T09:14:11+00:00","dateModified":"2023-09-10T20:15:39+00:00","mainEntityOfPage":{"@id":"https:\/\/www.bellunopress.it\/2023\/09\/10\/la-perla-di-caprioni-illumina-lesordio-in-campionato\/"},"wordCount":567,"publisher":{"@id":"https:\/\/www.bellunopress.it\/#organization"},"image":{"@id":"https:\/\/www.bellunopress.it\/2023\/09\/10\/la-perla-di-caprioni-illumina-lesordio-in-campionato\/#primaryimage"},"thumbnailUrl":"https:\/\/www.bellunopress.it\/wp-content\/uploads\/2023\/05\/Dolomiti-Bellunesi_edited.jpg","articleSection":["Sport, tempo libero"],"inLanguage":"fr-FR"},{"@type":"WebPage","@id":"https:\/\/www.bellunopress.it\/2023\/09\/10\/la-perla-di-caprioni-illumina-lesordio-in-campionato\/","url":"https:\/\/www.bellunopress.it\/2023\/09\/10\/la-perla-di-caprioni-illumina-lesordio-in-campionato\/","name":"La perla di Caprioni illumina l'esordio in campionato - Bellunopress - Dolomiti","isPartOf":{"@id":"https:\/\/www.bellunopress.it\/#website"},"primaryImageOfPage":{"@id":"https:\/\/www.bellunopress.it\/2023\/09\/10\/la-perla-di-caprioni-illumina-lesordio-in-campionato\/#primaryimage"},"image":{"@id":"https:\/\/www.bellunopress.it\/2023\/09\/10\/la-perla-di-caprioni-illumina-lesordio-in-campionato\/#primaryimage"},"thumbnailUrl":"https:\/\/www.bellunopress.it\/wp-content\/uploads\/2023\/05\/Dolomiti-Bellunesi_edited.jpg","datePublished":"2023-09-10T09:14:11+00:00","dateModified":"2023-09-10T20:15:39+00:00","breadcrumb":{"@id":"https:\/\/www.bellunopress.it\/2023\/09\/10\/la-perla-di-caprioni-illumina-lesordio-in-campionato\/#breadcrumb"},"inLanguage":"fr-FR","potentialAction":[{"@type":"ReadAction","target":["https:\/\/www.bellunopress.it\/2023\/09\/10\/la-perla-di-caprioni-illumina-lesordio-in-campionato\/"]}]},{"@type":"ImageObject","inLanguage":"fr-FR","@id":"https:\/\/www.bellunopress.it\/2023\/09\/10\/la-perla-di-caprioni-illumina-lesordio-in-campionato\/#primaryimage","url":"https:\/\/www.bellunopress.it\/wp-content\/uploads\/2023\/05\/Dolomiti-Bellunesi_edited.jpg","contentUrl":"https:\/\/www.bellunopress.it\/wp-content\/uploads\/2023\/05\/Dolomiti-Bellunesi_edited.jpg","width":1000,"height":666},{"@type":"BreadcrumbList","@id":"https:\/\/www.bellunopress.it\/2023\/09\/10\/la-perla-di-caprioni-illumina-lesordio-in-campionato\/#breadcrumb","itemListElement":[{"@type":"ListItem","position":1,"name":"Home","item":"https:\/\/www.bellunopress.it\/"},{"@type":"ListItem","position":2,"name":"La perla di Caprioni illumina l&#8217;esordio in campionato"}]},{"@type":"WebSite","@id":"https:\/\/www.bellunopress.it\/#website","url":"https:\/\/www.bellunopress.it\/","name":"Bellunopress - Dolomiti","description":"e-mail: redazione@bellunopress.it","publisher":{"@id":"https:\/\/www.bellunopress.it\/#organization"},"potentialAction":[{"@type":"SearchAction","target":{"@type":"EntryPoint","urlTemplate":"https:\/\/www.bellunopress.it\/?s={search_term_string}"},"query-input":{"@type":"PropertyValueSpecification","valueRequired":true,"valueName":"search_term_string"}}],"inLanguage":"fr-FR"},{"@type":"Organization","@id":"https:\/\/www.bellunopress.it\/#organization","name":"Bellunopress","url":"https:\/\/www.bellunopress.it\/","logo":{"@type":"ImageObject","inLanguage":"fr-FR","@id":"https:\/\/www.bellunopress.it\/#\/schema\/logo\/image\/","url":"https:\/\/www.bellunopress.it\/wp-content\/uploads\/2011\/05\/cropped-logo-bellunopress-.jpg","contentUrl":"https:\/\/www.bellunopress.it\/wp-content\/uploads\/2011\/05\/cropped-logo-bellunopress-.jpg","width":512,"height":512,"caption":"Bellunopress"},"image":{"@id":"https:\/\/www.bellunopress.it\/#\/schema\/logo\/image\/"},"sameAs":["https:\/\/www.facebook.com\/profile.php?id=100008943462799","https:\/\/x.com\/bellunopress","https:\/\/www.linkedin.com\/hp\/?dnr=JBzUWaJfMUw8vbXJJ2tVW5-I3jZKvC4wsoxE&amp;amp;amp;amp;amp;amp;trk=nav_responsive_tab_home","https:\/\/www.youtube.com\/channel\/UCxL0wu1uN0_3_7hGG0306cw"]},{"@type":"Person","@id":"https:\/\/www.bellunopress.it\/#\/schema\/person\/79bb06722b37ece1c03d3e94beb30d73","name":"r\u00e9daction","image":{"@type":"ImageObject","inLanguage":"fr-FR","@id":"https:\/\/secure.gravatar.com\/avatar\/37d968a2e67a6fd04c169c4bdef102d0bc5d31b2546345219e348575eb80e9a0?s=96&d=mm&r=g","url":"https:\/\/secure.gravatar.com\/avatar\/37d968a2e67a6fd04c169c4bdef102d0bc5d31b2546345219e348575eb80e9a0?s=96&d=mm&r=g","contentUrl":"https:\/\/secure.gravatar.com\/avatar\/37d968a2e67a6fd04c169c4bdef102d0bc5d31b2546345219e348575eb80e9a0?s=96&d=mm&r=g","caption":"redazione"},"sameAs":["http:\/\/www.bellunopress.it","https:\/\/x.com\/bellunopress"],"url":"https:\/\/www.bellunopress.it\/fr\/author\/redazione\/"}]}},"_links":{"self":[{"href":"https:\/\/www.bellunopress.it\/fr\/wp-json\/wp\/v2\/posts\/144056","targetHints":{"allow":["GET"]}}],"collection":[{"href":"https:\/\/www.bellunopress.it\/fr\/wp-json\/wp\/v2\/posts"}],"about":[{"href":"https:\/\/www.bellunopress.it\/fr\/wp-json\/wp\/v2\/types\/post"}],"author":[{"embeddable":true,"href":"https:\/\/www.bellunopress.it\/fr\/wp-json\/wp\/v2\/users\/2"}],"replies":[{"embeddable":true,"href":"https:\/\/www.bellunopress.it\/fr\/wp-json\/wp\/v2\/comments?post=144056"}],"version-history":[{"count":1,"href":"https:\/\/www.bellunopress.it\/fr\/wp-json\/wp\/v2\/posts\/144056\/revisions"}],"predecessor-version":[{"id":144057,"href":"https:\/\/www.bellunopress.it\/fr\/wp-json\/wp\/v2\/posts\/144056\/revisions\/144057"}],"wp:featuredmedia":[{"embeddable":true,"href":"https:\/\/www.bellunopress.it\/fr\/wp-json\/wp\/v2\/media\/141251"}],"wp:attachment":[{"href":"https:\/\/www.bellunopress.it\/fr\/wp-json\/wp\/v2\/media?parent=144056"}],"wp:term":[{"taxonomy":"category","embeddable":true,"href":"https:\/\/www.bellunopress.it\/fr\/wp-json\/wp\/v2\/categories?post=144056"},{"taxonomy":"post_tag","embeddable":true,"href":"https:\/\/www.bellunopress.it\/fr\/wp-json\/wp\/v2\/tags?post=144056"}],"curies":[{"name":"wp","href":"https:\/\/api.w.org\/{rel}","templated":true}]}}