{"id":144035,"date":"2023-09-10T09:34:14","date_gmt":"2023-09-10T07:34:14","guid":{"rendered":"https:\/\/www.bellunopress.it\/?p=144035"},"modified":"2024-01-30T20:00:50","modified_gmt":"2024-01-30T19:00:50","slug":"11-settembre-22-anni-dopo-di-filiberto-dal-molin","status":"publish","type":"post","link":"https:\/\/www.bellunopress.it\/fr\/2023\/09\/10\/11-settembre-22-anni-dopo-di-filiberto-dal-molin\/","title":{"rendered":"11 settembre, 22 anni dopo * di Filiberto Dal Molin"},"content":{"rendered":"<p><img loading=\"lazy\" decoding=\"async\" class=\"alignleft size-full wp-image-144036\" src=\"https:\/\/www.bellunopress.it\/wp-content\/uploads\/2023\/09\/Torri-gemelle_edited.jpg\" alt=\"\" width=\"1000\" height=\"631\" srcset=\"https:\/\/www.bellunopress.it\/wp-content\/uploads\/2023\/09\/Torri-gemelle_edited.jpg 1000w, https:\/\/www.bellunopress.it\/wp-content\/uploads\/2023\/09\/Torri-gemelle_edited-500x316.jpg 500w, https:\/\/www.bellunopress.it\/wp-content\/uploads\/2023\/09\/Torri-gemelle_edited-696x439.jpg 696w, https:\/\/www.bellunopress.it\/wp-content\/uploads\/2023\/09\/Torri-gemelle_edited-666x420.jpg 666w\" sizes=\"auto, (max-width: 1000px) 100vw, 1000px\" \/>Nell\u2019articolo \u201cNumeri da non credere\u201d di Venerd\u00ec 2 giugno 2023 il giornalista di &#8220;La Repubblica&#8221; Jaime D\u2019Alessandro esamina i cosiddetti complotti e uno di questi riguarda le Torri Gemelle di New York.<br \/>\nPer ognuno degli 11 casi considerati viene proposta una ipotesi e vengono esaminate tre possibili risposte. Nel caso di specie si chiede se l\u2019attentato alle Torri gemelle sia stato organizzato dagli Stati Uniti. Le risposte raccolte dal giornalista sono: 46% sicuramente falsa; 22% probabilmente falsa e 32% plausibile o probabilmente vera.<\/p>\n<p>In quei giorni del 2001 vi erano in effetti vivaci discussioni in merito e molti si aspettavano che il presidente Bush decidesse di rispondere alle domande che gli erano state poste dal regista americano Michael Moore, autore del film Fahrenheit 9\/11, vincitore della Palma d\u2019oro al festival di Cannes 2004. Il presidente non ha mai risposto; i suoi collaboratori hanno spiegato lo svolgimento dei fatti e alcuni tecnici hanno motivato l\u2019inevitabile crollo delle torri dopo l\u2019impatto con i due aerei, mostrato centinaia di volte in TV e sui giornali. Tra gli altri un particolare interesse riguardava il crollo dell\u2019edificio n\u00b0 7 e la sorte degli altri aerei dirottati, mai chiaramente definita.<\/p>\n<p>Quell\u2019evento \u00e8 stato determinante come \u201ccasus belli\u201d, con cui il presidente Bush ha motivato la necessit\u00e0 di portare la guerra al terrorismo in Iraq e in Afghanistan. La guerra \u00e8 durata 20 anni, anche col contributo delle truppe italiane, programmaticamente coinvolte come missione di pace \u201cantica Babilonia\u201d. Quindi l\u2019Italia e altri Paesi europei dovrebbero essere molto interessati alla realt\u00e0 storica di quei giorni. A distanza di 22 anni dall\u2019evento l\u2019ex presidente George Walker Bush, se non ha ancora scritto le sue memorie sulla guerra da lui stesso voluta e battezzata \u201cEnduring freedom\u201d, dovrebbe finalmente rispondere ad alcune domande che proviamo a formulare.<\/p>\n<p>Egregio presidente, \u00e8 vero o falso che Suo fratello minore Marvin P. era stato responsabile della societ\u00e0 Securacom\/Stratesec che curava la sicurezza del complesso degli edifici del World Trade Center e della United Airlines all\u2019aeroporto internazionale di Dulles fino al 2000?<\/p>\n<p>che Suo cugino Wirt Walker III era amministratore delegato della medesima societ\u00e0, la stessa che si occupava anche della sicurezza del laboratorio di Los Alamos?<\/p>\n<p>che gli agenti della Securacom \/Stratesec, dopo l\u2019attentato del 1993 ogni giorno facevano il giro di tutti i piani con i cani antibomba controllando persone, pacchi e scatoloni che entravano nel perimetro dei sette edifici del WTC, controllati da telecamere e porte blindate ovunque?<\/p>\n<p>che il portiere capo del WTC William Rodriguez il mattino di gioved\u00ec 6 settembre 2001 non trov\u00f2 pi\u00f9 Woopy, il suo cane preferito, e neppure gli altri cani? Gli dissero\u201d per ordini dall\u2019alto\u201d?<\/p>\n<p>che senza ordini ufficiali e senza motivazioni esplicite la Securacom\/Stratesec aveva eliminato la sorveglianza cinofila antibomba?<\/p>\n<p>che la mattina di sabato 8 settembre venne staccata la elettricit\u00e0 alle due torri e all\u2019edificio n\u00b07 perch\u00e9 dovevano essere modernizzati i cavi internet e l\u2019elettricit\u00e0 torn\u00f2 alle 14 di domenica 9 settembre?<\/p>\n<p>che senza il controllo dei cani antibomba e delle telecamere nelle torri quasi vuote di persone un grande numero di sconosciuti inviati dalla societ\u00e0 di Suo cugino, si mosse liberamente all\u2019interno delle due torri e che una parte di questi erano artificieri?<\/p>\n<p>che probabilmente le torri non vennero nuovamente cablate ma alcuni si accorsero che minuscoli cilindri erano stati applicati ai pilastri; pi\u00f9 di mille cilindri con termite sigillati su 244 pilastri?<\/p>\n<p>che l\u201911 settembre erano state previste 16 esercitazioni militari coordinate dal capo di stato maggiore Richards Myers, due delle quali dal settore di difesa aerea nord-orientale con sede a Rome, nello Stato di New York, la Vigilant Guardian e la Northern Vigilance?<br \/>\nche uno dei bersagli immaginati era il W.T.C., cio\u00e8 le due torri?<\/p>\n<p>che John O\u2019Neill, uno dei pi\u00f9 attivi e implacabili cacciatori di terroristi, era stato assunto come capo della sicurezza del W.T.C. per 350.000 dollari l\u2019anno e avrebbe iniziato il nuovo lavoro l\u201911 settembre?<\/p>\n<p>che l\u2019agenzia Nsa, grazie ai satelliti spia e all\u2019elettronica, era in grado di intercettare ogni informazione via etere attraverso Echelon e quindi conosceva da mesi i nomi e le identit\u00e0 dei terroristi, gli obiettivi degli attacchi, le date programmate e le fonti di finanziamento. Ma la direzione blocc\u00f2 tutte le indagini di CIA ed FBI?<\/p>\n<p>che gli Stati Uniti, col progetto Darpa, da anni avevano realizzato e collaudato il controllo da remoto dei velivoli civili dirottati?<\/p>\n<p>che i Servizi segreti tedeschi, inglesi, francesi, marocchini, giordani, egiziani, israeliani e russi avevano avvertito FBI, CIA e Casa Bianca del piano \u201cBojinka\u201d di Atta e della cellula di Amburgo, con gli aerei di linea?<\/p>\n<p>che acquisti massicci di opzioni put sulle linee aeree americane erano state acquistate nelle banche americane svizzere tedesche e francesi, definito il caso pi\u00f9 grave di insider trading mai avvenuto?<\/p>\n<p>che il crollo dell\u2019edificio 7 del W.T.C, minato come le due torri, era stato programmato per distruggere le prove che in quella sede era stato sistemato il controllo da remoto degli aerei dirottati?<\/p>\n<p>che per questo \u201ccasus belli\u201d, al fine di giustificare la Sua personale guerricciola di 20 anni, \u00e8 morto John O\u2019 Neill (con un piano di perfido umorismo) 90 minuti dopo aver preso servizio col suo nuovo incarico, e solo altre 2976 persone? Le altre erano state avvisate?<\/p>\n<p>Grazie Presidente, attendiamo le Sue risposte da 22 anni. Non ci faccia attendere oltre!<br \/>\nSe fossi stato interpellato da Jaime D\u2019Alessandro sulle 2 torri avrei risposto che attendo le risposte di George W. Bush.<\/p>\n<p>Se fossi il giornalista Jaime D\u2019Alessandro studierei meglio i casi di ipotetico complotto; come ha fatto il giornalista free lance Franco Fracassi col suo libro \u201cBurning down 9\/11\u201d edito da lui stesso nel 2021, cui mi sono largamente ispirato.<\/p>\n<p><strong>Filiberto Dal Molin<\/strong><\/p>","protected":false},"excerpt":{"rendered":"<p>Nell\u2019articolo \u201cNumeri da non credere\u201d di Venerd\u00ec 2 giugno 2023 il giornalista di &#8220;La Repubblica&#8221; Jaime D\u2019Alessandro esamina i cosiddetti complotti e uno di questi riguarda le Torri Gemelle di New York. Per ognuno degli 11 casi considerati viene proposta una ipotesi e vengono esaminate tre possibili risposte. Nel caso di specie si chiede se [&hellip;]<\/p>\n","protected":false},"author":2,"featured_media":144036,"comment_status":"closed","ping_status":"open","sticky":false,"template":"","format":"standard","meta":{"footnotes":""},"categories":[3614,3446,26],"tags":[],"class_list":["post-144035","post","type-post","status-publish","format-standard","has-post-thumbnail","category-controcorrente","category-featured","category-prima-pagina"],"yoast_head":"<!-- This site is optimized with the Yoast SEO plugin v28.4 - https:\/\/yoast.com\/product\/yoast-seo-wordpress\/ -->\n<title>11 settembre, 22 anni dopo * di Filiberto Dal Molin - Bellunopress - Dolomiti<\/title>\n<meta name=\"robots\" content=\"index, follow, max-snippet:-1, max-image-preview:large, max-video-preview:-1\" \/>\n<link rel=\"canonical\" href=\"https:\/\/www.bellunopress.it\/fr\/2023\/09\/10\/11-settembre-22-anni-dopo-di-filiberto-dal-molin\/\" \/>\n<meta property=\"og:locale\" content=\"fr_FR\" \/>\n<meta property=\"og:type\" content=\"article\" \/>\n<meta property=\"og:title\" content=\"11 settembre, 22 anni dopo * di Filiberto Dal Molin - Bellunopress - Dolomiti\" \/>\n<meta property=\"og:description\" content=\"Nell\u2019articolo \u201cNumeri da non credere\u201d di Venerd\u00ec 2 giugno 2023 il giornalista di &#8220;La Repubblica&#8221; Jaime D\u2019Alessandro esamina i cosiddetti complotti e uno di questi riguarda le Torri Gemelle di New York. Per ognuno degli 11 casi considerati viene proposta una ipotesi e vengono esaminate tre possibili risposte. Nel caso di specie si chiede se [&hellip;]\" \/>\n<meta property=\"og:url\" content=\"https:\/\/www.bellunopress.it\/fr\/2023\/09\/10\/11-settembre-22-anni-dopo-di-filiberto-dal-molin\/\" \/>\n<meta property=\"og:site_name\" content=\"Bellunopress - Dolomiti\" \/>\n<meta property=\"article:publisher\" content=\"https:\/\/www.facebook.com\/profile.php?id=100008943462799\" \/>\n<meta property=\"article:published_time\" content=\"2023-09-10T07:34:14+00:00\" \/>\n<meta property=\"article:modified_time\" content=\"2024-01-30T19:00:50+00:00\" \/>\n<meta property=\"og:image\" content=\"https:\/\/www.bellunopress.it\/wp-content\/uploads\/2023\/09\/Torri-gemelle_edited.jpg\" \/>\n\t<meta property=\"og:image:width\" content=\"1000\" \/>\n\t<meta property=\"og:image:height\" content=\"631\" \/>\n\t<meta property=\"og:image:type\" content=\"image\/jpeg\" \/>\n<meta name=\"author\" content=\"redazione\" \/>\n<meta name=\"twitter:card\" content=\"summary_large_image\" \/>\n<meta name=\"twitter:creator\" content=\"@bellunopress\" \/>\n<meta name=\"twitter:site\" content=\"@bellunopress\" \/>\n<meta name=\"twitter:label1\" content=\"\u00c9crit par\" \/>\n\t<meta name=\"twitter:data1\" content=\"redazione\" \/>\n\t<meta name=\"twitter:label2\" content=\"Dur\u00e9e de lecture estim\u00e9e\" \/>\n\t<meta name=\"twitter:data2\" content=\"5 minutes\" \/>\n<script type=\"application\/ld+json\" class=\"yoast-schema-graph\">{\"@context\":\"https:\\\/\\\/schema.org\",\"@graph\":[{\"@type\":\"Article\",\"@id\":\"https:\\\/\\\/www.bellunopress.it\\\/2023\\\/09\\\/10\\\/11-settembre-22-anni-dopo-di-filiberto-dal-molin\\\/#article\",\"isPartOf\":{\"@id\":\"https:\\\/\\\/www.bellunopress.it\\\/2023\\\/09\\\/10\\\/11-settembre-22-anni-dopo-di-filiberto-dal-molin\\\/\"},\"author\":{\"name\":\"redazione\",\"@id\":\"https:\\\/\\\/www.bellunopress.it\\\/#\\\/schema\\\/person\\\/79bb06722b37ece1c03d3e94beb30d73\"},\"headline\":\"11 settembre, 22 anni dopo * di Filiberto Dal Molin\",\"datePublished\":\"2023-09-10T07:34:14+00:00\",\"dateModified\":\"2024-01-30T19:00:50+00:00\",\"mainEntityOfPage\":{\"@id\":\"https:\\\/\\\/www.bellunopress.it\\\/2023\\\/09\\\/10\\\/11-settembre-22-anni-dopo-di-filiberto-dal-molin\\\/\"},\"wordCount\":949,\"publisher\":{\"@id\":\"https:\\\/\\\/www.bellunopress.it\\\/#organization\"},\"image\":{\"@id\":\"https:\\\/\\\/www.bellunopress.it\\\/2023\\\/09\\\/10\\\/11-settembre-22-anni-dopo-di-filiberto-dal-molin\\\/#primaryimage\"},\"thumbnailUrl\":\"https:\\\/\\\/www.bellunopress.it\\\/wp-content\\\/uploads\\\/2023\\\/09\\\/Torri-gemelle_edited.jpg\",\"articleSection\":[\"Controcorrente Dr Filiberto Dal Molin\",\"Featured\",\"Prima Pagina\"],\"inLanguage\":\"fr-FR\"},{\"@type\":\"WebPage\",\"@id\":\"https:\\\/\\\/www.bellunopress.it\\\/2023\\\/09\\\/10\\\/11-settembre-22-anni-dopo-di-filiberto-dal-molin\\\/\",\"url\":\"https:\\\/\\\/www.bellunopress.it\\\/2023\\\/09\\\/10\\\/11-settembre-22-anni-dopo-di-filiberto-dal-molin\\\/\",\"name\":\"11 settembre, 22 anni dopo * di Filiberto Dal Molin - Bellunopress - Dolomiti\",\"isPartOf\":{\"@id\":\"https:\\\/\\\/www.bellunopress.it\\\/#website\"},\"primaryImageOfPage\":{\"@id\":\"https:\\\/\\\/www.bellunopress.it\\\/2023\\\/09\\\/10\\\/11-settembre-22-anni-dopo-di-filiberto-dal-molin\\\/#primaryimage\"},\"image\":{\"@id\":\"https:\\\/\\\/www.bellunopress.it\\\/2023\\\/09\\\/10\\\/11-settembre-22-anni-dopo-di-filiberto-dal-molin\\\/#primaryimage\"},\"thumbnailUrl\":\"https:\\\/\\\/www.bellunopress.it\\\/wp-content\\\/uploads\\\/2023\\\/09\\\/Torri-gemelle_edited.jpg\",\"datePublished\":\"2023-09-10T07:34:14+00:00\",\"dateModified\":\"2024-01-30T19:00:50+00:00\",\"breadcrumb\":{\"@id\":\"https:\\\/\\\/www.bellunopress.it\\\/2023\\\/09\\\/10\\\/11-settembre-22-anni-dopo-di-filiberto-dal-molin\\\/#breadcrumb\"},\"inLanguage\":\"fr-FR\",\"potentialAction\":[{\"@type\":\"ReadAction\",\"target\":[\"https:\\\/\\\/www.bellunopress.it\\\/2023\\\/09\\\/10\\\/11-settembre-22-anni-dopo-di-filiberto-dal-molin\\\/\"]}]},{\"@type\":\"ImageObject\",\"inLanguage\":\"fr-FR\",\"@id\":\"https:\\\/\\\/www.bellunopress.it\\\/2023\\\/09\\\/10\\\/11-settembre-22-anni-dopo-di-filiberto-dal-molin\\\/#primaryimage\",\"url\":\"https:\\\/\\\/www.bellunopress.it\\\/wp-content\\\/uploads\\\/2023\\\/09\\\/Torri-gemelle_edited.jpg\",\"contentUrl\":\"https:\\\/\\\/www.bellunopress.it\\\/wp-content\\\/uploads\\\/2023\\\/09\\\/Torri-gemelle_edited.jpg\",\"width\":1000,\"height\":631},{\"@type\":\"BreadcrumbList\",\"@id\":\"https:\\\/\\\/www.bellunopress.it\\\/2023\\\/09\\\/10\\\/11-settembre-22-anni-dopo-di-filiberto-dal-molin\\\/#breadcrumb\",\"itemListElement\":[{\"@type\":\"ListItem\",\"position\":1,\"name\":\"Home\",\"item\":\"https:\\\/\\\/www.bellunopress.it\\\/\"},{\"@type\":\"ListItem\",\"position\":2,\"name\":\"11 settembre, 22 anni dopo * di Filiberto Dal Molin\"}]},{\"@type\":\"WebSite\",\"@id\":\"https:\\\/\\\/www.bellunopress.it\\\/#website\",\"url\":\"https:\\\/\\\/www.bellunopress.it\\\/\",\"name\":\"Bellunopress - Dolomiti\",\"description\":\"e-mail: redazione@bellunopress.it\",\"publisher\":{\"@id\":\"https:\\\/\\\/www.bellunopress.it\\\/#organization\"},\"potentialAction\":[{\"@type\":\"SearchAction\",\"target\":{\"@type\":\"EntryPoint\",\"urlTemplate\":\"https:\\\/\\\/www.bellunopress.it\\\/?s={search_term_string}\"},\"query-input\":{\"@type\":\"PropertyValueSpecification\",\"valueRequired\":true,\"valueName\":\"search_term_string\"}}],\"inLanguage\":\"fr-FR\"},{\"@type\":\"Organization\",\"@id\":\"https:\\\/\\\/www.bellunopress.it\\\/#organization\",\"name\":\"Bellunopress\",\"url\":\"https:\\\/\\\/www.bellunopress.it\\\/\",\"logo\":{\"@type\":\"ImageObject\",\"inLanguage\":\"fr-FR\",\"@id\":\"https:\\\/\\\/www.bellunopress.it\\\/#\\\/schema\\\/logo\\\/image\\\/\",\"url\":\"https:\\\/\\\/www.bellunopress.it\\\/wp-content\\\/uploads\\\/2011\\\/05\\\/cropped-logo-bellunopress-.jpg\",\"contentUrl\":\"https:\\\/\\\/www.bellunopress.it\\\/wp-content\\\/uploads\\\/2011\\\/05\\\/cropped-logo-bellunopress-.jpg\",\"width\":512,\"height\":512,\"caption\":\"Bellunopress\"},\"image\":{\"@id\":\"https:\\\/\\\/www.bellunopress.it\\\/#\\\/schema\\\/logo\\\/image\\\/\"},\"sameAs\":[\"https:\\\/\\\/www.facebook.com\\\/profile.php?id=100008943462799\",\"https:\\\/\\\/x.com\\\/bellunopress\",\"https:\\\/\\\/www.linkedin.com\\\/hp\\\/?dnr=JBzUWaJfMUw8vbXJJ2tVW5-I3jZKvC4wsoxE&amp;amp;amp;amp;amp;amp;trk=nav_responsive_tab_home\",\"https:\\\/\\\/www.youtube.com\\\/channel\\\/UCxL0wu1uN0_3_7hGG0306cw\"]},{\"@type\":\"Person\",\"@id\":\"https:\\\/\\\/www.bellunopress.it\\\/#\\\/schema\\\/person\\\/79bb06722b37ece1c03d3e94beb30d73\",\"name\":\"redazione\",\"image\":{\"@type\":\"ImageObject\",\"inLanguage\":\"fr-FR\",\"@id\":\"https:\\\/\\\/secure.gravatar.com\\\/avatar\\\/37d968a2e67a6fd04c169c4bdef102d0bc5d31b2546345219e348575eb80e9a0?s=96&d=mm&r=g\",\"url\":\"https:\\\/\\\/secure.gravatar.com\\\/avatar\\\/37d968a2e67a6fd04c169c4bdef102d0bc5d31b2546345219e348575eb80e9a0?s=96&d=mm&r=g\",\"contentUrl\":\"https:\\\/\\\/secure.gravatar.com\\\/avatar\\\/37d968a2e67a6fd04c169c4bdef102d0bc5d31b2546345219e348575eb80e9a0?s=96&d=mm&r=g\",\"caption\":\"redazione\"},\"sameAs\":[\"http:\\\/\\\/www.bellunopress.it\",\"https:\\\/\\\/x.com\\\/bellunopress\"],\"url\":\"https:\\\/\\\/www.bellunopress.it\\\/fr\\\/author\\\/redazione\\\/\"}]}<\/script>\n<!-- \/ Yoast SEO plugin. -->","yoast_head_json":{"title":"11 settembre, 22 anni dopo * di Filiberto Dal Molin - Bellunopress - Dolomiti","robots":{"index":"index","follow":"follow","max-snippet":"max-snippet:-1","max-image-preview":"max-image-preview:large","max-video-preview":"max-video-preview:-1"},"canonical":"https:\/\/www.bellunopress.it\/fr\/2023\/09\/10\/11-settembre-22-anni-dopo-di-filiberto-dal-molin\/","og_locale":"fr_FR","og_type":"article","og_title":"11 settembre, 22 anni dopo * di Filiberto Dal Molin - Bellunopress - Dolomiti","og_description":"Nell\u2019articolo \u201cNumeri da non credere\u201d di Venerd\u00ec 2 giugno 2023 il giornalista di &#8220;La Repubblica&#8221; Jaime D\u2019Alessandro esamina i cosiddetti complotti e uno di questi riguarda le Torri Gemelle di New York. Per ognuno degli 11 casi considerati viene proposta una ipotesi e vengono esaminate tre possibili risposte. Nel caso di specie si chiede se [&hellip;]","og_url":"https:\/\/www.bellunopress.it\/fr\/2023\/09\/10\/11-settembre-22-anni-dopo-di-filiberto-dal-molin\/","og_site_name":"Bellunopress - Dolomiti","article_publisher":"https:\/\/www.facebook.com\/profile.php?id=100008943462799","article_published_time":"2023-09-10T07:34:14+00:00","article_modified_time":"2024-01-30T19:00:50+00:00","og_image":[{"width":1000,"height":631,"url":"https:\/\/www.bellunopress.it\/wp-content\/uploads\/2023\/09\/Torri-gemelle_edited.jpg","type":"image\/jpeg"}],"author":"redazione","twitter_card":"summary_large_image","twitter_creator":"@bellunopress","twitter_site":"@bellunopress","twitter_misc":{"\u00c9crit par":"redazione","Dur\u00e9e de lecture estim\u00e9e":"5 minutes"},"schema":{"@context":"https:\/\/schema.org","@graph":[{"@type":"Article","@id":"https:\/\/www.bellunopress.it\/2023\/09\/10\/11-settembre-22-anni-dopo-di-filiberto-dal-molin\/#article","isPartOf":{"@id":"https:\/\/www.bellunopress.it\/2023\/09\/10\/11-settembre-22-anni-dopo-di-filiberto-dal-molin\/"},"author":{"name":"redazione","@id":"https:\/\/www.bellunopress.it\/#\/schema\/person\/79bb06722b37ece1c03d3e94beb30d73"},"headline":"11 settembre, 22 anni dopo * di Filiberto Dal Molin","datePublished":"2023-09-10T07:34:14+00:00","dateModified":"2024-01-30T19:00:50+00:00","mainEntityOfPage":{"@id":"https:\/\/www.bellunopress.it\/2023\/09\/10\/11-settembre-22-anni-dopo-di-filiberto-dal-molin\/"},"wordCount":949,"publisher":{"@id":"https:\/\/www.bellunopress.it\/#organization"},"image":{"@id":"https:\/\/www.bellunopress.it\/2023\/09\/10\/11-settembre-22-anni-dopo-di-filiberto-dal-molin\/#primaryimage"},"thumbnailUrl":"https:\/\/www.bellunopress.it\/wp-content\/uploads\/2023\/09\/Torri-gemelle_edited.jpg","articleSection":["Controcorrente Dr Filiberto Dal Molin","Featured","Prima Pagina"],"inLanguage":"fr-FR"},{"@type":"WebPage","@id":"https:\/\/www.bellunopress.it\/2023\/09\/10\/11-settembre-22-anni-dopo-di-filiberto-dal-molin\/","url":"https:\/\/www.bellunopress.it\/2023\/09\/10\/11-settembre-22-anni-dopo-di-filiberto-dal-molin\/","name":"11 settembre, 22 anni dopo * di Filiberto Dal Molin - Bellunopress - Dolomiti","isPartOf":{"@id":"https:\/\/www.bellunopress.it\/#website"},"primaryImageOfPage":{"@id":"https:\/\/www.bellunopress.it\/2023\/09\/10\/11-settembre-22-anni-dopo-di-filiberto-dal-molin\/#primaryimage"},"image":{"@id":"https:\/\/www.bellunopress.it\/2023\/09\/10\/11-settembre-22-anni-dopo-di-filiberto-dal-molin\/#primaryimage"},"thumbnailUrl":"https:\/\/www.bellunopress.it\/wp-content\/uploads\/2023\/09\/Torri-gemelle_edited.jpg","datePublished":"2023-09-10T07:34:14+00:00","dateModified":"2024-01-30T19:00:50+00:00","breadcrumb":{"@id":"https:\/\/www.bellunopress.it\/2023\/09\/10\/11-settembre-22-anni-dopo-di-filiberto-dal-molin\/#breadcrumb"},"inLanguage":"fr-FR","potentialAction":[{"@type":"ReadAction","target":["https:\/\/www.bellunopress.it\/2023\/09\/10\/11-settembre-22-anni-dopo-di-filiberto-dal-molin\/"]}]},{"@type":"ImageObject","inLanguage":"fr-FR","@id":"https:\/\/www.bellunopress.it\/2023\/09\/10\/11-settembre-22-anni-dopo-di-filiberto-dal-molin\/#primaryimage","url":"https:\/\/www.bellunopress.it\/wp-content\/uploads\/2023\/09\/Torri-gemelle_edited.jpg","contentUrl":"https:\/\/www.bellunopress.it\/wp-content\/uploads\/2023\/09\/Torri-gemelle_edited.jpg","width":1000,"height":631},{"@type":"BreadcrumbList","@id":"https:\/\/www.bellunopress.it\/2023\/09\/10\/11-settembre-22-anni-dopo-di-filiberto-dal-molin\/#breadcrumb","itemListElement":[{"@type":"ListItem","position":1,"name":"Home","item":"https:\/\/www.bellunopress.it\/"},{"@type":"ListItem","position":2,"name":"11 settembre, 22 anni dopo * di Filiberto Dal Molin"}]},{"@type":"WebSite","@id":"https:\/\/www.bellunopress.it\/#website","url":"https:\/\/www.bellunopress.it\/","name":"Bellunopress - Dolomiti","description":"e-mail: redazione@bellunopress.it","publisher":{"@id":"https:\/\/www.bellunopress.it\/#organization"},"potentialAction":[{"@type":"SearchAction","target":{"@type":"EntryPoint","urlTemplate":"https:\/\/www.bellunopress.it\/?s={search_term_string}"},"query-input":{"@type":"PropertyValueSpecification","valueRequired":true,"valueName":"search_term_string"}}],"inLanguage":"fr-FR"},{"@type":"Organization","@id":"https:\/\/www.bellunopress.it\/#organization","name":"Bellunopress","url":"https:\/\/www.bellunopress.it\/","logo":{"@type":"ImageObject","inLanguage":"fr-FR","@id":"https:\/\/www.bellunopress.it\/#\/schema\/logo\/image\/","url":"https:\/\/www.bellunopress.it\/wp-content\/uploads\/2011\/05\/cropped-logo-bellunopress-.jpg","contentUrl":"https:\/\/www.bellunopress.it\/wp-content\/uploads\/2011\/05\/cropped-logo-bellunopress-.jpg","width":512,"height":512,"caption":"Bellunopress"},"image":{"@id":"https:\/\/www.bellunopress.it\/#\/schema\/logo\/image\/"},"sameAs":["https:\/\/www.facebook.com\/profile.php?id=100008943462799","https:\/\/x.com\/bellunopress","https:\/\/www.linkedin.com\/hp\/?dnr=JBzUWaJfMUw8vbXJJ2tVW5-I3jZKvC4wsoxE&amp;amp;amp;amp;amp;amp;trk=nav_responsive_tab_home","https:\/\/www.youtube.com\/channel\/UCxL0wu1uN0_3_7hGG0306cw"]},{"@type":"Person","@id":"https:\/\/www.bellunopress.it\/#\/schema\/person\/79bb06722b37ece1c03d3e94beb30d73","name":"r\u00e9daction","image":{"@type":"ImageObject","inLanguage":"fr-FR","@id":"https:\/\/secure.gravatar.com\/avatar\/37d968a2e67a6fd04c169c4bdef102d0bc5d31b2546345219e348575eb80e9a0?s=96&d=mm&r=g","url":"https:\/\/secure.gravatar.com\/avatar\/37d968a2e67a6fd04c169c4bdef102d0bc5d31b2546345219e348575eb80e9a0?s=96&d=mm&r=g","contentUrl":"https:\/\/secure.gravatar.com\/avatar\/37d968a2e67a6fd04c169c4bdef102d0bc5d31b2546345219e348575eb80e9a0?s=96&d=mm&r=g","caption":"redazione"},"sameAs":["http:\/\/www.bellunopress.it","https:\/\/x.com\/bellunopress"],"url":"https:\/\/www.bellunopress.it\/fr\/author\/redazione\/"}]}},"_links":{"self":[{"href":"https:\/\/www.bellunopress.it\/fr\/wp-json\/wp\/v2\/posts\/144035","targetHints":{"allow":["GET"]}}],"collection":[{"href":"https:\/\/www.bellunopress.it\/fr\/wp-json\/wp\/v2\/posts"}],"about":[{"href":"https:\/\/www.bellunopress.it\/fr\/wp-json\/wp\/v2\/types\/post"}],"author":[{"embeddable":true,"href":"https:\/\/www.bellunopress.it\/fr\/wp-json\/wp\/v2\/users\/2"}],"replies":[{"embeddable":true,"href":"https:\/\/www.bellunopress.it\/fr\/wp-json\/wp\/v2\/comments?post=144035"}],"version-history":[{"count":1,"href":"https:\/\/www.bellunopress.it\/fr\/wp-json\/wp\/v2\/posts\/144035\/revisions"}],"predecessor-version":[{"id":144037,"href":"https:\/\/www.bellunopress.it\/fr\/wp-json\/wp\/v2\/posts\/144035\/revisions\/144037"}],"wp:featuredmedia":[{"embeddable":true,"href":"https:\/\/www.bellunopress.it\/fr\/wp-json\/wp\/v2\/media\/144036"}],"wp:attachment":[{"href":"https:\/\/www.bellunopress.it\/fr\/wp-json\/wp\/v2\/media?parent=144035"}],"wp:term":[{"taxonomy":"category","embeddable":true,"href":"https:\/\/www.bellunopress.it\/fr\/wp-json\/wp\/v2\/categories?post=144035"},{"taxonomy":"post_tag","embeddable":true,"href":"https:\/\/www.bellunopress.it\/fr\/wp-json\/wp\/v2\/tags?post=144035"}],"curies":[{"name":"wp","href":"https:\/\/api.w.org\/{rel}","templated":true}]}}