{"id":144030,"date":"2023-09-10T01:24:01","date_gmt":"2023-09-09T23:24:01","guid":{"rendered":"https:\/\/www.bellunopress.it\/?p=144030"},"modified":"2023-09-10T13:22:48","modified_gmt":"2023-09-10T11:22:48","slug":"presentato-a-bus-tofana-il-progetto-innovativo-rescue-permafrost","status":"publish","type":"post","link":"https:\/\/www.bellunopress.it\/fr\/2023\/09\/10\/presentato-a-bus-tofana-il-progetto-innovativo-rescue-permafrost\/","title":{"rendered":"Presentato a Bus Tofana il progetto innovativo Rescue permafrost"},"content":{"rendered":"<figure id=\"attachment_144031\" aria-describedby=\"caption-attachment-144031\" style=\"width: 919px\" class=\"wp-caption alignleft\"><img loading=\"lazy\" decoding=\"async\" class=\"size-full wp-image-144031\" src=\"https:\/\/www.bellunopress.it\/wp-content\/uploads\/2023\/09\/seggiovia-Tofana_edited.jpg\" alt=\"seggiovia Pian Ra Valles \u2013 Ra Valles \u2013 Bus Tofana\" width=\"919\" height=\"1000\" srcset=\"https:\/\/www.bellunopress.it\/wp-content\/uploads\/2023\/09\/seggiovia-Tofana_edited.jpg 919w, https:\/\/www.bellunopress.it\/wp-content\/uploads\/2023\/09\/seggiovia-Tofana_edited-460x500.jpg 460w, https:\/\/www.bellunopress.it\/wp-content\/uploads\/2023\/09\/seggiovia-Tofana_edited-696x757.jpg 696w, https:\/\/www.bellunopress.it\/wp-content\/uploads\/2023\/09\/seggiovia-Tofana_edited-386x420.jpg 386w\" sizes=\"auto, (max-width: 919px) 100vw, 919px\" \/><figcaption id=\"caption-attachment-144031\" class=\"wp-caption-text\">Cortina d&#8217;Ampezzo &#8211; seggiovia Pian Ra Valles \u2013 Ra Valles \u2013 Bus Tofana<\/figcaption><\/figure>\n<p><em><strong>Se il sole \u00e8 la causa del riscaldamento superficiale in alta quota, sar\u00e0 ancora il sole la soluzione nel fornire l&#8217;energia necessaria per il raffreddamento del permafrost, ossia di quello strato di terreno e roccia permanentemente ghiacciato. Questo in estrema sintesi il criterio sul quale \u00e8 stato fondato lo studio.\u00a0<\/strong><\/em><\/p>\n<p>Cortina d&#8217;Ampezzo, 9 settembre 2023 &#8211; Si \u00e8 tenuta stamane alla stazione di monte della seggiovia Pian Ra Valles \u2013 Ra Valles \u2013 Bus Tofana, la presentazione di un progetto innovativo e sostenibile denominato &#8220;Rescue permafrost&#8221;. Questo progetto, concepito in collaborazione con esperti del settore, mira a prevenire il dannoso scioglimento del permafrost, un fenomeno sempre pi\u00f9 evidente a causa dei cambiamenti climatici globali.<\/p>\n<p>Alla guida del gruppo l\u2019ingegner Mario Vascellari presidente di Tofana Srl, che ha coordinato il progetto con una squadra altamente qualificata tra cui il dottor Geol. Claudio Valle di Geologia Applicata, l&#8217;ingegner Norbert Klammsteiner di Energytech Srl, il dottor Stefano Valle di Geoland Srl, il dottor Martin Atzwanger di Atzwanger SpA, il professor Andrea Gasparella della Facolt\u00e0 di Ingegneria dell&#8217;Universit\u00e0 di Bolzano, il professor Claudio Zilio del Dipartimento di Tecnica e Gestione Sistemi Industriali dell&#8217;Universit\u00e0 di Padova, il dottor Mauro Valt di ARPA Veneto &#8211; Arabba, l&#8217;ingegner Roberto Mendicino di EURAC Research Bolzano, l&#8217;Ingegner Piero Paccagnella di Tofana Srl e l&#8217;avvocato Guido Barzazi dello Studio legale Barzazi.<\/p>\n<p>L&#8217;innovazione principale di questo progetto \u00e8 la capacit\u00e0 di prevenire o rallentare il processo di scioglimento del permafrost, causato dalla diffusione del calore proveniente dalle masse circostanti. Questo obiettivo \u00e8 raggiunto attraverso l&#8217;implementazione di un ciclo frigorifero avanzato, in grado di trasferire il calore dalle zone pi\u00f9 fredde a quelle pi\u00f9 calde. Questa macchina frigorifera utilizza l&#8217;energia meccanica per facilitare lo scambio di calore tra il permafrost, la sorgente fredda, da cui viene estratto il calore raffreddandolo ulteriormente, e l&#8217;ambiente esterno, la sorgente calda, a cui viene ceduto il calore.<\/p>\n<p>L&#8217;intero sistema \u00e8 alimentato da un impianto geotermico combinato con una pompa di calore, che \u00e8 alimentata elettricamente da un gruppo di pannelli fotovoltaici installati sulla copertura della stazione di Ra Valles. \u00c8 importante sottolineare che l&#8217;intero processo \u00e8 alimentato esclusivamente da fonti di energia rinnovabile, eliminando completamente le emissioni di CO2. Questo approccio rende il progetto &#8220;Rescue permafrost&#8221; non solo altamente innovativo ma anche ecologicamente sostenibile e &#8220;green&#8221;.<\/p>\n<p>La stazione di monte della seggiovia Pian Ra Valles \u2013 Ra Valles \u2013 Bus Tofana \u00e8 stata scelta come luogo di sperimentazione per dimostrare l&#8217;efficacia di questa soluzione, offrendo un esempio concreto di come l&#8217;ingegno umano possa contribuire a mitigare gli effetti dei cambiamenti climatici sul permafrost nelle zone alpine.<\/p>\n<p>La Societ\u00e0 Tofana Srl si impegna a continuare a perseguire l&#8217;innovazione e la sostenibilit\u00e0 come pilastri fondamentali della propria missione e a contribuire attivamente alla conservazione dei delicati ecosistemi montani.<\/p>\n<p><a href=\"https:\/\/www.facebook.com\/robertodenart\/videos\/1029945671523671\">https:\/\/www.facebook.com\/robertodenart\/videos\/1029945671523671<\/a><\/p>\n<p><a href=\"https:\/\/www.facebook.com\/robertodenart\/videos\/210573438457237\">https:\/\/www.facebook.com\/robertodenart\/videos\/210573438457237<\/a><\/p>\n<p><a href=\"https:\/\/www.facebook.com\/robertodenart\/videos\/998774324711171\">https:\/\/wwhttps:\/\/www.facebook.com\/reel\/599768472119789w.facebook.com\/robertodenart\/videos\/998774324711171<\/a><\/p>\n<p><a href=\"https:\/\/www.facebook.com\/robertodenart\/videos\/121402464389536\">https:\/\/www.facebook.com\/robertodenart\/videos\/121402464389536<\/a><\/p>\n<p><a href=\"https:\/\/www.facebook.com\/robertodenart\/videos\/802898904964774\">https:\/\/www.facebook.com\/robertodenart\/videos\/802898904964774<\/a><\/p>\n<p><a href=\"https:\/\/www.facebook.com\/robertodenart\/videos\/317946963952585\">https:\/\/www.facebook.com\/robertodenart\/videos\/317946963952585<\/a><\/p>\n<p><a href=\"https:\/\/www.facebook.com\/robertodenart\/videos\/252958903791056\">https:\/\/www.facebook.com\/robertodenart\/videos\/252958903791056<\/a><\/p>\n<p><a href=\"https:\/\/www.facebook.com\/robertodenart\/videos\/1945420649170317\">https:\/\/www.facebook.com\/robertodenart\/videos\/1945420649170317<\/a><\/p>\n<p><a href=\"https:\/\/www.facebook.com\/robertodenart\/videos\/1000084344573970\">https:\/\/www.facebook.com\/robertodenart\/videos\/1000084344573970<\/a><\/p>\n<p><a href=\"https:\/\/www.facebook.com\/robertodenart\/videos\/275221468732574\">https:\/\/www.facebook.com\/robertodenart\/videos\/275221468732574<\/a><\/p>\n<p><a href=\"https:\/\/www.facebook.com\/robertodenart\/videos\/1512488402903624\">https:\/\/www.facebook.com\/robertodenart\/videos\/1512488402903624<\/a><\/p>\n<p>&nbsp;<\/p>","protected":false},"excerpt":{"rendered":"<p>Se il sole \u00e8 la causa del riscaldamento superficiale in alta quota, sar\u00e0 ancora il sole la soluzione nel fornire l&#8217;energia necessaria per il raffreddamento del permafrost, ossia di quello strato di terreno e roccia permanentemente ghiacciato. Questo in estrema sintesi il criterio sul quale \u00e8 stato fondato lo studio.\u00a0 Cortina d&#8217;Ampezzo, 9 settembre 2023 [&hellip;]<\/p>\n","protected":false},"author":2,"featured_media":144031,"comment_status":"closed","ping_status":"open","sticky":false,"template":"","format":"standard","meta":{"footnotes":""},"categories":[36,26],"tags":[],"class_list":["post-144030","post","type-post","status-publish","format-standard","has-post-thumbnail","category-lavoro-economia","category-prima-pagina"],"yoast_head":"<!-- This site is optimized with the Yoast SEO plugin v28.4 - https:\/\/yoast.com\/product\/yoast-seo-wordpress\/ -->\n<title>Presentato a Bus Tofana il progetto innovativo Rescue permafrost - Bellunopress - Dolomiti<\/title>\n<meta name=\"robots\" content=\"index, follow, max-snippet:-1, max-image-preview:large, max-video-preview:-1\" \/>\n<link rel=\"canonical\" href=\"https:\/\/www.bellunopress.it\/fr\/2023\/09\/10\/presentato-a-bus-tofana-il-progetto-innovativo-rescue-permafrost\/\" \/>\n<meta property=\"og:locale\" content=\"fr_FR\" \/>\n<meta property=\"og:type\" content=\"article\" \/>\n<meta property=\"og:title\" content=\"Presentato a Bus Tofana il progetto innovativo Rescue permafrost - Bellunopress - Dolomiti\" \/>\n<meta property=\"og:description\" content=\"Se il sole \u00e8 la causa del riscaldamento superficiale in alta quota, sar\u00e0 ancora il sole la soluzione nel fornire l&#8217;energia necessaria per il raffreddamento del permafrost, ossia di quello strato di terreno e roccia permanentemente ghiacciato. Questo in estrema sintesi il criterio sul quale \u00e8 stato fondato lo studio.\u00a0 Cortina d&#8217;Ampezzo, 9 settembre 2023 [&hellip;]\" \/>\n<meta property=\"og:url\" content=\"https:\/\/www.bellunopress.it\/fr\/2023\/09\/10\/presentato-a-bus-tofana-il-progetto-innovativo-rescue-permafrost\/\" \/>\n<meta property=\"og:site_name\" content=\"Bellunopress - Dolomiti\" \/>\n<meta property=\"article:publisher\" content=\"https:\/\/www.facebook.com\/profile.php?id=100008943462799\" \/>\n<meta property=\"article:published_time\" content=\"2023-09-09T23:24:01+00:00\" \/>\n<meta property=\"article:modified_time\" content=\"2023-09-10T11:22:48+00:00\" \/>\n<meta property=\"og:image\" content=\"https:\/\/www.bellunopress.it\/wp-content\/uploads\/2023\/09\/seggiovia-Tofana_edited.jpg\" \/>\n\t<meta property=\"og:image:width\" content=\"919\" \/>\n\t<meta property=\"og:image:height\" content=\"1000\" \/>\n\t<meta property=\"og:image:type\" content=\"image\/jpeg\" \/>\n<meta name=\"author\" content=\"redazione\" \/>\n<meta name=\"twitter:card\" content=\"summary_large_image\" \/>\n<meta name=\"twitter:creator\" content=\"@bellunopress\" \/>\n<meta name=\"twitter:site\" content=\"@bellunopress\" \/>\n<meta name=\"twitter:label1\" content=\"\u00c9crit par\" \/>\n\t<meta name=\"twitter:data1\" content=\"redazione\" \/>\n\t<meta name=\"twitter:label2\" content=\"Dur\u00e9e de lecture estim\u00e9e\" \/>\n\t<meta name=\"twitter:data2\" content=\"3 minutes\" \/>\n<script type=\"application\/ld+json\" class=\"yoast-schema-graph\">{\"@context\":\"https:\\\/\\\/schema.org\",\"@graph\":[{\"@type\":\"Article\",\"@id\":\"https:\\\/\\\/www.bellunopress.it\\\/2023\\\/09\\\/10\\\/presentato-a-bus-tofana-il-progetto-innovativo-rescue-permafrost\\\/#article\",\"isPartOf\":{\"@id\":\"https:\\\/\\\/www.bellunopress.it\\\/2023\\\/09\\\/10\\\/presentato-a-bus-tofana-il-progetto-innovativo-rescue-permafrost\\\/\"},\"author\":{\"name\":\"redazione\",\"@id\":\"https:\\\/\\\/www.bellunopress.it\\\/#\\\/schema\\\/person\\\/79bb06722b37ece1c03d3e94beb30d73\"},\"headline\":\"Presentato a Bus Tofana il progetto innovativo Rescue permafrost\",\"datePublished\":\"2023-09-09T23:24:01+00:00\",\"dateModified\":\"2023-09-10T11:22:48+00:00\",\"mainEntityOfPage\":{\"@id\":\"https:\\\/\\\/www.bellunopress.it\\\/2023\\\/09\\\/10\\\/presentato-a-bus-tofana-il-progetto-innovativo-rescue-permafrost\\\/\"},\"wordCount\":562,\"publisher\":{\"@id\":\"https:\\\/\\\/www.bellunopress.it\\\/#organization\"},\"image\":{\"@id\":\"https:\\\/\\\/www.bellunopress.it\\\/2023\\\/09\\\/10\\\/presentato-a-bus-tofana-il-progetto-innovativo-rescue-permafrost\\\/#primaryimage\"},\"thumbnailUrl\":\"https:\\\/\\\/www.bellunopress.it\\\/wp-content\\\/uploads\\\/2023\\\/09\\\/seggiovia-Tofana_edited.jpg\",\"articleSection\":[\"Lavoro, Economia, Turismo\",\"Prima Pagina\"],\"inLanguage\":\"fr-FR\"},{\"@type\":\"WebPage\",\"@id\":\"https:\\\/\\\/www.bellunopress.it\\\/2023\\\/09\\\/10\\\/presentato-a-bus-tofana-il-progetto-innovativo-rescue-permafrost\\\/\",\"url\":\"https:\\\/\\\/www.bellunopress.it\\\/2023\\\/09\\\/10\\\/presentato-a-bus-tofana-il-progetto-innovativo-rescue-permafrost\\\/\",\"name\":\"Presentato a Bus Tofana il progetto innovativo Rescue permafrost - Bellunopress - Dolomiti\",\"isPartOf\":{\"@id\":\"https:\\\/\\\/www.bellunopress.it\\\/#website\"},\"primaryImageOfPage\":{\"@id\":\"https:\\\/\\\/www.bellunopress.it\\\/2023\\\/09\\\/10\\\/presentato-a-bus-tofana-il-progetto-innovativo-rescue-permafrost\\\/#primaryimage\"},\"image\":{\"@id\":\"https:\\\/\\\/www.bellunopress.it\\\/2023\\\/09\\\/10\\\/presentato-a-bus-tofana-il-progetto-innovativo-rescue-permafrost\\\/#primaryimage\"},\"thumbnailUrl\":\"https:\\\/\\\/www.bellunopress.it\\\/wp-content\\\/uploads\\\/2023\\\/09\\\/seggiovia-Tofana_edited.jpg\",\"datePublished\":\"2023-09-09T23:24:01+00:00\",\"dateModified\":\"2023-09-10T11:22:48+00:00\",\"breadcrumb\":{\"@id\":\"https:\\\/\\\/www.bellunopress.it\\\/2023\\\/09\\\/10\\\/presentato-a-bus-tofana-il-progetto-innovativo-rescue-permafrost\\\/#breadcrumb\"},\"inLanguage\":\"fr-FR\",\"potentialAction\":[{\"@type\":\"ReadAction\",\"target\":[\"https:\\\/\\\/www.bellunopress.it\\\/2023\\\/09\\\/10\\\/presentato-a-bus-tofana-il-progetto-innovativo-rescue-permafrost\\\/\"]}]},{\"@type\":\"ImageObject\",\"inLanguage\":\"fr-FR\",\"@id\":\"https:\\\/\\\/www.bellunopress.it\\\/2023\\\/09\\\/10\\\/presentato-a-bus-tofana-il-progetto-innovativo-rescue-permafrost\\\/#primaryimage\",\"url\":\"https:\\\/\\\/www.bellunopress.it\\\/wp-content\\\/uploads\\\/2023\\\/09\\\/seggiovia-Tofana_edited.jpg\",\"contentUrl\":\"https:\\\/\\\/www.bellunopress.it\\\/wp-content\\\/uploads\\\/2023\\\/09\\\/seggiovia-Tofana_edited.jpg\",\"width\":919,\"height\":1000,\"caption\":\"Cortina d'Ampezzo - seggiovia Pian Ra Valles \u2013 Ra Valles \u2013 Bus Tofana\"},{\"@type\":\"BreadcrumbList\",\"@id\":\"https:\\\/\\\/www.bellunopress.it\\\/2023\\\/09\\\/10\\\/presentato-a-bus-tofana-il-progetto-innovativo-rescue-permafrost\\\/#breadcrumb\",\"itemListElement\":[{\"@type\":\"ListItem\",\"position\":1,\"name\":\"Home\",\"item\":\"https:\\\/\\\/www.bellunopress.it\\\/\"},{\"@type\":\"ListItem\",\"position\":2,\"name\":\"Presentato a Bus Tofana il progetto innovativo Rescue permafrost\"}]},{\"@type\":\"WebSite\",\"@id\":\"https:\\\/\\\/www.bellunopress.it\\\/#website\",\"url\":\"https:\\\/\\\/www.bellunopress.it\\\/\",\"name\":\"Bellunopress - Dolomiti\",\"description\":\"e-mail: redazione@bellunopress.it\",\"publisher\":{\"@id\":\"https:\\\/\\\/www.bellunopress.it\\\/#organization\"},\"potentialAction\":[{\"@type\":\"SearchAction\",\"target\":{\"@type\":\"EntryPoint\",\"urlTemplate\":\"https:\\\/\\\/www.bellunopress.it\\\/?s={search_term_string}\"},\"query-input\":{\"@type\":\"PropertyValueSpecification\",\"valueRequired\":true,\"valueName\":\"search_term_string\"}}],\"inLanguage\":\"fr-FR\"},{\"@type\":\"Organization\",\"@id\":\"https:\\\/\\\/www.bellunopress.it\\\/#organization\",\"name\":\"Bellunopress\",\"url\":\"https:\\\/\\\/www.bellunopress.it\\\/\",\"logo\":{\"@type\":\"ImageObject\",\"inLanguage\":\"fr-FR\",\"@id\":\"https:\\\/\\\/www.bellunopress.it\\\/#\\\/schema\\\/logo\\\/image\\\/\",\"url\":\"https:\\\/\\\/www.bellunopress.it\\\/wp-content\\\/uploads\\\/2011\\\/05\\\/cropped-logo-bellunopress-.jpg\",\"contentUrl\":\"https:\\\/\\\/www.bellunopress.it\\\/wp-content\\\/uploads\\\/2011\\\/05\\\/cropped-logo-bellunopress-.jpg\",\"width\":512,\"height\":512,\"caption\":\"Bellunopress\"},\"image\":{\"@id\":\"https:\\\/\\\/www.bellunopress.it\\\/#\\\/schema\\\/logo\\\/image\\\/\"},\"sameAs\":[\"https:\\\/\\\/www.facebook.com\\\/profile.php?id=100008943462799\",\"https:\\\/\\\/x.com\\\/bellunopress\",\"https:\\\/\\\/www.linkedin.com\\\/hp\\\/?dnr=JBzUWaJfMUw8vbXJJ2tVW5-I3jZKvC4wsoxE&amp;amp;amp;amp;amp;amp;trk=nav_responsive_tab_home\",\"https:\\\/\\\/www.youtube.com\\\/channel\\\/UCxL0wu1uN0_3_7hGG0306cw\"]},{\"@type\":\"Person\",\"@id\":\"https:\\\/\\\/www.bellunopress.it\\\/#\\\/schema\\\/person\\\/79bb06722b37ece1c03d3e94beb30d73\",\"name\":\"redazione\",\"image\":{\"@type\":\"ImageObject\",\"inLanguage\":\"fr-FR\",\"@id\":\"https:\\\/\\\/secure.gravatar.com\\\/avatar\\\/37d968a2e67a6fd04c169c4bdef102d0bc5d31b2546345219e348575eb80e9a0?s=96&d=mm&r=g\",\"url\":\"https:\\\/\\\/secure.gravatar.com\\\/avatar\\\/37d968a2e67a6fd04c169c4bdef102d0bc5d31b2546345219e348575eb80e9a0?s=96&d=mm&r=g\",\"contentUrl\":\"https:\\\/\\\/secure.gravatar.com\\\/avatar\\\/37d968a2e67a6fd04c169c4bdef102d0bc5d31b2546345219e348575eb80e9a0?s=96&d=mm&r=g\",\"caption\":\"redazione\"},\"sameAs\":[\"http:\\\/\\\/www.bellunopress.it\",\"https:\\\/\\\/x.com\\\/bellunopress\"],\"url\":\"https:\\\/\\\/www.bellunopress.it\\\/fr\\\/author\\\/redazione\\\/\"}]}<\/script>\n<!-- \/ Yoast SEO plugin. -->","yoast_head_json":{"title":"Presentato a Bus Tofana il progetto innovativo Rescue permafrost - Bellunopress - Dolomiti","robots":{"index":"index","follow":"follow","max-snippet":"max-snippet:-1","max-image-preview":"max-image-preview:large","max-video-preview":"max-video-preview:-1"},"canonical":"https:\/\/www.bellunopress.it\/fr\/2023\/09\/10\/presentato-a-bus-tofana-il-progetto-innovativo-rescue-permafrost\/","og_locale":"fr_FR","og_type":"article","og_title":"Presentato a Bus Tofana il progetto innovativo Rescue permafrost - Bellunopress - Dolomiti","og_description":"Se il sole \u00e8 la causa del riscaldamento superficiale in alta quota, sar\u00e0 ancora il sole la soluzione nel fornire l&#8217;energia necessaria per il raffreddamento del permafrost, ossia di quello strato di terreno e roccia permanentemente ghiacciato. Questo in estrema sintesi il criterio sul quale \u00e8 stato fondato lo studio.\u00a0 Cortina d&#8217;Ampezzo, 9 settembre 2023 [&hellip;]","og_url":"https:\/\/www.bellunopress.it\/fr\/2023\/09\/10\/presentato-a-bus-tofana-il-progetto-innovativo-rescue-permafrost\/","og_site_name":"Bellunopress - Dolomiti","article_publisher":"https:\/\/www.facebook.com\/profile.php?id=100008943462799","article_published_time":"2023-09-09T23:24:01+00:00","article_modified_time":"2023-09-10T11:22:48+00:00","og_image":[{"width":919,"height":1000,"url":"https:\/\/www.bellunopress.it\/wp-content\/uploads\/2023\/09\/seggiovia-Tofana_edited.jpg","type":"image\/jpeg"}],"author":"redazione","twitter_card":"summary_large_image","twitter_creator":"@bellunopress","twitter_site":"@bellunopress","twitter_misc":{"\u00c9crit par":"redazione","Dur\u00e9e de lecture estim\u00e9e":"3 minutes"},"schema":{"@context":"https:\/\/schema.org","@graph":[{"@type":"Article","@id":"https:\/\/www.bellunopress.it\/2023\/09\/10\/presentato-a-bus-tofana-il-progetto-innovativo-rescue-permafrost\/#article","isPartOf":{"@id":"https:\/\/www.bellunopress.it\/2023\/09\/10\/presentato-a-bus-tofana-il-progetto-innovativo-rescue-permafrost\/"},"author":{"name":"redazione","@id":"https:\/\/www.bellunopress.it\/#\/schema\/person\/79bb06722b37ece1c03d3e94beb30d73"},"headline":"Presentato a Bus Tofana il progetto innovativo Rescue permafrost","datePublished":"2023-09-09T23:24:01+00:00","dateModified":"2023-09-10T11:22:48+00:00","mainEntityOfPage":{"@id":"https:\/\/www.bellunopress.it\/2023\/09\/10\/presentato-a-bus-tofana-il-progetto-innovativo-rescue-permafrost\/"},"wordCount":562,"publisher":{"@id":"https:\/\/www.bellunopress.it\/#organization"},"image":{"@id":"https:\/\/www.bellunopress.it\/2023\/09\/10\/presentato-a-bus-tofana-il-progetto-innovativo-rescue-permafrost\/#primaryimage"},"thumbnailUrl":"https:\/\/www.bellunopress.it\/wp-content\/uploads\/2023\/09\/seggiovia-Tofana_edited.jpg","articleSection":["Lavoro, Economia, Turismo","Prima Pagina"],"inLanguage":"fr-FR"},{"@type":"WebPage","@id":"https:\/\/www.bellunopress.it\/2023\/09\/10\/presentato-a-bus-tofana-il-progetto-innovativo-rescue-permafrost\/","url":"https:\/\/www.bellunopress.it\/2023\/09\/10\/presentato-a-bus-tofana-il-progetto-innovativo-rescue-permafrost\/","name":"Presentato a Bus Tofana il progetto innovativo Rescue permafrost - Bellunopress - Dolomiti","isPartOf":{"@id":"https:\/\/www.bellunopress.it\/#website"},"primaryImageOfPage":{"@id":"https:\/\/www.bellunopress.it\/2023\/09\/10\/presentato-a-bus-tofana-il-progetto-innovativo-rescue-permafrost\/#primaryimage"},"image":{"@id":"https:\/\/www.bellunopress.it\/2023\/09\/10\/presentato-a-bus-tofana-il-progetto-innovativo-rescue-permafrost\/#primaryimage"},"thumbnailUrl":"https:\/\/www.bellunopress.it\/wp-content\/uploads\/2023\/09\/seggiovia-Tofana_edited.jpg","datePublished":"2023-09-09T23:24:01+00:00","dateModified":"2023-09-10T11:22:48+00:00","breadcrumb":{"@id":"https:\/\/www.bellunopress.it\/2023\/09\/10\/presentato-a-bus-tofana-il-progetto-innovativo-rescue-permafrost\/#breadcrumb"},"inLanguage":"fr-FR","potentialAction":[{"@type":"ReadAction","target":["https:\/\/www.bellunopress.it\/2023\/09\/10\/presentato-a-bus-tofana-il-progetto-innovativo-rescue-permafrost\/"]}]},{"@type":"ImageObject","inLanguage":"fr-FR","@id":"https:\/\/www.bellunopress.it\/2023\/09\/10\/presentato-a-bus-tofana-il-progetto-innovativo-rescue-permafrost\/#primaryimage","url":"https:\/\/www.bellunopress.it\/wp-content\/uploads\/2023\/09\/seggiovia-Tofana_edited.jpg","contentUrl":"https:\/\/www.bellunopress.it\/wp-content\/uploads\/2023\/09\/seggiovia-Tofana_edited.jpg","width":919,"height":1000,"caption":"Cortina d'Ampezzo - seggiovia Pian Ra Valles \u2013 Ra Valles \u2013 Bus Tofana"},{"@type":"BreadcrumbList","@id":"https:\/\/www.bellunopress.it\/2023\/09\/10\/presentato-a-bus-tofana-il-progetto-innovativo-rescue-permafrost\/#breadcrumb","itemListElement":[{"@type":"ListItem","position":1,"name":"Home","item":"https:\/\/www.bellunopress.it\/"},{"@type":"ListItem","position":2,"name":"Presentato a Bus Tofana il progetto innovativo Rescue permafrost"}]},{"@type":"WebSite","@id":"https:\/\/www.bellunopress.it\/#website","url":"https:\/\/www.bellunopress.it\/","name":"Bellunopress - Dolomiti","description":"e-mail: redazione@bellunopress.it","publisher":{"@id":"https:\/\/www.bellunopress.it\/#organization"},"potentialAction":[{"@type":"SearchAction","target":{"@type":"EntryPoint","urlTemplate":"https:\/\/www.bellunopress.it\/?s={search_term_string}"},"query-input":{"@type":"PropertyValueSpecification","valueRequired":true,"valueName":"search_term_string"}}],"inLanguage":"fr-FR"},{"@type":"Organization","@id":"https:\/\/www.bellunopress.it\/#organization","name":"Bellunopress","url":"https:\/\/www.bellunopress.it\/","logo":{"@type":"ImageObject","inLanguage":"fr-FR","@id":"https:\/\/www.bellunopress.it\/#\/schema\/logo\/image\/","url":"https:\/\/www.bellunopress.it\/wp-content\/uploads\/2011\/05\/cropped-logo-bellunopress-.jpg","contentUrl":"https:\/\/www.bellunopress.it\/wp-content\/uploads\/2011\/05\/cropped-logo-bellunopress-.jpg","width":512,"height":512,"caption":"Bellunopress"},"image":{"@id":"https:\/\/www.bellunopress.it\/#\/schema\/logo\/image\/"},"sameAs":["https:\/\/www.facebook.com\/profile.php?id=100008943462799","https:\/\/x.com\/bellunopress","https:\/\/www.linkedin.com\/hp\/?dnr=JBzUWaJfMUw8vbXJJ2tVW5-I3jZKvC4wsoxE&amp;amp;amp;amp;amp;amp;trk=nav_responsive_tab_home","https:\/\/www.youtube.com\/channel\/UCxL0wu1uN0_3_7hGG0306cw"]},{"@type":"Person","@id":"https:\/\/www.bellunopress.it\/#\/schema\/person\/79bb06722b37ece1c03d3e94beb30d73","name":"r\u00e9daction","image":{"@type":"ImageObject","inLanguage":"fr-FR","@id":"https:\/\/secure.gravatar.com\/avatar\/37d968a2e67a6fd04c169c4bdef102d0bc5d31b2546345219e348575eb80e9a0?s=96&d=mm&r=g","url":"https:\/\/secure.gravatar.com\/avatar\/37d968a2e67a6fd04c169c4bdef102d0bc5d31b2546345219e348575eb80e9a0?s=96&d=mm&r=g","contentUrl":"https:\/\/secure.gravatar.com\/avatar\/37d968a2e67a6fd04c169c4bdef102d0bc5d31b2546345219e348575eb80e9a0?s=96&d=mm&r=g","caption":"redazione"},"sameAs":["http:\/\/www.bellunopress.it","https:\/\/x.com\/bellunopress"],"url":"https:\/\/www.bellunopress.it\/fr\/author\/redazione\/"}]}},"_links":{"self":[{"href":"https:\/\/www.bellunopress.it\/fr\/wp-json\/wp\/v2\/posts\/144030","targetHints":{"allow":["GET"]}}],"collection":[{"href":"https:\/\/www.bellunopress.it\/fr\/wp-json\/wp\/v2\/posts"}],"about":[{"href":"https:\/\/www.bellunopress.it\/fr\/wp-json\/wp\/v2\/types\/post"}],"author":[{"embeddable":true,"href":"https:\/\/www.bellunopress.it\/fr\/wp-json\/wp\/v2\/users\/2"}],"replies":[{"embeddable":true,"href":"https:\/\/www.bellunopress.it\/fr\/wp-json\/wp\/v2\/comments?post=144030"}],"version-history":[{"count":4,"href":"https:\/\/www.bellunopress.it\/fr\/wp-json\/wp\/v2\/posts\/144030\/revisions"}],"predecessor-version":[{"id":144047,"href":"https:\/\/www.bellunopress.it\/fr\/wp-json\/wp\/v2\/posts\/144030\/revisions\/144047"}],"wp:featuredmedia":[{"embeddable":true,"href":"https:\/\/www.bellunopress.it\/fr\/wp-json\/wp\/v2\/media\/144031"}],"wp:attachment":[{"href":"https:\/\/www.bellunopress.it\/fr\/wp-json\/wp\/v2\/media?parent=144030"}],"wp:term":[{"taxonomy":"category","embeddable":true,"href":"https:\/\/www.bellunopress.it\/fr\/wp-json\/wp\/v2\/categories?post=144030"},{"taxonomy":"post_tag","embeddable":true,"href":"https:\/\/www.bellunopress.it\/fr\/wp-json\/wp\/v2\/tags?post=144030"}],"curies":[{"name":"wp","href":"https:\/\/api.w.org\/{rel}","templated":true}]}}