{"id":143983,"date":"2023-09-06T17:26:33","date_gmt":"2023-09-06T15:26:33","guid":{"rendered":"https:\/\/www.bellunopress.it\/?p=143983"},"modified":"2023-09-06T17:26:33","modified_gmt":"2023-09-06T15:26:33","slug":"sopralluogo-di-cgil-cisl-e-uil-allex-colonia-eni-di-borca-la-scelta-migliore-per-il-villaggio-olimpico-di-milano-cortina-2026","status":"publish","type":"post","link":"https:\/\/www.bellunopress.it\/fr\/2023\/09\/06\/sopralluogo-di-cgil-cisl-e-uil-allex-colonia-eni-di-borca-la-scelta-migliore-per-il-villaggio-olimpico-di-milano-cortina-2026\/","title":{"rendered":"Sopralluogo di Cgil, Cisl e Uil all&#8217;ex colonia Eni di Borca: &#8220;La scelta migliore per il Villaggio Olimpico di Milano Cortina 2026&#8221;"},"content":{"rendered":"<figure id=\"attachment_143984\" aria-describedby=\"caption-attachment-143984\" style=\"width: 1000px\" class=\"wp-caption alignleft\"><img loading=\"lazy\" decoding=\"async\" class=\"size-full wp-image-143984\" src=\"https:\/\/www.bellunopress.it\/wp-content\/uploads\/2023\/09\/Paglini-Casanova-Bridda_oriz_edited.jpg\" alt=\"Cgil Belluno, Cisl Belluno Treviso e Uil Belluno, rispettivamente Denise Casanova, Massimiliano Paglini e Sonia Bridda\" width=\"1000\" height=\"717\" srcset=\"https:\/\/www.bellunopress.it\/wp-content\/uploads\/2023\/09\/Paglini-Casanova-Bridda_oriz_edited.jpg 1000w, https:\/\/www.bellunopress.it\/wp-content\/uploads\/2023\/09\/Paglini-Casanova-Bridda_oriz_edited-500x359.jpg 500w, https:\/\/www.bellunopress.it\/wp-content\/uploads\/2023\/09\/Paglini-Casanova-Bridda_oriz_edited-696x499.jpg 696w, https:\/\/www.bellunopress.it\/wp-content\/uploads\/2023\/09\/Paglini-Casanova-Bridda_oriz_edited-586x420.jpg 586w\" sizes=\"auto, (max-width: 1000px) 100vw, 1000px\" \/><figcaption id=\"caption-attachment-143984\" class=\"wp-caption-text\">Paglini (Cisl), Casanova (Cgil), Bridda (Uil)<\/figcaption><\/figure>\n<p>&#8220;L&#8217;ex Villaggio Eni di Borca \u00e8 un patrimonio architettonico in ottimo stato di conservazione, una struttura unica al mondo, costruita con una visione lungimirante e innovativa, con sottoservizi gi\u00e0 predisposti, perfettamente in dialogo con il paesaggio e con spazi ampi e moderni in grado di ospitare centinaia di persone: non perdiamo un&#8217;occasione unica come quella delle Olimpiadi Milano-Cortina 2026 per riqualificare un complesso edilizio storico che ha tutte le caratteristiche non solo per ospitare il villaggio olimpico, ma anche e soprattutto per diventare il motore di una rigenerazione economica, culturale e sociale per tutta la montagna bellunese&#8221;.<\/p>\n<p>Queste le parole dei segretari generali di Cgil Belluno, Cisl Belluno Treviso e Uil Belluno, rispettivamente Denise Casanova, Massimiliano Paglini e Sonia Bridda al termine del sopralluogo effettuato nella mattina di oggi, mercoled\u00ec 6 settembre, all&#8217;ex Villaggio Eni di Corte di Cadore, realizzato da Edoardo Gellner a partire dagli anni Cinquanta sulla base dell&#8217;innovativo programma sociale e di welfare di Enrico Mattei: 274 villette monofamiliari, la colonia, il campeggio, i due alberghi e la chiesa.<\/p>\n<p>Cgil, Cisl e Uil mesi fa avevano lanciato la proposta del recupero attivo dell&#8217;ex Villaggio per ospitare gli atleti olimpici. Un&#8217;alternativa a Fiames che risponderebbe pienamente ai principi di sostenibilit\u00e0, legacy, valorizzazione e recupero del patrimonio immobiliare stabiliti dallo stesso Cio. Un&#8217;ipotesi che ha raccolto il favore di tutti i soggetti economici, sociali e istituzionali del territorio, con la Provincia che lo scorso luglio ha approvato all&#8217;unanimit\u00e0 proprio a Borca di Cadore una delibera che d\u00e0 mandato al suo presidente di attivarsi in tutte le sedi possibili per chiedere alla cabina di regia di Milano Cortina 2026 di rivalutare la scelta sul villaggio olimpico e di individuare la sede nella vecchia colonia Eni di Borca. Il tutto alla luce di un fondamentale approfondimento tecnico che certifica la compatibilit\u00e0 idrogeologica e la fattibilit\u00e0 tecnica del recupero del villaggio.<\/p>\n<p>&#8220;Oggi non ci sono pi\u00f9 scuse &#8211; affermano Casanova, Paglini e Bridda -: il recupero del complesso progettato da Gellner non \u00e8 pi\u00f9 rimandabile, perch\u00e9 rappresenta un patrimonio inestimabile per la montagna bellunese. Non ha senso gettare 39 milioni di euro per mettere in piedi un villaggio olimpico di prefabbricati a Fiames, quando si potrebbero usare questi soldi per rigenerare un complesso straordinario, che gi\u00e0 oggi in parte vive attraverso la collaborazione fra la propriet\u00e0 e Dolomiti Contemporanee, che hanno dato vita a numerosi progetti di rifunzionalizzazione degli spazi, mostrandone la potenzialit\u00e0&#8221;.<\/p>","protected":false},"excerpt":{"rendered":"<p>&#8220;L&#8217;ex Villaggio Eni di Borca \u00e8 un patrimonio architettonico in ottimo stato di conservazione, una struttura unica al mondo, costruita con una visione lungimirante e innovativa, con sottoservizi gi\u00e0 predisposti, perfettamente in dialogo con il paesaggio e con spazi ampi e moderni in grado di ospitare centinaia di persone: non perdiamo un&#8217;occasione unica come quella [&hellip;]<\/p>\n","protected":false},"author":2,"featured_media":143984,"comment_status":"closed","ping_status":"open","sticky":false,"template":"","format":"standard","meta":{"footnotes":""},"categories":[26,8],"tags":[],"class_list":["post-143983","post","type-post","status-publish","format-standard","has-post-thumbnail","category-prima-pagina","category-societa-istituzioni"],"yoast_head":"<!-- This site is optimized with the Yoast SEO plugin v28.4 - https:\/\/yoast.com\/product\/yoast-seo-wordpress\/ -->\n<title>Sopralluogo di Cgil, Cisl e Uil all&#039;ex colonia Eni di Borca: &quot;La scelta migliore per il Villaggio Olimpico di Milano Cortina 2026&quot; - Bellunopress - Dolomiti<\/title>\n<meta name=\"robots\" content=\"index, follow, max-snippet:-1, max-image-preview:large, max-video-preview:-1\" \/>\n<link rel=\"canonical\" href=\"https:\/\/www.bellunopress.it\/fr\/2023\/09\/06\/sopralluogo-di-cgil-cisl-e-uil-allex-colonia-eni-di-borca-la-scelta-migliore-per-il-villaggio-olimpico-di-milano-cortina-2026\/\" \/>\n<meta property=\"og:locale\" content=\"fr_FR\" \/>\n<meta property=\"og:type\" content=\"article\" \/>\n<meta property=\"og:title\" content=\"Sopralluogo di Cgil, Cisl e Uil all&#039;ex colonia Eni di Borca: &quot;La scelta migliore per il Villaggio Olimpico di Milano Cortina 2026&quot; - Bellunopress - Dolomiti\" \/>\n<meta property=\"og:description\" content=\"&#8220;L&#8217;ex Villaggio Eni di Borca \u00e8 un patrimonio architettonico in ottimo stato di conservazione, una struttura unica al mondo, costruita con una visione lungimirante e innovativa, con sottoservizi gi\u00e0 predisposti, perfettamente in dialogo con il paesaggio e con spazi ampi e moderni in grado di ospitare centinaia di persone: non perdiamo un&#8217;occasione unica come quella [&hellip;]\" \/>\n<meta property=\"og:url\" content=\"https:\/\/www.bellunopress.it\/fr\/2023\/09\/06\/sopralluogo-di-cgil-cisl-e-uil-allex-colonia-eni-di-borca-la-scelta-migliore-per-il-villaggio-olimpico-di-milano-cortina-2026\/\" \/>\n<meta property=\"og:site_name\" content=\"Bellunopress - Dolomiti\" \/>\n<meta property=\"article:publisher\" content=\"https:\/\/www.facebook.com\/profile.php?id=100008943462799\" \/>\n<meta property=\"article:published_time\" content=\"2023-09-06T15:26:33+00:00\" \/>\n<meta property=\"og:image\" content=\"https:\/\/www.bellunopress.it\/wp-content\/uploads\/2023\/09\/Paglini-Casanova-Bridda_oriz_edited.jpg\" \/>\n\t<meta property=\"og:image:width\" content=\"1000\" \/>\n\t<meta property=\"og:image:height\" content=\"717\" \/>\n\t<meta property=\"og:image:type\" content=\"image\/jpeg\" \/>\n<meta name=\"author\" content=\"redazione\" \/>\n<meta name=\"twitter:card\" content=\"summary_large_image\" \/>\n<meta name=\"twitter:creator\" content=\"@bellunopress\" \/>\n<meta name=\"twitter:site\" content=\"@bellunopress\" \/>\n<meta name=\"twitter:label1\" content=\"\u00c9crit par\" \/>\n\t<meta name=\"twitter:data1\" content=\"redazione\" \/>\n\t<meta name=\"twitter:label2\" content=\"Dur\u00e9e de lecture estim\u00e9e\" \/>\n\t<meta name=\"twitter:data2\" content=\"2 minutes\" \/>\n<script type=\"application\/ld+json\" class=\"yoast-schema-graph\">{\"@context\":\"https:\\\/\\\/schema.org\",\"@graph\":[{\"@type\":\"Article\",\"@id\":\"https:\\\/\\\/www.bellunopress.it\\\/2023\\\/09\\\/06\\\/sopralluogo-di-cgil-cisl-e-uil-allex-colonia-eni-di-borca-la-scelta-migliore-per-il-villaggio-olimpico-di-milano-cortina-2026\\\/#article\",\"isPartOf\":{\"@id\":\"https:\\\/\\\/www.bellunopress.it\\\/2023\\\/09\\\/06\\\/sopralluogo-di-cgil-cisl-e-uil-allex-colonia-eni-di-borca-la-scelta-migliore-per-il-villaggio-olimpico-di-milano-cortina-2026\\\/\"},\"author\":{\"name\":\"redazione\",\"@id\":\"https:\\\/\\\/www.bellunopress.it\\\/#\\\/schema\\\/person\\\/79bb06722b37ece1c03d3e94beb30d73\"},\"headline\":\"Sopralluogo di Cgil, Cisl e Uil all&#8217;ex colonia Eni di Borca: &#8220;La scelta migliore per il Villaggio Olimpico di Milano Cortina 2026&#8221;\",\"datePublished\":\"2023-09-06T15:26:33+00:00\",\"mainEntityOfPage\":{\"@id\":\"https:\\\/\\\/www.bellunopress.it\\\/2023\\\/09\\\/06\\\/sopralluogo-di-cgil-cisl-e-uil-allex-colonia-eni-di-borca-la-scelta-migliore-per-il-villaggio-olimpico-di-milano-cortina-2026\\\/\"},\"wordCount\":437,\"publisher\":{\"@id\":\"https:\\\/\\\/www.bellunopress.it\\\/#organization\"},\"image\":{\"@id\":\"https:\\\/\\\/www.bellunopress.it\\\/2023\\\/09\\\/06\\\/sopralluogo-di-cgil-cisl-e-uil-allex-colonia-eni-di-borca-la-scelta-migliore-per-il-villaggio-olimpico-di-milano-cortina-2026\\\/#primaryimage\"},\"thumbnailUrl\":\"https:\\\/\\\/www.bellunopress.it\\\/wp-content\\\/uploads\\\/2023\\\/09\\\/Paglini-Casanova-Bridda_oriz_edited.jpg\",\"articleSection\":[\"Prima Pagina\",\"Societ\u00e0, Associazioni, Istituzioni\"],\"inLanguage\":\"fr-FR\"},{\"@type\":\"WebPage\",\"@id\":\"https:\\\/\\\/www.bellunopress.it\\\/2023\\\/09\\\/06\\\/sopralluogo-di-cgil-cisl-e-uil-allex-colonia-eni-di-borca-la-scelta-migliore-per-il-villaggio-olimpico-di-milano-cortina-2026\\\/\",\"url\":\"https:\\\/\\\/www.bellunopress.it\\\/2023\\\/09\\\/06\\\/sopralluogo-di-cgil-cisl-e-uil-allex-colonia-eni-di-borca-la-scelta-migliore-per-il-villaggio-olimpico-di-milano-cortina-2026\\\/\",\"name\":\"Sopralluogo di Cgil, Cisl e Uil all'ex colonia Eni di Borca: \\\"La scelta migliore per il Villaggio Olimpico di Milano Cortina 2026\\\" - Bellunopress - Dolomiti\",\"isPartOf\":{\"@id\":\"https:\\\/\\\/www.bellunopress.it\\\/#website\"},\"primaryImageOfPage\":{\"@id\":\"https:\\\/\\\/www.bellunopress.it\\\/2023\\\/09\\\/06\\\/sopralluogo-di-cgil-cisl-e-uil-allex-colonia-eni-di-borca-la-scelta-migliore-per-il-villaggio-olimpico-di-milano-cortina-2026\\\/#primaryimage\"},\"image\":{\"@id\":\"https:\\\/\\\/www.bellunopress.it\\\/2023\\\/09\\\/06\\\/sopralluogo-di-cgil-cisl-e-uil-allex-colonia-eni-di-borca-la-scelta-migliore-per-il-villaggio-olimpico-di-milano-cortina-2026\\\/#primaryimage\"},\"thumbnailUrl\":\"https:\\\/\\\/www.bellunopress.it\\\/wp-content\\\/uploads\\\/2023\\\/09\\\/Paglini-Casanova-Bridda_oriz_edited.jpg\",\"datePublished\":\"2023-09-06T15:26:33+00:00\",\"breadcrumb\":{\"@id\":\"https:\\\/\\\/www.bellunopress.it\\\/2023\\\/09\\\/06\\\/sopralluogo-di-cgil-cisl-e-uil-allex-colonia-eni-di-borca-la-scelta-migliore-per-il-villaggio-olimpico-di-milano-cortina-2026\\\/#breadcrumb\"},\"inLanguage\":\"fr-FR\",\"potentialAction\":[{\"@type\":\"ReadAction\",\"target\":[\"https:\\\/\\\/www.bellunopress.it\\\/2023\\\/09\\\/06\\\/sopralluogo-di-cgil-cisl-e-uil-allex-colonia-eni-di-borca-la-scelta-migliore-per-il-villaggio-olimpico-di-milano-cortina-2026\\\/\"]}]},{\"@type\":\"ImageObject\",\"inLanguage\":\"fr-FR\",\"@id\":\"https:\\\/\\\/www.bellunopress.it\\\/2023\\\/09\\\/06\\\/sopralluogo-di-cgil-cisl-e-uil-allex-colonia-eni-di-borca-la-scelta-migliore-per-il-villaggio-olimpico-di-milano-cortina-2026\\\/#primaryimage\",\"url\":\"https:\\\/\\\/www.bellunopress.it\\\/wp-content\\\/uploads\\\/2023\\\/09\\\/Paglini-Casanova-Bridda_oriz_edited.jpg\",\"contentUrl\":\"https:\\\/\\\/www.bellunopress.it\\\/wp-content\\\/uploads\\\/2023\\\/09\\\/Paglini-Casanova-Bridda_oriz_edited.jpg\",\"width\":1000,\"height\":717,\"caption\":\"Paglini (Cisl), Casanova (Cgil), Bridda (Uil)\"},{\"@type\":\"BreadcrumbList\",\"@id\":\"https:\\\/\\\/www.bellunopress.it\\\/2023\\\/09\\\/06\\\/sopralluogo-di-cgil-cisl-e-uil-allex-colonia-eni-di-borca-la-scelta-migliore-per-il-villaggio-olimpico-di-milano-cortina-2026\\\/#breadcrumb\",\"itemListElement\":[{\"@type\":\"ListItem\",\"position\":1,\"name\":\"Home\",\"item\":\"https:\\\/\\\/www.bellunopress.it\\\/\"},{\"@type\":\"ListItem\",\"position\":2,\"name\":\"Sopralluogo di Cgil, Cisl e Uil all&#8217;ex colonia Eni di Borca: &#8220;La scelta migliore per il Villaggio Olimpico di Milano Cortina 2026&#8221;\"}]},{\"@type\":\"WebSite\",\"@id\":\"https:\\\/\\\/www.bellunopress.it\\\/#website\",\"url\":\"https:\\\/\\\/www.bellunopress.it\\\/\",\"name\":\"Bellunopress - Dolomiti\",\"description\":\"e-mail: redazione@bellunopress.it\",\"publisher\":{\"@id\":\"https:\\\/\\\/www.bellunopress.it\\\/#organization\"},\"potentialAction\":[{\"@type\":\"SearchAction\",\"target\":{\"@type\":\"EntryPoint\",\"urlTemplate\":\"https:\\\/\\\/www.bellunopress.it\\\/?s={search_term_string}\"},\"query-input\":{\"@type\":\"PropertyValueSpecification\",\"valueRequired\":true,\"valueName\":\"search_term_string\"}}],\"inLanguage\":\"fr-FR\"},{\"@type\":\"Organization\",\"@id\":\"https:\\\/\\\/www.bellunopress.it\\\/#organization\",\"name\":\"Bellunopress\",\"url\":\"https:\\\/\\\/www.bellunopress.it\\\/\",\"logo\":{\"@type\":\"ImageObject\",\"inLanguage\":\"fr-FR\",\"@id\":\"https:\\\/\\\/www.bellunopress.it\\\/#\\\/schema\\\/logo\\\/image\\\/\",\"url\":\"https:\\\/\\\/www.bellunopress.it\\\/wp-content\\\/uploads\\\/2011\\\/05\\\/cropped-logo-bellunopress-.jpg\",\"contentUrl\":\"https:\\\/\\\/www.bellunopress.it\\\/wp-content\\\/uploads\\\/2011\\\/05\\\/cropped-logo-bellunopress-.jpg\",\"width\":512,\"height\":512,\"caption\":\"Bellunopress\"},\"image\":{\"@id\":\"https:\\\/\\\/www.bellunopress.it\\\/#\\\/schema\\\/logo\\\/image\\\/\"},\"sameAs\":[\"https:\\\/\\\/www.facebook.com\\\/profile.php?id=100008943462799\",\"https:\\\/\\\/x.com\\\/bellunopress\",\"https:\\\/\\\/www.linkedin.com\\\/hp\\\/?dnr=JBzUWaJfMUw8vbXJJ2tVW5-I3jZKvC4wsoxE&amp;amp;amp;amp;amp;amp;trk=nav_responsive_tab_home\",\"https:\\\/\\\/www.youtube.com\\\/channel\\\/UCxL0wu1uN0_3_7hGG0306cw\"]},{\"@type\":\"Person\",\"@id\":\"https:\\\/\\\/www.bellunopress.it\\\/#\\\/schema\\\/person\\\/79bb06722b37ece1c03d3e94beb30d73\",\"name\":\"redazione\",\"image\":{\"@type\":\"ImageObject\",\"inLanguage\":\"fr-FR\",\"@id\":\"https:\\\/\\\/secure.gravatar.com\\\/avatar\\\/37d968a2e67a6fd04c169c4bdef102d0bc5d31b2546345219e348575eb80e9a0?s=96&d=mm&r=g\",\"url\":\"https:\\\/\\\/secure.gravatar.com\\\/avatar\\\/37d968a2e67a6fd04c169c4bdef102d0bc5d31b2546345219e348575eb80e9a0?s=96&d=mm&r=g\",\"contentUrl\":\"https:\\\/\\\/secure.gravatar.com\\\/avatar\\\/37d968a2e67a6fd04c169c4bdef102d0bc5d31b2546345219e348575eb80e9a0?s=96&d=mm&r=g\",\"caption\":\"redazione\"},\"sameAs\":[\"http:\\\/\\\/www.bellunopress.it\",\"https:\\\/\\\/x.com\\\/bellunopress\"],\"url\":\"https:\\\/\\\/www.bellunopress.it\\\/fr\\\/author\\\/redazione\\\/\"}]}<\/script>\n<!-- \/ Yoast SEO plugin. -->","yoast_head_json":{"title":"Sopralluogo di Cgil, Cisl e Uil all'ex colonia Eni di Borca: \"La scelta migliore per il Villaggio Olimpico di Milano Cortina 2026\" - Bellunopress - Dolomiti","robots":{"index":"index","follow":"follow","max-snippet":"max-snippet:-1","max-image-preview":"max-image-preview:large","max-video-preview":"max-video-preview:-1"},"canonical":"https:\/\/www.bellunopress.it\/fr\/2023\/09\/06\/sopralluogo-di-cgil-cisl-e-uil-allex-colonia-eni-di-borca-la-scelta-migliore-per-il-villaggio-olimpico-di-milano-cortina-2026\/","og_locale":"fr_FR","og_type":"article","og_title":"Sopralluogo di Cgil, Cisl e Uil all'ex colonia Eni di Borca: \"La scelta migliore per il Villaggio Olimpico di Milano Cortina 2026\" - Bellunopress - Dolomiti","og_description":"&#8220;L&#8217;ex Villaggio Eni di Borca \u00e8 un patrimonio architettonico in ottimo stato di conservazione, una struttura unica al mondo, costruita con una visione lungimirante e innovativa, con sottoservizi gi\u00e0 predisposti, perfettamente in dialogo con il paesaggio e con spazi ampi e moderni in grado di ospitare centinaia di persone: non perdiamo un&#8217;occasione unica come quella [&hellip;]","og_url":"https:\/\/www.bellunopress.it\/fr\/2023\/09\/06\/sopralluogo-di-cgil-cisl-e-uil-allex-colonia-eni-di-borca-la-scelta-migliore-per-il-villaggio-olimpico-di-milano-cortina-2026\/","og_site_name":"Bellunopress - Dolomiti","article_publisher":"https:\/\/www.facebook.com\/profile.php?id=100008943462799","article_published_time":"2023-09-06T15:26:33+00:00","og_image":[{"width":1000,"height":717,"url":"https:\/\/www.bellunopress.it\/wp-content\/uploads\/2023\/09\/Paglini-Casanova-Bridda_oriz_edited.jpg","type":"image\/jpeg"}],"author":"redazione","twitter_card":"summary_large_image","twitter_creator":"@bellunopress","twitter_site":"@bellunopress","twitter_misc":{"\u00c9crit par":"redazione","Dur\u00e9e de lecture estim\u00e9e":"2 minutes"},"schema":{"@context":"https:\/\/schema.org","@graph":[{"@type":"Article","@id":"https:\/\/www.bellunopress.it\/2023\/09\/06\/sopralluogo-di-cgil-cisl-e-uil-allex-colonia-eni-di-borca-la-scelta-migliore-per-il-villaggio-olimpico-di-milano-cortina-2026\/#article","isPartOf":{"@id":"https:\/\/www.bellunopress.it\/2023\/09\/06\/sopralluogo-di-cgil-cisl-e-uil-allex-colonia-eni-di-borca-la-scelta-migliore-per-il-villaggio-olimpico-di-milano-cortina-2026\/"},"author":{"name":"redazione","@id":"https:\/\/www.bellunopress.it\/#\/schema\/person\/79bb06722b37ece1c03d3e94beb30d73"},"headline":"Sopralluogo di Cgil, Cisl e Uil all&#8217;ex colonia Eni di Borca: &#8220;La scelta migliore per il Villaggio Olimpico di Milano Cortina 2026&#8221;","datePublished":"2023-09-06T15:26:33+00:00","mainEntityOfPage":{"@id":"https:\/\/www.bellunopress.it\/2023\/09\/06\/sopralluogo-di-cgil-cisl-e-uil-allex-colonia-eni-di-borca-la-scelta-migliore-per-il-villaggio-olimpico-di-milano-cortina-2026\/"},"wordCount":437,"publisher":{"@id":"https:\/\/www.bellunopress.it\/#organization"},"image":{"@id":"https:\/\/www.bellunopress.it\/2023\/09\/06\/sopralluogo-di-cgil-cisl-e-uil-allex-colonia-eni-di-borca-la-scelta-migliore-per-il-villaggio-olimpico-di-milano-cortina-2026\/#primaryimage"},"thumbnailUrl":"https:\/\/www.bellunopress.it\/wp-content\/uploads\/2023\/09\/Paglini-Casanova-Bridda_oriz_edited.jpg","articleSection":["Prima Pagina","Societ\u00e0, Associazioni, Istituzioni"],"inLanguage":"fr-FR"},{"@type":"WebPage","@id":"https:\/\/www.bellunopress.it\/2023\/09\/06\/sopralluogo-di-cgil-cisl-e-uil-allex-colonia-eni-di-borca-la-scelta-migliore-per-il-villaggio-olimpico-di-milano-cortina-2026\/","url":"https:\/\/www.bellunopress.it\/2023\/09\/06\/sopralluogo-di-cgil-cisl-e-uil-allex-colonia-eni-di-borca-la-scelta-migliore-per-il-villaggio-olimpico-di-milano-cortina-2026\/","name":"Sopralluogo di Cgil, Cisl e Uil all'ex colonia Eni di Borca: \"La scelta migliore per il Villaggio Olimpico di Milano Cortina 2026\" - Bellunopress - Dolomiti","isPartOf":{"@id":"https:\/\/www.bellunopress.it\/#website"},"primaryImageOfPage":{"@id":"https:\/\/www.bellunopress.it\/2023\/09\/06\/sopralluogo-di-cgil-cisl-e-uil-allex-colonia-eni-di-borca-la-scelta-migliore-per-il-villaggio-olimpico-di-milano-cortina-2026\/#primaryimage"},"image":{"@id":"https:\/\/www.bellunopress.it\/2023\/09\/06\/sopralluogo-di-cgil-cisl-e-uil-allex-colonia-eni-di-borca-la-scelta-migliore-per-il-villaggio-olimpico-di-milano-cortina-2026\/#primaryimage"},"thumbnailUrl":"https:\/\/www.bellunopress.it\/wp-content\/uploads\/2023\/09\/Paglini-Casanova-Bridda_oriz_edited.jpg","datePublished":"2023-09-06T15:26:33+00:00","breadcrumb":{"@id":"https:\/\/www.bellunopress.it\/2023\/09\/06\/sopralluogo-di-cgil-cisl-e-uil-allex-colonia-eni-di-borca-la-scelta-migliore-per-il-villaggio-olimpico-di-milano-cortina-2026\/#breadcrumb"},"inLanguage":"fr-FR","potentialAction":[{"@type":"ReadAction","target":["https:\/\/www.bellunopress.it\/2023\/09\/06\/sopralluogo-di-cgil-cisl-e-uil-allex-colonia-eni-di-borca-la-scelta-migliore-per-il-villaggio-olimpico-di-milano-cortina-2026\/"]}]},{"@type":"ImageObject","inLanguage":"fr-FR","@id":"https:\/\/www.bellunopress.it\/2023\/09\/06\/sopralluogo-di-cgil-cisl-e-uil-allex-colonia-eni-di-borca-la-scelta-migliore-per-il-villaggio-olimpico-di-milano-cortina-2026\/#primaryimage","url":"https:\/\/www.bellunopress.it\/wp-content\/uploads\/2023\/09\/Paglini-Casanova-Bridda_oriz_edited.jpg","contentUrl":"https:\/\/www.bellunopress.it\/wp-content\/uploads\/2023\/09\/Paglini-Casanova-Bridda_oriz_edited.jpg","width":1000,"height":717,"caption":"Paglini (Cisl), Casanova (Cgil), Bridda (Uil)"},{"@type":"BreadcrumbList","@id":"https:\/\/www.bellunopress.it\/2023\/09\/06\/sopralluogo-di-cgil-cisl-e-uil-allex-colonia-eni-di-borca-la-scelta-migliore-per-il-villaggio-olimpico-di-milano-cortina-2026\/#breadcrumb","itemListElement":[{"@type":"ListItem","position":1,"name":"Home","item":"https:\/\/www.bellunopress.it\/"},{"@type":"ListItem","position":2,"name":"Sopralluogo di Cgil, Cisl e Uil all&#8217;ex colonia Eni di Borca: &#8220;La scelta migliore per il Villaggio Olimpico di Milano Cortina 2026&#8221;"}]},{"@type":"WebSite","@id":"https:\/\/www.bellunopress.it\/#website","url":"https:\/\/www.bellunopress.it\/","name":"Bellunopress - Dolomiti","description":"e-mail: redazione@bellunopress.it","publisher":{"@id":"https:\/\/www.bellunopress.it\/#organization"},"potentialAction":[{"@type":"SearchAction","target":{"@type":"EntryPoint","urlTemplate":"https:\/\/www.bellunopress.it\/?s={search_term_string}"},"query-input":{"@type":"PropertyValueSpecification","valueRequired":true,"valueName":"search_term_string"}}],"inLanguage":"fr-FR"},{"@type":"Organization","@id":"https:\/\/www.bellunopress.it\/#organization","name":"Bellunopress","url":"https:\/\/www.bellunopress.it\/","logo":{"@type":"ImageObject","inLanguage":"fr-FR","@id":"https:\/\/www.bellunopress.it\/#\/schema\/logo\/image\/","url":"https:\/\/www.bellunopress.it\/wp-content\/uploads\/2011\/05\/cropped-logo-bellunopress-.jpg","contentUrl":"https:\/\/www.bellunopress.it\/wp-content\/uploads\/2011\/05\/cropped-logo-bellunopress-.jpg","width":512,"height":512,"caption":"Bellunopress"},"image":{"@id":"https:\/\/www.bellunopress.it\/#\/schema\/logo\/image\/"},"sameAs":["https:\/\/www.facebook.com\/profile.php?id=100008943462799","https:\/\/x.com\/bellunopress","https:\/\/www.linkedin.com\/hp\/?dnr=JBzUWaJfMUw8vbXJJ2tVW5-I3jZKvC4wsoxE&amp;amp;amp;amp;amp;amp;trk=nav_responsive_tab_home","https:\/\/www.youtube.com\/channel\/UCxL0wu1uN0_3_7hGG0306cw"]},{"@type":"Person","@id":"https:\/\/www.bellunopress.it\/#\/schema\/person\/79bb06722b37ece1c03d3e94beb30d73","name":"r\u00e9daction","image":{"@type":"ImageObject","inLanguage":"fr-FR","@id":"https:\/\/secure.gravatar.com\/avatar\/37d968a2e67a6fd04c169c4bdef102d0bc5d31b2546345219e348575eb80e9a0?s=96&d=mm&r=g","url":"https:\/\/secure.gravatar.com\/avatar\/37d968a2e67a6fd04c169c4bdef102d0bc5d31b2546345219e348575eb80e9a0?s=96&d=mm&r=g","contentUrl":"https:\/\/secure.gravatar.com\/avatar\/37d968a2e67a6fd04c169c4bdef102d0bc5d31b2546345219e348575eb80e9a0?s=96&d=mm&r=g","caption":"redazione"},"sameAs":["http:\/\/www.bellunopress.it","https:\/\/x.com\/bellunopress"],"url":"https:\/\/www.bellunopress.it\/fr\/author\/redazione\/"}]}},"_links":{"self":[{"href":"https:\/\/www.bellunopress.it\/fr\/wp-json\/wp\/v2\/posts\/143983","targetHints":{"allow":["GET"]}}],"collection":[{"href":"https:\/\/www.bellunopress.it\/fr\/wp-json\/wp\/v2\/posts"}],"about":[{"href":"https:\/\/www.bellunopress.it\/fr\/wp-json\/wp\/v2\/types\/post"}],"author":[{"embeddable":true,"href":"https:\/\/www.bellunopress.it\/fr\/wp-json\/wp\/v2\/users\/2"}],"replies":[{"embeddable":true,"href":"https:\/\/www.bellunopress.it\/fr\/wp-json\/wp\/v2\/comments?post=143983"}],"version-history":[{"count":1,"href":"https:\/\/www.bellunopress.it\/fr\/wp-json\/wp\/v2\/posts\/143983\/revisions"}],"predecessor-version":[{"id":143985,"href":"https:\/\/www.bellunopress.it\/fr\/wp-json\/wp\/v2\/posts\/143983\/revisions\/143985"}],"wp:featuredmedia":[{"embeddable":true,"href":"https:\/\/www.bellunopress.it\/fr\/wp-json\/wp\/v2\/media\/143984"}],"wp:attachment":[{"href":"https:\/\/www.bellunopress.it\/fr\/wp-json\/wp\/v2\/media?parent=143983"}],"wp:term":[{"taxonomy":"category","embeddable":true,"href":"https:\/\/www.bellunopress.it\/fr\/wp-json\/wp\/v2\/categories?post=143983"},{"taxonomy":"post_tag","embeddable":true,"href":"https:\/\/www.bellunopress.it\/fr\/wp-json\/wp\/v2\/tags?post=143983"}],"curies":[{"name":"wp","href":"https:\/\/api.w.org\/{rel}","templated":true}]}}