{"id":143976,"date":"2023-09-06T15:05:12","date_gmt":"2023-09-06T13:05:12","guid":{"rendered":"https:\/\/www.bellunopress.it\/?p=143976"},"modified":"2023-09-06T15:05:12","modified_gmt":"2023-09-06T13:05:12","slug":"32ma-festa-del-fagiolo-di-lamon-15-16-17-settembre-2023","status":"publish","type":"post","link":"https:\/\/www.bellunopress.it\/fr\/2023\/09\/06\/32ma-festa-del-fagiolo-di-lamon-15-16-17-settembre-2023\/","title":{"rendered":"32ma Festa del fagiolo di Lamon, 15-16-17 settembre 2023"},"content":{"rendered":"<p><img loading=\"lazy\" decoding=\"async\" class=\"alignleft size-full wp-image-136324\" src=\"https:\/\/www.bellunopress.it\/wp-content\/uploads\/2022\/09\/Lamon-A-tavola-nel-Feltrino-il-fagiolo_edited.jpg\" alt=\"\" width=\"691\" height=\"571\" srcset=\"https:\/\/www.bellunopress.it\/wp-content\/uploads\/2022\/09\/Lamon-A-tavola-nel-Feltrino-il-fagiolo_edited.jpg 691w, https:\/\/www.bellunopress.it\/wp-content\/uploads\/2022\/09\/Lamon-A-tavola-nel-Feltrino-il-fagiolo_edited-500x413.jpg 500w, https:\/\/www.bellunopress.it\/wp-content\/uploads\/2022\/09\/Lamon-A-tavola-nel-Feltrino-il-fagiolo_edited-508x420.jpg 508w\" sizes=\"auto, (max-width: 691px) 100vw, 691px\" \/>Si avvicina a grandi passi la 32esima edizione della Festa del fagiolo di Lamon. E il volontariato lamonese, coordinato dalla Pro loco di Lamon, \u00e8 al lavoro per curare i vari aspetti della manifestazione che, come da tradizione, si svolge il terzo fine settimana di settembre.<\/p>\n<p>Accanto alla mostra mercato del prodotto fresco e secco dell\u2019annata 2023, al mercatino dell\u2019artigianato, alla gastronomia e agli spettacoli, ha un ruolo centrale la cultura. Sono quindi in corso di allestimento alcune mostre, ospitate in diversi locali del paese, che saranno inaugurate venerd\u00ec 15 settembre alle 19.<\/p>\n<p>La mostra pi\u00f9 importante, che viene allestita in questi giorni nella ex chiesa di San Daniele, \u00e8 l\u2019omaggio di Lamon e della Festa del fagiolo, alle vittime di una delle tragedie pi\u00f9 grandi del nostro Paese, il Vajont, di cui quest\u2019anno ricorrono i 60 anni. Allestita dalla Pro loco di Longarone, la mostra \u00e8 costituita da foto e documenti che raccontano la storia di Longarone prima del 9 ottobre 1963 (con immagini della vita famigliare e sociale), la storia della costruzione della diga, le immagini del disastro e di quello che accadde i giorni successivi e infine i luoghi della memoria, dal cimitero di Fortogna, alla chiesa parrocchiale opera dell\u2019architetto Michelucci, alla diga, al paese di Erto e Casso.<\/p>\n<p>Quella sul Vajont non \u00e8 l\u2019unica mostra della festa del fagiolo. La sala consigliare del municipio (affrescata dal pittore e scultore Antonio Bottegal) ospita la mostra di pittura di Rosanna Cecchet, in occasione dei 40 anni dell\u2019attivit\u00e0 pittorica dell\u2019artista feltrina. I ritratti di Jon Lungu saranno esposti in via Resenterra di fronte alla sede della Pro loco. In via Cui, nella casa natale dell\u2019artista, \u201cFalsi d\u2019autore di Guerrino Gaio (1915-2005)\u201d, curata dal figlio Ezio Gaio. Nella stessa sede sar\u00e0 esposta una selezione di libri del progetto editoriale \u201cPiovego Lamon\u201d.<\/p>\n<p>Nei giorni della festa sar\u00e0 aperta la mostra archeologica \u201cLa necropoli romana di san Donato\u201d, e sar\u00e0 aperta al pubblico anche la sede del gruppo folk \u201cDrio le peche\u201d.<br \/>\nUn ruolo importante nella festa viene svolto ogni anno dagli alunni della scuola elementare di Lamon, questa volta impegnati nel progetto \u201cCiceroni\u201d. Saranno loro infatti a fare da guida il sabato e la domenica al mattino ai visitatori delle chiese di San Daniele e di San Pietro, due scrigni di tesori di arte e cultura.<\/p>","protected":false},"excerpt":{"rendered":"<p>Si avvicina a grandi passi la 32esima edizione della Festa del fagiolo di Lamon. E il volontariato lamonese, coordinato dalla Pro loco di Lamon, \u00e8 al lavoro per curare i vari aspetti della manifestazione che, come da tradizione, si svolge il terzo fine settimana di settembre. Accanto alla mostra mercato del prodotto fresco e secco [&hellip;]<\/p>\n","protected":false},"author":2,"featured_media":141917,"comment_status":"closed","ping_status":"open","sticky":false,"template":"","format":"standard","meta":{"footnotes":""},"categories":[3393,8],"tags":[],"class_list":["post-143976","post","type-post","status-publish","format-standard","has-post-thumbnail","category-eventi-enogastronomici","category-societa-istituzioni"],"yoast_head":"<!-- This site is optimized with the Yoast SEO plugin v28.4 - https:\/\/yoast.com\/product\/yoast-seo-wordpress\/ -->\n<title>32ma Festa del fagiolo di Lamon, 15-16-17 settembre 2023 - Bellunopress - Dolomiti<\/title>\n<meta name=\"robots\" content=\"index, follow, max-snippet:-1, max-image-preview:large, max-video-preview:-1\" \/>\n<link rel=\"canonical\" href=\"https:\/\/www.bellunopress.it\/fr\/2023\/09\/06\/32ma-festa-del-fagiolo-di-lamon-15-16-17-settembre-2023\/\" \/>\n<meta property=\"og:locale\" content=\"fr_FR\" \/>\n<meta property=\"og:type\" content=\"article\" \/>\n<meta property=\"og:title\" content=\"32ma Festa del fagiolo di Lamon, 15-16-17 settembre 2023 - Bellunopress - Dolomiti\" \/>\n<meta property=\"og:description\" content=\"Si avvicina a grandi passi la 32esima edizione della Festa del fagiolo di Lamon. E il volontariato lamonese, coordinato dalla Pro loco di Lamon, \u00e8 al lavoro per curare i vari aspetti della manifestazione che, come da tradizione, si svolge il terzo fine settimana di settembre. Accanto alla mostra mercato del prodotto fresco e secco [&hellip;]\" \/>\n<meta property=\"og:url\" content=\"https:\/\/www.bellunopress.it\/fr\/2023\/09\/06\/32ma-festa-del-fagiolo-di-lamon-15-16-17-settembre-2023\/\" \/>\n<meta property=\"og:site_name\" content=\"Bellunopress - Dolomiti\" \/>\n<meta property=\"article:publisher\" content=\"https:\/\/www.facebook.com\/profile.php?id=100008943462799\" \/>\n<meta property=\"article:published_time\" content=\"2023-09-06T13:05:12+00:00\" \/>\n<meta property=\"og:image\" content=\"https:\/\/www.bellunopress.it\/wp-content\/uploads\/2023\/06\/fagiolo-Mame-feltrine-.jpg\" \/>\n\t<meta property=\"og:image:width\" content=\"1000\" \/>\n\t<meta property=\"og:image:height\" content=\"750\" \/>\n\t<meta property=\"og:image:type\" content=\"image\/jpeg\" \/>\n<meta name=\"author\" content=\"redazione\" \/>\n<meta name=\"twitter:card\" content=\"summary_large_image\" \/>\n<meta name=\"twitter:creator\" content=\"@bellunopress\" \/>\n<meta name=\"twitter:site\" content=\"@bellunopress\" \/>\n<meta name=\"twitter:label1\" content=\"\u00c9crit par\" \/>\n\t<meta name=\"twitter:data1\" content=\"redazione\" \/>\n\t<meta name=\"twitter:label2\" content=\"Dur\u00e9e de lecture estim\u00e9e\" \/>\n\t<meta name=\"twitter:data2\" content=\"2 minutes\" \/>\n<script type=\"application\/ld+json\" class=\"yoast-schema-graph\">{\"@context\":\"https:\\\/\\\/schema.org\",\"@graph\":[{\"@type\":\"Article\",\"@id\":\"https:\\\/\\\/www.bellunopress.it\\\/2023\\\/09\\\/06\\\/32ma-festa-del-fagiolo-di-lamon-15-16-17-settembre-2023\\\/#article\",\"isPartOf\":{\"@id\":\"https:\\\/\\\/www.bellunopress.it\\\/2023\\\/09\\\/06\\\/32ma-festa-del-fagiolo-di-lamon-15-16-17-settembre-2023\\\/\"},\"author\":{\"name\":\"redazione\",\"@id\":\"https:\\\/\\\/www.bellunopress.it\\\/#\\\/schema\\\/person\\\/79bb06722b37ece1c03d3e94beb30d73\"},\"headline\":\"32ma Festa del fagiolo di Lamon, 15-16-17 settembre 2023\",\"datePublished\":\"2023-09-06T13:05:12+00:00\",\"mainEntityOfPage\":{\"@id\":\"https:\\\/\\\/www.bellunopress.it\\\/2023\\\/09\\\/06\\\/32ma-festa-del-fagiolo-di-lamon-15-16-17-settembre-2023\\\/\"},\"wordCount\":393,\"publisher\":{\"@id\":\"https:\\\/\\\/www.bellunopress.it\\\/#organization\"},\"image\":{\"@id\":\"https:\\\/\\\/www.bellunopress.it\\\/2023\\\/09\\\/06\\\/32ma-festa-del-fagiolo-di-lamon-15-16-17-settembre-2023\\\/#primaryimage\"},\"thumbnailUrl\":\"https:\\\/\\\/www.bellunopress.it\\\/wp-content\\\/uploads\\\/2023\\\/06\\\/fagiolo-Mame-feltrine-.jpg\",\"articleSection\":[\"Eventi enogastronomici\",\"Societ\u00e0, Associazioni, Istituzioni\"],\"inLanguage\":\"fr-FR\"},{\"@type\":\"WebPage\",\"@id\":\"https:\\\/\\\/www.bellunopress.it\\\/2023\\\/09\\\/06\\\/32ma-festa-del-fagiolo-di-lamon-15-16-17-settembre-2023\\\/\",\"url\":\"https:\\\/\\\/www.bellunopress.it\\\/2023\\\/09\\\/06\\\/32ma-festa-del-fagiolo-di-lamon-15-16-17-settembre-2023\\\/\",\"name\":\"32ma Festa del fagiolo di Lamon, 15-16-17 settembre 2023 - Bellunopress - Dolomiti\",\"isPartOf\":{\"@id\":\"https:\\\/\\\/www.bellunopress.it\\\/#website\"},\"primaryImageOfPage\":{\"@id\":\"https:\\\/\\\/www.bellunopress.it\\\/2023\\\/09\\\/06\\\/32ma-festa-del-fagiolo-di-lamon-15-16-17-settembre-2023\\\/#primaryimage\"},\"image\":{\"@id\":\"https:\\\/\\\/www.bellunopress.it\\\/2023\\\/09\\\/06\\\/32ma-festa-del-fagiolo-di-lamon-15-16-17-settembre-2023\\\/#primaryimage\"},\"thumbnailUrl\":\"https:\\\/\\\/www.bellunopress.it\\\/wp-content\\\/uploads\\\/2023\\\/06\\\/fagiolo-Mame-feltrine-.jpg\",\"datePublished\":\"2023-09-06T13:05:12+00:00\",\"breadcrumb\":{\"@id\":\"https:\\\/\\\/www.bellunopress.it\\\/2023\\\/09\\\/06\\\/32ma-festa-del-fagiolo-di-lamon-15-16-17-settembre-2023\\\/#breadcrumb\"},\"inLanguage\":\"fr-FR\",\"potentialAction\":[{\"@type\":\"ReadAction\",\"target\":[\"https:\\\/\\\/www.bellunopress.it\\\/2023\\\/09\\\/06\\\/32ma-festa-del-fagiolo-di-lamon-15-16-17-settembre-2023\\\/\"]}]},{\"@type\":\"ImageObject\",\"inLanguage\":\"fr-FR\",\"@id\":\"https:\\\/\\\/www.bellunopress.it\\\/2023\\\/09\\\/06\\\/32ma-festa-del-fagiolo-di-lamon-15-16-17-settembre-2023\\\/#primaryimage\",\"url\":\"https:\\\/\\\/www.bellunopress.it\\\/wp-content\\\/uploads\\\/2023\\\/06\\\/fagiolo-Mame-feltrine-.jpg\",\"contentUrl\":\"https:\\\/\\\/www.bellunopress.it\\\/wp-content\\\/uploads\\\/2023\\\/06\\\/fagiolo-Mame-feltrine-.jpg\",\"width\":1000,\"height\":750},{\"@type\":\"BreadcrumbList\",\"@id\":\"https:\\\/\\\/www.bellunopress.it\\\/2023\\\/09\\\/06\\\/32ma-festa-del-fagiolo-di-lamon-15-16-17-settembre-2023\\\/#breadcrumb\",\"itemListElement\":[{\"@type\":\"ListItem\",\"position\":1,\"name\":\"Home\",\"item\":\"https:\\\/\\\/www.bellunopress.it\\\/\"},{\"@type\":\"ListItem\",\"position\":2,\"name\":\"32ma Festa del fagiolo di Lamon, 15-16-17 settembre 2023\"}]},{\"@type\":\"WebSite\",\"@id\":\"https:\\\/\\\/www.bellunopress.it\\\/#website\",\"url\":\"https:\\\/\\\/www.bellunopress.it\\\/\",\"name\":\"Bellunopress - Dolomiti\",\"description\":\"e-mail: redazione@bellunopress.it\",\"publisher\":{\"@id\":\"https:\\\/\\\/www.bellunopress.it\\\/#organization\"},\"potentialAction\":[{\"@type\":\"SearchAction\",\"target\":{\"@type\":\"EntryPoint\",\"urlTemplate\":\"https:\\\/\\\/www.bellunopress.it\\\/?s={search_term_string}\"},\"query-input\":{\"@type\":\"PropertyValueSpecification\",\"valueRequired\":true,\"valueName\":\"search_term_string\"}}],\"inLanguage\":\"fr-FR\"},{\"@type\":\"Organization\",\"@id\":\"https:\\\/\\\/www.bellunopress.it\\\/#organization\",\"name\":\"Bellunopress\",\"url\":\"https:\\\/\\\/www.bellunopress.it\\\/\",\"logo\":{\"@type\":\"ImageObject\",\"inLanguage\":\"fr-FR\",\"@id\":\"https:\\\/\\\/www.bellunopress.it\\\/#\\\/schema\\\/logo\\\/image\\\/\",\"url\":\"https:\\\/\\\/www.bellunopress.it\\\/wp-content\\\/uploads\\\/2011\\\/05\\\/cropped-logo-bellunopress-.jpg\",\"contentUrl\":\"https:\\\/\\\/www.bellunopress.it\\\/wp-content\\\/uploads\\\/2011\\\/05\\\/cropped-logo-bellunopress-.jpg\",\"width\":512,\"height\":512,\"caption\":\"Bellunopress\"},\"image\":{\"@id\":\"https:\\\/\\\/www.bellunopress.it\\\/#\\\/schema\\\/logo\\\/image\\\/\"},\"sameAs\":[\"https:\\\/\\\/www.facebook.com\\\/profile.php?id=100008943462799\",\"https:\\\/\\\/x.com\\\/bellunopress\",\"https:\\\/\\\/www.linkedin.com\\\/hp\\\/?dnr=JBzUWaJfMUw8vbXJJ2tVW5-I3jZKvC4wsoxE&amp;amp;amp;amp;amp;amp;trk=nav_responsive_tab_home\",\"https:\\\/\\\/www.youtube.com\\\/channel\\\/UCxL0wu1uN0_3_7hGG0306cw\"]},{\"@type\":\"Person\",\"@id\":\"https:\\\/\\\/www.bellunopress.it\\\/#\\\/schema\\\/person\\\/79bb06722b37ece1c03d3e94beb30d73\",\"name\":\"redazione\",\"image\":{\"@type\":\"ImageObject\",\"inLanguage\":\"fr-FR\",\"@id\":\"https:\\\/\\\/secure.gravatar.com\\\/avatar\\\/37d968a2e67a6fd04c169c4bdef102d0bc5d31b2546345219e348575eb80e9a0?s=96&d=mm&r=g\",\"url\":\"https:\\\/\\\/secure.gravatar.com\\\/avatar\\\/37d968a2e67a6fd04c169c4bdef102d0bc5d31b2546345219e348575eb80e9a0?s=96&d=mm&r=g\",\"contentUrl\":\"https:\\\/\\\/secure.gravatar.com\\\/avatar\\\/37d968a2e67a6fd04c169c4bdef102d0bc5d31b2546345219e348575eb80e9a0?s=96&d=mm&r=g\",\"caption\":\"redazione\"},\"sameAs\":[\"http:\\\/\\\/www.bellunopress.it\",\"https:\\\/\\\/x.com\\\/bellunopress\"],\"url\":\"https:\\\/\\\/www.bellunopress.it\\\/fr\\\/author\\\/redazione\\\/\"}]}<\/script>\n<!-- \/ Yoast SEO plugin. -->","yoast_head_json":{"title":"32ma Festa del fagiolo di Lamon, 15-16-17 settembre 2023 - Bellunopress - Dolomiti","robots":{"index":"index","follow":"follow","max-snippet":"max-snippet:-1","max-image-preview":"max-image-preview:large","max-video-preview":"max-video-preview:-1"},"canonical":"https:\/\/www.bellunopress.it\/fr\/2023\/09\/06\/32ma-festa-del-fagiolo-di-lamon-15-16-17-settembre-2023\/","og_locale":"fr_FR","og_type":"article","og_title":"32ma Festa del fagiolo di Lamon, 15-16-17 settembre 2023 - Bellunopress - Dolomiti","og_description":"Si avvicina a grandi passi la 32esima edizione della Festa del fagiolo di Lamon. E il volontariato lamonese, coordinato dalla Pro loco di Lamon, \u00e8 al lavoro per curare i vari aspetti della manifestazione che, come da tradizione, si svolge il terzo fine settimana di settembre. Accanto alla mostra mercato del prodotto fresco e secco [&hellip;]","og_url":"https:\/\/www.bellunopress.it\/fr\/2023\/09\/06\/32ma-festa-del-fagiolo-di-lamon-15-16-17-settembre-2023\/","og_site_name":"Bellunopress - Dolomiti","article_publisher":"https:\/\/www.facebook.com\/profile.php?id=100008943462799","article_published_time":"2023-09-06T13:05:12+00:00","og_image":[{"width":1000,"height":750,"url":"https:\/\/www.bellunopress.it\/wp-content\/uploads\/2023\/06\/fagiolo-Mame-feltrine-.jpg","type":"image\/jpeg"}],"author":"redazione","twitter_card":"summary_large_image","twitter_creator":"@bellunopress","twitter_site":"@bellunopress","twitter_misc":{"\u00c9crit par":"redazione","Dur\u00e9e de lecture estim\u00e9e":"2 minutes"},"schema":{"@context":"https:\/\/schema.org","@graph":[{"@type":"Article","@id":"https:\/\/www.bellunopress.it\/2023\/09\/06\/32ma-festa-del-fagiolo-di-lamon-15-16-17-settembre-2023\/#article","isPartOf":{"@id":"https:\/\/www.bellunopress.it\/2023\/09\/06\/32ma-festa-del-fagiolo-di-lamon-15-16-17-settembre-2023\/"},"author":{"name":"redazione","@id":"https:\/\/www.bellunopress.it\/#\/schema\/person\/79bb06722b37ece1c03d3e94beb30d73"},"headline":"32ma Festa del fagiolo di Lamon, 15-16-17 settembre 2023","datePublished":"2023-09-06T13:05:12+00:00","mainEntityOfPage":{"@id":"https:\/\/www.bellunopress.it\/2023\/09\/06\/32ma-festa-del-fagiolo-di-lamon-15-16-17-settembre-2023\/"},"wordCount":393,"publisher":{"@id":"https:\/\/www.bellunopress.it\/#organization"},"image":{"@id":"https:\/\/www.bellunopress.it\/2023\/09\/06\/32ma-festa-del-fagiolo-di-lamon-15-16-17-settembre-2023\/#primaryimage"},"thumbnailUrl":"https:\/\/www.bellunopress.it\/wp-content\/uploads\/2023\/06\/fagiolo-Mame-feltrine-.jpg","articleSection":["Eventi enogastronomici","Societ\u00e0, Associazioni, Istituzioni"],"inLanguage":"fr-FR"},{"@type":"WebPage","@id":"https:\/\/www.bellunopress.it\/2023\/09\/06\/32ma-festa-del-fagiolo-di-lamon-15-16-17-settembre-2023\/","url":"https:\/\/www.bellunopress.it\/2023\/09\/06\/32ma-festa-del-fagiolo-di-lamon-15-16-17-settembre-2023\/","name":"32ma Festa del fagiolo di Lamon, 15-16-17 settembre 2023 - Bellunopress - Dolomiti","isPartOf":{"@id":"https:\/\/www.bellunopress.it\/#website"},"primaryImageOfPage":{"@id":"https:\/\/www.bellunopress.it\/2023\/09\/06\/32ma-festa-del-fagiolo-di-lamon-15-16-17-settembre-2023\/#primaryimage"},"image":{"@id":"https:\/\/www.bellunopress.it\/2023\/09\/06\/32ma-festa-del-fagiolo-di-lamon-15-16-17-settembre-2023\/#primaryimage"},"thumbnailUrl":"https:\/\/www.bellunopress.it\/wp-content\/uploads\/2023\/06\/fagiolo-Mame-feltrine-.jpg","datePublished":"2023-09-06T13:05:12+00:00","breadcrumb":{"@id":"https:\/\/www.bellunopress.it\/2023\/09\/06\/32ma-festa-del-fagiolo-di-lamon-15-16-17-settembre-2023\/#breadcrumb"},"inLanguage":"fr-FR","potentialAction":[{"@type":"ReadAction","target":["https:\/\/www.bellunopress.it\/2023\/09\/06\/32ma-festa-del-fagiolo-di-lamon-15-16-17-settembre-2023\/"]}]},{"@type":"ImageObject","inLanguage":"fr-FR","@id":"https:\/\/www.bellunopress.it\/2023\/09\/06\/32ma-festa-del-fagiolo-di-lamon-15-16-17-settembre-2023\/#primaryimage","url":"https:\/\/www.bellunopress.it\/wp-content\/uploads\/2023\/06\/fagiolo-Mame-feltrine-.jpg","contentUrl":"https:\/\/www.bellunopress.it\/wp-content\/uploads\/2023\/06\/fagiolo-Mame-feltrine-.jpg","width":1000,"height":750},{"@type":"BreadcrumbList","@id":"https:\/\/www.bellunopress.it\/2023\/09\/06\/32ma-festa-del-fagiolo-di-lamon-15-16-17-settembre-2023\/#breadcrumb","itemListElement":[{"@type":"ListItem","position":1,"name":"Home","item":"https:\/\/www.bellunopress.it\/"},{"@type":"ListItem","position":2,"name":"32ma Festa del fagiolo di Lamon, 15-16-17 settembre 2023"}]},{"@type":"WebSite","@id":"https:\/\/www.bellunopress.it\/#website","url":"https:\/\/www.bellunopress.it\/","name":"Bellunopress - Dolomiti","description":"e-mail: redazione@bellunopress.it","publisher":{"@id":"https:\/\/www.bellunopress.it\/#organization"},"potentialAction":[{"@type":"SearchAction","target":{"@type":"EntryPoint","urlTemplate":"https:\/\/www.bellunopress.it\/?s={search_term_string}"},"query-input":{"@type":"PropertyValueSpecification","valueRequired":true,"valueName":"search_term_string"}}],"inLanguage":"fr-FR"},{"@type":"Organization","@id":"https:\/\/www.bellunopress.it\/#organization","name":"Bellunopress","url":"https:\/\/www.bellunopress.it\/","logo":{"@type":"ImageObject","inLanguage":"fr-FR","@id":"https:\/\/www.bellunopress.it\/#\/schema\/logo\/image\/","url":"https:\/\/www.bellunopress.it\/wp-content\/uploads\/2011\/05\/cropped-logo-bellunopress-.jpg","contentUrl":"https:\/\/www.bellunopress.it\/wp-content\/uploads\/2011\/05\/cropped-logo-bellunopress-.jpg","width":512,"height":512,"caption":"Bellunopress"},"image":{"@id":"https:\/\/www.bellunopress.it\/#\/schema\/logo\/image\/"},"sameAs":["https:\/\/www.facebook.com\/profile.php?id=100008943462799","https:\/\/x.com\/bellunopress","https:\/\/www.linkedin.com\/hp\/?dnr=JBzUWaJfMUw8vbXJJ2tVW5-I3jZKvC4wsoxE&amp;amp;amp;amp;amp;amp;trk=nav_responsive_tab_home","https:\/\/www.youtube.com\/channel\/UCxL0wu1uN0_3_7hGG0306cw"]},{"@type":"Person","@id":"https:\/\/www.bellunopress.it\/#\/schema\/person\/79bb06722b37ece1c03d3e94beb30d73","name":"r\u00e9daction","image":{"@type":"ImageObject","inLanguage":"fr-FR","@id":"https:\/\/secure.gravatar.com\/avatar\/37d968a2e67a6fd04c169c4bdef102d0bc5d31b2546345219e348575eb80e9a0?s=96&d=mm&r=g","url":"https:\/\/secure.gravatar.com\/avatar\/37d968a2e67a6fd04c169c4bdef102d0bc5d31b2546345219e348575eb80e9a0?s=96&d=mm&r=g","contentUrl":"https:\/\/secure.gravatar.com\/avatar\/37d968a2e67a6fd04c169c4bdef102d0bc5d31b2546345219e348575eb80e9a0?s=96&d=mm&r=g","caption":"redazione"},"sameAs":["http:\/\/www.bellunopress.it","https:\/\/x.com\/bellunopress"],"url":"https:\/\/www.bellunopress.it\/fr\/author\/redazione\/"}]}},"_links":{"self":[{"href":"https:\/\/www.bellunopress.it\/fr\/wp-json\/wp\/v2\/posts\/143976","targetHints":{"allow":["GET"]}}],"collection":[{"href":"https:\/\/www.bellunopress.it\/fr\/wp-json\/wp\/v2\/posts"}],"about":[{"href":"https:\/\/www.bellunopress.it\/fr\/wp-json\/wp\/v2\/types\/post"}],"author":[{"embeddable":true,"href":"https:\/\/www.bellunopress.it\/fr\/wp-json\/wp\/v2\/users\/2"}],"replies":[{"embeddable":true,"href":"https:\/\/www.bellunopress.it\/fr\/wp-json\/wp\/v2\/comments?post=143976"}],"version-history":[{"count":1,"href":"https:\/\/www.bellunopress.it\/fr\/wp-json\/wp\/v2\/posts\/143976\/revisions"}],"predecessor-version":[{"id":143977,"href":"https:\/\/www.bellunopress.it\/fr\/wp-json\/wp\/v2\/posts\/143976\/revisions\/143977"}],"wp:featuredmedia":[{"embeddable":true,"href":"https:\/\/www.bellunopress.it\/fr\/wp-json\/wp\/v2\/media\/141917"}],"wp:attachment":[{"href":"https:\/\/www.bellunopress.it\/fr\/wp-json\/wp\/v2\/media?parent=143976"}],"wp:term":[{"taxonomy":"category","embeddable":true,"href":"https:\/\/www.bellunopress.it\/fr\/wp-json\/wp\/v2\/categories?post=143976"},{"taxonomy":"post_tag","embeddable":true,"href":"https:\/\/www.bellunopress.it\/fr\/wp-json\/wp\/v2\/tags?post=143976"}],"curies":[{"name":"wp","href":"https:\/\/api.w.org\/{rel}","templated":true}]}}