{"id":143896,"date":"2023-09-04T08:12:42","date_gmt":"2023-09-04T06:12:42","guid":{"rendered":"https:\/\/www.bellunopress.it\/?p=143896"},"modified":"2023-09-04T08:12:42","modified_gmt":"2023-09-04T06:12:42","slug":"poteri-del-premier-secondo-il-disegno-di-legge-meloni-note-critiche-del-professor-trabucco","status":"publish","type":"post","link":"https:\/\/www.bellunopress.it\/fr\/2023\/09\/04\/poteri-del-premier-secondo-il-disegno-di-legge-meloni-note-critiche-del-professor-trabucco\/","title":{"rendered":"Poteri del premier, secondo il disegno di legge Meloni. Note critiche del professor Trabucco"},"content":{"rendered":"<figure id=\"attachment_125649\" aria-describedby=\"caption-attachment-125649\" style=\"width: 332px\" class=\"wp-caption alignleft\"><img loading=\"lazy\" decoding=\"async\" class=\"size-full wp-image-125649\" src=\"https:\/\/www.bellunopress.it\/wp-content\/uploads\/2021\/07\/Daniele-Trabucco.jpg\" alt=\"\" width=\"332\" height=\"392\" \/><figcaption id=\"caption-attachment-125649\" class=\"wp-caption-text\">Daniele Trabucco, costituzionalista<\/figcaption><\/figure>\n<p>In attesa di svolgere delle riflessioni pi\u00f9 puntuali e precise, analizzando il disegno di legge costituzionale che sar\u00e0 approvato dal Consiglio dei Ministri (in caso di riforme della Costituzione, come insegnava Piero Calamandrei 1889\/1956), i banchi dell&#8217;Esecutivo non dovrebbero essere vuoti?) inerente alla forma di Governo, tre brevi annotazioni sulla bozza visionata dal quotidiano Il Sole 24Ore e sulla quale ha lavorato il Ministro senza portafoglio per le Riforme istituzionali Maria Elisabetta Alberti Casellati (Forza Italia):<\/p>\n<p>1) si registra, rispetto al modello presidenziale propagandato e sbandierato durante la campagna elettore da parte di Fratelli d&#8217;Italia, l&#8217;attuale partito di maggioranza relativa, la scelta per il cosiddetto &#8220;premierato all&#8217;italiana&#8221; con l&#8217;elezione a suffragio universale e diretto, per un periodo di cinque anni, del Presidente del Consiglio dei Ministri pro tempore senza, per\u00f2, potere di nomina e revoca dei Ministri e senza istituzionalizzazione dei Vice\/Presidenti del Consiglio. Inoltre, se il Presidente incaricato dal Capo dello Stato non dovesse ottenere la fiducia dai due rami del Parlamento italiano, deve ripresentarsi una seconda volta con la conseguenza che, solo in questo secondo caso (e non nel primo) e in ipotesi di esito negativo, il Presidente della Repubblica scioglier\u00e0 anticipatamente le Camere. Inoltre, nell&#8217;evenienza di cessazione della carica (qui si dovrebbero tipizzare i casi), il Parlamento pu\u00f3 proporre un sostituto purch\u00e8 espressione della maggioranza parlamentare. Quindi, si inserisce in Costituzione un &#8220;premierato&#8221; dove, nel corso della legislatura, al Presidente del Consiglio eletto direttamente dal corpo elettorale, se ne pu\u00f3 sostituire un altro indicato dalla Camere. In questo modo, in ipotesi non infrequente di &#8220;cessazione dalla carica&#8221; connaturata al litigioso sistema politico\/partitico italiano, la novit\u00e0 della modifica costituzionale viene prepotentemente ridimensionata e, comunque, rende il Presidente del Consiglio ricattabile dai partiti pi\u00f9 piccoli della coalizione. Una sorta di &#8220;sfiducia costruttiva&#8221;, anche se diversa da quella prevista dalla &#8220;Grundgesetz&#8221; tedesca del 1949 che prevede la possibilit\u00e0 del cambio di maggioranza, presente gi\u00e0 nella riforma costituzionale del 2005, poi sonoramente bocciata dagli elettori;<\/p>\n<p>2) non viene toccato il sistema parlamentare bicamerale, in particolare nessuna modifica incidente sul ruolo della c.d. &#8220;seconda Camera&#8221; n\u00e9 in senso partecipativo (come portano avanti da anni la destra sociale e molte importanti ed autorevoli realt\u00e0 associative legate a FDI), n\u00e8 in termini di rappresentanza di Regioni ed enti locali territoriali anche alla luce del percorso di avvio del regionalismo differenziato ex art. 116, comma 3, della Costituzione vigente;<\/p>\n<p>3) non viene toccato il Presidente della Repubblica (neppure un cenno all&#8217;introduzione del divieto di un secondo settennato) che, invece, costituisce l&#8217;organo costituzionale &#8220;pi\u00f9 enigmatico&#8221; per dirla con le parole di Livio Paladin (1933\/2000), insigne costituzionalista (anche se positivista) patavino. Abbiamo visto, soprattutto con i Presidenti Napolitano e Mattarella, come ha funzionato il carattere &#8220;a fisarmonica&#8221; del Capo dello Stato, intervenendo a volte direttamente, altre volte indirettamente, sulla determinazione dell&#8217;indirizzo politico. Proprio una riforma in senso presidenziale della forma di Governo, che venne discussa in Assemblea Costituente tra il 1946 ed il 1947, avrebbe consentito di superare certe ambiguit\u00e0 collegate al ruolo del Capo dello Stato specialmente con maggioranze non compatte e fragili non solo numericamente, ma anche in termini di forza ed autorevolezza del pensiero politico.<\/p>\n<p>Un consiglio, sebbene non richiesto, al Presidente del Consiglio dei Ministri pro tempore, On. Giorgia Meloni, parafrasando il politologo Edmond Burke(1727\/1797): pensare di cambiare un Paese con leggi e decreti (senza riappropriarsi delle &#8220;casematte dello Stato&#8221; mi si consenta di aggiungere) spesso non porta nella direzione voluta dal legislatore.<\/p>\n<p>Daniele Trabucco<\/p>","protected":false},"excerpt":{"rendered":"<p>In attesa di svolgere delle riflessioni pi\u00f9 puntuali e precise, analizzando il disegno di legge costituzionale che sar\u00e0 approvato dal Consiglio dei Ministri (in caso di riforme della Costituzione, come insegnava Piero Calamandrei 1889\/1956), i banchi dell&#8217;Esecutivo non dovrebbero essere vuoti?) inerente alla forma di Governo, tre brevi annotazioni sulla bozza visionata dal quotidiano Il [&hellip;]<\/p>\n","protected":false},"author":2,"featured_media":122639,"comment_status":"closed","ping_status":"open","sticky":false,"template":"","format":"standard","meta":{"footnotes":""},"categories":[5,26],"tags":[],"class_list":["post-143896","post","type-post","status-publish","format-standard","has-post-thumbnail","category-cronaca","category-prima-pagina"],"yoast_head":"<!-- This site is optimized with the Yoast SEO plugin v28.4 - https:\/\/yoast.com\/product\/yoast-seo-wordpress\/ -->\n<title>Poteri del premier, secondo il disegno di legge Meloni. Note critiche del professor Trabucco - Bellunopress - Dolomiti<\/title>\n<meta name=\"robots\" content=\"index, follow, max-snippet:-1, max-image-preview:large, max-video-preview:-1\" \/>\n<link rel=\"canonical\" href=\"https:\/\/www.bellunopress.it\/fr\/2023\/09\/04\/poteri-del-premier-secondo-il-disegno-di-legge-meloni-note-critiche-del-professor-trabucco\/\" \/>\n<meta property=\"og:locale\" content=\"fr_FR\" \/>\n<meta property=\"og:type\" content=\"article\" \/>\n<meta property=\"og:title\" content=\"Poteri del premier, secondo il disegno di legge Meloni. Note critiche del professor Trabucco - Bellunopress - Dolomiti\" \/>\n<meta property=\"og:description\" content=\"In attesa di svolgere delle riflessioni pi\u00f9 puntuali e precise, analizzando il disegno di legge costituzionale che sar\u00e0 approvato dal Consiglio dei Ministri (in caso di riforme della Costituzione, come insegnava Piero Calamandrei 1889\/1956), i banchi dell&#8217;Esecutivo non dovrebbero essere vuoti?) inerente alla forma di Governo, tre brevi annotazioni sulla bozza visionata dal quotidiano Il [&hellip;]\" \/>\n<meta property=\"og:url\" content=\"https:\/\/www.bellunopress.it\/fr\/2023\/09\/04\/poteri-del-premier-secondo-il-disegno-di-legge-meloni-note-critiche-del-professor-trabucco\/\" \/>\n<meta property=\"og:site_name\" content=\"Bellunopress - Dolomiti\" \/>\n<meta property=\"article:publisher\" content=\"https:\/\/www.facebook.com\/profile.php?id=100008943462799\" \/>\n<meta property=\"article:published_time\" content=\"2023-09-04T06:12:42+00:00\" \/>\n<meta property=\"og:image\" content=\"https:\/\/www.bellunopress.it\/wp-content\/uploads\/2021\/03\/Daniele-Trabucco_edited.jpg\" \/>\n\t<meta property=\"og:image:width\" content=\"960\" \/>\n\t<meta property=\"og:image:height\" content=\"960\" \/>\n\t<meta property=\"og:image:type\" content=\"image\/jpeg\" \/>\n<meta name=\"author\" content=\"redazione\" \/>\n<meta name=\"twitter:card\" content=\"summary_large_image\" \/>\n<meta name=\"twitter:creator\" content=\"@bellunopress\" \/>\n<meta name=\"twitter:site\" content=\"@bellunopress\" \/>\n<meta name=\"twitter:label1\" content=\"\u00c9crit par\" \/>\n\t<meta name=\"twitter:data1\" content=\"redazione\" \/>\n\t<meta name=\"twitter:label2\" content=\"Dur\u00e9e de lecture estim\u00e9e\" \/>\n\t<meta name=\"twitter:data2\" content=\"3 minutes\" \/>\n<script type=\"application\/ld+json\" class=\"yoast-schema-graph\">{\"@context\":\"https:\\\/\\\/schema.org\",\"@graph\":[{\"@type\":\"Article\",\"@id\":\"https:\\\/\\\/www.bellunopress.it\\\/2023\\\/09\\\/04\\\/poteri-del-premier-secondo-il-disegno-di-legge-meloni-note-critiche-del-professor-trabucco\\\/#article\",\"isPartOf\":{\"@id\":\"https:\\\/\\\/www.bellunopress.it\\\/2023\\\/09\\\/04\\\/poteri-del-premier-secondo-il-disegno-di-legge-meloni-note-critiche-del-professor-trabucco\\\/\"},\"author\":{\"name\":\"redazione\",\"@id\":\"https:\\\/\\\/www.bellunopress.it\\\/#\\\/schema\\\/person\\\/79bb06722b37ece1c03d3e94beb30d73\"},\"headline\":\"Poteri del premier, secondo il disegno di legge Meloni. Note critiche del professor Trabucco\",\"datePublished\":\"2023-09-04T06:12:42+00:00\",\"mainEntityOfPage\":{\"@id\":\"https:\\\/\\\/www.bellunopress.it\\\/2023\\\/09\\\/04\\\/poteri-del-premier-secondo-il-disegno-di-legge-meloni-note-critiche-del-professor-trabucco\\\/\"},\"wordCount\":597,\"publisher\":{\"@id\":\"https:\\\/\\\/www.bellunopress.it\\\/#organization\"},\"image\":{\"@id\":\"https:\\\/\\\/www.bellunopress.it\\\/2023\\\/09\\\/04\\\/poteri-del-premier-secondo-il-disegno-di-legge-meloni-note-critiche-del-professor-trabucco\\\/#primaryimage\"},\"thumbnailUrl\":\"https:\\\/\\\/www.bellunopress.it\\\/wp-content\\\/uploads\\\/2021\\\/03\\\/Daniele-Trabucco_edited.jpg\",\"articleSection\":[\"Cronaca\\\/Politica\",\"Prima Pagina\"],\"inLanguage\":\"fr-FR\"},{\"@type\":\"WebPage\",\"@id\":\"https:\\\/\\\/www.bellunopress.it\\\/2023\\\/09\\\/04\\\/poteri-del-premier-secondo-il-disegno-di-legge-meloni-note-critiche-del-professor-trabucco\\\/\",\"url\":\"https:\\\/\\\/www.bellunopress.it\\\/2023\\\/09\\\/04\\\/poteri-del-premier-secondo-il-disegno-di-legge-meloni-note-critiche-del-professor-trabucco\\\/\",\"name\":\"Poteri del premier, secondo il disegno di legge Meloni. Note critiche del professor Trabucco - Bellunopress - Dolomiti\",\"isPartOf\":{\"@id\":\"https:\\\/\\\/www.bellunopress.it\\\/#website\"},\"primaryImageOfPage\":{\"@id\":\"https:\\\/\\\/www.bellunopress.it\\\/2023\\\/09\\\/04\\\/poteri-del-premier-secondo-il-disegno-di-legge-meloni-note-critiche-del-professor-trabucco\\\/#primaryimage\"},\"image\":{\"@id\":\"https:\\\/\\\/www.bellunopress.it\\\/2023\\\/09\\\/04\\\/poteri-del-premier-secondo-il-disegno-di-legge-meloni-note-critiche-del-professor-trabucco\\\/#primaryimage\"},\"thumbnailUrl\":\"https:\\\/\\\/www.bellunopress.it\\\/wp-content\\\/uploads\\\/2021\\\/03\\\/Daniele-Trabucco_edited.jpg\",\"datePublished\":\"2023-09-04T06:12:42+00:00\",\"breadcrumb\":{\"@id\":\"https:\\\/\\\/www.bellunopress.it\\\/2023\\\/09\\\/04\\\/poteri-del-premier-secondo-il-disegno-di-legge-meloni-note-critiche-del-professor-trabucco\\\/#breadcrumb\"},\"inLanguage\":\"fr-FR\",\"potentialAction\":[{\"@type\":\"ReadAction\",\"target\":[\"https:\\\/\\\/www.bellunopress.it\\\/2023\\\/09\\\/04\\\/poteri-del-premier-secondo-il-disegno-di-legge-meloni-note-critiche-del-professor-trabucco\\\/\"]}]},{\"@type\":\"ImageObject\",\"inLanguage\":\"fr-FR\",\"@id\":\"https:\\\/\\\/www.bellunopress.it\\\/2023\\\/09\\\/04\\\/poteri-del-premier-secondo-il-disegno-di-legge-meloni-note-critiche-del-professor-trabucco\\\/#primaryimage\",\"url\":\"https:\\\/\\\/www.bellunopress.it\\\/wp-content\\\/uploads\\\/2021\\\/03\\\/Daniele-Trabucco_edited.jpg\",\"contentUrl\":\"https:\\\/\\\/www.bellunopress.it\\\/wp-content\\\/uploads\\\/2021\\\/03\\\/Daniele-Trabucco_edited.jpg\",\"width\":960,\"height\":960,\"caption\":\"Professor Daniele Trabucco, costituzionalista\"},{\"@type\":\"BreadcrumbList\",\"@id\":\"https:\\\/\\\/www.bellunopress.it\\\/2023\\\/09\\\/04\\\/poteri-del-premier-secondo-il-disegno-di-legge-meloni-note-critiche-del-professor-trabucco\\\/#breadcrumb\",\"itemListElement\":[{\"@type\":\"ListItem\",\"position\":1,\"name\":\"Home\",\"item\":\"https:\\\/\\\/www.bellunopress.it\\\/\"},{\"@type\":\"ListItem\",\"position\":2,\"name\":\"Poteri del premier, secondo il disegno di legge Meloni. Note critiche del professor Trabucco\"}]},{\"@type\":\"WebSite\",\"@id\":\"https:\\\/\\\/www.bellunopress.it\\\/#website\",\"url\":\"https:\\\/\\\/www.bellunopress.it\\\/\",\"name\":\"Bellunopress - Dolomiti\",\"description\":\"e-mail: redazione@bellunopress.it\",\"publisher\":{\"@id\":\"https:\\\/\\\/www.bellunopress.it\\\/#organization\"},\"potentialAction\":[{\"@type\":\"SearchAction\",\"target\":{\"@type\":\"EntryPoint\",\"urlTemplate\":\"https:\\\/\\\/www.bellunopress.it\\\/?s={search_term_string}\"},\"query-input\":{\"@type\":\"PropertyValueSpecification\",\"valueRequired\":true,\"valueName\":\"search_term_string\"}}],\"inLanguage\":\"fr-FR\"},{\"@type\":\"Organization\",\"@id\":\"https:\\\/\\\/www.bellunopress.it\\\/#organization\",\"name\":\"Bellunopress\",\"url\":\"https:\\\/\\\/www.bellunopress.it\\\/\",\"logo\":{\"@type\":\"ImageObject\",\"inLanguage\":\"fr-FR\",\"@id\":\"https:\\\/\\\/www.bellunopress.it\\\/#\\\/schema\\\/logo\\\/image\\\/\",\"url\":\"https:\\\/\\\/www.bellunopress.it\\\/wp-content\\\/uploads\\\/2011\\\/05\\\/cropped-logo-bellunopress-.jpg\",\"contentUrl\":\"https:\\\/\\\/www.bellunopress.it\\\/wp-content\\\/uploads\\\/2011\\\/05\\\/cropped-logo-bellunopress-.jpg\",\"width\":512,\"height\":512,\"caption\":\"Bellunopress\"},\"image\":{\"@id\":\"https:\\\/\\\/www.bellunopress.it\\\/#\\\/schema\\\/logo\\\/image\\\/\"},\"sameAs\":[\"https:\\\/\\\/www.facebook.com\\\/profile.php?id=100008943462799\",\"https:\\\/\\\/x.com\\\/bellunopress\",\"https:\\\/\\\/www.linkedin.com\\\/hp\\\/?dnr=JBzUWaJfMUw8vbXJJ2tVW5-I3jZKvC4wsoxE&amp;amp;amp;amp;amp;amp;trk=nav_responsive_tab_home\",\"https:\\\/\\\/www.youtube.com\\\/channel\\\/UCxL0wu1uN0_3_7hGG0306cw\"]},{\"@type\":\"Person\",\"@id\":\"https:\\\/\\\/www.bellunopress.it\\\/#\\\/schema\\\/person\\\/79bb06722b37ece1c03d3e94beb30d73\",\"name\":\"redazione\",\"image\":{\"@type\":\"ImageObject\",\"inLanguage\":\"fr-FR\",\"@id\":\"https:\\\/\\\/secure.gravatar.com\\\/avatar\\\/37d968a2e67a6fd04c169c4bdef102d0bc5d31b2546345219e348575eb80e9a0?s=96&d=mm&r=g\",\"url\":\"https:\\\/\\\/secure.gravatar.com\\\/avatar\\\/37d968a2e67a6fd04c169c4bdef102d0bc5d31b2546345219e348575eb80e9a0?s=96&d=mm&r=g\",\"contentUrl\":\"https:\\\/\\\/secure.gravatar.com\\\/avatar\\\/37d968a2e67a6fd04c169c4bdef102d0bc5d31b2546345219e348575eb80e9a0?s=96&d=mm&r=g\",\"caption\":\"redazione\"},\"sameAs\":[\"http:\\\/\\\/www.bellunopress.it\",\"https:\\\/\\\/x.com\\\/bellunopress\"],\"url\":\"https:\\\/\\\/www.bellunopress.it\\\/fr\\\/author\\\/redazione\\\/\"}]}<\/script>\n<!-- \/ Yoast SEO plugin. -->","yoast_head_json":{"title":"Poteri del premier, secondo il disegno di legge Meloni. Note critiche del professor Trabucco - Bellunopress - Dolomiti","robots":{"index":"index","follow":"follow","max-snippet":"max-snippet:-1","max-image-preview":"max-image-preview:large","max-video-preview":"max-video-preview:-1"},"canonical":"https:\/\/www.bellunopress.it\/fr\/2023\/09\/04\/poteri-del-premier-secondo-il-disegno-di-legge-meloni-note-critiche-del-professor-trabucco\/","og_locale":"fr_FR","og_type":"article","og_title":"Poteri del premier, secondo il disegno di legge Meloni. Note critiche del professor Trabucco - Bellunopress - Dolomiti","og_description":"In attesa di svolgere delle riflessioni pi\u00f9 puntuali e precise, analizzando il disegno di legge costituzionale che sar\u00e0 approvato dal Consiglio dei Ministri (in caso di riforme della Costituzione, come insegnava Piero Calamandrei 1889\/1956), i banchi dell&#8217;Esecutivo non dovrebbero essere vuoti?) inerente alla forma di Governo, tre brevi annotazioni sulla bozza visionata dal quotidiano Il [&hellip;]","og_url":"https:\/\/www.bellunopress.it\/fr\/2023\/09\/04\/poteri-del-premier-secondo-il-disegno-di-legge-meloni-note-critiche-del-professor-trabucco\/","og_site_name":"Bellunopress - Dolomiti","article_publisher":"https:\/\/www.facebook.com\/profile.php?id=100008943462799","article_published_time":"2023-09-04T06:12:42+00:00","og_image":[{"width":960,"height":960,"url":"https:\/\/www.bellunopress.it\/wp-content\/uploads\/2021\/03\/Daniele-Trabucco_edited.jpg","type":"image\/jpeg"}],"author":"redazione","twitter_card":"summary_large_image","twitter_creator":"@bellunopress","twitter_site":"@bellunopress","twitter_misc":{"\u00c9crit par":"redazione","Dur\u00e9e de lecture estim\u00e9e":"3 minutes"},"schema":{"@context":"https:\/\/schema.org","@graph":[{"@type":"Article","@id":"https:\/\/www.bellunopress.it\/2023\/09\/04\/poteri-del-premier-secondo-il-disegno-di-legge-meloni-note-critiche-del-professor-trabucco\/#article","isPartOf":{"@id":"https:\/\/www.bellunopress.it\/2023\/09\/04\/poteri-del-premier-secondo-il-disegno-di-legge-meloni-note-critiche-del-professor-trabucco\/"},"author":{"name":"redazione","@id":"https:\/\/www.bellunopress.it\/#\/schema\/person\/79bb06722b37ece1c03d3e94beb30d73"},"headline":"Poteri del premier, secondo il disegno di legge Meloni. Note critiche del professor Trabucco","datePublished":"2023-09-04T06:12:42+00:00","mainEntityOfPage":{"@id":"https:\/\/www.bellunopress.it\/2023\/09\/04\/poteri-del-premier-secondo-il-disegno-di-legge-meloni-note-critiche-del-professor-trabucco\/"},"wordCount":597,"publisher":{"@id":"https:\/\/www.bellunopress.it\/#organization"},"image":{"@id":"https:\/\/www.bellunopress.it\/2023\/09\/04\/poteri-del-premier-secondo-il-disegno-di-legge-meloni-note-critiche-del-professor-trabucco\/#primaryimage"},"thumbnailUrl":"https:\/\/www.bellunopress.it\/wp-content\/uploads\/2021\/03\/Daniele-Trabucco_edited.jpg","articleSection":["Cronaca\/Politica","Prima Pagina"],"inLanguage":"fr-FR"},{"@type":"WebPage","@id":"https:\/\/www.bellunopress.it\/2023\/09\/04\/poteri-del-premier-secondo-il-disegno-di-legge-meloni-note-critiche-del-professor-trabucco\/","url":"https:\/\/www.bellunopress.it\/2023\/09\/04\/poteri-del-premier-secondo-il-disegno-di-legge-meloni-note-critiche-del-professor-trabucco\/","name":"Poteri del premier, secondo il disegno di legge Meloni. Note critiche del professor Trabucco - Bellunopress - Dolomiti","isPartOf":{"@id":"https:\/\/www.bellunopress.it\/#website"},"primaryImageOfPage":{"@id":"https:\/\/www.bellunopress.it\/2023\/09\/04\/poteri-del-premier-secondo-il-disegno-di-legge-meloni-note-critiche-del-professor-trabucco\/#primaryimage"},"image":{"@id":"https:\/\/www.bellunopress.it\/2023\/09\/04\/poteri-del-premier-secondo-il-disegno-di-legge-meloni-note-critiche-del-professor-trabucco\/#primaryimage"},"thumbnailUrl":"https:\/\/www.bellunopress.it\/wp-content\/uploads\/2021\/03\/Daniele-Trabucco_edited.jpg","datePublished":"2023-09-04T06:12:42+00:00","breadcrumb":{"@id":"https:\/\/www.bellunopress.it\/2023\/09\/04\/poteri-del-premier-secondo-il-disegno-di-legge-meloni-note-critiche-del-professor-trabucco\/#breadcrumb"},"inLanguage":"fr-FR","potentialAction":[{"@type":"ReadAction","target":["https:\/\/www.bellunopress.it\/2023\/09\/04\/poteri-del-premier-secondo-il-disegno-di-legge-meloni-note-critiche-del-professor-trabucco\/"]}]},{"@type":"ImageObject","inLanguage":"fr-FR","@id":"https:\/\/www.bellunopress.it\/2023\/09\/04\/poteri-del-premier-secondo-il-disegno-di-legge-meloni-note-critiche-del-professor-trabucco\/#primaryimage","url":"https:\/\/www.bellunopress.it\/wp-content\/uploads\/2021\/03\/Daniele-Trabucco_edited.jpg","contentUrl":"https:\/\/www.bellunopress.it\/wp-content\/uploads\/2021\/03\/Daniele-Trabucco_edited.jpg","width":960,"height":960,"caption":"Professor Daniele Trabucco, costituzionalista"},{"@type":"BreadcrumbList","@id":"https:\/\/www.bellunopress.it\/2023\/09\/04\/poteri-del-premier-secondo-il-disegno-di-legge-meloni-note-critiche-del-professor-trabucco\/#breadcrumb","itemListElement":[{"@type":"ListItem","position":1,"name":"Home","item":"https:\/\/www.bellunopress.it\/"},{"@type":"ListItem","position":2,"name":"Poteri del premier, secondo il disegno di legge Meloni. Note critiche del professor Trabucco"}]},{"@type":"WebSite","@id":"https:\/\/www.bellunopress.it\/#website","url":"https:\/\/www.bellunopress.it\/","name":"Bellunopress - Dolomiti","description":"e-mail: redazione@bellunopress.it","publisher":{"@id":"https:\/\/www.bellunopress.it\/#organization"},"potentialAction":[{"@type":"SearchAction","target":{"@type":"EntryPoint","urlTemplate":"https:\/\/www.bellunopress.it\/?s={search_term_string}"},"query-input":{"@type":"PropertyValueSpecification","valueRequired":true,"valueName":"search_term_string"}}],"inLanguage":"fr-FR"},{"@type":"Organization","@id":"https:\/\/www.bellunopress.it\/#organization","name":"Bellunopress","url":"https:\/\/www.bellunopress.it\/","logo":{"@type":"ImageObject","inLanguage":"fr-FR","@id":"https:\/\/www.bellunopress.it\/#\/schema\/logo\/image\/","url":"https:\/\/www.bellunopress.it\/wp-content\/uploads\/2011\/05\/cropped-logo-bellunopress-.jpg","contentUrl":"https:\/\/www.bellunopress.it\/wp-content\/uploads\/2011\/05\/cropped-logo-bellunopress-.jpg","width":512,"height":512,"caption":"Bellunopress"},"image":{"@id":"https:\/\/www.bellunopress.it\/#\/schema\/logo\/image\/"},"sameAs":["https:\/\/www.facebook.com\/profile.php?id=100008943462799","https:\/\/x.com\/bellunopress","https:\/\/www.linkedin.com\/hp\/?dnr=JBzUWaJfMUw8vbXJJ2tVW5-I3jZKvC4wsoxE&amp;amp;amp;amp;amp;amp;trk=nav_responsive_tab_home","https:\/\/www.youtube.com\/channel\/UCxL0wu1uN0_3_7hGG0306cw"]},{"@type":"Person","@id":"https:\/\/www.bellunopress.it\/#\/schema\/person\/79bb06722b37ece1c03d3e94beb30d73","name":"r\u00e9daction","image":{"@type":"ImageObject","inLanguage":"fr-FR","@id":"https:\/\/secure.gravatar.com\/avatar\/37d968a2e67a6fd04c169c4bdef102d0bc5d31b2546345219e348575eb80e9a0?s=96&d=mm&r=g","url":"https:\/\/secure.gravatar.com\/avatar\/37d968a2e67a6fd04c169c4bdef102d0bc5d31b2546345219e348575eb80e9a0?s=96&d=mm&r=g","contentUrl":"https:\/\/secure.gravatar.com\/avatar\/37d968a2e67a6fd04c169c4bdef102d0bc5d31b2546345219e348575eb80e9a0?s=96&d=mm&r=g","caption":"redazione"},"sameAs":["http:\/\/www.bellunopress.it","https:\/\/x.com\/bellunopress"],"url":"https:\/\/www.bellunopress.it\/fr\/author\/redazione\/"}]}},"_links":{"self":[{"href":"https:\/\/www.bellunopress.it\/fr\/wp-json\/wp\/v2\/posts\/143896","targetHints":{"allow":["GET"]}}],"collection":[{"href":"https:\/\/www.bellunopress.it\/fr\/wp-json\/wp\/v2\/posts"}],"about":[{"href":"https:\/\/www.bellunopress.it\/fr\/wp-json\/wp\/v2\/types\/post"}],"author":[{"embeddable":true,"href":"https:\/\/www.bellunopress.it\/fr\/wp-json\/wp\/v2\/users\/2"}],"replies":[{"embeddable":true,"href":"https:\/\/www.bellunopress.it\/fr\/wp-json\/wp\/v2\/comments?post=143896"}],"version-history":[{"count":1,"href":"https:\/\/www.bellunopress.it\/fr\/wp-json\/wp\/v2\/posts\/143896\/revisions"}],"predecessor-version":[{"id":143897,"href":"https:\/\/www.bellunopress.it\/fr\/wp-json\/wp\/v2\/posts\/143896\/revisions\/143897"}],"wp:featuredmedia":[{"embeddable":true,"href":"https:\/\/www.bellunopress.it\/fr\/wp-json\/wp\/v2\/media\/122639"}],"wp:attachment":[{"href":"https:\/\/www.bellunopress.it\/fr\/wp-json\/wp\/v2\/media?parent=143896"}],"wp:term":[{"taxonomy":"category","embeddable":true,"href":"https:\/\/www.bellunopress.it\/fr\/wp-json\/wp\/v2\/categories?post=143896"},{"taxonomy":"post_tag","embeddable":true,"href":"https:\/\/www.bellunopress.it\/fr\/wp-json\/wp\/v2\/tags?post=143896"}],"curies":[{"name":"wp","href":"https:\/\/api.w.org\/{rel}","templated":true}]}}