{"id":143893,"date":"2023-09-03T20:13:03","date_gmt":"2023-09-03T18:13:03","guid":{"rendered":"https:\/\/www.bellunopress.it\/?p=143893"},"modified":"2023-09-03T20:13:03","modified_gmt":"2023-09-03T18:13:03","slug":"manuel-senni-fa-il-bis-e-vince-di-nuovo-la-granfondo-di-belluno","status":"publish","type":"post","link":"https:\/\/www.bellunopress.it\/fr\/2023\/09\/03\/manuel-senni-fa-il-bis-e-vince-di-nuovo-la-granfondo-di-belluno\/","title":{"rendered":"Manuel Senni fa il bis e vince di nuovo la Granfondo di Belluno"},"content":{"rendered":"<p><strong><em><img loading=\"lazy\" decoding=\"async\" class=\"alignleft  wp-image-143894\" src=\"https:\/\/www.bellunopress.it\/wp-content\/uploads\/2023\/09\/Gran-Fondo-del-Dragone-2023-PIetrobon-e-vincitori-di-categoria_edited.jpg\" alt=\"\" width=\"512\" height=\"367\" srcset=\"https:\/\/www.bellunopress.it\/wp-content\/uploads\/2023\/09\/Gran-Fondo-del-Dragone-2023-PIetrobon-e-vincitori-di-categoria_edited.jpg 640w, https:\/\/www.bellunopress.it\/wp-content\/uploads\/2023\/09\/Gran-Fondo-del-Dragone-2023-PIetrobon-e-vincitori-di-categoria_edited-500x359.jpg 500w, https:\/\/www.bellunopress.it\/wp-content\/uploads\/2023\/09\/Gran-Fondo-del-Dragone-2023-PIetrobon-e-vincitori-di-categoria_edited-586x420.jpg 586w\" sizes=\"auto, (max-width: 512px) 100vw, 512px\" \/>Ma con le donne il Dragone vola in Slovenia grazie ad Erika Jesenjo<\/em><\/strong><\/p>\n<p><strong><em>Sui pedali anche il pro&#8217; Andrea Pietrobon (Eolo Kometa) in allenamento per la Slovacchia<\/em><\/strong><\/p>\n<p>&nbsp;<\/p>\n<p>&nbsp;<\/p>\n<p>Dopo aver vinto la Sportful Dolomiti Race a giugno a Feltre, il romagnolo Manuel Senni (team Crainox) torna nel bellunese e fa sua per la seconda volta la Granfondo del Dragone che si \u00e8 corsa oggi con partenza dalla centralissima Piazza Martiri a Belluno e arrivo sul Neveg\u00e0l davanti all&#8217;Hotel Olivier. Una vittoria netta per una corsa implacabile in cui la battaglia \u00e8 stata per il secondo e terzo posto andato rispettivamente al trentino Patrik Facchini (Team Seldom Garda) giunto 45&#8243; dopo il vincitore e al milanese Paolo Castelnovo (Team Filtri) giunto dopo 1&#8217;45&#8221;.<\/p>\n<p>Senni, non solo ha vinto alla media dei 34km\/h ma anche migliorato di quasi 10&#8242; il tempo fatto nell&#8217;edizione dell&#8217;anno scorso chiudendo in 3h25&#8217;12&#8221;.<\/p>\n<p>&#8220;\u00c8 una granfondo molto bella \u2013 ha commentato al traguardo \u2013 mi diverto sempre molto a pedalare in questi bellissimi posti, il percorso \u00e8 suggestivo e il contorno con il pasta party quass\u00f9 sul Neveg\u00e0l mi piace molto. Poi per tradizione aperitivo in piazza a Belluno per\u00f2. Con 5 gran premi della montagna c&#8217;\u00e8 di che fare fatica, c&#8217;\u00e8 tanto dislivello che la rende perfetta per gli scalatori&#8221;.<\/p>\n<p>Tra le donne gara in solitaria per la giovanissima slovena Erika Jesenjo (New Molini Dolo) che chiude la granfondo in 3h50&#8242; alla media dei 30km\/h davanti a due veterane delle granfondo: la bresciana Maria Elena Palmisano (Garda Scott) +8&#8217;06&#8221; e alla modenese Sonia Passutti (Team Staweld) +11&#8242;. &#8220;Non \u00e8 la mia prima granfondo ma \u00e8 la prima volta che pedalo a Belluno \u2013 ha raccontato Erika &#8211; mi \u00e8 piaciuta moltissimo perch\u00e9 era impegnativa e le salite erano molto belle&#8221;. Il 70% dei partecipanti proveniva da fuori provincia e regione, tra loro lo stesso entusiasmo per l&#8217;Alpago con la sua vista sul lago di Santa Croce e la zona di Tassei e lo sterrato delle Ronce, prima di arrivare sul Neveg\u00e0l.<\/p>\n<p>Al via anche il professionista Andrea Pietrobon del Team Eolo Kometa che ha approfittato per pedalare con pap\u00e0 Renato e dopo l&#8217;arrivo ha allungato di una 40ina di km per concludere il suo programma di allenamento in vista dei prossimi impegni in Slovacchia. &#8220;Il pap\u00e0 non era molto allenato \u00e8 ha fatto molta fatica \u2013 ha raccontato all&#8217;arrivo &#8211; questa granfondo \u00e8 molto bella e panoramica, per\u00f2 \u00e8 anche molto impegnativa. Qui bisogna arrivare allenati. Adesso parto per il Giro di Slovacchia, la mia stagione \u00e8 partita in ritardo ma la squadra ha avuto fiducia in me e mi ha fatto correre molto e cos\u00ec si \u00e8 rivelato un buon anno. Ora mi sento in forma e voglio portare a casa qualche risultato bello&#8221;.<\/p>\n<p>Entusiasti della loro prima volta sei ragazzi di Rijkevorsel in Belgio che hanno letto sul giornale che c&#8217;era la Granfondo del Dragone. Si sono iscritti e hanno cosi pedalato la loro prima granfondo entusiasti per i bei posti in cui hanno pedalato e del food truck Fikus Gourmet all&#8217;arrivo, alternativa apprezzata ai soliti pasta party. In gara anche austriaci, un americano e rumeni.<\/p>\n<p>A premiare c&#8217;era l&#8217;assessore ai Lavori Pubblici di Belluno Franco Roccon: &#8220;Grazie di cuore gli organizzatori, mettere in piedi un evento del genere non \u00e8 semplice, il percorso \u00e8 bellissimo, magari per\u00f2 la mattina faremo aprire qualche bar in pi\u00f9 in centro citt\u00e0 cos\u00ec da dare un servizio ai ciclisti che arriveranno a Belluno per correre. Il prossimo anno non so se si potr\u00e0 fare l&#8217;arrivo ancora in questo punto, di sicuro si potr\u00e0 fare in cima al Nevegal che sar\u00e0 sistemato. Ringrazio tutti per aver scelto Belluno in questi tre anni per questa gara, \u00e8 importante che questa manifestazione non muoia e anche gli sponsor speriamo lo capiscano&#8221;.<\/p>\n<p>&nbsp;<\/p>","protected":false},"excerpt":{"rendered":"<p>Ma con le donne il Dragone vola in Slovenia grazie ad Erika Jesenjo Sui pedali anche il pro&#8217; Andrea Pietrobon (Eolo Kometa) in allenamento per la Slovacchia &nbsp; &nbsp; Dopo aver vinto la Sportful Dolomiti Race a giugno a Feltre, il romagnolo Manuel Senni (team Crainox) torna nel bellunese e fa sua per la seconda [&hellip;]<\/p>\n","protected":false},"author":2,"featured_media":143894,"comment_status":"closed","ping_status":"open","sticky":false,"template":"","format":"standard","meta":{"footnotes":""},"categories":[4],"tags":[],"class_list":["post-143893","post","type-post","status-publish","format-standard","has-post-thumbnail","category-sport"],"yoast_head":"<!-- This site is optimized with the Yoast SEO plugin v28.4 - https:\/\/yoast.com\/product\/yoast-seo-wordpress\/ -->\n<title>Manuel Senni fa il bis e vince di nuovo la Granfondo di Belluno - Bellunopress - Dolomiti<\/title>\n<meta name=\"robots\" content=\"index, follow, max-snippet:-1, max-image-preview:large, max-video-preview:-1\" \/>\n<link rel=\"canonical\" href=\"https:\/\/www.bellunopress.it\/fr\/2023\/09\/03\/manuel-senni-fa-il-bis-e-vince-di-nuovo-la-granfondo-di-belluno\/\" \/>\n<meta property=\"og:locale\" content=\"fr_FR\" \/>\n<meta property=\"og:type\" content=\"article\" \/>\n<meta property=\"og:title\" content=\"Manuel Senni fa il bis e vince di nuovo la Granfondo di Belluno - Bellunopress - Dolomiti\" \/>\n<meta property=\"og:description\" content=\"Ma con le donne il Dragone vola in Slovenia grazie ad Erika Jesenjo Sui pedali anche il pro&#8217; Andrea Pietrobon (Eolo Kometa) in allenamento per la Slovacchia &nbsp; &nbsp; Dopo aver vinto la Sportful Dolomiti Race a giugno a Feltre, il romagnolo Manuel Senni (team Crainox) torna nel bellunese e fa sua per la seconda [&hellip;]\" \/>\n<meta property=\"og:url\" content=\"https:\/\/www.bellunopress.it\/fr\/2023\/09\/03\/manuel-senni-fa-il-bis-e-vince-di-nuovo-la-granfondo-di-belluno\/\" \/>\n<meta property=\"og:site_name\" content=\"Bellunopress - Dolomiti\" \/>\n<meta property=\"article:publisher\" content=\"https:\/\/www.facebook.com\/profile.php?id=100008943462799\" \/>\n<meta property=\"article:published_time\" content=\"2023-09-03T18:13:03+00:00\" \/>\n<meta property=\"og:image\" content=\"https:\/\/www.bellunopress.it\/wp-content\/uploads\/2023\/09\/Gran-Fondo-del-Dragone-2023-PIetrobon-e-vincitori-di-categoria_edited.jpg\" \/>\n\t<meta property=\"og:image:width\" content=\"640\" \/>\n\t<meta property=\"og:image:height\" content=\"459\" \/>\n\t<meta property=\"og:image:type\" content=\"image\/jpeg\" \/>\n<meta name=\"author\" content=\"redazione\" \/>\n<meta name=\"twitter:card\" content=\"summary_large_image\" \/>\n<meta name=\"twitter:creator\" content=\"@bellunopress\" \/>\n<meta name=\"twitter:site\" content=\"@bellunopress\" \/>\n<meta name=\"twitter:label1\" content=\"Written by\" \/>\n\t<meta name=\"twitter:data1\" content=\"redazione\" \/>\n\t<meta name=\"twitter:label2\" content=\"Est. reading time\" \/>\n\t<meta name=\"twitter:data2\" content=\"3 minutes\" \/>\n<script type=\"application\/ld+json\" class=\"yoast-schema-graph\">{\"@context\":\"https:\\\/\\\/schema.org\",\"@graph\":[{\"@type\":\"Article\",\"@id\":\"https:\\\/\\\/www.bellunopress.it\\\/2023\\\/09\\\/03\\\/manuel-senni-fa-il-bis-e-vince-di-nuovo-la-granfondo-di-belluno\\\/#article\",\"isPartOf\":{\"@id\":\"https:\\\/\\\/www.bellunopress.it\\\/2023\\\/09\\\/03\\\/manuel-senni-fa-il-bis-e-vince-di-nuovo-la-granfondo-di-belluno\\\/\"},\"author\":{\"name\":\"redazione\",\"@id\":\"https:\\\/\\\/www.bellunopress.it\\\/#\\\/schema\\\/person\\\/79bb06722b37ece1c03d3e94beb30d73\"},\"headline\":\"Manuel Senni fa il bis e vince di nuovo la Granfondo di Belluno\",\"datePublished\":\"2023-09-03T18:13:03+00:00\",\"mainEntityOfPage\":{\"@id\":\"https:\\\/\\\/www.bellunopress.it\\\/2023\\\/09\\\/03\\\/manuel-senni-fa-il-bis-e-vince-di-nuovo-la-granfondo-di-belluno\\\/\"},\"wordCount\":636,\"publisher\":{\"@id\":\"https:\\\/\\\/www.bellunopress.it\\\/#organization\"},\"image\":{\"@id\":\"https:\\\/\\\/www.bellunopress.it\\\/2023\\\/09\\\/03\\\/manuel-senni-fa-il-bis-e-vince-di-nuovo-la-granfondo-di-belluno\\\/#primaryimage\"},\"thumbnailUrl\":\"https:\\\/\\\/www.bellunopress.it\\\/wp-content\\\/uploads\\\/2023\\\/09\\\/Gran-Fondo-del-Dragone-2023-PIetrobon-e-vincitori-di-categoria_edited.jpg\",\"articleSection\":[\"Sport, tempo libero\"],\"inLanguage\":\"fr-FR\"},{\"@type\":\"WebPage\",\"@id\":\"https:\\\/\\\/www.bellunopress.it\\\/2023\\\/09\\\/03\\\/manuel-senni-fa-il-bis-e-vince-di-nuovo-la-granfondo-di-belluno\\\/\",\"url\":\"https:\\\/\\\/www.bellunopress.it\\\/2023\\\/09\\\/03\\\/manuel-senni-fa-il-bis-e-vince-di-nuovo-la-granfondo-di-belluno\\\/\",\"name\":\"Manuel Senni fa il bis e vince di nuovo la Granfondo di Belluno - Bellunopress - Dolomiti\",\"isPartOf\":{\"@id\":\"https:\\\/\\\/www.bellunopress.it\\\/#website\"},\"primaryImageOfPage\":{\"@id\":\"https:\\\/\\\/www.bellunopress.it\\\/2023\\\/09\\\/03\\\/manuel-senni-fa-il-bis-e-vince-di-nuovo-la-granfondo-di-belluno\\\/#primaryimage\"},\"image\":{\"@id\":\"https:\\\/\\\/www.bellunopress.it\\\/2023\\\/09\\\/03\\\/manuel-senni-fa-il-bis-e-vince-di-nuovo-la-granfondo-di-belluno\\\/#primaryimage\"},\"thumbnailUrl\":\"https:\\\/\\\/www.bellunopress.it\\\/wp-content\\\/uploads\\\/2023\\\/09\\\/Gran-Fondo-del-Dragone-2023-PIetrobon-e-vincitori-di-categoria_edited.jpg\",\"datePublished\":\"2023-09-03T18:13:03+00:00\",\"breadcrumb\":{\"@id\":\"https:\\\/\\\/www.bellunopress.it\\\/2023\\\/09\\\/03\\\/manuel-senni-fa-il-bis-e-vince-di-nuovo-la-granfondo-di-belluno\\\/#breadcrumb\"},\"inLanguage\":\"fr-FR\",\"potentialAction\":[{\"@type\":\"ReadAction\",\"target\":[\"https:\\\/\\\/www.bellunopress.it\\\/2023\\\/09\\\/03\\\/manuel-senni-fa-il-bis-e-vince-di-nuovo-la-granfondo-di-belluno\\\/\"]}]},{\"@type\":\"ImageObject\",\"inLanguage\":\"fr-FR\",\"@id\":\"https:\\\/\\\/www.bellunopress.it\\\/2023\\\/09\\\/03\\\/manuel-senni-fa-il-bis-e-vince-di-nuovo-la-granfondo-di-belluno\\\/#primaryimage\",\"url\":\"https:\\\/\\\/www.bellunopress.it\\\/wp-content\\\/uploads\\\/2023\\\/09\\\/Gran-Fondo-del-Dragone-2023-PIetrobon-e-vincitori-di-categoria_edited.jpg\",\"contentUrl\":\"https:\\\/\\\/www.bellunopress.it\\\/wp-content\\\/uploads\\\/2023\\\/09\\\/Gran-Fondo-del-Dragone-2023-PIetrobon-e-vincitori-di-categoria_edited.jpg\",\"width\":640,\"height\":459},{\"@type\":\"BreadcrumbList\",\"@id\":\"https:\\\/\\\/www.bellunopress.it\\\/2023\\\/09\\\/03\\\/manuel-senni-fa-il-bis-e-vince-di-nuovo-la-granfondo-di-belluno\\\/#breadcrumb\",\"itemListElement\":[{\"@type\":\"ListItem\",\"position\":1,\"name\":\"Home\",\"item\":\"https:\\\/\\\/www.bellunopress.it\\\/\"},{\"@type\":\"ListItem\",\"position\":2,\"name\":\"Manuel Senni fa il bis e vince di nuovo la Granfondo di Belluno\"}]},{\"@type\":\"WebSite\",\"@id\":\"https:\\\/\\\/www.bellunopress.it\\\/#website\",\"url\":\"https:\\\/\\\/www.bellunopress.it\\\/\",\"name\":\"Bellunopress - Dolomiti\",\"description\":\"e-mail: redazione@bellunopress.it\",\"publisher\":{\"@id\":\"https:\\\/\\\/www.bellunopress.it\\\/#organization\"},\"potentialAction\":[{\"@type\":\"SearchAction\",\"target\":{\"@type\":\"EntryPoint\",\"urlTemplate\":\"https:\\\/\\\/www.bellunopress.it\\\/?s={search_term_string}\"},\"query-input\":{\"@type\":\"PropertyValueSpecification\",\"valueRequired\":true,\"valueName\":\"search_term_string\"}}],\"inLanguage\":\"fr-FR\"},{\"@type\":\"Organization\",\"@id\":\"https:\\\/\\\/www.bellunopress.it\\\/#organization\",\"name\":\"Bellunopress\",\"url\":\"https:\\\/\\\/www.bellunopress.it\\\/\",\"logo\":{\"@type\":\"ImageObject\",\"inLanguage\":\"fr-FR\",\"@id\":\"https:\\\/\\\/www.bellunopress.it\\\/#\\\/schema\\\/logo\\\/image\\\/\",\"url\":\"https:\\\/\\\/www.bellunopress.it\\\/wp-content\\\/uploads\\\/2011\\\/05\\\/cropped-logo-bellunopress-.jpg\",\"contentUrl\":\"https:\\\/\\\/www.bellunopress.it\\\/wp-content\\\/uploads\\\/2011\\\/05\\\/cropped-logo-bellunopress-.jpg\",\"width\":512,\"height\":512,\"caption\":\"Bellunopress\"},\"image\":{\"@id\":\"https:\\\/\\\/www.bellunopress.it\\\/#\\\/schema\\\/logo\\\/image\\\/\"},\"sameAs\":[\"https:\\\/\\\/www.facebook.com\\\/profile.php?id=100008943462799\",\"https:\\\/\\\/x.com\\\/bellunopress\",\"https:\\\/\\\/www.linkedin.com\\\/hp\\\/?dnr=JBzUWaJfMUw8vbXJJ2tVW5-I3jZKvC4wsoxE&amp;amp;amp;amp;amp;amp;trk=nav_responsive_tab_home\",\"https:\\\/\\\/www.youtube.com\\\/channel\\\/UCxL0wu1uN0_3_7hGG0306cw\"]},{\"@type\":\"Person\",\"@id\":\"https:\\\/\\\/www.bellunopress.it\\\/#\\\/schema\\\/person\\\/79bb06722b37ece1c03d3e94beb30d73\",\"name\":\"redazione\",\"image\":{\"@type\":\"ImageObject\",\"inLanguage\":\"fr-FR\",\"@id\":\"https:\\\/\\\/secure.gravatar.com\\\/avatar\\\/37d968a2e67a6fd04c169c4bdef102d0bc5d31b2546345219e348575eb80e9a0?s=96&d=mm&r=g\",\"url\":\"https:\\\/\\\/secure.gravatar.com\\\/avatar\\\/37d968a2e67a6fd04c169c4bdef102d0bc5d31b2546345219e348575eb80e9a0?s=96&d=mm&r=g\",\"contentUrl\":\"https:\\\/\\\/secure.gravatar.com\\\/avatar\\\/37d968a2e67a6fd04c169c4bdef102d0bc5d31b2546345219e348575eb80e9a0?s=96&d=mm&r=g\",\"caption\":\"redazione\"},\"sameAs\":[\"http:\\\/\\\/www.bellunopress.it\",\"https:\\\/\\\/x.com\\\/bellunopress\"],\"url\":\"https:\\\/\\\/www.bellunopress.it\\\/fr\\\/author\\\/redazione\\\/\"}]}<\/script>\n<!-- \/ Yoast SEO plugin. -->","yoast_head_json":{"title":"Manuel Senni fa il bis e vince di nuovo la Granfondo di Belluno - Bellunopress - Dolomiti","robots":{"index":"index","follow":"follow","max-snippet":"max-snippet:-1","max-image-preview":"max-image-preview:large","max-video-preview":"max-video-preview:-1"},"canonical":"https:\/\/www.bellunopress.it\/fr\/2023\/09\/03\/manuel-senni-fa-il-bis-e-vince-di-nuovo-la-granfondo-di-belluno\/","og_locale":"fr_FR","og_type":"article","og_title":"Manuel Senni fa il bis e vince di nuovo la Granfondo di Belluno - Bellunopress - Dolomiti","og_description":"Ma con le donne il Dragone vola in Slovenia grazie ad Erika Jesenjo Sui pedali anche il pro&#8217; Andrea Pietrobon (Eolo Kometa) in allenamento per la Slovacchia &nbsp; &nbsp; Dopo aver vinto la Sportful Dolomiti Race a giugno a Feltre, il romagnolo Manuel Senni (team Crainox) torna nel bellunese e fa sua per la seconda [&hellip;]","og_url":"https:\/\/www.bellunopress.it\/fr\/2023\/09\/03\/manuel-senni-fa-il-bis-e-vince-di-nuovo-la-granfondo-di-belluno\/","og_site_name":"Bellunopress - Dolomiti","article_publisher":"https:\/\/www.facebook.com\/profile.php?id=100008943462799","article_published_time":"2023-09-03T18:13:03+00:00","og_image":[{"width":640,"height":459,"url":"https:\/\/www.bellunopress.it\/wp-content\/uploads\/2023\/09\/Gran-Fondo-del-Dragone-2023-PIetrobon-e-vincitori-di-categoria_edited.jpg","type":"image\/jpeg"}],"author":"redazione","twitter_card":"summary_large_image","twitter_creator":"@bellunopress","twitter_site":"@bellunopress","twitter_misc":{"Written by":"redazione","Est. reading time":"3 minutes"},"schema":{"@context":"https:\/\/schema.org","@graph":[{"@type":"Article","@id":"https:\/\/www.bellunopress.it\/2023\/09\/03\/manuel-senni-fa-il-bis-e-vince-di-nuovo-la-granfondo-di-belluno\/#article","isPartOf":{"@id":"https:\/\/www.bellunopress.it\/2023\/09\/03\/manuel-senni-fa-il-bis-e-vince-di-nuovo-la-granfondo-di-belluno\/"},"author":{"name":"redazione","@id":"https:\/\/www.bellunopress.it\/#\/schema\/person\/79bb06722b37ece1c03d3e94beb30d73"},"headline":"Manuel Senni fa il bis e vince di nuovo la Granfondo di Belluno","datePublished":"2023-09-03T18:13:03+00:00","mainEntityOfPage":{"@id":"https:\/\/www.bellunopress.it\/2023\/09\/03\/manuel-senni-fa-il-bis-e-vince-di-nuovo-la-granfondo-di-belluno\/"},"wordCount":636,"publisher":{"@id":"https:\/\/www.bellunopress.it\/#organization"},"image":{"@id":"https:\/\/www.bellunopress.it\/2023\/09\/03\/manuel-senni-fa-il-bis-e-vince-di-nuovo-la-granfondo-di-belluno\/#primaryimage"},"thumbnailUrl":"https:\/\/www.bellunopress.it\/wp-content\/uploads\/2023\/09\/Gran-Fondo-del-Dragone-2023-PIetrobon-e-vincitori-di-categoria_edited.jpg","articleSection":["Sport, tempo libero"],"inLanguage":"fr-FR"},{"@type":"WebPage","@id":"https:\/\/www.bellunopress.it\/2023\/09\/03\/manuel-senni-fa-il-bis-e-vince-di-nuovo-la-granfondo-di-belluno\/","url":"https:\/\/www.bellunopress.it\/2023\/09\/03\/manuel-senni-fa-il-bis-e-vince-di-nuovo-la-granfondo-di-belluno\/","name":"Manuel Senni fa il bis e vince di nuovo la Granfondo di Belluno - Bellunopress - Dolomiti","isPartOf":{"@id":"https:\/\/www.bellunopress.it\/#website"},"primaryImageOfPage":{"@id":"https:\/\/www.bellunopress.it\/2023\/09\/03\/manuel-senni-fa-il-bis-e-vince-di-nuovo-la-granfondo-di-belluno\/#primaryimage"},"image":{"@id":"https:\/\/www.bellunopress.it\/2023\/09\/03\/manuel-senni-fa-il-bis-e-vince-di-nuovo-la-granfondo-di-belluno\/#primaryimage"},"thumbnailUrl":"https:\/\/www.bellunopress.it\/wp-content\/uploads\/2023\/09\/Gran-Fondo-del-Dragone-2023-PIetrobon-e-vincitori-di-categoria_edited.jpg","datePublished":"2023-09-03T18:13:03+00:00","breadcrumb":{"@id":"https:\/\/www.bellunopress.it\/2023\/09\/03\/manuel-senni-fa-il-bis-e-vince-di-nuovo-la-granfondo-di-belluno\/#breadcrumb"},"inLanguage":"fr-FR","potentialAction":[{"@type":"ReadAction","target":["https:\/\/www.bellunopress.it\/2023\/09\/03\/manuel-senni-fa-il-bis-e-vince-di-nuovo-la-granfondo-di-belluno\/"]}]},{"@type":"ImageObject","inLanguage":"fr-FR","@id":"https:\/\/www.bellunopress.it\/2023\/09\/03\/manuel-senni-fa-il-bis-e-vince-di-nuovo-la-granfondo-di-belluno\/#primaryimage","url":"https:\/\/www.bellunopress.it\/wp-content\/uploads\/2023\/09\/Gran-Fondo-del-Dragone-2023-PIetrobon-e-vincitori-di-categoria_edited.jpg","contentUrl":"https:\/\/www.bellunopress.it\/wp-content\/uploads\/2023\/09\/Gran-Fondo-del-Dragone-2023-PIetrobon-e-vincitori-di-categoria_edited.jpg","width":640,"height":459},{"@type":"BreadcrumbList","@id":"https:\/\/www.bellunopress.it\/2023\/09\/03\/manuel-senni-fa-il-bis-e-vince-di-nuovo-la-granfondo-di-belluno\/#breadcrumb","itemListElement":[{"@type":"ListItem","position":1,"name":"Home","item":"https:\/\/www.bellunopress.it\/"},{"@type":"ListItem","position":2,"name":"Manuel Senni fa il bis e vince di nuovo la Granfondo di Belluno"}]},{"@type":"WebSite","@id":"https:\/\/www.bellunopress.it\/#website","url":"https:\/\/www.bellunopress.it\/","name":"Bellunopress - Dolomiti","description":"e-mail: redazione@bellunopress.it","publisher":{"@id":"https:\/\/www.bellunopress.it\/#organization"},"potentialAction":[{"@type":"SearchAction","target":{"@type":"EntryPoint","urlTemplate":"https:\/\/www.bellunopress.it\/?s={search_term_string}"},"query-input":{"@type":"PropertyValueSpecification","valueRequired":true,"valueName":"search_term_string"}}],"inLanguage":"fr-FR"},{"@type":"Organization","@id":"https:\/\/www.bellunopress.it\/#organization","name":"Bellunopress","url":"https:\/\/www.bellunopress.it\/","logo":{"@type":"ImageObject","inLanguage":"fr-FR","@id":"https:\/\/www.bellunopress.it\/#\/schema\/logo\/image\/","url":"https:\/\/www.bellunopress.it\/wp-content\/uploads\/2011\/05\/cropped-logo-bellunopress-.jpg","contentUrl":"https:\/\/www.bellunopress.it\/wp-content\/uploads\/2011\/05\/cropped-logo-bellunopress-.jpg","width":512,"height":512,"caption":"Bellunopress"},"image":{"@id":"https:\/\/www.bellunopress.it\/#\/schema\/logo\/image\/"},"sameAs":["https:\/\/www.facebook.com\/profile.php?id=100008943462799","https:\/\/x.com\/bellunopress","https:\/\/www.linkedin.com\/hp\/?dnr=JBzUWaJfMUw8vbXJJ2tVW5-I3jZKvC4wsoxE&amp;amp;amp;amp;amp;amp;trk=nav_responsive_tab_home","https:\/\/www.youtube.com\/channel\/UCxL0wu1uN0_3_7hGG0306cw"]},{"@type":"Person","@id":"https:\/\/www.bellunopress.it\/#\/schema\/person\/79bb06722b37ece1c03d3e94beb30d73","name":"r\u00e9daction","image":{"@type":"ImageObject","inLanguage":"fr-FR","@id":"https:\/\/secure.gravatar.com\/avatar\/37d968a2e67a6fd04c169c4bdef102d0bc5d31b2546345219e348575eb80e9a0?s=96&d=mm&r=g","url":"https:\/\/secure.gravatar.com\/avatar\/37d968a2e67a6fd04c169c4bdef102d0bc5d31b2546345219e348575eb80e9a0?s=96&d=mm&r=g","contentUrl":"https:\/\/secure.gravatar.com\/avatar\/37d968a2e67a6fd04c169c4bdef102d0bc5d31b2546345219e348575eb80e9a0?s=96&d=mm&r=g","caption":"redazione"},"sameAs":["http:\/\/www.bellunopress.it","https:\/\/x.com\/bellunopress"],"url":"https:\/\/www.bellunopress.it\/fr\/author\/redazione\/"}]}},"_links":{"self":[{"href":"https:\/\/www.bellunopress.it\/fr\/wp-json\/wp\/v2\/posts\/143893","targetHints":{"allow":["GET"]}}],"collection":[{"href":"https:\/\/www.bellunopress.it\/fr\/wp-json\/wp\/v2\/posts"}],"about":[{"href":"https:\/\/www.bellunopress.it\/fr\/wp-json\/wp\/v2\/types\/post"}],"author":[{"embeddable":true,"href":"https:\/\/www.bellunopress.it\/fr\/wp-json\/wp\/v2\/users\/2"}],"replies":[{"embeddable":true,"href":"https:\/\/www.bellunopress.it\/fr\/wp-json\/wp\/v2\/comments?post=143893"}],"version-history":[{"count":1,"href":"https:\/\/www.bellunopress.it\/fr\/wp-json\/wp\/v2\/posts\/143893\/revisions"}],"predecessor-version":[{"id":143895,"href":"https:\/\/www.bellunopress.it\/fr\/wp-json\/wp\/v2\/posts\/143893\/revisions\/143895"}],"wp:featuredmedia":[{"embeddable":true,"href":"https:\/\/www.bellunopress.it\/fr\/wp-json\/wp\/v2\/media\/143894"}],"wp:attachment":[{"href":"https:\/\/www.bellunopress.it\/fr\/wp-json\/wp\/v2\/media?parent=143893"}],"wp:term":[{"taxonomy":"category","embeddable":true,"href":"https:\/\/www.bellunopress.it\/fr\/wp-json\/wp\/v2\/categories?post=143893"},{"taxonomy":"post_tag","embeddable":true,"href":"https:\/\/www.bellunopress.it\/fr\/wp-json\/wp\/v2\/tags?post=143893"}],"curies":[{"name":"wp","href":"https:\/\/api.w.org\/{rel}","templated":true}]}}