{"id":143891,"date":"2023-09-03T18:43:28","date_gmt":"2023-09-03T16:43:28","guid":{"rendered":"https:\/\/www.bellunopress.it\/?p=143891"},"modified":"2023-09-03T18:43:28","modified_gmt":"2023-09-03T16:43:28","slug":"transpelmo-2023-finalmente-alex-oberbacher","status":"publish","type":"post","link":"https:\/\/www.bellunopress.it\/fr\/2023\/09\/03\/transpelmo-2023-finalmente-alex-oberbacher\/","title":{"rendered":"Transpelmo 2023, finalmente Alex Oberbacher"},"content":{"rendered":"<figure id=\"attachment_116571\" aria-describedby=\"caption-attachment-116571\" style=\"width: 603px\" class=\"wp-caption alignleft\"><img loading=\"lazy\" decoding=\"async\" class=\"size-full wp-image-116571\" src=\"https:\/\/www.bellunopress.it\/wp-content\/uploads\/2020\/08\/ALEX-OBERBACHR-VINCITORE-ALPAGO-SKY-SUPER-3-2020_edited.jpg\" alt=\"\" width=\"603\" height=\"418\" srcset=\"https:\/\/www.bellunopress.it\/wp-content\/uploads\/2020\/08\/ALEX-OBERBACHR-VINCITORE-ALPAGO-SKY-SUPER-3-2020_edited.jpg 603w, https:\/\/www.bellunopress.it\/wp-content\/uploads\/2020\/08\/ALEX-OBERBACHR-VINCITORE-ALPAGO-SKY-SUPER-3-2020_edited-500x347.jpg 500w, https:\/\/www.bellunopress.it\/wp-content\/uploads\/2020\/08\/ALEX-OBERBACHR-VINCITORE-ALPAGO-SKY-SUPER-3-2020_edited-218x150.jpg 218w, https:\/\/www.bellunopress.it\/wp-content\/uploads\/2020\/08\/ALEX-OBERBACHR-VINCITORE-ALPAGO-SKY-SUPER-3-2020_edited-100x70.jpg 100w\" sizes=\"auto, (max-width: 603px) 100vw, 603px\" \/><figcaption id=\"caption-attachment-116571\" class=\"wp-caption-text\">Alex Oberbacher<\/figcaption><\/figure>\n<p><em>Dopo due secondi e due terzi posti, il gardenese trionfa sui sentieri della Val di Zoldo, sulle Dolomiti Bellunesi. Al femminile hurr\u00e0 per la slovena Dominika Zupancic. 1.050 i concorrenti: record per la manifestazione. Presentata la nuova mascotte dell&#8217;evento: Zoldino<\/em><\/p>\n<p>Val di Zoldo (Belluno), 3 settembre 2023 \u2013 Finalmente Alex Oberbacher alla Transpelmo. Dopo aver conquistato due secondi posti (2022 e 2017) e due terzi posti (2019 e 2018), il gardenese, azzurro dello sci alpinismo, \u00e8 riuscito a salire sul primo gradino del podio di Transpelmo, la skyrun del Monte Pelmo (Val di Zoldo, Dolomiti Bellunesi) andata in scena domenica 3 settembre, atto finale del circuito Golden Trail National Series by Salomon.<\/p>\n<p>Partenza e arrivo nel centro della localit\u00e0 di P\u00e8col (logistica rinnovata rispetto al passato), un tracciato di 19,5 chilometri, per 1.450 metri di dislivello sia positivo sia negativo. Prima parte di percorso veloce, poi i primi 450 metri di dislivello single-track nel bosco. Quindi, ecco la salita del sentiero Flaibani, 600 metri di dislivello, passando per una forcelletta con un breve tratto attrezzato con corde fisse e un ripido ghiaione che porta alla forcella di Val d&#8217;Arcia (2.475 metri di altitudine, &#8220;tetto&#8221; della gara). Una volta scollinati, ecco la discesa, molto tecnica, verso Forcella Staulanza. Ultimi chilometri prima del traguardo ancora in discesa, questa volta pi\u00f9 dolce, tra i boschi di Palafav\u00e8ra.<\/p>\n<p>Alex Oberbacher ha vinto la gara sulla salita verso Forcella Val d&#8217;Arcia, quando ha forzato il ritmo liberandosi del trentino Marco Filosi con il quale fino a quel momento, sui tratti pi\u00f9 corribili, aveva fatto corsa parallela. Al passaggio in forcella l&#8217;altoatesino \u00e8 transitato con quattro minuti di vantaggio, un margine che gli ha consentito di affrontare la discesa in tranquillit\u00e0. 1h55&#8217;06&#8221; il riscontro cronometrico per Oberbacher al traguardo. Piazza d&#8217;onore per Filosi, staccato di 1&#8217;23&#8221; e terzo posto per il bellunese Eddj Nani (+1&#8217;59&#8221;). A completare la top five Roberto Giacomotti e Fabio Ruga.<\/p>\n<p>Al femminile, \u00e8 targata Slovenia l&#8217;edizione 2023 di Transpelmo: vittoria per Dominika Zupancic Valant, recente protagonista ai Mondiali di corsa in montagna di Innsbruck, con il tempo di 2h22&#8217;13&#8221;. Mai stato in dubbio il successo della Zupancic, in testa fin dai primi metri. Bella lotta, dietro, per il podio. A spuntarla la lombarda Martina Bilora (+4&#8217;29&#8221; rispetto alla vincitrice) sulla friulana Mara Martini (+6&#8217;08&#8221;). Nella top five Giulia Marchesoni e Sara Campigotto.<\/p>\n<p>Classifiche &#8211; Transpelmo maschile: 1. Alex Oberbacher (La Sportiva) 1h55.06; 2. Marco Filosi (Valchiese) 1h56.29; 3. Eddj Nani (Skyrunning Adventure) 1h57.05; 4. Roberto Giacomotti 2h00.02; 5. Fabio Ruga 2h00.24; 6. Gabriele Del Longo 2h04.10; 7. Raffaele Teza 2h06.06; 8. Elia Costa 2h06.26; 9. Dylan De Michiel 2h06.33; 10. Filippo Beccari 2h07.40.<\/p>\n<p>Transpelmo femminile: 1. Dominika Zupancic Volant (Slovenia) 2h22.13; 2. Martina Bilora (La Sportiva) 2h26.42; 3. Mara Martini (La Sportiva) 2h28.21; 4. Giulia Marchesoni 2h28.24; 5. Sara Campigotto 2h33.04; 6. Anna Finizio 2h37.41; 7. Francesca De Col\u00f2 2h41.19; 8. Alice Cescutti 2h42.12; 9. Maria Collarin 2h46.44; 10. Veronica Del Grosso 2h47.01.<\/p>\n<p>Le voci dei protagonisti &#8211; \u00abTranspelmo \u00e8 una gara che amo molto, questa era la quinta partecipazione e finalmente sono riuscito a vincere\u00bb cos\u00ec il vincitore Alex Oberbacher. \u00abIl momento decisivo \u00e8 stata la salita verso Forcella Val d&#8217;Arcia, dopo il rifugio Venezia: sapevo che dovevo fare la differenza l\u00ec per distanziare Filosi. Sono riuscito ad accumulare un bel vantaggio e poi a gestirlo sui ghiaioni in discesa\u00bb.<\/p>\n<p>\u00abPrima volta per me in Val di Zoldo, Transpelmo \u00e8 davvero una bella gara\u00bb dice Marco Filosi. \u00abSul tratto pi\u00f9 duro della salita Alex mi \u00e8 scappato e io non ho potuto fare nulla. Ho faticato parecchio sul tecnico in salita e anche sulla prima parte, tecnica, della discesa, tanto che da secondo ero scivolato in terza posizione. Poi nei chilometri finali, pi\u00f9 corribili, ho recuperato, riuscendo a conquistare una bella piazza d&#8217;onore\u00bb.<\/p>\n<p>\u00abMeglio di cos\u00ec non poteva andare\u00bb sottolinea Eddj Nani. \u00abCon due avversari come Oberbacher e Filosi questo terzo posto per me \u00e8 come una vittoria\u00bb.<\/p>\n<p>\u00abBellissima esperienza questa di Transpelmo\u00bb sottolinea Dominika Zupancic. \u00abLe Dolomiti le conosco perch\u00e9 ci ho pedalato e perch\u00e9 lo scorso giugno ho corso la Lavaredo Ultra Trail. La Val di Zoldo \u00e8 stata una scoperta. La gara? Mi \u00e8 piaciuto molto il tratto tecnico, prima di arrivare a Forcella Val d&#8217;Arcia\u00bb.<\/p>\n<p>\u00abSono venuta qui per salire sul podio e ce l&#8217;ho fatta\u00bb dice Martina Bilora. \u00abCome spesso mi capita, ho fatto fatica nella prima parte, per poi andare meglio nella seconda, riuscendo a recuperare una posizione. Ogni tanto con la coda dell&#8217;occhio sono riuscita a godermi qualche scorcio: paesaggi fantastici\u00bb.<\/p>\n<p>\u00abHo preso Transpelmo come un allenamento in vista della stagione invernale, quindi non avevo grandi ambizioni\u00bb racconta la sci alpinista azzurra Mara Martini. \u00abA lungo sono stata seconda ma poi in discesa i crampi mi hanno frenato. Alla fine, \u00e8 arrivato un super terzo posto, sono felicissima\u00bb.<\/p>\n<p>Partecipazione record \u2013 Sono stati 1.050 i concorrenti che hanno dato vita all&#8217;edizione 2023 di Transpelmo. Dopo aver stabilito come tetto massimo quota 900, l&#8217;organizzazione \u00e8 stata costretta a riaprire le iscrizioni per fra fronte alle numerosissime richieste, mettendo cos\u00ec a disposizione altri 150 pettorali. Una partecipazione record.<\/p>\n<p>La mascotte Zoldino \u2013 Ad accompagnare i concorrenti dell&#8217;edizione 2023 di Transpelmo \u00e8 stato Zoldino. Si tratta della nuova mascotte dell&#8217;evento: un dinosauro che vuole richiamare le orme di dinosauro presenti sul monte Pelmo (sul monte Pelmetto si possono notare tre distinte piste di dinosauri del periodo del Triassico).<\/p>\n<p>Transpelmo Junior Run &#8211; Contestualmente a Transpelmo c&#8217;\u00e8 stata, come consuetudine, Transpelmo Junior Race, evento dedicato ai pi\u00f9 piccoli con tracciati, ricavati attorno all&#8217;abitato di P\u00e9col, che vanno dai 600 ai 1200 metri. Un centinaio gli under 12 che si sono sfidati e divertiti.<\/p>\n<p>Il bilancio dell&#8217;organizzazione &#8211; \u00abSiamo molto soddisfatti\u00bb dicono Eris Costa e Andrea Cero, coordinatori dell&#8217;organizzazione. \u00abAbbiamo avuto una grande partecipazione, vuol dire che la manifestazione \u00e8 apprezzata. Ogni anno cerchiamo di introdurre qualche novit\u00e0, quest&#8217;anno la partenza in centro paese e la mascotte: i feedback ricevuti sono stati positivi. Un grande grazie va alle aziende che ci sostengono e ai volontari che ci supportano. Pure quest&#8217;anno il lavoro \u00e8 stato notevole, anche per via delle piogge intense dei giorni scorsi che ci hanno costretto a ripristinare alcuni tratti di sentiero\u00bb.<\/p>\n<p>Ticket Golden Series &#8211; L&#8217;appuntamento Golden Trail National Series Italy Transpelmo ha consegnato ai cinque vincitori (due donne e tre uomini) l&#8217;esclusivo Ticket Golden Trail World Series Gran Final &#8220;Il Golfo dell&#8217;Isola Race&#8221; in Liguria, tra Spotorno e Noli, a ottobre. Ad aggiudicarsi il biglietto sono stati Marco Filosi, Roberto Giacomotti, Gabriele Del Longo, Martina Bilora e Giulia Marchesoni.<\/p>\n<p>&nbsp;<\/p>\n<p>&nbsp;<\/p>","protected":false},"excerpt":{"rendered":"<p>Dopo due secondi e due terzi posti, il gardenese trionfa sui sentieri della Val di Zoldo, sulle Dolomiti Bellunesi. Al femminile hurr\u00e0 per la slovena Dominika Zupancic. 1.050 i concorrenti: record per la manifestazione. Presentata la nuova mascotte dell&#8217;evento: Zoldino Val di Zoldo (Belluno), 3 settembre 2023 \u2013 Finalmente Alex Oberbacher alla Transpelmo. Dopo aver [&hellip;]<\/p>\n","protected":false},"author":2,"featured_media":116571,"comment_status":"closed","ping_status":"open","sticky":false,"template":"","format":"standard","meta":{"footnotes":""},"categories":[26,4],"tags":[],"class_list":["post-143891","post","type-post","status-publish","format-standard","has-post-thumbnail","category-prima-pagina","category-sport"],"yoast_head":"<!-- This site is optimized with the Yoast SEO plugin v28.4 - https:\/\/yoast.com\/product\/yoast-seo-wordpress\/ -->\n<title>Transpelmo 2023, finalmente Alex Oberbacher - Bellunopress - Dolomiti<\/title>\n<meta name=\"robots\" content=\"index, follow, max-snippet:-1, max-image-preview:large, max-video-preview:-1\" \/>\n<link rel=\"canonical\" href=\"https:\/\/www.bellunopress.it\/fr\/2023\/09\/03\/transpelmo-2023-finalmente-alex-oberbacher\/\" \/>\n<meta property=\"og:locale\" content=\"fr_FR\" \/>\n<meta property=\"og:type\" content=\"article\" \/>\n<meta property=\"og:title\" content=\"Transpelmo 2023, finalmente Alex Oberbacher - Bellunopress - Dolomiti\" \/>\n<meta property=\"og:description\" content=\"Dopo due secondi e due terzi posti, il gardenese trionfa sui sentieri della Val di Zoldo, sulle Dolomiti Bellunesi. Al femminile hurr\u00e0 per la slovena Dominika Zupancic. 1.050 i concorrenti: record per la manifestazione. Presentata la nuova mascotte dell&#8217;evento: Zoldino Val di Zoldo (Belluno), 3 settembre 2023 \u2013 Finalmente Alex Oberbacher alla Transpelmo. Dopo aver [&hellip;]\" \/>\n<meta property=\"og:url\" content=\"https:\/\/www.bellunopress.it\/fr\/2023\/09\/03\/transpelmo-2023-finalmente-alex-oberbacher\/\" \/>\n<meta property=\"og:site_name\" content=\"Bellunopress - Dolomiti\" \/>\n<meta property=\"article:publisher\" content=\"https:\/\/www.facebook.com\/profile.php?id=100008943462799\" \/>\n<meta property=\"article:published_time\" content=\"2023-09-03T16:43:28+00:00\" \/>\n<meta property=\"og:image\" content=\"https:\/\/www.bellunopress.it\/wp-content\/uploads\/2020\/08\/ALEX-OBERBACHR-VINCITORE-ALPAGO-SKY-SUPER-3-2020_edited.jpg\" \/>\n\t<meta property=\"og:image:width\" content=\"603\" \/>\n\t<meta property=\"og:image:height\" content=\"418\" \/>\n\t<meta property=\"og:image:type\" content=\"image\/jpeg\" \/>\n<meta name=\"author\" content=\"redazione\" \/>\n<meta name=\"twitter:card\" content=\"summary_large_image\" \/>\n<meta name=\"twitter:creator\" content=\"@bellunopress\" \/>\n<meta name=\"twitter:site\" content=\"@bellunopress\" \/>\n<meta name=\"twitter:label1\" content=\"Written by\" \/>\n\t<meta name=\"twitter:data1\" content=\"redazione\" \/>\n\t<meta name=\"twitter:label2\" content=\"Est. reading time\" \/>\n\t<meta name=\"twitter:data2\" content=\"5 minutes\" \/>\n<script type=\"application\/ld+json\" class=\"yoast-schema-graph\">{\"@context\":\"https:\\\/\\\/schema.org\",\"@graph\":[{\"@type\":\"Article\",\"@id\":\"https:\\\/\\\/www.bellunopress.it\\\/2023\\\/09\\\/03\\\/transpelmo-2023-finalmente-alex-oberbacher\\\/#article\",\"isPartOf\":{\"@id\":\"https:\\\/\\\/www.bellunopress.it\\\/2023\\\/09\\\/03\\\/transpelmo-2023-finalmente-alex-oberbacher\\\/\"},\"author\":{\"name\":\"redazione\",\"@id\":\"https:\\\/\\\/www.bellunopress.it\\\/#\\\/schema\\\/person\\\/79bb06722b37ece1c03d3e94beb30d73\"},\"headline\":\"Transpelmo 2023, finalmente Alex Oberbacher\",\"datePublished\":\"2023-09-03T16:43:28+00:00\",\"mainEntityOfPage\":{\"@id\":\"https:\\\/\\\/www.bellunopress.it\\\/2023\\\/09\\\/03\\\/transpelmo-2023-finalmente-alex-oberbacher\\\/\"},\"wordCount\":1072,\"publisher\":{\"@id\":\"https:\\\/\\\/www.bellunopress.it\\\/#organization\"},\"image\":{\"@id\":\"https:\\\/\\\/www.bellunopress.it\\\/2023\\\/09\\\/03\\\/transpelmo-2023-finalmente-alex-oberbacher\\\/#primaryimage\"},\"thumbnailUrl\":\"https:\\\/\\\/www.bellunopress.it\\\/wp-content\\\/uploads\\\/2020\\\/08\\\/ALEX-OBERBACHR-VINCITORE-ALPAGO-SKY-SUPER-3-2020_edited.jpg\",\"articleSection\":[\"Prima Pagina\",\"Sport, tempo libero\"],\"inLanguage\":\"fr-FR\"},{\"@type\":\"WebPage\",\"@id\":\"https:\\\/\\\/www.bellunopress.it\\\/2023\\\/09\\\/03\\\/transpelmo-2023-finalmente-alex-oberbacher\\\/\",\"url\":\"https:\\\/\\\/www.bellunopress.it\\\/2023\\\/09\\\/03\\\/transpelmo-2023-finalmente-alex-oberbacher\\\/\",\"name\":\"Transpelmo 2023, finalmente Alex Oberbacher - Bellunopress - Dolomiti\",\"isPartOf\":{\"@id\":\"https:\\\/\\\/www.bellunopress.it\\\/#website\"},\"primaryImageOfPage\":{\"@id\":\"https:\\\/\\\/www.bellunopress.it\\\/2023\\\/09\\\/03\\\/transpelmo-2023-finalmente-alex-oberbacher\\\/#primaryimage\"},\"image\":{\"@id\":\"https:\\\/\\\/www.bellunopress.it\\\/2023\\\/09\\\/03\\\/transpelmo-2023-finalmente-alex-oberbacher\\\/#primaryimage\"},\"thumbnailUrl\":\"https:\\\/\\\/www.bellunopress.it\\\/wp-content\\\/uploads\\\/2020\\\/08\\\/ALEX-OBERBACHR-VINCITORE-ALPAGO-SKY-SUPER-3-2020_edited.jpg\",\"datePublished\":\"2023-09-03T16:43:28+00:00\",\"breadcrumb\":{\"@id\":\"https:\\\/\\\/www.bellunopress.it\\\/2023\\\/09\\\/03\\\/transpelmo-2023-finalmente-alex-oberbacher\\\/#breadcrumb\"},\"inLanguage\":\"fr-FR\",\"potentialAction\":[{\"@type\":\"ReadAction\",\"target\":[\"https:\\\/\\\/www.bellunopress.it\\\/2023\\\/09\\\/03\\\/transpelmo-2023-finalmente-alex-oberbacher\\\/\"]}]},{\"@type\":\"ImageObject\",\"inLanguage\":\"fr-FR\",\"@id\":\"https:\\\/\\\/www.bellunopress.it\\\/2023\\\/09\\\/03\\\/transpelmo-2023-finalmente-alex-oberbacher\\\/#primaryimage\",\"url\":\"https:\\\/\\\/www.bellunopress.it\\\/wp-content\\\/uploads\\\/2020\\\/08\\\/ALEX-OBERBACHR-VINCITORE-ALPAGO-SKY-SUPER-3-2020_edited.jpg\",\"contentUrl\":\"https:\\\/\\\/www.bellunopress.it\\\/wp-content\\\/uploads\\\/2020\\\/08\\\/ALEX-OBERBACHR-VINCITORE-ALPAGO-SKY-SUPER-3-2020_edited.jpg\",\"width\":603,\"height\":418,\"caption\":\"Alex Oberbacher\"},{\"@type\":\"BreadcrumbList\",\"@id\":\"https:\\\/\\\/www.bellunopress.it\\\/2023\\\/09\\\/03\\\/transpelmo-2023-finalmente-alex-oberbacher\\\/#breadcrumb\",\"itemListElement\":[{\"@type\":\"ListItem\",\"position\":1,\"name\":\"Home\",\"item\":\"https:\\\/\\\/www.bellunopress.it\\\/\"},{\"@type\":\"ListItem\",\"position\":2,\"name\":\"Transpelmo 2023, finalmente Alex Oberbacher\"}]},{\"@type\":\"WebSite\",\"@id\":\"https:\\\/\\\/www.bellunopress.it\\\/#website\",\"url\":\"https:\\\/\\\/www.bellunopress.it\\\/\",\"name\":\"Bellunopress - Dolomiti\",\"description\":\"e-mail: redazione@bellunopress.it\",\"publisher\":{\"@id\":\"https:\\\/\\\/www.bellunopress.it\\\/#organization\"},\"potentialAction\":[{\"@type\":\"SearchAction\",\"target\":{\"@type\":\"EntryPoint\",\"urlTemplate\":\"https:\\\/\\\/www.bellunopress.it\\\/?s={search_term_string}\"},\"query-input\":{\"@type\":\"PropertyValueSpecification\",\"valueRequired\":true,\"valueName\":\"search_term_string\"}}],\"inLanguage\":\"fr-FR\"},{\"@type\":\"Organization\",\"@id\":\"https:\\\/\\\/www.bellunopress.it\\\/#organization\",\"name\":\"Bellunopress\",\"url\":\"https:\\\/\\\/www.bellunopress.it\\\/\",\"logo\":{\"@type\":\"ImageObject\",\"inLanguage\":\"fr-FR\",\"@id\":\"https:\\\/\\\/www.bellunopress.it\\\/#\\\/schema\\\/logo\\\/image\\\/\",\"url\":\"https:\\\/\\\/www.bellunopress.it\\\/wp-content\\\/uploads\\\/2011\\\/05\\\/cropped-logo-bellunopress-.jpg\",\"contentUrl\":\"https:\\\/\\\/www.bellunopress.it\\\/wp-content\\\/uploads\\\/2011\\\/05\\\/cropped-logo-bellunopress-.jpg\",\"width\":512,\"height\":512,\"caption\":\"Bellunopress\"},\"image\":{\"@id\":\"https:\\\/\\\/www.bellunopress.it\\\/#\\\/schema\\\/logo\\\/image\\\/\"},\"sameAs\":[\"https:\\\/\\\/www.facebook.com\\\/profile.php?id=100008943462799\",\"https:\\\/\\\/x.com\\\/bellunopress\",\"https:\\\/\\\/www.linkedin.com\\\/hp\\\/?dnr=JBzUWaJfMUw8vbXJJ2tVW5-I3jZKvC4wsoxE&amp;amp;amp;amp;amp;amp;trk=nav_responsive_tab_home\",\"https:\\\/\\\/www.youtube.com\\\/channel\\\/UCxL0wu1uN0_3_7hGG0306cw\"]},{\"@type\":\"Person\",\"@id\":\"https:\\\/\\\/www.bellunopress.it\\\/#\\\/schema\\\/person\\\/79bb06722b37ece1c03d3e94beb30d73\",\"name\":\"redazione\",\"image\":{\"@type\":\"ImageObject\",\"inLanguage\":\"fr-FR\",\"@id\":\"https:\\\/\\\/secure.gravatar.com\\\/avatar\\\/37d968a2e67a6fd04c169c4bdef102d0bc5d31b2546345219e348575eb80e9a0?s=96&d=mm&r=g\",\"url\":\"https:\\\/\\\/secure.gravatar.com\\\/avatar\\\/37d968a2e67a6fd04c169c4bdef102d0bc5d31b2546345219e348575eb80e9a0?s=96&d=mm&r=g\",\"contentUrl\":\"https:\\\/\\\/secure.gravatar.com\\\/avatar\\\/37d968a2e67a6fd04c169c4bdef102d0bc5d31b2546345219e348575eb80e9a0?s=96&d=mm&r=g\",\"caption\":\"redazione\"},\"sameAs\":[\"http:\\\/\\\/www.bellunopress.it\",\"https:\\\/\\\/x.com\\\/bellunopress\"],\"url\":\"https:\\\/\\\/www.bellunopress.it\\\/fr\\\/author\\\/redazione\\\/\"}]}<\/script>\n<!-- \/ Yoast SEO plugin. -->","yoast_head_json":{"title":"Transpelmo 2023, finalmente Alex Oberbacher - Bellunopress - Dolomiti","robots":{"index":"index","follow":"follow","max-snippet":"max-snippet:-1","max-image-preview":"max-image-preview:large","max-video-preview":"max-video-preview:-1"},"canonical":"https:\/\/www.bellunopress.it\/fr\/2023\/09\/03\/transpelmo-2023-finalmente-alex-oberbacher\/","og_locale":"fr_FR","og_type":"article","og_title":"Transpelmo 2023, finalmente Alex Oberbacher - Bellunopress - Dolomiti","og_description":"Dopo due secondi e due terzi posti, il gardenese trionfa sui sentieri della Val di Zoldo, sulle Dolomiti Bellunesi. Al femminile hurr\u00e0 per la slovena Dominika Zupancic. 1.050 i concorrenti: record per la manifestazione. Presentata la nuova mascotte dell&#8217;evento: Zoldino Val di Zoldo (Belluno), 3 settembre 2023 \u2013 Finalmente Alex Oberbacher alla Transpelmo. Dopo aver [&hellip;]","og_url":"https:\/\/www.bellunopress.it\/fr\/2023\/09\/03\/transpelmo-2023-finalmente-alex-oberbacher\/","og_site_name":"Bellunopress - Dolomiti","article_publisher":"https:\/\/www.facebook.com\/profile.php?id=100008943462799","article_published_time":"2023-09-03T16:43:28+00:00","og_image":[{"width":603,"height":418,"url":"https:\/\/www.bellunopress.it\/wp-content\/uploads\/2020\/08\/ALEX-OBERBACHR-VINCITORE-ALPAGO-SKY-SUPER-3-2020_edited.jpg","type":"image\/jpeg"}],"author":"redazione","twitter_card":"summary_large_image","twitter_creator":"@bellunopress","twitter_site":"@bellunopress","twitter_misc":{"Written by":"redazione","Est. reading time":"5 minutes"},"schema":{"@context":"https:\/\/schema.org","@graph":[{"@type":"Article","@id":"https:\/\/www.bellunopress.it\/2023\/09\/03\/transpelmo-2023-finalmente-alex-oberbacher\/#article","isPartOf":{"@id":"https:\/\/www.bellunopress.it\/2023\/09\/03\/transpelmo-2023-finalmente-alex-oberbacher\/"},"author":{"name":"redazione","@id":"https:\/\/www.bellunopress.it\/#\/schema\/person\/79bb06722b37ece1c03d3e94beb30d73"},"headline":"Transpelmo 2023, finalmente Alex Oberbacher","datePublished":"2023-09-03T16:43:28+00:00","mainEntityOfPage":{"@id":"https:\/\/www.bellunopress.it\/2023\/09\/03\/transpelmo-2023-finalmente-alex-oberbacher\/"},"wordCount":1072,"publisher":{"@id":"https:\/\/www.bellunopress.it\/#organization"},"image":{"@id":"https:\/\/www.bellunopress.it\/2023\/09\/03\/transpelmo-2023-finalmente-alex-oberbacher\/#primaryimage"},"thumbnailUrl":"https:\/\/www.bellunopress.it\/wp-content\/uploads\/2020\/08\/ALEX-OBERBACHR-VINCITORE-ALPAGO-SKY-SUPER-3-2020_edited.jpg","articleSection":["Prima Pagina","Sport, tempo libero"],"inLanguage":"fr-FR"},{"@type":"WebPage","@id":"https:\/\/www.bellunopress.it\/2023\/09\/03\/transpelmo-2023-finalmente-alex-oberbacher\/","url":"https:\/\/www.bellunopress.it\/2023\/09\/03\/transpelmo-2023-finalmente-alex-oberbacher\/","name":"Transpelmo 2023, finalmente Alex Oberbacher - Bellunopress - Dolomiti","isPartOf":{"@id":"https:\/\/www.bellunopress.it\/#website"},"primaryImageOfPage":{"@id":"https:\/\/www.bellunopress.it\/2023\/09\/03\/transpelmo-2023-finalmente-alex-oberbacher\/#primaryimage"},"image":{"@id":"https:\/\/www.bellunopress.it\/2023\/09\/03\/transpelmo-2023-finalmente-alex-oberbacher\/#primaryimage"},"thumbnailUrl":"https:\/\/www.bellunopress.it\/wp-content\/uploads\/2020\/08\/ALEX-OBERBACHR-VINCITORE-ALPAGO-SKY-SUPER-3-2020_edited.jpg","datePublished":"2023-09-03T16:43:28+00:00","breadcrumb":{"@id":"https:\/\/www.bellunopress.it\/2023\/09\/03\/transpelmo-2023-finalmente-alex-oberbacher\/#breadcrumb"},"inLanguage":"fr-FR","potentialAction":[{"@type":"ReadAction","target":["https:\/\/www.bellunopress.it\/2023\/09\/03\/transpelmo-2023-finalmente-alex-oberbacher\/"]}]},{"@type":"ImageObject","inLanguage":"fr-FR","@id":"https:\/\/www.bellunopress.it\/2023\/09\/03\/transpelmo-2023-finalmente-alex-oberbacher\/#primaryimage","url":"https:\/\/www.bellunopress.it\/wp-content\/uploads\/2020\/08\/ALEX-OBERBACHR-VINCITORE-ALPAGO-SKY-SUPER-3-2020_edited.jpg","contentUrl":"https:\/\/www.bellunopress.it\/wp-content\/uploads\/2020\/08\/ALEX-OBERBACHR-VINCITORE-ALPAGO-SKY-SUPER-3-2020_edited.jpg","width":603,"height":418,"caption":"Alex Oberbacher"},{"@type":"BreadcrumbList","@id":"https:\/\/www.bellunopress.it\/2023\/09\/03\/transpelmo-2023-finalmente-alex-oberbacher\/#breadcrumb","itemListElement":[{"@type":"ListItem","position":1,"name":"Home","item":"https:\/\/www.bellunopress.it\/"},{"@type":"ListItem","position":2,"name":"Transpelmo 2023, finalmente Alex Oberbacher"}]},{"@type":"WebSite","@id":"https:\/\/www.bellunopress.it\/#website","url":"https:\/\/www.bellunopress.it\/","name":"Bellunopress - Dolomiti","description":"e-mail: redazione@bellunopress.it","publisher":{"@id":"https:\/\/www.bellunopress.it\/#organization"},"potentialAction":[{"@type":"SearchAction","target":{"@type":"EntryPoint","urlTemplate":"https:\/\/www.bellunopress.it\/?s={search_term_string}"},"query-input":{"@type":"PropertyValueSpecification","valueRequired":true,"valueName":"search_term_string"}}],"inLanguage":"fr-FR"},{"@type":"Organization","@id":"https:\/\/www.bellunopress.it\/#organization","name":"Bellunopress","url":"https:\/\/www.bellunopress.it\/","logo":{"@type":"ImageObject","inLanguage":"fr-FR","@id":"https:\/\/www.bellunopress.it\/#\/schema\/logo\/image\/","url":"https:\/\/www.bellunopress.it\/wp-content\/uploads\/2011\/05\/cropped-logo-bellunopress-.jpg","contentUrl":"https:\/\/www.bellunopress.it\/wp-content\/uploads\/2011\/05\/cropped-logo-bellunopress-.jpg","width":512,"height":512,"caption":"Bellunopress"},"image":{"@id":"https:\/\/www.bellunopress.it\/#\/schema\/logo\/image\/"},"sameAs":["https:\/\/www.facebook.com\/profile.php?id=100008943462799","https:\/\/x.com\/bellunopress","https:\/\/www.linkedin.com\/hp\/?dnr=JBzUWaJfMUw8vbXJJ2tVW5-I3jZKvC4wsoxE&amp;amp;amp;amp;amp;amp;trk=nav_responsive_tab_home","https:\/\/www.youtube.com\/channel\/UCxL0wu1uN0_3_7hGG0306cw"]},{"@type":"Person","@id":"https:\/\/www.bellunopress.it\/#\/schema\/person\/79bb06722b37ece1c03d3e94beb30d73","name":"r\u00e9daction","image":{"@type":"ImageObject","inLanguage":"fr-FR","@id":"https:\/\/secure.gravatar.com\/avatar\/37d968a2e67a6fd04c169c4bdef102d0bc5d31b2546345219e348575eb80e9a0?s=96&d=mm&r=g","url":"https:\/\/secure.gravatar.com\/avatar\/37d968a2e67a6fd04c169c4bdef102d0bc5d31b2546345219e348575eb80e9a0?s=96&d=mm&r=g","contentUrl":"https:\/\/secure.gravatar.com\/avatar\/37d968a2e67a6fd04c169c4bdef102d0bc5d31b2546345219e348575eb80e9a0?s=96&d=mm&r=g","caption":"redazione"},"sameAs":["http:\/\/www.bellunopress.it","https:\/\/x.com\/bellunopress"],"url":"https:\/\/www.bellunopress.it\/fr\/author\/redazione\/"}]}},"_links":{"self":[{"href":"https:\/\/www.bellunopress.it\/fr\/wp-json\/wp\/v2\/posts\/143891","targetHints":{"allow":["GET"]}}],"collection":[{"href":"https:\/\/www.bellunopress.it\/fr\/wp-json\/wp\/v2\/posts"}],"about":[{"href":"https:\/\/www.bellunopress.it\/fr\/wp-json\/wp\/v2\/types\/post"}],"author":[{"embeddable":true,"href":"https:\/\/www.bellunopress.it\/fr\/wp-json\/wp\/v2\/users\/2"}],"replies":[{"embeddable":true,"href":"https:\/\/www.bellunopress.it\/fr\/wp-json\/wp\/v2\/comments?post=143891"}],"version-history":[{"count":1,"href":"https:\/\/www.bellunopress.it\/fr\/wp-json\/wp\/v2\/posts\/143891\/revisions"}],"predecessor-version":[{"id":143892,"href":"https:\/\/www.bellunopress.it\/fr\/wp-json\/wp\/v2\/posts\/143891\/revisions\/143892"}],"wp:featuredmedia":[{"embeddable":true,"href":"https:\/\/www.bellunopress.it\/fr\/wp-json\/wp\/v2\/media\/116571"}],"wp:attachment":[{"href":"https:\/\/www.bellunopress.it\/fr\/wp-json\/wp\/v2\/media?parent=143891"}],"wp:term":[{"taxonomy":"category","embeddable":true,"href":"https:\/\/www.bellunopress.it\/fr\/wp-json\/wp\/v2\/categories?post=143891"},{"taxonomy":"post_tag","embeddable":true,"href":"https:\/\/www.bellunopress.it\/fr\/wp-json\/wp\/v2\/tags?post=143891"}],"curies":[{"name":"wp","href":"https:\/\/api.w.org\/{rel}","templated":true}]}}