{"id":143887,"date":"2023-09-03T12:14:51","date_gmt":"2023-09-03T10:14:51","guid":{"rendered":"https:\/\/www.bellunopress.it\/?p=143887"},"modified":"2023-09-03T18:33:37","modified_gmt":"2023-09-03T16:33:37","slug":"precipita-dal-monte-sperone-e-perde-la-vita","status":"publish","type":"post","link":"https:\/\/www.bellunopress.it\/fr\/2023\/09\/03\/precipita-dal-monte-sperone-e-perde-la-vita\/","title":{"rendered":"Precipita dal Monte Sperone e perde la vita. Altri interventi"},"content":{"rendered":"<p><img loading=\"lazy\" decoding=\"async\" class=\"alignleft size-full wp-image-125428\" src=\"https:\/\/www.bellunopress.it\/wp-content\/uploads\/2021\/06\/soccorso-118.jpg\" alt=\"\" width=\"800\" height=\"613\" srcset=\"https:\/\/www.bellunopress.it\/wp-content\/uploads\/2021\/06\/soccorso-118.jpg 800w, https:\/\/www.bellunopress.it\/wp-content\/uploads\/2021\/06\/soccorso-118-500x383.jpg 500w, https:\/\/www.bellunopress.it\/wp-content\/uploads\/2021\/06\/soccorso-118-696x533.jpg 696w, https:\/\/www.bellunopress.it\/wp-content\/uploads\/2021\/06\/soccorso-118-548x420.jpg 548w, https:\/\/www.bellunopress.it\/wp-content\/uploads\/2021\/06\/soccorso-118-80x60.jpg 80w\" sizes=\"auto, (max-width: 800px) 100vw, 800px\" \/>Sospirolo (BL), 03 &#8211; 09 &#8211; 23\u00a0 \u00a0 Si sono concluse poco prima di mezzogiorno le operazioni di recupero del corpo senza vita di un escursionista, precipitato ieri dalla cresta del Monte Sperone. Questa notte attorno all&#8217;una e trenta \u00e8 stato attivato il Soccorso alpino di Belluno, a seguito della chiamata del figlio di M.R., 69 anni, di San Fior (TV), non rientrato ieri da una camminata in zona Croce di Susin, Monte Sperone, la cui auto era stata rinvenuta ancora parcheggiata in localit\u00e0 Staul del Doro. L&#8217;ultimo messaggio, in cui diceva che tutto andava bene, era arrivato ieri verso le 12.20, di seguito il cellulare era risultato libero senza risposta, per poi non suonare pi\u00f9. Una squadra di soccorritori &#8211; sul posto presenti i Vigili del fuoco &#8211; \u00e8 salita nella notte fino al Col del Dof, posto a met\u00e0 tra Croce di Susin e Monte Sperone, e, non notando tracce recenti di passaggio in direzione Croce di Susin, ha proseguito fino alla cima del Col del Dof, per poi scendere il versante opposto e prendere la normale al Monte Sperone per andare a controllare il libro di vetta. Lungo il percorso i soccorritori hanno controllato i canali verso la Valle del Mis, finch\u00e9 sul filo di cresta non hanno trovato una racchetta abbandonata sul sentiero. Confrontatisi con il figlio e appurato che l&#8217;uomo le avesse con s\u00e9, la squadra si \u00e8 calata per una sessantina di metri, trovando segni di scivolamento e rami rotti. Risaliti sul sentiero, mentre un volontario restava nel punto sulla verticale, altri due tornavano indietro per poi arrivare alla base della parete dello Sperone e da l\u00ec percorrere le rampe erbose di traverso verso l&#8217;alto. Cos\u00ec, avanzati di 200 metri, i soccorritori hanno individuato il corpo senza vita dell&#8217;uomo, ruzzolato dal sentiero per circa 130 metri, appoggiato addosso a un cespuglio di alberi. Data la presenza della fitta vegetazione, poich\u00e9 le eliambulanza erano impegnate in altre missioni, non appena la nebbia lo ha permesso, l&#8217;elicottero dell&#8217;Air service center, convenzionato con il Soccorso alpino Dolomiti Bellunesi, ha sbarcato un tecnico provvisto di motosega, per liberare un varco tra gli alberi e facilitare il recupero, e trasportato sul sentiero soprastante una seconda squadra e due Vigili del fuoco, per attrezzare la calata del soccorritore e di supporto alle operazioni. Pulita la zona del recupero, la salma \u00e8 stata imbarellata e spostata utilizzando un gancio baricentrico di 50 metri, per essere lasciata a Sospirolo e affidata al carro funebre e ai Carabinieri. I soccorritori sul sentiero sono stati imbarcati e portati a valle, mentre i tre ancora in parete sono scesi autonomamente.<\/p>\n<p>Lamon (BL), 03 &#8211; 09 &#8211; 23 Attorno alle 14.30 \u00e8 scattato l&#8217;allarme per un ciclista che si era sentito poco bene, mentre con amici stava percorrendo il sentiero dal Rifugio Croset verso Lamon. Un compagno \u00e8 quindi sceso in localit\u00e0 Bellotti per dare l&#8217;allarme e un medico che si trovava sul posto \u00e8 risalito con lui e ha assistito il 60enne di Borgo Valsugana (TN) colto da malore, riaccompagnandolo in discesa fino a localit\u00e0 Bellotti, dove \u00e8 sopraggiunto Falco 2. Preso in carico dall&#8217;equipe medica, l&#8217;uomo \u00e8 stato issato a bordo con un verricello di 30 metri e trasportato all&#8217;ospedale di Feltre per le verifiche del caso.<\/p>","protected":false},"excerpt":{"rendered":"<p>Sospirolo (BL), 03 &#8211; 09 &#8211; 23\u00a0 \u00a0 Si sono concluse poco prima di mezzogiorno le operazioni di recupero del corpo senza vita di un escursionista, precipitato ieri dalla cresta del Monte Sperone. Questa notte attorno all&#8217;una e trenta \u00e8 stato attivato il Soccorso alpino di Belluno, a seguito della chiamata del figlio di M.R., [&hellip;]<\/p>\n","protected":false},"author":2,"featured_media":119120,"comment_status":"closed","ping_status":"open","sticky":false,"template":"","format":"standard","meta":{"footnotes":""},"categories":[5,26],"tags":[],"class_list":["post-143887","post","type-post","status-publish","format-standard","has-post-thumbnail","category-cronaca","category-prima-pagina"],"yoast_head":"<!-- This site is optimized with the Yoast SEO plugin v28.4 - https:\/\/yoast.com\/product\/yoast-seo-wordpress\/ -->\n<title>Precipita dal Monte Sperone e perde la vita. Altri interventi - Bellunopress - Dolomiti<\/title>\n<meta name=\"robots\" content=\"index, follow, max-snippet:-1, max-image-preview:large, max-video-preview:-1\" \/>\n<link rel=\"canonical\" href=\"https:\/\/www.bellunopress.it\/fr\/2023\/09\/03\/precipita-dal-monte-sperone-e-perde-la-vita\/\" \/>\n<meta property=\"og:locale\" content=\"fr_FR\" \/>\n<meta property=\"og:type\" content=\"article\" \/>\n<meta property=\"og:title\" content=\"Precipita dal Monte Sperone e perde la vita. Altri interventi - Bellunopress - Dolomiti\" \/>\n<meta property=\"og:description\" content=\"Sospirolo (BL), 03 &#8211; 09 &#8211; 23\u00a0 \u00a0 Si sono concluse poco prima di mezzogiorno le operazioni di recupero del corpo senza vita di un escursionista, precipitato ieri dalla cresta del Monte Sperone. Questa notte attorno all&#8217;una e trenta \u00e8 stato attivato il Soccorso alpino di Belluno, a seguito della chiamata del figlio di M.R., [&hellip;]\" \/>\n<meta property=\"og:url\" content=\"https:\/\/www.bellunopress.it\/fr\/2023\/09\/03\/precipita-dal-monte-sperone-e-perde-la-vita\/\" \/>\n<meta property=\"og:site_name\" content=\"Bellunopress - Dolomiti\" \/>\n<meta property=\"article:publisher\" content=\"https:\/\/www.facebook.com\/profile.php?id=100008943462799\" \/>\n<meta property=\"article:published_time\" content=\"2023-09-03T10:14:51+00:00\" \/>\n<meta property=\"article:modified_time\" content=\"2023-09-03T16:33:37+00:00\" \/>\n<meta property=\"og:image\" content=\"https:\/\/www.bellunopress.it\/wp-content\/uploads\/2020\/11\/cnsas-corpo-nazionale-soccorso-alpino-e-speleologico_edited.jpg\" \/>\n\t<meta property=\"og:image:width\" content=\"790\" \/>\n\t<meta property=\"og:image:height\" content=\"423\" \/>\n\t<meta property=\"og:image:type\" content=\"image\/jpeg\" \/>\n<meta name=\"author\" content=\"redazione\" \/>\n<meta name=\"twitter:card\" content=\"summary_large_image\" \/>\n<meta name=\"twitter:creator\" content=\"@bellunopress\" \/>\n<meta name=\"twitter:site\" content=\"@bellunopress\" \/>\n<meta name=\"twitter:label1\" content=\"Written by\" \/>\n\t<meta name=\"twitter:data1\" content=\"redazione\" \/>\n\t<meta name=\"twitter:label2\" content=\"Est. reading time\" \/>\n\t<meta name=\"twitter:data2\" content=\"3 minutes\" \/>\n<script type=\"application\/ld+json\" class=\"yoast-schema-graph\">{\"@context\":\"https:\\\/\\\/schema.org\",\"@graph\":[{\"@type\":\"Article\",\"@id\":\"https:\\\/\\\/www.bellunopress.it\\\/2023\\\/09\\\/03\\\/precipita-dal-monte-sperone-e-perde-la-vita\\\/#article\",\"isPartOf\":{\"@id\":\"https:\\\/\\\/www.bellunopress.it\\\/2023\\\/09\\\/03\\\/precipita-dal-monte-sperone-e-perde-la-vita\\\/\"},\"author\":{\"name\":\"redazione\",\"@id\":\"https:\\\/\\\/www.bellunopress.it\\\/#\\\/schema\\\/person\\\/79bb06722b37ece1c03d3e94beb30d73\"},\"headline\":\"Precipita dal Monte Sperone e perde la vita. Altri interventi\",\"datePublished\":\"2023-09-03T10:14:51+00:00\",\"dateModified\":\"2023-09-03T16:33:37+00:00\",\"mainEntityOfPage\":{\"@id\":\"https:\\\/\\\/www.bellunopress.it\\\/2023\\\/09\\\/03\\\/precipita-dal-monte-sperone-e-perde-la-vita\\\/\"},\"wordCount\":542,\"publisher\":{\"@id\":\"https:\\\/\\\/www.bellunopress.it\\\/#organization\"},\"image\":{\"@id\":\"https:\\\/\\\/www.bellunopress.it\\\/2023\\\/09\\\/03\\\/precipita-dal-monte-sperone-e-perde-la-vita\\\/#primaryimage\"},\"thumbnailUrl\":\"https:\\\/\\\/www.bellunopress.it\\\/wp-content\\\/uploads\\\/2020\\\/11\\\/cnsas-corpo-nazionale-soccorso-alpino-e-speleologico_edited.jpg\",\"articleSection\":[\"Cronaca\\\/Politica\",\"Prima Pagina\"],\"inLanguage\":\"fr-FR\"},{\"@type\":\"WebPage\",\"@id\":\"https:\\\/\\\/www.bellunopress.it\\\/2023\\\/09\\\/03\\\/precipita-dal-monte-sperone-e-perde-la-vita\\\/\",\"url\":\"https:\\\/\\\/www.bellunopress.it\\\/2023\\\/09\\\/03\\\/precipita-dal-monte-sperone-e-perde-la-vita\\\/\",\"name\":\"Precipita dal Monte Sperone e perde la vita. Altri interventi - Bellunopress - Dolomiti\",\"isPartOf\":{\"@id\":\"https:\\\/\\\/www.bellunopress.it\\\/#website\"},\"primaryImageOfPage\":{\"@id\":\"https:\\\/\\\/www.bellunopress.it\\\/2023\\\/09\\\/03\\\/precipita-dal-monte-sperone-e-perde-la-vita\\\/#primaryimage\"},\"image\":{\"@id\":\"https:\\\/\\\/www.bellunopress.it\\\/2023\\\/09\\\/03\\\/precipita-dal-monte-sperone-e-perde-la-vita\\\/#primaryimage\"},\"thumbnailUrl\":\"https:\\\/\\\/www.bellunopress.it\\\/wp-content\\\/uploads\\\/2020\\\/11\\\/cnsas-corpo-nazionale-soccorso-alpino-e-speleologico_edited.jpg\",\"datePublished\":\"2023-09-03T10:14:51+00:00\",\"dateModified\":\"2023-09-03T16:33:37+00:00\",\"breadcrumb\":{\"@id\":\"https:\\\/\\\/www.bellunopress.it\\\/2023\\\/09\\\/03\\\/precipita-dal-monte-sperone-e-perde-la-vita\\\/#breadcrumb\"},\"inLanguage\":\"fr-FR\",\"potentialAction\":[{\"@type\":\"ReadAction\",\"target\":[\"https:\\\/\\\/www.bellunopress.it\\\/2023\\\/09\\\/03\\\/precipita-dal-monte-sperone-e-perde-la-vita\\\/\"]}]},{\"@type\":\"ImageObject\",\"inLanguage\":\"fr-FR\",\"@id\":\"https:\\\/\\\/www.bellunopress.it\\\/2023\\\/09\\\/03\\\/precipita-dal-monte-sperone-e-perde-la-vita\\\/#primaryimage\",\"url\":\"https:\\\/\\\/www.bellunopress.it\\\/wp-content\\\/uploads\\\/2020\\\/11\\\/cnsas-corpo-nazionale-soccorso-alpino-e-speleologico_edited.jpg\",\"contentUrl\":\"https:\\\/\\\/www.bellunopress.it\\\/wp-content\\\/uploads\\\/2020\\\/11\\\/cnsas-corpo-nazionale-soccorso-alpino-e-speleologico_edited.jpg\",\"width\":790,\"height\":423,\"caption\":\"Soccorso 118\"},{\"@type\":\"BreadcrumbList\",\"@id\":\"https:\\\/\\\/www.bellunopress.it\\\/2023\\\/09\\\/03\\\/precipita-dal-monte-sperone-e-perde-la-vita\\\/#breadcrumb\",\"itemListElement\":[{\"@type\":\"ListItem\",\"position\":1,\"name\":\"Home\",\"item\":\"https:\\\/\\\/www.bellunopress.it\\\/\"},{\"@type\":\"ListItem\",\"position\":2,\"name\":\"Precipita dal Monte Sperone e perde la vita. Altri interventi\"}]},{\"@type\":\"WebSite\",\"@id\":\"https:\\\/\\\/www.bellunopress.it\\\/#website\",\"url\":\"https:\\\/\\\/www.bellunopress.it\\\/\",\"name\":\"Bellunopress - Dolomiti\",\"description\":\"e-mail: redazione@bellunopress.it\",\"publisher\":{\"@id\":\"https:\\\/\\\/www.bellunopress.it\\\/#organization\"},\"potentialAction\":[{\"@type\":\"SearchAction\",\"target\":{\"@type\":\"EntryPoint\",\"urlTemplate\":\"https:\\\/\\\/www.bellunopress.it\\\/?s={search_term_string}\"},\"query-input\":{\"@type\":\"PropertyValueSpecification\",\"valueRequired\":true,\"valueName\":\"search_term_string\"}}],\"inLanguage\":\"fr-FR\"},{\"@type\":\"Organization\",\"@id\":\"https:\\\/\\\/www.bellunopress.it\\\/#organization\",\"name\":\"Bellunopress\",\"url\":\"https:\\\/\\\/www.bellunopress.it\\\/\",\"logo\":{\"@type\":\"ImageObject\",\"inLanguage\":\"fr-FR\",\"@id\":\"https:\\\/\\\/www.bellunopress.it\\\/#\\\/schema\\\/logo\\\/image\\\/\",\"url\":\"https:\\\/\\\/www.bellunopress.it\\\/wp-content\\\/uploads\\\/2011\\\/05\\\/cropped-logo-bellunopress-.jpg\",\"contentUrl\":\"https:\\\/\\\/www.bellunopress.it\\\/wp-content\\\/uploads\\\/2011\\\/05\\\/cropped-logo-bellunopress-.jpg\",\"width\":512,\"height\":512,\"caption\":\"Bellunopress\"},\"image\":{\"@id\":\"https:\\\/\\\/www.bellunopress.it\\\/#\\\/schema\\\/logo\\\/image\\\/\"},\"sameAs\":[\"https:\\\/\\\/www.facebook.com\\\/profile.php?id=100008943462799\",\"https:\\\/\\\/x.com\\\/bellunopress\",\"https:\\\/\\\/www.linkedin.com\\\/hp\\\/?dnr=JBzUWaJfMUw8vbXJJ2tVW5-I3jZKvC4wsoxE&amp;amp;amp;amp;amp;amp;trk=nav_responsive_tab_home\",\"https:\\\/\\\/www.youtube.com\\\/channel\\\/UCxL0wu1uN0_3_7hGG0306cw\"]},{\"@type\":\"Person\",\"@id\":\"https:\\\/\\\/www.bellunopress.it\\\/#\\\/schema\\\/person\\\/79bb06722b37ece1c03d3e94beb30d73\",\"name\":\"redazione\",\"image\":{\"@type\":\"ImageObject\",\"inLanguage\":\"fr-FR\",\"@id\":\"https:\\\/\\\/secure.gravatar.com\\\/avatar\\\/37d968a2e67a6fd04c169c4bdef102d0bc5d31b2546345219e348575eb80e9a0?s=96&d=mm&r=g\",\"url\":\"https:\\\/\\\/secure.gravatar.com\\\/avatar\\\/37d968a2e67a6fd04c169c4bdef102d0bc5d31b2546345219e348575eb80e9a0?s=96&d=mm&r=g\",\"contentUrl\":\"https:\\\/\\\/secure.gravatar.com\\\/avatar\\\/37d968a2e67a6fd04c169c4bdef102d0bc5d31b2546345219e348575eb80e9a0?s=96&d=mm&r=g\",\"caption\":\"redazione\"},\"sameAs\":[\"http:\\\/\\\/www.bellunopress.it\",\"https:\\\/\\\/x.com\\\/bellunopress\"],\"url\":\"https:\\\/\\\/www.bellunopress.it\\\/fr\\\/author\\\/redazione\\\/\"}]}<\/script>\n<!-- \/ Yoast SEO plugin. -->","yoast_head_json":{"title":"Precipita dal Monte Sperone e perde la vita. Altri interventi - Bellunopress - Dolomiti","robots":{"index":"index","follow":"follow","max-snippet":"max-snippet:-1","max-image-preview":"max-image-preview:large","max-video-preview":"max-video-preview:-1"},"canonical":"https:\/\/www.bellunopress.it\/fr\/2023\/09\/03\/precipita-dal-monte-sperone-e-perde-la-vita\/","og_locale":"fr_FR","og_type":"article","og_title":"Precipita dal Monte Sperone e perde la vita. Altri interventi - Bellunopress - Dolomiti","og_description":"Sospirolo (BL), 03 &#8211; 09 &#8211; 23\u00a0 \u00a0 Si sono concluse poco prima di mezzogiorno le operazioni di recupero del corpo senza vita di un escursionista, precipitato ieri dalla cresta del Monte Sperone. Questa notte attorno all&#8217;una e trenta \u00e8 stato attivato il Soccorso alpino di Belluno, a seguito della chiamata del figlio di M.R., [&hellip;]","og_url":"https:\/\/www.bellunopress.it\/fr\/2023\/09\/03\/precipita-dal-monte-sperone-e-perde-la-vita\/","og_site_name":"Bellunopress - Dolomiti","article_publisher":"https:\/\/www.facebook.com\/profile.php?id=100008943462799","article_published_time":"2023-09-03T10:14:51+00:00","article_modified_time":"2023-09-03T16:33:37+00:00","og_image":[{"width":790,"height":423,"url":"https:\/\/www.bellunopress.it\/wp-content\/uploads\/2020\/11\/cnsas-corpo-nazionale-soccorso-alpino-e-speleologico_edited.jpg","type":"image\/jpeg"}],"author":"redazione","twitter_card":"summary_large_image","twitter_creator":"@bellunopress","twitter_site":"@bellunopress","twitter_misc":{"Written by":"redazione","Est. reading time":"3 minutes"},"schema":{"@context":"https:\/\/schema.org","@graph":[{"@type":"Article","@id":"https:\/\/www.bellunopress.it\/2023\/09\/03\/precipita-dal-monte-sperone-e-perde-la-vita\/#article","isPartOf":{"@id":"https:\/\/www.bellunopress.it\/2023\/09\/03\/precipita-dal-monte-sperone-e-perde-la-vita\/"},"author":{"name":"redazione","@id":"https:\/\/www.bellunopress.it\/#\/schema\/person\/79bb06722b37ece1c03d3e94beb30d73"},"headline":"Precipita dal Monte Sperone e perde la vita. Altri interventi","datePublished":"2023-09-03T10:14:51+00:00","dateModified":"2023-09-03T16:33:37+00:00","mainEntityOfPage":{"@id":"https:\/\/www.bellunopress.it\/2023\/09\/03\/precipita-dal-monte-sperone-e-perde-la-vita\/"},"wordCount":542,"publisher":{"@id":"https:\/\/www.bellunopress.it\/#organization"},"image":{"@id":"https:\/\/www.bellunopress.it\/2023\/09\/03\/precipita-dal-monte-sperone-e-perde-la-vita\/#primaryimage"},"thumbnailUrl":"https:\/\/www.bellunopress.it\/wp-content\/uploads\/2020\/11\/cnsas-corpo-nazionale-soccorso-alpino-e-speleologico_edited.jpg","articleSection":["Cronaca\/Politica","Prima Pagina"],"inLanguage":"fr-FR"},{"@type":"WebPage","@id":"https:\/\/www.bellunopress.it\/2023\/09\/03\/precipita-dal-monte-sperone-e-perde-la-vita\/","url":"https:\/\/www.bellunopress.it\/2023\/09\/03\/precipita-dal-monte-sperone-e-perde-la-vita\/","name":"Precipita dal Monte Sperone e perde la vita. Altri interventi - Bellunopress - Dolomiti","isPartOf":{"@id":"https:\/\/www.bellunopress.it\/#website"},"primaryImageOfPage":{"@id":"https:\/\/www.bellunopress.it\/2023\/09\/03\/precipita-dal-monte-sperone-e-perde-la-vita\/#primaryimage"},"image":{"@id":"https:\/\/www.bellunopress.it\/2023\/09\/03\/precipita-dal-monte-sperone-e-perde-la-vita\/#primaryimage"},"thumbnailUrl":"https:\/\/www.bellunopress.it\/wp-content\/uploads\/2020\/11\/cnsas-corpo-nazionale-soccorso-alpino-e-speleologico_edited.jpg","datePublished":"2023-09-03T10:14:51+00:00","dateModified":"2023-09-03T16:33:37+00:00","breadcrumb":{"@id":"https:\/\/www.bellunopress.it\/2023\/09\/03\/precipita-dal-monte-sperone-e-perde-la-vita\/#breadcrumb"},"inLanguage":"fr-FR","potentialAction":[{"@type":"ReadAction","target":["https:\/\/www.bellunopress.it\/2023\/09\/03\/precipita-dal-monte-sperone-e-perde-la-vita\/"]}]},{"@type":"ImageObject","inLanguage":"fr-FR","@id":"https:\/\/www.bellunopress.it\/2023\/09\/03\/precipita-dal-monte-sperone-e-perde-la-vita\/#primaryimage","url":"https:\/\/www.bellunopress.it\/wp-content\/uploads\/2020\/11\/cnsas-corpo-nazionale-soccorso-alpino-e-speleologico_edited.jpg","contentUrl":"https:\/\/www.bellunopress.it\/wp-content\/uploads\/2020\/11\/cnsas-corpo-nazionale-soccorso-alpino-e-speleologico_edited.jpg","width":790,"height":423,"caption":"Soccorso 118"},{"@type":"BreadcrumbList","@id":"https:\/\/www.bellunopress.it\/2023\/09\/03\/precipita-dal-monte-sperone-e-perde-la-vita\/#breadcrumb","itemListElement":[{"@type":"ListItem","position":1,"name":"Home","item":"https:\/\/www.bellunopress.it\/"},{"@type":"ListItem","position":2,"name":"Precipita dal Monte Sperone e perde la vita. Altri interventi"}]},{"@type":"WebSite","@id":"https:\/\/www.bellunopress.it\/#website","url":"https:\/\/www.bellunopress.it\/","name":"Bellunopress - Dolomiti","description":"e-mail: redazione@bellunopress.it","publisher":{"@id":"https:\/\/www.bellunopress.it\/#organization"},"potentialAction":[{"@type":"SearchAction","target":{"@type":"EntryPoint","urlTemplate":"https:\/\/www.bellunopress.it\/?s={search_term_string}"},"query-input":{"@type":"PropertyValueSpecification","valueRequired":true,"valueName":"search_term_string"}}],"inLanguage":"fr-FR"},{"@type":"Organization","@id":"https:\/\/www.bellunopress.it\/#organization","name":"Bellunopress","url":"https:\/\/www.bellunopress.it\/","logo":{"@type":"ImageObject","inLanguage":"fr-FR","@id":"https:\/\/www.bellunopress.it\/#\/schema\/logo\/image\/","url":"https:\/\/www.bellunopress.it\/wp-content\/uploads\/2011\/05\/cropped-logo-bellunopress-.jpg","contentUrl":"https:\/\/www.bellunopress.it\/wp-content\/uploads\/2011\/05\/cropped-logo-bellunopress-.jpg","width":512,"height":512,"caption":"Bellunopress"},"image":{"@id":"https:\/\/www.bellunopress.it\/#\/schema\/logo\/image\/"},"sameAs":["https:\/\/www.facebook.com\/profile.php?id=100008943462799","https:\/\/x.com\/bellunopress","https:\/\/www.linkedin.com\/hp\/?dnr=JBzUWaJfMUw8vbXJJ2tVW5-I3jZKvC4wsoxE&amp;amp;amp;amp;amp;amp;trk=nav_responsive_tab_home","https:\/\/www.youtube.com\/channel\/UCxL0wu1uN0_3_7hGG0306cw"]},{"@type":"Person","@id":"https:\/\/www.bellunopress.it\/#\/schema\/person\/79bb06722b37ece1c03d3e94beb30d73","name":"r\u00e9daction","image":{"@type":"ImageObject","inLanguage":"fr-FR","@id":"https:\/\/secure.gravatar.com\/avatar\/37d968a2e67a6fd04c169c4bdef102d0bc5d31b2546345219e348575eb80e9a0?s=96&d=mm&r=g","url":"https:\/\/secure.gravatar.com\/avatar\/37d968a2e67a6fd04c169c4bdef102d0bc5d31b2546345219e348575eb80e9a0?s=96&d=mm&r=g","contentUrl":"https:\/\/secure.gravatar.com\/avatar\/37d968a2e67a6fd04c169c4bdef102d0bc5d31b2546345219e348575eb80e9a0?s=96&d=mm&r=g","caption":"redazione"},"sameAs":["http:\/\/www.bellunopress.it","https:\/\/x.com\/bellunopress"],"url":"https:\/\/www.bellunopress.it\/fr\/author\/redazione\/"}]}},"_links":{"self":[{"href":"https:\/\/www.bellunopress.it\/fr\/wp-json\/wp\/v2\/posts\/143887","targetHints":{"allow":["GET"]}}],"collection":[{"href":"https:\/\/www.bellunopress.it\/fr\/wp-json\/wp\/v2\/posts"}],"about":[{"href":"https:\/\/www.bellunopress.it\/fr\/wp-json\/wp\/v2\/types\/post"}],"author":[{"embeddable":true,"href":"https:\/\/www.bellunopress.it\/fr\/wp-json\/wp\/v2\/users\/2"}],"replies":[{"embeddable":true,"href":"https:\/\/www.bellunopress.it\/fr\/wp-json\/wp\/v2\/comments?post=143887"}],"version-history":[{"count":3,"href":"https:\/\/www.bellunopress.it\/fr\/wp-json\/wp\/v2\/posts\/143887\/revisions"}],"predecessor-version":[{"id":143890,"href":"https:\/\/www.bellunopress.it\/fr\/wp-json\/wp\/v2\/posts\/143887\/revisions\/143890"}],"wp:featuredmedia":[{"embeddable":true,"href":"https:\/\/www.bellunopress.it\/fr\/wp-json\/wp\/v2\/media\/119120"}],"wp:attachment":[{"href":"https:\/\/www.bellunopress.it\/fr\/wp-json\/wp\/v2\/media?parent=143887"}],"wp:term":[{"taxonomy":"category","embeddable":true,"href":"https:\/\/www.bellunopress.it\/fr\/wp-json\/wp\/v2\/categories?post=143887"},{"taxonomy":"post_tag","embeddable":true,"href":"https:\/\/www.bellunopress.it\/fr\/wp-json\/wp\/v2\/tags?post=143887"}],"curies":[{"name":"wp","href":"https:\/\/api.w.org\/{rel}","templated":true}]}}