{"id":143884,"date":"2023-09-03T12:43:01","date_gmt":"2023-09-03T10:43:01","guid":{"rendered":"https:\/\/www.bellunopress.it\/?p=143884"},"modified":"2023-09-03T12:43:01","modified_gmt":"2023-09-03T10:43:01","slug":"progetto-nevegal-365-appuntamento-il-21-novembre-per-lasta-dellhotel-olivier-offerta-minima-458-78906-euro","status":"publish","type":"post","link":"https:\/\/www.bellunopress.it\/fr\/2023\/09\/03\/progetto-nevegal-365-appuntamento-il-21-novembre-per-lasta-dellhotel-olivier-offerta-minima-458-78906-euro\/","title":{"rendered":"Progetto Nevegal 365: appuntamento il 21 novembre per l&#8217;asta dell&#8217;Hotel Olivier. Offerta minima 458.789,06 euro"},"content":{"rendered":"<figure id=\"attachment_143821\" aria-describedby=\"caption-attachment-143821\" style=\"width: 853px\" class=\"wp-caption alignleft\"><img loading=\"lazy\" decoding=\"async\" class=\"size-full wp-image-143821\" src=\"https:\/\/www.bellunopress.it\/wp-content\/uploads\/2023\/08\/kamel-layachi-1_edited.jpg\" alt=\"\" width=\"853\" height=\"1000\" srcset=\"https:\/\/www.bellunopress.it\/wp-content\/uploads\/2023\/08\/kamel-layachi-1_edited.jpg 853w, https:\/\/www.bellunopress.it\/wp-content\/uploads\/2023\/08\/kamel-layachi-1_edited-427x500.jpg 427w, https:\/\/www.bellunopress.it\/wp-content\/uploads\/2023\/08\/kamel-layachi-1_edited-696x816.jpg 696w, https:\/\/www.bellunopress.it\/wp-content\/uploads\/2023\/08\/kamel-layachi-1_edited-358x420.jpg 358w\" sizes=\"auto, (max-width: 853px) 100vw, 853px\" \/><figcaption id=\"caption-attachment-143821\" class=\"wp-caption-text\">Kamel Layachi, amministratore unico della Nevegal 365 srl<\/figcaption><\/figure>\n<figure id=\"attachment_143885\" aria-describedby=\"caption-attachment-143885\" style=\"width: 1000px\" class=\"wp-caption alignleft\"><img loading=\"lazy\" decoding=\"async\" class=\"size-full wp-image-143885\" src=\"https:\/\/www.bellunopress.it\/wp-content\/uploads\/2023\/09\/hotel-Olivier-Nevegal_edited.jpg\" alt=\"\" width=\"1000\" height=\"628\" srcset=\"https:\/\/www.bellunopress.it\/wp-content\/uploads\/2023\/09\/hotel-Olivier-Nevegal_edited.jpg 1000w, https:\/\/www.bellunopress.it\/wp-content\/uploads\/2023\/09\/hotel-Olivier-Nevegal_edited-500x314.jpg 500w, https:\/\/www.bellunopress.it\/wp-content\/uploads\/2023\/09\/hotel-Olivier-Nevegal_edited-696x437.jpg 696w, https:\/\/www.bellunopress.it\/wp-content\/uploads\/2023\/09\/hotel-Olivier-Nevegal_edited-669x420.jpg 669w\" sizes=\"auto, (max-width: 1000px) 100vw, 1000px\" \/><figcaption id=\"caption-attachment-143885\" class=\"wp-caption-text\">Hotel Olivier &#8211; Nevegal, Belluno<\/figcaption><\/figure>\n<p>Belluno, 3 settembre 2023 \u2013 Torniamo a parlare del progetto di riqualificazione del Nevegal. Con il suo intervento in consiglio comunale del 30 agosto scorso, Kamel Layachi, amministratore unico della societ\u00e0 Nevegal 365 srl che si occuper\u00e0 del progetto, ha onorato promessa fatta alla conferenza di presentazione del 3 agosto a Palazzo Rosso, quando avevamo chiesto di conoscere il nome dei fondi di investimento che avrebbero finanziato il progetto.<\/p>\n<p>Layachi, infatti, ha precisato che \u00e8 gi\u00e0 stato deliberato l\u2019impegno per il Nevegal dal fondo di investimento Celeres Investiments (* Celeres Investments Ltd di Hong Kong opera dal 2012, opera e investe nella logistica, nel settore immobiliare, nelle catene di fast food, nei giochi per adulti, nel fitness, nella finanza e in altri settori), il quale si appoggia sulla compagnia di finanziamento Gas Extra Inc con sede a Londra (* societ\u00e0 a responsabilit\u00e0 limitata attiva, costituita il 01\/06\/2021 registrata presso la Companies House con il numero 13430737). Il Celeres Investiments, ha precisato Layachi, si appoggia su diverse compagnie finanziarie e la Gas Extra Inc collabora con la banca USB Svizzera. Quindi, secondo quanto ha dichiarato l\u2019amministratore unico della Nevegal 365 srl, esiste gi\u00e0 la copertura finanziaria di 60 milioni iniziali, ai quali \u00e8 stato chiesto un ulteriore finanziamento di 30 milioni da destinare al progetto specifico della scuola alberghiera proposto dal vicesindaco Paolo Gamba.<\/p>\n<p>Cento milioni, dunque, per il Nevegal e l&#8217;assicurazione che Nevegal 365 intende migliorare gli impianti, ma nella continuit\u00e0 e con la collaborazione di Nevegal 2021, la societ\u00e0 che gi\u00e0 si occupava della gestione degli impianti.<\/p>\n<p>Nel medesimo intervento a Palazzo Rosso, Layachi ha ribadito, inoltre, la volont\u00e0 di trattare l\u2019acquisto degli alberghi disponibili attualmente in Nevegal, per procedere alla loro completa ristrutturazione e trasformazione in hotel di lusso a 4 stelle con spa, mirati a una clientela internazionale. A tale scopo &#8211; ha precisato &#8211; la societ\u00e0 Nevegal 365 ha gi\u00e0 preso contatti con una societ\u00e0 di gestione di strutture ricettive olandese-spagnola specializzata in alberghi di montagna.<\/p>\n<p>Insomma, la copertura finanziaria c\u2019\u00e8, i progetti ci sono, c\u2019\u00e8 anche chi si occuper\u00e0 della gestione degli impianti e delle strutture alberghiere una volta acquisite e ristrutturate. Tutto questo \u00e8 stato ampiamente illustrato nei vari incontri ufficiali e istituzionali fornendo garanzie vagliate dalla Prefettura e dalla Questura.<br \/>\nA questo punto non rimane che attendere l\u2019esecuzione del &#8220;Progetto Nevegal 365&#8221;.<\/p>\n<p>Un primo appuntamento, in linea con i progetti descritti da Layachi, potrebbe essere quello dell\u2019acquisizione dello storico albergo Olivier in via Col de Gou, che potr\u00e0 essere acquistato <a href=\"https:\/\/www.asteannunci.it\/aste\/2019858\/10001\/albergo-e-pensione-belluno\">all\u2019asta del 21 novembre 2023<\/a>. La struttura, che aveva un valore da perizia di 2 milioni e 900mila euro, ora si pu\u00f2 acquistare presentando una offerta minima di 458.789,06 euro. Ci sembra un\u2019opportunit\u00e0 interessante.<\/p>\n<p>Roberto De Nart<\/p>","protected":false},"excerpt":{"rendered":"<p>Belluno, 3 settembre 2023 \u2013 Torniamo a parlare del progetto di riqualificazione del Nevegal. Con il suo intervento in consiglio comunale del 30 agosto scorso, Kamel Layachi, amministratore unico della societ\u00e0 Nevegal 365 srl che si occuper\u00e0 del progetto, ha onorato promessa fatta alla conferenza di presentazione del 3 agosto a Palazzo Rosso, quando avevamo [&hellip;]<\/p>\n","protected":false},"author":2,"featured_media":143885,"comment_status":"closed","ping_status":"open","sticky":false,"template":"","format":"standard","meta":{"footnotes":""},"categories":[3446,36,26],"tags":[],"class_list":["post-143884","post","type-post","status-publish","format-standard","has-post-thumbnail","category-featured","category-lavoro-economia","category-prima-pagina"],"yoast_head":"<!-- This site is optimized with the Yoast SEO plugin v28.4 - https:\/\/yoast.com\/product\/yoast-seo-wordpress\/ -->\n<title>Progetto Nevegal 365: appuntamento il 21 novembre per l&#039;asta dell&#039;Hotel Olivier. Offerta minima 458.789,06 euro - Bellunopress - Dolomiti<\/title>\n<meta name=\"robots\" content=\"index, follow, max-snippet:-1, max-image-preview:large, max-video-preview:-1\" \/>\n<link rel=\"canonical\" href=\"https:\/\/www.bellunopress.it\/fr\/2023\/09\/03\/progetto-nevegal-365-appuntamento-il-21-novembre-per-lasta-dellhotel-olivier-offerta-minima-458-78906-euro\/\" \/>\n<meta property=\"og:locale\" content=\"fr_FR\" \/>\n<meta property=\"og:type\" content=\"article\" \/>\n<meta property=\"og:title\" content=\"Progetto Nevegal 365: appuntamento il 21 novembre per l&#039;asta dell&#039;Hotel Olivier. Offerta minima 458.789,06 euro - Bellunopress - Dolomiti\" \/>\n<meta property=\"og:description\" content=\"Belluno, 3 settembre 2023 \u2013 Torniamo a parlare del progetto di riqualificazione del Nevegal. Con il suo intervento in consiglio comunale del 30 agosto scorso, Kamel Layachi, amministratore unico della societ\u00e0 Nevegal 365 srl che si occuper\u00e0 del progetto, ha onorato promessa fatta alla conferenza di presentazione del 3 agosto a Palazzo Rosso, quando avevamo [&hellip;]\" \/>\n<meta property=\"og:url\" content=\"https:\/\/www.bellunopress.it\/fr\/2023\/09\/03\/progetto-nevegal-365-appuntamento-il-21-novembre-per-lasta-dellhotel-olivier-offerta-minima-458-78906-euro\/\" \/>\n<meta property=\"og:site_name\" content=\"Bellunopress - Dolomiti\" \/>\n<meta property=\"article:publisher\" content=\"https:\/\/www.facebook.com\/profile.php?id=100008943462799\" \/>\n<meta property=\"article:published_time\" content=\"2023-09-03T10:43:01+00:00\" \/>\n<meta property=\"og:image\" content=\"https:\/\/www.bellunopress.it\/wp-content\/uploads\/2023\/09\/hotel-Olivier-Nevegal_edited.jpg\" \/>\n\t<meta property=\"og:image:width\" content=\"1000\" \/>\n\t<meta property=\"og:image:height\" content=\"628\" \/>\n\t<meta property=\"og:image:type\" content=\"image\/jpeg\" \/>\n<meta name=\"author\" content=\"redazione\" \/>\n<meta name=\"twitter:card\" content=\"summary_large_image\" \/>\n<meta name=\"twitter:creator\" content=\"@bellunopress\" \/>\n<meta name=\"twitter:site\" content=\"@bellunopress\" \/>\n<meta name=\"twitter:label1\" content=\"Written by\" \/>\n\t<meta name=\"twitter:data1\" content=\"redazione\" \/>\n\t<meta name=\"twitter:label2\" content=\"Est. reading time\" \/>\n\t<meta name=\"twitter:data2\" content=\"2 minutes\" \/>\n<script type=\"application\/ld+json\" class=\"yoast-schema-graph\">{\"@context\":\"https:\\\/\\\/schema.org\",\"@graph\":[{\"@type\":\"Article\",\"@id\":\"https:\\\/\\\/www.bellunopress.it\\\/2023\\\/09\\\/03\\\/progetto-nevegal-365-appuntamento-il-21-novembre-per-lasta-dellhotel-olivier-offerta-minima-458-78906-euro\\\/#article\",\"isPartOf\":{\"@id\":\"https:\\\/\\\/www.bellunopress.it\\\/2023\\\/09\\\/03\\\/progetto-nevegal-365-appuntamento-il-21-novembre-per-lasta-dellhotel-olivier-offerta-minima-458-78906-euro\\\/\"},\"author\":{\"name\":\"redazione\",\"@id\":\"https:\\\/\\\/www.bellunopress.it\\\/#\\\/schema\\\/person\\\/79bb06722b37ece1c03d3e94beb30d73\"},\"headline\":\"Progetto Nevegal 365: appuntamento il 21 novembre per l&#8217;asta dell&#8217;Hotel Olivier. Offerta minima 458.789,06 euro\",\"datePublished\":\"2023-09-03T10:43:01+00:00\",\"mainEntityOfPage\":{\"@id\":\"https:\\\/\\\/www.bellunopress.it\\\/2023\\\/09\\\/03\\\/progetto-nevegal-365-appuntamento-il-21-novembre-per-lasta-dellhotel-olivier-offerta-minima-458-78906-euro\\\/\"},\"wordCount\":476,\"publisher\":{\"@id\":\"https:\\\/\\\/www.bellunopress.it\\\/#organization\"},\"image\":{\"@id\":\"https:\\\/\\\/www.bellunopress.it\\\/2023\\\/09\\\/03\\\/progetto-nevegal-365-appuntamento-il-21-novembre-per-lasta-dellhotel-olivier-offerta-minima-458-78906-euro\\\/#primaryimage\"},\"thumbnailUrl\":\"https:\\\/\\\/www.bellunopress.it\\\/wp-content\\\/uploads\\\/2023\\\/09\\\/hotel-Olivier-Nevegal_edited.jpg\",\"articleSection\":[\"Featured\",\"Lavoro, Economia, Turismo\",\"Prima Pagina\"],\"inLanguage\":\"fr-FR\"},{\"@type\":\"WebPage\",\"@id\":\"https:\\\/\\\/www.bellunopress.it\\\/2023\\\/09\\\/03\\\/progetto-nevegal-365-appuntamento-il-21-novembre-per-lasta-dellhotel-olivier-offerta-minima-458-78906-euro\\\/\",\"url\":\"https:\\\/\\\/www.bellunopress.it\\\/2023\\\/09\\\/03\\\/progetto-nevegal-365-appuntamento-il-21-novembre-per-lasta-dellhotel-olivier-offerta-minima-458-78906-euro\\\/\",\"name\":\"Progetto Nevegal 365: appuntamento il 21 novembre per l'asta dell'Hotel Olivier. Offerta minima 458.789,06 euro - Bellunopress - Dolomiti\",\"isPartOf\":{\"@id\":\"https:\\\/\\\/www.bellunopress.it\\\/#website\"},\"primaryImageOfPage\":{\"@id\":\"https:\\\/\\\/www.bellunopress.it\\\/2023\\\/09\\\/03\\\/progetto-nevegal-365-appuntamento-il-21-novembre-per-lasta-dellhotel-olivier-offerta-minima-458-78906-euro\\\/#primaryimage\"},\"image\":{\"@id\":\"https:\\\/\\\/www.bellunopress.it\\\/2023\\\/09\\\/03\\\/progetto-nevegal-365-appuntamento-il-21-novembre-per-lasta-dellhotel-olivier-offerta-minima-458-78906-euro\\\/#primaryimage\"},\"thumbnailUrl\":\"https:\\\/\\\/www.bellunopress.it\\\/wp-content\\\/uploads\\\/2023\\\/09\\\/hotel-Olivier-Nevegal_edited.jpg\",\"datePublished\":\"2023-09-03T10:43:01+00:00\",\"breadcrumb\":{\"@id\":\"https:\\\/\\\/www.bellunopress.it\\\/2023\\\/09\\\/03\\\/progetto-nevegal-365-appuntamento-il-21-novembre-per-lasta-dellhotel-olivier-offerta-minima-458-78906-euro\\\/#breadcrumb\"},\"inLanguage\":\"fr-FR\",\"potentialAction\":[{\"@type\":\"ReadAction\",\"target\":[\"https:\\\/\\\/www.bellunopress.it\\\/2023\\\/09\\\/03\\\/progetto-nevegal-365-appuntamento-il-21-novembre-per-lasta-dellhotel-olivier-offerta-minima-458-78906-euro\\\/\"]}]},{\"@type\":\"ImageObject\",\"inLanguage\":\"fr-FR\",\"@id\":\"https:\\\/\\\/www.bellunopress.it\\\/2023\\\/09\\\/03\\\/progetto-nevegal-365-appuntamento-il-21-novembre-per-lasta-dellhotel-olivier-offerta-minima-458-78906-euro\\\/#primaryimage\",\"url\":\"https:\\\/\\\/www.bellunopress.it\\\/wp-content\\\/uploads\\\/2023\\\/09\\\/hotel-Olivier-Nevegal_edited.jpg\",\"contentUrl\":\"https:\\\/\\\/www.bellunopress.it\\\/wp-content\\\/uploads\\\/2023\\\/09\\\/hotel-Olivier-Nevegal_edited.jpg\",\"width\":1000,\"height\":628,\"caption\":\"Hotel Olivier - Nevegal, Belluno\"},{\"@type\":\"BreadcrumbList\",\"@id\":\"https:\\\/\\\/www.bellunopress.it\\\/2023\\\/09\\\/03\\\/progetto-nevegal-365-appuntamento-il-21-novembre-per-lasta-dellhotel-olivier-offerta-minima-458-78906-euro\\\/#breadcrumb\",\"itemListElement\":[{\"@type\":\"ListItem\",\"position\":1,\"name\":\"Home\",\"item\":\"https:\\\/\\\/www.bellunopress.it\\\/\"},{\"@type\":\"ListItem\",\"position\":2,\"name\":\"Progetto Nevegal 365: appuntamento il 21 novembre per l&#8217;asta dell&#8217;Hotel Olivier. Offerta minima 458.789,06 euro\"}]},{\"@type\":\"WebSite\",\"@id\":\"https:\\\/\\\/www.bellunopress.it\\\/#website\",\"url\":\"https:\\\/\\\/www.bellunopress.it\\\/\",\"name\":\"Bellunopress - Dolomiti\",\"description\":\"e-mail: redazione@bellunopress.it\",\"publisher\":{\"@id\":\"https:\\\/\\\/www.bellunopress.it\\\/#organization\"},\"potentialAction\":[{\"@type\":\"SearchAction\",\"target\":{\"@type\":\"EntryPoint\",\"urlTemplate\":\"https:\\\/\\\/www.bellunopress.it\\\/?s={search_term_string}\"},\"query-input\":{\"@type\":\"PropertyValueSpecification\",\"valueRequired\":true,\"valueName\":\"search_term_string\"}}],\"inLanguage\":\"fr-FR\"},{\"@type\":\"Organization\",\"@id\":\"https:\\\/\\\/www.bellunopress.it\\\/#organization\",\"name\":\"Bellunopress\",\"url\":\"https:\\\/\\\/www.bellunopress.it\\\/\",\"logo\":{\"@type\":\"ImageObject\",\"inLanguage\":\"fr-FR\",\"@id\":\"https:\\\/\\\/www.bellunopress.it\\\/#\\\/schema\\\/logo\\\/image\\\/\",\"url\":\"https:\\\/\\\/www.bellunopress.it\\\/wp-content\\\/uploads\\\/2011\\\/05\\\/cropped-logo-bellunopress-.jpg\",\"contentUrl\":\"https:\\\/\\\/www.bellunopress.it\\\/wp-content\\\/uploads\\\/2011\\\/05\\\/cropped-logo-bellunopress-.jpg\",\"width\":512,\"height\":512,\"caption\":\"Bellunopress\"},\"image\":{\"@id\":\"https:\\\/\\\/www.bellunopress.it\\\/#\\\/schema\\\/logo\\\/image\\\/\"},\"sameAs\":[\"https:\\\/\\\/www.facebook.com\\\/profile.php?id=100008943462799\",\"https:\\\/\\\/x.com\\\/bellunopress\",\"https:\\\/\\\/www.linkedin.com\\\/hp\\\/?dnr=JBzUWaJfMUw8vbXJJ2tVW5-I3jZKvC4wsoxE&amp;amp;amp;amp;amp;amp;trk=nav_responsive_tab_home\",\"https:\\\/\\\/www.youtube.com\\\/channel\\\/UCxL0wu1uN0_3_7hGG0306cw\"]},{\"@type\":\"Person\",\"@id\":\"https:\\\/\\\/www.bellunopress.it\\\/#\\\/schema\\\/person\\\/79bb06722b37ece1c03d3e94beb30d73\",\"name\":\"redazione\",\"image\":{\"@type\":\"ImageObject\",\"inLanguage\":\"fr-FR\",\"@id\":\"https:\\\/\\\/secure.gravatar.com\\\/avatar\\\/37d968a2e67a6fd04c169c4bdef102d0bc5d31b2546345219e348575eb80e9a0?s=96&d=mm&r=g\",\"url\":\"https:\\\/\\\/secure.gravatar.com\\\/avatar\\\/37d968a2e67a6fd04c169c4bdef102d0bc5d31b2546345219e348575eb80e9a0?s=96&d=mm&r=g\",\"contentUrl\":\"https:\\\/\\\/secure.gravatar.com\\\/avatar\\\/37d968a2e67a6fd04c169c4bdef102d0bc5d31b2546345219e348575eb80e9a0?s=96&d=mm&r=g\",\"caption\":\"redazione\"},\"sameAs\":[\"http:\\\/\\\/www.bellunopress.it\",\"https:\\\/\\\/x.com\\\/bellunopress\"],\"url\":\"https:\\\/\\\/www.bellunopress.it\\\/fr\\\/author\\\/redazione\\\/\"}]}<\/script>\n<!-- \/ Yoast SEO plugin. -->","yoast_head_json":{"title":"Progetto Nevegal 365: appuntamento il 21 novembre per l'asta dell'Hotel Olivier. Offerta minima 458.789,06 euro - Bellunopress - Dolomiti","robots":{"index":"index","follow":"follow","max-snippet":"max-snippet:-1","max-image-preview":"max-image-preview:large","max-video-preview":"max-video-preview:-1"},"canonical":"https:\/\/www.bellunopress.it\/fr\/2023\/09\/03\/progetto-nevegal-365-appuntamento-il-21-novembre-per-lasta-dellhotel-olivier-offerta-minima-458-78906-euro\/","og_locale":"fr_FR","og_type":"article","og_title":"Progetto Nevegal 365: appuntamento il 21 novembre per l'asta dell'Hotel Olivier. Offerta minima 458.789,06 euro - Bellunopress - Dolomiti","og_description":"Belluno, 3 settembre 2023 \u2013 Torniamo a parlare del progetto di riqualificazione del Nevegal. Con il suo intervento in consiglio comunale del 30 agosto scorso, Kamel Layachi, amministratore unico della societ\u00e0 Nevegal 365 srl che si occuper\u00e0 del progetto, ha onorato promessa fatta alla conferenza di presentazione del 3 agosto a Palazzo Rosso, quando avevamo [&hellip;]","og_url":"https:\/\/www.bellunopress.it\/fr\/2023\/09\/03\/progetto-nevegal-365-appuntamento-il-21-novembre-per-lasta-dellhotel-olivier-offerta-minima-458-78906-euro\/","og_site_name":"Bellunopress - Dolomiti","article_publisher":"https:\/\/www.facebook.com\/profile.php?id=100008943462799","article_published_time":"2023-09-03T10:43:01+00:00","og_image":[{"width":1000,"height":628,"url":"https:\/\/www.bellunopress.it\/wp-content\/uploads\/2023\/09\/hotel-Olivier-Nevegal_edited.jpg","type":"image\/jpeg"}],"author":"redazione","twitter_card":"summary_large_image","twitter_creator":"@bellunopress","twitter_site":"@bellunopress","twitter_misc":{"Written by":"redazione","Est. reading time":"2 minutes"},"schema":{"@context":"https:\/\/schema.org","@graph":[{"@type":"Article","@id":"https:\/\/www.bellunopress.it\/2023\/09\/03\/progetto-nevegal-365-appuntamento-il-21-novembre-per-lasta-dellhotel-olivier-offerta-minima-458-78906-euro\/#article","isPartOf":{"@id":"https:\/\/www.bellunopress.it\/2023\/09\/03\/progetto-nevegal-365-appuntamento-il-21-novembre-per-lasta-dellhotel-olivier-offerta-minima-458-78906-euro\/"},"author":{"name":"redazione","@id":"https:\/\/www.bellunopress.it\/#\/schema\/person\/79bb06722b37ece1c03d3e94beb30d73"},"headline":"Progetto Nevegal 365: appuntamento il 21 novembre per l&#8217;asta dell&#8217;Hotel Olivier. Offerta minima 458.789,06 euro","datePublished":"2023-09-03T10:43:01+00:00","mainEntityOfPage":{"@id":"https:\/\/www.bellunopress.it\/2023\/09\/03\/progetto-nevegal-365-appuntamento-il-21-novembre-per-lasta-dellhotel-olivier-offerta-minima-458-78906-euro\/"},"wordCount":476,"publisher":{"@id":"https:\/\/www.bellunopress.it\/#organization"},"image":{"@id":"https:\/\/www.bellunopress.it\/2023\/09\/03\/progetto-nevegal-365-appuntamento-il-21-novembre-per-lasta-dellhotel-olivier-offerta-minima-458-78906-euro\/#primaryimage"},"thumbnailUrl":"https:\/\/www.bellunopress.it\/wp-content\/uploads\/2023\/09\/hotel-Olivier-Nevegal_edited.jpg","articleSection":["Featured","Lavoro, Economia, Turismo","Prima Pagina"],"inLanguage":"fr-FR"},{"@type":"WebPage","@id":"https:\/\/www.bellunopress.it\/2023\/09\/03\/progetto-nevegal-365-appuntamento-il-21-novembre-per-lasta-dellhotel-olivier-offerta-minima-458-78906-euro\/","url":"https:\/\/www.bellunopress.it\/2023\/09\/03\/progetto-nevegal-365-appuntamento-il-21-novembre-per-lasta-dellhotel-olivier-offerta-minima-458-78906-euro\/","name":"Progetto Nevegal 365: appuntamento il 21 novembre per l'asta dell'Hotel Olivier. Offerta minima 458.789,06 euro - Bellunopress - Dolomiti","isPartOf":{"@id":"https:\/\/www.bellunopress.it\/#website"},"primaryImageOfPage":{"@id":"https:\/\/www.bellunopress.it\/2023\/09\/03\/progetto-nevegal-365-appuntamento-il-21-novembre-per-lasta-dellhotel-olivier-offerta-minima-458-78906-euro\/#primaryimage"},"image":{"@id":"https:\/\/www.bellunopress.it\/2023\/09\/03\/progetto-nevegal-365-appuntamento-il-21-novembre-per-lasta-dellhotel-olivier-offerta-minima-458-78906-euro\/#primaryimage"},"thumbnailUrl":"https:\/\/www.bellunopress.it\/wp-content\/uploads\/2023\/09\/hotel-Olivier-Nevegal_edited.jpg","datePublished":"2023-09-03T10:43:01+00:00","breadcrumb":{"@id":"https:\/\/www.bellunopress.it\/2023\/09\/03\/progetto-nevegal-365-appuntamento-il-21-novembre-per-lasta-dellhotel-olivier-offerta-minima-458-78906-euro\/#breadcrumb"},"inLanguage":"fr-FR","potentialAction":[{"@type":"ReadAction","target":["https:\/\/www.bellunopress.it\/2023\/09\/03\/progetto-nevegal-365-appuntamento-il-21-novembre-per-lasta-dellhotel-olivier-offerta-minima-458-78906-euro\/"]}]},{"@type":"ImageObject","inLanguage":"fr-FR","@id":"https:\/\/www.bellunopress.it\/2023\/09\/03\/progetto-nevegal-365-appuntamento-il-21-novembre-per-lasta-dellhotel-olivier-offerta-minima-458-78906-euro\/#primaryimage","url":"https:\/\/www.bellunopress.it\/wp-content\/uploads\/2023\/09\/hotel-Olivier-Nevegal_edited.jpg","contentUrl":"https:\/\/www.bellunopress.it\/wp-content\/uploads\/2023\/09\/hotel-Olivier-Nevegal_edited.jpg","width":1000,"height":628,"caption":"Hotel Olivier - Nevegal, Belluno"},{"@type":"BreadcrumbList","@id":"https:\/\/www.bellunopress.it\/2023\/09\/03\/progetto-nevegal-365-appuntamento-il-21-novembre-per-lasta-dellhotel-olivier-offerta-minima-458-78906-euro\/#breadcrumb","itemListElement":[{"@type":"ListItem","position":1,"name":"Home","item":"https:\/\/www.bellunopress.it\/"},{"@type":"ListItem","position":2,"name":"Progetto Nevegal 365: appuntamento il 21 novembre per l&#8217;asta dell&#8217;Hotel Olivier. Offerta minima 458.789,06 euro"}]},{"@type":"WebSite","@id":"https:\/\/www.bellunopress.it\/#website","url":"https:\/\/www.bellunopress.it\/","name":"Bellunopress - Dolomiti","description":"e-mail: redazione@bellunopress.it","publisher":{"@id":"https:\/\/www.bellunopress.it\/#organization"},"potentialAction":[{"@type":"SearchAction","target":{"@type":"EntryPoint","urlTemplate":"https:\/\/www.bellunopress.it\/?s={search_term_string}"},"query-input":{"@type":"PropertyValueSpecification","valueRequired":true,"valueName":"search_term_string"}}],"inLanguage":"fr-FR"},{"@type":"Organization","@id":"https:\/\/www.bellunopress.it\/#organization","name":"Bellunopress","url":"https:\/\/www.bellunopress.it\/","logo":{"@type":"ImageObject","inLanguage":"fr-FR","@id":"https:\/\/www.bellunopress.it\/#\/schema\/logo\/image\/","url":"https:\/\/www.bellunopress.it\/wp-content\/uploads\/2011\/05\/cropped-logo-bellunopress-.jpg","contentUrl":"https:\/\/www.bellunopress.it\/wp-content\/uploads\/2011\/05\/cropped-logo-bellunopress-.jpg","width":512,"height":512,"caption":"Bellunopress"},"image":{"@id":"https:\/\/www.bellunopress.it\/#\/schema\/logo\/image\/"},"sameAs":["https:\/\/www.facebook.com\/profile.php?id=100008943462799","https:\/\/x.com\/bellunopress","https:\/\/www.linkedin.com\/hp\/?dnr=JBzUWaJfMUw8vbXJJ2tVW5-I3jZKvC4wsoxE&amp;amp;amp;amp;amp;amp;trk=nav_responsive_tab_home","https:\/\/www.youtube.com\/channel\/UCxL0wu1uN0_3_7hGG0306cw"]},{"@type":"Person","@id":"https:\/\/www.bellunopress.it\/#\/schema\/person\/79bb06722b37ece1c03d3e94beb30d73","name":"r\u00e9daction","image":{"@type":"ImageObject","inLanguage":"fr-FR","@id":"https:\/\/secure.gravatar.com\/avatar\/37d968a2e67a6fd04c169c4bdef102d0bc5d31b2546345219e348575eb80e9a0?s=96&d=mm&r=g","url":"https:\/\/secure.gravatar.com\/avatar\/37d968a2e67a6fd04c169c4bdef102d0bc5d31b2546345219e348575eb80e9a0?s=96&d=mm&r=g","contentUrl":"https:\/\/secure.gravatar.com\/avatar\/37d968a2e67a6fd04c169c4bdef102d0bc5d31b2546345219e348575eb80e9a0?s=96&d=mm&r=g","caption":"redazione"},"sameAs":["http:\/\/www.bellunopress.it","https:\/\/x.com\/bellunopress"],"url":"https:\/\/www.bellunopress.it\/fr\/author\/redazione\/"}]}},"_links":{"self":[{"href":"https:\/\/www.bellunopress.it\/fr\/wp-json\/wp\/v2\/posts\/143884","targetHints":{"allow":["GET"]}}],"collection":[{"href":"https:\/\/www.bellunopress.it\/fr\/wp-json\/wp\/v2\/posts"}],"about":[{"href":"https:\/\/www.bellunopress.it\/fr\/wp-json\/wp\/v2\/types\/post"}],"author":[{"embeddable":true,"href":"https:\/\/www.bellunopress.it\/fr\/wp-json\/wp\/v2\/users\/2"}],"replies":[{"embeddable":true,"href":"https:\/\/www.bellunopress.it\/fr\/wp-json\/wp\/v2\/comments?post=143884"}],"version-history":[{"count":1,"href":"https:\/\/www.bellunopress.it\/fr\/wp-json\/wp\/v2\/posts\/143884\/revisions"}],"predecessor-version":[{"id":143886,"href":"https:\/\/www.bellunopress.it\/fr\/wp-json\/wp\/v2\/posts\/143884\/revisions\/143886"}],"wp:featuredmedia":[{"embeddable":true,"href":"https:\/\/www.bellunopress.it\/fr\/wp-json\/wp\/v2\/media\/143885"}],"wp:attachment":[{"href":"https:\/\/www.bellunopress.it\/fr\/wp-json\/wp\/v2\/media?parent=143884"}],"wp:term":[{"taxonomy":"category","embeddable":true,"href":"https:\/\/www.bellunopress.it\/fr\/wp-json\/wp\/v2\/categories?post=143884"},{"taxonomy":"post_tag","embeddable":true,"href":"https:\/\/www.bellunopress.it\/fr\/wp-json\/wp\/v2\/tags?post=143884"}],"curies":[{"name":"wp","href":"https:\/\/api.w.org\/{rel}","templated":true}]}}