{"id":143877,"date":"2023-09-02T09:21:18","date_gmt":"2023-09-02T07:21:18","guid":{"rendered":"https:\/\/www.bellunopress.it\/?p=143877"},"modified":"2023-09-02T23:19:31","modified_gmt":"2023-09-02T21:19:31","slug":"due-interventi-nella-notte","status":"publish","type":"post","link":"https:\/\/www.bellunopress.it\/fr\/2023\/09\/02\/due-interventi-nella-notte\/","title":{"rendered":"Due interventi nella notte"},"content":{"rendered":"<p><img loading=\"lazy\" decoding=\"async\" class=\"alignleft size-full wp-image-142914\" src=\"https:\/\/www.bellunopress.it\/wp-content\/uploads\/2023\/07\/soccorso-nella-notte_edited.jpg\" alt=\"\" width=\"1000\" height=\"750\" srcset=\"https:\/\/www.bellunopress.it\/wp-content\/uploads\/2023\/07\/soccorso-nella-notte_edited.jpg 1000w, https:\/\/www.bellunopress.it\/wp-content\/uploads\/2023\/07\/soccorso-nella-notte_edited-500x375.jpg 500w, https:\/\/www.bellunopress.it\/wp-content\/uploads\/2023\/07\/soccorso-nella-notte_edited-696x522.jpg 696w, https:\/\/www.bellunopress.it\/wp-content\/uploads\/2023\/07\/soccorso-nella-notte_edited-560x420.jpg 560w, https:\/\/www.bellunopress.it\/wp-content\/uploads\/2023\/07\/soccorso-nella-notte_edited-80x60.jpg 80w, https:\/\/www.bellunopress.it\/wp-content\/uploads\/2023\/07\/soccorso-nella-notte_edited-265x198.jpg 265w\" sizes=\"auto, (max-width: 1000px) 100vw, 1000px\" \/>Belluno, 02 &#8211; 09 &#8211; 23\u00a0 \u00a0Sono due gli interventi che hanno tenuto a lungo impegnate nella notte le squadre del Soccorso alpino di Auronzo e della Guardia di finanza, sulle Tre Cime di Lavaredo, e del Soccorso alpino di San Vito di Cadore sul Sorapis.<\/p>\n<p>Ieri passate le 19 la Centrale del 118 ha ricevuto la chiamata di due alpinisti della Repubblica Ceca di 27 e 29 anni che, completata la scalata dello Spigolo Dibona, erano usciti fuori traccia e non riuscivano pi\u00f9 a orientarsi sulla via normale per il rientro dalla Cima Grande di Lavaredo, pur avendo provato a dare loro indicazioni telefoniche. L&#8217;elicottero del Suem di Pieve di Cadore \u00e8 quindi volato sulle Tre Cime per cercare di recuperarli, ma fin dall&#8217;inizio \u00e8 stato chiaro che sarebbe stato molto difficile si aprisse un varco tra le nuvole in quota e la nebbia in basso. L&#8217;eliambulanza ha infatti effettuato alcuni tentativi senza purtroppo riuscire ed \u00e8 dovuta rientrare alla base. Sono quindi partiti 4 soccorritori della Stazione di Auronzo e 4 della Guardia di finanza che, risaliti lungo la normale fin sopra la Piramide, li hanno visti, raggiunti e riaccompagnati al Rifugio Lavaredo dove hanno passato la notte. L&#8217;intervento si \u00e8 concluso alle 2.<\/p>\n<p>Attorno alle 20 \u00e8 stato invece attivato il Soccorso alpino di San Vito di Cadore per due escursionisti 36enni di Chioggia (VE), che erano usciti fuori traccia sul Sentiero Minazio. I due erano partiti dal Passo Tre Croci per il giro del Sorapis. Saliti al Vandelli, avevano completato la Ferrata Vandelli, superato il Bivacco Comici e stavano percorrendo il saliscendi di non facile orientamento del Minazio, diretti al Bivacco Slataper per dormire e poi ripartire questa mattina e completare il giro con la Ferrata Berti. A Circa 2.300 metri di quota sono per\u00f2 usciti dell&#8217;itinerario e hanno chiesto aiuto, non riuscendo pi\u00f9 a muoversi. Una squadra \u00e8 salita da Forcella Grande e, facendo affidamento sulle coordinate abbastanza precise della loro posizione, li hanno individuati verso le 22.40. Stavano bene, erano solo stanchi e hanno camminato in autonomia al seguito dei soccorritori che li hanno riportati sul sentiero. Scesi ai mezzi, i due uomini sono poi stati accompagnati alla loro macchina al Tre Croci. L&#8217;intervento si \u00e8 concluso alle 2.40.<\/p>\n<p>Canale d&#8217;Agordo (BL), 02 &#8211; 09 &#8211; 23 Passato mezzogiorno e mezza, la Centrale del 118 \u00e8 stata contattata da marito e moglie che, andando in cerca di funghi non distante dalla sterrata che sale al Rifugio Lagazzon, avevano perso l&#8217;orientamento e non sapevano pi\u00f9 dove si trovavano. Risaliti alle coordinate e verificato che non erano distanti, si \u00e8 tentato di ricondurli sulla strada dando loro indicazioni telefoniche, ma la signora di 82 anni, di Ravenna, era affaticata e non pi\u00f9 in grado di muoversi. Una squadra del Soccorso alpino della Val Biois \u00e8 quindi salita in jeep per poi raggiungere a piedi la coppia. Marito, di 84 anni, e moglie sono stati aiutati a tornare sulla strada e da l\u00ec accompagnati al loro mezzo.<\/p>","protected":false},"excerpt":{"rendered":"<p>Belluno, 02 &#8211; 09 &#8211; 23\u00a0 \u00a0Sono due gli interventi che hanno tenuto a lungo impegnate nella notte le squadre del Soccorso alpino di Auronzo e della Guardia di finanza, sulle Tre Cime di Lavaredo, e del Soccorso alpino di San Vito di Cadore sul Sorapis. Ieri passate le 19 la Centrale del 118 ha [&hellip;]<\/p>\n","protected":false},"author":2,"featured_media":142914,"comment_status":"closed","ping_status":"open","sticky":false,"template":"","format":"standard","meta":{"footnotes":""},"categories":[5],"tags":[],"class_list":["post-143877","post","type-post","status-publish","format-standard","has-post-thumbnail","category-cronaca"],"yoast_head":"<!-- This site is optimized with the Yoast SEO plugin v28.4 - https:\/\/yoast.com\/product\/yoast-seo-wordpress\/ -->\n<title>Due interventi nella notte - Bellunopress - Dolomiti<\/title>\n<meta name=\"robots\" content=\"index, follow, max-snippet:-1, max-image-preview:large, max-video-preview:-1\" \/>\n<link rel=\"canonical\" href=\"https:\/\/www.bellunopress.it\/fr\/2023\/09\/02\/due-interventi-nella-notte\/\" \/>\n<meta property=\"og:locale\" content=\"fr_FR\" \/>\n<meta property=\"og:type\" content=\"article\" \/>\n<meta property=\"og:title\" content=\"Due interventi nella notte - Bellunopress - Dolomiti\" \/>\n<meta property=\"og:description\" content=\"Belluno, 02 &#8211; 09 &#8211; 23\u00a0 \u00a0Sono due gli interventi che hanno tenuto a lungo impegnate nella notte le squadre del Soccorso alpino di Auronzo e della Guardia di finanza, sulle Tre Cime di Lavaredo, e del Soccorso alpino di San Vito di Cadore sul Sorapis. Ieri passate le 19 la Centrale del 118 ha [&hellip;]\" \/>\n<meta property=\"og:url\" content=\"https:\/\/www.bellunopress.it\/fr\/2023\/09\/02\/due-interventi-nella-notte\/\" \/>\n<meta property=\"og:site_name\" content=\"Bellunopress - Dolomiti\" \/>\n<meta property=\"article:publisher\" content=\"https:\/\/www.facebook.com\/profile.php?id=100008943462799\" \/>\n<meta property=\"article:published_time\" content=\"2023-09-02T07:21:18+00:00\" \/>\n<meta property=\"article:modified_time\" content=\"2023-09-02T21:19:31+00:00\" \/>\n<meta property=\"og:image\" content=\"https:\/\/www.bellunopress.it\/wp-content\/uploads\/2023\/07\/soccorso-nella-notte_edited.jpg\" \/>\n\t<meta property=\"og:image:width\" content=\"1000\" \/>\n\t<meta property=\"og:image:height\" content=\"750\" \/>\n\t<meta property=\"og:image:type\" content=\"image\/jpeg\" \/>\n<meta name=\"author\" content=\"redazione\" \/>\n<meta name=\"twitter:card\" content=\"summary_large_image\" \/>\n<meta name=\"twitter:creator\" content=\"@bellunopress\" \/>\n<meta name=\"twitter:site\" content=\"@bellunopress\" \/>\n<meta name=\"twitter:label1\" content=\"\u00c9crit par\" \/>\n\t<meta name=\"twitter:data1\" content=\"redazione\" \/>\n\t<meta name=\"twitter:label2\" content=\"Dur\u00e9e de lecture estim\u00e9e\" \/>\n\t<meta name=\"twitter:data2\" content=\"2 minutes\" \/>\n<script type=\"application\/ld+json\" class=\"yoast-schema-graph\">{\"@context\":\"https:\\\/\\\/schema.org\",\"@graph\":[{\"@type\":\"Article\",\"@id\":\"https:\\\/\\\/www.bellunopress.it\\\/2023\\\/09\\\/02\\\/due-interventi-nella-notte\\\/#article\",\"isPartOf\":{\"@id\":\"https:\\\/\\\/www.bellunopress.it\\\/2023\\\/09\\\/02\\\/due-interventi-nella-notte\\\/\"},\"author\":{\"name\":\"redazione\",\"@id\":\"https:\\\/\\\/www.bellunopress.it\\\/#\\\/schema\\\/person\\\/79bb06722b37ece1c03d3e94beb30d73\"},\"headline\":\"Due interventi nella notte\",\"datePublished\":\"2023-09-02T07:21:18+00:00\",\"dateModified\":\"2023-09-02T21:19:31+00:00\",\"mainEntityOfPage\":{\"@id\":\"https:\\\/\\\/www.bellunopress.it\\\/2023\\\/09\\\/02\\\/due-interventi-nella-notte\\\/\"},\"wordCount\":482,\"publisher\":{\"@id\":\"https:\\\/\\\/www.bellunopress.it\\\/#organization\"},\"image\":{\"@id\":\"https:\\\/\\\/www.bellunopress.it\\\/2023\\\/09\\\/02\\\/due-interventi-nella-notte\\\/#primaryimage\"},\"thumbnailUrl\":\"https:\\\/\\\/www.bellunopress.it\\\/wp-content\\\/uploads\\\/2023\\\/07\\\/soccorso-nella-notte_edited.jpg\",\"articleSection\":[\"Cronaca\\\/Politica\"],\"inLanguage\":\"fr-FR\"},{\"@type\":\"WebPage\",\"@id\":\"https:\\\/\\\/www.bellunopress.it\\\/2023\\\/09\\\/02\\\/due-interventi-nella-notte\\\/\",\"url\":\"https:\\\/\\\/www.bellunopress.it\\\/2023\\\/09\\\/02\\\/due-interventi-nella-notte\\\/\",\"name\":\"Due interventi nella notte - Bellunopress - Dolomiti\",\"isPartOf\":{\"@id\":\"https:\\\/\\\/www.bellunopress.it\\\/#website\"},\"primaryImageOfPage\":{\"@id\":\"https:\\\/\\\/www.bellunopress.it\\\/2023\\\/09\\\/02\\\/due-interventi-nella-notte\\\/#primaryimage\"},\"image\":{\"@id\":\"https:\\\/\\\/www.bellunopress.it\\\/2023\\\/09\\\/02\\\/due-interventi-nella-notte\\\/#primaryimage\"},\"thumbnailUrl\":\"https:\\\/\\\/www.bellunopress.it\\\/wp-content\\\/uploads\\\/2023\\\/07\\\/soccorso-nella-notte_edited.jpg\",\"datePublished\":\"2023-09-02T07:21:18+00:00\",\"dateModified\":\"2023-09-02T21:19:31+00:00\",\"breadcrumb\":{\"@id\":\"https:\\\/\\\/www.bellunopress.it\\\/2023\\\/09\\\/02\\\/due-interventi-nella-notte\\\/#breadcrumb\"},\"inLanguage\":\"fr-FR\",\"potentialAction\":[{\"@type\":\"ReadAction\",\"target\":[\"https:\\\/\\\/www.bellunopress.it\\\/2023\\\/09\\\/02\\\/due-interventi-nella-notte\\\/\"]}]},{\"@type\":\"ImageObject\",\"inLanguage\":\"fr-FR\",\"@id\":\"https:\\\/\\\/www.bellunopress.it\\\/2023\\\/09\\\/02\\\/due-interventi-nella-notte\\\/#primaryimage\",\"url\":\"https:\\\/\\\/www.bellunopress.it\\\/wp-content\\\/uploads\\\/2023\\\/07\\\/soccorso-nella-notte_edited.jpg\",\"contentUrl\":\"https:\\\/\\\/www.bellunopress.it\\\/wp-content\\\/uploads\\\/2023\\\/07\\\/soccorso-nella-notte_edited.jpg\",\"width\":1000,\"height\":750,\"caption\":\"foto di repertorio\"},{\"@type\":\"BreadcrumbList\",\"@id\":\"https:\\\/\\\/www.bellunopress.it\\\/2023\\\/09\\\/02\\\/due-interventi-nella-notte\\\/#breadcrumb\",\"itemListElement\":[{\"@type\":\"ListItem\",\"position\":1,\"name\":\"Home\",\"item\":\"https:\\\/\\\/www.bellunopress.it\\\/\"},{\"@type\":\"ListItem\",\"position\":2,\"name\":\"Due interventi nella notte\"}]},{\"@type\":\"WebSite\",\"@id\":\"https:\\\/\\\/www.bellunopress.it\\\/#website\",\"url\":\"https:\\\/\\\/www.bellunopress.it\\\/\",\"name\":\"Bellunopress - Dolomiti\",\"description\":\"e-mail: redazione@bellunopress.it\",\"publisher\":{\"@id\":\"https:\\\/\\\/www.bellunopress.it\\\/#organization\"},\"potentialAction\":[{\"@type\":\"SearchAction\",\"target\":{\"@type\":\"EntryPoint\",\"urlTemplate\":\"https:\\\/\\\/www.bellunopress.it\\\/?s={search_term_string}\"},\"query-input\":{\"@type\":\"PropertyValueSpecification\",\"valueRequired\":true,\"valueName\":\"search_term_string\"}}],\"inLanguage\":\"fr-FR\"},{\"@type\":\"Organization\",\"@id\":\"https:\\\/\\\/www.bellunopress.it\\\/#organization\",\"name\":\"Bellunopress\",\"url\":\"https:\\\/\\\/www.bellunopress.it\\\/\",\"logo\":{\"@type\":\"ImageObject\",\"inLanguage\":\"fr-FR\",\"@id\":\"https:\\\/\\\/www.bellunopress.it\\\/#\\\/schema\\\/logo\\\/image\\\/\",\"url\":\"https:\\\/\\\/www.bellunopress.it\\\/wp-content\\\/uploads\\\/2011\\\/05\\\/cropped-logo-bellunopress-.jpg\",\"contentUrl\":\"https:\\\/\\\/www.bellunopress.it\\\/wp-content\\\/uploads\\\/2011\\\/05\\\/cropped-logo-bellunopress-.jpg\",\"width\":512,\"height\":512,\"caption\":\"Bellunopress\"},\"image\":{\"@id\":\"https:\\\/\\\/www.bellunopress.it\\\/#\\\/schema\\\/logo\\\/image\\\/\"},\"sameAs\":[\"https:\\\/\\\/www.facebook.com\\\/profile.php?id=100008943462799\",\"https:\\\/\\\/x.com\\\/bellunopress\",\"https:\\\/\\\/www.linkedin.com\\\/hp\\\/?dnr=JBzUWaJfMUw8vbXJJ2tVW5-I3jZKvC4wsoxE&amp;amp;amp;amp;amp;amp;trk=nav_responsive_tab_home\",\"https:\\\/\\\/www.youtube.com\\\/channel\\\/UCxL0wu1uN0_3_7hGG0306cw\"]},{\"@type\":\"Person\",\"@id\":\"https:\\\/\\\/www.bellunopress.it\\\/#\\\/schema\\\/person\\\/79bb06722b37ece1c03d3e94beb30d73\",\"name\":\"redazione\",\"image\":{\"@type\":\"ImageObject\",\"inLanguage\":\"fr-FR\",\"@id\":\"https:\\\/\\\/secure.gravatar.com\\\/avatar\\\/37d968a2e67a6fd04c169c4bdef102d0bc5d31b2546345219e348575eb80e9a0?s=96&d=mm&r=g\",\"url\":\"https:\\\/\\\/secure.gravatar.com\\\/avatar\\\/37d968a2e67a6fd04c169c4bdef102d0bc5d31b2546345219e348575eb80e9a0?s=96&d=mm&r=g\",\"contentUrl\":\"https:\\\/\\\/secure.gravatar.com\\\/avatar\\\/37d968a2e67a6fd04c169c4bdef102d0bc5d31b2546345219e348575eb80e9a0?s=96&d=mm&r=g\",\"caption\":\"redazione\"},\"sameAs\":[\"http:\\\/\\\/www.bellunopress.it\",\"https:\\\/\\\/x.com\\\/bellunopress\"],\"url\":\"https:\\\/\\\/www.bellunopress.it\\\/fr\\\/author\\\/redazione\\\/\"}]}<\/script>\n<!-- \/ Yoast SEO plugin. -->","yoast_head_json":{"title":"Due interventi nella notte - Bellunopress - Dolomiti","robots":{"index":"index","follow":"follow","max-snippet":"max-snippet:-1","max-image-preview":"max-image-preview:large","max-video-preview":"max-video-preview:-1"},"canonical":"https:\/\/www.bellunopress.it\/fr\/2023\/09\/02\/due-interventi-nella-notte\/","og_locale":"fr_FR","og_type":"article","og_title":"Due interventi nella notte - Bellunopress - Dolomiti","og_description":"Belluno, 02 &#8211; 09 &#8211; 23\u00a0 \u00a0Sono due gli interventi che hanno tenuto a lungo impegnate nella notte le squadre del Soccorso alpino di Auronzo e della Guardia di finanza, sulle Tre Cime di Lavaredo, e del Soccorso alpino di San Vito di Cadore sul Sorapis. Ieri passate le 19 la Centrale del 118 ha [&hellip;]","og_url":"https:\/\/www.bellunopress.it\/fr\/2023\/09\/02\/due-interventi-nella-notte\/","og_site_name":"Bellunopress - Dolomiti","article_publisher":"https:\/\/www.facebook.com\/profile.php?id=100008943462799","article_published_time":"2023-09-02T07:21:18+00:00","article_modified_time":"2023-09-02T21:19:31+00:00","og_image":[{"width":1000,"height":750,"url":"https:\/\/www.bellunopress.it\/wp-content\/uploads\/2023\/07\/soccorso-nella-notte_edited.jpg","type":"image\/jpeg"}],"author":"redazione","twitter_card":"summary_large_image","twitter_creator":"@bellunopress","twitter_site":"@bellunopress","twitter_misc":{"\u00c9crit par":"redazione","Dur\u00e9e de lecture estim\u00e9e":"2 minutes"},"schema":{"@context":"https:\/\/schema.org","@graph":[{"@type":"Article","@id":"https:\/\/www.bellunopress.it\/2023\/09\/02\/due-interventi-nella-notte\/#article","isPartOf":{"@id":"https:\/\/www.bellunopress.it\/2023\/09\/02\/due-interventi-nella-notte\/"},"author":{"name":"redazione","@id":"https:\/\/www.bellunopress.it\/#\/schema\/person\/79bb06722b37ece1c03d3e94beb30d73"},"headline":"Due interventi nella notte","datePublished":"2023-09-02T07:21:18+00:00","dateModified":"2023-09-02T21:19:31+00:00","mainEntityOfPage":{"@id":"https:\/\/www.bellunopress.it\/2023\/09\/02\/due-interventi-nella-notte\/"},"wordCount":482,"publisher":{"@id":"https:\/\/www.bellunopress.it\/#organization"},"image":{"@id":"https:\/\/www.bellunopress.it\/2023\/09\/02\/due-interventi-nella-notte\/#primaryimage"},"thumbnailUrl":"https:\/\/www.bellunopress.it\/wp-content\/uploads\/2023\/07\/soccorso-nella-notte_edited.jpg","articleSection":["Cronaca\/Politica"],"inLanguage":"fr-FR"},{"@type":"WebPage","@id":"https:\/\/www.bellunopress.it\/2023\/09\/02\/due-interventi-nella-notte\/","url":"https:\/\/www.bellunopress.it\/2023\/09\/02\/due-interventi-nella-notte\/","name":"Due interventi nella notte - Bellunopress - Dolomiti","isPartOf":{"@id":"https:\/\/www.bellunopress.it\/#website"},"primaryImageOfPage":{"@id":"https:\/\/www.bellunopress.it\/2023\/09\/02\/due-interventi-nella-notte\/#primaryimage"},"image":{"@id":"https:\/\/www.bellunopress.it\/2023\/09\/02\/due-interventi-nella-notte\/#primaryimage"},"thumbnailUrl":"https:\/\/www.bellunopress.it\/wp-content\/uploads\/2023\/07\/soccorso-nella-notte_edited.jpg","datePublished":"2023-09-02T07:21:18+00:00","dateModified":"2023-09-02T21:19:31+00:00","breadcrumb":{"@id":"https:\/\/www.bellunopress.it\/2023\/09\/02\/due-interventi-nella-notte\/#breadcrumb"},"inLanguage":"fr-FR","potentialAction":[{"@type":"ReadAction","target":["https:\/\/www.bellunopress.it\/2023\/09\/02\/due-interventi-nella-notte\/"]}]},{"@type":"ImageObject","inLanguage":"fr-FR","@id":"https:\/\/www.bellunopress.it\/2023\/09\/02\/due-interventi-nella-notte\/#primaryimage","url":"https:\/\/www.bellunopress.it\/wp-content\/uploads\/2023\/07\/soccorso-nella-notte_edited.jpg","contentUrl":"https:\/\/www.bellunopress.it\/wp-content\/uploads\/2023\/07\/soccorso-nella-notte_edited.jpg","width":1000,"height":750,"caption":"foto di repertorio"},{"@type":"BreadcrumbList","@id":"https:\/\/www.bellunopress.it\/2023\/09\/02\/due-interventi-nella-notte\/#breadcrumb","itemListElement":[{"@type":"ListItem","position":1,"name":"Home","item":"https:\/\/www.bellunopress.it\/"},{"@type":"ListItem","position":2,"name":"Due interventi nella notte"}]},{"@type":"WebSite","@id":"https:\/\/www.bellunopress.it\/#website","url":"https:\/\/www.bellunopress.it\/","name":"Bellunopress - Dolomiti","description":"e-mail: redazione@bellunopress.it","publisher":{"@id":"https:\/\/www.bellunopress.it\/#organization"},"potentialAction":[{"@type":"SearchAction","target":{"@type":"EntryPoint","urlTemplate":"https:\/\/www.bellunopress.it\/?s={search_term_string}"},"query-input":{"@type":"PropertyValueSpecification","valueRequired":true,"valueName":"search_term_string"}}],"inLanguage":"fr-FR"},{"@type":"Organization","@id":"https:\/\/www.bellunopress.it\/#organization","name":"Bellunopress","url":"https:\/\/www.bellunopress.it\/","logo":{"@type":"ImageObject","inLanguage":"fr-FR","@id":"https:\/\/www.bellunopress.it\/#\/schema\/logo\/image\/","url":"https:\/\/www.bellunopress.it\/wp-content\/uploads\/2011\/05\/cropped-logo-bellunopress-.jpg","contentUrl":"https:\/\/www.bellunopress.it\/wp-content\/uploads\/2011\/05\/cropped-logo-bellunopress-.jpg","width":512,"height":512,"caption":"Bellunopress"},"image":{"@id":"https:\/\/www.bellunopress.it\/#\/schema\/logo\/image\/"},"sameAs":["https:\/\/www.facebook.com\/profile.php?id=100008943462799","https:\/\/x.com\/bellunopress","https:\/\/www.linkedin.com\/hp\/?dnr=JBzUWaJfMUw8vbXJJ2tVW5-I3jZKvC4wsoxE&amp;amp;amp;amp;amp;amp;trk=nav_responsive_tab_home","https:\/\/www.youtube.com\/channel\/UCxL0wu1uN0_3_7hGG0306cw"]},{"@type":"Person","@id":"https:\/\/www.bellunopress.it\/#\/schema\/person\/79bb06722b37ece1c03d3e94beb30d73","name":"r\u00e9daction","image":{"@type":"ImageObject","inLanguage":"fr-FR","@id":"https:\/\/secure.gravatar.com\/avatar\/37d968a2e67a6fd04c169c4bdef102d0bc5d31b2546345219e348575eb80e9a0?s=96&d=mm&r=g","url":"https:\/\/secure.gravatar.com\/avatar\/37d968a2e67a6fd04c169c4bdef102d0bc5d31b2546345219e348575eb80e9a0?s=96&d=mm&r=g","contentUrl":"https:\/\/secure.gravatar.com\/avatar\/37d968a2e67a6fd04c169c4bdef102d0bc5d31b2546345219e348575eb80e9a0?s=96&d=mm&r=g","caption":"redazione"},"sameAs":["http:\/\/www.bellunopress.it","https:\/\/x.com\/bellunopress"],"url":"https:\/\/www.bellunopress.it\/fr\/author\/redazione\/"}]}},"_links":{"self":[{"href":"https:\/\/www.bellunopress.it\/fr\/wp-json\/wp\/v2\/posts\/143877","targetHints":{"allow":["GET"]}}],"collection":[{"href":"https:\/\/www.bellunopress.it\/fr\/wp-json\/wp\/v2\/posts"}],"about":[{"href":"https:\/\/www.bellunopress.it\/fr\/wp-json\/wp\/v2\/types\/post"}],"author":[{"embeddable":true,"href":"https:\/\/www.bellunopress.it\/fr\/wp-json\/wp\/v2\/users\/2"}],"replies":[{"embeddable":true,"href":"https:\/\/www.bellunopress.it\/fr\/wp-json\/wp\/v2\/comments?post=143877"}],"version-history":[{"count":2,"href":"https:\/\/www.bellunopress.it\/fr\/wp-json\/wp\/v2\/posts\/143877\/revisions"}],"predecessor-version":[{"id":143881,"href":"https:\/\/www.bellunopress.it\/fr\/wp-json\/wp\/v2\/posts\/143877\/revisions\/143881"}],"wp:featuredmedia":[{"embeddable":true,"href":"https:\/\/www.bellunopress.it\/fr\/wp-json\/wp\/v2\/media\/142914"}],"wp:attachment":[{"href":"https:\/\/www.bellunopress.it\/fr\/wp-json\/wp\/v2\/media?parent=143877"}],"wp:term":[{"taxonomy":"category","embeddable":true,"href":"https:\/\/www.bellunopress.it\/fr\/wp-json\/wp\/v2\/categories?post=143877"},{"taxonomy":"post_tag","embeddable":true,"href":"https:\/\/www.bellunopress.it\/fr\/wp-json\/wp\/v2\/tags?post=143877"}],"curies":[{"name":"wp","href":"https:\/\/api.w.org\/{rel}","templated":true}]}}