{"id":143835,"date":"2023-08-31T15:58:37","date_gmt":"2023-08-31T13:58:37","guid":{"rendered":"https:\/\/www.bellunopress.it\/?p=143835"},"modified":"2023-08-31T15:58:37","modified_gmt":"2023-08-31T13:58:37","slug":"la-memoria-del-cuore-sabato-a-feltre-la-presentazione-del-libro-di-gabriella-pedata","status":"publish","type":"post","link":"https:\/\/www.bellunopress.it\/fr\/2023\/08\/31\/la-memoria-del-cuore-sabato-a-feltre-la-presentazione-del-libro-di-gabriella-pedata\/","title":{"rendered":"La memoria del cuore. Sabato a Feltre la presentazione del libro di Gabriella Pedata"},"content":{"rendered":"<p><img loading=\"lazy\" decoding=\"async\" class=\"alignleft size-full wp-image-113912\" src=\"https:\/\/www.bellunopress.it\/wp-content\/uploads\/2020\/04\/citt\u00e0-di-Feltre_edited.jpg\" alt=\"\" width=\"449\" height=\"519\" srcset=\"https:\/\/www.bellunopress.it\/wp-content\/uploads\/2020\/04\/citt\u00e0-di-Feltre_edited.jpg 449w, https:\/\/www.bellunopress.it\/wp-content\/uploads\/2020\/04\/citt\u00e0-di-Feltre_edited-433x500.jpg 433w, https:\/\/www.bellunopress.it\/wp-content\/uploads\/2020\/04\/citt\u00e0-di-Feltre_edited-363x420.jpg 363w\" sizes=\"auto, (max-width: 449px) 100vw, 449px\" \/>Il morbo di Alzheimer, la forma pi\u00f9 diffusa di demenza, \u00e8 una malattia neurodegenerativa che colpisce ogni anno nel mondo milioni di persone.<\/p>\n<p>Gabriella Pedata, autrice del libro \u201cLa Memoria Del Cuore\u201d racconta risvolti emotivi, psicologici e assistenziali che si trovano a fronteggiare quotidianamente i familiari che si occupano dei propri cari affetti da demenza, ma parla anche di opportunit\u00e0 che spesso le malattie, nella loro crudelt\u00e0, ci presentano. Un racconto con diversi spunti di riflessione e suggerimenti per familiari che si trovano ad affrontare questo percorso difficile ma anche rivolto a chi non sa che l\u2019Alzheimer non \u00e8 soltanto una parola impronunciabile legata alla perdita della memoria.<\/p>\n<p>La presentazione del libro, patrocinato dal Comune di Feltre, si svolger\u00e0 presso la Sala degli Stemmi del Comune di Feltre, il 2 settembre 2023 alle ore 15.30.<\/p>\n<p>All\u2019evento sar\u00e0 presente l\u2019assessore alle Politiche Sociali Maurizio Zatta e il dott. Paolo Piazza in qualit\u00e0 di direttore dell\u2019Azienda Feltrina che interverr\u00e0 per raccontare la sua esperienza nella gestione del centro Alzheimer di Feltre<\/p>\n<p>L\u2019evento avr\u00e0 luogo grazie alla disponibilit\u00e0 degli spazi del Comune di Feltre , per la parte organizzativa della Associazione Libera Italia , per la sicurezza dai Volontari della Protezione Civile Monte Peron .<\/p>\n<p>La cittadinanza \u00e8 invitata a partecipare con la possibilit\u00e0 di intervenire con domande, suggerimenti e portando la propria esperienza. L\u2019ingresso \u00e8 libero.<\/p>","protected":false},"excerpt":{"rendered":"<p>Il morbo di Alzheimer, la forma pi\u00f9 diffusa di demenza, \u00e8 una malattia neurodegenerativa che colpisce ogni anno nel mondo milioni di persone. Gabriella Pedata, autrice del libro \u201cLa Memoria Del Cuore\u201d racconta risvolti emotivi, psicologici e assistenziali che si trovano a fronteggiare quotidianamente i familiari che si occupano dei propri cari affetti da demenza, [&hellip;]<\/p>\n","protected":false},"author":2,"featured_media":113912,"comment_status":"closed","ping_status":"open","sticky":false,"template":"","format":"standard","meta":{"footnotes":""},"categories":[27,25],"tags":[],"class_list":["post-143835","post","type-post","status-publish","format-standard","has-post-thumbnail","category-appuntamenti","category-pausa-caffe"],"yoast_head":"<!-- This site is optimized with the Yoast SEO plugin v28.4 - https:\/\/yoast.com\/product\/yoast-seo-wordpress\/ -->\n<title>La memoria del cuore. Sabato a Feltre la presentazione del libro di Gabriella Pedata - Bellunopress - Dolomiti<\/title>\n<meta name=\"robots\" content=\"index, follow, max-snippet:-1, max-image-preview:large, max-video-preview:-1\" \/>\n<link rel=\"canonical\" href=\"https:\/\/www.bellunopress.it\/fr\/2023\/08\/31\/la-memoria-del-cuore-sabato-a-feltre-la-presentazione-del-libro-di-gabriella-pedata\/\" \/>\n<meta property=\"og:locale\" content=\"fr_FR\" \/>\n<meta property=\"og:type\" content=\"article\" \/>\n<meta property=\"og:title\" content=\"La memoria del cuore. Sabato a Feltre la presentazione del libro di Gabriella Pedata - Bellunopress - Dolomiti\" \/>\n<meta property=\"og:description\" content=\"Il morbo di Alzheimer, la forma pi\u00f9 diffusa di demenza, \u00e8 una malattia neurodegenerativa che colpisce ogni anno nel mondo milioni di persone. Gabriella Pedata, autrice del libro \u201cLa Memoria Del Cuore\u201d racconta risvolti emotivi, psicologici e assistenziali che si trovano a fronteggiare quotidianamente i familiari che si occupano dei propri cari affetti da demenza, [&hellip;]\" \/>\n<meta property=\"og:url\" content=\"https:\/\/www.bellunopress.it\/fr\/2023\/08\/31\/la-memoria-del-cuore-sabato-a-feltre-la-presentazione-del-libro-di-gabriella-pedata\/\" \/>\n<meta property=\"og:site_name\" content=\"Bellunopress - Dolomiti\" \/>\n<meta property=\"article:publisher\" content=\"https:\/\/www.facebook.com\/profile.php?id=100008943462799\" \/>\n<meta property=\"article:published_time\" content=\"2023-08-31T13:58:37+00:00\" \/>\n<meta property=\"og:image\" content=\"https:\/\/www.bellunopress.it\/wp-content\/uploads\/2020\/04\/citt\u00e0-di-Feltre_edited.jpg\" \/>\n\t<meta property=\"og:image:width\" content=\"449\" \/>\n\t<meta property=\"og:image:height\" content=\"519\" \/>\n\t<meta property=\"og:image:type\" content=\"image\/jpeg\" \/>\n<meta name=\"author\" content=\"redazione\" \/>\n<meta name=\"twitter:card\" content=\"summary_large_image\" \/>\n<meta name=\"twitter:creator\" content=\"@bellunopress\" \/>\n<meta name=\"twitter:site\" content=\"@bellunopress\" \/>\n<meta name=\"twitter:label1\" content=\"\u00c9crit par\" \/>\n\t<meta name=\"twitter:data1\" content=\"redazione\" \/>\n\t<meta name=\"twitter:label2\" content=\"Dur\u00e9e de lecture estim\u00e9e\" \/>\n\t<meta name=\"twitter:data2\" content=\"1 minute\" \/>\n<script type=\"application\/ld+json\" class=\"yoast-schema-graph\">{\"@context\":\"https:\\\/\\\/schema.org\",\"@graph\":[{\"@type\":\"Article\",\"@id\":\"https:\\\/\\\/www.bellunopress.it\\\/2023\\\/08\\\/31\\\/la-memoria-del-cuore-sabato-a-feltre-la-presentazione-del-libro-di-gabriella-pedata\\\/#article\",\"isPartOf\":{\"@id\":\"https:\\\/\\\/www.bellunopress.it\\\/2023\\\/08\\\/31\\\/la-memoria-del-cuore-sabato-a-feltre-la-presentazione-del-libro-di-gabriella-pedata\\\/\"},\"author\":{\"name\":\"redazione\",\"@id\":\"https:\\\/\\\/www.bellunopress.it\\\/#\\\/schema\\\/person\\\/79bb06722b37ece1c03d3e94beb30d73\"},\"headline\":\"La memoria del cuore. Sabato a Feltre la presentazione del libro di Gabriella Pedata\",\"datePublished\":\"2023-08-31T13:58:37+00:00\",\"mainEntityOfPage\":{\"@id\":\"https:\\\/\\\/www.bellunopress.it\\\/2023\\\/08\\\/31\\\/la-memoria-del-cuore-sabato-a-feltre-la-presentazione-del-libro-di-gabriella-pedata\\\/\"},\"wordCount\":234,\"publisher\":{\"@id\":\"https:\\\/\\\/www.bellunopress.it\\\/#organization\"},\"image\":{\"@id\":\"https:\\\/\\\/www.bellunopress.it\\\/2023\\\/08\\\/31\\\/la-memoria-del-cuore-sabato-a-feltre-la-presentazione-del-libro-di-gabriella-pedata\\\/#primaryimage\"},\"thumbnailUrl\":\"https:\\\/\\\/www.bellunopress.it\\\/wp-content\\\/uploads\\\/2020\\\/04\\\/citt\u00e0-di-Feltre_edited.jpg\",\"articleSection\":[\"Appuntamenti, Eventi\",\"Pausa Caff\u00e8\"],\"inLanguage\":\"fr-FR\"},{\"@type\":\"WebPage\",\"@id\":\"https:\\\/\\\/www.bellunopress.it\\\/2023\\\/08\\\/31\\\/la-memoria-del-cuore-sabato-a-feltre-la-presentazione-del-libro-di-gabriella-pedata\\\/\",\"url\":\"https:\\\/\\\/www.bellunopress.it\\\/2023\\\/08\\\/31\\\/la-memoria-del-cuore-sabato-a-feltre-la-presentazione-del-libro-di-gabriella-pedata\\\/\",\"name\":\"La memoria del cuore. Sabato a Feltre la presentazione del libro di Gabriella Pedata - Bellunopress - Dolomiti\",\"isPartOf\":{\"@id\":\"https:\\\/\\\/www.bellunopress.it\\\/#website\"},\"primaryImageOfPage\":{\"@id\":\"https:\\\/\\\/www.bellunopress.it\\\/2023\\\/08\\\/31\\\/la-memoria-del-cuore-sabato-a-feltre-la-presentazione-del-libro-di-gabriella-pedata\\\/#primaryimage\"},\"image\":{\"@id\":\"https:\\\/\\\/www.bellunopress.it\\\/2023\\\/08\\\/31\\\/la-memoria-del-cuore-sabato-a-feltre-la-presentazione-del-libro-di-gabriella-pedata\\\/#primaryimage\"},\"thumbnailUrl\":\"https:\\\/\\\/www.bellunopress.it\\\/wp-content\\\/uploads\\\/2020\\\/04\\\/citt\u00e0-di-Feltre_edited.jpg\",\"datePublished\":\"2023-08-31T13:58:37+00:00\",\"breadcrumb\":{\"@id\":\"https:\\\/\\\/www.bellunopress.it\\\/2023\\\/08\\\/31\\\/la-memoria-del-cuore-sabato-a-feltre-la-presentazione-del-libro-di-gabriella-pedata\\\/#breadcrumb\"},\"inLanguage\":\"fr-FR\",\"potentialAction\":[{\"@type\":\"ReadAction\",\"target\":[\"https:\\\/\\\/www.bellunopress.it\\\/2023\\\/08\\\/31\\\/la-memoria-del-cuore-sabato-a-feltre-la-presentazione-del-libro-di-gabriella-pedata\\\/\"]}]},{\"@type\":\"ImageObject\",\"inLanguage\":\"fr-FR\",\"@id\":\"https:\\\/\\\/www.bellunopress.it\\\/2023\\\/08\\\/31\\\/la-memoria-del-cuore-sabato-a-feltre-la-presentazione-del-libro-di-gabriella-pedata\\\/#primaryimage\",\"url\":\"https:\\\/\\\/www.bellunopress.it\\\/wp-content\\\/uploads\\\/2020\\\/04\\\/citt\u00e0-di-Feltre_edited.jpg\",\"contentUrl\":\"https:\\\/\\\/www.bellunopress.it\\\/wp-content\\\/uploads\\\/2020\\\/04\\\/citt\u00e0-di-Feltre_edited.jpg\",\"width\":449,\"height\":519},{\"@type\":\"BreadcrumbList\",\"@id\":\"https:\\\/\\\/www.bellunopress.it\\\/2023\\\/08\\\/31\\\/la-memoria-del-cuore-sabato-a-feltre-la-presentazione-del-libro-di-gabriella-pedata\\\/#breadcrumb\",\"itemListElement\":[{\"@type\":\"ListItem\",\"position\":1,\"name\":\"Home\",\"item\":\"https:\\\/\\\/www.bellunopress.it\\\/\"},{\"@type\":\"ListItem\",\"position\":2,\"name\":\"La memoria del cuore. Sabato a Feltre la presentazione del libro di Gabriella Pedata\"}]},{\"@type\":\"WebSite\",\"@id\":\"https:\\\/\\\/www.bellunopress.it\\\/#website\",\"url\":\"https:\\\/\\\/www.bellunopress.it\\\/\",\"name\":\"Bellunopress - Dolomiti\",\"description\":\"e-mail: redazione@bellunopress.it\",\"publisher\":{\"@id\":\"https:\\\/\\\/www.bellunopress.it\\\/#organization\"},\"potentialAction\":[{\"@type\":\"SearchAction\",\"target\":{\"@type\":\"EntryPoint\",\"urlTemplate\":\"https:\\\/\\\/www.bellunopress.it\\\/?s={search_term_string}\"},\"query-input\":{\"@type\":\"PropertyValueSpecification\",\"valueRequired\":true,\"valueName\":\"search_term_string\"}}],\"inLanguage\":\"fr-FR\"},{\"@type\":\"Organization\",\"@id\":\"https:\\\/\\\/www.bellunopress.it\\\/#organization\",\"name\":\"Bellunopress\",\"url\":\"https:\\\/\\\/www.bellunopress.it\\\/\",\"logo\":{\"@type\":\"ImageObject\",\"inLanguage\":\"fr-FR\",\"@id\":\"https:\\\/\\\/www.bellunopress.it\\\/#\\\/schema\\\/logo\\\/image\\\/\",\"url\":\"https:\\\/\\\/www.bellunopress.it\\\/wp-content\\\/uploads\\\/2011\\\/05\\\/cropped-logo-bellunopress-.jpg\",\"contentUrl\":\"https:\\\/\\\/www.bellunopress.it\\\/wp-content\\\/uploads\\\/2011\\\/05\\\/cropped-logo-bellunopress-.jpg\",\"width\":512,\"height\":512,\"caption\":\"Bellunopress\"},\"image\":{\"@id\":\"https:\\\/\\\/www.bellunopress.it\\\/#\\\/schema\\\/logo\\\/image\\\/\"},\"sameAs\":[\"https:\\\/\\\/www.facebook.com\\\/profile.php?id=100008943462799\",\"https:\\\/\\\/x.com\\\/bellunopress\",\"https:\\\/\\\/www.linkedin.com\\\/hp\\\/?dnr=JBzUWaJfMUw8vbXJJ2tVW5-I3jZKvC4wsoxE&amp;amp;amp;amp;amp;amp;trk=nav_responsive_tab_home\",\"https:\\\/\\\/www.youtube.com\\\/channel\\\/UCxL0wu1uN0_3_7hGG0306cw\"]},{\"@type\":\"Person\",\"@id\":\"https:\\\/\\\/www.bellunopress.it\\\/#\\\/schema\\\/person\\\/79bb06722b37ece1c03d3e94beb30d73\",\"name\":\"redazione\",\"image\":{\"@type\":\"ImageObject\",\"inLanguage\":\"fr-FR\",\"@id\":\"https:\\\/\\\/secure.gravatar.com\\\/avatar\\\/37d968a2e67a6fd04c169c4bdef102d0bc5d31b2546345219e348575eb80e9a0?s=96&d=mm&r=g\",\"url\":\"https:\\\/\\\/secure.gravatar.com\\\/avatar\\\/37d968a2e67a6fd04c169c4bdef102d0bc5d31b2546345219e348575eb80e9a0?s=96&d=mm&r=g\",\"contentUrl\":\"https:\\\/\\\/secure.gravatar.com\\\/avatar\\\/37d968a2e67a6fd04c169c4bdef102d0bc5d31b2546345219e348575eb80e9a0?s=96&d=mm&r=g\",\"caption\":\"redazione\"},\"sameAs\":[\"http:\\\/\\\/www.bellunopress.it\",\"https:\\\/\\\/x.com\\\/bellunopress\"],\"url\":\"https:\\\/\\\/www.bellunopress.it\\\/fr\\\/author\\\/redazione\\\/\"}]}<\/script>\n<!-- \/ Yoast SEO plugin. -->","yoast_head_json":{"title":"La memoria del cuore. Sabato a Feltre la presentazione del libro di Gabriella Pedata - Bellunopress - Dolomiti","robots":{"index":"index","follow":"follow","max-snippet":"max-snippet:-1","max-image-preview":"max-image-preview:large","max-video-preview":"max-video-preview:-1"},"canonical":"https:\/\/www.bellunopress.it\/fr\/2023\/08\/31\/la-memoria-del-cuore-sabato-a-feltre-la-presentazione-del-libro-di-gabriella-pedata\/","og_locale":"fr_FR","og_type":"article","og_title":"La memoria del cuore. Sabato a Feltre la presentazione del libro di Gabriella Pedata - Bellunopress - Dolomiti","og_description":"Il morbo di Alzheimer, la forma pi\u00f9 diffusa di demenza, \u00e8 una malattia neurodegenerativa che colpisce ogni anno nel mondo milioni di persone. Gabriella Pedata, autrice del libro \u201cLa Memoria Del Cuore\u201d racconta risvolti emotivi, psicologici e assistenziali che si trovano a fronteggiare quotidianamente i familiari che si occupano dei propri cari affetti da demenza, [&hellip;]","og_url":"https:\/\/www.bellunopress.it\/fr\/2023\/08\/31\/la-memoria-del-cuore-sabato-a-feltre-la-presentazione-del-libro-di-gabriella-pedata\/","og_site_name":"Bellunopress - Dolomiti","article_publisher":"https:\/\/www.facebook.com\/profile.php?id=100008943462799","article_published_time":"2023-08-31T13:58:37+00:00","og_image":[{"width":449,"height":519,"url":"https:\/\/www.bellunopress.it\/wp-content\/uploads\/2020\/04\/citt\u00e0-di-Feltre_edited.jpg","type":"image\/jpeg"}],"author":"redazione","twitter_card":"summary_large_image","twitter_creator":"@bellunopress","twitter_site":"@bellunopress","twitter_misc":{"\u00c9crit par":"redazione","Dur\u00e9e de lecture estim\u00e9e":"1 minute"},"schema":{"@context":"https:\/\/schema.org","@graph":[{"@type":"Article","@id":"https:\/\/www.bellunopress.it\/2023\/08\/31\/la-memoria-del-cuore-sabato-a-feltre-la-presentazione-del-libro-di-gabriella-pedata\/#article","isPartOf":{"@id":"https:\/\/www.bellunopress.it\/2023\/08\/31\/la-memoria-del-cuore-sabato-a-feltre-la-presentazione-del-libro-di-gabriella-pedata\/"},"author":{"name":"redazione","@id":"https:\/\/www.bellunopress.it\/#\/schema\/person\/79bb06722b37ece1c03d3e94beb30d73"},"headline":"La memoria del cuore. Sabato a Feltre la presentazione del libro di Gabriella Pedata","datePublished":"2023-08-31T13:58:37+00:00","mainEntityOfPage":{"@id":"https:\/\/www.bellunopress.it\/2023\/08\/31\/la-memoria-del-cuore-sabato-a-feltre-la-presentazione-del-libro-di-gabriella-pedata\/"},"wordCount":234,"publisher":{"@id":"https:\/\/www.bellunopress.it\/#organization"},"image":{"@id":"https:\/\/www.bellunopress.it\/2023\/08\/31\/la-memoria-del-cuore-sabato-a-feltre-la-presentazione-del-libro-di-gabriella-pedata\/#primaryimage"},"thumbnailUrl":"https:\/\/www.bellunopress.it\/wp-content\/uploads\/2020\/04\/citt\u00e0-di-Feltre_edited.jpg","articleSection":["Appuntamenti, Eventi","Pausa Caff\u00e8"],"inLanguage":"fr-FR"},{"@type":"WebPage","@id":"https:\/\/www.bellunopress.it\/2023\/08\/31\/la-memoria-del-cuore-sabato-a-feltre-la-presentazione-del-libro-di-gabriella-pedata\/","url":"https:\/\/www.bellunopress.it\/2023\/08\/31\/la-memoria-del-cuore-sabato-a-feltre-la-presentazione-del-libro-di-gabriella-pedata\/","name":"La memoria del cuore. Sabato a Feltre la presentazione del libro di Gabriella Pedata - Bellunopress - Dolomiti","isPartOf":{"@id":"https:\/\/www.bellunopress.it\/#website"},"primaryImageOfPage":{"@id":"https:\/\/www.bellunopress.it\/2023\/08\/31\/la-memoria-del-cuore-sabato-a-feltre-la-presentazione-del-libro-di-gabriella-pedata\/#primaryimage"},"image":{"@id":"https:\/\/www.bellunopress.it\/2023\/08\/31\/la-memoria-del-cuore-sabato-a-feltre-la-presentazione-del-libro-di-gabriella-pedata\/#primaryimage"},"thumbnailUrl":"https:\/\/www.bellunopress.it\/wp-content\/uploads\/2020\/04\/citt\u00e0-di-Feltre_edited.jpg","datePublished":"2023-08-31T13:58:37+00:00","breadcrumb":{"@id":"https:\/\/www.bellunopress.it\/2023\/08\/31\/la-memoria-del-cuore-sabato-a-feltre-la-presentazione-del-libro-di-gabriella-pedata\/#breadcrumb"},"inLanguage":"fr-FR","potentialAction":[{"@type":"ReadAction","target":["https:\/\/www.bellunopress.it\/2023\/08\/31\/la-memoria-del-cuore-sabato-a-feltre-la-presentazione-del-libro-di-gabriella-pedata\/"]}]},{"@type":"ImageObject","inLanguage":"fr-FR","@id":"https:\/\/www.bellunopress.it\/2023\/08\/31\/la-memoria-del-cuore-sabato-a-feltre-la-presentazione-del-libro-di-gabriella-pedata\/#primaryimage","url":"https:\/\/www.bellunopress.it\/wp-content\/uploads\/2020\/04\/citt\u00e0-di-Feltre_edited.jpg","contentUrl":"https:\/\/www.bellunopress.it\/wp-content\/uploads\/2020\/04\/citt\u00e0-di-Feltre_edited.jpg","width":449,"height":519},{"@type":"BreadcrumbList","@id":"https:\/\/www.bellunopress.it\/2023\/08\/31\/la-memoria-del-cuore-sabato-a-feltre-la-presentazione-del-libro-di-gabriella-pedata\/#breadcrumb","itemListElement":[{"@type":"ListItem","position":1,"name":"Home","item":"https:\/\/www.bellunopress.it\/"},{"@type":"ListItem","position":2,"name":"La memoria del cuore. Sabato a Feltre la presentazione del libro di Gabriella Pedata"}]},{"@type":"WebSite","@id":"https:\/\/www.bellunopress.it\/#website","url":"https:\/\/www.bellunopress.it\/","name":"Bellunopress - Dolomiti","description":"e-mail: redazione@bellunopress.it","publisher":{"@id":"https:\/\/www.bellunopress.it\/#organization"},"potentialAction":[{"@type":"SearchAction","target":{"@type":"EntryPoint","urlTemplate":"https:\/\/www.bellunopress.it\/?s={search_term_string}"},"query-input":{"@type":"PropertyValueSpecification","valueRequired":true,"valueName":"search_term_string"}}],"inLanguage":"fr-FR"},{"@type":"Organization","@id":"https:\/\/www.bellunopress.it\/#organization","name":"Bellunopress","url":"https:\/\/www.bellunopress.it\/","logo":{"@type":"ImageObject","inLanguage":"fr-FR","@id":"https:\/\/www.bellunopress.it\/#\/schema\/logo\/image\/","url":"https:\/\/www.bellunopress.it\/wp-content\/uploads\/2011\/05\/cropped-logo-bellunopress-.jpg","contentUrl":"https:\/\/www.bellunopress.it\/wp-content\/uploads\/2011\/05\/cropped-logo-bellunopress-.jpg","width":512,"height":512,"caption":"Bellunopress"},"image":{"@id":"https:\/\/www.bellunopress.it\/#\/schema\/logo\/image\/"},"sameAs":["https:\/\/www.facebook.com\/profile.php?id=100008943462799","https:\/\/x.com\/bellunopress","https:\/\/www.linkedin.com\/hp\/?dnr=JBzUWaJfMUw8vbXJJ2tVW5-I3jZKvC4wsoxE&amp;amp;amp;amp;amp;amp;trk=nav_responsive_tab_home","https:\/\/www.youtube.com\/channel\/UCxL0wu1uN0_3_7hGG0306cw"]},{"@type":"Person","@id":"https:\/\/www.bellunopress.it\/#\/schema\/person\/79bb06722b37ece1c03d3e94beb30d73","name":"r\u00e9daction","image":{"@type":"ImageObject","inLanguage":"fr-FR","@id":"https:\/\/secure.gravatar.com\/avatar\/37d968a2e67a6fd04c169c4bdef102d0bc5d31b2546345219e348575eb80e9a0?s=96&d=mm&r=g","url":"https:\/\/secure.gravatar.com\/avatar\/37d968a2e67a6fd04c169c4bdef102d0bc5d31b2546345219e348575eb80e9a0?s=96&d=mm&r=g","contentUrl":"https:\/\/secure.gravatar.com\/avatar\/37d968a2e67a6fd04c169c4bdef102d0bc5d31b2546345219e348575eb80e9a0?s=96&d=mm&r=g","caption":"redazione"},"sameAs":["http:\/\/www.bellunopress.it","https:\/\/x.com\/bellunopress"],"url":"https:\/\/www.bellunopress.it\/fr\/author\/redazione\/"}]}},"_links":{"self":[{"href":"https:\/\/www.bellunopress.it\/fr\/wp-json\/wp\/v2\/posts\/143835","targetHints":{"allow":["GET"]}}],"collection":[{"href":"https:\/\/www.bellunopress.it\/fr\/wp-json\/wp\/v2\/posts"}],"about":[{"href":"https:\/\/www.bellunopress.it\/fr\/wp-json\/wp\/v2\/types\/post"}],"author":[{"embeddable":true,"href":"https:\/\/www.bellunopress.it\/fr\/wp-json\/wp\/v2\/users\/2"}],"replies":[{"embeddable":true,"href":"https:\/\/www.bellunopress.it\/fr\/wp-json\/wp\/v2\/comments?post=143835"}],"version-history":[{"count":1,"href":"https:\/\/www.bellunopress.it\/fr\/wp-json\/wp\/v2\/posts\/143835\/revisions"}],"predecessor-version":[{"id":143836,"href":"https:\/\/www.bellunopress.it\/fr\/wp-json\/wp\/v2\/posts\/143835\/revisions\/143836"}],"wp:featuredmedia":[{"embeddable":true,"href":"https:\/\/www.bellunopress.it\/fr\/wp-json\/wp\/v2\/media\/113912"}],"wp:attachment":[{"href":"https:\/\/www.bellunopress.it\/fr\/wp-json\/wp\/v2\/media?parent=143835"}],"wp:term":[{"taxonomy":"category","embeddable":true,"href":"https:\/\/www.bellunopress.it\/fr\/wp-json\/wp\/v2\/categories?post=143835"},{"taxonomy":"post_tag","embeddable":true,"href":"https:\/\/www.bellunopress.it\/fr\/wp-json\/wp\/v2\/tags?post=143835"}],"curies":[{"name":"wp","href":"https:\/\/api.w.org\/{rel}","templated":true}]}}