{"id":143833,"date":"2023-08-31T13:53:07","date_gmt":"2023-08-31T11:53:07","guid":{"rendered":"https:\/\/www.bellunopress.it\/?p=143833"},"modified":"2023-08-31T13:53:07","modified_gmt":"2023-08-31T11:53:07","slug":"scuola-ipotesi-fusione-calvi-dolomieu-e-istituti-di-cortina-bogana-governare-il-processo-nel-medio-lungo-termine-anziche-subire-le-scelte-dallalto","status":"publish","type":"post","link":"https:\/\/www.bellunopress.it\/fr\/2023\/08\/31\/scuola-ipotesi-fusione-calvi-dolomieu-e-istituti-di-cortina-bogana-governare-il-processo-nel-medio-lungo-termine-anziche-subire-le-scelte-dallalto\/","title":{"rendered":"Scuola. Ipotesi fusione Calvi-Dolomieu e istituti di Cortina. Bogana: \u00abGovernare il processo nel medio-lungo termine anzich\u00e9 subire le scelte dall&#8217;alto\u00bb"},"content":{"rendered":"<figure id=\"attachment_117226\" aria-describedby=\"caption-attachment-117226\" style=\"width: 331px\" class=\"wp-caption alignleft\"><img loading=\"lazy\" decoding=\"async\" class=\"size-full wp-image-117226\" src=\"https:\/\/www.bellunopress.it\/wp-content\/uploads\/2020\/08\/Serenella-Bogana_edited.jpg\" alt=\"\" width=\"331\" height=\"371\" \/><figcaption id=\"caption-attachment-117226\" class=\"wp-caption-text\">Serenella Bogana, consigliera provinciale delegata all&#8217;Istruzione<\/figcaption><\/figure>\n<p>\u00abLa demografia in generale \u00e8 in calo, quella scolastica ancora di pi\u00f9 tanto che alle superiori perdiamo circa 100 studenti l&#8217;anno\u00bb.<\/p>\n<p>\u00c8 la premessa con cui la consigliera provinciale delegata all&#8217;istruzione ha incontrato i presidi delle scuole bellunesi, qualche giorno fa. Sul tavolo, la questione del dimensionamento scolastico che sar\u00e0 operativo da settembre 2024. Un tema che la prossima settimana sar\u00e0 affrontato anche all&#8217;interno di un&#8217;assemblea informale con i sindaci, perch\u00e9 la questione \u00e8 scolastica ma incide profondamente anche sulle programmazioni di carattere economico e sociale dei territori, e quindi dei Comuni.<\/p>\n<p>La Provincia sta lavorando da mesi alla definizione degli scenari futuri per quanto riguarda la programmazione scolastica e il panorama degli istituti, anche partendo dall&#8217;analisi demografica effettuata dall&#8217;ufficio statistica di Palazzo Piloni. Nell&#8217;incontro con i presidi dei giorni scorsi sono state presentate le linee guida della Regione Veneto in merito alla programmazione della rete scolastica e dell&#8217;offerta formativa (come da delibera di giunta del 31 luglio scorso). A livello regionale infatti dal prossimo anno scolastico il contingente organico di dirigenti scolastici e direttori dei servizi generali e amministrativi \u00e8 di 560, in calo a 556 l&#8217;anno successivo, per arrivare a 550 nel 2026-2027.<\/p>\n<p>\u00abNumeri stabiliti dal ministero che a cascata arrivano anche a incidere sul nostro territorio, obbligandoci a pensare a una razionalizzazione\u00bb afferma la consigliera delegata Bogana. \u00ab\u00c8 il caso di governare il processo ed evitare di subire le scelte. Se calano i presidi e i Dsga, significa che dobbiamo pensare a una razionalizzazione, che comporta inevitabilmente degli accorpamenti tra istituti. Non parliamo di depotenziamento, ma di trovare un sistema in grado di tenere elevata la qualit\u00e0 del servizio, pur a fronte della riduzione dei numeri degli studenti effetto dello spopolamento\u00bb.<\/p>\n<p>Sul tavolo della Provincia ci sono gi\u00e0 due ipotesi, elaborate dagli uffici di Palazzo Piloni e condivise in via preliminare con i presidi. Riguardano una possibile &#8220;fusione&#8221; tra l&#8217;istituto Calvi e l&#8217;alberghiero Dolomieu, e un accorpamento delle scuole di Cortina (dove oggi esiste una media annessa all&#8217;istituto d&#8217;arte, con numeri per\u00f2 molto esigui).<\/p>\n<p>\u00abI presidi sono consapevoli dei numeri. Del resto, quest&#8217;anno abbiamo visto due sole immissioni in ruolo a Belluno per quanto riguarda i nuovi dirigenti scolastici e molte scuole vanno avanti con le reggenze\u00bb continua la consigliera Bogana. \u00abA partire da questo quadro, \u00e8 necessario lavorare su ipotesi che ci garantiscano la piena continuit\u00e0 delle attivit\u00e0 scolastiche, studiando accorpamenti e razionalizzazioni. In un processo che sar\u00e0 condiviso anche con i sindaci e i sindacati della scuola\u00bb.<\/p>","protected":false},"excerpt":{"rendered":"<p>\u00abLa demografia in generale \u00e8 in calo, quella scolastica ancora di pi\u00f9 tanto che alle superiori perdiamo circa 100 studenti l&#8217;anno\u00bb. \u00c8 la premessa con cui la consigliera provinciale delegata all&#8217;istruzione ha incontrato i presidi delle scuole bellunesi, qualche giorno fa. Sul tavolo, la questione del dimensionamento scolastico che sar\u00e0 operativo da settembre 2024. Un [&hellip;]<\/p>\n","protected":false},"author":2,"featured_media":117226,"comment_status":"closed","ping_status":"open","sticky":false,"template":"","format":"standard","meta":{"footnotes":""},"categories":[26,15],"tags":[],"class_list":["post-143833","post","type-post","status-publish","format-standard","has-post-thumbnail","category-prima-pagina","category-scuola"],"yoast_head":"<!-- This site is optimized with the Yoast SEO plugin v28.4 - https:\/\/yoast.com\/product\/yoast-seo-wordpress\/ -->\n<title>Scuola. Ipotesi fusione Calvi-Dolomieu e istituti di Cortina. Bogana: \u00abGovernare il processo nel medio-lungo termine anzich\u00e9 subire le scelte dall&#039;alto\u00bb - Bellunopress - Dolomiti<\/title>\n<meta name=\"robots\" content=\"index, follow, max-snippet:-1, max-image-preview:large, max-video-preview:-1\" \/>\n<link rel=\"canonical\" href=\"https:\/\/www.bellunopress.it\/fr\/2023\/08\/31\/scuola-ipotesi-fusione-calvi-dolomieu-e-istituti-di-cortina-bogana-governare-il-processo-nel-medio-lungo-termine-anziche-subire-le-scelte-dallalto\/\" \/>\n<meta property=\"og:locale\" content=\"fr_FR\" \/>\n<meta property=\"og:type\" content=\"article\" \/>\n<meta property=\"og:title\" content=\"Scuola. Ipotesi fusione Calvi-Dolomieu e istituti di Cortina. Bogana: \u00abGovernare il processo nel medio-lungo termine anzich\u00e9 subire le scelte dall&#039;alto\u00bb - Bellunopress - Dolomiti\" \/>\n<meta property=\"og:description\" content=\"\u00abLa demografia in generale \u00e8 in calo, quella scolastica ancora di pi\u00f9 tanto che alle superiori perdiamo circa 100 studenti l&#8217;anno\u00bb. \u00c8 la premessa con cui la consigliera provinciale delegata all&#8217;istruzione ha incontrato i presidi delle scuole bellunesi, qualche giorno fa. Sul tavolo, la questione del dimensionamento scolastico che sar\u00e0 operativo da settembre 2024. Un [&hellip;]\" \/>\n<meta property=\"og:url\" content=\"https:\/\/www.bellunopress.it\/fr\/2023\/08\/31\/scuola-ipotesi-fusione-calvi-dolomieu-e-istituti-di-cortina-bogana-governare-il-processo-nel-medio-lungo-termine-anziche-subire-le-scelte-dallalto\/\" \/>\n<meta property=\"og:site_name\" content=\"Bellunopress - Dolomiti\" \/>\n<meta property=\"article:publisher\" content=\"https:\/\/www.facebook.com\/profile.php?id=100008943462799\" \/>\n<meta property=\"article:published_time\" content=\"2023-08-31T11:53:07+00:00\" \/>\n<meta property=\"og:image\" content=\"https:\/\/www.bellunopress.it\/wp-content\/uploads\/2020\/08\/Serenella-Bogana_edited.jpg\" \/>\n\t<meta property=\"og:image:width\" content=\"331\" \/>\n\t<meta property=\"og:image:height\" content=\"371\" \/>\n\t<meta property=\"og:image:type\" content=\"image\/jpeg\" \/>\n<meta name=\"author\" content=\"redazione\" \/>\n<meta name=\"twitter:card\" content=\"summary_large_image\" \/>\n<meta name=\"twitter:creator\" content=\"@bellunopress\" \/>\n<meta name=\"twitter:site\" content=\"@bellunopress\" \/>\n<meta name=\"twitter:label1\" content=\"\u00c9crit par\" \/>\n\t<meta name=\"twitter:data1\" content=\"redazione\" \/>\n\t<meta name=\"twitter:label2\" content=\"Dur\u00e9e de lecture estim\u00e9e\" \/>\n\t<meta name=\"twitter:data2\" content=\"2 minutes\" \/>\n<script type=\"application\/ld+json\" class=\"yoast-schema-graph\">{\"@context\":\"https:\\\/\\\/schema.org\",\"@graph\":[{\"@type\":\"Article\",\"@id\":\"https:\\\/\\\/www.bellunopress.it\\\/2023\\\/08\\\/31\\\/scuola-ipotesi-fusione-calvi-dolomieu-e-istituti-di-cortina-bogana-governare-il-processo-nel-medio-lungo-termine-anziche-subire-le-scelte-dallalto\\\/#article\",\"isPartOf\":{\"@id\":\"https:\\\/\\\/www.bellunopress.it\\\/2023\\\/08\\\/31\\\/scuola-ipotesi-fusione-calvi-dolomieu-e-istituti-di-cortina-bogana-governare-il-processo-nel-medio-lungo-termine-anziche-subire-le-scelte-dallalto\\\/\"},\"author\":{\"name\":\"redazione\",\"@id\":\"https:\\\/\\\/www.bellunopress.it\\\/#\\\/schema\\\/person\\\/79bb06722b37ece1c03d3e94beb30d73\"},\"headline\":\"Scuola. Ipotesi fusione Calvi-Dolomieu e istituti di Cortina. Bogana: \u00abGovernare il processo nel medio-lungo termine anzich\u00e9 subire le scelte dall&#8217;alto\u00bb\",\"datePublished\":\"2023-08-31T11:53:07+00:00\",\"mainEntityOfPage\":{\"@id\":\"https:\\\/\\\/www.bellunopress.it\\\/2023\\\/08\\\/31\\\/scuola-ipotesi-fusione-calvi-dolomieu-e-istituti-di-cortina-bogana-governare-il-processo-nel-medio-lungo-termine-anziche-subire-le-scelte-dallalto\\\/\"},\"wordCount\":449,\"publisher\":{\"@id\":\"https:\\\/\\\/www.bellunopress.it\\\/#organization\"},\"image\":{\"@id\":\"https:\\\/\\\/www.bellunopress.it\\\/2023\\\/08\\\/31\\\/scuola-ipotesi-fusione-calvi-dolomieu-e-istituti-di-cortina-bogana-governare-il-processo-nel-medio-lungo-termine-anziche-subire-le-scelte-dallalto\\\/#primaryimage\"},\"thumbnailUrl\":\"https:\\\/\\\/www.bellunopress.it\\\/wp-content\\\/uploads\\\/2020\\\/08\\\/Serenella-Bogana_edited.jpg\",\"articleSection\":[\"Prima Pagina\",\"Scuola\"],\"inLanguage\":\"fr-FR\"},{\"@type\":\"WebPage\",\"@id\":\"https:\\\/\\\/www.bellunopress.it\\\/2023\\\/08\\\/31\\\/scuola-ipotesi-fusione-calvi-dolomieu-e-istituti-di-cortina-bogana-governare-il-processo-nel-medio-lungo-termine-anziche-subire-le-scelte-dallalto\\\/\",\"url\":\"https:\\\/\\\/www.bellunopress.it\\\/2023\\\/08\\\/31\\\/scuola-ipotesi-fusione-calvi-dolomieu-e-istituti-di-cortina-bogana-governare-il-processo-nel-medio-lungo-termine-anziche-subire-le-scelte-dallalto\\\/\",\"name\":\"Scuola. Ipotesi fusione Calvi-Dolomieu e istituti di Cortina. Bogana: \u00abGovernare il processo nel medio-lungo termine anzich\u00e9 subire le scelte dall'alto\u00bb - Bellunopress - Dolomiti\",\"isPartOf\":{\"@id\":\"https:\\\/\\\/www.bellunopress.it\\\/#website\"},\"primaryImageOfPage\":{\"@id\":\"https:\\\/\\\/www.bellunopress.it\\\/2023\\\/08\\\/31\\\/scuola-ipotesi-fusione-calvi-dolomieu-e-istituti-di-cortina-bogana-governare-il-processo-nel-medio-lungo-termine-anziche-subire-le-scelte-dallalto\\\/#primaryimage\"},\"image\":{\"@id\":\"https:\\\/\\\/www.bellunopress.it\\\/2023\\\/08\\\/31\\\/scuola-ipotesi-fusione-calvi-dolomieu-e-istituti-di-cortina-bogana-governare-il-processo-nel-medio-lungo-termine-anziche-subire-le-scelte-dallalto\\\/#primaryimage\"},\"thumbnailUrl\":\"https:\\\/\\\/www.bellunopress.it\\\/wp-content\\\/uploads\\\/2020\\\/08\\\/Serenella-Bogana_edited.jpg\",\"datePublished\":\"2023-08-31T11:53:07+00:00\",\"breadcrumb\":{\"@id\":\"https:\\\/\\\/www.bellunopress.it\\\/2023\\\/08\\\/31\\\/scuola-ipotesi-fusione-calvi-dolomieu-e-istituti-di-cortina-bogana-governare-il-processo-nel-medio-lungo-termine-anziche-subire-le-scelte-dallalto\\\/#breadcrumb\"},\"inLanguage\":\"fr-FR\",\"potentialAction\":[{\"@type\":\"ReadAction\",\"target\":[\"https:\\\/\\\/www.bellunopress.it\\\/2023\\\/08\\\/31\\\/scuola-ipotesi-fusione-calvi-dolomieu-e-istituti-di-cortina-bogana-governare-il-processo-nel-medio-lungo-termine-anziche-subire-le-scelte-dallalto\\\/\"]}]},{\"@type\":\"ImageObject\",\"inLanguage\":\"fr-FR\",\"@id\":\"https:\\\/\\\/www.bellunopress.it\\\/2023\\\/08\\\/31\\\/scuola-ipotesi-fusione-calvi-dolomieu-e-istituti-di-cortina-bogana-governare-il-processo-nel-medio-lungo-termine-anziche-subire-le-scelte-dallalto\\\/#primaryimage\",\"url\":\"https:\\\/\\\/www.bellunopress.it\\\/wp-content\\\/uploads\\\/2020\\\/08\\\/Serenella-Bogana_edited.jpg\",\"contentUrl\":\"https:\\\/\\\/www.bellunopress.it\\\/wp-content\\\/uploads\\\/2020\\\/08\\\/Serenella-Bogana_edited.jpg\",\"width\":331,\"height\":371,\"caption\":\"Serenella Bogana, consigliera provinciale delegata all'Istruzione e alle Attivit\u00e0 produttive\"},{\"@type\":\"BreadcrumbList\",\"@id\":\"https:\\\/\\\/www.bellunopress.it\\\/2023\\\/08\\\/31\\\/scuola-ipotesi-fusione-calvi-dolomieu-e-istituti-di-cortina-bogana-governare-il-processo-nel-medio-lungo-termine-anziche-subire-le-scelte-dallalto\\\/#breadcrumb\",\"itemListElement\":[{\"@type\":\"ListItem\",\"position\":1,\"name\":\"Home\",\"item\":\"https:\\\/\\\/www.bellunopress.it\\\/\"},{\"@type\":\"ListItem\",\"position\":2,\"name\":\"Scuola. Ipotesi fusione Calvi-Dolomieu e istituti di Cortina. Bogana: \u00abGovernare il processo nel medio-lungo termine anzich\u00e9 subire le scelte dall&#8217;alto\u00bb\"}]},{\"@type\":\"WebSite\",\"@id\":\"https:\\\/\\\/www.bellunopress.it\\\/#website\",\"url\":\"https:\\\/\\\/www.bellunopress.it\\\/\",\"name\":\"Bellunopress - Dolomiti\",\"description\":\"e-mail: redazione@bellunopress.it\",\"publisher\":{\"@id\":\"https:\\\/\\\/www.bellunopress.it\\\/#organization\"},\"potentialAction\":[{\"@type\":\"SearchAction\",\"target\":{\"@type\":\"EntryPoint\",\"urlTemplate\":\"https:\\\/\\\/www.bellunopress.it\\\/?s={search_term_string}\"},\"query-input\":{\"@type\":\"PropertyValueSpecification\",\"valueRequired\":true,\"valueName\":\"search_term_string\"}}],\"inLanguage\":\"fr-FR\"},{\"@type\":\"Organization\",\"@id\":\"https:\\\/\\\/www.bellunopress.it\\\/#organization\",\"name\":\"Bellunopress\",\"url\":\"https:\\\/\\\/www.bellunopress.it\\\/\",\"logo\":{\"@type\":\"ImageObject\",\"inLanguage\":\"fr-FR\",\"@id\":\"https:\\\/\\\/www.bellunopress.it\\\/#\\\/schema\\\/logo\\\/image\\\/\",\"url\":\"https:\\\/\\\/www.bellunopress.it\\\/wp-content\\\/uploads\\\/2011\\\/05\\\/cropped-logo-bellunopress-.jpg\",\"contentUrl\":\"https:\\\/\\\/www.bellunopress.it\\\/wp-content\\\/uploads\\\/2011\\\/05\\\/cropped-logo-bellunopress-.jpg\",\"width\":512,\"height\":512,\"caption\":\"Bellunopress\"},\"image\":{\"@id\":\"https:\\\/\\\/www.bellunopress.it\\\/#\\\/schema\\\/logo\\\/image\\\/\"},\"sameAs\":[\"https:\\\/\\\/www.facebook.com\\\/profile.php?id=100008943462799\",\"https:\\\/\\\/x.com\\\/bellunopress\",\"https:\\\/\\\/www.linkedin.com\\\/hp\\\/?dnr=JBzUWaJfMUw8vbXJJ2tVW5-I3jZKvC4wsoxE&amp;amp;amp;amp;amp;amp;trk=nav_responsive_tab_home\",\"https:\\\/\\\/www.youtube.com\\\/channel\\\/UCxL0wu1uN0_3_7hGG0306cw\"]},{\"@type\":\"Person\",\"@id\":\"https:\\\/\\\/www.bellunopress.it\\\/#\\\/schema\\\/person\\\/79bb06722b37ece1c03d3e94beb30d73\",\"name\":\"redazione\",\"image\":{\"@type\":\"ImageObject\",\"inLanguage\":\"fr-FR\",\"@id\":\"https:\\\/\\\/secure.gravatar.com\\\/avatar\\\/37d968a2e67a6fd04c169c4bdef102d0bc5d31b2546345219e348575eb80e9a0?s=96&d=mm&r=g\",\"url\":\"https:\\\/\\\/secure.gravatar.com\\\/avatar\\\/37d968a2e67a6fd04c169c4bdef102d0bc5d31b2546345219e348575eb80e9a0?s=96&d=mm&r=g\",\"contentUrl\":\"https:\\\/\\\/secure.gravatar.com\\\/avatar\\\/37d968a2e67a6fd04c169c4bdef102d0bc5d31b2546345219e348575eb80e9a0?s=96&d=mm&r=g\",\"caption\":\"redazione\"},\"sameAs\":[\"http:\\\/\\\/www.bellunopress.it\",\"https:\\\/\\\/x.com\\\/bellunopress\"],\"url\":\"https:\\\/\\\/www.bellunopress.it\\\/fr\\\/author\\\/redazione\\\/\"}]}<\/script>\n<!-- \/ Yoast SEO plugin. -->","yoast_head_json":{"title":"Scuola. Ipotesi fusione Calvi-Dolomieu e istituti di Cortina. Bogana: \u00abGovernare il processo nel medio-lungo termine anzich\u00e9 subire le scelte dall'alto\u00bb - Bellunopress - Dolomiti","robots":{"index":"index","follow":"follow","max-snippet":"max-snippet:-1","max-image-preview":"max-image-preview:large","max-video-preview":"max-video-preview:-1"},"canonical":"https:\/\/www.bellunopress.it\/fr\/2023\/08\/31\/scuola-ipotesi-fusione-calvi-dolomieu-e-istituti-di-cortina-bogana-governare-il-processo-nel-medio-lungo-termine-anziche-subire-le-scelte-dallalto\/","og_locale":"fr_FR","og_type":"article","og_title":"Scuola. Ipotesi fusione Calvi-Dolomieu e istituti di Cortina. Bogana: \u00abGovernare il processo nel medio-lungo termine anzich\u00e9 subire le scelte dall'alto\u00bb - Bellunopress - Dolomiti","og_description":"\u00abLa demografia in generale \u00e8 in calo, quella scolastica ancora di pi\u00f9 tanto che alle superiori perdiamo circa 100 studenti l&#8217;anno\u00bb. \u00c8 la premessa con cui la consigliera provinciale delegata all&#8217;istruzione ha incontrato i presidi delle scuole bellunesi, qualche giorno fa. Sul tavolo, la questione del dimensionamento scolastico che sar\u00e0 operativo da settembre 2024. Un [&hellip;]","og_url":"https:\/\/www.bellunopress.it\/fr\/2023\/08\/31\/scuola-ipotesi-fusione-calvi-dolomieu-e-istituti-di-cortina-bogana-governare-il-processo-nel-medio-lungo-termine-anziche-subire-le-scelte-dallalto\/","og_site_name":"Bellunopress - Dolomiti","article_publisher":"https:\/\/www.facebook.com\/profile.php?id=100008943462799","article_published_time":"2023-08-31T11:53:07+00:00","og_image":[{"width":331,"height":371,"url":"https:\/\/www.bellunopress.it\/wp-content\/uploads\/2020\/08\/Serenella-Bogana_edited.jpg","type":"image\/jpeg"}],"author":"redazione","twitter_card":"summary_large_image","twitter_creator":"@bellunopress","twitter_site":"@bellunopress","twitter_misc":{"\u00c9crit par":"redazione","Dur\u00e9e de lecture estim\u00e9e":"2 minutes"},"schema":{"@context":"https:\/\/schema.org","@graph":[{"@type":"Article","@id":"https:\/\/www.bellunopress.it\/2023\/08\/31\/scuola-ipotesi-fusione-calvi-dolomieu-e-istituti-di-cortina-bogana-governare-il-processo-nel-medio-lungo-termine-anziche-subire-le-scelte-dallalto\/#article","isPartOf":{"@id":"https:\/\/www.bellunopress.it\/2023\/08\/31\/scuola-ipotesi-fusione-calvi-dolomieu-e-istituti-di-cortina-bogana-governare-il-processo-nel-medio-lungo-termine-anziche-subire-le-scelte-dallalto\/"},"author":{"name":"redazione","@id":"https:\/\/www.bellunopress.it\/#\/schema\/person\/79bb06722b37ece1c03d3e94beb30d73"},"headline":"Scuola. Ipotesi fusione Calvi-Dolomieu e istituti di Cortina. Bogana: \u00abGovernare il processo nel medio-lungo termine anzich\u00e9 subire le scelte dall&#8217;alto\u00bb","datePublished":"2023-08-31T11:53:07+00:00","mainEntityOfPage":{"@id":"https:\/\/www.bellunopress.it\/2023\/08\/31\/scuola-ipotesi-fusione-calvi-dolomieu-e-istituti-di-cortina-bogana-governare-il-processo-nel-medio-lungo-termine-anziche-subire-le-scelte-dallalto\/"},"wordCount":449,"publisher":{"@id":"https:\/\/www.bellunopress.it\/#organization"},"image":{"@id":"https:\/\/www.bellunopress.it\/2023\/08\/31\/scuola-ipotesi-fusione-calvi-dolomieu-e-istituti-di-cortina-bogana-governare-il-processo-nel-medio-lungo-termine-anziche-subire-le-scelte-dallalto\/#primaryimage"},"thumbnailUrl":"https:\/\/www.bellunopress.it\/wp-content\/uploads\/2020\/08\/Serenella-Bogana_edited.jpg","articleSection":["Prima Pagina","Scuola"],"inLanguage":"fr-FR"},{"@type":"WebPage","@id":"https:\/\/www.bellunopress.it\/2023\/08\/31\/scuola-ipotesi-fusione-calvi-dolomieu-e-istituti-di-cortina-bogana-governare-il-processo-nel-medio-lungo-termine-anziche-subire-le-scelte-dallalto\/","url":"https:\/\/www.bellunopress.it\/2023\/08\/31\/scuola-ipotesi-fusione-calvi-dolomieu-e-istituti-di-cortina-bogana-governare-il-processo-nel-medio-lungo-termine-anziche-subire-le-scelte-dallalto\/","name":"Scuola. Ipotesi fusione Calvi-Dolomieu e istituti di Cortina. Bogana: \u00abGovernare il processo nel medio-lungo termine anzich\u00e9 subire le scelte dall'alto\u00bb - Bellunopress - Dolomiti","isPartOf":{"@id":"https:\/\/www.bellunopress.it\/#website"},"primaryImageOfPage":{"@id":"https:\/\/www.bellunopress.it\/2023\/08\/31\/scuola-ipotesi-fusione-calvi-dolomieu-e-istituti-di-cortina-bogana-governare-il-processo-nel-medio-lungo-termine-anziche-subire-le-scelte-dallalto\/#primaryimage"},"image":{"@id":"https:\/\/www.bellunopress.it\/2023\/08\/31\/scuola-ipotesi-fusione-calvi-dolomieu-e-istituti-di-cortina-bogana-governare-il-processo-nel-medio-lungo-termine-anziche-subire-le-scelte-dallalto\/#primaryimage"},"thumbnailUrl":"https:\/\/www.bellunopress.it\/wp-content\/uploads\/2020\/08\/Serenella-Bogana_edited.jpg","datePublished":"2023-08-31T11:53:07+00:00","breadcrumb":{"@id":"https:\/\/www.bellunopress.it\/2023\/08\/31\/scuola-ipotesi-fusione-calvi-dolomieu-e-istituti-di-cortina-bogana-governare-il-processo-nel-medio-lungo-termine-anziche-subire-le-scelte-dallalto\/#breadcrumb"},"inLanguage":"fr-FR","potentialAction":[{"@type":"ReadAction","target":["https:\/\/www.bellunopress.it\/2023\/08\/31\/scuola-ipotesi-fusione-calvi-dolomieu-e-istituti-di-cortina-bogana-governare-il-processo-nel-medio-lungo-termine-anziche-subire-le-scelte-dallalto\/"]}]},{"@type":"ImageObject","inLanguage":"fr-FR","@id":"https:\/\/www.bellunopress.it\/2023\/08\/31\/scuola-ipotesi-fusione-calvi-dolomieu-e-istituti-di-cortina-bogana-governare-il-processo-nel-medio-lungo-termine-anziche-subire-le-scelte-dallalto\/#primaryimage","url":"https:\/\/www.bellunopress.it\/wp-content\/uploads\/2020\/08\/Serenella-Bogana_edited.jpg","contentUrl":"https:\/\/www.bellunopress.it\/wp-content\/uploads\/2020\/08\/Serenella-Bogana_edited.jpg","width":331,"height":371,"caption":"Serenella Bogana, consigliera provinciale delegata all'Istruzione e alle Attivit\u00e0 produttive"},{"@type":"BreadcrumbList","@id":"https:\/\/www.bellunopress.it\/2023\/08\/31\/scuola-ipotesi-fusione-calvi-dolomieu-e-istituti-di-cortina-bogana-governare-il-processo-nel-medio-lungo-termine-anziche-subire-le-scelte-dallalto\/#breadcrumb","itemListElement":[{"@type":"ListItem","position":1,"name":"Home","item":"https:\/\/www.bellunopress.it\/"},{"@type":"ListItem","position":2,"name":"Scuola. Ipotesi fusione Calvi-Dolomieu e istituti di Cortina. Bogana: \u00abGovernare il processo nel medio-lungo termine anzich\u00e9 subire le scelte dall&#8217;alto\u00bb"}]},{"@type":"WebSite","@id":"https:\/\/www.bellunopress.it\/#website","url":"https:\/\/www.bellunopress.it\/","name":"Bellunopress - Dolomiti","description":"e-mail: redazione@bellunopress.it","publisher":{"@id":"https:\/\/www.bellunopress.it\/#organization"},"potentialAction":[{"@type":"SearchAction","target":{"@type":"EntryPoint","urlTemplate":"https:\/\/www.bellunopress.it\/?s={search_term_string}"},"query-input":{"@type":"PropertyValueSpecification","valueRequired":true,"valueName":"search_term_string"}}],"inLanguage":"fr-FR"},{"@type":"Organization","@id":"https:\/\/www.bellunopress.it\/#organization","name":"Bellunopress","url":"https:\/\/www.bellunopress.it\/","logo":{"@type":"ImageObject","inLanguage":"fr-FR","@id":"https:\/\/www.bellunopress.it\/#\/schema\/logo\/image\/","url":"https:\/\/www.bellunopress.it\/wp-content\/uploads\/2011\/05\/cropped-logo-bellunopress-.jpg","contentUrl":"https:\/\/www.bellunopress.it\/wp-content\/uploads\/2011\/05\/cropped-logo-bellunopress-.jpg","width":512,"height":512,"caption":"Bellunopress"},"image":{"@id":"https:\/\/www.bellunopress.it\/#\/schema\/logo\/image\/"},"sameAs":["https:\/\/www.facebook.com\/profile.php?id=100008943462799","https:\/\/x.com\/bellunopress","https:\/\/www.linkedin.com\/hp\/?dnr=JBzUWaJfMUw8vbXJJ2tVW5-I3jZKvC4wsoxE&amp;amp;amp;amp;amp;amp;trk=nav_responsive_tab_home","https:\/\/www.youtube.com\/channel\/UCxL0wu1uN0_3_7hGG0306cw"]},{"@type":"Person","@id":"https:\/\/www.bellunopress.it\/#\/schema\/person\/79bb06722b37ece1c03d3e94beb30d73","name":"r\u00e9daction","image":{"@type":"ImageObject","inLanguage":"fr-FR","@id":"https:\/\/secure.gravatar.com\/avatar\/37d968a2e67a6fd04c169c4bdef102d0bc5d31b2546345219e348575eb80e9a0?s=96&d=mm&r=g","url":"https:\/\/secure.gravatar.com\/avatar\/37d968a2e67a6fd04c169c4bdef102d0bc5d31b2546345219e348575eb80e9a0?s=96&d=mm&r=g","contentUrl":"https:\/\/secure.gravatar.com\/avatar\/37d968a2e67a6fd04c169c4bdef102d0bc5d31b2546345219e348575eb80e9a0?s=96&d=mm&r=g","caption":"redazione"},"sameAs":["http:\/\/www.bellunopress.it","https:\/\/x.com\/bellunopress"],"url":"https:\/\/www.bellunopress.it\/fr\/author\/redazione\/"}]}},"_links":{"self":[{"href":"https:\/\/www.bellunopress.it\/fr\/wp-json\/wp\/v2\/posts\/143833","targetHints":{"allow":["GET"]}}],"collection":[{"href":"https:\/\/www.bellunopress.it\/fr\/wp-json\/wp\/v2\/posts"}],"about":[{"href":"https:\/\/www.bellunopress.it\/fr\/wp-json\/wp\/v2\/types\/post"}],"author":[{"embeddable":true,"href":"https:\/\/www.bellunopress.it\/fr\/wp-json\/wp\/v2\/users\/2"}],"replies":[{"embeddable":true,"href":"https:\/\/www.bellunopress.it\/fr\/wp-json\/wp\/v2\/comments?post=143833"}],"version-history":[{"count":1,"href":"https:\/\/www.bellunopress.it\/fr\/wp-json\/wp\/v2\/posts\/143833\/revisions"}],"predecessor-version":[{"id":143834,"href":"https:\/\/www.bellunopress.it\/fr\/wp-json\/wp\/v2\/posts\/143833\/revisions\/143834"}],"wp:featuredmedia":[{"embeddable":true,"href":"https:\/\/www.bellunopress.it\/fr\/wp-json\/wp\/v2\/media\/117226"}],"wp:attachment":[{"href":"https:\/\/www.bellunopress.it\/fr\/wp-json\/wp\/v2\/media?parent=143833"}],"wp:term":[{"taxonomy":"category","embeddable":true,"href":"https:\/\/www.bellunopress.it\/fr\/wp-json\/wp\/v2\/categories?post=143833"},{"taxonomy":"post_tag","embeddable":true,"href":"https:\/\/www.bellunopress.it\/fr\/wp-json\/wp\/v2\/tags?post=143833"}],"curies":[{"name":"wp","href":"https:\/\/api.w.org\/{rel}","templated":true}]}}