{"id":143831,"date":"2023-08-31T12:53:24","date_gmt":"2023-08-31T10:53:24","guid":{"rendered":"https:\/\/www.bellunopress.it\/?p=143831"},"modified":"2023-08-31T12:53:24","modified_gmt":"2023-08-31T10:53:24","slug":"approvato-dal-consiglio-il-nuovo-regolamento-di-protezione-civile","status":"publish","type":"post","link":"https:\/\/www.bellunopress.it\/fr\/2023\/08\/31\/approvato-dal-consiglio-il-nuovo-regolamento-di-protezione-civile\/","title":{"rendered":"Approvato dal consiglio il nuovo Regolamento di Protezione civile"},"content":{"rendered":"<figure id=\"attachment_136051\" aria-describedby=\"caption-attachment-136051\" style=\"width: 545px\" class=\"wp-caption alignleft\"><img loading=\"lazy\" decoding=\"async\" class=\"size-full wp-image-136051\" src=\"https:\/\/www.bellunopress.it\/wp-content\/uploads\/2022\/08\/de-kunovich_edited.jpg\" alt=\"\" width=\"545\" height=\"643\" srcset=\"https:\/\/www.bellunopress.it\/wp-content\/uploads\/2022\/08\/de-kunovich_edited.jpg 545w, https:\/\/www.bellunopress.it\/wp-content\/uploads\/2022\/08\/de-kunovich_edited-424x500.jpg 424w, https:\/\/www.bellunopress.it\/wp-content\/uploads\/2022\/08\/de-kunovich_edited-356x420.jpg 356w\" sizes=\"auto, (max-width: 545px) 100vw, 545px\" \/><figcaption id=\"caption-attachment-136051\" class=\"wp-caption-text\">Lorenza De Kunovich, assessore all&#8217;Ambiente e Protezione civile al Comune di Belluno<\/figcaption><\/figure>\n<p><em><strong>Il documento regoler\u00e0 l\u2019attivit\u00e0 del gruppo comunale<\/strong><\/em><\/p>\n<p>Belluno, 31 agosto 2023 &#8211; Approvato ieri, in sede di Consiglio comunale, il nuovo Regolamento di Protezione Civile steso secondo le indicazioni contenute nella direttiva della Presidenza del Consiglio dei Ministri dello scorso dicembre. \u201cUn passaggio necessario e obbligatorio \u2013 spiega il sindaco, Oscar De Pellegrin -, importante perch\u00e9 definisce i ruoli all\u2019interno del gruppo comunale, stabilisce un\u2019organizzazione interna strutturata e ben precisa. La direzione \u00e8 quella che abbiamo cercato fin dall\u2019inizio del nostro mandato, ovvero di conferire all\u2019organismo un\u2019autonomia d\u2019azione in termini di risorse e di preparazione dei volontari; una struttura pi\u00f9 complessa e definita \u00e8 il passaggio giusto e necessario per migliorare ulteriormente l\u2019attivit\u00e0 interna\u201d.<\/p>\n<p>Il gruppo comunale di Protezione civile aveva gi\u00e0 un suo regolamento interno, modificato l\u2019ultima volta nel 2014. La direttiva della Presidenza del Consiglio dei Ministri ha imposto una sostanziale modifica al documento, ora adeguato secondo lo schema diffuso dal Ministero che, a sua volta, recepisce la legge del 2016 sulla disciplina del terzo settore. Poche ma sostanziali le modifiche di contenuto, per lo pi\u00f9 riassumibili in una definizione pi\u00f9 dettagliata dei ruoli e delle competenze, in una maggior democrazia nell\u2019affidamento degli incarichi e in una divisione pi\u00f9 chiara tra il ruolo di coordinatore e quello di responsabile amministrativo che, d\u2019ora in avanti, dovranno essere distinti. Non solo, il Regolamento impone un\u2019organizzazione interna formata da consiglio direttivo e assemblea e permetter\u00e0 l\u2019iscrizione al RUNTS (Registro Unico Nazionale Terzo Settore), passaggio importante per poter in futuro accedere a ulteriori finanziamenti.<\/p>\n<p>\u201c\u00c8 un ulteriore spinta a dotare il Capoluogo di un gruppo di Protezione Civile ben strutturato internamente \u2013 spiega l\u2019assessore alla Protezione civile, Lorenza De Kunovich -, in grado di intervenire autonomamente in occasione di piccole emergenze locali. Anche per questo stiamo cercando risorse per aumentare la dotazione e i mezzi dei volontari. Il nostro gruppo ha dimostrato sul campo di essere preparato, coeso e davvero efficiente, un fiore all\u2019occhiello su cui la nostra comunit\u00e0 sa di poter contare. Vorrei ringraziare ancora una volta tutti i volontari, perch\u00e9 sono presenti e attivi, non si tirano mai indietro quando sono chiamati ad operare per il territorio\u201d.<\/p>\n<p>Non \u00e8 l\u2019unica novit\u00e0 che interesser\u00e0 l\u2019organismo da qui ai prossimi mesi. Dopo l\u2019iniziativa del canale Telegram Belluno Alert che ha gi\u00e0 trovato l\u2019adesione di oltre un migliaio di cittadini a pochi mesi dalla sua attivazione, ora c\u2019\u00e8 la volont\u00e0 di compiere un ulteriore passo in avanti in termini di diffusione delle informazioni e di formazione, anche tra le nuove generazioni.<\/p>\n<p>\u201cA ottobre, durante la settimana della Protezione Civile, entreremo negli istituti superiori per tenere delle vere e proprie lezioni \u2013 aggiunge De Kunovich -, ci saranno dimostrazioni sul campo per coinvolgere i ragazzi e anche in quell\u2019occasione lanceremo il messaggio, importante, di invito a entrare a far parte del gruppo di volontari\u201d.<\/p>\n<p>&nbsp;<\/p>","protected":false},"excerpt":{"rendered":"<p>Il documento regoler\u00e0 l\u2019attivit\u00e0 del gruppo comunale Belluno, 31 agosto 2023 &#8211; Approvato ieri, in sede di Consiglio comunale, il nuovo Regolamento di Protezione Civile steso secondo le indicazioni contenute nella direttiva della Presidenza del Consiglio dei Ministri dello scorso dicembre. \u201cUn passaggio necessario e obbligatorio \u2013 spiega il sindaco, Oscar De Pellegrin -, importante [&hellip;]<\/p>\n","protected":false},"author":2,"featured_media":136051,"comment_status":"closed","ping_status":"open","sticky":false,"template":"","format":"standard","meta":{"footnotes":""},"categories":[5,8],"tags":[],"class_list":["post-143831","post","type-post","status-publish","format-standard","has-post-thumbnail","category-cronaca","category-societa-istituzioni"],"yoast_head":"<!-- This site is optimized with the Yoast SEO plugin v28.4 - https:\/\/yoast.com\/product\/yoast-seo-wordpress\/ -->\n<title>Approvato dal consiglio il nuovo Regolamento di Protezione civile - Bellunopress - Dolomiti<\/title>\n<meta name=\"robots\" content=\"index, follow, max-snippet:-1, max-image-preview:large, max-video-preview:-1\" \/>\n<link rel=\"canonical\" href=\"https:\/\/www.bellunopress.it\/fr\/2023\/08\/31\/approvato-dal-consiglio-il-nuovo-regolamento-di-protezione-civile\/\" \/>\n<meta property=\"og:locale\" content=\"fr_FR\" \/>\n<meta property=\"og:type\" content=\"article\" \/>\n<meta property=\"og:title\" content=\"Approvato dal consiglio il nuovo Regolamento di Protezione civile - Bellunopress - Dolomiti\" \/>\n<meta property=\"og:description\" content=\"Il documento regoler\u00e0 l\u2019attivit\u00e0 del gruppo comunale Belluno, 31 agosto 2023 &#8211; Approvato ieri, in sede di Consiglio comunale, il nuovo Regolamento di Protezione Civile steso secondo le indicazioni contenute nella direttiva della Presidenza del Consiglio dei Ministri dello scorso dicembre. \u201cUn passaggio necessario e obbligatorio \u2013 spiega il sindaco, Oscar De Pellegrin -, importante [&hellip;]\" \/>\n<meta property=\"og:url\" content=\"https:\/\/www.bellunopress.it\/fr\/2023\/08\/31\/approvato-dal-consiglio-il-nuovo-regolamento-di-protezione-civile\/\" \/>\n<meta property=\"og:site_name\" content=\"Bellunopress - Dolomiti\" \/>\n<meta property=\"article:publisher\" content=\"https:\/\/www.facebook.com\/profile.php?id=100008943462799\" \/>\n<meta property=\"article:published_time\" content=\"2023-08-31T10:53:24+00:00\" \/>\n<meta property=\"og:image\" content=\"https:\/\/www.bellunopress.it\/wp-content\/uploads\/2022\/08\/de-kunovich_edited.jpg\" \/>\n\t<meta property=\"og:image:width\" content=\"545\" \/>\n\t<meta property=\"og:image:height\" content=\"643\" \/>\n\t<meta property=\"og:image:type\" content=\"image\/jpeg\" \/>\n<meta name=\"author\" content=\"redazione\" \/>\n<meta name=\"twitter:card\" content=\"summary_large_image\" \/>\n<meta name=\"twitter:creator\" content=\"@bellunopress\" \/>\n<meta name=\"twitter:site\" content=\"@bellunopress\" \/>\n<meta name=\"twitter:label1\" content=\"\u00c9crit par\" \/>\n\t<meta name=\"twitter:data1\" content=\"redazione\" \/>\n\t<meta name=\"twitter:label2\" content=\"Dur\u00e9e de lecture estim\u00e9e\" \/>\n\t<meta name=\"twitter:data2\" content=\"2 minutes\" \/>\n<script type=\"application\/ld+json\" class=\"yoast-schema-graph\">{\"@context\":\"https:\\\/\\\/schema.org\",\"@graph\":[{\"@type\":\"Article\",\"@id\":\"https:\\\/\\\/www.bellunopress.it\\\/2023\\\/08\\\/31\\\/approvato-dal-consiglio-il-nuovo-regolamento-di-protezione-civile\\\/#article\",\"isPartOf\":{\"@id\":\"https:\\\/\\\/www.bellunopress.it\\\/2023\\\/08\\\/31\\\/approvato-dal-consiglio-il-nuovo-regolamento-di-protezione-civile\\\/\"},\"author\":{\"name\":\"redazione\",\"@id\":\"https:\\\/\\\/www.bellunopress.it\\\/#\\\/schema\\\/person\\\/79bb06722b37ece1c03d3e94beb30d73\"},\"headline\":\"Approvato dal consiglio il nuovo Regolamento di Protezione civile\",\"datePublished\":\"2023-08-31T10:53:24+00:00\",\"mainEntityOfPage\":{\"@id\":\"https:\\\/\\\/www.bellunopress.it\\\/2023\\\/08\\\/31\\\/approvato-dal-consiglio-il-nuovo-regolamento-di-protezione-civile\\\/\"},\"wordCount\":509,\"publisher\":{\"@id\":\"https:\\\/\\\/www.bellunopress.it\\\/#organization\"},\"image\":{\"@id\":\"https:\\\/\\\/www.bellunopress.it\\\/2023\\\/08\\\/31\\\/approvato-dal-consiglio-il-nuovo-regolamento-di-protezione-civile\\\/#primaryimage\"},\"thumbnailUrl\":\"https:\\\/\\\/www.bellunopress.it\\\/wp-content\\\/uploads\\\/2022\\\/08\\\/de-kunovich_edited.jpg\",\"articleSection\":[\"Cronaca\\\/Politica\",\"Societ\u00e0, Associazioni, Istituzioni\"],\"inLanguage\":\"fr-FR\"},{\"@type\":\"WebPage\",\"@id\":\"https:\\\/\\\/www.bellunopress.it\\\/2023\\\/08\\\/31\\\/approvato-dal-consiglio-il-nuovo-regolamento-di-protezione-civile\\\/\",\"url\":\"https:\\\/\\\/www.bellunopress.it\\\/2023\\\/08\\\/31\\\/approvato-dal-consiglio-il-nuovo-regolamento-di-protezione-civile\\\/\",\"name\":\"Approvato dal consiglio il nuovo Regolamento di Protezione civile - Bellunopress - Dolomiti\",\"isPartOf\":{\"@id\":\"https:\\\/\\\/www.bellunopress.it\\\/#website\"},\"primaryImageOfPage\":{\"@id\":\"https:\\\/\\\/www.bellunopress.it\\\/2023\\\/08\\\/31\\\/approvato-dal-consiglio-il-nuovo-regolamento-di-protezione-civile\\\/#primaryimage\"},\"image\":{\"@id\":\"https:\\\/\\\/www.bellunopress.it\\\/2023\\\/08\\\/31\\\/approvato-dal-consiglio-il-nuovo-regolamento-di-protezione-civile\\\/#primaryimage\"},\"thumbnailUrl\":\"https:\\\/\\\/www.bellunopress.it\\\/wp-content\\\/uploads\\\/2022\\\/08\\\/de-kunovich_edited.jpg\",\"datePublished\":\"2023-08-31T10:53:24+00:00\",\"breadcrumb\":{\"@id\":\"https:\\\/\\\/www.bellunopress.it\\\/2023\\\/08\\\/31\\\/approvato-dal-consiglio-il-nuovo-regolamento-di-protezione-civile\\\/#breadcrumb\"},\"inLanguage\":\"fr-FR\",\"potentialAction\":[{\"@type\":\"ReadAction\",\"target\":[\"https:\\\/\\\/www.bellunopress.it\\\/2023\\\/08\\\/31\\\/approvato-dal-consiglio-il-nuovo-regolamento-di-protezione-civile\\\/\"]}]},{\"@type\":\"ImageObject\",\"inLanguage\":\"fr-FR\",\"@id\":\"https:\\\/\\\/www.bellunopress.it\\\/2023\\\/08\\\/31\\\/approvato-dal-consiglio-il-nuovo-regolamento-di-protezione-civile\\\/#primaryimage\",\"url\":\"https:\\\/\\\/www.bellunopress.it\\\/wp-content\\\/uploads\\\/2022\\\/08\\\/de-kunovich_edited.jpg\",\"contentUrl\":\"https:\\\/\\\/www.bellunopress.it\\\/wp-content\\\/uploads\\\/2022\\\/08\\\/de-kunovich_edited.jpg\",\"width\":545,\"height\":643,\"caption\":\"Lorenza De Kunovich, assessore all'Ambiente e Protezione civile al Comune di Belluno\"},{\"@type\":\"BreadcrumbList\",\"@id\":\"https:\\\/\\\/www.bellunopress.it\\\/2023\\\/08\\\/31\\\/approvato-dal-consiglio-il-nuovo-regolamento-di-protezione-civile\\\/#breadcrumb\",\"itemListElement\":[{\"@type\":\"ListItem\",\"position\":1,\"name\":\"Home\",\"item\":\"https:\\\/\\\/www.bellunopress.it\\\/\"},{\"@type\":\"ListItem\",\"position\":2,\"name\":\"Approvato dal consiglio il nuovo Regolamento di Protezione civile\"}]},{\"@type\":\"WebSite\",\"@id\":\"https:\\\/\\\/www.bellunopress.it\\\/#website\",\"url\":\"https:\\\/\\\/www.bellunopress.it\\\/\",\"name\":\"Bellunopress - Dolomiti\",\"description\":\"e-mail: redazione@bellunopress.it\",\"publisher\":{\"@id\":\"https:\\\/\\\/www.bellunopress.it\\\/#organization\"},\"potentialAction\":[{\"@type\":\"SearchAction\",\"target\":{\"@type\":\"EntryPoint\",\"urlTemplate\":\"https:\\\/\\\/www.bellunopress.it\\\/?s={search_term_string}\"},\"query-input\":{\"@type\":\"PropertyValueSpecification\",\"valueRequired\":true,\"valueName\":\"search_term_string\"}}],\"inLanguage\":\"fr-FR\"},{\"@type\":\"Organization\",\"@id\":\"https:\\\/\\\/www.bellunopress.it\\\/#organization\",\"name\":\"Bellunopress\",\"url\":\"https:\\\/\\\/www.bellunopress.it\\\/\",\"logo\":{\"@type\":\"ImageObject\",\"inLanguage\":\"fr-FR\",\"@id\":\"https:\\\/\\\/www.bellunopress.it\\\/#\\\/schema\\\/logo\\\/image\\\/\",\"url\":\"https:\\\/\\\/www.bellunopress.it\\\/wp-content\\\/uploads\\\/2011\\\/05\\\/cropped-logo-bellunopress-.jpg\",\"contentUrl\":\"https:\\\/\\\/www.bellunopress.it\\\/wp-content\\\/uploads\\\/2011\\\/05\\\/cropped-logo-bellunopress-.jpg\",\"width\":512,\"height\":512,\"caption\":\"Bellunopress\"},\"image\":{\"@id\":\"https:\\\/\\\/www.bellunopress.it\\\/#\\\/schema\\\/logo\\\/image\\\/\"},\"sameAs\":[\"https:\\\/\\\/www.facebook.com\\\/profile.php?id=100008943462799\",\"https:\\\/\\\/x.com\\\/bellunopress\",\"https:\\\/\\\/www.linkedin.com\\\/hp\\\/?dnr=JBzUWaJfMUw8vbXJJ2tVW5-I3jZKvC4wsoxE&amp;amp;amp;amp;amp;amp;trk=nav_responsive_tab_home\",\"https:\\\/\\\/www.youtube.com\\\/channel\\\/UCxL0wu1uN0_3_7hGG0306cw\"]},{\"@type\":\"Person\",\"@id\":\"https:\\\/\\\/www.bellunopress.it\\\/#\\\/schema\\\/person\\\/79bb06722b37ece1c03d3e94beb30d73\",\"name\":\"redazione\",\"image\":{\"@type\":\"ImageObject\",\"inLanguage\":\"fr-FR\",\"@id\":\"https:\\\/\\\/secure.gravatar.com\\\/avatar\\\/37d968a2e67a6fd04c169c4bdef102d0bc5d31b2546345219e348575eb80e9a0?s=96&d=mm&r=g\",\"url\":\"https:\\\/\\\/secure.gravatar.com\\\/avatar\\\/37d968a2e67a6fd04c169c4bdef102d0bc5d31b2546345219e348575eb80e9a0?s=96&d=mm&r=g\",\"contentUrl\":\"https:\\\/\\\/secure.gravatar.com\\\/avatar\\\/37d968a2e67a6fd04c169c4bdef102d0bc5d31b2546345219e348575eb80e9a0?s=96&d=mm&r=g\",\"caption\":\"redazione\"},\"sameAs\":[\"http:\\\/\\\/www.bellunopress.it\",\"https:\\\/\\\/x.com\\\/bellunopress\"],\"url\":\"https:\\\/\\\/www.bellunopress.it\\\/fr\\\/author\\\/redazione\\\/\"}]}<\/script>\n<!-- \/ Yoast SEO plugin. -->","yoast_head_json":{"title":"Approvato dal consiglio il nuovo Regolamento di Protezione civile - Bellunopress - Dolomiti","robots":{"index":"index","follow":"follow","max-snippet":"max-snippet:-1","max-image-preview":"max-image-preview:large","max-video-preview":"max-video-preview:-1"},"canonical":"https:\/\/www.bellunopress.it\/fr\/2023\/08\/31\/approvato-dal-consiglio-il-nuovo-regolamento-di-protezione-civile\/","og_locale":"fr_FR","og_type":"article","og_title":"Approvato dal consiglio il nuovo Regolamento di Protezione civile - Bellunopress - Dolomiti","og_description":"Il documento regoler\u00e0 l\u2019attivit\u00e0 del gruppo comunale Belluno, 31 agosto 2023 &#8211; Approvato ieri, in sede di Consiglio comunale, il nuovo Regolamento di Protezione Civile steso secondo le indicazioni contenute nella direttiva della Presidenza del Consiglio dei Ministri dello scorso dicembre. \u201cUn passaggio necessario e obbligatorio \u2013 spiega il sindaco, Oscar De Pellegrin -, importante [&hellip;]","og_url":"https:\/\/www.bellunopress.it\/fr\/2023\/08\/31\/approvato-dal-consiglio-il-nuovo-regolamento-di-protezione-civile\/","og_site_name":"Bellunopress - Dolomiti","article_publisher":"https:\/\/www.facebook.com\/profile.php?id=100008943462799","article_published_time":"2023-08-31T10:53:24+00:00","og_image":[{"width":545,"height":643,"url":"https:\/\/www.bellunopress.it\/wp-content\/uploads\/2022\/08\/de-kunovich_edited.jpg","type":"image\/jpeg"}],"author":"redazione","twitter_card":"summary_large_image","twitter_creator":"@bellunopress","twitter_site":"@bellunopress","twitter_misc":{"\u00c9crit par":"redazione","Dur\u00e9e de lecture estim\u00e9e":"2 minutes"},"schema":{"@context":"https:\/\/schema.org","@graph":[{"@type":"Article","@id":"https:\/\/www.bellunopress.it\/2023\/08\/31\/approvato-dal-consiglio-il-nuovo-regolamento-di-protezione-civile\/#article","isPartOf":{"@id":"https:\/\/www.bellunopress.it\/2023\/08\/31\/approvato-dal-consiglio-il-nuovo-regolamento-di-protezione-civile\/"},"author":{"name":"redazione","@id":"https:\/\/www.bellunopress.it\/#\/schema\/person\/79bb06722b37ece1c03d3e94beb30d73"},"headline":"Approvato dal consiglio il nuovo Regolamento di Protezione civile","datePublished":"2023-08-31T10:53:24+00:00","mainEntityOfPage":{"@id":"https:\/\/www.bellunopress.it\/2023\/08\/31\/approvato-dal-consiglio-il-nuovo-regolamento-di-protezione-civile\/"},"wordCount":509,"publisher":{"@id":"https:\/\/www.bellunopress.it\/#organization"},"image":{"@id":"https:\/\/www.bellunopress.it\/2023\/08\/31\/approvato-dal-consiglio-il-nuovo-regolamento-di-protezione-civile\/#primaryimage"},"thumbnailUrl":"https:\/\/www.bellunopress.it\/wp-content\/uploads\/2022\/08\/de-kunovich_edited.jpg","articleSection":["Cronaca\/Politica","Societ\u00e0, Associazioni, Istituzioni"],"inLanguage":"fr-FR"},{"@type":"WebPage","@id":"https:\/\/www.bellunopress.it\/2023\/08\/31\/approvato-dal-consiglio-il-nuovo-regolamento-di-protezione-civile\/","url":"https:\/\/www.bellunopress.it\/2023\/08\/31\/approvato-dal-consiglio-il-nuovo-regolamento-di-protezione-civile\/","name":"Approvato dal consiglio il nuovo Regolamento di Protezione civile - Bellunopress - Dolomiti","isPartOf":{"@id":"https:\/\/www.bellunopress.it\/#website"},"primaryImageOfPage":{"@id":"https:\/\/www.bellunopress.it\/2023\/08\/31\/approvato-dal-consiglio-il-nuovo-regolamento-di-protezione-civile\/#primaryimage"},"image":{"@id":"https:\/\/www.bellunopress.it\/2023\/08\/31\/approvato-dal-consiglio-il-nuovo-regolamento-di-protezione-civile\/#primaryimage"},"thumbnailUrl":"https:\/\/www.bellunopress.it\/wp-content\/uploads\/2022\/08\/de-kunovich_edited.jpg","datePublished":"2023-08-31T10:53:24+00:00","breadcrumb":{"@id":"https:\/\/www.bellunopress.it\/2023\/08\/31\/approvato-dal-consiglio-il-nuovo-regolamento-di-protezione-civile\/#breadcrumb"},"inLanguage":"fr-FR","potentialAction":[{"@type":"ReadAction","target":["https:\/\/www.bellunopress.it\/2023\/08\/31\/approvato-dal-consiglio-il-nuovo-regolamento-di-protezione-civile\/"]}]},{"@type":"ImageObject","inLanguage":"fr-FR","@id":"https:\/\/www.bellunopress.it\/2023\/08\/31\/approvato-dal-consiglio-il-nuovo-regolamento-di-protezione-civile\/#primaryimage","url":"https:\/\/www.bellunopress.it\/wp-content\/uploads\/2022\/08\/de-kunovich_edited.jpg","contentUrl":"https:\/\/www.bellunopress.it\/wp-content\/uploads\/2022\/08\/de-kunovich_edited.jpg","width":545,"height":643,"caption":"Lorenza De Kunovich, assessore all'Ambiente e Protezione civile al Comune di Belluno"},{"@type":"BreadcrumbList","@id":"https:\/\/www.bellunopress.it\/2023\/08\/31\/approvato-dal-consiglio-il-nuovo-regolamento-di-protezione-civile\/#breadcrumb","itemListElement":[{"@type":"ListItem","position":1,"name":"Home","item":"https:\/\/www.bellunopress.it\/"},{"@type":"ListItem","position":2,"name":"Approvato dal consiglio il nuovo Regolamento di Protezione civile"}]},{"@type":"WebSite","@id":"https:\/\/www.bellunopress.it\/#website","url":"https:\/\/www.bellunopress.it\/","name":"Bellunopress - Dolomiti","description":"e-mail: redazione@bellunopress.it","publisher":{"@id":"https:\/\/www.bellunopress.it\/#organization"},"potentialAction":[{"@type":"SearchAction","target":{"@type":"EntryPoint","urlTemplate":"https:\/\/www.bellunopress.it\/?s={search_term_string}"},"query-input":{"@type":"PropertyValueSpecification","valueRequired":true,"valueName":"search_term_string"}}],"inLanguage":"fr-FR"},{"@type":"Organization","@id":"https:\/\/www.bellunopress.it\/#organization","name":"Bellunopress","url":"https:\/\/www.bellunopress.it\/","logo":{"@type":"ImageObject","inLanguage":"fr-FR","@id":"https:\/\/www.bellunopress.it\/#\/schema\/logo\/image\/","url":"https:\/\/www.bellunopress.it\/wp-content\/uploads\/2011\/05\/cropped-logo-bellunopress-.jpg","contentUrl":"https:\/\/www.bellunopress.it\/wp-content\/uploads\/2011\/05\/cropped-logo-bellunopress-.jpg","width":512,"height":512,"caption":"Bellunopress"},"image":{"@id":"https:\/\/www.bellunopress.it\/#\/schema\/logo\/image\/"},"sameAs":["https:\/\/www.facebook.com\/profile.php?id=100008943462799","https:\/\/x.com\/bellunopress","https:\/\/www.linkedin.com\/hp\/?dnr=JBzUWaJfMUw8vbXJJ2tVW5-I3jZKvC4wsoxE&amp;amp;amp;amp;amp;amp;trk=nav_responsive_tab_home","https:\/\/www.youtube.com\/channel\/UCxL0wu1uN0_3_7hGG0306cw"]},{"@type":"Person","@id":"https:\/\/www.bellunopress.it\/#\/schema\/person\/79bb06722b37ece1c03d3e94beb30d73","name":"r\u00e9daction","image":{"@type":"ImageObject","inLanguage":"fr-FR","@id":"https:\/\/secure.gravatar.com\/avatar\/37d968a2e67a6fd04c169c4bdef102d0bc5d31b2546345219e348575eb80e9a0?s=96&d=mm&r=g","url":"https:\/\/secure.gravatar.com\/avatar\/37d968a2e67a6fd04c169c4bdef102d0bc5d31b2546345219e348575eb80e9a0?s=96&d=mm&r=g","contentUrl":"https:\/\/secure.gravatar.com\/avatar\/37d968a2e67a6fd04c169c4bdef102d0bc5d31b2546345219e348575eb80e9a0?s=96&d=mm&r=g","caption":"redazione"},"sameAs":["http:\/\/www.bellunopress.it","https:\/\/x.com\/bellunopress"],"url":"https:\/\/www.bellunopress.it\/fr\/author\/redazione\/"}]}},"_links":{"self":[{"href":"https:\/\/www.bellunopress.it\/fr\/wp-json\/wp\/v2\/posts\/143831","targetHints":{"allow":["GET"]}}],"collection":[{"href":"https:\/\/www.bellunopress.it\/fr\/wp-json\/wp\/v2\/posts"}],"about":[{"href":"https:\/\/www.bellunopress.it\/fr\/wp-json\/wp\/v2\/types\/post"}],"author":[{"embeddable":true,"href":"https:\/\/www.bellunopress.it\/fr\/wp-json\/wp\/v2\/users\/2"}],"replies":[{"embeddable":true,"href":"https:\/\/www.bellunopress.it\/fr\/wp-json\/wp\/v2\/comments?post=143831"}],"version-history":[{"count":1,"href":"https:\/\/www.bellunopress.it\/fr\/wp-json\/wp\/v2\/posts\/143831\/revisions"}],"predecessor-version":[{"id":143832,"href":"https:\/\/www.bellunopress.it\/fr\/wp-json\/wp\/v2\/posts\/143831\/revisions\/143832"}],"wp:featuredmedia":[{"embeddable":true,"href":"https:\/\/www.bellunopress.it\/fr\/wp-json\/wp\/v2\/media\/136051"}],"wp:attachment":[{"href":"https:\/\/www.bellunopress.it\/fr\/wp-json\/wp\/v2\/media?parent=143831"}],"wp:term":[{"taxonomy":"category","embeddable":true,"href":"https:\/\/www.bellunopress.it\/fr\/wp-json\/wp\/v2\/categories?post=143831"},{"taxonomy":"post_tag","embeddable":true,"href":"https:\/\/www.bellunopress.it\/fr\/wp-json\/wp\/v2\/tags?post=143831"}],"curies":[{"name":"wp","href":"https:\/\/api.w.org\/{rel}","templated":true}]}}