{"id":143819,"date":"2023-08-30T19:16:20","date_gmt":"2023-08-30T17:16:20","guid":{"rendered":"https:\/\/www.bellunopress.it\/?p=143819"},"modified":"2023-08-30T20:16:22","modified_gmt":"2023-08-30T18:16:22","slug":"100-milioni-per-il-nevegal-tutti-i-dettagli-dellintervento-in-consiglio-comunale-di-kamel-layachi-amministratore-della-nevegal-365-srl","status":"publish","type":"post","link":"https:\/\/www.bellunopress.it\/fr\/2023\/08\/30\/100-milioni-per-il-nevegal-tutti-i-dettagli-dellintervento-in-consiglio-comunale-di-kamel-layachi-amministratore-della-nevegal-365-srl\/","title":{"rendered":"100 milioni per il Nevegal. Tutti i dettagli dell&#8217;intervento in consiglio comunale di Kamel Layachi, amministratore della Nevegal 365 srl"},"content":{"rendered":"<p><img loading=\"lazy\" decoding=\"async\" class=\"alignleft size-full wp-image-143820\" src=\"https:\/\/www.bellunopress.it\/wp-content\/uploads\/2023\/08\/giunta-del-30-agosto_edited.jpg\" alt=\"\" width=\"1000\" height=\"496\" srcset=\"https:\/\/www.bellunopress.it\/wp-content\/uploads\/2023\/08\/giunta-del-30-agosto_edited.jpg 1000w, https:\/\/www.bellunopress.it\/wp-content\/uploads\/2023\/08\/giunta-del-30-agosto_edited-500x248.jpg 500w, https:\/\/www.bellunopress.it\/wp-content\/uploads\/2023\/08\/giunta-del-30-agosto_edited-696x345.jpg 696w, https:\/\/www.bellunopress.it\/wp-content\/uploads\/2023\/08\/giunta-del-30-agosto_edited-847x420.jpg 847w, https:\/\/www.bellunopress.it\/wp-content\/uploads\/2023\/08\/giunta-del-30-agosto_edited-324x160.jpg 324w\" sizes=\"auto, (max-width: 1000px) 100vw, 1000px\" \/><img loading=\"lazy\" decoding=\"async\" class=\"alignleft size-full wp-image-143821\" src=\"https:\/\/www.bellunopress.it\/wp-content\/uploads\/2023\/08\/kamel-layachi-1_edited.jpg\" alt=\"\" width=\"853\" height=\"1000\" srcset=\"https:\/\/www.bellunopress.it\/wp-content\/uploads\/2023\/08\/kamel-layachi-1_edited.jpg 853w, https:\/\/www.bellunopress.it\/wp-content\/uploads\/2023\/08\/kamel-layachi-1_edited-427x500.jpg 427w, https:\/\/www.bellunopress.it\/wp-content\/uploads\/2023\/08\/kamel-layachi-1_edited-696x816.jpg 696w, https:\/\/www.bellunopress.it\/wp-content\/uploads\/2023\/08\/kamel-layachi-1_edited-358x420.jpg 358w\" sizes=\"auto, (max-width: 853px) 100vw, 853px\" \/>Belluno, 30 agosto 2023 \u2013 Al consiglio comunale di oggi ha parlato Kamel Layachi, amministratore unico della societ\u00e0 Nevegal 365 srl, che ha illustrato la composizione della societ\u00e0 che rappresenta e il progetto di riqualificazione per il colle bellunese. Prima del suo intervento i consiglieri Rasera Berna e Massaro hanno espresso le loro perplessit\u00e0 nell\u2019ammettere alla discussione l\u2019amministratore della Nevegal 365 srl nonostante non sia ancora chiusa la gara per l\u2019aggiudicazione degli impianti. Per questa ragione il Gruppo Insieme per Belluno e l&#8217;ex sindaco Massaro hanno lasciato la sala consiliare.<\/p>\n<p>Kamel Layachi si \u00e8 presentato dicendo di essere nato in Algeria, \u201cin una citt\u00e0 aperta al mondo\u201d e da 27 anni residente con moglie e figlia a Pederobba. \u201cHo conosciuto il signor sindaco e l&#8217;assessore Franco Roccon e abbiamo cominciato a ragionare sulle possibilit\u00e0 di sviluppo e di investimento sul Nevegal. Il primo incontro, se non sbaglio, ha avuto luogo a settembre dell&#8217;anno scorso e da l\u00ec abbiamo cominciato a ragionare. anche con imprenditori con cui collaboro da molti anni in Algeria. Avevo creato due piccole societ\u00e0, una societ\u00e0 di affari nel 2012 e un&#8217;altra nel 2013 nel campo agro-pastorale con imprenditori veneti, alcuni imprenditori di Bassano del Grappa e un imprenditore del Veronese. Ho proposto a questi soci la possibilit\u00e0 di reperire delle risorse finanziarie per sviluppare il Colle. Il Nevegal per noi rappresenta una grande opportunit\u00e0 di business, ma allo stesso tempo \u00e8 davvero una grande occasione per valorizzare un territorio di cos\u00ec tanta bellezza, un territorio che offre un grande potenziale. Abbiamo un bacino di circa 3 milioni di cittadini, oltre alla possibile utenza che potrebbe arrivare dai paesi del Golfo e da alcuni paesi asiatici, tipo Singapore, Indonesia e Malesia, con cui abbiamo gi\u00e0 dei rapporti. Siamo cinque soci due di questi sono appunto Il dottor Lies Khalfi, il dottor Ismail Hallab, entrambi con una comprovata esperienza nelle intermediazioni finanziarie e rapporti consolidati con fondi di investimento internazionale. Sono persone che hanno ricoperto ruoli, diciamo governativi in Algeria, il dottor Khalfi \u00e8 stato un alto funzionario del primo ministro algerino e poi \u00e8 stato anche un altro funzionario del Ministero delle Finanze in Algeria. Quindi con importanti rapporti con piattaforme internazionali e poi ha conseguito un dottorato in Francia a Lione e ha lavorato con banche in Francia, in Svizzera, in Inghilterra e in Algeria. E\u2019 una persona che negli anni ha portato a compimento progetti importanti proprio finanziati da questi fondi che lui conosce con cui collabora. Lo stesso per il dottor Ismail Hallab, lui ha avuto una lunga carriera in ambito militare \u00e8 stato a capo del Dipartimento sviluppo e modernizzazione dell&#8217;Esercito algerino e della gendarmeria algerina; ha gestito progetti importanti e costruzioni, progetti e realizzazioni di edifici pubblici per conto del dell&#8217;Esercito e della gendarmeria algerina. Nel 2011 \u00e8 andato in pensione ed ha creato una prima societ\u00e0 per finanziare e presentare progetti in Algeria in Tunisia in Africa subsahariana; ha fondato assieme ad altri colleghi, qualcuno \u00e8 algerino, in Inghilterra un altro fondo di investimento, un fondo indonesiano che ha sede in Inghilterra. Con noi, c&#8217;\u00e8 anche un cittadino bellunese che ha avuto in passato una lunga esperienza. E abbiamo un giovane studente che socio al 50% di una societ\u00e0 in Turchia e si occupa di commercio internazionale. Questi sono un po&#8217; la squadra che oggi compone il consiglio di amministrazione della societ\u00e0 Nevegal 365. Di che cosa parliamo quando parliamo del progetto Nevegal? Parliamo di un progetto che vuole andare gradualmente a realizzare delle una riabilitazione del Colle cominciando step by step dall&#8217;impiantistica, quindi la parte che riguarda gli impianti, ma anche la parte che riguarda la ricettivit\u00e0, diamo molta importanza alla ricettivit\u00e0 e quindi inizieremo ad acquisire alcuni alberghi, per ristrutturarli. E\u2019 nostra intenzione non aggiungere cemento, non intendiamo costruire qualcosa di nuovo, ma vogliamo ristrutturare quello che gi\u00e0 c&#8217;\u00e8 sul Nevegal. E\u2019 nostra intenzione anche sviluppare altre parti del Nevegal, costruendo per esempio un Camper Park, un campo da golf. Pensiamo anche di creare successivamente una struttura per la terza et\u00e0. Tutto il progetto Nevegal \u00e8 un progetto inclusivo, un progetto sostenibile, che guarda con grande attenzione agli aspetti dell&#8217;ambiente e alla valorizzazione del dell&#8217;ambiente. E\u2019 un progetto che guarda con grande interesse ai giochi, olimpici e paraolimpici. Permettetemi di aggiungere questa frase: gettare dei ponti; io che ho vissuto in tutti questi anni in Italia e nel Veneto. Qualcuno avr\u00e0 letto sicuramente la mia storia personale, il mio impegno a livello interreligioso (*\u00e8 imam e responsabile del centro islamico di San Don\u00e0 di Piave. Gi\u00e0 presidente del Consiglio Islamico di Vicenza Onlus, Consiglio che coordina sei Associazioni di Cultura e Fede Islamica presenti nella Provincia, e ha ricoperto per due anni il ruolo di responsabile della Comunit\u00e0 Islamica del Triveneto n.d.r.), mi piacerebbe trovare anche delle collaborazioni con il santuario Maria Immacolata, perch\u00e9 capisco che c&#8217;\u00e8 una utenza che arriva sul Nevegal e vogliamo offrire dei servizi ricettivi di un certo livello. Per rendere vivibile il Colle tutto l&#8217;anno, non possiamo pensare di costruire o di ristrutturare delle strutture ricettive, rinnovare gli impianti, senza pensare a quei servizi basilari importanti. Per tenere le persone sul Nevegal durante la stagione invernale, ma anche e soprattutto durante la stagione estiva. Abbiamo preso dei contatti importanti con professionisti sia nel campo dell&#8217;impiantistica, che nel campo della gestione delle strutture ricettive, perch\u00e9 non basta ristrutturare gli alberghi, ma bisogna anche a pensare alla loro gestione, pensando al target di clientela, diciamo familiare, ai giovani. Ma anche alle persone con disabilit\u00e0, quindi una fascia di utenza che sia quella della famiglia e dei giovani. Successivamente penseremo anche a una clientela internazionale, dai paesi del Golfo e dall&#8217;Asia, clienti di un certo livello, investitori, imprenditori. Intendiamo sviluppare dei progetti nel Veneto e a Belluno, vogliamo anche valorizzare il patrimonio immobiliare del Nevegal. Quindi tutte quelle case sfitte che sono sul Nevegal. Ci piacerebbe selezionare alcune case, appartamenti, vedere di ristrutturare queste case per offrire anche delle risposte su misura ad una clientela che magari avr\u00e0 bisogno di uno spazio pi\u00f9 intimo. La societ\u00e0 Nevegal 365 srl \u00e8 stata creata il 2, abbiamo preso dei contatti con un istituto bancario per aprire il nostro conto corrente per ricevere questi fondi; abbiamo gi\u00e0 delle degli accordi firmati con i fondi d\u2019investimento per portare le risorse necessarie per realizzare queste opere. Quindi \u00e8 un progetto diciamo work in progress. E tutto quello che faremo per il Nevegal, lo sottolineo, verr\u00e0 condiviso sia con il consiglio comunale che con i portatori di interessi, come il sindaco aveva accennato qualche settimana fa sul Nevegal. Abbiamo incontrato le associazioni, ma anche altri portatori di interesse. Siamo su questa strada, quella del dialogo e della trasparenza, e quindi anche la condivisione dei passi da fare. Sar\u00e0 un progetto realizzato step-by-step. Sar\u00e0 un progetto realizzato gradualmente per fare i passi giusti e non sbagliare. Per quanto riguarda i fondi, sono gi\u00e0 stati deliberati dal fondo di investimento che si chiama Celeres Investiments (*Celeres Investments Ltd di Hong Kong opera dal 2012 come societ\u00e0 di investimento. La Societ\u00e0 investe nella logistica, nel settore immobiliare, nelle catene di fast food, nei giochi per adulti, nel fitness, nella finanza e in altri settori. n.d.r.), che si appoggia su delle compagnie di finanziamento. La compagnia di finanziamento con cui abbiamo un contratto di finanziamento si chiama Gas Extra Inc (* \u00e8 una societ\u00e0 a responsabilit\u00e0 limitata attiva, registrata presso la Companies House con il numero 13430737. GAS EXTRA INC LTD \u00e8 stata costituita il 1 giugno 2021 con sede legale a Londra. GAS EXTRA INC LTD opera da 2 anni e 3 mesi. Secondo l&#8217;ultima dichiarazione di conferma presentata il 31 maggio 2023, ci sono attualmente 2 direttori attivi e attivit\u00e0 legate al Codice SIC 64301 &#8211; Attivit\u00e0 dei fondi comuni di investimento., ha sede a Londra. n.d.r.). Il Celeres Investiment si appoggia su diverse compagnie finanziarie e la Gas Extra Inc collabora con la banca USB Svizzera. Quindi con la Gas Extra abbiamo gi\u00e0 un contratto di finanziamento inizialmente abbiamo chiesto 60 milioni di e poi altri 30 per la scuola alberghiera proposta dal vicesindaco Paolo Gamba. Recentemente abbiamo valutato l&#8217;incremento di questo finanziamento. Abbiamo chiesto 100 milioni complessivi. Questa \u00e8 una notizia che do oggi a tutti voi; quindi dovrebbero arrivare questi soldi appena creato il conto corrente della societ\u00e0, stiamo provvedendo con la nostra banca per l&#8217;apertura di questo conto corrente. Ovviamente la banca giustamente che deve rispettare tutte le norme antiriciclaggio deve fare le dovute verifiche, quindi chiede la documentazione che pu\u00f2 dare queste garanzie; documentazione che riguarda anche il business plan e tutte le attivit\u00e0 che verranno svolte sul Nevegal; ha chiesto inoltre informazioni su i 5 soci della societ\u00e0 e le attivit\u00e0 che hanno svolto in questi anni. Nel frattempo abbiamo preso i contatti con studi di architettura specializzati nella progettazione, stiamo valutando quale studio scegliere tra questi e abbiamo preso dei contatti con professionisti per l&#8217;impiantistica che hanno una esperienza trentennale nel campo dell&#8217;impiantistica e che conoscono bene il Bellunese. Abbiamo preso dei contatti anche con almeno una delle societ\u00e0 di gestione delle strutture ricettive, con comprovata esperienza nel campo della gestione delle strutture, del social club, in inglese The Social up, \u00e8 una societ\u00e0 olandese-spagnola che diciamo abituata a gestire strutture, soprattutto in ambito di montagna, alberghi in montagna. Vogliamo che la priorit\u00e0 sia data agli impianti e agli alberghi che sono gi\u00e0 esistenti sul Nevegal. Cercheremo di dialogare di discutere con gli attuali proprietari per acquistare questi alberghi, sono 3, 4, 5, quello che c&#8217;\u00e8. Ristrutturare questi alberghi e offrire un servizio. Quindi l&#8217;intento nostro \u00e8 di realizzare hotel a quattro stelle, quindi di qualit\u00e0 medio-alta. Il nostro target, ripeto un&#8217;altra volta, sono le famiglie e i giovani che vogliono venire sul Nevegal a fare sport, sci, trekking, mountain bike, questo genere di attivit\u00e0. Nevegal 365 srl gestir\u00e0 gli investimenti internazionali e quindi inizialmente i soci hanno ritenuto opportuno aprire la societ\u00e0 con un capitale iniziale di 10mila euro. Per\u00f2 \u00e8 nostra intenzione entro l&#8217;anno di incrementare questo capitale sociale e possiamo arrivare fino a un milione di euro, ma \u00e8 una cosa che dobbiamo valutare e decidere nei prossimi mesi. Ovviamente con i professionisti saranno delineati meglio i servizi che vogliamo realizzare su Nevegal, i progetti che possiamo attuare che dipenderanno anche dello spazio che sar\u00e0 disponibile. Noi non vogliamo realizzare qualcosa \u2018chiavi in mano\u2019, ma vogliamo dare la possibilit\u00e0 alle imprese del Veneto e del territorio perch\u00e9 loro possono lavorare e creare posti di lavoro, questo \u00e8 un valore aggiunto di questo progetto. Atri progetti realizzati in Giordania in Algeria e in altri paesi africani sono stati dei progetti \u2018bot\u2019 quindi progetti \u2018chiavi in mano\u2019. Invece noi qui sul Nevegal vogliamo dare la possibilit\u00e0 alle imprese alle societ\u00e0 del territorio, perch\u00e9 in questo modo i giovani di Belluno e del Veneto possono trovare lavoro e possono mettere sul campo le loro professionalit\u00e0 e le loro competenze, quindi credo che da questo punto di vista Nevegal 365 aggiunge valore al territorio. Con la Nevegal 2021 la nostra societ\u00e0 Nevegal 365 intende migliorare gli impianti. Ma nella continuit\u00e0 e quindi garantire una collaborazione con Nevegal 2021. Quindi la nostra intenzione \u00e8 di dare continuit\u00e0 a questa collaborazione con questa societ\u00e0.<br \/>\nQuesto non \u00e8 un progetto per fare soldi e quindi il primo obiettivo \u00e8 quello di valorizzare questo territorio. Sul piano personale io voglio restituire a questa Regione a questo Paese ci\u00f2 che mi ha dato in 30 anni di vita. In 30 anni che ho vissuto in questo territorio, voglio essere un ponte tra diciamo non dico l&#8217;Algeria, ma il Veneto, il Bellunese, per garantire di realizzare questo progetto nei migliori modi\u201d.<\/p>","protected":false},"excerpt":{"rendered":"<p>Belluno, 30 agosto 2023 \u2013 Al consiglio comunale di oggi ha parlato Kamel Layachi, amministratore unico della societ\u00e0 Nevegal 365 srl, che ha illustrato la composizione della societ\u00e0 che rappresenta e il progetto di riqualificazione per il colle bellunese. Prima del suo intervento i consiglieri Rasera Berna e Massaro hanno espresso le loro perplessit\u00e0 nell\u2019ammettere [&hellip;]<\/p>\n","protected":false},"author":2,"featured_media":143821,"comment_status":"closed","ping_status":"open","sticky":false,"template":"","format":"standard","meta":{"footnotes":""},"categories":[5,3446,36,26,8],"tags":[],"class_list":["post-143819","post","type-post","status-publish","format-standard","has-post-thumbnail","category-cronaca","category-featured","category-lavoro-economia","category-prima-pagina","category-societa-istituzioni"],"yoast_head":"<!-- This site is optimized with the Yoast SEO plugin v28.4 - https:\/\/yoast.com\/product\/yoast-seo-wordpress\/ -->\n<title>100 milioni per il Nevegal. Tutti i dettagli dell&#039;intervento in consiglio comunale di Kamel Layachi, amministratore della Nevegal 365 srl - Bellunopress - Dolomiti<\/title>\n<meta name=\"robots\" content=\"index, follow, max-snippet:-1, max-image-preview:large, max-video-preview:-1\" \/>\n<link rel=\"canonical\" href=\"https:\/\/www.bellunopress.it\/fr\/2023\/08\/30\/100-milioni-per-il-nevegal-tutti-i-dettagli-dellintervento-in-consiglio-comunale-di-kamel-layachi-amministratore-della-nevegal-365-srl\/\" \/>\n<meta property=\"og:locale\" content=\"fr_FR\" \/>\n<meta property=\"og:type\" content=\"article\" \/>\n<meta property=\"og:title\" content=\"100 milioni per il Nevegal. Tutti i dettagli dell&#039;intervento in consiglio comunale di Kamel Layachi, amministratore della Nevegal 365 srl - Bellunopress - Dolomiti\" \/>\n<meta property=\"og:description\" content=\"Belluno, 30 agosto 2023 \u2013 Al consiglio comunale di oggi ha parlato Kamel Layachi, amministratore unico della societ\u00e0 Nevegal 365 srl, che ha illustrato la composizione della societ\u00e0 che rappresenta e il progetto di riqualificazione per il colle bellunese. Prima del suo intervento i consiglieri Rasera Berna e Massaro hanno espresso le loro perplessit\u00e0 nell\u2019ammettere [&hellip;]\" \/>\n<meta property=\"og:url\" content=\"https:\/\/www.bellunopress.it\/fr\/2023\/08\/30\/100-milioni-per-il-nevegal-tutti-i-dettagli-dellintervento-in-consiglio-comunale-di-kamel-layachi-amministratore-della-nevegal-365-srl\/\" \/>\n<meta property=\"og:site_name\" content=\"Bellunopress - Dolomiti\" \/>\n<meta property=\"article:publisher\" content=\"https:\/\/www.facebook.com\/profile.php?id=100008943462799\" \/>\n<meta property=\"article:published_time\" content=\"2023-08-30T17:16:20+00:00\" \/>\n<meta property=\"article:modified_time\" content=\"2023-08-30T18:16:22+00:00\" \/>\n<meta property=\"og:image\" content=\"https:\/\/www.bellunopress.it\/wp-content\/uploads\/2023\/08\/kamel-layachi-1_edited.jpg\" \/>\n\t<meta property=\"og:image:width\" content=\"853\" \/>\n\t<meta property=\"og:image:height\" content=\"1000\" \/>\n\t<meta property=\"og:image:type\" content=\"image\/jpeg\" \/>\n<meta name=\"author\" content=\"redazione\" \/>\n<meta name=\"twitter:card\" content=\"summary_large_image\" \/>\n<meta name=\"twitter:creator\" content=\"@bellunopress\" \/>\n<meta name=\"twitter:site\" content=\"@bellunopress\" \/>\n<meta name=\"twitter:label1\" content=\"Written by\" \/>\n\t<meta name=\"twitter:data1\" content=\"redazione\" \/>\n\t<meta name=\"twitter:label2\" content=\"Est. reading time\" \/>\n\t<meta name=\"twitter:data2\" content=\"9 minutes\" \/>\n<script type=\"application\/ld+json\" class=\"yoast-schema-graph\">{\"@context\":\"https:\\\/\\\/schema.org\",\"@graph\":[{\"@type\":\"Article\",\"@id\":\"https:\\\/\\\/www.bellunopress.it\\\/2023\\\/08\\\/30\\\/100-milioni-per-il-nevegal-tutti-i-dettagli-dellintervento-in-consiglio-comunale-di-kamel-layachi-amministratore-della-nevegal-365-srl\\\/#article\",\"isPartOf\":{\"@id\":\"https:\\\/\\\/www.bellunopress.it\\\/2023\\\/08\\\/30\\\/100-milioni-per-il-nevegal-tutti-i-dettagli-dellintervento-in-consiglio-comunale-di-kamel-layachi-amministratore-della-nevegal-365-srl\\\/\"},\"author\":{\"name\":\"redazione\",\"@id\":\"https:\\\/\\\/www.bellunopress.it\\\/#\\\/schema\\\/person\\\/79bb06722b37ece1c03d3e94beb30d73\"},\"headline\":\"100 milioni per il Nevegal. Tutti i dettagli dell&#8217;intervento in consiglio comunale di Kamel Layachi, amministratore della Nevegal 365 srl\",\"datePublished\":\"2023-08-30T17:16:20+00:00\",\"dateModified\":\"2023-08-30T18:16:22+00:00\",\"mainEntityOfPage\":{\"@id\":\"https:\\\/\\\/www.bellunopress.it\\\/2023\\\/08\\\/30\\\/100-milioni-per-il-nevegal-tutti-i-dettagli-dellintervento-in-consiglio-comunale-di-kamel-layachi-amministratore-della-nevegal-365-srl\\\/\"},\"wordCount\":1935,\"publisher\":{\"@id\":\"https:\\\/\\\/www.bellunopress.it\\\/#organization\"},\"image\":{\"@id\":\"https:\\\/\\\/www.bellunopress.it\\\/2023\\\/08\\\/30\\\/100-milioni-per-il-nevegal-tutti-i-dettagli-dellintervento-in-consiglio-comunale-di-kamel-layachi-amministratore-della-nevegal-365-srl\\\/#primaryimage\"},\"thumbnailUrl\":\"https:\\\/\\\/www.bellunopress.it\\\/wp-content\\\/uploads\\\/2023\\\/08\\\/kamel-layachi-1_edited.jpg\",\"articleSection\":[\"Cronaca\\\/Politica\",\"Featured\",\"Lavoro, Economia, Turismo\",\"Prima Pagina\",\"Societ\u00e0, Associazioni, Istituzioni\"],\"inLanguage\":\"fr-FR\"},{\"@type\":\"WebPage\",\"@id\":\"https:\\\/\\\/www.bellunopress.it\\\/2023\\\/08\\\/30\\\/100-milioni-per-il-nevegal-tutti-i-dettagli-dellintervento-in-consiglio-comunale-di-kamel-layachi-amministratore-della-nevegal-365-srl\\\/\",\"url\":\"https:\\\/\\\/www.bellunopress.it\\\/2023\\\/08\\\/30\\\/100-milioni-per-il-nevegal-tutti-i-dettagli-dellintervento-in-consiglio-comunale-di-kamel-layachi-amministratore-della-nevegal-365-srl\\\/\",\"name\":\"100 milioni per il Nevegal. Tutti i dettagli dell'intervento in consiglio comunale di Kamel Layachi, amministratore della Nevegal 365 srl - Bellunopress - Dolomiti\",\"isPartOf\":{\"@id\":\"https:\\\/\\\/www.bellunopress.it\\\/#website\"},\"primaryImageOfPage\":{\"@id\":\"https:\\\/\\\/www.bellunopress.it\\\/2023\\\/08\\\/30\\\/100-milioni-per-il-nevegal-tutti-i-dettagli-dellintervento-in-consiglio-comunale-di-kamel-layachi-amministratore-della-nevegal-365-srl\\\/#primaryimage\"},\"image\":{\"@id\":\"https:\\\/\\\/www.bellunopress.it\\\/2023\\\/08\\\/30\\\/100-milioni-per-il-nevegal-tutti-i-dettagli-dellintervento-in-consiglio-comunale-di-kamel-layachi-amministratore-della-nevegal-365-srl\\\/#primaryimage\"},\"thumbnailUrl\":\"https:\\\/\\\/www.bellunopress.it\\\/wp-content\\\/uploads\\\/2023\\\/08\\\/kamel-layachi-1_edited.jpg\",\"datePublished\":\"2023-08-30T17:16:20+00:00\",\"dateModified\":\"2023-08-30T18:16:22+00:00\",\"breadcrumb\":{\"@id\":\"https:\\\/\\\/www.bellunopress.it\\\/2023\\\/08\\\/30\\\/100-milioni-per-il-nevegal-tutti-i-dettagli-dellintervento-in-consiglio-comunale-di-kamel-layachi-amministratore-della-nevegal-365-srl\\\/#breadcrumb\"},\"inLanguage\":\"fr-FR\",\"potentialAction\":[{\"@type\":\"ReadAction\",\"target\":[\"https:\\\/\\\/www.bellunopress.it\\\/2023\\\/08\\\/30\\\/100-milioni-per-il-nevegal-tutti-i-dettagli-dellintervento-in-consiglio-comunale-di-kamel-layachi-amministratore-della-nevegal-365-srl\\\/\"]}]},{\"@type\":\"ImageObject\",\"inLanguage\":\"fr-FR\",\"@id\":\"https:\\\/\\\/www.bellunopress.it\\\/2023\\\/08\\\/30\\\/100-milioni-per-il-nevegal-tutti-i-dettagli-dellintervento-in-consiglio-comunale-di-kamel-layachi-amministratore-della-nevegal-365-srl\\\/#primaryimage\",\"url\":\"https:\\\/\\\/www.bellunopress.it\\\/wp-content\\\/uploads\\\/2023\\\/08\\\/kamel-layachi-1_edited.jpg\",\"contentUrl\":\"https:\\\/\\\/www.bellunopress.it\\\/wp-content\\\/uploads\\\/2023\\\/08\\\/kamel-layachi-1_edited.jpg\",\"width\":853,\"height\":1000,\"caption\":\"Kamel Layachi, amministratore unico della Nevegal 365 srl\"},{\"@type\":\"BreadcrumbList\",\"@id\":\"https:\\\/\\\/www.bellunopress.it\\\/2023\\\/08\\\/30\\\/100-milioni-per-il-nevegal-tutti-i-dettagli-dellintervento-in-consiglio-comunale-di-kamel-layachi-amministratore-della-nevegal-365-srl\\\/#breadcrumb\",\"itemListElement\":[{\"@type\":\"ListItem\",\"position\":1,\"name\":\"Home\",\"item\":\"https:\\\/\\\/www.bellunopress.it\\\/\"},{\"@type\":\"ListItem\",\"position\":2,\"name\":\"100 milioni per il Nevegal. Tutti i dettagli dell&#8217;intervento in consiglio comunale di Kamel Layachi, amministratore della Nevegal 365 srl\"}]},{\"@type\":\"WebSite\",\"@id\":\"https:\\\/\\\/www.bellunopress.it\\\/#website\",\"url\":\"https:\\\/\\\/www.bellunopress.it\\\/\",\"name\":\"Bellunopress - Dolomiti\",\"description\":\"e-mail: redazione@bellunopress.it\",\"publisher\":{\"@id\":\"https:\\\/\\\/www.bellunopress.it\\\/#organization\"},\"potentialAction\":[{\"@type\":\"SearchAction\",\"target\":{\"@type\":\"EntryPoint\",\"urlTemplate\":\"https:\\\/\\\/www.bellunopress.it\\\/?s={search_term_string}\"},\"query-input\":{\"@type\":\"PropertyValueSpecification\",\"valueRequired\":true,\"valueName\":\"search_term_string\"}}],\"inLanguage\":\"fr-FR\"},{\"@type\":\"Organization\",\"@id\":\"https:\\\/\\\/www.bellunopress.it\\\/#organization\",\"name\":\"Bellunopress\",\"url\":\"https:\\\/\\\/www.bellunopress.it\\\/\",\"logo\":{\"@type\":\"ImageObject\",\"inLanguage\":\"fr-FR\",\"@id\":\"https:\\\/\\\/www.bellunopress.it\\\/#\\\/schema\\\/logo\\\/image\\\/\",\"url\":\"https:\\\/\\\/www.bellunopress.it\\\/wp-content\\\/uploads\\\/2011\\\/05\\\/cropped-logo-bellunopress-.jpg\",\"contentUrl\":\"https:\\\/\\\/www.bellunopress.it\\\/wp-content\\\/uploads\\\/2011\\\/05\\\/cropped-logo-bellunopress-.jpg\",\"width\":512,\"height\":512,\"caption\":\"Bellunopress\"},\"image\":{\"@id\":\"https:\\\/\\\/www.bellunopress.it\\\/#\\\/schema\\\/logo\\\/image\\\/\"},\"sameAs\":[\"https:\\\/\\\/www.facebook.com\\\/profile.php?id=100008943462799\",\"https:\\\/\\\/x.com\\\/bellunopress\",\"https:\\\/\\\/www.linkedin.com\\\/hp\\\/?dnr=JBzUWaJfMUw8vbXJJ2tVW5-I3jZKvC4wsoxE&amp;amp;amp;amp;amp;amp;trk=nav_responsive_tab_home\",\"https:\\\/\\\/www.youtube.com\\\/channel\\\/UCxL0wu1uN0_3_7hGG0306cw\"]},{\"@type\":\"Person\",\"@id\":\"https:\\\/\\\/www.bellunopress.it\\\/#\\\/schema\\\/person\\\/79bb06722b37ece1c03d3e94beb30d73\",\"name\":\"redazione\",\"image\":{\"@type\":\"ImageObject\",\"inLanguage\":\"fr-FR\",\"@id\":\"https:\\\/\\\/secure.gravatar.com\\\/avatar\\\/37d968a2e67a6fd04c169c4bdef102d0bc5d31b2546345219e348575eb80e9a0?s=96&d=mm&r=g\",\"url\":\"https:\\\/\\\/secure.gravatar.com\\\/avatar\\\/37d968a2e67a6fd04c169c4bdef102d0bc5d31b2546345219e348575eb80e9a0?s=96&d=mm&r=g\",\"contentUrl\":\"https:\\\/\\\/secure.gravatar.com\\\/avatar\\\/37d968a2e67a6fd04c169c4bdef102d0bc5d31b2546345219e348575eb80e9a0?s=96&d=mm&r=g\",\"caption\":\"redazione\"},\"sameAs\":[\"http:\\\/\\\/www.bellunopress.it\",\"https:\\\/\\\/x.com\\\/bellunopress\"],\"url\":\"https:\\\/\\\/www.bellunopress.it\\\/fr\\\/author\\\/redazione\\\/\"}]}<\/script>\n<!-- \/ Yoast SEO plugin. -->","yoast_head_json":{"title":"100 milioni per il Nevegal. Tutti i dettagli dell'intervento in consiglio comunale di Kamel Layachi, amministratore della Nevegal 365 srl - Bellunopress - Dolomiti","robots":{"index":"index","follow":"follow","max-snippet":"max-snippet:-1","max-image-preview":"max-image-preview:large","max-video-preview":"max-video-preview:-1"},"canonical":"https:\/\/www.bellunopress.it\/fr\/2023\/08\/30\/100-milioni-per-il-nevegal-tutti-i-dettagli-dellintervento-in-consiglio-comunale-di-kamel-layachi-amministratore-della-nevegal-365-srl\/","og_locale":"fr_FR","og_type":"article","og_title":"100 milioni per il Nevegal. Tutti i dettagli dell'intervento in consiglio comunale di Kamel Layachi, amministratore della Nevegal 365 srl - Bellunopress - Dolomiti","og_description":"Belluno, 30 agosto 2023 \u2013 Al consiglio comunale di oggi ha parlato Kamel Layachi, amministratore unico della societ\u00e0 Nevegal 365 srl, che ha illustrato la composizione della societ\u00e0 che rappresenta e il progetto di riqualificazione per il colle bellunese. Prima del suo intervento i consiglieri Rasera Berna e Massaro hanno espresso le loro perplessit\u00e0 nell\u2019ammettere [&hellip;]","og_url":"https:\/\/www.bellunopress.it\/fr\/2023\/08\/30\/100-milioni-per-il-nevegal-tutti-i-dettagli-dellintervento-in-consiglio-comunale-di-kamel-layachi-amministratore-della-nevegal-365-srl\/","og_site_name":"Bellunopress - Dolomiti","article_publisher":"https:\/\/www.facebook.com\/profile.php?id=100008943462799","article_published_time":"2023-08-30T17:16:20+00:00","article_modified_time":"2023-08-30T18:16:22+00:00","og_image":[{"width":853,"height":1000,"url":"https:\/\/www.bellunopress.it\/wp-content\/uploads\/2023\/08\/kamel-layachi-1_edited.jpg","type":"image\/jpeg"}],"author":"redazione","twitter_card":"summary_large_image","twitter_creator":"@bellunopress","twitter_site":"@bellunopress","twitter_misc":{"Written by":"redazione","Est. reading time":"9 minutes"},"schema":{"@context":"https:\/\/schema.org","@graph":[{"@type":"Article","@id":"https:\/\/www.bellunopress.it\/2023\/08\/30\/100-milioni-per-il-nevegal-tutti-i-dettagli-dellintervento-in-consiglio-comunale-di-kamel-layachi-amministratore-della-nevegal-365-srl\/#article","isPartOf":{"@id":"https:\/\/www.bellunopress.it\/2023\/08\/30\/100-milioni-per-il-nevegal-tutti-i-dettagli-dellintervento-in-consiglio-comunale-di-kamel-layachi-amministratore-della-nevegal-365-srl\/"},"author":{"name":"redazione","@id":"https:\/\/www.bellunopress.it\/#\/schema\/person\/79bb06722b37ece1c03d3e94beb30d73"},"headline":"100 milioni per il Nevegal. Tutti i dettagli dell&#8217;intervento in consiglio comunale di Kamel Layachi, amministratore della Nevegal 365 srl","datePublished":"2023-08-30T17:16:20+00:00","dateModified":"2023-08-30T18:16:22+00:00","mainEntityOfPage":{"@id":"https:\/\/www.bellunopress.it\/2023\/08\/30\/100-milioni-per-il-nevegal-tutti-i-dettagli-dellintervento-in-consiglio-comunale-di-kamel-layachi-amministratore-della-nevegal-365-srl\/"},"wordCount":1935,"publisher":{"@id":"https:\/\/www.bellunopress.it\/#organization"},"image":{"@id":"https:\/\/www.bellunopress.it\/2023\/08\/30\/100-milioni-per-il-nevegal-tutti-i-dettagli-dellintervento-in-consiglio-comunale-di-kamel-layachi-amministratore-della-nevegal-365-srl\/#primaryimage"},"thumbnailUrl":"https:\/\/www.bellunopress.it\/wp-content\/uploads\/2023\/08\/kamel-layachi-1_edited.jpg","articleSection":["Cronaca\/Politica","Featured","Lavoro, Economia, Turismo","Prima Pagina","Societ\u00e0, Associazioni, Istituzioni"],"inLanguage":"fr-FR"},{"@type":"WebPage","@id":"https:\/\/www.bellunopress.it\/2023\/08\/30\/100-milioni-per-il-nevegal-tutti-i-dettagli-dellintervento-in-consiglio-comunale-di-kamel-layachi-amministratore-della-nevegal-365-srl\/","url":"https:\/\/www.bellunopress.it\/2023\/08\/30\/100-milioni-per-il-nevegal-tutti-i-dettagli-dellintervento-in-consiglio-comunale-di-kamel-layachi-amministratore-della-nevegal-365-srl\/","name":"100 milioni per il Nevegal. Tutti i dettagli dell'intervento in consiglio comunale di Kamel Layachi, amministratore della Nevegal 365 srl - Bellunopress - Dolomiti","isPartOf":{"@id":"https:\/\/www.bellunopress.it\/#website"},"primaryImageOfPage":{"@id":"https:\/\/www.bellunopress.it\/2023\/08\/30\/100-milioni-per-il-nevegal-tutti-i-dettagli-dellintervento-in-consiglio-comunale-di-kamel-layachi-amministratore-della-nevegal-365-srl\/#primaryimage"},"image":{"@id":"https:\/\/www.bellunopress.it\/2023\/08\/30\/100-milioni-per-il-nevegal-tutti-i-dettagli-dellintervento-in-consiglio-comunale-di-kamel-layachi-amministratore-della-nevegal-365-srl\/#primaryimage"},"thumbnailUrl":"https:\/\/www.bellunopress.it\/wp-content\/uploads\/2023\/08\/kamel-layachi-1_edited.jpg","datePublished":"2023-08-30T17:16:20+00:00","dateModified":"2023-08-30T18:16:22+00:00","breadcrumb":{"@id":"https:\/\/www.bellunopress.it\/2023\/08\/30\/100-milioni-per-il-nevegal-tutti-i-dettagli-dellintervento-in-consiglio-comunale-di-kamel-layachi-amministratore-della-nevegal-365-srl\/#breadcrumb"},"inLanguage":"fr-FR","potentialAction":[{"@type":"ReadAction","target":["https:\/\/www.bellunopress.it\/2023\/08\/30\/100-milioni-per-il-nevegal-tutti-i-dettagli-dellintervento-in-consiglio-comunale-di-kamel-layachi-amministratore-della-nevegal-365-srl\/"]}]},{"@type":"ImageObject","inLanguage":"fr-FR","@id":"https:\/\/www.bellunopress.it\/2023\/08\/30\/100-milioni-per-il-nevegal-tutti-i-dettagli-dellintervento-in-consiglio-comunale-di-kamel-layachi-amministratore-della-nevegal-365-srl\/#primaryimage","url":"https:\/\/www.bellunopress.it\/wp-content\/uploads\/2023\/08\/kamel-layachi-1_edited.jpg","contentUrl":"https:\/\/www.bellunopress.it\/wp-content\/uploads\/2023\/08\/kamel-layachi-1_edited.jpg","width":853,"height":1000,"caption":"Kamel Layachi, amministratore unico della Nevegal 365 srl"},{"@type":"BreadcrumbList","@id":"https:\/\/www.bellunopress.it\/2023\/08\/30\/100-milioni-per-il-nevegal-tutti-i-dettagli-dellintervento-in-consiglio-comunale-di-kamel-layachi-amministratore-della-nevegal-365-srl\/#breadcrumb","itemListElement":[{"@type":"ListItem","position":1,"name":"Home","item":"https:\/\/www.bellunopress.it\/"},{"@type":"ListItem","position":2,"name":"100 milioni per il Nevegal. Tutti i dettagli dell&#8217;intervento in consiglio comunale di Kamel Layachi, amministratore della Nevegal 365 srl"}]},{"@type":"WebSite","@id":"https:\/\/www.bellunopress.it\/#website","url":"https:\/\/www.bellunopress.it\/","name":"Bellunopress - Dolomiti","description":"e-mail: redazione@bellunopress.it","publisher":{"@id":"https:\/\/www.bellunopress.it\/#organization"},"potentialAction":[{"@type":"SearchAction","target":{"@type":"EntryPoint","urlTemplate":"https:\/\/www.bellunopress.it\/?s={search_term_string}"},"query-input":{"@type":"PropertyValueSpecification","valueRequired":true,"valueName":"search_term_string"}}],"inLanguage":"fr-FR"},{"@type":"Organization","@id":"https:\/\/www.bellunopress.it\/#organization","name":"Bellunopress","url":"https:\/\/www.bellunopress.it\/","logo":{"@type":"ImageObject","inLanguage":"fr-FR","@id":"https:\/\/www.bellunopress.it\/#\/schema\/logo\/image\/","url":"https:\/\/www.bellunopress.it\/wp-content\/uploads\/2011\/05\/cropped-logo-bellunopress-.jpg","contentUrl":"https:\/\/www.bellunopress.it\/wp-content\/uploads\/2011\/05\/cropped-logo-bellunopress-.jpg","width":512,"height":512,"caption":"Bellunopress"},"image":{"@id":"https:\/\/www.bellunopress.it\/#\/schema\/logo\/image\/"},"sameAs":["https:\/\/www.facebook.com\/profile.php?id=100008943462799","https:\/\/x.com\/bellunopress","https:\/\/www.linkedin.com\/hp\/?dnr=JBzUWaJfMUw8vbXJJ2tVW5-I3jZKvC4wsoxE&amp;amp;amp;amp;amp;amp;trk=nav_responsive_tab_home","https:\/\/www.youtube.com\/channel\/UCxL0wu1uN0_3_7hGG0306cw"]},{"@type":"Person","@id":"https:\/\/www.bellunopress.it\/#\/schema\/person\/79bb06722b37ece1c03d3e94beb30d73","name":"r\u00e9daction","image":{"@type":"ImageObject","inLanguage":"fr-FR","@id":"https:\/\/secure.gravatar.com\/avatar\/37d968a2e67a6fd04c169c4bdef102d0bc5d31b2546345219e348575eb80e9a0?s=96&d=mm&r=g","url":"https:\/\/secure.gravatar.com\/avatar\/37d968a2e67a6fd04c169c4bdef102d0bc5d31b2546345219e348575eb80e9a0?s=96&d=mm&r=g","contentUrl":"https:\/\/secure.gravatar.com\/avatar\/37d968a2e67a6fd04c169c4bdef102d0bc5d31b2546345219e348575eb80e9a0?s=96&d=mm&r=g","caption":"redazione"},"sameAs":["http:\/\/www.bellunopress.it","https:\/\/x.com\/bellunopress"],"url":"https:\/\/www.bellunopress.it\/fr\/author\/redazione\/"}]}},"_links":{"self":[{"href":"https:\/\/www.bellunopress.it\/fr\/wp-json\/wp\/v2\/posts\/143819","targetHints":{"allow":["GET"]}}],"collection":[{"href":"https:\/\/www.bellunopress.it\/fr\/wp-json\/wp\/v2\/posts"}],"about":[{"href":"https:\/\/www.bellunopress.it\/fr\/wp-json\/wp\/v2\/types\/post"}],"author":[{"embeddable":true,"href":"https:\/\/www.bellunopress.it\/fr\/wp-json\/wp\/v2\/users\/2"}],"replies":[{"embeddable":true,"href":"https:\/\/www.bellunopress.it\/fr\/wp-json\/wp\/v2\/comments?post=143819"}],"version-history":[{"count":4,"href":"https:\/\/www.bellunopress.it\/fr\/wp-json\/wp\/v2\/posts\/143819\/revisions"}],"predecessor-version":[{"id":143825,"href":"https:\/\/www.bellunopress.it\/fr\/wp-json\/wp\/v2\/posts\/143819\/revisions\/143825"}],"wp:featuredmedia":[{"embeddable":true,"href":"https:\/\/www.bellunopress.it\/fr\/wp-json\/wp\/v2\/media\/143821"}],"wp:attachment":[{"href":"https:\/\/www.bellunopress.it\/fr\/wp-json\/wp\/v2\/media?parent=143819"}],"wp:term":[{"taxonomy":"category","embeddable":true,"href":"https:\/\/www.bellunopress.it\/fr\/wp-json\/wp\/v2\/categories?post=143819"},{"taxonomy":"post_tag","embeddable":true,"href":"https:\/\/www.bellunopress.it\/fr\/wp-json\/wp\/v2\/tags?post=143819"}],"curies":[{"name":"wp","href":"https:\/\/api.w.org\/{rel}","templated":true}]}}