{"id":143813,"date":"2023-08-30T13:34:23","date_gmt":"2023-08-30T11:34:23","guid":{"rendered":"https:\/\/www.bellunopress.it\/?p=143813"},"modified":"2023-08-30T13:34:23","modified_gmt":"2023-08-30T11:34:23","slug":"due-concorsi-al-comune-di-belluno-2-assistenti-sociali-e-un-tecnico-manutenzioni","status":"publish","type":"post","link":"https:\/\/www.bellunopress.it\/fr\/2023\/08\/30\/due-concorsi-al-comune-di-belluno-2-assistenti-sociali-e-un-tecnico-manutenzioni\/","title":{"rendered":"Due concorsi al Comune di Belluno. 2 assistenti sociali e un tecnico manutenzioni"},"content":{"rendered":"<p><strong><img loading=\"lazy\" decoding=\"async\" class=\"alignleft  wp-image-142196\" src=\"https:\/\/www.bellunopress.it\/wp-content\/uploads\/2023\/06\/lavoro.jpg\" alt=\"\" width=\"277\" height=\"184\" srcset=\"https:\/\/www.bellunopress.it\/wp-content\/uploads\/2023\/06\/lavoro.jpg 597w, https:\/\/www.bellunopress.it\/wp-content\/uploads\/2023\/06\/lavoro-500x332.jpg 500w\" sizes=\"auto, (max-width: 277px) 100vw, 277px\" \/>Concorso pubblico per l\u2019assunzione di due funzionari &#8211; assistenti sociali, per le azioni progettuali previste per il Fondo Povert\u00e0. Domande entro il 28 settembre 2023, tramite piattaforma InPa<\/strong><br \/>\nL\u2019Amministrazione comunale di Belluno ha pubblicato un bando di concorso pubblico,<br \/>\nper esami, per l&#8217;assunzione a tempo pieno e determinato (per la durata di 24 mesi,<br \/>\nprorogabili) di 2 funzionari assistenti sociali, per le azioni progettuali previste per il<br \/>\nFondo Povert\u00e0 del Comune di Belluno.<br \/>\nPer partecipare al concorso \u00e8 richiesto il possesso di uno dei seguenti titoli di studio:<br \/>\ndiploma di laurea ante d.m. 509\/1999 in Servizio Sociale; lauree specialistiche o<br \/>\nmagistrali del d.m. 509\/1999 e del d.m. 270\/2004 equiparate ai sensi del decreto<br \/>\ninterministeriale 9\/7\/2009 a quella di cui al punto 1; lauree triennali: classe 06<br \/>\nScienze del servizio sociale (d.m. 509\/1999) e classe L-39 Servizio sociale; diplomi<br \/>\ndelle scuole dirette a fini speciali ex dPR 162\/1982 equiparati ai sensi del decreto<br \/>\ninterministeriale 11\/11\/2011 alle lauree triennali di cui al punto 3; diplomi universitari<br \/>\nex legge. n. 341\/1990, equiparati ai sensi del decreto interministeriale 11\/11\/2011<br \/>\nalle lauree triennali di cui al punto 3. Inoltre \u00e8 richiesta l\u2019iscrizione all&#8217;albo<br \/>\nprofessionale, istituito ai sensi della l. 84\/93 e d.m. 155\/98 e successive modifiche ed<br \/>\nintegrazioni previste dal d.p.r. 328\/01 (art 21, co. 2), che permetta di svolgere le<br \/>\nfunzioni degli iscritti nelle sezioni A e\/o B dell\u2019albo professionale e la patente cat. B.<br \/>\nLa domanda di partecipazione dovr\u00e0 essere presentata entro il giorno 28<br \/>\nsettembre 2023, esclusivamente tramite la piattaforma InPA dove il bando \u00e8<br \/>\npubblicato, all\u2019indirizzo https:\/\/www.inpa.gov.it\/<br \/>\nPer presentare la domanda \u00e8 necessario il pagamento della tassa di \u20ac 10,33, tramite<br \/>\nla procedura PagoPA, come da indicazioni InPa, specificando la causale \u201ctassa<br \/>\nconcorso istruttore tecnico categoria C, Comune di Belluno\u201d.<br \/>\nLa prova scritta si terr\u00e0 in data 9 ottobre 2023.<br \/>\nLa prova orale si terr\u00e0 in data 11 ottobre 2023 (con eventuale prosecuzione nel<br \/>\ngiorno successivo).<br \/>\nEntrambe le prove si terranno nella sala consigliare di Palazzo Rosso, in piazza<br \/>\nDuomo, 1 con orario da definire.<br \/>\nTutte le comunicazioni ai candidati saranno fornite solamente mediante pubblicazione<br \/>\ndelle stesse all\u2019albo on line e nel sito del Comune di Belluno www.comune.belluno.it,<br \/>\n\u201cBandi di concorso\u201d, da dove \u00e8 scaricabile anche il bando, completo dei dettagli.<br \/>\nPer chiarimenti e informazioni, gli interessati possono rivolgersi all\u2019area Personale del<br \/>\nComune di Belluno, in piazza Duomo 2, telefoni 0437 913274\/77\/80, email<br \/>\npersonale@comune.belluno.it<\/p>\n<p><strong>Concorso pubblico per l\u2019assunzione di un operatore esperto, servizi<\/strong><br \/>\n<strong>tecnico-manutentivi del Comune di Belluno. Domande entro il 20 settembre 2023, tramite piattaforma InPa<\/strong><br \/>\nL\u2019Amministrazione comunale di Belluno ha pubblicato un bando di concorso pubblico,<br \/>\nper esami, e a tempo pieno e indeterminato di un operatore esperto servizi tecnicomanutentivi, area degli operatori esperti (ex categoria B) ccnl Funzioni Locali, per<br \/>\nl&#8217;ufficio Manutenzioni Fabbricati e Impianti del Comune di Belluno.<br \/>\nPer partecipare al concorso \u00e8 richiesto il possesso di uno dei seguenti titoli di studio:<br \/>\nassolvimento dell&#8217;obbligo scolastico, accompagnato da una specifica qualificazione<br \/>\nprofessionale, con diploma od attestato di qualifica rilasciato da un istituto<br \/>\nprofessionale di Stato, dalla Regione o da centri di formazione professionale<br \/>\nlegalmente riconosciuti. Ai fini del possesso del titolo di studio sar\u00e0 considerato<br \/>\nvalido, in quanto assorbente, qualunque diploma di scuola superiore. Inoltre \u00e8<br \/>\nrichiesto il possesso della patente cat. B.<br \/>\nLa domanda di partecipazione dovr\u00e0 essere presentata entro il giorno 20<br \/>\nsettembre 2023, esclusivamente tramite la piattaforma InPA dove il bando \u00e8<br \/>\npubblicato, all\u2019indirizzo https:\/\/www.inpa.gov.it\/<br \/>\nPer presentare la domanda \u00e8 necessario il pagamento della tassa di \u20ac 10,33, tramite<br \/>\nla procedura PagoPA, come da indicazioni InPa, specificando la causale \u201ctassa<br \/>\nconcorso istruttore tecnico categoria C, Comune di Belluno\u201d.<br \/>\nLa prova scritta si terr\u00e0 in data 10 ottobre 2023, con inizio alle ore 9.00 nella sala<br \/>\nconsigliare di Palazzo Rosso, piazza Duomo 1.<br \/>\nLa prova pratica si terr\u00e0 in data 12 ottobre 2023 ,con inizio alle ore 9.00 (con<br \/>\neventuale prosecuzione nel giorno successivo), presso i magazzini comunali in via<br \/>\nMarisiga 111.<br \/>\nTutte le comunicazioni ai candidati saranno fornite solamente mediante pubblicazione<br \/>\ndelle stesse all\u2019albo on line e nel sito del Comune di Belluno www.comune.belluno.it,<br \/>\n\u201cBandi di concorso\u201d, da dove \u00e8 scaricabile anche il bando, completo dei dettagli.<br \/>\nPer chiarimenti e informazioni, gli interessati possono rivolgersi all\u2019area Personale del<br \/>\nComune di Belluno, in piazza Duomo 2, telefoni 0437 913274\/77\/80, email<br \/>\npersonale@comune.belluno.it<\/p>","protected":false},"excerpt":{"rendered":"<p>Concorso pubblico per l\u2019assunzione di due funzionari &#8211; assistenti sociali, per le azioni progettuali previste per il Fondo Povert\u00e0. Domande entro il 28 settembre 2023, tramite piattaforma InPa L\u2019Amministrazione comunale di Belluno ha pubblicato un bando di concorso pubblico, per esami, per l&#8217;assunzione a tempo pieno e determinato (per la durata di 24 mesi, prorogabili) [&hellip;]<\/p>\n","protected":false},"author":2,"featured_media":142196,"comment_status":"closed","ping_status":"open","sticky":false,"template":"","format":"standard","meta":{"footnotes":""},"categories":[36],"tags":[],"class_list":["post-143813","post","type-post","status-publish","format-standard","has-post-thumbnail","category-lavoro-economia"],"yoast_head":"<!-- This site is optimized with the Yoast SEO plugin v28.4 - https:\/\/yoast.com\/product\/yoast-seo-wordpress\/ -->\n<title>Due concorsi al Comune di Belluno. 2 assistenti sociali e un tecnico manutenzioni - Bellunopress - Dolomiti<\/title>\n<meta name=\"robots\" content=\"index, follow, max-snippet:-1, max-image-preview:large, max-video-preview:-1\" \/>\n<link rel=\"canonical\" href=\"https:\/\/www.bellunopress.it\/fr\/2023\/08\/30\/due-concorsi-al-comune-di-belluno-2-assistenti-sociali-e-un-tecnico-manutenzioni\/\" \/>\n<meta property=\"og:locale\" content=\"fr_FR\" \/>\n<meta property=\"og:type\" content=\"article\" \/>\n<meta property=\"og:title\" content=\"Due concorsi al Comune di Belluno. 2 assistenti sociali e un tecnico manutenzioni - Bellunopress - Dolomiti\" \/>\n<meta property=\"og:description\" content=\"Concorso pubblico per l\u2019assunzione di due funzionari &#8211; assistenti sociali, per le azioni progettuali previste per il Fondo Povert\u00e0. Domande entro il 28 settembre 2023, tramite piattaforma InPa L\u2019Amministrazione comunale di Belluno ha pubblicato un bando di concorso pubblico, per esami, per l&#8217;assunzione a tempo pieno e determinato (per la durata di 24 mesi, prorogabili) [&hellip;]\" \/>\n<meta property=\"og:url\" content=\"https:\/\/www.bellunopress.it\/fr\/2023\/08\/30\/due-concorsi-al-comune-di-belluno-2-assistenti-sociali-e-un-tecnico-manutenzioni\/\" \/>\n<meta property=\"og:site_name\" content=\"Bellunopress - Dolomiti\" \/>\n<meta property=\"article:publisher\" content=\"https:\/\/www.facebook.com\/profile.php?id=100008943462799\" \/>\n<meta property=\"article:published_time\" content=\"2023-08-30T11:34:23+00:00\" \/>\n<meta property=\"og:image\" content=\"https:\/\/www.bellunopress.it\/wp-content\/uploads\/2023\/06\/lavoro.jpg\" \/>\n\t<meta property=\"og:image:width\" content=\"597\" \/>\n\t<meta property=\"og:image:height\" content=\"397\" \/>\n\t<meta property=\"og:image:type\" content=\"image\/jpeg\" \/>\n<meta name=\"author\" content=\"redazione\" \/>\n<meta name=\"twitter:card\" content=\"summary_large_image\" \/>\n<meta name=\"twitter:creator\" content=\"@bellunopress\" \/>\n<meta name=\"twitter:site\" content=\"@bellunopress\" \/>\n<meta name=\"twitter:label1\" content=\"\u00c9crit par\" \/>\n\t<meta name=\"twitter:data1\" content=\"redazione\" \/>\n\t<meta name=\"twitter:label2\" content=\"Dur\u00e9e de lecture estim\u00e9e\" \/>\n\t<meta name=\"twitter:data2\" content=\"3 minutes\" \/>\n<script type=\"application\/ld+json\" class=\"yoast-schema-graph\">{\"@context\":\"https:\\\/\\\/schema.org\",\"@graph\":[{\"@type\":\"Article\",\"@id\":\"https:\\\/\\\/www.bellunopress.it\\\/2023\\\/08\\\/30\\\/due-concorsi-al-comune-di-belluno-2-assistenti-sociali-e-un-tecnico-manutenzioni\\\/#article\",\"isPartOf\":{\"@id\":\"https:\\\/\\\/www.bellunopress.it\\\/2023\\\/08\\\/30\\\/due-concorsi-al-comune-di-belluno-2-assistenti-sociali-e-un-tecnico-manutenzioni\\\/\"},\"author\":{\"name\":\"redazione\",\"@id\":\"https:\\\/\\\/www.bellunopress.it\\\/#\\\/schema\\\/person\\\/79bb06722b37ece1c03d3e94beb30d73\"},\"headline\":\"Due concorsi al Comune di Belluno. 2 assistenti sociali e un tecnico manutenzioni\",\"datePublished\":\"2023-08-30T11:34:23+00:00\",\"mainEntityOfPage\":{\"@id\":\"https:\\\/\\\/www.bellunopress.it\\\/2023\\\/08\\\/30\\\/due-concorsi-al-comune-di-belluno-2-assistenti-sociali-e-un-tecnico-manutenzioni\\\/\"},\"wordCount\":701,\"publisher\":{\"@id\":\"https:\\\/\\\/www.bellunopress.it\\\/#organization\"},\"image\":{\"@id\":\"https:\\\/\\\/www.bellunopress.it\\\/2023\\\/08\\\/30\\\/due-concorsi-al-comune-di-belluno-2-assistenti-sociali-e-un-tecnico-manutenzioni\\\/#primaryimage\"},\"thumbnailUrl\":\"https:\\\/\\\/www.bellunopress.it\\\/wp-content\\\/uploads\\\/2023\\\/06\\\/lavoro.jpg\",\"articleSection\":[\"Lavoro, Economia, Turismo\"],\"inLanguage\":\"fr-FR\"},{\"@type\":\"WebPage\",\"@id\":\"https:\\\/\\\/www.bellunopress.it\\\/2023\\\/08\\\/30\\\/due-concorsi-al-comune-di-belluno-2-assistenti-sociali-e-un-tecnico-manutenzioni\\\/\",\"url\":\"https:\\\/\\\/www.bellunopress.it\\\/2023\\\/08\\\/30\\\/due-concorsi-al-comune-di-belluno-2-assistenti-sociali-e-un-tecnico-manutenzioni\\\/\",\"name\":\"Due concorsi al Comune di Belluno. 2 assistenti sociali e un tecnico manutenzioni - Bellunopress - Dolomiti\",\"isPartOf\":{\"@id\":\"https:\\\/\\\/www.bellunopress.it\\\/#website\"},\"primaryImageOfPage\":{\"@id\":\"https:\\\/\\\/www.bellunopress.it\\\/2023\\\/08\\\/30\\\/due-concorsi-al-comune-di-belluno-2-assistenti-sociali-e-un-tecnico-manutenzioni\\\/#primaryimage\"},\"image\":{\"@id\":\"https:\\\/\\\/www.bellunopress.it\\\/2023\\\/08\\\/30\\\/due-concorsi-al-comune-di-belluno-2-assistenti-sociali-e-un-tecnico-manutenzioni\\\/#primaryimage\"},\"thumbnailUrl\":\"https:\\\/\\\/www.bellunopress.it\\\/wp-content\\\/uploads\\\/2023\\\/06\\\/lavoro.jpg\",\"datePublished\":\"2023-08-30T11:34:23+00:00\",\"breadcrumb\":{\"@id\":\"https:\\\/\\\/www.bellunopress.it\\\/2023\\\/08\\\/30\\\/due-concorsi-al-comune-di-belluno-2-assistenti-sociali-e-un-tecnico-manutenzioni\\\/#breadcrumb\"},\"inLanguage\":\"fr-FR\",\"potentialAction\":[{\"@type\":\"ReadAction\",\"target\":[\"https:\\\/\\\/www.bellunopress.it\\\/2023\\\/08\\\/30\\\/due-concorsi-al-comune-di-belluno-2-assistenti-sociali-e-un-tecnico-manutenzioni\\\/\"]}]},{\"@type\":\"ImageObject\",\"inLanguage\":\"fr-FR\",\"@id\":\"https:\\\/\\\/www.bellunopress.it\\\/2023\\\/08\\\/30\\\/due-concorsi-al-comune-di-belluno-2-assistenti-sociali-e-un-tecnico-manutenzioni\\\/#primaryimage\",\"url\":\"https:\\\/\\\/www.bellunopress.it\\\/wp-content\\\/uploads\\\/2023\\\/06\\\/lavoro.jpg\",\"contentUrl\":\"https:\\\/\\\/www.bellunopress.it\\\/wp-content\\\/uploads\\\/2023\\\/06\\\/lavoro.jpg\",\"width\":597,\"height\":397},{\"@type\":\"BreadcrumbList\",\"@id\":\"https:\\\/\\\/www.bellunopress.it\\\/2023\\\/08\\\/30\\\/due-concorsi-al-comune-di-belluno-2-assistenti-sociali-e-un-tecnico-manutenzioni\\\/#breadcrumb\",\"itemListElement\":[{\"@type\":\"ListItem\",\"position\":1,\"name\":\"Home\",\"item\":\"https:\\\/\\\/www.bellunopress.it\\\/\"},{\"@type\":\"ListItem\",\"position\":2,\"name\":\"Due concorsi al Comune di Belluno. 2 assistenti sociali e un tecnico manutenzioni\"}]},{\"@type\":\"WebSite\",\"@id\":\"https:\\\/\\\/www.bellunopress.it\\\/#website\",\"url\":\"https:\\\/\\\/www.bellunopress.it\\\/\",\"name\":\"Bellunopress - Dolomiti\",\"description\":\"e-mail: redazione@bellunopress.it\",\"publisher\":{\"@id\":\"https:\\\/\\\/www.bellunopress.it\\\/#organization\"},\"potentialAction\":[{\"@type\":\"SearchAction\",\"target\":{\"@type\":\"EntryPoint\",\"urlTemplate\":\"https:\\\/\\\/www.bellunopress.it\\\/?s={search_term_string}\"},\"query-input\":{\"@type\":\"PropertyValueSpecification\",\"valueRequired\":true,\"valueName\":\"search_term_string\"}}],\"inLanguage\":\"fr-FR\"},{\"@type\":\"Organization\",\"@id\":\"https:\\\/\\\/www.bellunopress.it\\\/#organization\",\"name\":\"Bellunopress\",\"url\":\"https:\\\/\\\/www.bellunopress.it\\\/\",\"logo\":{\"@type\":\"ImageObject\",\"inLanguage\":\"fr-FR\",\"@id\":\"https:\\\/\\\/www.bellunopress.it\\\/#\\\/schema\\\/logo\\\/image\\\/\",\"url\":\"https:\\\/\\\/www.bellunopress.it\\\/wp-content\\\/uploads\\\/2011\\\/05\\\/cropped-logo-bellunopress-.jpg\",\"contentUrl\":\"https:\\\/\\\/www.bellunopress.it\\\/wp-content\\\/uploads\\\/2011\\\/05\\\/cropped-logo-bellunopress-.jpg\",\"width\":512,\"height\":512,\"caption\":\"Bellunopress\"},\"image\":{\"@id\":\"https:\\\/\\\/www.bellunopress.it\\\/#\\\/schema\\\/logo\\\/image\\\/\"},\"sameAs\":[\"https:\\\/\\\/www.facebook.com\\\/profile.php?id=100008943462799\",\"https:\\\/\\\/x.com\\\/bellunopress\",\"https:\\\/\\\/www.linkedin.com\\\/hp\\\/?dnr=JBzUWaJfMUw8vbXJJ2tVW5-I3jZKvC4wsoxE&amp;amp;amp;amp;amp;amp;trk=nav_responsive_tab_home\",\"https:\\\/\\\/www.youtube.com\\\/channel\\\/UCxL0wu1uN0_3_7hGG0306cw\"]},{\"@type\":\"Person\",\"@id\":\"https:\\\/\\\/www.bellunopress.it\\\/#\\\/schema\\\/person\\\/79bb06722b37ece1c03d3e94beb30d73\",\"name\":\"redazione\",\"image\":{\"@type\":\"ImageObject\",\"inLanguage\":\"fr-FR\",\"@id\":\"https:\\\/\\\/secure.gravatar.com\\\/avatar\\\/37d968a2e67a6fd04c169c4bdef102d0bc5d31b2546345219e348575eb80e9a0?s=96&d=mm&r=g\",\"url\":\"https:\\\/\\\/secure.gravatar.com\\\/avatar\\\/37d968a2e67a6fd04c169c4bdef102d0bc5d31b2546345219e348575eb80e9a0?s=96&d=mm&r=g\",\"contentUrl\":\"https:\\\/\\\/secure.gravatar.com\\\/avatar\\\/37d968a2e67a6fd04c169c4bdef102d0bc5d31b2546345219e348575eb80e9a0?s=96&d=mm&r=g\",\"caption\":\"redazione\"},\"sameAs\":[\"http:\\\/\\\/www.bellunopress.it\",\"https:\\\/\\\/x.com\\\/bellunopress\"],\"url\":\"https:\\\/\\\/www.bellunopress.it\\\/fr\\\/author\\\/redazione\\\/\"}]}<\/script>\n<!-- \/ Yoast SEO plugin. -->","yoast_head_json":{"title":"Due concorsi al Comune di Belluno. 2 assistenti sociali e un tecnico manutenzioni - Bellunopress - Dolomiti","robots":{"index":"index","follow":"follow","max-snippet":"max-snippet:-1","max-image-preview":"max-image-preview:large","max-video-preview":"max-video-preview:-1"},"canonical":"https:\/\/www.bellunopress.it\/fr\/2023\/08\/30\/due-concorsi-al-comune-di-belluno-2-assistenti-sociali-e-un-tecnico-manutenzioni\/","og_locale":"fr_FR","og_type":"article","og_title":"Due concorsi al Comune di Belluno. 2 assistenti sociali e un tecnico manutenzioni - Bellunopress - Dolomiti","og_description":"Concorso pubblico per l\u2019assunzione di due funzionari &#8211; assistenti sociali, per le azioni progettuali previste per il Fondo Povert\u00e0. Domande entro il 28 settembre 2023, tramite piattaforma InPa L\u2019Amministrazione comunale di Belluno ha pubblicato un bando di concorso pubblico, per esami, per l&#8217;assunzione a tempo pieno e determinato (per la durata di 24 mesi, prorogabili) [&hellip;]","og_url":"https:\/\/www.bellunopress.it\/fr\/2023\/08\/30\/due-concorsi-al-comune-di-belluno-2-assistenti-sociali-e-un-tecnico-manutenzioni\/","og_site_name":"Bellunopress - Dolomiti","article_publisher":"https:\/\/www.facebook.com\/profile.php?id=100008943462799","article_published_time":"2023-08-30T11:34:23+00:00","og_image":[{"width":597,"height":397,"url":"https:\/\/www.bellunopress.it\/wp-content\/uploads\/2023\/06\/lavoro.jpg","type":"image\/jpeg"}],"author":"redazione","twitter_card":"summary_large_image","twitter_creator":"@bellunopress","twitter_site":"@bellunopress","twitter_misc":{"\u00c9crit par":"redazione","Dur\u00e9e de lecture estim\u00e9e":"3 minutes"},"schema":{"@context":"https:\/\/schema.org","@graph":[{"@type":"Article","@id":"https:\/\/www.bellunopress.it\/2023\/08\/30\/due-concorsi-al-comune-di-belluno-2-assistenti-sociali-e-un-tecnico-manutenzioni\/#article","isPartOf":{"@id":"https:\/\/www.bellunopress.it\/2023\/08\/30\/due-concorsi-al-comune-di-belluno-2-assistenti-sociali-e-un-tecnico-manutenzioni\/"},"author":{"name":"redazione","@id":"https:\/\/www.bellunopress.it\/#\/schema\/person\/79bb06722b37ece1c03d3e94beb30d73"},"headline":"Due concorsi al Comune di Belluno. 2 assistenti sociali e un tecnico manutenzioni","datePublished":"2023-08-30T11:34:23+00:00","mainEntityOfPage":{"@id":"https:\/\/www.bellunopress.it\/2023\/08\/30\/due-concorsi-al-comune-di-belluno-2-assistenti-sociali-e-un-tecnico-manutenzioni\/"},"wordCount":701,"publisher":{"@id":"https:\/\/www.bellunopress.it\/#organization"},"image":{"@id":"https:\/\/www.bellunopress.it\/2023\/08\/30\/due-concorsi-al-comune-di-belluno-2-assistenti-sociali-e-un-tecnico-manutenzioni\/#primaryimage"},"thumbnailUrl":"https:\/\/www.bellunopress.it\/wp-content\/uploads\/2023\/06\/lavoro.jpg","articleSection":["Lavoro, Economia, Turismo"],"inLanguage":"fr-FR"},{"@type":"WebPage","@id":"https:\/\/www.bellunopress.it\/2023\/08\/30\/due-concorsi-al-comune-di-belluno-2-assistenti-sociali-e-un-tecnico-manutenzioni\/","url":"https:\/\/www.bellunopress.it\/2023\/08\/30\/due-concorsi-al-comune-di-belluno-2-assistenti-sociali-e-un-tecnico-manutenzioni\/","name":"Due concorsi al Comune di Belluno. 2 assistenti sociali e un tecnico manutenzioni - Bellunopress - Dolomiti","isPartOf":{"@id":"https:\/\/www.bellunopress.it\/#website"},"primaryImageOfPage":{"@id":"https:\/\/www.bellunopress.it\/2023\/08\/30\/due-concorsi-al-comune-di-belluno-2-assistenti-sociali-e-un-tecnico-manutenzioni\/#primaryimage"},"image":{"@id":"https:\/\/www.bellunopress.it\/2023\/08\/30\/due-concorsi-al-comune-di-belluno-2-assistenti-sociali-e-un-tecnico-manutenzioni\/#primaryimage"},"thumbnailUrl":"https:\/\/www.bellunopress.it\/wp-content\/uploads\/2023\/06\/lavoro.jpg","datePublished":"2023-08-30T11:34:23+00:00","breadcrumb":{"@id":"https:\/\/www.bellunopress.it\/2023\/08\/30\/due-concorsi-al-comune-di-belluno-2-assistenti-sociali-e-un-tecnico-manutenzioni\/#breadcrumb"},"inLanguage":"fr-FR","potentialAction":[{"@type":"ReadAction","target":["https:\/\/www.bellunopress.it\/2023\/08\/30\/due-concorsi-al-comune-di-belluno-2-assistenti-sociali-e-un-tecnico-manutenzioni\/"]}]},{"@type":"ImageObject","inLanguage":"fr-FR","@id":"https:\/\/www.bellunopress.it\/2023\/08\/30\/due-concorsi-al-comune-di-belluno-2-assistenti-sociali-e-un-tecnico-manutenzioni\/#primaryimage","url":"https:\/\/www.bellunopress.it\/wp-content\/uploads\/2023\/06\/lavoro.jpg","contentUrl":"https:\/\/www.bellunopress.it\/wp-content\/uploads\/2023\/06\/lavoro.jpg","width":597,"height":397},{"@type":"BreadcrumbList","@id":"https:\/\/www.bellunopress.it\/2023\/08\/30\/due-concorsi-al-comune-di-belluno-2-assistenti-sociali-e-un-tecnico-manutenzioni\/#breadcrumb","itemListElement":[{"@type":"ListItem","position":1,"name":"Home","item":"https:\/\/www.bellunopress.it\/"},{"@type":"ListItem","position":2,"name":"Due concorsi al Comune di Belluno. 2 assistenti sociali e un tecnico manutenzioni"}]},{"@type":"WebSite","@id":"https:\/\/www.bellunopress.it\/#website","url":"https:\/\/www.bellunopress.it\/","name":"Bellunopress - Dolomiti","description":"e-mail: redazione@bellunopress.it","publisher":{"@id":"https:\/\/www.bellunopress.it\/#organization"},"potentialAction":[{"@type":"SearchAction","target":{"@type":"EntryPoint","urlTemplate":"https:\/\/www.bellunopress.it\/?s={search_term_string}"},"query-input":{"@type":"PropertyValueSpecification","valueRequired":true,"valueName":"search_term_string"}}],"inLanguage":"fr-FR"},{"@type":"Organization","@id":"https:\/\/www.bellunopress.it\/#organization","name":"Bellunopress","url":"https:\/\/www.bellunopress.it\/","logo":{"@type":"ImageObject","inLanguage":"fr-FR","@id":"https:\/\/www.bellunopress.it\/#\/schema\/logo\/image\/","url":"https:\/\/www.bellunopress.it\/wp-content\/uploads\/2011\/05\/cropped-logo-bellunopress-.jpg","contentUrl":"https:\/\/www.bellunopress.it\/wp-content\/uploads\/2011\/05\/cropped-logo-bellunopress-.jpg","width":512,"height":512,"caption":"Bellunopress"},"image":{"@id":"https:\/\/www.bellunopress.it\/#\/schema\/logo\/image\/"},"sameAs":["https:\/\/www.facebook.com\/profile.php?id=100008943462799","https:\/\/x.com\/bellunopress","https:\/\/www.linkedin.com\/hp\/?dnr=JBzUWaJfMUw8vbXJJ2tVW5-I3jZKvC4wsoxE&amp;amp;amp;amp;amp;amp;trk=nav_responsive_tab_home","https:\/\/www.youtube.com\/channel\/UCxL0wu1uN0_3_7hGG0306cw"]},{"@type":"Person","@id":"https:\/\/www.bellunopress.it\/#\/schema\/person\/79bb06722b37ece1c03d3e94beb30d73","name":"r\u00e9daction","image":{"@type":"ImageObject","inLanguage":"fr-FR","@id":"https:\/\/secure.gravatar.com\/avatar\/37d968a2e67a6fd04c169c4bdef102d0bc5d31b2546345219e348575eb80e9a0?s=96&d=mm&r=g","url":"https:\/\/secure.gravatar.com\/avatar\/37d968a2e67a6fd04c169c4bdef102d0bc5d31b2546345219e348575eb80e9a0?s=96&d=mm&r=g","contentUrl":"https:\/\/secure.gravatar.com\/avatar\/37d968a2e67a6fd04c169c4bdef102d0bc5d31b2546345219e348575eb80e9a0?s=96&d=mm&r=g","caption":"redazione"},"sameAs":["http:\/\/www.bellunopress.it","https:\/\/x.com\/bellunopress"],"url":"https:\/\/www.bellunopress.it\/fr\/author\/redazione\/"}]}},"_links":{"self":[{"href":"https:\/\/www.bellunopress.it\/fr\/wp-json\/wp\/v2\/posts\/143813","targetHints":{"allow":["GET"]}}],"collection":[{"href":"https:\/\/www.bellunopress.it\/fr\/wp-json\/wp\/v2\/posts"}],"about":[{"href":"https:\/\/www.bellunopress.it\/fr\/wp-json\/wp\/v2\/types\/post"}],"author":[{"embeddable":true,"href":"https:\/\/www.bellunopress.it\/fr\/wp-json\/wp\/v2\/users\/2"}],"replies":[{"embeddable":true,"href":"https:\/\/www.bellunopress.it\/fr\/wp-json\/wp\/v2\/comments?post=143813"}],"version-history":[{"count":1,"href":"https:\/\/www.bellunopress.it\/fr\/wp-json\/wp\/v2\/posts\/143813\/revisions"}],"predecessor-version":[{"id":143814,"href":"https:\/\/www.bellunopress.it\/fr\/wp-json\/wp\/v2\/posts\/143813\/revisions\/143814"}],"wp:featuredmedia":[{"embeddable":true,"href":"https:\/\/www.bellunopress.it\/fr\/wp-json\/wp\/v2\/media\/142196"}],"wp:attachment":[{"href":"https:\/\/www.bellunopress.it\/fr\/wp-json\/wp\/v2\/media?parent=143813"}],"wp:term":[{"taxonomy":"category","embeddable":true,"href":"https:\/\/www.bellunopress.it\/fr\/wp-json\/wp\/v2\/categories?post=143813"},{"taxonomy":"post_tag","embeddable":true,"href":"https:\/\/www.bellunopress.it\/fr\/wp-json\/wp\/v2\/tags?post=143813"}],"curies":[{"name":"wp","href":"https:\/\/api.w.org\/{rel}","templated":true}]}}