{"id":143810,"date":"2023-08-30T09:26:35","date_gmt":"2023-08-30T07:26:35","guid":{"rendered":"https:\/\/www.bellunopress.it\/?p=143810"},"modified":"2023-08-30T09:26:35","modified_gmt":"2023-08-30T07:26:35","slug":"e-iniziata-la-haute-route-dolomites-2023-l1-e-il-2-settembre-falzarego-e-cortina","status":"publish","type":"post","link":"https:\/\/www.bellunopress.it\/fr\/2023\/08\/30\/e-iniziata-la-haute-route-dolomites-2023-l1-e-il-2-settembre-falzarego-e-cortina\/","title":{"rendered":"E&#8217; iniziata la Haute Route Dolomites 2023. L&#8217;1 e il 2 settembre Falzarego e Cortina"},"content":{"rendered":"<p><img loading=\"lazy\" decoding=\"async\" class=\"alignleft size-full wp-image-143811\" src=\"https:\/\/www.bellunopress.it\/wp-content\/uploads\/2023\/08\/Haute-Route-Dolomites-@LAZOU_umbrailpass-29-agosto-2023-2_edited.jpg\" alt=\"\" width=\"1000\" height=\"667\" srcset=\"https:\/\/www.bellunopress.it\/wp-content\/uploads\/2023\/08\/Haute-Route-Dolomites-@LAZOU_umbrailpass-29-agosto-2023-2_edited.jpg 1000w, https:\/\/www.bellunopress.it\/wp-content\/uploads\/2023\/08\/Haute-Route-Dolomites-@LAZOU_umbrailpass-29-agosto-2023-2_edited-500x334.jpg 500w, https:\/\/www.bellunopress.it\/wp-content\/uploads\/2023\/08\/Haute-Route-Dolomites-@LAZOU_umbrailpass-29-agosto-2023-2_edited-696x464.jpg 696w, https:\/\/www.bellunopress.it\/wp-content\/uploads\/2023\/08\/Haute-Route-Dolomites-@LAZOU_umbrailpass-29-agosto-2023-2_edited-630x420.jpg 630w\" sizes=\"auto, (max-width: 1000px) 100vw, 1000px\" \/>A Bormio, la prima tappa della corsa a tappe amatoriale \u00e8 stata accorciata a causa del meteo. In cima all&#8217;Umbrail Pass svetta il belga Frederic Glorieux. Domani la Bormio \u2013 Passo Predaia<\/p>\n<p>Inizio in bianco per l&#8217;edizione 2023 di Haute Route Dolomites. Marted\u00ec 29 agosto, infatti, \u00e8 arrivata la neve a salutare i quasi 400 ciclisti arrivati da oltre quaranta nazioni a Bormio per l&#8217;esordio la prima tappa dell&#8217;evento italiano della serie Haute Route, il primo circuito al mondo di corse a tappe di prestigio per ciclisti amatoriali.<\/p>\n<p>In programma c&#8217;era la Bormio \u2013 Passo dello Stelvio: 83 chilometri e 3.274 metri di dislivello che prevedevano, nell&#8217;ordine, la scalata dell&#8217;Umbrail Pass (19 chilometri di ascesa per 1.295 metri di dislivello positivo) e quella dello Stelvio, dal versante altoatesino (24 chilometri di sviluppo e 1.834 metri di dislivello positivo). La direzione corsa, per\u00f2, ha accorciato il percorso a causa delle condizioni meteo avverse (neve in quota e temperature basse) che hanno anche causato la chiusura della strada per la Svizzera. Arrivo all&#8217;Umbrail Pass, dunque. In cima il miglior riscontro cronometrico \u00e8 stato quello del belga Frederic Glorieux che ha fermato il cronometro sul tempo di 1h00&#8217;20&#8221;, precedendo il brasiliano Bruno Fregolente Lazaretti (+4&#8217;08&#8221;) e l&#8217;italiano Enrico Girotti (+5&#8217;18&#8221;).<\/p>\n<p>Tra le donne la pi\u00f9 veloce \u00e8 stata la messicana Ana Maria Ybarra Corcuera, con le due brasiliane Maira Catenacci e Valeria Ciarnuto sul podio di giornata e l&#8217;italiana Michela Santini quarta.<\/p>\n<p>Tra i team, il migliore \u00e8 stato Hbfs, terzetto composto da Enrico Girotti, Kirill Pavlovich e Herberts Pudans.<\/p>\n<p>Mercoled\u00ec 30 agosto la seconda tappa, che porter\u00e0 i concorrenti dalla Lombardia al Trentino.In programma c&#8217;\u00e8 la Bormio \u2013 Passo Predaia: 120 i chilometri da percorrere, 3.256 i metri di dislivello positivo da superare. Tre le salite da affrontare: il Gavia subito dopo il via (13 chilometri di ascesa, da Santa Caterina Valfurva, per 900 metri di dislivello), il Tonale e il Predaia dove Haute Route Dolomites giunge per la seconda volta dopo l&#8217;esordio del 2022.<\/p>\n<p>\u00abContiamo di rispettare il programma originario, anche grazie alla collaborazione di Anas che garantisce la pulizia del Passo Gavia\u00bb sottolinea il direttore di gara, Davide Marchegiano. \u00abFin d&#8217;ora ringraziamo per l&#8217;ospitalit\u00e0 le strutture del rifugio Bonetta e del Solarium Predaia per il supporto fornitoci\u00bb.<\/p>\n<p>Sono cinque le tappe dell&#8217;edizione 2023 di Haute Route Dolomites. Dopo la Bormio \u2013 Umbrail Pass e la Bormio \u2013 Passo Predaia, ci saranno la Trento \u2013 Monte Bondone (31 agosto), la Trento \u2013 Passo Falzarego (1 settembre) e la Cortina d&#8217;Ampezzo \u2013 Passo Valparola (2 settembre).<\/p>\n<p>La formula che caratterizza Haute Route Dolomites, come tutti gli eventi Haute Route, \u00e8 quella della ciclosportiva, formula che permette di avere una ottimale gestione del percorso sia per quanto riguarda gli atleti sia relativamente al traffico. La classifica di tappa \u00e8 infatti determinata dalla somma dei tempi ottenuta nei tratti cronometrati e i diversi valichi sui quali transiteremo non saranno chiusi.<\/p>\n<p>&nbsp;<\/p>","protected":false},"excerpt":{"rendered":"<p>A Bormio, la prima tappa della corsa a tappe amatoriale \u00e8 stata accorciata a causa del meteo. In cima all&#8217;Umbrail Pass svetta il belga Frederic Glorieux. Domani la Bormio \u2013 Passo Predaia Inizio in bianco per l&#8217;edizione 2023 di Haute Route Dolomites. Marted\u00ec 29 agosto, infatti, \u00e8 arrivata la neve a salutare i quasi 400 [&hellip;]<\/p>\n","protected":false},"author":2,"featured_media":143811,"comment_status":"closed","ping_status":"open","sticky":false,"template":"","format":"standard","meta":{"footnotes":""},"categories":[4],"tags":[],"class_list":["post-143810","post","type-post","status-publish","format-standard","has-post-thumbnail","category-sport"],"yoast_head":"<!-- This site is optimized with the Yoast SEO plugin v28.4 - https:\/\/yoast.com\/product\/yoast-seo-wordpress\/ -->\n<title>E&#039; iniziata la Haute Route Dolomites 2023. L&#039;1 e il 2 settembre Falzarego e Cortina - Bellunopress - Dolomiti<\/title>\n<meta name=\"robots\" content=\"index, follow, max-snippet:-1, max-image-preview:large, max-video-preview:-1\" \/>\n<link rel=\"canonical\" href=\"https:\/\/www.bellunopress.it\/fr\/2023\/08\/30\/e-iniziata-la-haute-route-dolomites-2023-l1-e-il-2-settembre-falzarego-e-cortina\/\" \/>\n<meta property=\"og:locale\" content=\"fr_FR\" \/>\n<meta property=\"og:type\" content=\"article\" \/>\n<meta property=\"og:title\" content=\"E&#039; iniziata la Haute Route Dolomites 2023. L&#039;1 e il 2 settembre Falzarego e Cortina - Bellunopress - Dolomiti\" \/>\n<meta property=\"og:description\" content=\"A Bormio, la prima tappa della corsa a tappe amatoriale \u00e8 stata accorciata a causa del meteo. In cima all&#8217;Umbrail Pass svetta il belga Frederic Glorieux. Domani la Bormio \u2013 Passo Predaia Inizio in bianco per l&#8217;edizione 2023 di Haute Route Dolomites. Marted\u00ec 29 agosto, infatti, \u00e8 arrivata la neve a salutare i quasi 400 [&hellip;]\" \/>\n<meta property=\"og:url\" content=\"https:\/\/www.bellunopress.it\/fr\/2023\/08\/30\/e-iniziata-la-haute-route-dolomites-2023-l1-e-il-2-settembre-falzarego-e-cortina\/\" \/>\n<meta property=\"og:site_name\" content=\"Bellunopress - Dolomiti\" \/>\n<meta property=\"article:publisher\" content=\"https:\/\/www.facebook.com\/profile.php?id=100008943462799\" \/>\n<meta property=\"article:published_time\" content=\"2023-08-30T07:26:35+00:00\" \/>\n<meta property=\"og:image\" content=\"https:\/\/www.bellunopress.it\/wp-content\/uploads\/2023\/08\/Haute-Route-Dolomites-@LAZOU_umbrailpass-29-agosto-2023-2_edited.jpg\" \/>\n\t<meta property=\"og:image:width\" content=\"1000\" \/>\n\t<meta property=\"og:image:height\" content=\"667\" \/>\n\t<meta property=\"og:image:type\" content=\"image\/jpeg\" \/>\n<meta name=\"author\" content=\"redazione\" \/>\n<meta name=\"twitter:card\" content=\"summary_large_image\" \/>\n<meta name=\"twitter:creator\" content=\"@bellunopress\" \/>\n<meta name=\"twitter:site\" content=\"@bellunopress\" \/>\n<meta name=\"twitter:label1\" content=\"\u00c9crit par\" \/>\n\t<meta name=\"twitter:data1\" content=\"redazione\" \/>\n\t<meta name=\"twitter:label2\" content=\"Dur\u00e9e de lecture estim\u00e9e\" \/>\n\t<meta name=\"twitter:data2\" content=\"2 minutes\" \/>\n<script type=\"application\/ld+json\" class=\"yoast-schema-graph\">{\"@context\":\"https:\\\/\\\/schema.org\",\"@graph\":[{\"@type\":\"Article\",\"@id\":\"https:\\\/\\\/www.bellunopress.it\\\/2023\\\/08\\\/30\\\/e-iniziata-la-haute-route-dolomites-2023-l1-e-il-2-settembre-falzarego-e-cortina\\\/#article\",\"isPartOf\":{\"@id\":\"https:\\\/\\\/www.bellunopress.it\\\/2023\\\/08\\\/30\\\/e-iniziata-la-haute-route-dolomites-2023-l1-e-il-2-settembre-falzarego-e-cortina\\\/\"},\"author\":{\"name\":\"redazione\",\"@id\":\"https:\\\/\\\/www.bellunopress.it\\\/#\\\/schema\\\/person\\\/79bb06722b37ece1c03d3e94beb30d73\"},\"headline\":\"E&#8217; iniziata la Haute Route Dolomites 2023. L&#8217;1 e il 2 settembre Falzarego e Cortina\",\"datePublished\":\"2023-08-30T07:26:35+00:00\",\"mainEntityOfPage\":{\"@id\":\"https:\\\/\\\/www.bellunopress.it\\\/2023\\\/08\\\/30\\\/e-iniziata-la-haute-route-dolomites-2023-l1-e-il-2-settembre-falzarego-e-cortina\\\/\"},\"wordCount\":480,\"publisher\":{\"@id\":\"https:\\\/\\\/www.bellunopress.it\\\/#organization\"},\"image\":{\"@id\":\"https:\\\/\\\/www.bellunopress.it\\\/2023\\\/08\\\/30\\\/e-iniziata-la-haute-route-dolomites-2023-l1-e-il-2-settembre-falzarego-e-cortina\\\/#primaryimage\"},\"thumbnailUrl\":\"https:\\\/\\\/www.bellunopress.it\\\/wp-content\\\/uploads\\\/2023\\\/08\\\/Haute-Route-Dolomites-@LAZOU_umbrailpass-29-agosto-2023-2_edited.jpg\",\"articleSection\":[\"Sport, tempo libero\"],\"inLanguage\":\"fr-FR\"},{\"@type\":\"WebPage\",\"@id\":\"https:\\\/\\\/www.bellunopress.it\\\/2023\\\/08\\\/30\\\/e-iniziata-la-haute-route-dolomites-2023-l1-e-il-2-settembre-falzarego-e-cortina\\\/\",\"url\":\"https:\\\/\\\/www.bellunopress.it\\\/2023\\\/08\\\/30\\\/e-iniziata-la-haute-route-dolomites-2023-l1-e-il-2-settembre-falzarego-e-cortina\\\/\",\"name\":\"E' iniziata la Haute Route Dolomites 2023. L'1 e il 2 settembre Falzarego e Cortina - Bellunopress - Dolomiti\",\"isPartOf\":{\"@id\":\"https:\\\/\\\/www.bellunopress.it\\\/#website\"},\"primaryImageOfPage\":{\"@id\":\"https:\\\/\\\/www.bellunopress.it\\\/2023\\\/08\\\/30\\\/e-iniziata-la-haute-route-dolomites-2023-l1-e-il-2-settembre-falzarego-e-cortina\\\/#primaryimage\"},\"image\":{\"@id\":\"https:\\\/\\\/www.bellunopress.it\\\/2023\\\/08\\\/30\\\/e-iniziata-la-haute-route-dolomites-2023-l1-e-il-2-settembre-falzarego-e-cortina\\\/#primaryimage\"},\"thumbnailUrl\":\"https:\\\/\\\/www.bellunopress.it\\\/wp-content\\\/uploads\\\/2023\\\/08\\\/Haute-Route-Dolomites-@LAZOU_umbrailpass-29-agosto-2023-2_edited.jpg\",\"datePublished\":\"2023-08-30T07:26:35+00:00\",\"breadcrumb\":{\"@id\":\"https:\\\/\\\/www.bellunopress.it\\\/2023\\\/08\\\/30\\\/e-iniziata-la-haute-route-dolomites-2023-l1-e-il-2-settembre-falzarego-e-cortina\\\/#breadcrumb\"},\"inLanguage\":\"fr-FR\",\"potentialAction\":[{\"@type\":\"ReadAction\",\"target\":[\"https:\\\/\\\/www.bellunopress.it\\\/2023\\\/08\\\/30\\\/e-iniziata-la-haute-route-dolomites-2023-l1-e-il-2-settembre-falzarego-e-cortina\\\/\"]}]},{\"@type\":\"ImageObject\",\"inLanguage\":\"fr-FR\",\"@id\":\"https:\\\/\\\/www.bellunopress.it\\\/2023\\\/08\\\/30\\\/e-iniziata-la-haute-route-dolomites-2023-l1-e-il-2-settembre-falzarego-e-cortina\\\/#primaryimage\",\"url\":\"https:\\\/\\\/www.bellunopress.it\\\/wp-content\\\/uploads\\\/2023\\\/08\\\/Haute-Route-Dolomites-@LAZOU_umbrailpass-29-agosto-2023-2_edited.jpg\",\"contentUrl\":\"https:\\\/\\\/www.bellunopress.it\\\/wp-content\\\/uploads\\\/2023\\\/08\\\/Haute-Route-Dolomites-@LAZOU_umbrailpass-29-agosto-2023-2_edited.jpg\",\"width\":1000,\"height\":667},{\"@type\":\"BreadcrumbList\",\"@id\":\"https:\\\/\\\/www.bellunopress.it\\\/2023\\\/08\\\/30\\\/e-iniziata-la-haute-route-dolomites-2023-l1-e-il-2-settembre-falzarego-e-cortina\\\/#breadcrumb\",\"itemListElement\":[{\"@type\":\"ListItem\",\"position\":1,\"name\":\"Home\",\"item\":\"https:\\\/\\\/www.bellunopress.it\\\/\"},{\"@type\":\"ListItem\",\"position\":2,\"name\":\"E&#8217; iniziata la Haute Route Dolomites 2023. L&#8217;1 e il 2 settembre Falzarego e Cortina\"}]},{\"@type\":\"WebSite\",\"@id\":\"https:\\\/\\\/www.bellunopress.it\\\/#website\",\"url\":\"https:\\\/\\\/www.bellunopress.it\\\/\",\"name\":\"Bellunopress - Dolomiti\",\"description\":\"e-mail: redazione@bellunopress.it\",\"publisher\":{\"@id\":\"https:\\\/\\\/www.bellunopress.it\\\/#organization\"},\"potentialAction\":[{\"@type\":\"SearchAction\",\"target\":{\"@type\":\"EntryPoint\",\"urlTemplate\":\"https:\\\/\\\/www.bellunopress.it\\\/?s={search_term_string}\"},\"query-input\":{\"@type\":\"PropertyValueSpecification\",\"valueRequired\":true,\"valueName\":\"search_term_string\"}}],\"inLanguage\":\"fr-FR\"},{\"@type\":\"Organization\",\"@id\":\"https:\\\/\\\/www.bellunopress.it\\\/#organization\",\"name\":\"Bellunopress\",\"url\":\"https:\\\/\\\/www.bellunopress.it\\\/\",\"logo\":{\"@type\":\"ImageObject\",\"inLanguage\":\"fr-FR\",\"@id\":\"https:\\\/\\\/www.bellunopress.it\\\/#\\\/schema\\\/logo\\\/image\\\/\",\"url\":\"https:\\\/\\\/www.bellunopress.it\\\/wp-content\\\/uploads\\\/2011\\\/05\\\/cropped-logo-bellunopress-.jpg\",\"contentUrl\":\"https:\\\/\\\/www.bellunopress.it\\\/wp-content\\\/uploads\\\/2011\\\/05\\\/cropped-logo-bellunopress-.jpg\",\"width\":512,\"height\":512,\"caption\":\"Bellunopress\"},\"image\":{\"@id\":\"https:\\\/\\\/www.bellunopress.it\\\/#\\\/schema\\\/logo\\\/image\\\/\"},\"sameAs\":[\"https:\\\/\\\/www.facebook.com\\\/profile.php?id=100008943462799\",\"https:\\\/\\\/x.com\\\/bellunopress\",\"https:\\\/\\\/www.linkedin.com\\\/hp\\\/?dnr=JBzUWaJfMUw8vbXJJ2tVW5-I3jZKvC4wsoxE&amp;amp;amp;amp;amp;amp;trk=nav_responsive_tab_home\",\"https:\\\/\\\/www.youtube.com\\\/channel\\\/UCxL0wu1uN0_3_7hGG0306cw\"]},{\"@type\":\"Person\",\"@id\":\"https:\\\/\\\/www.bellunopress.it\\\/#\\\/schema\\\/person\\\/79bb06722b37ece1c03d3e94beb30d73\",\"name\":\"redazione\",\"image\":{\"@type\":\"ImageObject\",\"inLanguage\":\"fr-FR\",\"@id\":\"https:\\\/\\\/secure.gravatar.com\\\/avatar\\\/37d968a2e67a6fd04c169c4bdef102d0bc5d31b2546345219e348575eb80e9a0?s=96&d=mm&r=g\",\"url\":\"https:\\\/\\\/secure.gravatar.com\\\/avatar\\\/37d968a2e67a6fd04c169c4bdef102d0bc5d31b2546345219e348575eb80e9a0?s=96&d=mm&r=g\",\"contentUrl\":\"https:\\\/\\\/secure.gravatar.com\\\/avatar\\\/37d968a2e67a6fd04c169c4bdef102d0bc5d31b2546345219e348575eb80e9a0?s=96&d=mm&r=g\",\"caption\":\"redazione\"},\"sameAs\":[\"http:\\\/\\\/www.bellunopress.it\",\"https:\\\/\\\/x.com\\\/bellunopress\"],\"url\":\"https:\\\/\\\/www.bellunopress.it\\\/fr\\\/author\\\/redazione\\\/\"}]}<\/script>\n<!-- \/ Yoast SEO plugin. -->","yoast_head_json":{"title":"E' iniziata la Haute Route Dolomites 2023. L'1 e il 2 settembre Falzarego e Cortina - Bellunopress - Dolomiti","robots":{"index":"index","follow":"follow","max-snippet":"max-snippet:-1","max-image-preview":"max-image-preview:large","max-video-preview":"max-video-preview:-1"},"canonical":"https:\/\/www.bellunopress.it\/fr\/2023\/08\/30\/e-iniziata-la-haute-route-dolomites-2023-l1-e-il-2-settembre-falzarego-e-cortina\/","og_locale":"fr_FR","og_type":"article","og_title":"E' iniziata la Haute Route Dolomites 2023. L'1 e il 2 settembre Falzarego e Cortina - Bellunopress - Dolomiti","og_description":"A Bormio, la prima tappa della corsa a tappe amatoriale \u00e8 stata accorciata a causa del meteo. In cima all&#8217;Umbrail Pass svetta il belga Frederic Glorieux. Domani la Bormio \u2013 Passo Predaia Inizio in bianco per l&#8217;edizione 2023 di Haute Route Dolomites. Marted\u00ec 29 agosto, infatti, \u00e8 arrivata la neve a salutare i quasi 400 [&hellip;]","og_url":"https:\/\/www.bellunopress.it\/fr\/2023\/08\/30\/e-iniziata-la-haute-route-dolomites-2023-l1-e-il-2-settembre-falzarego-e-cortina\/","og_site_name":"Bellunopress - Dolomiti","article_publisher":"https:\/\/www.facebook.com\/profile.php?id=100008943462799","article_published_time":"2023-08-30T07:26:35+00:00","og_image":[{"width":1000,"height":667,"url":"https:\/\/www.bellunopress.it\/wp-content\/uploads\/2023\/08\/Haute-Route-Dolomites-@LAZOU_umbrailpass-29-agosto-2023-2_edited.jpg","type":"image\/jpeg"}],"author":"redazione","twitter_card":"summary_large_image","twitter_creator":"@bellunopress","twitter_site":"@bellunopress","twitter_misc":{"\u00c9crit par":"redazione","Dur\u00e9e de lecture estim\u00e9e":"2 minutes"},"schema":{"@context":"https:\/\/schema.org","@graph":[{"@type":"Article","@id":"https:\/\/www.bellunopress.it\/2023\/08\/30\/e-iniziata-la-haute-route-dolomites-2023-l1-e-il-2-settembre-falzarego-e-cortina\/#article","isPartOf":{"@id":"https:\/\/www.bellunopress.it\/2023\/08\/30\/e-iniziata-la-haute-route-dolomites-2023-l1-e-il-2-settembre-falzarego-e-cortina\/"},"author":{"name":"redazione","@id":"https:\/\/www.bellunopress.it\/#\/schema\/person\/79bb06722b37ece1c03d3e94beb30d73"},"headline":"E&#8217; iniziata la Haute Route Dolomites 2023. L&#8217;1 e il 2 settembre Falzarego e Cortina","datePublished":"2023-08-30T07:26:35+00:00","mainEntityOfPage":{"@id":"https:\/\/www.bellunopress.it\/2023\/08\/30\/e-iniziata-la-haute-route-dolomites-2023-l1-e-il-2-settembre-falzarego-e-cortina\/"},"wordCount":480,"publisher":{"@id":"https:\/\/www.bellunopress.it\/#organization"},"image":{"@id":"https:\/\/www.bellunopress.it\/2023\/08\/30\/e-iniziata-la-haute-route-dolomites-2023-l1-e-il-2-settembre-falzarego-e-cortina\/#primaryimage"},"thumbnailUrl":"https:\/\/www.bellunopress.it\/wp-content\/uploads\/2023\/08\/Haute-Route-Dolomites-@LAZOU_umbrailpass-29-agosto-2023-2_edited.jpg","articleSection":["Sport, tempo libero"],"inLanguage":"fr-FR"},{"@type":"WebPage","@id":"https:\/\/www.bellunopress.it\/2023\/08\/30\/e-iniziata-la-haute-route-dolomites-2023-l1-e-il-2-settembre-falzarego-e-cortina\/","url":"https:\/\/www.bellunopress.it\/2023\/08\/30\/e-iniziata-la-haute-route-dolomites-2023-l1-e-il-2-settembre-falzarego-e-cortina\/","name":"E' iniziata la Haute Route Dolomites 2023. L'1 e il 2 settembre Falzarego e Cortina - Bellunopress - Dolomiti","isPartOf":{"@id":"https:\/\/www.bellunopress.it\/#website"},"primaryImageOfPage":{"@id":"https:\/\/www.bellunopress.it\/2023\/08\/30\/e-iniziata-la-haute-route-dolomites-2023-l1-e-il-2-settembre-falzarego-e-cortina\/#primaryimage"},"image":{"@id":"https:\/\/www.bellunopress.it\/2023\/08\/30\/e-iniziata-la-haute-route-dolomites-2023-l1-e-il-2-settembre-falzarego-e-cortina\/#primaryimage"},"thumbnailUrl":"https:\/\/www.bellunopress.it\/wp-content\/uploads\/2023\/08\/Haute-Route-Dolomites-@LAZOU_umbrailpass-29-agosto-2023-2_edited.jpg","datePublished":"2023-08-30T07:26:35+00:00","breadcrumb":{"@id":"https:\/\/www.bellunopress.it\/2023\/08\/30\/e-iniziata-la-haute-route-dolomites-2023-l1-e-il-2-settembre-falzarego-e-cortina\/#breadcrumb"},"inLanguage":"fr-FR","potentialAction":[{"@type":"ReadAction","target":["https:\/\/www.bellunopress.it\/2023\/08\/30\/e-iniziata-la-haute-route-dolomites-2023-l1-e-il-2-settembre-falzarego-e-cortina\/"]}]},{"@type":"ImageObject","inLanguage":"fr-FR","@id":"https:\/\/www.bellunopress.it\/2023\/08\/30\/e-iniziata-la-haute-route-dolomites-2023-l1-e-il-2-settembre-falzarego-e-cortina\/#primaryimage","url":"https:\/\/www.bellunopress.it\/wp-content\/uploads\/2023\/08\/Haute-Route-Dolomites-@LAZOU_umbrailpass-29-agosto-2023-2_edited.jpg","contentUrl":"https:\/\/www.bellunopress.it\/wp-content\/uploads\/2023\/08\/Haute-Route-Dolomites-@LAZOU_umbrailpass-29-agosto-2023-2_edited.jpg","width":1000,"height":667},{"@type":"BreadcrumbList","@id":"https:\/\/www.bellunopress.it\/2023\/08\/30\/e-iniziata-la-haute-route-dolomites-2023-l1-e-il-2-settembre-falzarego-e-cortina\/#breadcrumb","itemListElement":[{"@type":"ListItem","position":1,"name":"Home","item":"https:\/\/www.bellunopress.it\/"},{"@type":"ListItem","position":2,"name":"E&#8217; iniziata la Haute Route Dolomites 2023. L&#8217;1 e il 2 settembre Falzarego e Cortina"}]},{"@type":"WebSite","@id":"https:\/\/www.bellunopress.it\/#website","url":"https:\/\/www.bellunopress.it\/","name":"Bellunopress - Dolomiti","description":"e-mail: redazione@bellunopress.it","publisher":{"@id":"https:\/\/www.bellunopress.it\/#organization"},"potentialAction":[{"@type":"SearchAction","target":{"@type":"EntryPoint","urlTemplate":"https:\/\/www.bellunopress.it\/?s={search_term_string}"},"query-input":{"@type":"PropertyValueSpecification","valueRequired":true,"valueName":"search_term_string"}}],"inLanguage":"fr-FR"},{"@type":"Organization","@id":"https:\/\/www.bellunopress.it\/#organization","name":"Bellunopress","url":"https:\/\/www.bellunopress.it\/","logo":{"@type":"ImageObject","inLanguage":"fr-FR","@id":"https:\/\/www.bellunopress.it\/#\/schema\/logo\/image\/","url":"https:\/\/www.bellunopress.it\/wp-content\/uploads\/2011\/05\/cropped-logo-bellunopress-.jpg","contentUrl":"https:\/\/www.bellunopress.it\/wp-content\/uploads\/2011\/05\/cropped-logo-bellunopress-.jpg","width":512,"height":512,"caption":"Bellunopress"},"image":{"@id":"https:\/\/www.bellunopress.it\/#\/schema\/logo\/image\/"},"sameAs":["https:\/\/www.facebook.com\/profile.php?id=100008943462799","https:\/\/x.com\/bellunopress","https:\/\/www.linkedin.com\/hp\/?dnr=JBzUWaJfMUw8vbXJJ2tVW5-I3jZKvC4wsoxE&amp;amp;amp;amp;amp;amp;trk=nav_responsive_tab_home","https:\/\/www.youtube.com\/channel\/UCxL0wu1uN0_3_7hGG0306cw"]},{"@type":"Person","@id":"https:\/\/www.bellunopress.it\/#\/schema\/person\/79bb06722b37ece1c03d3e94beb30d73","name":"r\u00e9daction","image":{"@type":"ImageObject","inLanguage":"fr-FR","@id":"https:\/\/secure.gravatar.com\/avatar\/37d968a2e67a6fd04c169c4bdef102d0bc5d31b2546345219e348575eb80e9a0?s=96&d=mm&r=g","url":"https:\/\/secure.gravatar.com\/avatar\/37d968a2e67a6fd04c169c4bdef102d0bc5d31b2546345219e348575eb80e9a0?s=96&d=mm&r=g","contentUrl":"https:\/\/secure.gravatar.com\/avatar\/37d968a2e67a6fd04c169c4bdef102d0bc5d31b2546345219e348575eb80e9a0?s=96&d=mm&r=g","caption":"redazione"},"sameAs":["http:\/\/www.bellunopress.it","https:\/\/x.com\/bellunopress"],"url":"https:\/\/www.bellunopress.it\/fr\/author\/redazione\/"}]}},"_links":{"self":[{"href":"https:\/\/www.bellunopress.it\/fr\/wp-json\/wp\/v2\/posts\/143810","targetHints":{"allow":["GET"]}}],"collection":[{"href":"https:\/\/www.bellunopress.it\/fr\/wp-json\/wp\/v2\/posts"}],"about":[{"href":"https:\/\/www.bellunopress.it\/fr\/wp-json\/wp\/v2\/types\/post"}],"author":[{"embeddable":true,"href":"https:\/\/www.bellunopress.it\/fr\/wp-json\/wp\/v2\/users\/2"}],"replies":[{"embeddable":true,"href":"https:\/\/www.bellunopress.it\/fr\/wp-json\/wp\/v2\/comments?post=143810"}],"version-history":[{"count":1,"href":"https:\/\/www.bellunopress.it\/fr\/wp-json\/wp\/v2\/posts\/143810\/revisions"}],"predecessor-version":[{"id":143812,"href":"https:\/\/www.bellunopress.it\/fr\/wp-json\/wp\/v2\/posts\/143810\/revisions\/143812"}],"wp:featuredmedia":[{"embeddable":true,"href":"https:\/\/www.bellunopress.it\/fr\/wp-json\/wp\/v2\/media\/143811"}],"wp:attachment":[{"href":"https:\/\/www.bellunopress.it\/fr\/wp-json\/wp\/v2\/media?parent=143810"}],"wp:term":[{"taxonomy":"category","embeddable":true,"href":"https:\/\/www.bellunopress.it\/fr\/wp-json\/wp\/v2\/categories?post=143810"},{"taxonomy":"post_tag","embeddable":true,"href":"https:\/\/www.bellunopress.it\/fr\/wp-json\/wp\/v2\/tags?post=143810"}],"curies":[{"name":"wp","href":"https:\/\/api.w.org\/{rel}","templated":true}]}}