{"id":143724,"date":"2023-08-26T09:44:10","date_gmt":"2023-08-26T07:44:10","guid":{"rendered":"https:\/\/www.bellunopress.it\/?p=143724"},"modified":"2023-08-26T09:47:56","modified_gmt":"2023-08-26T07:47:56","slug":"salviamo-il-bosco-di-ronco-dalla-nuova-pista-di-bob","status":"publish","type":"post","link":"https:\/\/www.bellunopress.it\/fr\/2023\/08\/26\/salviamo-il-bosco-di-ronco-dalla-nuova-pista-di-bob\/","title":{"rendered":"Salviamo il bosco di Ronco dalla nuova pista di bob"},"content":{"rendered":"<p><img loading=\"lazy\" decoding=\"async\" class=\"alignleft size-full wp-image-142987\" src=\"https:\/\/www.bellunopress.it\/wp-content\/uploads\/2023\/07\/non-nel-mio-nome-no-pista-bob-cortina.jpg\" alt=\"coordinamento associazioni ambientaliste\" width=\"1000\" height=\"687\" srcset=\"https:\/\/www.bellunopress.it\/wp-content\/uploads\/2023\/07\/non-nel-mio-nome-no-pista-bob-cortina.jpg 1000w, https:\/\/www.bellunopress.it\/wp-content\/uploads\/2023\/07\/non-nel-mio-nome-no-pista-bob-cortina-500x344.jpg 500w, https:\/\/www.bellunopress.it\/wp-content\/uploads\/2023\/07\/non-nel-mio-nome-no-pista-bob-cortina-218x150.jpg 218w, https:\/\/www.bellunopress.it\/wp-content\/uploads\/2023\/07\/non-nel-mio-nome-no-pista-bob-cortina-696x478.jpg 696w, https:\/\/www.bellunopress.it\/wp-content\/uploads\/2023\/07\/non-nel-mio-nome-no-pista-bob-cortina-611x420.jpg 611w, https:\/\/www.bellunopress.it\/wp-content\/uploads\/2023\/07\/non-nel-mio-nome-no-pista-bob-cortina-100x70.jpg 100w\" sizes=\"auto, (max-width: 1000px) 100vw, 1000px\" \/>Perch\u00e9 non \u00e8 stata fatta la Valutazione di Impatto Ambientale?<\/p>\n<p>A chiederselo in una nota, \u00e8 il Coordinamento delle Associazioni Ambientaliste dell&#8217;Alto Bellunese.<\/p>\n<p>La complicata vicenda della realizzazione del nuovo Sliding Center Olimpico di Cortina si<br \/>\navvia a compimento ma ancora non \u00e8 dato sapere in quale direzione.<br \/>\nInfatti &#8211; fanno sapere le associazioni ambientaliste &#8211; andata deserta la gara d\u2019appalto, la Simico spa potr\u00e0 provare a trattare l&#8217;affare senza trasparenza e senza gara, bruciando, oltre ai tempi contingentati, ogni ordinaria regola di garanzia per l&#8217;efficienza e l&#8217;economia della spesa pubblica.<\/p>\n<p>&#8220;Abbiamo evidenziato a tutti i decisori, compreso il Presidente Luca Zaia, unico patron in<br \/>\nVeneto di questa Olimpiade, da noi incontrato lo scorso dicembre . \u2013 prosegue la nota &#8211; quali siano le motivazioni razionali di carattere ambientale, socio-economico e anche sportivo che si oppongono alla realizzazione della nuova pista, e come sia molto pi\u00f9 logico trasferire le gare a Innsbruck\/Igls, che in queste ultime ore ha rilanciato in modo ufficiale la propria disponibilit\u00e0.<\/p>\n<p>Finora abbiamo purtroppo dovuto constatare una irremovibile pervicacia nel volere a tutti i<br \/>\ncosti mantene le gare a Cortina. Evidentemente vi sono ragioni a noi poco comprensibili<br \/>\nche impediscono un saggio ravvedimento.<br \/>\nIl sacrificio del bosco di Ronco per fare posto a un serpentone di cemento e metallo non<br \/>\nsolo non \u00e8 giustificato ma, da un punto di vista procedurale, presenta molte pecche. Come<br \/>\ninfatti evidenziato nel ricorso presentato da Italia Nostra al Tar del Lazio, il<br \/>\ndisboscamento previsto non \u00e8 quello indicato in progetto ma supera di gran lunga la<br \/>\nsoglia oltre la quale la normativa vigente prevede la procedura di Verifica di<br \/>\nAssoggettabilit\u00e0 a Valutazione di Impatto Ambientale. Questo passo \u00e8 mancato, e<br \/>\ninvece va attuato.<\/p>\n<p>Nel frattempo, fiduciosi come sempre nella legalit\u00e0, ma fermi nella volont\u00e0 di manifestare il<br \/>\nloro dissenso, i rappresentanti delle Associazioni Ambientaliste si sono legati in un<br \/>\nabbraccio simbolico ai larici di Ronco, piante di oltre 150 anni, alte pi\u00f9 di trenta metri, che<br \/>\ncostituiscono un bosco coetaneo e monospecifico a quota relativamente bassa, una<br \/>\nunicit\u00e0 nei paesi alpini. Di questo bosco sono evidenti il valore paesaggistico, la<br \/>\nspettacolarit\u00e0, il fatto che abbia resistito alla devastante tempesta Vaia, il servizio<br \/>\nsociale e ricreativo che offre proprio grazie alla sua peculiarit\u00e0.<\/p>\n<p>Un angolo di poesia nell&#8217;insieme della cittadina di Cortina, destinato alle famiglie, ai<br \/>\nbambini. Siamo in presenza di un bene storico &#8211; culturale che dovrebbe essere tutelato<br \/>\ncon fermezza dalla Soprintendenza veneta.<br \/>\nIl nuovo Sliding Center, se realizzato &#8211; conclude la nota &#8211; passer\u00e0 alla storia come <em>tempesta Zaia<\/em>\u201d.<img loading=\"lazy\" decoding=\"async\" class=\"alignleft size-full wp-image-140747\" src=\"https:\/\/www.bellunopress.it\/wp-content\/uploads\/2023\/04\/Manifestazione-NO-NUOVA-PISTA-BOB-CORTINA_edited.jpg\" alt=\"\" width=\"662\" height=\"1000\" srcset=\"https:\/\/www.bellunopress.it\/wp-content\/uploads\/2023\/04\/Manifestazione-NO-NUOVA-PISTA-BOB-CORTINA_edited.jpg 662w, https:\/\/www.bellunopress.it\/wp-content\/uploads\/2023\/04\/Manifestazione-NO-NUOVA-PISTA-BOB-CORTINA_edited-331x500.jpg 331w, https:\/\/www.bellunopress.it\/wp-content\/uploads\/2023\/04\/Manifestazione-NO-NUOVA-PISTA-BOB-CORTINA_edited-278x420.jpg 278w\" sizes=\"auto, (max-width: 662px) 100vw, 662px\" \/><\/p>","protected":false},"excerpt":{"rendered":"<p>Perch\u00e9 non \u00e8 stata fatta la Valutazione di Impatto Ambientale? A chiederselo in una nota, \u00e8 il Coordinamento delle Associazioni Ambientaliste dell&#8217;Alto Bellunese. La complicata vicenda della realizzazione del nuovo Sliding Center Olimpico di Cortina si avvia a compimento ma ancora non \u00e8 dato sapere in quale direzione. Infatti &#8211; fanno sapere le associazioni ambientaliste [&hellip;]<\/p>\n","protected":false},"author":2,"featured_media":142987,"comment_status":"closed","ping_status":"open","sticky":false,"template":"","format":"standard","meta":{"footnotes":""},"categories":[5,26,8],"tags":[],"class_list":["post-143724","post","type-post","status-publish","format-standard","has-post-thumbnail","category-cronaca","category-prima-pagina","category-societa-istituzioni"],"yoast_head":"<!-- This site is optimized with the Yoast SEO plugin v28.4 - https:\/\/yoast.com\/product\/yoast-seo-wordpress\/ -->\n<title>Salviamo il bosco di Ronco dalla nuova pista di bob - Bellunopress - Dolomiti<\/title>\n<meta name=\"robots\" content=\"index, follow, max-snippet:-1, max-image-preview:large, max-video-preview:-1\" \/>\n<link rel=\"canonical\" href=\"https:\/\/www.bellunopress.it\/fr\/2023\/08\/26\/salviamo-il-bosco-di-ronco-dalla-nuova-pista-di-bob\/\" \/>\n<meta property=\"og:locale\" content=\"fr_FR\" \/>\n<meta property=\"og:type\" content=\"article\" \/>\n<meta property=\"og:title\" content=\"Salviamo il bosco di Ronco dalla nuova pista di bob - Bellunopress - Dolomiti\" \/>\n<meta property=\"og:description\" content=\"Perch\u00e9 non \u00e8 stata fatta la Valutazione di Impatto Ambientale? A chiederselo in una nota, \u00e8 il Coordinamento delle Associazioni Ambientaliste dell&#8217;Alto Bellunese. La complicata vicenda della realizzazione del nuovo Sliding Center Olimpico di Cortina si avvia a compimento ma ancora non \u00e8 dato sapere in quale direzione. Infatti &#8211; fanno sapere le associazioni ambientaliste [&hellip;]\" \/>\n<meta property=\"og:url\" content=\"https:\/\/www.bellunopress.it\/fr\/2023\/08\/26\/salviamo-il-bosco-di-ronco-dalla-nuova-pista-di-bob\/\" \/>\n<meta property=\"og:site_name\" content=\"Bellunopress - Dolomiti\" \/>\n<meta property=\"article:publisher\" content=\"https:\/\/www.facebook.com\/profile.php?id=100008943462799\" \/>\n<meta property=\"article:published_time\" content=\"2023-08-26T07:44:10+00:00\" \/>\n<meta property=\"article:modified_time\" content=\"2023-08-26T07:47:56+00:00\" \/>\n<meta property=\"og:image\" content=\"https:\/\/www.bellunopress.it\/wp-content\/uploads\/2023\/07\/non-nel-mio-nome-no-pista-bob-cortina.jpg\" \/>\n\t<meta property=\"og:image:width\" content=\"1000\" \/>\n\t<meta property=\"og:image:height\" content=\"687\" \/>\n\t<meta property=\"og:image:type\" content=\"image\/jpeg\" \/>\n<meta name=\"author\" content=\"redazione\" \/>\n<meta name=\"twitter:card\" content=\"summary_large_image\" \/>\n<meta name=\"twitter:creator\" content=\"@bellunopress\" \/>\n<meta name=\"twitter:site\" content=\"@bellunopress\" \/>\n<meta name=\"twitter:label1\" content=\"\u00c9crit par\" \/>\n\t<meta name=\"twitter:data1\" content=\"redazione\" \/>\n\t<meta name=\"twitter:label2\" content=\"Dur\u00e9e de lecture estim\u00e9e\" \/>\n\t<meta name=\"twitter:data2\" content=\"2 minutes\" \/>\n<script type=\"application\/ld+json\" class=\"yoast-schema-graph\">{\"@context\":\"https:\\\/\\\/schema.org\",\"@graph\":[{\"@type\":\"Article\",\"@id\":\"https:\\\/\\\/www.bellunopress.it\\\/2023\\\/08\\\/26\\\/salviamo-il-bosco-di-ronco-dalla-nuova-pista-di-bob\\\/#article\",\"isPartOf\":{\"@id\":\"https:\\\/\\\/www.bellunopress.it\\\/2023\\\/08\\\/26\\\/salviamo-il-bosco-di-ronco-dalla-nuova-pista-di-bob\\\/\"},\"author\":{\"name\":\"redazione\",\"@id\":\"https:\\\/\\\/www.bellunopress.it\\\/#\\\/schema\\\/person\\\/79bb06722b37ece1c03d3e94beb30d73\"},\"headline\":\"Salviamo il bosco di Ronco dalla nuova pista di bob\",\"datePublished\":\"2023-08-26T07:44:10+00:00\",\"dateModified\":\"2023-08-26T07:47:56+00:00\",\"mainEntityOfPage\":{\"@id\":\"https:\\\/\\\/www.bellunopress.it\\\/2023\\\/08\\\/26\\\/salviamo-il-bosco-di-ronco-dalla-nuova-pista-di-bob\\\/\"},\"wordCount\":429,\"publisher\":{\"@id\":\"https:\\\/\\\/www.bellunopress.it\\\/#organization\"},\"image\":{\"@id\":\"https:\\\/\\\/www.bellunopress.it\\\/2023\\\/08\\\/26\\\/salviamo-il-bosco-di-ronco-dalla-nuova-pista-di-bob\\\/#primaryimage\"},\"thumbnailUrl\":\"https:\\\/\\\/www.bellunopress.it\\\/wp-content\\\/uploads\\\/2023\\\/07\\\/non-nel-mio-nome-no-pista-bob-cortina.jpg\",\"articleSection\":[\"Cronaca\\\/Politica\",\"Prima Pagina\",\"Societ\u00e0, Associazioni, Istituzioni\"],\"inLanguage\":\"fr-FR\"},{\"@type\":\"WebPage\",\"@id\":\"https:\\\/\\\/www.bellunopress.it\\\/2023\\\/08\\\/26\\\/salviamo-il-bosco-di-ronco-dalla-nuova-pista-di-bob\\\/\",\"url\":\"https:\\\/\\\/www.bellunopress.it\\\/2023\\\/08\\\/26\\\/salviamo-il-bosco-di-ronco-dalla-nuova-pista-di-bob\\\/\",\"name\":\"Salviamo il bosco di Ronco dalla nuova pista di bob - Bellunopress - Dolomiti\",\"isPartOf\":{\"@id\":\"https:\\\/\\\/www.bellunopress.it\\\/#website\"},\"primaryImageOfPage\":{\"@id\":\"https:\\\/\\\/www.bellunopress.it\\\/2023\\\/08\\\/26\\\/salviamo-il-bosco-di-ronco-dalla-nuova-pista-di-bob\\\/#primaryimage\"},\"image\":{\"@id\":\"https:\\\/\\\/www.bellunopress.it\\\/2023\\\/08\\\/26\\\/salviamo-il-bosco-di-ronco-dalla-nuova-pista-di-bob\\\/#primaryimage\"},\"thumbnailUrl\":\"https:\\\/\\\/www.bellunopress.it\\\/wp-content\\\/uploads\\\/2023\\\/07\\\/non-nel-mio-nome-no-pista-bob-cortina.jpg\",\"datePublished\":\"2023-08-26T07:44:10+00:00\",\"dateModified\":\"2023-08-26T07:47:56+00:00\",\"breadcrumb\":{\"@id\":\"https:\\\/\\\/www.bellunopress.it\\\/2023\\\/08\\\/26\\\/salviamo-il-bosco-di-ronco-dalla-nuova-pista-di-bob\\\/#breadcrumb\"},\"inLanguage\":\"fr-FR\",\"potentialAction\":[{\"@type\":\"ReadAction\",\"target\":[\"https:\\\/\\\/www.bellunopress.it\\\/2023\\\/08\\\/26\\\/salviamo-il-bosco-di-ronco-dalla-nuova-pista-di-bob\\\/\"]}]},{\"@type\":\"ImageObject\",\"inLanguage\":\"fr-FR\",\"@id\":\"https:\\\/\\\/www.bellunopress.it\\\/2023\\\/08\\\/26\\\/salviamo-il-bosco-di-ronco-dalla-nuova-pista-di-bob\\\/#primaryimage\",\"url\":\"https:\\\/\\\/www.bellunopress.it\\\/wp-content\\\/uploads\\\/2023\\\/07\\\/non-nel-mio-nome-no-pista-bob-cortina.jpg\",\"contentUrl\":\"https:\\\/\\\/www.bellunopress.it\\\/wp-content\\\/uploads\\\/2023\\\/07\\\/non-nel-mio-nome-no-pista-bob-cortina.jpg\",\"width\":1000,\"height\":687,\"caption\":\"coordinamento associazioni ambientaliste\"},{\"@type\":\"BreadcrumbList\",\"@id\":\"https:\\\/\\\/www.bellunopress.it\\\/2023\\\/08\\\/26\\\/salviamo-il-bosco-di-ronco-dalla-nuova-pista-di-bob\\\/#breadcrumb\",\"itemListElement\":[{\"@type\":\"ListItem\",\"position\":1,\"name\":\"Home\",\"item\":\"https:\\\/\\\/www.bellunopress.it\\\/\"},{\"@type\":\"ListItem\",\"position\":2,\"name\":\"Salviamo il bosco di Ronco dalla nuova pista di bob\"}]},{\"@type\":\"WebSite\",\"@id\":\"https:\\\/\\\/www.bellunopress.it\\\/#website\",\"url\":\"https:\\\/\\\/www.bellunopress.it\\\/\",\"name\":\"Bellunopress - Dolomiti\",\"description\":\"e-mail: redazione@bellunopress.it\",\"publisher\":{\"@id\":\"https:\\\/\\\/www.bellunopress.it\\\/#organization\"},\"potentialAction\":[{\"@type\":\"SearchAction\",\"target\":{\"@type\":\"EntryPoint\",\"urlTemplate\":\"https:\\\/\\\/www.bellunopress.it\\\/?s={search_term_string}\"},\"query-input\":{\"@type\":\"PropertyValueSpecification\",\"valueRequired\":true,\"valueName\":\"search_term_string\"}}],\"inLanguage\":\"fr-FR\"},{\"@type\":\"Organization\",\"@id\":\"https:\\\/\\\/www.bellunopress.it\\\/#organization\",\"name\":\"Bellunopress\",\"url\":\"https:\\\/\\\/www.bellunopress.it\\\/\",\"logo\":{\"@type\":\"ImageObject\",\"inLanguage\":\"fr-FR\",\"@id\":\"https:\\\/\\\/www.bellunopress.it\\\/#\\\/schema\\\/logo\\\/image\\\/\",\"url\":\"https:\\\/\\\/www.bellunopress.it\\\/wp-content\\\/uploads\\\/2011\\\/05\\\/cropped-logo-bellunopress-.jpg\",\"contentUrl\":\"https:\\\/\\\/www.bellunopress.it\\\/wp-content\\\/uploads\\\/2011\\\/05\\\/cropped-logo-bellunopress-.jpg\",\"width\":512,\"height\":512,\"caption\":\"Bellunopress\"},\"image\":{\"@id\":\"https:\\\/\\\/www.bellunopress.it\\\/#\\\/schema\\\/logo\\\/image\\\/\"},\"sameAs\":[\"https:\\\/\\\/www.facebook.com\\\/profile.php?id=100008943462799\",\"https:\\\/\\\/x.com\\\/bellunopress\",\"https:\\\/\\\/www.linkedin.com\\\/hp\\\/?dnr=JBzUWaJfMUw8vbXJJ2tVW5-I3jZKvC4wsoxE&amp;amp;amp;amp;amp;amp;trk=nav_responsive_tab_home\",\"https:\\\/\\\/www.youtube.com\\\/channel\\\/UCxL0wu1uN0_3_7hGG0306cw\"]},{\"@type\":\"Person\",\"@id\":\"https:\\\/\\\/www.bellunopress.it\\\/#\\\/schema\\\/person\\\/79bb06722b37ece1c03d3e94beb30d73\",\"name\":\"redazione\",\"image\":{\"@type\":\"ImageObject\",\"inLanguage\":\"fr-FR\",\"@id\":\"https:\\\/\\\/secure.gravatar.com\\\/avatar\\\/37d968a2e67a6fd04c169c4bdef102d0bc5d31b2546345219e348575eb80e9a0?s=96&d=mm&r=g\",\"url\":\"https:\\\/\\\/secure.gravatar.com\\\/avatar\\\/37d968a2e67a6fd04c169c4bdef102d0bc5d31b2546345219e348575eb80e9a0?s=96&d=mm&r=g\",\"contentUrl\":\"https:\\\/\\\/secure.gravatar.com\\\/avatar\\\/37d968a2e67a6fd04c169c4bdef102d0bc5d31b2546345219e348575eb80e9a0?s=96&d=mm&r=g\",\"caption\":\"redazione\"},\"sameAs\":[\"http:\\\/\\\/www.bellunopress.it\",\"https:\\\/\\\/x.com\\\/bellunopress\"],\"url\":\"https:\\\/\\\/www.bellunopress.it\\\/fr\\\/author\\\/redazione\\\/\"}]}<\/script>\n<!-- \/ Yoast SEO plugin. -->","yoast_head_json":{"title":"Salviamo il bosco di Ronco dalla nuova pista di bob - Bellunopress - Dolomiti","robots":{"index":"index","follow":"follow","max-snippet":"max-snippet:-1","max-image-preview":"max-image-preview:large","max-video-preview":"max-video-preview:-1"},"canonical":"https:\/\/www.bellunopress.it\/fr\/2023\/08\/26\/salviamo-il-bosco-di-ronco-dalla-nuova-pista-di-bob\/","og_locale":"fr_FR","og_type":"article","og_title":"Salviamo il bosco di Ronco dalla nuova pista di bob - Bellunopress - Dolomiti","og_description":"Perch\u00e9 non \u00e8 stata fatta la Valutazione di Impatto Ambientale? A chiederselo in una nota, \u00e8 il Coordinamento delle Associazioni Ambientaliste dell&#8217;Alto Bellunese. La complicata vicenda della realizzazione del nuovo Sliding Center Olimpico di Cortina si avvia a compimento ma ancora non \u00e8 dato sapere in quale direzione. Infatti &#8211; fanno sapere le associazioni ambientaliste [&hellip;]","og_url":"https:\/\/www.bellunopress.it\/fr\/2023\/08\/26\/salviamo-il-bosco-di-ronco-dalla-nuova-pista-di-bob\/","og_site_name":"Bellunopress - Dolomiti","article_publisher":"https:\/\/www.facebook.com\/profile.php?id=100008943462799","article_published_time":"2023-08-26T07:44:10+00:00","article_modified_time":"2023-08-26T07:47:56+00:00","og_image":[{"width":1000,"height":687,"url":"https:\/\/www.bellunopress.it\/wp-content\/uploads\/2023\/07\/non-nel-mio-nome-no-pista-bob-cortina.jpg","type":"image\/jpeg"}],"author":"redazione","twitter_card":"summary_large_image","twitter_creator":"@bellunopress","twitter_site":"@bellunopress","twitter_misc":{"\u00c9crit par":"redazione","Dur\u00e9e de lecture estim\u00e9e":"2 minutes"},"schema":{"@context":"https:\/\/schema.org","@graph":[{"@type":"Article","@id":"https:\/\/www.bellunopress.it\/2023\/08\/26\/salviamo-il-bosco-di-ronco-dalla-nuova-pista-di-bob\/#article","isPartOf":{"@id":"https:\/\/www.bellunopress.it\/2023\/08\/26\/salviamo-il-bosco-di-ronco-dalla-nuova-pista-di-bob\/"},"author":{"name":"redazione","@id":"https:\/\/www.bellunopress.it\/#\/schema\/person\/79bb06722b37ece1c03d3e94beb30d73"},"headline":"Salviamo il bosco di Ronco dalla nuova pista di bob","datePublished":"2023-08-26T07:44:10+00:00","dateModified":"2023-08-26T07:47:56+00:00","mainEntityOfPage":{"@id":"https:\/\/www.bellunopress.it\/2023\/08\/26\/salviamo-il-bosco-di-ronco-dalla-nuova-pista-di-bob\/"},"wordCount":429,"publisher":{"@id":"https:\/\/www.bellunopress.it\/#organization"},"image":{"@id":"https:\/\/www.bellunopress.it\/2023\/08\/26\/salviamo-il-bosco-di-ronco-dalla-nuova-pista-di-bob\/#primaryimage"},"thumbnailUrl":"https:\/\/www.bellunopress.it\/wp-content\/uploads\/2023\/07\/non-nel-mio-nome-no-pista-bob-cortina.jpg","articleSection":["Cronaca\/Politica","Prima Pagina","Societ\u00e0, Associazioni, Istituzioni"],"inLanguage":"fr-FR"},{"@type":"WebPage","@id":"https:\/\/www.bellunopress.it\/2023\/08\/26\/salviamo-il-bosco-di-ronco-dalla-nuova-pista-di-bob\/","url":"https:\/\/www.bellunopress.it\/2023\/08\/26\/salviamo-il-bosco-di-ronco-dalla-nuova-pista-di-bob\/","name":"Salviamo il bosco di Ronco dalla nuova pista di bob - Bellunopress - Dolomiti","isPartOf":{"@id":"https:\/\/www.bellunopress.it\/#website"},"primaryImageOfPage":{"@id":"https:\/\/www.bellunopress.it\/2023\/08\/26\/salviamo-il-bosco-di-ronco-dalla-nuova-pista-di-bob\/#primaryimage"},"image":{"@id":"https:\/\/www.bellunopress.it\/2023\/08\/26\/salviamo-il-bosco-di-ronco-dalla-nuova-pista-di-bob\/#primaryimage"},"thumbnailUrl":"https:\/\/www.bellunopress.it\/wp-content\/uploads\/2023\/07\/non-nel-mio-nome-no-pista-bob-cortina.jpg","datePublished":"2023-08-26T07:44:10+00:00","dateModified":"2023-08-26T07:47:56+00:00","breadcrumb":{"@id":"https:\/\/www.bellunopress.it\/2023\/08\/26\/salviamo-il-bosco-di-ronco-dalla-nuova-pista-di-bob\/#breadcrumb"},"inLanguage":"fr-FR","potentialAction":[{"@type":"ReadAction","target":["https:\/\/www.bellunopress.it\/2023\/08\/26\/salviamo-il-bosco-di-ronco-dalla-nuova-pista-di-bob\/"]}]},{"@type":"ImageObject","inLanguage":"fr-FR","@id":"https:\/\/www.bellunopress.it\/2023\/08\/26\/salviamo-il-bosco-di-ronco-dalla-nuova-pista-di-bob\/#primaryimage","url":"https:\/\/www.bellunopress.it\/wp-content\/uploads\/2023\/07\/non-nel-mio-nome-no-pista-bob-cortina.jpg","contentUrl":"https:\/\/www.bellunopress.it\/wp-content\/uploads\/2023\/07\/non-nel-mio-nome-no-pista-bob-cortina.jpg","width":1000,"height":687,"caption":"coordinamento associazioni ambientaliste"},{"@type":"BreadcrumbList","@id":"https:\/\/www.bellunopress.it\/2023\/08\/26\/salviamo-il-bosco-di-ronco-dalla-nuova-pista-di-bob\/#breadcrumb","itemListElement":[{"@type":"ListItem","position":1,"name":"Home","item":"https:\/\/www.bellunopress.it\/"},{"@type":"ListItem","position":2,"name":"Salviamo il bosco di Ronco dalla nuova pista di bob"}]},{"@type":"WebSite","@id":"https:\/\/www.bellunopress.it\/#website","url":"https:\/\/www.bellunopress.it\/","name":"Bellunopress - Dolomiti","description":"e-mail: redazione@bellunopress.it","publisher":{"@id":"https:\/\/www.bellunopress.it\/#organization"},"potentialAction":[{"@type":"SearchAction","target":{"@type":"EntryPoint","urlTemplate":"https:\/\/www.bellunopress.it\/?s={search_term_string}"},"query-input":{"@type":"PropertyValueSpecification","valueRequired":true,"valueName":"search_term_string"}}],"inLanguage":"fr-FR"},{"@type":"Organization","@id":"https:\/\/www.bellunopress.it\/#organization","name":"Bellunopress","url":"https:\/\/www.bellunopress.it\/","logo":{"@type":"ImageObject","inLanguage":"fr-FR","@id":"https:\/\/www.bellunopress.it\/#\/schema\/logo\/image\/","url":"https:\/\/www.bellunopress.it\/wp-content\/uploads\/2011\/05\/cropped-logo-bellunopress-.jpg","contentUrl":"https:\/\/www.bellunopress.it\/wp-content\/uploads\/2011\/05\/cropped-logo-bellunopress-.jpg","width":512,"height":512,"caption":"Bellunopress"},"image":{"@id":"https:\/\/www.bellunopress.it\/#\/schema\/logo\/image\/"},"sameAs":["https:\/\/www.facebook.com\/profile.php?id=100008943462799","https:\/\/x.com\/bellunopress","https:\/\/www.linkedin.com\/hp\/?dnr=JBzUWaJfMUw8vbXJJ2tVW5-I3jZKvC4wsoxE&amp;amp;amp;amp;amp;amp;trk=nav_responsive_tab_home","https:\/\/www.youtube.com\/channel\/UCxL0wu1uN0_3_7hGG0306cw"]},{"@type":"Person","@id":"https:\/\/www.bellunopress.it\/#\/schema\/person\/79bb06722b37ece1c03d3e94beb30d73","name":"r\u00e9daction","image":{"@type":"ImageObject","inLanguage":"fr-FR","@id":"https:\/\/secure.gravatar.com\/avatar\/37d968a2e67a6fd04c169c4bdef102d0bc5d31b2546345219e348575eb80e9a0?s=96&d=mm&r=g","url":"https:\/\/secure.gravatar.com\/avatar\/37d968a2e67a6fd04c169c4bdef102d0bc5d31b2546345219e348575eb80e9a0?s=96&d=mm&r=g","contentUrl":"https:\/\/secure.gravatar.com\/avatar\/37d968a2e67a6fd04c169c4bdef102d0bc5d31b2546345219e348575eb80e9a0?s=96&d=mm&r=g","caption":"redazione"},"sameAs":["http:\/\/www.bellunopress.it","https:\/\/x.com\/bellunopress"],"url":"https:\/\/www.bellunopress.it\/fr\/author\/redazione\/"}]}},"_links":{"self":[{"href":"https:\/\/www.bellunopress.it\/fr\/wp-json\/wp\/v2\/posts\/143724","targetHints":{"allow":["GET"]}}],"collection":[{"href":"https:\/\/www.bellunopress.it\/fr\/wp-json\/wp\/v2\/posts"}],"about":[{"href":"https:\/\/www.bellunopress.it\/fr\/wp-json\/wp\/v2\/types\/post"}],"author":[{"embeddable":true,"href":"https:\/\/www.bellunopress.it\/fr\/wp-json\/wp\/v2\/users\/2"}],"replies":[{"embeddable":true,"href":"https:\/\/www.bellunopress.it\/fr\/wp-json\/wp\/v2\/comments?post=143724"}],"version-history":[{"count":2,"href":"https:\/\/www.bellunopress.it\/fr\/wp-json\/wp\/v2\/posts\/143724\/revisions"}],"predecessor-version":[{"id":143727,"href":"https:\/\/www.bellunopress.it\/fr\/wp-json\/wp\/v2\/posts\/143724\/revisions\/143727"}],"wp:featuredmedia":[{"embeddable":true,"href":"https:\/\/www.bellunopress.it\/fr\/wp-json\/wp\/v2\/media\/142987"}],"wp:attachment":[{"href":"https:\/\/www.bellunopress.it\/fr\/wp-json\/wp\/v2\/media?parent=143724"}],"wp:term":[{"taxonomy":"category","embeddable":true,"href":"https:\/\/www.bellunopress.it\/fr\/wp-json\/wp\/v2\/categories?post=143724"},{"taxonomy":"post_tag","embeddable":true,"href":"https:\/\/www.bellunopress.it\/fr\/wp-json\/wp\/v2\/tags?post=143724"}],"curies":[{"name":"wp","href":"https:\/\/api.w.org\/{rel}","templated":true}]}}