{"id":143718,"date":"2023-08-26T06:53:34","date_gmt":"2023-08-26T04:53:34","guid":{"rendered":"https:\/\/www.bellunopress.it\/?p=143718"},"modified":"2023-08-26T06:53:34","modified_gmt":"2023-08-26T04:53:34","slug":"olimpiadi-2026-pista-da-bob-azione-pd-sinistra-verdi-anche-provincia-e-regione-appoggino-la-proposta-di-innsbruck","status":"publish","type":"post","link":"https:\/\/www.bellunopress.it\/fr\/2023\/08\/26\/olimpiadi-2026-pista-da-bob-azione-pd-sinistra-verdi-anche-provincia-e-regione-appoggino-la-proposta-di-innsbruck\/","title":{"rendered":"Olimpiadi 2026, pista da Bob. Azione, Pd, Sinistra Verdi: &#8220;Anche Provincia e Regione appoggino la proposta di Innsbruck&#8221;"},"content":{"rendered":"<p>\u201cAbbiamo appreso con soddisfazione la buona nuova proveniente dalla cittadina austriaca e<br \/>\nl\u2019ufficializzazione da parte del sindaco di mettere a disposizione la propria pista per i prossimi giochi olimpici invernali\u201d.<\/p>\n<p>Lo fanno sapere in una nota congiunta i rappresentanti provinciali di Partito Democratico, Azione e Alleanza Verdi e Sinistra, Alessandro Del Bianco &#8211; PD Belluno Dolomiti, Alessandra Buzzo &#8211; Alleanza Verdi-Sinistra, e Andrea De Bortoli &#8211; Azione Belluno.<\/p>\n<p>I tre partiti di centro-sinistra ribadiscono la necessit\u00e0 di rivedere l\u2019opportunit\u00e0 di costruire a Cortina il nuovo sliding centre e invitano le istituzioni tutte, in primis Provincia di Belluno e Regione del Veneto, a sostenere la proposta del primo cittadino di Innsbruck.<\/p>\n<figure id=\"attachment_116602\" aria-describedby=\"caption-attachment-116602\" style=\"width: 468px\" class=\"wp-caption alignleft\"><img loading=\"lazy\" decoding=\"async\" class=\"size-full wp-image-116602\" src=\"https:\/\/www.bellunopress.it\/wp-content\/uploads\/2020\/08\/alessandra-buzzo_edited.jpg\" alt=\"\" width=\"468\" height=\"425\" srcset=\"https:\/\/www.bellunopress.it\/wp-content\/uploads\/2020\/08\/alessandra-buzzo_edited.jpg 468w, https:\/\/www.bellunopress.it\/wp-content\/uploads\/2020\/08\/alessandra-buzzo_edited-462x420.jpg 462w\" sizes=\"auto, (max-width: 468px) 100vw, 468px\" \/><figcaption id=\"caption-attachment-116602\" class=\"wp-caption-text\">Alessandra Buzzo &#8211; Alleanza Verdi e Sinistra<\/figcaption><\/figure>\n<p>Secondo Alessandra Buzzo (Alleanza Verdi e Sinistra): \u201cbisogna davvero mettere da parte una volta per tutte un progetto faraonico che non tiene conto dello stravolgimento ambientale della conca ampezzana, lasciando dietro di s\u00e9 dopo la conclusione dei giochi un\u2019antropizzazione selvaggia, ingenti oneri di gestione e nessun legacy per le future generazioni. A debiti futuri e scempi paesaggistici preferiamo investimenti su altri settori, primo fra tutti quello della sanit\u00e0&#8221;.<\/p>\n<p>&nbsp;<\/p>\n<figure id=\"attachment_140442\" aria-describedby=\"caption-attachment-140442\" style=\"width: 683px\" class=\"wp-caption alignleft\"><img loading=\"lazy\" decoding=\"async\" class=\"size-full wp-image-140442\" src=\"https:\/\/www.bellunopress.it\/wp-content\/uploads\/2023\/03\/Alessandro-Del-Bianco-segr-prov-PD.jpg\" alt=\"\" width=\"683\" height=\"553\" srcset=\"https:\/\/www.bellunopress.it\/wp-content\/uploads\/2023\/03\/Alessandro-Del-Bianco-segr-prov-PD.jpg 683w, https:\/\/www.bellunopress.it\/wp-content\/uploads\/2023\/03\/Alessandro-Del-Bianco-segr-prov-PD-500x405.jpg 500w, https:\/\/www.bellunopress.it\/wp-content\/uploads\/2023\/03\/Alessandro-Del-Bianco-segr-prov-PD-519x420.jpg 519w\" sizes=\"auto, (max-width: 683px) 100vw, 683px\" \/><figcaption id=\"caption-attachment-140442\" class=\"wp-caption-text\">Alessandro Del Bianco, segretario provinciale PD<\/figcaption><\/figure>\n<p>Alessandro Del Bianco, segretario provinciale del PD Belluno Dolomiti dichiara: &#8220;La possibilit\u00e0 di utilizzare l&#8217;impianto di Innsbruck era gi\u00e0 stata caldeggiata dal CIO nella lettera a Cipra nel febbraio scorso, ora la disponibilit\u00e0 del sindaco austriaco va colta senza se e senza ma. Per noi la pista a Innsbruck e il villaggio olimpico a Borca rappresentano i due temi centrali delle olimpiadi invernali.<br \/>\nBenissimo quindi l\u2019iniziativa proattiva di Willi &#8211; prosegue il segretario del PD &#8211; e la disponibilit\u00e0 a ragionare fin d\u2019ora ad una collaborazione post olimpiadi nel pieno spirito di dialogo e cooperazione tra gli attori dell\u2019arco alpino. Se lo sport \u00e8 un linguaggio universale sia questa l\u2019occasione per dare piena concretezza e sviluppo a politiche transfrontaliere\u201d.<\/p>\n<figure id=\"attachment_140531\" aria-describedby=\"caption-attachment-140531\" style=\"width: 1000px\" class=\"wp-caption alignleft\"><img loading=\"lazy\" decoding=\"async\" class=\"size-full wp-image-140531\" src=\"https:\/\/www.bellunopress.it\/wp-content\/uploads\/2023\/03\/andrea-de-bortoli_edited.jpg\" alt=\"\" width=\"1000\" height=\"1000\" srcset=\"https:\/\/www.bellunopress.it\/wp-content\/uploads\/2023\/03\/andrea-de-bortoli_edited.jpg 1000w, https:\/\/www.bellunopress.it\/wp-content\/uploads\/2023\/03\/andrea-de-bortoli_edited-500x500.jpg 500w, https:\/\/www.bellunopress.it\/wp-content\/uploads\/2023\/03\/andrea-de-bortoli_edited-300x300.jpg 300w, https:\/\/www.bellunopress.it\/wp-content\/uploads\/2023\/03\/andrea-de-bortoli_edited-696x696.jpg 696w, https:\/\/www.bellunopress.it\/wp-content\/uploads\/2023\/03\/andrea-de-bortoli_edited-420x420.jpg 420w\" sizes=\"auto, (max-width: 1000px) 100vw, 1000px\" \/><figcaption id=\"caption-attachment-140531\" class=\"wp-caption-text\">Andrea De Bortoli, coordinatore Terzo polo bellunese<\/figcaption><\/figure>\n<p>Andrea De Bortoli (Azione) si rivolge direttamente a Luca Zaia. \u201cCaro Presidente \u00e8 indubbio che passer\u00e0 alla storia come l\u2019uomo delle Olimpiadi In Veneto e a Cortina. A lei ora spetta scegliere come voler essere ricordato: il responsabile di uno sperpero di denaro pubblico o al contrario un probo uomo delle istituzioni che seppe fare un passo indietro per lasciare al Veneto una grande eredit\u00e0? Ci pensi bene, ma non ho dubbi che prender\u00e0 la scelta giusta, ascoltando molti cittadini (non solo ambientalisti come vanno cianciando i pi\u00f9 ottusi) che l\u2019hanno pure votata e che sulla partita olimpica negli ultimi mesi faticano a seguirla\u201d.<\/p>\n<p>L\u2019invito dei tre referenti politici \u00e8 insomma rivolto a Regione e Provincia affinch\u00e9 si attivino<br \/>\nformalmente per verificare in tempi brevi la fattibilit\u00e0 dell\u2019operazione. Visto quanto dichiarato dal primo cittadino Willi chiedono che la Provincia in primis sostenga questa proposta e che &#8211; contestualmente &#8211; si concludano le operazioni di bonifica della pista Monti. Azione, PD e Sinistra Verdi chiedono inoltre che i soldi risparmiati dall&#8217;operazione vengano comunque reinvestiti sul territorio, lavorando in particolare su Sanit\u00e0 ed edilizia scolastica.<\/p>","protected":false},"excerpt":{"rendered":"<p>\u201cAbbiamo appreso con soddisfazione la buona nuova proveniente dalla cittadina austriaca e l\u2019ufficializzazione da parte del sindaco di mettere a disposizione la propria pista per i prossimi giochi olimpici invernali\u201d. Lo fanno sapere in una nota congiunta i rappresentanti provinciali di Partito Democratico, Azione e Alleanza Verdi e Sinistra, Alessandro Del Bianco &#8211; PD Belluno [&hellip;]<\/p>\n","protected":false},"author":2,"featured_media":116602,"comment_status":"closed","ping_status":"open","sticky":false,"template":"","format":"standard","meta":{"footnotes":""},"categories":[5,26,4],"tags":[],"class_list":["post-143718","post","type-post","status-publish","format-standard","has-post-thumbnail","category-cronaca","category-prima-pagina","category-sport"],"yoast_head":"<!-- This site is optimized with the Yoast SEO plugin v28.4 - https:\/\/yoast.com\/product\/yoast-seo-wordpress\/ -->\n<title>Olimpiadi 2026, pista da Bob. Azione, Pd, Sinistra Verdi: &quot;Anche Provincia e Regione appoggino la proposta di Innsbruck&quot; - Bellunopress - Dolomiti<\/title>\n<meta name=\"robots\" content=\"index, follow, max-snippet:-1, max-image-preview:large, max-video-preview:-1\" \/>\n<link rel=\"canonical\" href=\"https:\/\/www.bellunopress.it\/fr\/2023\/08\/26\/olimpiadi-2026-pista-da-bob-azione-pd-sinistra-verdi-anche-provincia-e-regione-appoggino-la-proposta-di-innsbruck\/\" \/>\n<meta property=\"og:locale\" content=\"fr_FR\" \/>\n<meta property=\"og:type\" content=\"article\" \/>\n<meta property=\"og:title\" content=\"Olimpiadi 2026, pista da Bob. Azione, Pd, Sinistra Verdi: &quot;Anche Provincia e Regione appoggino la proposta di Innsbruck&quot; - Bellunopress - Dolomiti\" \/>\n<meta property=\"og:description\" content=\"\u201cAbbiamo appreso con soddisfazione la buona nuova proveniente dalla cittadina austriaca e l\u2019ufficializzazione da parte del sindaco di mettere a disposizione la propria pista per i prossimi giochi olimpici invernali\u201d. Lo fanno sapere in una nota congiunta i rappresentanti provinciali di Partito Democratico, Azione e Alleanza Verdi e Sinistra, Alessandro Del Bianco &#8211; PD Belluno [&hellip;]\" \/>\n<meta property=\"og:url\" content=\"https:\/\/www.bellunopress.it\/fr\/2023\/08\/26\/olimpiadi-2026-pista-da-bob-azione-pd-sinistra-verdi-anche-provincia-e-regione-appoggino-la-proposta-di-innsbruck\/\" \/>\n<meta property=\"og:site_name\" content=\"Bellunopress - Dolomiti\" \/>\n<meta property=\"article:publisher\" content=\"https:\/\/www.facebook.com\/profile.php?id=100008943462799\" \/>\n<meta property=\"article:published_time\" content=\"2023-08-26T04:53:34+00:00\" \/>\n<meta property=\"og:image\" content=\"https:\/\/www.bellunopress.it\/wp-content\/uploads\/2020\/08\/alessandra-buzzo_edited.jpg\" \/>\n\t<meta property=\"og:image:width\" content=\"468\" \/>\n\t<meta property=\"og:image:height\" content=\"425\" \/>\n\t<meta property=\"og:image:type\" content=\"image\/jpeg\" \/>\n<meta name=\"author\" content=\"redazione\" \/>\n<meta name=\"twitter:card\" content=\"summary_large_image\" \/>\n<meta name=\"twitter:creator\" content=\"@bellunopress\" \/>\n<meta name=\"twitter:site\" content=\"@bellunopress\" \/>\n<meta name=\"twitter:label1\" content=\"\u00c9crit par\" \/>\n\t<meta name=\"twitter:data1\" content=\"redazione\" \/>\n\t<meta name=\"twitter:label2\" content=\"Dur\u00e9e de lecture estim\u00e9e\" \/>\n\t<meta name=\"twitter:data2\" content=\"3 minutes\" \/>\n<script type=\"application\/ld+json\" class=\"yoast-schema-graph\">{\"@context\":\"https:\\\/\\\/schema.org\",\"@graph\":[{\"@type\":\"Article\",\"@id\":\"https:\\\/\\\/www.bellunopress.it\\\/2023\\\/08\\\/26\\\/olimpiadi-2026-pista-da-bob-azione-pd-sinistra-verdi-anche-provincia-e-regione-appoggino-la-proposta-di-innsbruck\\\/#article\",\"isPartOf\":{\"@id\":\"https:\\\/\\\/www.bellunopress.it\\\/2023\\\/08\\\/26\\\/olimpiadi-2026-pista-da-bob-azione-pd-sinistra-verdi-anche-provincia-e-regione-appoggino-la-proposta-di-innsbruck\\\/\"},\"author\":{\"name\":\"redazione\",\"@id\":\"https:\\\/\\\/www.bellunopress.it\\\/#\\\/schema\\\/person\\\/79bb06722b37ece1c03d3e94beb30d73\"},\"headline\":\"Olimpiadi 2026, pista da Bob. Azione, Pd, Sinistra Verdi: &#8220;Anche Provincia e Regione appoggino la proposta di Innsbruck&#8221;\",\"datePublished\":\"2023-08-26T04:53:34+00:00\",\"mainEntityOfPage\":{\"@id\":\"https:\\\/\\\/www.bellunopress.it\\\/2023\\\/08\\\/26\\\/olimpiadi-2026-pista-da-bob-azione-pd-sinistra-verdi-anche-provincia-e-regione-appoggino-la-proposta-di-innsbruck\\\/\"},\"wordCount\":549,\"publisher\":{\"@id\":\"https:\\\/\\\/www.bellunopress.it\\\/#organization\"},\"image\":{\"@id\":\"https:\\\/\\\/www.bellunopress.it\\\/2023\\\/08\\\/26\\\/olimpiadi-2026-pista-da-bob-azione-pd-sinistra-verdi-anche-provincia-e-regione-appoggino-la-proposta-di-innsbruck\\\/#primaryimage\"},\"thumbnailUrl\":\"https:\\\/\\\/www.bellunopress.it\\\/wp-content\\\/uploads\\\/2020\\\/08\\\/alessandra-buzzo_edited.jpg\",\"articleSection\":[\"Cronaca\\\/Politica\",\"Prima Pagina\",\"Sport, tempo libero\"],\"inLanguage\":\"fr-FR\"},{\"@type\":\"WebPage\",\"@id\":\"https:\\\/\\\/www.bellunopress.it\\\/2023\\\/08\\\/26\\\/olimpiadi-2026-pista-da-bob-azione-pd-sinistra-verdi-anche-provincia-e-regione-appoggino-la-proposta-di-innsbruck\\\/\",\"url\":\"https:\\\/\\\/www.bellunopress.it\\\/2023\\\/08\\\/26\\\/olimpiadi-2026-pista-da-bob-azione-pd-sinistra-verdi-anche-provincia-e-regione-appoggino-la-proposta-di-innsbruck\\\/\",\"name\":\"Olimpiadi 2026, pista da Bob. Azione, Pd, Sinistra Verdi: \\\"Anche Provincia e Regione appoggino la proposta di Innsbruck\\\" - Bellunopress - Dolomiti\",\"isPartOf\":{\"@id\":\"https:\\\/\\\/www.bellunopress.it\\\/#website\"},\"primaryImageOfPage\":{\"@id\":\"https:\\\/\\\/www.bellunopress.it\\\/2023\\\/08\\\/26\\\/olimpiadi-2026-pista-da-bob-azione-pd-sinistra-verdi-anche-provincia-e-regione-appoggino-la-proposta-di-innsbruck\\\/#primaryimage\"},\"image\":{\"@id\":\"https:\\\/\\\/www.bellunopress.it\\\/2023\\\/08\\\/26\\\/olimpiadi-2026-pista-da-bob-azione-pd-sinistra-verdi-anche-provincia-e-regione-appoggino-la-proposta-di-innsbruck\\\/#primaryimage\"},\"thumbnailUrl\":\"https:\\\/\\\/www.bellunopress.it\\\/wp-content\\\/uploads\\\/2020\\\/08\\\/alessandra-buzzo_edited.jpg\",\"datePublished\":\"2023-08-26T04:53:34+00:00\",\"breadcrumb\":{\"@id\":\"https:\\\/\\\/www.bellunopress.it\\\/2023\\\/08\\\/26\\\/olimpiadi-2026-pista-da-bob-azione-pd-sinistra-verdi-anche-provincia-e-regione-appoggino-la-proposta-di-innsbruck\\\/#breadcrumb\"},\"inLanguage\":\"fr-FR\",\"potentialAction\":[{\"@type\":\"ReadAction\",\"target\":[\"https:\\\/\\\/www.bellunopress.it\\\/2023\\\/08\\\/26\\\/olimpiadi-2026-pista-da-bob-azione-pd-sinistra-verdi-anche-provincia-e-regione-appoggino-la-proposta-di-innsbruck\\\/\"]}]},{\"@type\":\"ImageObject\",\"inLanguage\":\"fr-FR\",\"@id\":\"https:\\\/\\\/www.bellunopress.it\\\/2023\\\/08\\\/26\\\/olimpiadi-2026-pista-da-bob-azione-pd-sinistra-verdi-anche-provincia-e-regione-appoggino-la-proposta-di-innsbruck\\\/#primaryimage\",\"url\":\"https:\\\/\\\/www.bellunopress.it\\\/wp-content\\\/uploads\\\/2020\\\/08\\\/alessandra-buzzo_edited.jpg\",\"contentUrl\":\"https:\\\/\\\/www.bellunopress.it\\\/wp-content\\\/uploads\\\/2020\\\/08\\\/alessandra-buzzo_edited.jpg\",\"width\":468,\"height\":425,\"caption\":\"Alessandra Buzzo - Alleanza Verdi e Sinistra\"},{\"@type\":\"BreadcrumbList\",\"@id\":\"https:\\\/\\\/www.bellunopress.it\\\/2023\\\/08\\\/26\\\/olimpiadi-2026-pista-da-bob-azione-pd-sinistra-verdi-anche-provincia-e-regione-appoggino-la-proposta-di-innsbruck\\\/#breadcrumb\",\"itemListElement\":[{\"@type\":\"ListItem\",\"position\":1,\"name\":\"Home\",\"item\":\"https:\\\/\\\/www.bellunopress.it\\\/\"},{\"@type\":\"ListItem\",\"position\":2,\"name\":\"Olimpiadi 2026, pista da Bob. Azione, Pd, Sinistra Verdi: &#8220;Anche Provincia e Regione appoggino la proposta di Innsbruck&#8221;\"}]},{\"@type\":\"WebSite\",\"@id\":\"https:\\\/\\\/www.bellunopress.it\\\/#website\",\"url\":\"https:\\\/\\\/www.bellunopress.it\\\/\",\"name\":\"Bellunopress - Dolomiti\",\"description\":\"e-mail: redazione@bellunopress.it\",\"publisher\":{\"@id\":\"https:\\\/\\\/www.bellunopress.it\\\/#organization\"},\"potentialAction\":[{\"@type\":\"SearchAction\",\"target\":{\"@type\":\"EntryPoint\",\"urlTemplate\":\"https:\\\/\\\/www.bellunopress.it\\\/?s={search_term_string}\"},\"query-input\":{\"@type\":\"PropertyValueSpecification\",\"valueRequired\":true,\"valueName\":\"search_term_string\"}}],\"inLanguage\":\"fr-FR\"},{\"@type\":\"Organization\",\"@id\":\"https:\\\/\\\/www.bellunopress.it\\\/#organization\",\"name\":\"Bellunopress\",\"url\":\"https:\\\/\\\/www.bellunopress.it\\\/\",\"logo\":{\"@type\":\"ImageObject\",\"inLanguage\":\"fr-FR\",\"@id\":\"https:\\\/\\\/www.bellunopress.it\\\/#\\\/schema\\\/logo\\\/image\\\/\",\"url\":\"https:\\\/\\\/www.bellunopress.it\\\/wp-content\\\/uploads\\\/2011\\\/05\\\/cropped-logo-bellunopress-.jpg\",\"contentUrl\":\"https:\\\/\\\/www.bellunopress.it\\\/wp-content\\\/uploads\\\/2011\\\/05\\\/cropped-logo-bellunopress-.jpg\",\"width\":512,\"height\":512,\"caption\":\"Bellunopress\"},\"image\":{\"@id\":\"https:\\\/\\\/www.bellunopress.it\\\/#\\\/schema\\\/logo\\\/image\\\/\"},\"sameAs\":[\"https:\\\/\\\/www.facebook.com\\\/profile.php?id=100008943462799\",\"https:\\\/\\\/x.com\\\/bellunopress\",\"https:\\\/\\\/www.linkedin.com\\\/hp\\\/?dnr=JBzUWaJfMUw8vbXJJ2tVW5-I3jZKvC4wsoxE&amp;amp;amp;amp;amp;amp;trk=nav_responsive_tab_home\",\"https:\\\/\\\/www.youtube.com\\\/channel\\\/UCxL0wu1uN0_3_7hGG0306cw\"]},{\"@type\":\"Person\",\"@id\":\"https:\\\/\\\/www.bellunopress.it\\\/#\\\/schema\\\/person\\\/79bb06722b37ece1c03d3e94beb30d73\",\"name\":\"redazione\",\"image\":{\"@type\":\"ImageObject\",\"inLanguage\":\"fr-FR\",\"@id\":\"https:\\\/\\\/secure.gravatar.com\\\/avatar\\\/37d968a2e67a6fd04c169c4bdef102d0bc5d31b2546345219e348575eb80e9a0?s=96&d=mm&r=g\",\"url\":\"https:\\\/\\\/secure.gravatar.com\\\/avatar\\\/37d968a2e67a6fd04c169c4bdef102d0bc5d31b2546345219e348575eb80e9a0?s=96&d=mm&r=g\",\"contentUrl\":\"https:\\\/\\\/secure.gravatar.com\\\/avatar\\\/37d968a2e67a6fd04c169c4bdef102d0bc5d31b2546345219e348575eb80e9a0?s=96&d=mm&r=g\",\"caption\":\"redazione\"},\"sameAs\":[\"http:\\\/\\\/www.bellunopress.it\",\"https:\\\/\\\/x.com\\\/bellunopress\"],\"url\":\"https:\\\/\\\/www.bellunopress.it\\\/fr\\\/author\\\/redazione\\\/\"}]}<\/script>\n<!-- \/ Yoast SEO plugin. -->","yoast_head_json":{"title":"Olimpiadi 2026, pista da Bob. Azione, Pd, Sinistra Verdi: \"Anche Provincia e Regione appoggino la proposta di Innsbruck\" - Bellunopress - Dolomiti","robots":{"index":"index","follow":"follow","max-snippet":"max-snippet:-1","max-image-preview":"max-image-preview:large","max-video-preview":"max-video-preview:-1"},"canonical":"https:\/\/www.bellunopress.it\/fr\/2023\/08\/26\/olimpiadi-2026-pista-da-bob-azione-pd-sinistra-verdi-anche-provincia-e-regione-appoggino-la-proposta-di-innsbruck\/","og_locale":"fr_FR","og_type":"article","og_title":"Olimpiadi 2026, pista da Bob. Azione, Pd, Sinistra Verdi: \"Anche Provincia e Regione appoggino la proposta di Innsbruck\" - Bellunopress - Dolomiti","og_description":"\u201cAbbiamo appreso con soddisfazione la buona nuova proveniente dalla cittadina austriaca e l\u2019ufficializzazione da parte del sindaco di mettere a disposizione la propria pista per i prossimi giochi olimpici invernali\u201d. Lo fanno sapere in una nota congiunta i rappresentanti provinciali di Partito Democratico, Azione e Alleanza Verdi e Sinistra, Alessandro Del Bianco &#8211; PD Belluno [&hellip;]","og_url":"https:\/\/www.bellunopress.it\/fr\/2023\/08\/26\/olimpiadi-2026-pista-da-bob-azione-pd-sinistra-verdi-anche-provincia-e-regione-appoggino-la-proposta-di-innsbruck\/","og_site_name":"Bellunopress - Dolomiti","article_publisher":"https:\/\/www.facebook.com\/profile.php?id=100008943462799","article_published_time":"2023-08-26T04:53:34+00:00","og_image":[{"width":468,"height":425,"url":"https:\/\/www.bellunopress.it\/wp-content\/uploads\/2020\/08\/alessandra-buzzo_edited.jpg","type":"image\/jpeg"}],"author":"redazione","twitter_card":"summary_large_image","twitter_creator":"@bellunopress","twitter_site":"@bellunopress","twitter_misc":{"\u00c9crit par":"redazione","Dur\u00e9e de lecture estim\u00e9e":"3 minutes"},"schema":{"@context":"https:\/\/schema.org","@graph":[{"@type":"Article","@id":"https:\/\/www.bellunopress.it\/2023\/08\/26\/olimpiadi-2026-pista-da-bob-azione-pd-sinistra-verdi-anche-provincia-e-regione-appoggino-la-proposta-di-innsbruck\/#article","isPartOf":{"@id":"https:\/\/www.bellunopress.it\/2023\/08\/26\/olimpiadi-2026-pista-da-bob-azione-pd-sinistra-verdi-anche-provincia-e-regione-appoggino-la-proposta-di-innsbruck\/"},"author":{"name":"redazione","@id":"https:\/\/www.bellunopress.it\/#\/schema\/person\/79bb06722b37ece1c03d3e94beb30d73"},"headline":"Olimpiadi 2026, pista da Bob. Azione, Pd, Sinistra Verdi: &#8220;Anche Provincia e Regione appoggino la proposta di Innsbruck&#8221;","datePublished":"2023-08-26T04:53:34+00:00","mainEntityOfPage":{"@id":"https:\/\/www.bellunopress.it\/2023\/08\/26\/olimpiadi-2026-pista-da-bob-azione-pd-sinistra-verdi-anche-provincia-e-regione-appoggino-la-proposta-di-innsbruck\/"},"wordCount":549,"publisher":{"@id":"https:\/\/www.bellunopress.it\/#organization"},"image":{"@id":"https:\/\/www.bellunopress.it\/2023\/08\/26\/olimpiadi-2026-pista-da-bob-azione-pd-sinistra-verdi-anche-provincia-e-regione-appoggino-la-proposta-di-innsbruck\/#primaryimage"},"thumbnailUrl":"https:\/\/www.bellunopress.it\/wp-content\/uploads\/2020\/08\/alessandra-buzzo_edited.jpg","articleSection":["Cronaca\/Politica","Prima Pagina","Sport, tempo libero"],"inLanguage":"fr-FR"},{"@type":"WebPage","@id":"https:\/\/www.bellunopress.it\/2023\/08\/26\/olimpiadi-2026-pista-da-bob-azione-pd-sinistra-verdi-anche-provincia-e-regione-appoggino-la-proposta-di-innsbruck\/","url":"https:\/\/www.bellunopress.it\/2023\/08\/26\/olimpiadi-2026-pista-da-bob-azione-pd-sinistra-verdi-anche-provincia-e-regione-appoggino-la-proposta-di-innsbruck\/","name":"Olimpiadi 2026, pista da Bob. Azione, Pd, Sinistra Verdi: \"Anche Provincia e Regione appoggino la proposta di Innsbruck\" - Bellunopress - Dolomiti","isPartOf":{"@id":"https:\/\/www.bellunopress.it\/#website"},"primaryImageOfPage":{"@id":"https:\/\/www.bellunopress.it\/2023\/08\/26\/olimpiadi-2026-pista-da-bob-azione-pd-sinistra-verdi-anche-provincia-e-regione-appoggino-la-proposta-di-innsbruck\/#primaryimage"},"image":{"@id":"https:\/\/www.bellunopress.it\/2023\/08\/26\/olimpiadi-2026-pista-da-bob-azione-pd-sinistra-verdi-anche-provincia-e-regione-appoggino-la-proposta-di-innsbruck\/#primaryimage"},"thumbnailUrl":"https:\/\/www.bellunopress.it\/wp-content\/uploads\/2020\/08\/alessandra-buzzo_edited.jpg","datePublished":"2023-08-26T04:53:34+00:00","breadcrumb":{"@id":"https:\/\/www.bellunopress.it\/2023\/08\/26\/olimpiadi-2026-pista-da-bob-azione-pd-sinistra-verdi-anche-provincia-e-regione-appoggino-la-proposta-di-innsbruck\/#breadcrumb"},"inLanguage":"fr-FR","potentialAction":[{"@type":"ReadAction","target":["https:\/\/www.bellunopress.it\/2023\/08\/26\/olimpiadi-2026-pista-da-bob-azione-pd-sinistra-verdi-anche-provincia-e-regione-appoggino-la-proposta-di-innsbruck\/"]}]},{"@type":"ImageObject","inLanguage":"fr-FR","@id":"https:\/\/www.bellunopress.it\/2023\/08\/26\/olimpiadi-2026-pista-da-bob-azione-pd-sinistra-verdi-anche-provincia-e-regione-appoggino-la-proposta-di-innsbruck\/#primaryimage","url":"https:\/\/www.bellunopress.it\/wp-content\/uploads\/2020\/08\/alessandra-buzzo_edited.jpg","contentUrl":"https:\/\/www.bellunopress.it\/wp-content\/uploads\/2020\/08\/alessandra-buzzo_edited.jpg","width":468,"height":425,"caption":"Alessandra Buzzo - Alleanza Verdi e Sinistra"},{"@type":"BreadcrumbList","@id":"https:\/\/www.bellunopress.it\/2023\/08\/26\/olimpiadi-2026-pista-da-bob-azione-pd-sinistra-verdi-anche-provincia-e-regione-appoggino-la-proposta-di-innsbruck\/#breadcrumb","itemListElement":[{"@type":"ListItem","position":1,"name":"Home","item":"https:\/\/www.bellunopress.it\/"},{"@type":"ListItem","position":2,"name":"Olimpiadi 2026, pista da Bob. Azione, Pd, Sinistra Verdi: &#8220;Anche Provincia e Regione appoggino la proposta di Innsbruck&#8221;"}]},{"@type":"WebSite","@id":"https:\/\/www.bellunopress.it\/#website","url":"https:\/\/www.bellunopress.it\/","name":"Bellunopress - Dolomiti","description":"e-mail: redazione@bellunopress.it","publisher":{"@id":"https:\/\/www.bellunopress.it\/#organization"},"potentialAction":[{"@type":"SearchAction","target":{"@type":"EntryPoint","urlTemplate":"https:\/\/www.bellunopress.it\/?s={search_term_string}"},"query-input":{"@type":"PropertyValueSpecification","valueRequired":true,"valueName":"search_term_string"}}],"inLanguage":"fr-FR"},{"@type":"Organization","@id":"https:\/\/www.bellunopress.it\/#organization","name":"Bellunopress","url":"https:\/\/www.bellunopress.it\/","logo":{"@type":"ImageObject","inLanguage":"fr-FR","@id":"https:\/\/www.bellunopress.it\/#\/schema\/logo\/image\/","url":"https:\/\/www.bellunopress.it\/wp-content\/uploads\/2011\/05\/cropped-logo-bellunopress-.jpg","contentUrl":"https:\/\/www.bellunopress.it\/wp-content\/uploads\/2011\/05\/cropped-logo-bellunopress-.jpg","width":512,"height":512,"caption":"Bellunopress"},"image":{"@id":"https:\/\/www.bellunopress.it\/#\/schema\/logo\/image\/"},"sameAs":["https:\/\/www.facebook.com\/profile.php?id=100008943462799","https:\/\/x.com\/bellunopress","https:\/\/www.linkedin.com\/hp\/?dnr=JBzUWaJfMUw8vbXJJ2tVW5-I3jZKvC4wsoxE&amp;amp;amp;amp;amp;amp;trk=nav_responsive_tab_home","https:\/\/www.youtube.com\/channel\/UCxL0wu1uN0_3_7hGG0306cw"]},{"@type":"Person","@id":"https:\/\/www.bellunopress.it\/#\/schema\/person\/79bb06722b37ece1c03d3e94beb30d73","name":"r\u00e9daction","image":{"@type":"ImageObject","inLanguage":"fr-FR","@id":"https:\/\/secure.gravatar.com\/avatar\/37d968a2e67a6fd04c169c4bdef102d0bc5d31b2546345219e348575eb80e9a0?s=96&d=mm&r=g","url":"https:\/\/secure.gravatar.com\/avatar\/37d968a2e67a6fd04c169c4bdef102d0bc5d31b2546345219e348575eb80e9a0?s=96&d=mm&r=g","contentUrl":"https:\/\/secure.gravatar.com\/avatar\/37d968a2e67a6fd04c169c4bdef102d0bc5d31b2546345219e348575eb80e9a0?s=96&d=mm&r=g","caption":"redazione"},"sameAs":["http:\/\/www.bellunopress.it","https:\/\/x.com\/bellunopress"],"url":"https:\/\/www.bellunopress.it\/fr\/author\/redazione\/"}]}},"_links":{"self":[{"href":"https:\/\/www.bellunopress.it\/fr\/wp-json\/wp\/v2\/posts\/143718","targetHints":{"allow":["GET"]}}],"collection":[{"href":"https:\/\/www.bellunopress.it\/fr\/wp-json\/wp\/v2\/posts"}],"about":[{"href":"https:\/\/www.bellunopress.it\/fr\/wp-json\/wp\/v2\/types\/post"}],"author":[{"embeddable":true,"href":"https:\/\/www.bellunopress.it\/fr\/wp-json\/wp\/v2\/users\/2"}],"replies":[{"embeddable":true,"href":"https:\/\/www.bellunopress.it\/fr\/wp-json\/wp\/v2\/comments?post=143718"}],"version-history":[{"count":1,"href":"https:\/\/www.bellunopress.it\/fr\/wp-json\/wp\/v2\/posts\/143718\/revisions"}],"predecessor-version":[{"id":143719,"href":"https:\/\/www.bellunopress.it\/fr\/wp-json\/wp\/v2\/posts\/143718\/revisions\/143719"}],"wp:featuredmedia":[{"embeddable":true,"href":"https:\/\/www.bellunopress.it\/fr\/wp-json\/wp\/v2\/media\/116602"}],"wp:attachment":[{"href":"https:\/\/www.bellunopress.it\/fr\/wp-json\/wp\/v2\/media?parent=143718"}],"wp:term":[{"taxonomy":"category","embeddable":true,"href":"https:\/\/www.bellunopress.it\/fr\/wp-json\/wp\/v2\/categories?post=143718"},{"taxonomy":"post_tag","embeddable":true,"href":"https:\/\/www.bellunopress.it\/fr\/wp-json\/wp\/v2\/tags?post=143718"}],"curies":[{"name":"wp","href":"https:\/\/api.w.org\/{rel}","templated":true}]}}