{"id":143676,"date":"2023-08-24T12:59:00","date_gmt":"2023-08-24T10:59:00","guid":{"rendered":"https:\/\/www.bellunopress.it\/?p=143676"},"modified":"2023-08-24T12:59:00","modified_gmt":"2023-08-24T10:59:00","slug":"ancora-tagli-alla-sanita-la-denuncia-dei-parlamentari-veneti-cappelletti-e-guidolin","status":"publish","type":"post","link":"https:\/\/www.bellunopress.it\/fr\/2023\/08\/24\/ancora-tagli-alla-sanita-la-denuncia-dei-parlamentari-veneti-cappelletti-e-guidolin\/","title":{"rendered":"Ancora tagli alla sanit\u00e0. La denuncia dei parlamentari veneti Cappelletti e Guidolin"},"content":{"rendered":"<p>Carenza di medici e infermieri, turni estenuanti e liste d&#8217;attesa interminabili. Una situazione che durante la pandemia Covid-19, soprattutto a causa del blocco delle cure domiciliari imposto ai medici di famiglia, ha messo a dura prova il sistema sanitario nazionale.<\/p>\n<figure id=\"attachment_143677\" aria-describedby=\"caption-attachment-143677\" style=\"width: 537px\" class=\"wp-caption alignleft\"><img loading=\"lazy\" decoding=\"async\" class=\"size-full wp-image-143677\" src=\"https:\/\/www.bellunopress.it\/wp-content\/uploads\/2023\/08\/senatrice-Giudolin-M5S-Veneto.jpg\" alt=\"\" width=\"537\" height=\"747\" srcset=\"https:\/\/www.bellunopress.it\/wp-content\/uploads\/2023\/08\/senatrice-Giudolin-M5S-Veneto.jpg 537w, https:\/\/www.bellunopress.it\/wp-content\/uploads\/2023\/08\/senatrice-Giudolin-M5S-Veneto-359x500.jpg 359w, https:\/\/www.bellunopress.it\/wp-content\/uploads\/2023\/08\/senatrice-Giudolin-M5S-Veneto-302x420.jpg 302w\" sizes=\"auto, (max-width: 537px) 100vw, 537px\" \/><figcaption id=\"caption-attachment-143677\" class=\"wp-caption-text\">Barbara Guidolin, senatrice (Movimento 5 Stelle)<\/figcaption><\/figure>\n<figure id=\"attachment_116719\" aria-describedby=\"caption-attachment-116719\" style=\"width: 517px\" class=\"wp-caption alignleft\"><img loading=\"lazy\" decoding=\"async\" class=\"size-full wp-image-116719\" src=\"https:\/\/www.bellunopress.it\/wp-content\/uploads\/2020\/08\/Enrico-Cappelletti_edited-1.jpg\" alt=\"\" width=\"517\" height=\"384\" srcset=\"https:\/\/www.bellunopress.it\/wp-content\/uploads\/2020\/08\/Enrico-Cappelletti_edited-1.jpg 517w, https:\/\/www.bellunopress.it\/wp-content\/uploads\/2020\/08\/Enrico-Cappelletti_edited-1-500x371.jpg 500w, https:\/\/www.bellunopress.it\/wp-content\/uploads\/2020\/08\/Enrico-Cappelletti_edited-1-485x360.jpg 485w, https:\/\/www.bellunopress.it\/wp-content\/uploads\/2020\/08\/Enrico-Cappelletti_edited-1-80x60.jpg 80w, https:\/\/www.bellunopress.it\/wp-content\/uploads\/2020\/08\/Enrico-Cappelletti_edited-1-265x198.jpg 265w\" sizes=\"auto, (max-width: 517px) 100vw, 517px\" \/><figcaption id=\"caption-attachment-116719\" class=\"wp-caption-text\">Enrico Cappelletti, deputato (Movimento 5 Stelle)<\/figcaption><\/figure>\n<p>Sul tema oggi intervengono l&#8217;onorevole Enrico Cappelletti e la senatrice Barbara Guidolin del Movimento 5 Stelle: &#8220;Sembra che le lezioni apprese siano state ignorate &#8211; dichiarano i due parlamentari veneti &#8211; . La situazione rimane allarmante, con l&#8217;insicurezza per i pazienti che cresce e il personale sanitario costretto a lavorare oltre i limiti umani.<\/p>\n<p>In questo contesto, la decisione di ridurre le risorse destinate alla sanit\u00e0 da parte di Fratelli d&#8217;Italia \u00e8 profondamente preoccupante. Mentre il sistema ha bisogno di un sostegno maggiore, la diminuzione delle risorse rischia di amplificare ulteriormente le difficolt\u00e0 gi\u00e0 esistenti.<\/p>\n<p>La salute di cittadini e operatori sanitari \u00e8 una priorit\u00e0 assoluta, e questa situazione \u2013 aggiungono i parlamentari veneti Cappelletti e Guidolin &#8211; richiede un&#8217;azione immediata e incisiva. Le autorit\u00e0 competenti devono affrontare la situazione con responsabilit\u00e0, investendo adeguatamente nelle risorse umane e infrastrutturali necessarie per fornire assistenza sanitaria di alta qualit\u00e0. La Regione del Veneto non \u00e8 esente.<\/p>\n<p>Inqualificabile l&#8217;attacco di Tosi a Zaia &#8211; dichiara Cappelletti &#8211; strumentalizza una questione vera, la sanit\u00e0 in Veneto arranca ormai da anni, passando da uno scandalo all&#8217;altro. Ma si dimentica di far parte di quella maggioranza in Parlamento che sostiene il governo, primo responsabile dei tagli alla sanit\u00e0. Insomma, dopo aver votato una finanziaria che vede scendere la spesa sanitaria in Italia a prima del Covid, \u00e8 come se il bue desse del cornuto all&#8217;asino.<\/p>\n<p>\u00c8 dei giorni scorsi la richiesta di pi\u00f9 risorse per le RSA fatta da Volpi dell&#8217;Uniba. Di rimpallo \u2013 aggiunge Guidolin &#8211; l&#8217;assessore veneto Lanzarin le risponde che il grande assente \u00e8 lo Stato. Forse non si ricorda che al Governo ci sono loro.<\/p>\n<p>\u00c8 fondamentale unire sforzi e risorse per superare questa sfida critica e creare una base solida per il futuro&#8221;.<\/p>","protected":false},"excerpt":{"rendered":"<p>Carenza di medici e infermieri, turni estenuanti e liste d&#8217;attesa interminabili. Una situazione che durante la pandemia Covid-19, soprattutto a causa del blocco delle cure domiciliari imposto ai medici di famiglia, ha messo a dura prova il sistema sanitario nazionale. Sul tema oggi intervengono l&#8217;onorevole Enrico Cappelletti e la senatrice Barbara Guidolin del Movimento 5 [&hellip;]<\/p>\n","protected":false},"author":2,"featured_media":143677,"comment_status":"closed","ping_status":"open","sticky":false,"template":"","format":"standard","meta":{"footnotes":""},"categories":[5,26,17],"tags":[],"class_list":["post-143676","post","type-post","status-publish","format-standard","has-post-thumbnail","category-cronaca","category-prima-pagina","category-sanita"],"yoast_head":"<!-- This site is optimized with the Yoast SEO plugin v28.4 - https:\/\/yoast.com\/product\/yoast-seo-wordpress\/ -->\n<title>Ancora tagli alla sanit\u00e0. La denuncia dei parlamentari veneti Cappelletti e Guidolin - Bellunopress - Dolomiti<\/title>\n<meta name=\"robots\" content=\"index, follow, max-snippet:-1, max-image-preview:large, max-video-preview:-1\" \/>\n<link rel=\"canonical\" href=\"https:\/\/www.bellunopress.it\/fr\/2023\/08\/24\/ancora-tagli-alla-sanita-la-denuncia-dei-parlamentari-veneti-cappelletti-e-guidolin\/\" \/>\n<meta property=\"og:locale\" content=\"fr_FR\" \/>\n<meta property=\"og:type\" content=\"article\" \/>\n<meta property=\"og:title\" content=\"Ancora tagli alla sanit\u00e0. La denuncia dei parlamentari veneti Cappelletti e Guidolin - Bellunopress - Dolomiti\" \/>\n<meta property=\"og:description\" content=\"Carenza di medici e infermieri, turni estenuanti e liste d&#8217;attesa interminabili. Una situazione che durante la pandemia Covid-19, soprattutto a causa del blocco delle cure domiciliari imposto ai medici di famiglia, ha messo a dura prova il sistema sanitario nazionale. Sul tema oggi intervengono l&#8217;onorevole Enrico Cappelletti e la senatrice Barbara Guidolin del Movimento 5 [&hellip;]\" \/>\n<meta property=\"og:url\" content=\"https:\/\/www.bellunopress.it\/fr\/2023\/08\/24\/ancora-tagli-alla-sanita-la-denuncia-dei-parlamentari-veneti-cappelletti-e-guidolin\/\" \/>\n<meta property=\"og:site_name\" content=\"Bellunopress - Dolomiti\" \/>\n<meta property=\"article:publisher\" content=\"https:\/\/www.facebook.com\/profile.php?id=100008943462799\" \/>\n<meta property=\"article:published_time\" content=\"2023-08-24T10:59:00+00:00\" \/>\n<meta property=\"og:image\" content=\"https:\/\/www.bellunopress.it\/wp-content\/uploads\/2023\/08\/senatrice-Giudolin-M5S-Veneto.jpg\" \/>\n\t<meta property=\"og:image:width\" content=\"537\" \/>\n\t<meta property=\"og:image:height\" content=\"747\" \/>\n\t<meta property=\"og:image:type\" content=\"image\/jpeg\" \/>\n<meta name=\"author\" content=\"redazione\" \/>\n<meta name=\"twitter:card\" content=\"summary_large_image\" \/>\n<meta name=\"twitter:creator\" content=\"@bellunopress\" \/>\n<meta name=\"twitter:site\" content=\"@bellunopress\" \/>\n<meta name=\"twitter:label1\" content=\"\u00c9crit par\" \/>\n\t<meta name=\"twitter:data1\" content=\"redazione\" \/>\n\t<meta name=\"twitter:label2\" content=\"Dur\u00e9e de lecture estim\u00e9e\" \/>\n\t<meta name=\"twitter:data2\" content=\"2 minutes\" \/>\n<script type=\"application\/ld+json\" class=\"yoast-schema-graph\">{\"@context\":\"https:\\\/\\\/schema.org\",\"@graph\":[{\"@type\":\"Article\",\"@id\":\"https:\\\/\\\/www.bellunopress.it\\\/2023\\\/08\\\/24\\\/ancora-tagli-alla-sanita-la-denuncia-dei-parlamentari-veneti-cappelletti-e-guidolin\\\/#article\",\"isPartOf\":{\"@id\":\"https:\\\/\\\/www.bellunopress.it\\\/2023\\\/08\\\/24\\\/ancora-tagli-alla-sanita-la-denuncia-dei-parlamentari-veneti-cappelletti-e-guidolin\\\/\"},\"author\":{\"name\":\"redazione\",\"@id\":\"https:\\\/\\\/www.bellunopress.it\\\/#\\\/schema\\\/person\\\/79bb06722b37ece1c03d3e94beb30d73\"},\"headline\":\"Ancora tagli alla sanit\u00e0. La denuncia dei parlamentari veneti Cappelletti e Guidolin\",\"datePublished\":\"2023-08-24T10:59:00+00:00\",\"mainEntityOfPage\":{\"@id\":\"https:\\\/\\\/www.bellunopress.it\\\/2023\\\/08\\\/24\\\/ancora-tagli-alla-sanita-la-denuncia-dei-parlamentari-veneti-cappelletti-e-guidolin\\\/\"},\"wordCount\":367,\"publisher\":{\"@id\":\"https:\\\/\\\/www.bellunopress.it\\\/#organization\"},\"image\":{\"@id\":\"https:\\\/\\\/www.bellunopress.it\\\/2023\\\/08\\\/24\\\/ancora-tagli-alla-sanita-la-denuncia-dei-parlamentari-veneti-cappelletti-e-guidolin\\\/#primaryimage\"},\"thumbnailUrl\":\"https:\\\/\\\/www.bellunopress.it\\\/wp-content\\\/uploads\\\/2023\\\/08\\\/senatrice-Giudolin-M5S-Veneto.jpg\",\"articleSection\":[\"Cronaca\\\/Politica\",\"Prima Pagina\",\"Sanit\u00e0 Medicina\"],\"inLanguage\":\"fr-FR\"},{\"@type\":\"WebPage\",\"@id\":\"https:\\\/\\\/www.bellunopress.it\\\/2023\\\/08\\\/24\\\/ancora-tagli-alla-sanita-la-denuncia-dei-parlamentari-veneti-cappelletti-e-guidolin\\\/\",\"url\":\"https:\\\/\\\/www.bellunopress.it\\\/2023\\\/08\\\/24\\\/ancora-tagli-alla-sanita-la-denuncia-dei-parlamentari-veneti-cappelletti-e-guidolin\\\/\",\"name\":\"Ancora tagli alla sanit\u00e0. La denuncia dei parlamentari veneti Cappelletti e Guidolin - Bellunopress - Dolomiti\",\"isPartOf\":{\"@id\":\"https:\\\/\\\/www.bellunopress.it\\\/#website\"},\"primaryImageOfPage\":{\"@id\":\"https:\\\/\\\/www.bellunopress.it\\\/2023\\\/08\\\/24\\\/ancora-tagli-alla-sanita-la-denuncia-dei-parlamentari-veneti-cappelletti-e-guidolin\\\/#primaryimage\"},\"image\":{\"@id\":\"https:\\\/\\\/www.bellunopress.it\\\/2023\\\/08\\\/24\\\/ancora-tagli-alla-sanita-la-denuncia-dei-parlamentari-veneti-cappelletti-e-guidolin\\\/#primaryimage\"},\"thumbnailUrl\":\"https:\\\/\\\/www.bellunopress.it\\\/wp-content\\\/uploads\\\/2023\\\/08\\\/senatrice-Giudolin-M5S-Veneto.jpg\",\"datePublished\":\"2023-08-24T10:59:00+00:00\",\"breadcrumb\":{\"@id\":\"https:\\\/\\\/www.bellunopress.it\\\/2023\\\/08\\\/24\\\/ancora-tagli-alla-sanita-la-denuncia-dei-parlamentari-veneti-cappelletti-e-guidolin\\\/#breadcrumb\"},\"inLanguage\":\"fr-FR\",\"potentialAction\":[{\"@type\":\"ReadAction\",\"target\":[\"https:\\\/\\\/www.bellunopress.it\\\/2023\\\/08\\\/24\\\/ancora-tagli-alla-sanita-la-denuncia-dei-parlamentari-veneti-cappelletti-e-guidolin\\\/\"]}]},{\"@type\":\"ImageObject\",\"inLanguage\":\"fr-FR\",\"@id\":\"https:\\\/\\\/www.bellunopress.it\\\/2023\\\/08\\\/24\\\/ancora-tagli-alla-sanita-la-denuncia-dei-parlamentari-veneti-cappelletti-e-guidolin\\\/#primaryimage\",\"url\":\"https:\\\/\\\/www.bellunopress.it\\\/wp-content\\\/uploads\\\/2023\\\/08\\\/senatrice-Giudolin-M5S-Veneto.jpg\",\"contentUrl\":\"https:\\\/\\\/www.bellunopress.it\\\/wp-content\\\/uploads\\\/2023\\\/08\\\/senatrice-Giudolin-M5S-Veneto.jpg\",\"width\":537,\"height\":747,\"caption\":\"Barbara Guidolin, senatrice (Movimento 5 Stelle)\"},{\"@type\":\"BreadcrumbList\",\"@id\":\"https:\\\/\\\/www.bellunopress.it\\\/2023\\\/08\\\/24\\\/ancora-tagli-alla-sanita-la-denuncia-dei-parlamentari-veneti-cappelletti-e-guidolin\\\/#breadcrumb\",\"itemListElement\":[{\"@type\":\"ListItem\",\"position\":1,\"name\":\"Home\",\"item\":\"https:\\\/\\\/www.bellunopress.it\\\/\"},{\"@type\":\"ListItem\",\"position\":2,\"name\":\"Ancora tagli alla sanit\u00e0. La denuncia dei parlamentari veneti Cappelletti e Guidolin\"}]},{\"@type\":\"WebSite\",\"@id\":\"https:\\\/\\\/www.bellunopress.it\\\/#website\",\"url\":\"https:\\\/\\\/www.bellunopress.it\\\/\",\"name\":\"Bellunopress - Dolomiti\",\"description\":\"e-mail: redazione@bellunopress.it\",\"publisher\":{\"@id\":\"https:\\\/\\\/www.bellunopress.it\\\/#organization\"},\"potentialAction\":[{\"@type\":\"SearchAction\",\"target\":{\"@type\":\"EntryPoint\",\"urlTemplate\":\"https:\\\/\\\/www.bellunopress.it\\\/?s={search_term_string}\"},\"query-input\":{\"@type\":\"PropertyValueSpecification\",\"valueRequired\":true,\"valueName\":\"search_term_string\"}}],\"inLanguage\":\"fr-FR\"},{\"@type\":\"Organization\",\"@id\":\"https:\\\/\\\/www.bellunopress.it\\\/#organization\",\"name\":\"Bellunopress\",\"url\":\"https:\\\/\\\/www.bellunopress.it\\\/\",\"logo\":{\"@type\":\"ImageObject\",\"inLanguage\":\"fr-FR\",\"@id\":\"https:\\\/\\\/www.bellunopress.it\\\/#\\\/schema\\\/logo\\\/image\\\/\",\"url\":\"https:\\\/\\\/www.bellunopress.it\\\/wp-content\\\/uploads\\\/2011\\\/05\\\/cropped-logo-bellunopress-.jpg\",\"contentUrl\":\"https:\\\/\\\/www.bellunopress.it\\\/wp-content\\\/uploads\\\/2011\\\/05\\\/cropped-logo-bellunopress-.jpg\",\"width\":512,\"height\":512,\"caption\":\"Bellunopress\"},\"image\":{\"@id\":\"https:\\\/\\\/www.bellunopress.it\\\/#\\\/schema\\\/logo\\\/image\\\/\"},\"sameAs\":[\"https:\\\/\\\/www.facebook.com\\\/profile.php?id=100008943462799\",\"https:\\\/\\\/x.com\\\/bellunopress\",\"https:\\\/\\\/www.linkedin.com\\\/hp\\\/?dnr=JBzUWaJfMUw8vbXJJ2tVW5-I3jZKvC4wsoxE&amp;amp;amp;amp;amp;amp;trk=nav_responsive_tab_home\",\"https:\\\/\\\/www.youtube.com\\\/channel\\\/UCxL0wu1uN0_3_7hGG0306cw\"]},{\"@type\":\"Person\",\"@id\":\"https:\\\/\\\/www.bellunopress.it\\\/#\\\/schema\\\/person\\\/79bb06722b37ece1c03d3e94beb30d73\",\"name\":\"redazione\",\"image\":{\"@type\":\"ImageObject\",\"inLanguage\":\"fr-FR\",\"@id\":\"https:\\\/\\\/secure.gravatar.com\\\/avatar\\\/37d968a2e67a6fd04c169c4bdef102d0bc5d31b2546345219e348575eb80e9a0?s=96&d=mm&r=g\",\"url\":\"https:\\\/\\\/secure.gravatar.com\\\/avatar\\\/37d968a2e67a6fd04c169c4bdef102d0bc5d31b2546345219e348575eb80e9a0?s=96&d=mm&r=g\",\"contentUrl\":\"https:\\\/\\\/secure.gravatar.com\\\/avatar\\\/37d968a2e67a6fd04c169c4bdef102d0bc5d31b2546345219e348575eb80e9a0?s=96&d=mm&r=g\",\"caption\":\"redazione\"},\"sameAs\":[\"http:\\\/\\\/www.bellunopress.it\",\"https:\\\/\\\/x.com\\\/bellunopress\"],\"url\":\"https:\\\/\\\/www.bellunopress.it\\\/fr\\\/author\\\/redazione\\\/\"}]}<\/script>\n<!-- \/ Yoast SEO plugin. -->","yoast_head_json":{"title":"Ancora tagli alla sanit\u00e0. La denuncia dei parlamentari veneti Cappelletti e Guidolin - Bellunopress - Dolomiti","robots":{"index":"index","follow":"follow","max-snippet":"max-snippet:-1","max-image-preview":"max-image-preview:large","max-video-preview":"max-video-preview:-1"},"canonical":"https:\/\/www.bellunopress.it\/fr\/2023\/08\/24\/ancora-tagli-alla-sanita-la-denuncia-dei-parlamentari-veneti-cappelletti-e-guidolin\/","og_locale":"fr_FR","og_type":"article","og_title":"Ancora tagli alla sanit\u00e0. La denuncia dei parlamentari veneti Cappelletti e Guidolin - Bellunopress - Dolomiti","og_description":"Carenza di medici e infermieri, turni estenuanti e liste d&#8217;attesa interminabili. Una situazione che durante la pandemia Covid-19, soprattutto a causa del blocco delle cure domiciliari imposto ai medici di famiglia, ha messo a dura prova il sistema sanitario nazionale. Sul tema oggi intervengono l&#8217;onorevole Enrico Cappelletti e la senatrice Barbara Guidolin del Movimento 5 [&hellip;]","og_url":"https:\/\/www.bellunopress.it\/fr\/2023\/08\/24\/ancora-tagli-alla-sanita-la-denuncia-dei-parlamentari-veneti-cappelletti-e-guidolin\/","og_site_name":"Bellunopress - Dolomiti","article_publisher":"https:\/\/www.facebook.com\/profile.php?id=100008943462799","article_published_time":"2023-08-24T10:59:00+00:00","og_image":[{"width":537,"height":747,"url":"https:\/\/www.bellunopress.it\/wp-content\/uploads\/2023\/08\/senatrice-Giudolin-M5S-Veneto.jpg","type":"image\/jpeg"}],"author":"redazione","twitter_card":"summary_large_image","twitter_creator":"@bellunopress","twitter_site":"@bellunopress","twitter_misc":{"\u00c9crit par":"redazione","Dur\u00e9e de lecture estim\u00e9e":"2 minutes"},"schema":{"@context":"https:\/\/schema.org","@graph":[{"@type":"Article","@id":"https:\/\/www.bellunopress.it\/2023\/08\/24\/ancora-tagli-alla-sanita-la-denuncia-dei-parlamentari-veneti-cappelletti-e-guidolin\/#article","isPartOf":{"@id":"https:\/\/www.bellunopress.it\/2023\/08\/24\/ancora-tagli-alla-sanita-la-denuncia-dei-parlamentari-veneti-cappelletti-e-guidolin\/"},"author":{"name":"redazione","@id":"https:\/\/www.bellunopress.it\/#\/schema\/person\/79bb06722b37ece1c03d3e94beb30d73"},"headline":"Ancora tagli alla sanit\u00e0. La denuncia dei parlamentari veneti Cappelletti e Guidolin","datePublished":"2023-08-24T10:59:00+00:00","mainEntityOfPage":{"@id":"https:\/\/www.bellunopress.it\/2023\/08\/24\/ancora-tagli-alla-sanita-la-denuncia-dei-parlamentari-veneti-cappelletti-e-guidolin\/"},"wordCount":367,"publisher":{"@id":"https:\/\/www.bellunopress.it\/#organization"},"image":{"@id":"https:\/\/www.bellunopress.it\/2023\/08\/24\/ancora-tagli-alla-sanita-la-denuncia-dei-parlamentari-veneti-cappelletti-e-guidolin\/#primaryimage"},"thumbnailUrl":"https:\/\/www.bellunopress.it\/wp-content\/uploads\/2023\/08\/senatrice-Giudolin-M5S-Veneto.jpg","articleSection":["Cronaca\/Politica","Prima Pagina","Sanit\u00e0 Medicina"],"inLanguage":"fr-FR"},{"@type":"WebPage","@id":"https:\/\/www.bellunopress.it\/2023\/08\/24\/ancora-tagli-alla-sanita-la-denuncia-dei-parlamentari-veneti-cappelletti-e-guidolin\/","url":"https:\/\/www.bellunopress.it\/2023\/08\/24\/ancora-tagli-alla-sanita-la-denuncia-dei-parlamentari-veneti-cappelletti-e-guidolin\/","name":"Ancora tagli alla sanit\u00e0. La denuncia dei parlamentari veneti Cappelletti e Guidolin - Bellunopress - Dolomiti","isPartOf":{"@id":"https:\/\/www.bellunopress.it\/#website"},"primaryImageOfPage":{"@id":"https:\/\/www.bellunopress.it\/2023\/08\/24\/ancora-tagli-alla-sanita-la-denuncia-dei-parlamentari-veneti-cappelletti-e-guidolin\/#primaryimage"},"image":{"@id":"https:\/\/www.bellunopress.it\/2023\/08\/24\/ancora-tagli-alla-sanita-la-denuncia-dei-parlamentari-veneti-cappelletti-e-guidolin\/#primaryimage"},"thumbnailUrl":"https:\/\/www.bellunopress.it\/wp-content\/uploads\/2023\/08\/senatrice-Giudolin-M5S-Veneto.jpg","datePublished":"2023-08-24T10:59:00+00:00","breadcrumb":{"@id":"https:\/\/www.bellunopress.it\/2023\/08\/24\/ancora-tagli-alla-sanita-la-denuncia-dei-parlamentari-veneti-cappelletti-e-guidolin\/#breadcrumb"},"inLanguage":"fr-FR","potentialAction":[{"@type":"ReadAction","target":["https:\/\/www.bellunopress.it\/2023\/08\/24\/ancora-tagli-alla-sanita-la-denuncia-dei-parlamentari-veneti-cappelletti-e-guidolin\/"]}]},{"@type":"ImageObject","inLanguage":"fr-FR","@id":"https:\/\/www.bellunopress.it\/2023\/08\/24\/ancora-tagli-alla-sanita-la-denuncia-dei-parlamentari-veneti-cappelletti-e-guidolin\/#primaryimage","url":"https:\/\/www.bellunopress.it\/wp-content\/uploads\/2023\/08\/senatrice-Giudolin-M5S-Veneto.jpg","contentUrl":"https:\/\/www.bellunopress.it\/wp-content\/uploads\/2023\/08\/senatrice-Giudolin-M5S-Veneto.jpg","width":537,"height":747,"caption":"Barbara Guidolin, senatrice (Movimento 5 Stelle)"},{"@type":"BreadcrumbList","@id":"https:\/\/www.bellunopress.it\/2023\/08\/24\/ancora-tagli-alla-sanita-la-denuncia-dei-parlamentari-veneti-cappelletti-e-guidolin\/#breadcrumb","itemListElement":[{"@type":"ListItem","position":1,"name":"Home","item":"https:\/\/www.bellunopress.it\/"},{"@type":"ListItem","position":2,"name":"Ancora tagli alla sanit\u00e0. La denuncia dei parlamentari veneti Cappelletti e Guidolin"}]},{"@type":"WebSite","@id":"https:\/\/www.bellunopress.it\/#website","url":"https:\/\/www.bellunopress.it\/","name":"Bellunopress - Dolomiti","description":"e-mail: redazione@bellunopress.it","publisher":{"@id":"https:\/\/www.bellunopress.it\/#organization"},"potentialAction":[{"@type":"SearchAction","target":{"@type":"EntryPoint","urlTemplate":"https:\/\/www.bellunopress.it\/?s={search_term_string}"},"query-input":{"@type":"PropertyValueSpecification","valueRequired":true,"valueName":"search_term_string"}}],"inLanguage":"fr-FR"},{"@type":"Organization","@id":"https:\/\/www.bellunopress.it\/#organization","name":"Bellunopress","url":"https:\/\/www.bellunopress.it\/","logo":{"@type":"ImageObject","inLanguage":"fr-FR","@id":"https:\/\/www.bellunopress.it\/#\/schema\/logo\/image\/","url":"https:\/\/www.bellunopress.it\/wp-content\/uploads\/2011\/05\/cropped-logo-bellunopress-.jpg","contentUrl":"https:\/\/www.bellunopress.it\/wp-content\/uploads\/2011\/05\/cropped-logo-bellunopress-.jpg","width":512,"height":512,"caption":"Bellunopress"},"image":{"@id":"https:\/\/www.bellunopress.it\/#\/schema\/logo\/image\/"},"sameAs":["https:\/\/www.facebook.com\/profile.php?id=100008943462799","https:\/\/x.com\/bellunopress","https:\/\/www.linkedin.com\/hp\/?dnr=JBzUWaJfMUw8vbXJJ2tVW5-I3jZKvC4wsoxE&amp;amp;amp;amp;amp;amp;trk=nav_responsive_tab_home","https:\/\/www.youtube.com\/channel\/UCxL0wu1uN0_3_7hGG0306cw"]},{"@type":"Person","@id":"https:\/\/www.bellunopress.it\/#\/schema\/person\/79bb06722b37ece1c03d3e94beb30d73","name":"r\u00e9daction","image":{"@type":"ImageObject","inLanguage":"fr-FR","@id":"https:\/\/secure.gravatar.com\/avatar\/37d968a2e67a6fd04c169c4bdef102d0bc5d31b2546345219e348575eb80e9a0?s=96&d=mm&r=g","url":"https:\/\/secure.gravatar.com\/avatar\/37d968a2e67a6fd04c169c4bdef102d0bc5d31b2546345219e348575eb80e9a0?s=96&d=mm&r=g","contentUrl":"https:\/\/secure.gravatar.com\/avatar\/37d968a2e67a6fd04c169c4bdef102d0bc5d31b2546345219e348575eb80e9a0?s=96&d=mm&r=g","caption":"redazione"},"sameAs":["http:\/\/www.bellunopress.it","https:\/\/x.com\/bellunopress"],"url":"https:\/\/www.bellunopress.it\/fr\/author\/redazione\/"}]}},"_links":{"self":[{"href":"https:\/\/www.bellunopress.it\/fr\/wp-json\/wp\/v2\/posts\/143676","targetHints":{"allow":["GET"]}}],"collection":[{"href":"https:\/\/www.bellunopress.it\/fr\/wp-json\/wp\/v2\/posts"}],"about":[{"href":"https:\/\/www.bellunopress.it\/fr\/wp-json\/wp\/v2\/types\/post"}],"author":[{"embeddable":true,"href":"https:\/\/www.bellunopress.it\/fr\/wp-json\/wp\/v2\/users\/2"}],"replies":[{"embeddable":true,"href":"https:\/\/www.bellunopress.it\/fr\/wp-json\/wp\/v2\/comments?post=143676"}],"version-history":[{"count":1,"href":"https:\/\/www.bellunopress.it\/fr\/wp-json\/wp\/v2\/posts\/143676\/revisions"}],"predecessor-version":[{"id":143678,"href":"https:\/\/www.bellunopress.it\/fr\/wp-json\/wp\/v2\/posts\/143676\/revisions\/143678"}],"wp:featuredmedia":[{"embeddable":true,"href":"https:\/\/www.bellunopress.it\/fr\/wp-json\/wp\/v2\/media\/143677"}],"wp:attachment":[{"href":"https:\/\/www.bellunopress.it\/fr\/wp-json\/wp\/v2\/media?parent=143676"}],"wp:term":[{"taxonomy":"category","embeddable":true,"href":"https:\/\/www.bellunopress.it\/fr\/wp-json\/wp\/v2\/categories?post=143676"},{"taxonomy":"post_tag","embeddable":true,"href":"https:\/\/www.bellunopress.it\/fr\/wp-json\/wp\/v2\/tags?post=143676"}],"curies":[{"name":"wp","href":"https:\/\/api.w.org\/{rel}","templated":true}]}}