{"id":143672,"date":"2023-09-03T10:52:08","date_gmt":"2023-09-03T08:52:08","guid":{"rendered":"https:\/\/www.bellunopress.it\/?p=143672"},"modified":"2023-08-24T08:59:06","modified_gmt":"2023-08-24T06:59:06","slug":"sabato-a-belluno-la-presentazione-del-romanzo-la-centuria-di-giuseppe-scalici","status":"publish","type":"post","link":"https:\/\/www.bellunopress.it\/fr\/2023\/09\/03\/sabato-a-belluno-la-presentazione-del-romanzo-la-centuria-di-giuseppe-scalici\/","title":{"rendered":"Sabato a Belluno la presentazione del romanzo &#8220;La Centuria&#8221; di Giuseppe Scalici"},"content":{"rendered":"<p>Sabato 9 settembre si svolger\u00e0 a Belluno in prima assoluta la conferenza di presentazione del romanzo ucronico \u201cLa Centuria\u201d di Giuseppe Scalici, docente e saggista mestrino di residenza, ma nato a Feltre e gi\u00e0 frequentante il prestigioso Liceo Ginnasio \u201cTiziano\u201d di Belluno.<\/p>\n<figure id=\"attachment_141423\" aria-describedby=\"caption-attachment-141423\" style=\"width: 1000px\" class=\"wp-caption alignleft\"><img loading=\"lazy\" decoding=\"async\" class=\"size-full wp-image-141423\" src=\"https:\/\/www.bellunopress.it\/wp-content\/uploads\/2023\/05\/Circolo-culturale-la-terra-dei-padri_edited.jpg\" alt=\"\" width=\"1000\" height=\"750\" srcset=\"https:\/\/www.bellunopress.it\/wp-content\/uploads\/2023\/05\/Circolo-culturale-la-terra-dei-padri_edited.jpg 1000w, https:\/\/www.bellunopress.it\/wp-content\/uploads\/2023\/05\/Circolo-culturale-la-terra-dei-padri_edited-500x375.jpg 500w, https:\/\/www.bellunopress.it\/wp-content\/uploads\/2023\/05\/Circolo-culturale-la-terra-dei-padri_edited-696x522.jpg 696w, https:\/\/www.bellunopress.it\/wp-content\/uploads\/2023\/05\/Circolo-culturale-la-terra-dei-padri_edited-560x420.jpg 560w, https:\/\/www.bellunopress.it\/wp-content\/uploads\/2023\/05\/Circolo-culturale-la-terra-dei-padri_edited-80x60.jpg 80w, https:\/\/www.bellunopress.it\/wp-content\/uploads\/2023\/05\/Circolo-culturale-la-terra-dei-padri_edited-265x198.jpg 265w\" sizes=\"auto, (max-width: 1000px) 100vw, 1000px\" \/><figcaption id=\"caption-attachment-141423\" class=\"wp-caption-text\">Circolo culturale \u201cLa Terra dei Padri\u201d via dei Molini, 10 a Borgo Piave (davanti alla chiesa di San Nicol\u00f2) a Belluno<\/figcaption><\/figure>\n<p>L\u2019evento avr\u00e0 luogo alle 18.00 nella sede del Circolo culturale \u201cLa Terra dei Padri\u201d in via dei Molini, 10 a Borgo Piave (davanti alla chiesa di San Nicol\u00f2). L\u2019Autore sar\u00e0 presentato da<br \/>\nFrancesco Dematt\u00e8.<\/p>\n<p>L\u2019organizzazione della serata \u00e8 ad opera della Delegazione di Belluno della Lega Nazionale di Trieste e del Circolo culturale \u201cLa Terra dei Padri\u201d.<br \/>\nNella prima di copertina \u00e8 cos\u00ec sintetizzato il contenuto del romanzo:<br \/>\n\u201cSeconda met\u00e0 del XXI secolo. Ezio Luxardo, ufficiale delle Forze Speciali, e Gaia Stefani,<br \/>\nlaureanda in Storia, muovono i loro passi nel quadro futuro di un\u2019Europa divisa fra entit\u00e0 statali reazionarie e la volont\u00e0 rivoluzionaria di dar vita a una Confederazione di Stati liberi ancorati a princ\u00ecpi tradizionali. Filo conduttore \u00e8 la denuncia della decadenza moderna e postmoderna, non nel senso della semplice negazione, ma alla luce della riconquista del nucleo originario, sapienziale e, insieme, filosofico e religioso alla base della Civilt\u00e0.<br \/>\nLo scritto, avvalendosi sia di riferimenti storici oggettivi, sia di situazioni e personaggi<br \/>\nimmaginari, ma verosimili, vuole porre all\u2019attenzione del lettore alcuni momenti rilevanti<br \/>\ndell\u2019Italia del Novecento: la sua riduzione a colonia de facto in seguito all\u2019armistizio del<br \/>\nsettembre 1943, l\u2019assassinio di Giovanni Gentile, la vicenda di Ettore Majorana, la guerra civile, la subalternit\u00e0 a potenze straniere, l\u2019opaco ruolo della propaganda e dei servizi segreti.\u201c<br \/>\nAlcune vicende narrate nel romanzo si svolgono anche in terra bellunese.<\/p>\n<p>Sar\u00e0 presente l\u2019Autore. Presentazione e introduzione di Francesco Dematt\u00e8<br \/>\nIngresso libero sino a esaurimento posti<\/p>\n<p>Giuseppe Scalici (Feltre, 1957) si \u00e8 laureato in Filosofia a Ca\u2019 Foscari con una<br \/>\ntesi sull\u2019Ermetismo di Giordano Bruno e ha insegnato per decenni nei Licei. Si occupa, oltre che di tematiche attinenti al suo corso di studi, di ricerca storica, di religiosit\u00e0 e tradizioni<br \/>\nindoeuropee. Ha pubblicato, oltre a numerosi articolo in diversi periodici ( Orion, Polemos,<br \/>\nPolaris, etc.) e a contributi in volumi collettanei, testi come La Citt\u00e0 del Sole di Tommaso<br \/>\nCampanella e il pensiero utopistico tra Cinquecento e Seicento (Torino, Paravia, 1992); 1944: la distruzione. La guerra aerea in Italia e le sue conseguenze (Citt\u00e0 di Castello, Ed.<br \/>\nNuovaphromos, 2015); G. Bruno, Cabala del cavallo pegaseo (Polis working papers n. 230,<br \/>\nUniversit\u00e0 del Piemonte Orientale), 2015. Introduzione e commento all\u2019opera, in collaborazione con il prof. Francesco Ingravalle); Lucrezio filosofo della totalit\u00e0 (Milano, Ritter, 2021). Ha tenuto conferenze e interventi radiofonici su vari argomenti storici, filosofici e di attualit\u00e0 politica.<br \/>\nAttualmente fa parte del Centro Studi Polaris e della redazione di Radio Kulturaeuropa.<br \/>\nLa Centuria \u00e8 il suo primo scritto narrativo.\u200b<\/p>","protected":false},"excerpt":{"rendered":"<p>Sabato 9 settembre si svolger\u00e0 a Belluno in prima assoluta la conferenza di presentazione del romanzo ucronico \u201cLa Centuria\u201d di Giuseppe Scalici, docente e saggista mestrino di residenza, ma nato a Feltre e gi\u00e0 frequentante il prestigioso Liceo Ginnasio \u201cTiziano\u201d di Belluno. L\u2019evento avr\u00e0 luogo alle 18.00 nella sede del Circolo culturale \u201cLa Terra dei [&hellip;]<\/p>\n","protected":false},"author":2,"featured_media":126326,"comment_status":"closed","ping_status":"open","sticky":false,"template":"","format":"standard","meta":{"footnotes":""},"categories":[27,25],"tags":[],"class_list":["post-143672","post","type-post","status-publish","format-standard","has-post-thumbnail","category-appuntamenti","category-pausa-caffe"],"yoast_head":"<!-- This site is optimized with the Yoast SEO plugin v28.4 - https:\/\/yoast.com\/product\/yoast-seo-wordpress\/ -->\n<title>Sabato a Belluno la presentazione del romanzo &quot;La Centuria&quot; di Giuseppe Scalici - Bellunopress - Dolomiti<\/title>\n<meta name=\"robots\" content=\"index, follow, max-snippet:-1, max-image-preview:large, max-video-preview:-1\" \/>\n<link rel=\"canonical\" href=\"https:\/\/www.bellunopress.it\/fr\/2023\/09\/03\/sabato-a-belluno-la-presentazione-del-romanzo-la-centuria-di-giuseppe-scalici\/\" \/>\n<meta property=\"og:locale\" content=\"fr_FR\" \/>\n<meta property=\"og:type\" content=\"article\" \/>\n<meta property=\"og:title\" content=\"Sabato a Belluno la presentazione del romanzo &quot;La Centuria&quot; di Giuseppe Scalici - Bellunopress - Dolomiti\" \/>\n<meta property=\"og:description\" content=\"Sabato 9 settembre si svolger\u00e0 a Belluno in prima assoluta la conferenza di presentazione del romanzo ucronico \u201cLa Centuria\u201d di Giuseppe Scalici, docente e saggista mestrino di residenza, ma nato a Feltre e gi\u00e0 frequentante il prestigioso Liceo Ginnasio \u201cTiziano\u201d di Belluno. L\u2019evento avr\u00e0 luogo alle 18.00 nella sede del Circolo culturale \u201cLa Terra dei [&hellip;]\" \/>\n<meta property=\"og:url\" content=\"https:\/\/www.bellunopress.it\/fr\/2023\/09\/03\/sabato-a-belluno-la-presentazione-del-romanzo-la-centuria-di-giuseppe-scalici\/\" \/>\n<meta property=\"og:site_name\" content=\"Bellunopress - Dolomiti\" \/>\n<meta property=\"article:publisher\" content=\"https:\/\/www.facebook.com\/profile.php?id=100008943462799\" \/>\n<meta property=\"article:published_time\" content=\"2023-09-03T08:52:08+00:00\" \/>\n<meta property=\"og:image\" content=\"https:\/\/www.bellunopress.it\/wp-content\/uploads\/2021\/07\/piazzetta-borgo-piave_edited.jpg\" \/>\n\t<meta property=\"og:image:width\" content=\"800\" \/>\n\t<meta property=\"og:image:height\" content=\"533\" \/>\n\t<meta property=\"og:image:type\" content=\"image\/jpeg\" \/>\n<meta name=\"author\" content=\"redazione\" \/>\n<meta name=\"twitter:card\" content=\"summary_large_image\" \/>\n<meta name=\"twitter:creator\" content=\"@bellunopress\" \/>\n<meta name=\"twitter:site\" content=\"@bellunopress\" \/>\n<meta name=\"twitter:label1\" content=\"Written by\" \/>\n\t<meta name=\"twitter:data1\" content=\"redazione\" \/>\n\t<meta name=\"twitter:label2\" content=\"Est. reading time\" \/>\n\t<meta name=\"twitter:data2\" content=\"2 minutes\" \/>\n<script type=\"application\/ld+json\" class=\"yoast-schema-graph\">{\"@context\":\"https:\\\/\\\/schema.org\",\"@graph\":[{\"@type\":\"Article\",\"@id\":\"https:\\\/\\\/www.bellunopress.it\\\/2023\\\/09\\\/03\\\/sabato-a-belluno-la-presentazione-del-romanzo-la-centuria-di-giuseppe-scalici\\\/#article\",\"isPartOf\":{\"@id\":\"https:\\\/\\\/www.bellunopress.it\\\/2023\\\/09\\\/03\\\/sabato-a-belluno-la-presentazione-del-romanzo-la-centuria-di-giuseppe-scalici\\\/\"},\"author\":{\"name\":\"redazione\",\"@id\":\"https:\\\/\\\/www.bellunopress.it\\\/#\\\/schema\\\/person\\\/79bb06722b37ece1c03d3e94beb30d73\"},\"headline\":\"Sabato a Belluno la presentazione del romanzo &#8220;La Centuria&#8221; di Giuseppe Scalici\",\"datePublished\":\"2023-09-03T08:52:08+00:00\",\"mainEntityOfPage\":{\"@id\":\"https:\\\/\\\/www.bellunopress.it\\\/2023\\\/09\\\/03\\\/sabato-a-belluno-la-presentazione-del-romanzo-la-centuria-di-giuseppe-scalici\\\/\"},\"wordCount\":492,\"publisher\":{\"@id\":\"https:\\\/\\\/www.bellunopress.it\\\/#organization\"},\"image\":{\"@id\":\"https:\\\/\\\/www.bellunopress.it\\\/2023\\\/09\\\/03\\\/sabato-a-belluno-la-presentazione-del-romanzo-la-centuria-di-giuseppe-scalici\\\/#primaryimage\"},\"thumbnailUrl\":\"https:\\\/\\\/www.bellunopress.it\\\/wp-content\\\/uploads\\\/2021\\\/07\\\/piazzetta-borgo-piave_edited.jpg\",\"articleSection\":[\"Appuntamenti, Eventi\",\"Pausa Caff\u00e8\"],\"inLanguage\":\"fr-FR\"},{\"@type\":\"WebPage\",\"@id\":\"https:\\\/\\\/www.bellunopress.it\\\/2023\\\/09\\\/03\\\/sabato-a-belluno-la-presentazione-del-romanzo-la-centuria-di-giuseppe-scalici\\\/\",\"url\":\"https:\\\/\\\/www.bellunopress.it\\\/2023\\\/09\\\/03\\\/sabato-a-belluno-la-presentazione-del-romanzo-la-centuria-di-giuseppe-scalici\\\/\",\"name\":\"Sabato a Belluno la presentazione del romanzo \\\"La Centuria\\\" di Giuseppe Scalici - Bellunopress - Dolomiti\",\"isPartOf\":{\"@id\":\"https:\\\/\\\/www.bellunopress.it\\\/#website\"},\"primaryImageOfPage\":{\"@id\":\"https:\\\/\\\/www.bellunopress.it\\\/2023\\\/09\\\/03\\\/sabato-a-belluno-la-presentazione-del-romanzo-la-centuria-di-giuseppe-scalici\\\/#primaryimage\"},\"image\":{\"@id\":\"https:\\\/\\\/www.bellunopress.it\\\/2023\\\/09\\\/03\\\/sabato-a-belluno-la-presentazione-del-romanzo-la-centuria-di-giuseppe-scalici\\\/#primaryimage\"},\"thumbnailUrl\":\"https:\\\/\\\/www.bellunopress.it\\\/wp-content\\\/uploads\\\/2021\\\/07\\\/piazzetta-borgo-piave_edited.jpg\",\"datePublished\":\"2023-09-03T08:52:08+00:00\",\"breadcrumb\":{\"@id\":\"https:\\\/\\\/www.bellunopress.it\\\/2023\\\/09\\\/03\\\/sabato-a-belluno-la-presentazione-del-romanzo-la-centuria-di-giuseppe-scalici\\\/#breadcrumb\"},\"inLanguage\":\"fr-FR\",\"potentialAction\":[{\"@type\":\"ReadAction\",\"target\":[\"https:\\\/\\\/www.bellunopress.it\\\/2023\\\/09\\\/03\\\/sabato-a-belluno-la-presentazione-del-romanzo-la-centuria-di-giuseppe-scalici\\\/\"]}]},{\"@type\":\"ImageObject\",\"inLanguage\":\"fr-FR\",\"@id\":\"https:\\\/\\\/www.bellunopress.it\\\/2023\\\/09\\\/03\\\/sabato-a-belluno-la-presentazione-del-romanzo-la-centuria-di-giuseppe-scalici\\\/#primaryimage\",\"url\":\"https:\\\/\\\/www.bellunopress.it\\\/wp-content\\\/uploads\\\/2021\\\/07\\\/piazzetta-borgo-piave_edited.jpg\",\"contentUrl\":\"https:\\\/\\\/www.bellunopress.it\\\/wp-content\\\/uploads\\\/2021\\\/07\\\/piazzetta-borgo-piave_edited.jpg\",\"width\":800,\"height\":533,\"caption\":\"Piazzetta di Borgo Piave - Belluno\"},{\"@type\":\"BreadcrumbList\",\"@id\":\"https:\\\/\\\/www.bellunopress.it\\\/2023\\\/09\\\/03\\\/sabato-a-belluno-la-presentazione-del-romanzo-la-centuria-di-giuseppe-scalici\\\/#breadcrumb\",\"itemListElement\":[{\"@type\":\"ListItem\",\"position\":1,\"name\":\"Home\",\"item\":\"https:\\\/\\\/www.bellunopress.it\\\/\"},{\"@type\":\"ListItem\",\"position\":2,\"name\":\"Sabato a Belluno la presentazione del romanzo &#8220;La Centuria&#8221; di Giuseppe Scalici\"}]},{\"@type\":\"WebSite\",\"@id\":\"https:\\\/\\\/www.bellunopress.it\\\/#website\",\"url\":\"https:\\\/\\\/www.bellunopress.it\\\/\",\"name\":\"Bellunopress - Dolomiti\",\"description\":\"e-mail: redazione@bellunopress.it\",\"publisher\":{\"@id\":\"https:\\\/\\\/www.bellunopress.it\\\/#organization\"},\"potentialAction\":[{\"@type\":\"SearchAction\",\"target\":{\"@type\":\"EntryPoint\",\"urlTemplate\":\"https:\\\/\\\/www.bellunopress.it\\\/?s={search_term_string}\"},\"query-input\":{\"@type\":\"PropertyValueSpecification\",\"valueRequired\":true,\"valueName\":\"search_term_string\"}}],\"inLanguage\":\"fr-FR\"},{\"@type\":\"Organization\",\"@id\":\"https:\\\/\\\/www.bellunopress.it\\\/#organization\",\"name\":\"Bellunopress\",\"url\":\"https:\\\/\\\/www.bellunopress.it\\\/\",\"logo\":{\"@type\":\"ImageObject\",\"inLanguage\":\"fr-FR\",\"@id\":\"https:\\\/\\\/www.bellunopress.it\\\/#\\\/schema\\\/logo\\\/image\\\/\",\"url\":\"https:\\\/\\\/www.bellunopress.it\\\/wp-content\\\/uploads\\\/2011\\\/05\\\/cropped-logo-bellunopress-.jpg\",\"contentUrl\":\"https:\\\/\\\/www.bellunopress.it\\\/wp-content\\\/uploads\\\/2011\\\/05\\\/cropped-logo-bellunopress-.jpg\",\"width\":512,\"height\":512,\"caption\":\"Bellunopress\"},\"image\":{\"@id\":\"https:\\\/\\\/www.bellunopress.it\\\/#\\\/schema\\\/logo\\\/image\\\/\"},\"sameAs\":[\"https:\\\/\\\/www.facebook.com\\\/profile.php?id=100008943462799\",\"https:\\\/\\\/x.com\\\/bellunopress\",\"https:\\\/\\\/www.linkedin.com\\\/hp\\\/?dnr=JBzUWaJfMUw8vbXJJ2tVW5-I3jZKvC4wsoxE&amp;amp;amp;amp;amp;amp;trk=nav_responsive_tab_home\",\"https:\\\/\\\/www.youtube.com\\\/channel\\\/UCxL0wu1uN0_3_7hGG0306cw\"]},{\"@type\":\"Person\",\"@id\":\"https:\\\/\\\/www.bellunopress.it\\\/#\\\/schema\\\/person\\\/79bb06722b37ece1c03d3e94beb30d73\",\"name\":\"redazione\",\"image\":{\"@type\":\"ImageObject\",\"inLanguage\":\"fr-FR\",\"@id\":\"https:\\\/\\\/secure.gravatar.com\\\/avatar\\\/37d968a2e67a6fd04c169c4bdef102d0bc5d31b2546345219e348575eb80e9a0?s=96&d=mm&r=g\",\"url\":\"https:\\\/\\\/secure.gravatar.com\\\/avatar\\\/37d968a2e67a6fd04c169c4bdef102d0bc5d31b2546345219e348575eb80e9a0?s=96&d=mm&r=g\",\"contentUrl\":\"https:\\\/\\\/secure.gravatar.com\\\/avatar\\\/37d968a2e67a6fd04c169c4bdef102d0bc5d31b2546345219e348575eb80e9a0?s=96&d=mm&r=g\",\"caption\":\"redazione\"},\"sameAs\":[\"http:\\\/\\\/www.bellunopress.it\",\"https:\\\/\\\/x.com\\\/bellunopress\"],\"url\":\"https:\\\/\\\/www.bellunopress.it\\\/fr\\\/author\\\/redazione\\\/\"}]}<\/script>\n<!-- \/ Yoast SEO plugin. -->","yoast_head_json":{"title":"Sabato a Belluno la presentazione del romanzo \"La Centuria\" di Giuseppe Scalici - Bellunopress - Dolomiti","robots":{"index":"index","follow":"follow","max-snippet":"max-snippet:-1","max-image-preview":"max-image-preview:large","max-video-preview":"max-video-preview:-1"},"canonical":"https:\/\/www.bellunopress.it\/fr\/2023\/09\/03\/sabato-a-belluno-la-presentazione-del-romanzo-la-centuria-di-giuseppe-scalici\/","og_locale":"fr_FR","og_type":"article","og_title":"Sabato a Belluno la presentazione del romanzo \"La Centuria\" di Giuseppe Scalici - Bellunopress - Dolomiti","og_description":"Sabato 9 settembre si svolger\u00e0 a Belluno in prima assoluta la conferenza di presentazione del romanzo ucronico \u201cLa Centuria\u201d di Giuseppe Scalici, docente e saggista mestrino di residenza, ma nato a Feltre e gi\u00e0 frequentante il prestigioso Liceo Ginnasio \u201cTiziano\u201d di Belluno. L\u2019evento avr\u00e0 luogo alle 18.00 nella sede del Circolo culturale \u201cLa Terra dei [&hellip;]","og_url":"https:\/\/www.bellunopress.it\/fr\/2023\/09\/03\/sabato-a-belluno-la-presentazione-del-romanzo-la-centuria-di-giuseppe-scalici\/","og_site_name":"Bellunopress - Dolomiti","article_publisher":"https:\/\/www.facebook.com\/profile.php?id=100008943462799","article_published_time":"2023-09-03T08:52:08+00:00","og_image":[{"width":800,"height":533,"url":"https:\/\/www.bellunopress.it\/wp-content\/uploads\/2021\/07\/piazzetta-borgo-piave_edited.jpg","type":"image\/jpeg"}],"author":"redazione","twitter_card":"summary_large_image","twitter_creator":"@bellunopress","twitter_site":"@bellunopress","twitter_misc":{"Written by":"redazione","Est. reading time":"2 minutes"},"schema":{"@context":"https:\/\/schema.org","@graph":[{"@type":"Article","@id":"https:\/\/www.bellunopress.it\/2023\/09\/03\/sabato-a-belluno-la-presentazione-del-romanzo-la-centuria-di-giuseppe-scalici\/#article","isPartOf":{"@id":"https:\/\/www.bellunopress.it\/2023\/09\/03\/sabato-a-belluno-la-presentazione-del-romanzo-la-centuria-di-giuseppe-scalici\/"},"author":{"name":"redazione","@id":"https:\/\/www.bellunopress.it\/#\/schema\/person\/79bb06722b37ece1c03d3e94beb30d73"},"headline":"Sabato a Belluno la presentazione del romanzo &#8220;La Centuria&#8221; di Giuseppe Scalici","datePublished":"2023-09-03T08:52:08+00:00","mainEntityOfPage":{"@id":"https:\/\/www.bellunopress.it\/2023\/09\/03\/sabato-a-belluno-la-presentazione-del-romanzo-la-centuria-di-giuseppe-scalici\/"},"wordCount":492,"publisher":{"@id":"https:\/\/www.bellunopress.it\/#organization"},"image":{"@id":"https:\/\/www.bellunopress.it\/2023\/09\/03\/sabato-a-belluno-la-presentazione-del-romanzo-la-centuria-di-giuseppe-scalici\/#primaryimage"},"thumbnailUrl":"https:\/\/www.bellunopress.it\/wp-content\/uploads\/2021\/07\/piazzetta-borgo-piave_edited.jpg","articleSection":["Appuntamenti, Eventi","Pausa Caff\u00e8"],"inLanguage":"fr-FR"},{"@type":"WebPage","@id":"https:\/\/www.bellunopress.it\/2023\/09\/03\/sabato-a-belluno-la-presentazione-del-romanzo-la-centuria-di-giuseppe-scalici\/","url":"https:\/\/www.bellunopress.it\/2023\/09\/03\/sabato-a-belluno-la-presentazione-del-romanzo-la-centuria-di-giuseppe-scalici\/","name":"Sabato a Belluno la presentazione del romanzo \"La Centuria\" di Giuseppe Scalici - Bellunopress - Dolomiti","isPartOf":{"@id":"https:\/\/www.bellunopress.it\/#website"},"primaryImageOfPage":{"@id":"https:\/\/www.bellunopress.it\/2023\/09\/03\/sabato-a-belluno-la-presentazione-del-romanzo-la-centuria-di-giuseppe-scalici\/#primaryimage"},"image":{"@id":"https:\/\/www.bellunopress.it\/2023\/09\/03\/sabato-a-belluno-la-presentazione-del-romanzo-la-centuria-di-giuseppe-scalici\/#primaryimage"},"thumbnailUrl":"https:\/\/www.bellunopress.it\/wp-content\/uploads\/2021\/07\/piazzetta-borgo-piave_edited.jpg","datePublished":"2023-09-03T08:52:08+00:00","breadcrumb":{"@id":"https:\/\/www.bellunopress.it\/2023\/09\/03\/sabato-a-belluno-la-presentazione-del-romanzo-la-centuria-di-giuseppe-scalici\/#breadcrumb"},"inLanguage":"fr-FR","potentialAction":[{"@type":"ReadAction","target":["https:\/\/www.bellunopress.it\/2023\/09\/03\/sabato-a-belluno-la-presentazione-del-romanzo-la-centuria-di-giuseppe-scalici\/"]}]},{"@type":"ImageObject","inLanguage":"fr-FR","@id":"https:\/\/www.bellunopress.it\/2023\/09\/03\/sabato-a-belluno-la-presentazione-del-romanzo-la-centuria-di-giuseppe-scalici\/#primaryimage","url":"https:\/\/www.bellunopress.it\/wp-content\/uploads\/2021\/07\/piazzetta-borgo-piave_edited.jpg","contentUrl":"https:\/\/www.bellunopress.it\/wp-content\/uploads\/2021\/07\/piazzetta-borgo-piave_edited.jpg","width":800,"height":533,"caption":"Piazzetta di Borgo Piave - Belluno"},{"@type":"BreadcrumbList","@id":"https:\/\/www.bellunopress.it\/2023\/09\/03\/sabato-a-belluno-la-presentazione-del-romanzo-la-centuria-di-giuseppe-scalici\/#breadcrumb","itemListElement":[{"@type":"ListItem","position":1,"name":"Home","item":"https:\/\/www.bellunopress.it\/"},{"@type":"ListItem","position":2,"name":"Sabato a Belluno la presentazione del romanzo &#8220;La Centuria&#8221; di Giuseppe Scalici"}]},{"@type":"WebSite","@id":"https:\/\/www.bellunopress.it\/#website","url":"https:\/\/www.bellunopress.it\/","name":"Bellunopress - Dolomiti","description":"e-mail: redazione@bellunopress.it","publisher":{"@id":"https:\/\/www.bellunopress.it\/#organization"},"potentialAction":[{"@type":"SearchAction","target":{"@type":"EntryPoint","urlTemplate":"https:\/\/www.bellunopress.it\/?s={search_term_string}"},"query-input":{"@type":"PropertyValueSpecification","valueRequired":true,"valueName":"search_term_string"}}],"inLanguage":"fr-FR"},{"@type":"Organization","@id":"https:\/\/www.bellunopress.it\/#organization","name":"Bellunopress","url":"https:\/\/www.bellunopress.it\/","logo":{"@type":"ImageObject","inLanguage":"fr-FR","@id":"https:\/\/www.bellunopress.it\/#\/schema\/logo\/image\/","url":"https:\/\/www.bellunopress.it\/wp-content\/uploads\/2011\/05\/cropped-logo-bellunopress-.jpg","contentUrl":"https:\/\/www.bellunopress.it\/wp-content\/uploads\/2011\/05\/cropped-logo-bellunopress-.jpg","width":512,"height":512,"caption":"Bellunopress"},"image":{"@id":"https:\/\/www.bellunopress.it\/#\/schema\/logo\/image\/"},"sameAs":["https:\/\/www.facebook.com\/profile.php?id=100008943462799","https:\/\/x.com\/bellunopress","https:\/\/www.linkedin.com\/hp\/?dnr=JBzUWaJfMUw8vbXJJ2tVW5-I3jZKvC4wsoxE&amp;amp;amp;amp;amp;amp;trk=nav_responsive_tab_home","https:\/\/www.youtube.com\/channel\/UCxL0wu1uN0_3_7hGG0306cw"]},{"@type":"Person","@id":"https:\/\/www.bellunopress.it\/#\/schema\/person\/79bb06722b37ece1c03d3e94beb30d73","name":"r\u00e9daction","image":{"@type":"ImageObject","inLanguage":"fr-FR","@id":"https:\/\/secure.gravatar.com\/avatar\/37d968a2e67a6fd04c169c4bdef102d0bc5d31b2546345219e348575eb80e9a0?s=96&d=mm&r=g","url":"https:\/\/secure.gravatar.com\/avatar\/37d968a2e67a6fd04c169c4bdef102d0bc5d31b2546345219e348575eb80e9a0?s=96&d=mm&r=g","contentUrl":"https:\/\/secure.gravatar.com\/avatar\/37d968a2e67a6fd04c169c4bdef102d0bc5d31b2546345219e348575eb80e9a0?s=96&d=mm&r=g","caption":"redazione"},"sameAs":["http:\/\/www.bellunopress.it","https:\/\/x.com\/bellunopress"],"url":"https:\/\/www.bellunopress.it\/fr\/author\/redazione\/"}]}},"_links":{"self":[{"href":"https:\/\/www.bellunopress.it\/fr\/wp-json\/wp\/v2\/posts\/143672","targetHints":{"allow":["GET"]}}],"collection":[{"href":"https:\/\/www.bellunopress.it\/fr\/wp-json\/wp\/v2\/posts"}],"about":[{"href":"https:\/\/www.bellunopress.it\/fr\/wp-json\/wp\/v2\/types\/post"}],"author":[{"embeddable":true,"href":"https:\/\/www.bellunopress.it\/fr\/wp-json\/wp\/v2\/users\/2"}],"replies":[{"embeddable":true,"href":"https:\/\/www.bellunopress.it\/fr\/wp-json\/wp\/v2\/comments?post=143672"}],"version-history":[{"count":1,"href":"https:\/\/www.bellunopress.it\/fr\/wp-json\/wp\/v2\/posts\/143672\/revisions"}],"predecessor-version":[{"id":143673,"href":"https:\/\/www.bellunopress.it\/fr\/wp-json\/wp\/v2\/posts\/143672\/revisions\/143673"}],"wp:featuredmedia":[{"embeddable":true,"href":"https:\/\/www.bellunopress.it\/fr\/wp-json\/wp\/v2\/media\/126326"}],"wp:attachment":[{"href":"https:\/\/www.bellunopress.it\/fr\/wp-json\/wp\/v2\/media?parent=143672"}],"wp:term":[{"taxonomy":"category","embeddable":true,"href":"https:\/\/www.bellunopress.it\/fr\/wp-json\/wp\/v2\/categories?post=143672"},{"taxonomy":"post_tag","embeddable":true,"href":"https:\/\/www.bellunopress.it\/fr\/wp-json\/wp\/v2\/tags?post=143672"}],"curies":[{"name":"wp","href":"https:\/\/api.w.org\/{rel}","templated":true}]}}