{"id":143670,"date":"2023-08-24T08:51:02","date_gmt":"2023-08-24T06:51:02","guid":{"rendered":"https:\/\/www.bellunopress.it\/?p=143670"},"modified":"2023-08-24T08:51:02","modified_gmt":"2023-08-24T06:51:02","slug":"laboratorio-di-pratiche-filosofiche-per-tutti-ogni-lunedi-di-settembre-e-ottobre-a-belluno","status":"publish","type":"post","link":"https:\/\/www.bellunopress.it\/fr\/2023\/08\/24\/laboratorio-di-pratiche-filosofiche-per-tutti-ogni-lunedi-di-settembre-e-ottobre-a-belluno\/","title":{"rendered":"Laboratorio di pratiche filosofiche per tutti. Ogni luned\u00ec di settembre e ottobre a Belluno"},"content":{"rendered":"<figure id=\"attachment_141423\" aria-describedby=\"caption-attachment-141423\" style=\"width: 1000px\" class=\"wp-caption alignleft\"><img loading=\"lazy\" decoding=\"async\" class=\"size-full wp-image-141423\" src=\"https:\/\/www.bellunopress.it\/wp-content\/uploads\/2023\/05\/Circolo-culturale-la-terra-dei-padri_edited.jpg\" alt=\"\" width=\"1000\" height=\"750\" srcset=\"https:\/\/www.bellunopress.it\/wp-content\/uploads\/2023\/05\/Circolo-culturale-la-terra-dei-padri_edited.jpg 1000w, https:\/\/www.bellunopress.it\/wp-content\/uploads\/2023\/05\/Circolo-culturale-la-terra-dei-padri_edited-500x375.jpg 500w, https:\/\/www.bellunopress.it\/wp-content\/uploads\/2023\/05\/Circolo-culturale-la-terra-dei-padri_edited-696x522.jpg 696w, https:\/\/www.bellunopress.it\/wp-content\/uploads\/2023\/05\/Circolo-culturale-la-terra-dei-padri_edited-560x420.jpg 560w, https:\/\/www.bellunopress.it\/wp-content\/uploads\/2023\/05\/Circolo-culturale-la-terra-dei-padri_edited-80x60.jpg 80w, https:\/\/www.bellunopress.it\/wp-content\/uploads\/2023\/05\/Circolo-culturale-la-terra-dei-padri_edited-265x198.jpg 265w\" sizes=\"auto, (max-width: 1000px) 100vw, 1000px\" \/><figcaption id=\"caption-attachment-141423\" class=\"wp-caption-text\">Circolo culturale \u201cLa Terra dei Padri\u201d via dei Molini, 10 a Borgo Piave (davanti alla chiesa di San Nicol\u00f2) a Belluno<\/figcaption><\/figure>\n<p>\u201cLa filosofia nasce grande: l\u2019aurora del pensiero greco in Occidente prima di Platone\u201d<br \/>\n5 incontri con Francesco Dematt\u00e8 (gi\u00e0 docente di storia e filosofia nei Licei e consulente<br \/>\nfilosofico) ogni luned\u00ec del mese dal 18 settembre al 16 ottobre 2023, dalle ore 18.00 alle ore 19.00 circa (18-25 settembre, 2-9-16 ottobre)<\/p>\n<p>Un approccio alla filosofia aperto a tutti contraddistingue il corso che il Circolo culturale La<br \/>\nTerra dei Padri APS propone per i prossimi mesi di settembre e ottobre. Al centro della riflessione e della meditazione dei corsisti sar\u00e0 la nascita della filosofia in Grecia nel VI secolo a.C.: i partecipanti, lungi dall&#8217;essere solo dei passivi ascoltatori, impareranno a \u201cfare\u201d filosofia essi stessi con l&#8217;aiuto di Francesco Dematt\u00e8, gi\u00e0 docente di storia e filosofia nei Licei e consulente filosofico.<\/p>\n<p>Sede del seminario:<br \/>\nCircolo culturale La Terra dei Padri APS<br \/>\nvia dei Molini, 10 Borgo Piave \u2013 Belluno<br \/>\n(davanti alla chiesa di San Nicolo\u2019)<br \/>\nPer informazioni e iscrizioni: direttamente in sede, all&#8217;indirizzo di posta<br \/>\nelettronica francesco1dematte@gmail.com ,<br \/>\no al seguente numero di telefono: 320\/0504334<\/p>","protected":false},"excerpt":{"rendered":"<p>\u201cLa filosofia nasce grande: l\u2019aurora del pensiero greco in Occidente prima di Platone\u201d 5 incontri con Francesco Dematt\u00e8 (gi\u00e0 docente di storia e filosofia nei Licei e consulente filosofico) ogni luned\u00ec del mese dal 18 settembre al 16 ottobre 2023, dalle ore 18.00 alle ore 19.00 circa (18-25 settembre, 2-9-16 ottobre) Un approccio alla filosofia [&hellip;]<\/p>\n","protected":false},"author":2,"featured_media":126326,"comment_status":"closed","ping_status":"open","sticky":false,"template":"","format":"standard","meta":{"footnotes":""},"categories":[27,25],"tags":[],"class_list":["post-143670","post","type-post","status-publish","format-standard","has-post-thumbnail","category-appuntamenti","category-pausa-caffe"],"yoast_head":"<!-- This site is optimized with the Yoast SEO plugin v28.4 - https:\/\/yoast.com\/product\/yoast-seo-wordpress\/ -->\n<title>Laboratorio di pratiche filosofiche per tutti. Ogni luned\u00ec di settembre e ottobre a Belluno - Bellunopress - Dolomiti<\/title>\n<meta name=\"robots\" content=\"index, follow, max-snippet:-1, max-image-preview:large, max-video-preview:-1\" \/>\n<link rel=\"canonical\" href=\"https:\/\/www.bellunopress.it\/fr\/2023\/08\/24\/laboratorio-di-pratiche-filosofiche-per-tutti-ogni-lunedi-di-settembre-e-ottobre-a-belluno\/\" \/>\n<meta property=\"og:locale\" content=\"fr_FR\" \/>\n<meta property=\"og:type\" content=\"article\" \/>\n<meta property=\"og:title\" content=\"Laboratorio di pratiche filosofiche per tutti. Ogni luned\u00ec di settembre e ottobre a Belluno - Bellunopress - Dolomiti\" \/>\n<meta property=\"og:description\" content=\"\u201cLa filosofia nasce grande: l\u2019aurora del pensiero greco in Occidente prima di Platone\u201d 5 incontri con Francesco Dematt\u00e8 (gi\u00e0 docente di storia e filosofia nei Licei e consulente filosofico) ogni luned\u00ec del mese dal 18 settembre al 16 ottobre 2023, dalle ore 18.00 alle ore 19.00 circa (18-25 settembre, 2-9-16 ottobre) Un approccio alla filosofia [&hellip;]\" \/>\n<meta property=\"og:url\" content=\"https:\/\/www.bellunopress.it\/fr\/2023\/08\/24\/laboratorio-di-pratiche-filosofiche-per-tutti-ogni-lunedi-di-settembre-e-ottobre-a-belluno\/\" \/>\n<meta property=\"og:site_name\" content=\"Bellunopress - Dolomiti\" \/>\n<meta property=\"article:publisher\" content=\"https:\/\/www.facebook.com\/profile.php?id=100008943462799\" \/>\n<meta property=\"article:published_time\" content=\"2023-08-24T06:51:02+00:00\" \/>\n<meta property=\"og:image\" content=\"https:\/\/www.bellunopress.it\/wp-content\/uploads\/2021\/07\/piazzetta-borgo-piave_edited.jpg\" \/>\n\t<meta property=\"og:image:width\" content=\"800\" \/>\n\t<meta property=\"og:image:height\" content=\"533\" \/>\n\t<meta property=\"og:image:type\" content=\"image\/jpeg\" \/>\n<meta name=\"author\" content=\"redazione\" \/>\n<meta name=\"twitter:card\" content=\"summary_large_image\" \/>\n<meta name=\"twitter:creator\" content=\"@bellunopress\" \/>\n<meta name=\"twitter:site\" content=\"@bellunopress\" \/>\n<meta name=\"twitter:label1\" content=\"\u00c9crit par\" \/>\n\t<meta name=\"twitter:data1\" content=\"redazione\" \/>\n\t<meta name=\"twitter:label2\" content=\"Dur\u00e9e de lecture estim\u00e9e\" \/>\n\t<meta name=\"twitter:data2\" content=\"1 minute\" \/>\n<script type=\"application\/ld+json\" class=\"yoast-schema-graph\">{\"@context\":\"https:\\\/\\\/schema.org\",\"@graph\":[{\"@type\":\"Article\",\"@id\":\"https:\\\/\\\/www.bellunopress.it\\\/2023\\\/08\\\/24\\\/laboratorio-di-pratiche-filosofiche-per-tutti-ogni-lunedi-di-settembre-e-ottobre-a-belluno\\\/#article\",\"isPartOf\":{\"@id\":\"https:\\\/\\\/www.bellunopress.it\\\/2023\\\/08\\\/24\\\/laboratorio-di-pratiche-filosofiche-per-tutti-ogni-lunedi-di-settembre-e-ottobre-a-belluno\\\/\"},\"author\":{\"name\":\"redazione\",\"@id\":\"https:\\\/\\\/www.bellunopress.it\\\/#\\\/schema\\\/person\\\/79bb06722b37ece1c03d3e94beb30d73\"},\"headline\":\"Laboratorio di pratiche filosofiche per tutti. Ogni luned\u00ec di settembre e ottobre a Belluno\",\"datePublished\":\"2023-08-24T06:51:02+00:00\",\"mainEntityOfPage\":{\"@id\":\"https:\\\/\\\/www.bellunopress.it\\\/2023\\\/08\\\/24\\\/laboratorio-di-pratiche-filosofiche-per-tutti-ogni-lunedi-di-settembre-e-ottobre-a-belluno\\\/\"},\"wordCount\":213,\"publisher\":{\"@id\":\"https:\\\/\\\/www.bellunopress.it\\\/#organization\"},\"image\":{\"@id\":\"https:\\\/\\\/www.bellunopress.it\\\/2023\\\/08\\\/24\\\/laboratorio-di-pratiche-filosofiche-per-tutti-ogni-lunedi-di-settembre-e-ottobre-a-belluno\\\/#primaryimage\"},\"thumbnailUrl\":\"https:\\\/\\\/www.bellunopress.it\\\/wp-content\\\/uploads\\\/2021\\\/07\\\/piazzetta-borgo-piave_edited.jpg\",\"articleSection\":[\"Appuntamenti, Eventi\",\"Pausa Caff\u00e8\"],\"inLanguage\":\"fr-FR\"},{\"@type\":\"WebPage\",\"@id\":\"https:\\\/\\\/www.bellunopress.it\\\/2023\\\/08\\\/24\\\/laboratorio-di-pratiche-filosofiche-per-tutti-ogni-lunedi-di-settembre-e-ottobre-a-belluno\\\/\",\"url\":\"https:\\\/\\\/www.bellunopress.it\\\/2023\\\/08\\\/24\\\/laboratorio-di-pratiche-filosofiche-per-tutti-ogni-lunedi-di-settembre-e-ottobre-a-belluno\\\/\",\"name\":\"Laboratorio di pratiche filosofiche per tutti. Ogni luned\u00ec di settembre e ottobre a Belluno - Bellunopress - Dolomiti\",\"isPartOf\":{\"@id\":\"https:\\\/\\\/www.bellunopress.it\\\/#website\"},\"primaryImageOfPage\":{\"@id\":\"https:\\\/\\\/www.bellunopress.it\\\/2023\\\/08\\\/24\\\/laboratorio-di-pratiche-filosofiche-per-tutti-ogni-lunedi-di-settembre-e-ottobre-a-belluno\\\/#primaryimage\"},\"image\":{\"@id\":\"https:\\\/\\\/www.bellunopress.it\\\/2023\\\/08\\\/24\\\/laboratorio-di-pratiche-filosofiche-per-tutti-ogni-lunedi-di-settembre-e-ottobre-a-belluno\\\/#primaryimage\"},\"thumbnailUrl\":\"https:\\\/\\\/www.bellunopress.it\\\/wp-content\\\/uploads\\\/2021\\\/07\\\/piazzetta-borgo-piave_edited.jpg\",\"datePublished\":\"2023-08-24T06:51:02+00:00\",\"breadcrumb\":{\"@id\":\"https:\\\/\\\/www.bellunopress.it\\\/2023\\\/08\\\/24\\\/laboratorio-di-pratiche-filosofiche-per-tutti-ogni-lunedi-di-settembre-e-ottobre-a-belluno\\\/#breadcrumb\"},\"inLanguage\":\"fr-FR\",\"potentialAction\":[{\"@type\":\"ReadAction\",\"target\":[\"https:\\\/\\\/www.bellunopress.it\\\/2023\\\/08\\\/24\\\/laboratorio-di-pratiche-filosofiche-per-tutti-ogni-lunedi-di-settembre-e-ottobre-a-belluno\\\/\"]}]},{\"@type\":\"ImageObject\",\"inLanguage\":\"fr-FR\",\"@id\":\"https:\\\/\\\/www.bellunopress.it\\\/2023\\\/08\\\/24\\\/laboratorio-di-pratiche-filosofiche-per-tutti-ogni-lunedi-di-settembre-e-ottobre-a-belluno\\\/#primaryimage\",\"url\":\"https:\\\/\\\/www.bellunopress.it\\\/wp-content\\\/uploads\\\/2021\\\/07\\\/piazzetta-borgo-piave_edited.jpg\",\"contentUrl\":\"https:\\\/\\\/www.bellunopress.it\\\/wp-content\\\/uploads\\\/2021\\\/07\\\/piazzetta-borgo-piave_edited.jpg\",\"width\":800,\"height\":533,\"caption\":\"Piazzetta di Borgo Piave - Belluno\"},{\"@type\":\"BreadcrumbList\",\"@id\":\"https:\\\/\\\/www.bellunopress.it\\\/2023\\\/08\\\/24\\\/laboratorio-di-pratiche-filosofiche-per-tutti-ogni-lunedi-di-settembre-e-ottobre-a-belluno\\\/#breadcrumb\",\"itemListElement\":[{\"@type\":\"ListItem\",\"position\":1,\"name\":\"Home\",\"item\":\"https:\\\/\\\/www.bellunopress.it\\\/\"},{\"@type\":\"ListItem\",\"position\":2,\"name\":\"Laboratorio di pratiche filosofiche per tutti. Ogni luned\u00ec di settembre e ottobre a Belluno\"}]},{\"@type\":\"WebSite\",\"@id\":\"https:\\\/\\\/www.bellunopress.it\\\/#website\",\"url\":\"https:\\\/\\\/www.bellunopress.it\\\/\",\"name\":\"Bellunopress - Dolomiti\",\"description\":\"e-mail: redazione@bellunopress.it\",\"publisher\":{\"@id\":\"https:\\\/\\\/www.bellunopress.it\\\/#organization\"},\"potentialAction\":[{\"@type\":\"SearchAction\",\"target\":{\"@type\":\"EntryPoint\",\"urlTemplate\":\"https:\\\/\\\/www.bellunopress.it\\\/?s={search_term_string}\"},\"query-input\":{\"@type\":\"PropertyValueSpecification\",\"valueRequired\":true,\"valueName\":\"search_term_string\"}}],\"inLanguage\":\"fr-FR\"},{\"@type\":\"Organization\",\"@id\":\"https:\\\/\\\/www.bellunopress.it\\\/#organization\",\"name\":\"Bellunopress\",\"url\":\"https:\\\/\\\/www.bellunopress.it\\\/\",\"logo\":{\"@type\":\"ImageObject\",\"inLanguage\":\"fr-FR\",\"@id\":\"https:\\\/\\\/www.bellunopress.it\\\/#\\\/schema\\\/logo\\\/image\\\/\",\"url\":\"https:\\\/\\\/www.bellunopress.it\\\/wp-content\\\/uploads\\\/2011\\\/05\\\/cropped-logo-bellunopress-.jpg\",\"contentUrl\":\"https:\\\/\\\/www.bellunopress.it\\\/wp-content\\\/uploads\\\/2011\\\/05\\\/cropped-logo-bellunopress-.jpg\",\"width\":512,\"height\":512,\"caption\":\"Bellunopress\"},\"image\":{\"@id\":\"https:\\\/\\\/www.bellunopress.it\\\/#\\\/schema\\\/logo\\\/image\\\/\"},\"sameAs\":[\"https:\\\/\\\/www.facebook.com\\\/profile.php?id=100008943462799\",\"https:\\\/\\\/x.com\\\/bellunopress\",\"https:\\\/\\\/www.linkedin.com\\\/hp\\\/?dnr=JBzUWaJfMUw8vbXJJ2tVW5-I3jZKvC4wsoxE&amp;amp;amp;amp;amp;amp;trk=nav_responsive_tab_home\",\"https:\\\/\\\/www.youtube.com\\\/channel\\\/UCxL0wu1uN0_3_7hGG0306cw\"]},{\"@type\":\"Person\",\"@id\":\"https:\\\/\\\/www.bellunopress.it\\\/#\\\/schema\\\/person\\\/79bb06722b37ece1c03d3e94beb30d73\",\"name\":\"redazione\",\"image\":{\"@type\":\"ImageObject\",\"inLanguage\":\"fr-FR\",\"@id\":\"https:\\\/\\\/secure.gravatar.com\\\/avatar\\\/37d968a2e67a6fd04c169c4bdef102d0bc5d31b2546345219e348575eb80e9a0?s=96&d=mm&r=g\",\"url\":\"https:\\\/\\\/secure.gravatar.com\\\/avatar\\\/37d968a2e67a6fd04c169c4bdef102d0bc5d31b2546345219e348575eb80e9a0?s=96&d=mm&r=g\",\"contentUrl\":\"https:\\\/\\\/secure.gravatar.com\\\/avatar\\\/37d968a2e67a6fd04c169c4bdef102d0bc5d31b2546345219e348575eb80e9a0?s=96&d=mm&r=g\",\"caption\":\"redazione\"},\"sameAs\":[\"http:\\\/\\\/www.bellunopress.it\",\"https:\\\/\\\/x.com\\\/bellunopress\"],\"url\":\"https:\\\/\\\/www.bellunopress.it\\\/fr\\\/author\\\/redazione\\\/\"}]}<\/script>\n<!-- \/ Yoast SEO plugin. -->","yoast_head_json":{"title":"Laboratorio di pratiche filosofiche per tutti. Ogni luned\u00ec di settembre e ottobre a Belluno - Bellunopress - Dolomiti","robots":{"index":"index","follow":"follow","max-snippet":"max-snippet:-1","max-image-preview":"max-image-preview:large","max-video-preview":"max-video-preview:-1"},"canonical":"https:\/\/www.bellunopress.it\/fr\/2023\/08\/24\/laboratorio-di-pratiche-filosofiche-per-tutti-ogni-lunedi-di-settembre-e-ottobre-a-belluno\/","og_locale":"fr_FR","og_type":"article","og_title":"Laboratorio di pratiche filosofiche per tutti. Ogni luned\u00ec di settembre e ottobre a Belluno - Bellunopress - Dolomiti","og_description":"\u201cLa filosofia nasce grande: l\u2019aurora del pensiero greco in Occidente prima di Platone\u201d 5 incontri con Francesco Dematt\u00e8 (gi\u00e0 docente di storia e filosofia nei Licei e consulente filosofico) ogni luned\u00ec del mese dal 18 settembre al 16 ottobre 2023, dalle ore 18.00 alle ore 19.00 circa (18-25 settembre, 2-9-16 ottobre) Un approccio alla filosofia [&hellip;]","og_url":"https:\/\/www.bellunopress.it\/fr\/2023\/08\/24\/laboratorio-di-pratiche-filosofiche-per-tutti-ogni-lunedi-di-settembre-e-ottobre-a-belluno\/","og_site_name":"Bellunopress - Dolomiti","article_publisher":"https:\/\/www.facebook.com\/profile.php?id=100008943462799","article_published_time":"2023-08-24T06:51:02+00:00","og_image":[{"width":800,"height":533,"url":"https:\/\/www.bellunopress.it\/wp-content\/uploads\/2021\/07\/piazzetta-borgo-piave_edited.jpg","type":"image\/jpeg"}],"author":"redazione","twitter_card":"summary_large_image","twitter_creator":"@bellunopress","twitter_site":"@bellunopress","twitter_misc":{"\u00c9crit par":"redazione","Dur\u00e9e de lecture estim\u00e9e":"1 minute"},"schema":{"@context":"https:\/\/schema.org","@graph":[{"@type":"Article","@id":"https:\/\/www.bellunopress.it\/2023\/08\/24\/laboratorio-di-pratiche-filosofiche-per-tutti-ogni-lunedi-di-settembre-e-ottobre-a-belluno\/#article","isPartOf":{"@id":"https:\/\/www.bellunopress.it\/2023\/08\/24\/laboratorio-di-pratiche-filosofiche-per-tutti-ogni-lunedi-di-settembre-e-ottobre-a-belluno\/"},"author":{"name":"redazione","@id":"https:\/\/www.bellunopress.it\/#\/schema\/person\/79bb06722b37ece1c03d3e94beb30d73"},"headline":"Laboratorio di pratiche filosofiche per tutti. Ogni luned\u00ec di settembre e ottobre a Belluno","datePublished":"2023-08-24T06:51:02+00:00","mainEntityOfPage":{"@id":"https:\/\/www.bellunopress.it\/2023\/08\/24\/laboratorio-di-pratiche-filosofiche-per-tutti-ogni-lunedi-di-settembre-e-ottobre-a-belluno\/"},"wordCount":213,"publisher":{"@id":"https:\/\/www.bellunopress.it\/#organization"},"image":{"@id":"https:\/\/www.bellunopress.it\/2023\/08\/24\/laboratorio-di-pratiche-filosofiche-per-tutti-ogni-lunedi-di-settembre-e-ottobre-a-belluno\/#primaryimage"},"thumbnailUrl":"https:\/\/www.bellunopress.it\/wp-content\/uploads\/2021\/07\/piazzetta-borgo-piave_edited.jpg","articleSection":["Appuntamenti, Eventi","Pausa Caff\u00e8"],"inLanguage":"fr-FR"},{"@type":"WebPage","@id":"https:\/\/www.bellunopress.it\/2023\/08\/24\/laboratorio-di-pratiche-filosofiche-per-tutti-ogni-lunedi-di-settembre-e-ottobre-a-belluno\/","url":"https:\/\/www.bellunopress.it\/2023\/08\/24\/laboratorio-di-pratiche-filosofiche-per-tutti-ogni-lunedi-di-settembre-e-ottobre-a-belluno\/","name":"Laboratorio di pratiche filosofiche per tutti. Ogni luned\u00ec di settembre e ottobre a Belluno - Bellunopress - Dolomiti","isPartOf":{"@id":"https:\/\/www.bellunopress.it\/#website"},"primaryImageOfPage":{"@id":"https:\/\/www.bellunopress.it\/2023\/08\/24\/laboratorio-di-pratiche-filosofiche-per-tutti-ogni-lunedi-di-settembre-e-ottobre-a-belluno\/#primaryimage"},"image":{"@id":"https:\/\/www.bellunopress.it\/2023\/08\/24\/laboratorio-di-pratiche-filosofiche-per-tutti-ogni-lunedi-di-settembre-e-ottobre-a-belluno\/#primaryimage"},"thumbnailUrl":"https:\/\/www.bellunopress.it\/wp-content\/uploads\/2021\/07\/piazzetta-borgo-piave_edited.jpg","datePublished":"2023-08-24T06:51:02+00:00","breadcrumb":{"@id":"https:\/\/www.bellunopress.it\/2023\/08\/24\/laboratorio-di-pratiche-filosofiche-per-tutti-ogni-lunedi-di-settembre-e-ottobre-a-belluno\/#breadcrumb"},"inLanguage":"fr-FR","potentialAction":[{"@type":"ReadAction","target":["https:\/\/www.bellunopress.it\/2023\/08\/24\/laboratorio-di-pratiche-filosofiche-per-tutti-ogni-lunedi-di-settembre-e-ottobre-a-belluno\/"]}]},{"@type":"ImageObject","inLanguage":"fr-FR","@id":"https:\/\/www.bellunopress.it\/2023\/08\/24\/laboratorio-di-pratiche-filosofiche-per-tutti-ogni-lunedi-di-settembre-e-ottobre-a-belluno\/#primaryimage","url":"https:\/\/www.bellunopress.it\/wp-content\/uploads\/2021\/07\/piazzetta-borgo-piave_edited.jpg","contentUrl":"https:\/\/www.bellunopress.it\/wp-content\/uploads\/2021\/07\/piazzetta-borgo-piave_edited.jpg","width":800,"height":533,"caption":"Piazzetta di Borgo Piave - Belluno"},{"@type":"BreadcrumbList","@id":"https:\/\/www.bellunopress.it\/2023\/08\/24\/laboratorio-di-pratiche-filosofiche-per-tutti-ogni-lunedi-di-settembre-e-ottobre-a-belluno\/#breadcrumb","itemListElement":[{"@type":"ListItem","position":1,"name":"Home","item":"https:\/\/www.bellunopress.it\/"},{"@type":"ListItem","position":2,"name":"Laboratorio di pratiche filosofiche per tutti. Ogni luned\u00ec di settembre e ottobre a Belluno"}]},{"@type":"WebSite","@id":"https:\/\/www.bellunopress.it\/#website","url":"https:\/\/www.bellunopress.it\/","name":"Bellunopress - Dolomiti","description":"e-mail: redazione@bellunopress.it","publisher":{"@id":"https:\/\/www.bellunopress.it\/#organization"},"potentialAction":[{"@type":"SearchAction","target":{"@type":"EntryPoint","urlTemplate":"https:\/\/www.bellunopress.it\/?s={search_term_string}"},"query-input":{"@type":"PropertyValueSpecification","valueRequired":true,"valueName":"search_term_string"}}],"inLanguage":"fr-FR"},{"@type":"Organization","@id":"https:\/\/www.bellunopress.it\/#organization","name":"Bellunopress","url":"https:\/\/www.bellunopress.it\/","logo":{"@type":"ImageObject","inLanguage":"fr-FR","@id":"https:\/\/www.bellunopress.it\/#\/schema\/logo\/image\/","url":"https:\/\/www.bellunopress.it\/wp-content\/uploads\/2011\/05\/cropped-logo-bellunopress-.jpg","contentUrl":"https:\/\/www.bellunopress.it\/wp-content\/uploads\/2011\/05\/cropped-logo-bellunopress-.jpg","width":512,"height":512,"caption":"Bellunopress"},"image":{"@id":"https:\/\/www.bellunopress.it\/#\/schema\/logo\/image\/"},"sameAs":["https:\/\/www.facebook.com\/profile.php?id=100008943462799","https:\/\/x.com\/bellunopress","https:\/\/www.linkedin.com\/hp\/?dnr=JBzUWaJfMUw8vbXJJ2tVW5-I3jZKvC4wsoxE&amp;amp;amp;amp;amp;amp;trk=nav_responsive_tab_home","https:\/\/www.youtube.com\/channel\/UCxL0wu1uN0_3_7hGG0306cw"]},{"@type":"Person","@id":"https:\/\/www.bellunopress.it\/#\/schema\/person\/79bb06722b37ece1c03d3e94beb30d73","name":"r\u00e9daction","image":{"@type":"ImageObject","inLanguage":"fr-FR","@id":"https:\/\/secure.gravatar.com\/avatar\/37d968a2e67a6fd04c169c4bdef102d0bc5d31b2546345219e348575eb80e9a0?s=96&d=mm&r=g","url":"https:\/\/secure.gravatar.com\/avatar\/37d968a2e67a6fd04c169c4bdef102d0bc5d31b2546345219e348575eb80e9a0?s=96&d=mm&r=g","contentUrl":"https:\/\/secure.gravatar.com\/avatar\/37d968a2e67a6fd04c169c4bdef102d0bc5d31b2546345219e348575eb80e9a0?s=96&d=mm&r=g","caption":"redazione"},"sameAs":["http:\/\/www.bellunopress.it","https:\/\/x.com\/bellunopress"],"url":"https:\/\/www.bellunopress.it\/fr\/author\/redazione\/"}]}},"_links":{"self":[{"href":"https:\/\/www.bellunopress.it\/fr\/wp-json\/wp\/v2\/posts\/143670","targetHints":{"allow":["GET"]}}],"collection":[{"href":"https:\/\/www.bellunopress.it\/fr\/wp-json\/wp\/v2\/posts"}],"about":[{"href":"https:\/\/www.bellunopress.it\/fr\/wp-json\/wp\/v2\/types\/post"}],"author":[{"embeddable":true,"href":"https:\/\/www.bellunopress.it\/fr\/wp-json\/wp\/v2\/users\/2"}],"replies":[{"embeddable":true,"href":"https:\/\/www.bellunopress.it\/fr\/wp-json\/wp\/v2\/comments?post=143670"}],"version-history":[{"count":1,"href":"https:\/\/www.bellunopress.it\/fr\/wp-json\/wp\/v2\/posts\/143670\/revisions"}],"predecessor-version":[{"id":143671,"href":"https:\/\/www.bellunopress.it\/fr\/wp-json\/wp\/v2\/posts\/143670\/revisions\/143671"}],"wp:featuredmedia":[{"embeddable":true,"href":"https:\/\/www.bellunopress.it\/fr\/wp-json\/wp\/v2\/media\/126326"}],"wp:attachment":[{"href":"https:\/\/www.bellunopress.it\/fr\/wp-json\/wp\/v2\/media?parent=143670"}],"wp:term":[{"taxonomy":"category","embeddable":true,"href":"https:\/\/www.bellunopress.it\/fr\/wp-json\/wp\/v2\/categories?post=143670"},{"taxonomy":"post_tag","embeddable":true,"href":"https:\/\/www.bellunopress.it\/fr\/wp-json\/wp\/v2\/tags?post=143670"}],"curies":[{"name":"wp","href":"https:\/\/api.w.org\/{rel}","templated":true}]}}