{"id":143667,"date":"2023-08-23T19:29:13","date_gmt":"2023-08-23T17:29:13","guid":{"rendered":"https:\/\/www.bellunopress.it\/?p=143667"},"modified":"2023-08-23T19:29:13","modified_gmt":"2023-08-23T17:29:13","slug":"premio-nobel-al-professor-rinaldo-per-le-ricerche-sullacqua-le-congratulazioni-del-presidente-zaia","status":"publish","type":"post","link":"https:\/\/www.bellunopress.it\/fr\/2023\/08\/23\/premio-nobel-al-professor-rinaldo-per-le-ricerche-sullacqua-le-congratulazioni-del-presidente-zaia\/","title":{"rendered":"Premio Nobel al professor Rinaldo per le ricerche sull&#8217;acqua. Le congratulazioni del presidente Zaia"},"content":{"rendered":"<p><img loading=\"lazy\" decoding=\"async\" class=\"alignleft  wp-image-143668\" src=\"https:\/\/www.bellunopress.it\/wp-content\/uploads\/2023\/08\/premio-nobel_edited.jpg\" alt=\"\" width=\"357\" height=\"311\" srcset=\"https:\/\/www.bellunopress.it\/wp-content\/uploads\/2023\/08\/premio-nobel_edited.jpg 629w, https:\/\/www.bellunopress.it\/wp-content\/uploads\/2023\/08\/premio-nobel_edited-500x436.jpg 500w, https:\/\/www.bellunopress.it\/wp-content\/uploads\/2023\/08\/premio-nobel_edited-482x420.jpg 482w\" sizes=\"auto, (max-width: 357px) 100vw, 357px\" \/>Venezia 23 agosto 2023 &#8211; \u201cQuesto riconoscimento internazionale al professor Andrea Rinaldo ci rende tutti orgogliosi e conferma, nuovamente, come il capitale umano sia parte integrante della ricchezza della nostra terra. Il \u2018Nobel dell\u2019acqua\u2019 a uno scienziato veneto dimostra la levatura del Prof. Rinaldo e dell\u2019Ateneo padovano, impegnati nel dare risposte a sfide cruciali per la nostra societ\u00e0, legate alle tematiche dell\u2019ambiente e delle risorse idriche. Al professor Rinaldo esprimo le pi\u00f9 vive congratulazioni e il plauso per questo premio che suggella il suo percorso di studi e di ricerche. Un riconoscimento che non va solo allo \u2018scienziato\u2019, ma anche all\u2019 \u2018uomo\u2019: la storia personale di Andrea Rinaldo, il suo impegno nel mondo sociale e dello sport, qualificano ulteriormente la sua figura\u201d.<\/p>\n<p>Lo dice il Presidente della Regione del Veneto, Luca Zaia, congratulandosi nuovamente con il professore dell\u2019universit\u00e0 di Padova, che ha ricevuto oggi il premio per mano di re Carlo XVI Gustavo di Svezia. Il \u2018Nobel per l\u2019Acqua\u2019 viene assegnato annualmente dallo Stockholm International Water Institute (SIWI) in collaborazione con l&#8217;Accademia reale svedese a persone e organizzazioni che raggiungono risultati straordinari legati alle ricerche sull&#8217;acqua.<\/p>\n<p>\u201cL\u2019acqua \u00e8 oggi un elemento che impatta sulla societ\u00e0 e sull\u2019economia, mutando con grande rapidit\u00e0 contesti e situazioni. Giusto un anno fa stavamo combattendo contro la siccit\u00e0 e abbiamo tutti toccato con mano la devastazione che pu\u00f2 provocare, specialmente in una regione in cui l\u2019agricoltura rappresenta una quota importante del Pil \u2013 prosegue il Governatore del Veneto -. Come pure abbiamo recentemente affrontato problemi opposti, con le ondate di piena e gli allagamenti. Ecco che le ricerche e gli studi internazionali del professor Rinaldo rappresentano un valore aggiunto per la nostra terra, per una gestione sempre pi\u00f9 sostenibile e sicura dell\u2019acqua\u201d.<\/p>","protected":false},"excerpt":{"rendered":"<p>Venezia 23 agosto 2023 &#8211; \u201cQuesto riconoscimento internazionale al professor Andrea Rinaldo ci rende tutti orgogliosi e conferma, nuovamente, come il capitale umano sia parte integrante della ricchezza della nostra terra. Il \u2018Nobel dell\u2019acqua\u2019 a uno scienziato veneto dimostra la levatura del Prof. Rinaldo e dell\u2019Ateneo padovano, impegnati nel dare risposte a sfide cruciali per [&hellip;]<\/p>\n","protected":false},"author":2,"featured_media":143668,"comment_status":"closed","ping_status":"open","sticky":false,"template":"","format":"standard","meta":{"footnotes":""},"categories":[26,8],"tags":[],"class_list":["post-143667","post","type-post","status-publish","format-standard","has-post-thumbnail","category-prima-pagina","category-societa-istituzioni"],"yoast_head":"<!-- This site is optimized with the Yoast SEO plugin v28.4 - https:\/\/yoast.com\/product\/yoast-seo-wordpress\/ -->\n<title>Premio Nobel al professor Rinaldo per le ricerche sull&#039;acqua. Le congratulazioni del presidente Zaia - Bellunopress - Dolomiti<\/title>\n<meta name=\"robots\" content=\"index, follow, max-snippet:-1, max-image-preview:large, max-video-preview:-1\" \/>\n<link rel=\"canonical\" href=\"https:\/\/www.bellunopress.it\/fr\/2023\/08\/23\/premio-nobel-al-professor-rinaldo-per-le-ricerche-sullacqua-le-congratulazioni-del-presidente-zaia\/\" \/>\n<meta property=\"og:locale\" content=\"fr_FR\" \/>\n<meta property=\"og:type\" content=\"article\" \/>\n<meta property=\"og:title\" content=\"Premio Nobel al professor Rinaldo per le ricerche sull&#039;acqua. Le congratulazioni del presidente Zaia - Bellunopress - Dolomiti\" \/>\n<meta property=\"og:description\" content=\"Venezia 23 agosto 2023 &#8211; \u201cQuesto riconoscimento internazionale al professor Andrea Rinaldo ci rende tutti orgogliosi e conferma, nuovamente, come il capitale umano sia parte integrante della ricchezza della nostra terra. Il \u2018Nobel dell\u2019acqua\u2019 a uno scienziato veneto dimostra la levatura del Prof. Rinaldo e dell\u2019Ateneo padovano, impegnati nel dare risposte a sfide cruciali per [&hellip;]\" \/>\n<meta property=\"og:url\" content=\"https:\/\/www.bellunopress.it\/fr\/2023\/08\/23\/premio-nobel-al-professor-rinaldo-per-le-ricerche-sullacqua-le-congratulazioni-del-presidente-zaia\/\" \/>\n<meta property=\"og:site_name\" content=\"Bellunopress - Dolomiti\" \/>\n<meta property=\"article:publisher\" content=\"https:\/\/www.facebook.com\/profile.php?id=100008943462799\" \/>\n<meta property=\"article:published_time\" content=\"2023-08-23T17:29:13+00:00\" \/>\n<meta property=\"og:image\" content=\"https:\/\/www.bellunopress.it\/wp-content\/uploads\/2023\/08\/premio-nobel_edited.jpg\" \/>\n\t<meta property=\"og:image:width\" content=\"629\" \/>\n\t<meta property=\"og:image:height\" content=\"548\" \/>\n\t<meta property=\"og:image:type\" content=\"image\/jpeg\" \/>\n<meta name=\"author\" content=\"redazione\" \/>\n<meta name=\"twitter:card\" content=\"summary_large_image\" \/>\n<meta name=\"twitter:creator\" content=\"@bellunopress\" \/>\n<meta name=\"twitter:site\" content=\"@bellunopress\" \/>\n<meta name=\"twitter:label1\" content=\"\u00c9crit par\" \/>\n\t<meta name=\"twitter:data1\" content=\"redazione\" \/>\n\t<meta name=\"twitter:label2\" content=\"Dur\u00e9e de lecture estim\u00e9e\" \/>\n\t<meta name=\"twitter:data2\" content=\"1 minute\" \/>\n<script type=\"application\/ld+json\" class=\"yoast-schema-graph\">{\"@context\":\"https:\\\/\\\/schema.org\",\"@graph\":[{\"@type\":\"Article\",\"@id\":\"https:\\\/\\\/www.bellunopress.it\\\/2023\\\/08\\\/23\\\/premio-nobel-al-professor-rinaldo-per-le-ricerche-sullacqua-le-congratulazioni-del-presidente-zaia\\\/#article\",\"isPartOf\":{\"@id\":\"https:\\\/\\\/www.bellunopress.it\\\/2023\\\/08\\\/23\\\/premio-nobel-al-professor-rinaldo-per-le-ricerche-sullacqua-le-congratulazioni-del-presidente-zaia\\\/\"},\"author\":{\"name\":\"redazione\",\"@id\":\"https:\\\/\\\/www.bellunopress.it\\\/#\\\/schema\\\/person\\\/79bb06722b37ece1c03d3e94beb30d73\"},\"headline\":\"Premio Nobel al professor Rinaldo per le ricerche sull&#8217;acqua. Le congratulazioni del presidente Zaia\",\"datePublished\":\"2023-08-23T17:29:13+00:00\",\"mainEntityOfPage\":{\"@id\":\"https:\\\/\\\/www.bellunopress.it\\\/2023\\\/08\\\/23\\\/premio-nobel-al-professor-rinaldo-per-le-ricerche-sullacqua-le-congratulazioni-del-presidente-zaia\\\/\"},\"wordCount\":309,\"publisher\":{\"@id\":\"https:\\\/\\\/www.bellunopress.it\\\/#organization\"},\"image\":{\"@id\":\"https:\\\/\\\/www.bellunopress.it\\\/2023\\\/08\\\/23\\\/premio-nobel-al-professor-rinaldo-per-le-ricerche-sullacqua-le-congratulazioni-del-presidente-zaia\\\/#primaryimage\"},\"thumbnailUrl\":\"https:\\\/\\\/www.bellunopress.it\\\/wp-content\\\/uploads\\\/2023\\\/08\\\/premio-nobel_edited.jpg\",\"articleSection\":[\"Prima Pagina\",\"Societ\u00e0, Associazioni, Istituzioni\"],\"inLanguage\":\"fr-FR\"},{\"@type\":\"WebPage\",\"@id\":\"https:\\\/\\\/www.bellunopress.it\\\/2023\\\/08\\\/23\\\/premio-nobel-al-professor-rinaldo-per-le-ricerche-sullacqua-le-congratulazioni-del-presidente-zaia\\\/\",\"url\":\"https:\\\/\\\/www.bellunopress.it\\\/2023\\\/08\\\/23\\\/premio-nobel-al-professor-rinaldo-per-le-ricerche-sullacqua-le-congratulazioni-del-presidente-zaia\\\/\",\"name\":\"Premio Nobel al professor Rinaldo per le ricerche sull'acqua. Le congratulazioni del presidente Zaia - Bellunopress - Dolomiti\",\"isPartOf\":{\"@id\":\"https:\\\/\\\/www.bellunopress.it\\\/#website\"},\"primaryImageOfPage\":{\"@id\":\"https:\\\/\\\/www.bellunopress.it\\\/2023\\\/08\\\/23\\\/premio-nobel-al-professor-rinaldo-per-le-ricerche-sullacqua-le-congratulazioni-del-presidente-zaia\\\/#primaryimage\"},\"image\":{\"@id\":\"https:\\\/\\\/www.bellunopress.it\\\/2023\\\/08\\\/23\\\/premio-nobel-al-professor-rinaldo-per-le-ricerche-sullacqua-le-congratulazioni-del-presidente-zaia\\\/#primaryimage\"},\"thumbnailUrl\":\"https:\\\/\\\/www.bellunopress.it\\\/wp-content\\\/uploads\\\/2023\\\/08\\\/premio-nobel_edited.jpg\",\"datePublished\":\"2023-08-23T17:29:13+00:00\",\"breadcrumb\":{\"@id\":\"https:\\\/\\\/www.bellunopress.it\\\/2023\\\/08\\\/23\\\/premio-nobel-al-professor-rinaldo-per-le-ricerche-sullacqua-le-congratulazioni-del-presidente-zaia\\\/#breadcrumb\"},\"inLanguage\":\"fr-FR\",\"potentialAction\":[{\"@type\":\"ReadAction\",\"target\":[\"https:\\\/\\\/www.bellunopress.it\\\/2023\\\/08\\\/23\\\/premio-nobel-al-professor-rinaldo-per-le-ricerche-sullacqua-le-congratulazioni-del-presidente-zaia\\\/\"]}]},{\"@type\":\"ImageObject\",\"inLanguage\":\"fr-FR\",\"@id\":\"https:\\\/\\\/www.bellunopress.it\\\/2023\\\/08\\\/23\\\/premio-nobel-al-professor-rinaldo-per-le-ricerche-sullacqua-le-congratulazioni-del-presidente-zaia\\\/#primaryimage\",\"url\":\"https:\\\/\\\/www.bellunopress.it\\\/wp-content\\\/uploads\\\/2023\\\/08\\\/premio-nobel_edited.jpg\",\"contentUrl\":\"https:\\\/\\\/www.bellunopress.it\\\/wp-content\\\/uploads\\\/2023\\\/08\\\/premio-nobel_edited.jpg\",\"width\":629,\"height\":548},{\"@type\":\"BreadcrumbList\",\"@id\":\"https:\\\/\\\/www.bellunopress.it\\\/2023\\\/08\\\/23\\\/premio-nobel-al-professor-rinaldo-per-le-ricerche-sullacqua-le-congratulazioni-del-presidente-zaia\\\/#breadcrumb\",\"itemListElement\":[{\"@type\":\"ListItem\",\"position\":1,\"name\":\"Home\",\"item\":\"https:\\\/\\\/www.bellunopress.it\\\/\"},{\"@type\":\"ListItem\",\"position\":2,\"name\":\"Premio Nobel al professor Rinaldo per le ricerche sull&#8217;acqua. Le congratulazioni del presidente Zaia\"}]},{\"@type\":\"WebSite\",\"@id\":\"https:\\\/\\\/www.bellunopress.it\\\/#website\",\"url\":\"https:\\\/\\\/www.bellunopress.it\\\/\",\"name\":\"Bellunopress - Dolomiti\",\"description\":\"e-mail: redazione@bellunopress.it\",\"publisher\":{\"@id\":\"https:\\\/\\\/www.bellunopress.it\\\/#organization\"},\"potentialAction\":[{\"@type\":\"SearchAction\",\"target\":{\"@type\":\"EntryPoint\",\"urlTemplate\":\"https:\\\/\\\/www.bellunopress.it\\\/?s={search_term_string}\"},\"query-input\":{\"@type\":\"PropertyValueSpecification\",\"valueRequired\":true,\"valueName\":\"search_term_string\"}}],\"inLanguage\":\"fr-FR\"},{\"@type\":\"Organization\",\"@id\":\"https:\\\/\\\/www.bellunopress.it\\\/#organization\",\"name\":\"Bellunopress\",\"url\":\"https:\\\/\\\/www.bellunopress.it\\\/\",\"logo\":{\"@type\":\"ImageObject\",\"inLanguage\":\"fr-FR\",\"@id\":\"https:\\\/\\\/www.bellunopress.it\\\/#\\\/schema\\\/logo\\\/image\\\/\",\"url\":\"https:\\\/\\\/www.bellunopress.it\\\/wp-content\\\/uploads\\\/2011\\\/05\\\/cropped-logo-bellunopress-.jpg\",\"contentUrl\":\"https:\\\/\\\/www.bellunopress.it\\\/wp-content\\\/uploads\\\/2011\\\/05\\\/cropped-logo-bellunopress-.jpg\",\"width\":512,\"height\":512,\"caption\":\"Bellunopress\"},\"image\":{\"@id\":\"https:\\\/\\\/www.bellunopress.it\\\/#\\\/schema\\\/logo\\\/image\\\/\"},\"sameAs\":[\"https:\\\/\\\/www.facebook.com\\\/profile.php?id=100008943462799\",\"https:\\\/\\\/x.com\\\/bellunopress\",\"https:\\\/\\\/www.linkedin.com\\\/hp\\\/?dnr=JBzUWaJfMUw8vbXJJ2tVW5-I3jZKvC4wsoxE&amp;amp;amp;amp;amp;amp;trk=nav_responsive_tab_home\",\"https:\\\/\\\/www.youtube.com\\\/channel\\\/UCxL0wu1uN0_3_7hGG0306cw\"]},{\"@type\":\"Person\",\"@id\":\"https:\\\/\\\/www.bellunopress.it\\\/#\\\/schema\\\/person\\\/79bb06722b37ece1c03d3e94beb30d73\",\"name\":\"redazione\",\"image\":{\"@type\":\"ImageObject\",\"inLanguage\":\"fr-FR\",\"@id\":\"https:\\\/\\\/secure.gravatar.com\\\/avatar\\\/37d968a2e67a6fd04c169c4bdef102d0bc5d31b2546345219e348575eb80e9a0?s=96&d=mm&r=g\",\"url\":\"https:\\\/\\\/secure.gravatar.com\\\/avatar\\\/37d968a2e67a6fd04c169c4bdef102d0bc5d31b2546345219e348575eb80e9a0?s=96&d=mm&r=g\",\"contentUrl\":\"https:\\\/\\\/secure.gravatar.com\\\/avatar\\\/37d968a2e67a6fd04c169c4bdef102d0bc5d31b2546345219e348575eb80e9a0?s=96&d=mm&r=g\",\"caption\":\"redazione\"},\"sameAs\":[\"http:\\\/\\\/www.bellunopress.it\",\"https:\\\/\\\/x.com\\\/bellunopress\"],\"url\":\"https:\\\/\\\/www.bellunopress.it\\\/fr\\\/author\\\/redazione\\\/\"}]}<\/script>\n<!-- \/ Yoast SEO plugin. -->","yoast_head_json":{"title":"Premio Nobel al professor Rinaldo per le ricerche sull'acqua. Le congratulazioni del presidente Zaia - Bellunopress - Dolomiti","robots":{"index":"index","follow":"follow","max-snippet":"max-snippet:-1","max-image-preview":"max-image-preview:large","max-video-preview":"max-video-preview:-1"},"canonical":"https:\/\/www.bellunopress.it\/fr\/2023\/08\/23\/premio-nobel-al-professor-rinaldo-per-le-ricerche-sullacqua-le-congratulazioni-del-presidente-zaia\/","og_locale":"fr_FR","og_type":"article","og_title":"Premio Nobel al professor Rinaldo per le ricerche sull'acqua. Le congratulazioni del presidente Zaia - Bellunopress - Dolomiti","og_description":"Venezia 23 agosto 2023 &#8211; \u201cQuesto riconoscimento internazionale al professor Andrea Rinaldo ci rende tutti orgogliosi e conferma, nuovamente, come il capitale umano sia parte integrante della ricchezza della nostra terra. Il \u2018Nobel dell\u2019acqua\u2019 a uno scienziato veneto dimostra la levatura del Prof. Rinaldo e dell\u2019Ateneo padovano, impegnati nel dare risposte a sfide cruciali per [&hellip;]","og_url":"https:\/\/www.bellunopress.it\/fr\/2023\/08\/23\/premio-nobel-al-professor-rinaldo-per-le-ricerche-sullacqua-le-congratulazioni-del-presidente-zaia\/","og_site_name":"Bellunopress - Dolomiti","article_publisher":"https:\/\/www.facebook.com\/profile.php?id=100008943462799","article_published_time":"2023-08-23T17:29:13+00:00","og_image":[{"width":629,"height":548,"url":"https:\/\/www.bellunopress.it\/wp-content\/uploads\/2023\/08\/premio-nobel_edited.jpg","type":"image\/jpeg"}],"author":"redazione","twitter_card":"summary_large_image","twitter_creator":"@bellunopress","twitter_site":"@bellunopress","twitter_misc":{"\u00c9crit par":"redazione","Dur\u00e9e de lecture estim\u00e9e":"1 minute"},"schema":{"@context":"https:\/\/schema.org","@graph":[{"@type":"Article","@id":"https:\/\/www.bellunopress.it\/2023\/08\/23\/premio-nobel-al-professor-rinaldo-per-le-ricerche-sullacqua-le-congratulazioni-del-presidente-zaia\/#article","isPartOf":{"@id":"https:\/\/www.bellunopress.it\/2023\/08\/23\/premio-nobel-al-professor-rinaldo-per-le-ricerche-sullacqua-le-congratulazioni-del-presidente-zaia\/"},"author":{"name":"redazione","@id":"https:\/\/www.bellunopress.it\/#\/schema\/person\/79bb06722b37ece1c03d3e94beb30d73"},"headline":"Premio Nobel al professor Rinaldo per le ricerche sull&#8217;acqua. Le congratulazioni del presidente Zaia","datePublished":"2023-08-23T17:29:13+00:00","mainEntityOfPage":{"@id":"https:\/\/www.bellunopress.it\/2023\/08\/23\/premio-nobel-al-professor-rinaldo-per-le-ricerche-sullacqua-le-congratulazioni-del-presidente-zaia\/"},"wordCount":309,"publisher":{"@id":"https:\/\/www.bellunopress.it\/#organization"},"image":{"@id":"https:\/\/www.bellunopress.it\/2023\/08\/23\/premio-nobel-al-professor-rinaldo-per-le-ricerche-sullacqua-le-congratulazioni-del-presidente-zaia\/#primaryimage"},"thumbnailUrl":"https:\/\/www.bellunopress.it\/wp-content\/uploads\/2023\/08\/premio-nobel_edited.jpg","articleSection":["Prima Pagina","Societ\u00e0, Associazioni, Istituzioni"],"inLanguage":"fr-FR"},{"@type":"WebPage","@id":"https:\/\/www.bellunopress.it\/2023\/08\/23\/premio-nobel-al-professor-rinaldo-per-le-ricerche-sullacqua-le-congratulazioni-del-presidente-zaia\/","url":"https:\/\/www.bellunopress.it\/2023\/08\/23\/premio-nobel-al-professor-rinaldo-per-le-ricerche-sullacqua-le-congratulazioni-del-presidente-zaia\/","name":"Premio Nobel al professor Rinaldo per le ricerche sull'acqua. Le congratulazioni del presidente Zaia - Bellunopress - Dolomiti","isPartOf":{"@id":"https:\/\/www.bellunopress.it\/#website"},"primaryImageOfPage":{"@id":"https:\/\/www.bellunopress.it\/2023\/08\/23\/premio-nobel-al-professor-rinaldo-per-le-ricerche-sullacqua-le-congratulazioni-del-presidente-zaia\/#primaryimage"},"image":{"@id":"https:\/\/www.bellunopress.it\/2023\/08\/23\/premio-nobel-al-professor-rinaldo-per-le-ricerche-sullacqua-le-congratulazioni-del-presidente-zaia\/#primaryimage"},"thumbnailUrl":"https:\/\/www.bellunopress.it\/wp-content\/uploads\/2023\/08\/premio-nobel_edited.jpg","datePublished":"2023-08-23T17:29:13+00:00","breadcrumb":{"@id":"https:\/\/www.bellunopress.it\/2023\/08\/23\/premio-nobel-al-professor-rinaldo-per-le-ricerche-sullacqua-le-congratulazioni-del-presidente-zaia\/#breadcrumb"},"inLanguage":"fr-FR","potentialAction":[{"@type":"ReadAction","target":["https:\/\/www.bellunopress.it\/2023\/08\/23\/premio-nobel-al-professor-rinaldo-per-le-ricerche-sullacqua-le-congratulazioni-del-presidente-zaia\/"]}]},{"@type":"ImageObject","inLanguage":"fr-FR","@id":"https:\/\/www.bellunopress.it\/2023\/08\/23\/premio-nobel-al-professor-rinaldo-per-le-ricerche-sullacqua-le-congratulazioni-del-presidente-zaia\/#primaryimage","url":"https:\/\/www.bellunopress.it\/wp-content\/uploads\/2023\/08\/premio-nobel_edited.jpg","contentUrl":"https:\/\/www.bellunopress.it\/wp-content\/uploads\/2023\/08\/premio-nobel_edited.jpg","width":629,"height":548},{"@type":"BreadcrumbList","@id":"https:\/\/www.bellunopress.it\/2023\/08\/23\/premio-nobel-al-professor-rinaldo-per-le-ricerche-sullacqua-le-congratulazioni-del-presidente-zaia\/#breadcrumb","itemListElement":[{"@type":"ListItem","position":1,"name":"Home","item":"https:\/\/www.bellunopress.it\/"},{"@type":"ListItem","position":2,"name":"Premio Nobel al professor Rinaldo per le ricerche sull&#8217;acqua. Le congratulazioni del presidente Zaia"}]},{"@type":"WebSite","@id":"https:\/\/www.bellunopress.it\/#website","url":"https:\/\/www.bellunopress.it\/","name":"Bellunopress - Dolomiti","description":"e-mail: redazione@bellunopress.it","publisher":{"@id":"https:\/\/www.bellunopress.it\/#organization"},"potentialAction":[{"@type":"SearchAction","target":{"@type":"EntryPoint","urlTemplate":"https:\/\/www.bellunopress.it\/?s={search_term_string}"},"query-input":{"@type":"PropertyValueSpecification","valueRequired":true,"valueName":"search_term_string"}}],"inLanguage":"fr-FR"},{"@type":"Organization","@id":"https:\/\/www.bellunopress.it\/#organization","name":"Bellunopress","url":"https:\/\/www.bellunopress.it\/","logo":{"@type":"ImageObject","inLanguage":"fr-FR","@id":"https:\/\/www.bellunopress.it\/#\/schema\/logo\/image\/","url":"https:\/\/www.bellunopress.it\/wp-content\/uploads\/2011\/05\/cropped-logo-bellunopress-.jpg","contentUrl":"https:\/\/www.bellunopress.it\/wp-content\/uploads\/2011\/05\/cropped-logo-bellunopress-.jpg","width":512,"height":512,"caption":"Bellunopress"},"image":{"@id":"https:\/\/www.bellunopress.it\/#\/schema\/logo\/image\/"},"sameAs":["https:\/\/www.facebook.com\/profile.php?id=100008943462799","https:\/\/x.com\/bellunopress","https:\/\/www.linkedin.com\/hp\/?dnr=JBzUWaJfMUw8vbXJJ2tVW5-I3jZKvC4wsoxE&amp;amp;amp;amp;amp;amp;trk=nav_responsive_tab_home","https:\/\/www.youtube.com\/channel\/UCxL0wu1uN0_3_7hGG0306cw"]},{"@type":"Person","@id":"https:\/\/www.bellunopress.it\/#\/schema\/person\/79bb06722b37ece1c03d3e94beb30d73","name":"r\u00e9daction","image":{"@type":"ImageObject","inLanguage":"fr-FR","@id":"https:\/\/secure.gravatar.com\/avatar\/37d968a2e67a6fd04c169c4bdef102d0bc5d31b2546345219e348575eb80e9a0?s=96&d=mm&r=g","url":"https:\/\/secure.gravatar.com\/avatar\/37d968a2e67a6fd04c169c4bdef102d0bc5d31b2546345219e348575eb80e9a0?s=96&d=mm&r=g","contentUrl":"https:\/\/secure.gravatar.com\/avatar\/37d968a2e67a6fd04c169c4bdef102d0bc5d31b2546345219e348575eb80e9a0?s=96&d=mm&r=g","caption":"redazione"},"sameAs":["http:\/\/www.bellunopress.it","https:\/\/x.com\/bellunopress"],"url":"https:\/\/www.bellunopress.it\/fr\/author\/redazione\/"}]}},"_links":{"self":[{"href":"https:\/\/www.bellunopress.it\/fr\/wp-json\/wp\/v2\/posts\/143667","targetHints":{"allow":["GET"]}}],"collection":[{"href":"https:\/\/www.bellunopress.it\/fr\/wp-json\/wp\/v2\/posts"}],"about":[{"href":"https:\/\/www.bellunopress.it\/fr\/wp-json\/wp\/v2\/types\/post"}],"author":[{"embeddable":true,"href":"https:\/\/www.bellunopress.it\/fr\/wp-json\/wp\/v2\/users\/2"}],"replies":[{"embeddable":true,"href":"https:\/\/www.bellunopress.it\/fr\/wp-json\/wp\/v2\/comments?post=143667"}],"version-history":[{"count":1,"href":"https:\/\/www.bellunopress.it\/fr\/wp-json\/wp\/v2\/posts\/143667\/revisions"}],"predecessor-version":[{"id":143669,"href":"https:\/\/www.bellunopress.it\/fr\/wp-json\/wp\/v2\/posts\/143667\/revisions\/143669"}],"wp:featuredmedia":[{"embeddable":true,"href":"https:\/\/www.bellunopress.it\/fr\/wp-json\/wp\/v2\/media\/143668"}],"wp:attachment":[{"href":"https:\/\/www.bellunopress.it\/fr\/wp-json\/wp\/v2\/media?parent=143667"}],"wp:term":[{"taxonomy":"category","embeddable":true,"href":"https:\/\/www.bellunopress.it\/fr\/wp-json\/wp\/v2\/categories?post=143667"},{"taxonomy":"post_tag","embeddable":true,"href":"https:\/\/www.bellunopress.it\/fr\/wp-json\/wp\/v2\/tags?post=143667"}],"curies":[{"name":"wp","href":"https:\/\/api.w.org\/{rel}","templated":true}]}}