{"id":143664,"date":"2023-08-23T18:28:39","date_gmt":"2023-08-23T16:28:39","guid":{"rendered":"https:\/\/www.bellunopress.it\/?p=143664"},"modified":"2023-08-23T18:28:39","modified_gmt":"2023-08-23T16:28:39","slug":"basso-feltrino-fonzaso-borgo-valbelluna-attivato-il-servizio-di-infermiere-di-famiglia-e-di-comunita","status":"publish","type":"post","link":"https:\/\/www.bellunopress.it\/fr\/2023\/08\/23\/basso-feltrino-fonzaso-borgo-valbelluna-attivato-il-servizio-di-infermiere-di-famiglia-e-di-comunita\/","title":{"rendered":"Basso Feltrino, Fonzaso, Borgo Valbelluna. Attivato il servizio di Infermiere di famiglia e di comunit\u00e0"},"content":{"rendered":"<figure id=\"attachment_143665\" aria-describedby=\"caption-attachment-143665\" style=\"width: 1000px\" class=\"wp-caption alignleft\"><img loading=\"lazy\" decoding=\"async\" class=\"size-full wp-image-143665\" src=\"https:\/\/www.bellunopress.it\/wp-content\/uploads\/2023\/08\/Elisa-Boldo-infermiera-di-comunita-Katia-Pagotto-coordinatrice-ADI-Giuseppe-Dal-Ben-COmmissario-Lucia-Dalla-Torre-direttore_edited.jpg\" alt=\"\" width=\"1000\" height=\"696\" srcset=\"https:\/\/www.bellunopress.it\/wp-content\/uploads\/2023\/08\/Elisa-Boldo-infermiera-di-comunita-Katia-Pagotto-coordinatrice-ADI-Giuseppe-Dal-Ben-COmmissario-Lucia-Dalla-Torre-direttore_edited.jpg 1000w, https:\/\/www.bellunopress.it\/wp-content\/uploads\/2023\/08\/Elisa-Boldo-infermiera-di-comunita-Katia-Pagotto-coordinatrice-ADI-Giuseppe-Dal-Ben-COmmissario-Lucia-Dalla-Torre-direttore_edited-500x348.jpg 500w, https:\/\/www.bellunopress.it\/wp-content\/uploads\/2023\/08\/Elisa-Boldo-infermiera-di-comunita-Katia-Pagotto-coordinatrice-ADI-Giuseppe-Dal-Ben-COmmissario-Lucia-Dalla-Torre-direttore_edited-696x484.jpg 696w, https:\/\/www.bellunopress.it\/wp-content\/uploads\/2023\/08\/Elisa-Boldo-infermiera-di-comunita-Katia-Pagotto-coordinatrice-ADI-Giuseppe-Dal-Ben-COmmissario-Lucia-Dalla-Torre-direttore_edited-603x420.jpg 603w, https:\/\/www.bellunopress.it\/wp-content\/uploads\/2023\/08\/Elisa-Boldo-infermiera-di-comunita-Katia-Pagotto-coordinatrice-ADI-Giuseppe-Dal-Ben-COmmissario-Lucia-Dalla-Torre-direttore_edited-100x70.jpg 100w\" sizes=\"auto, (max-width: 1000px) 100vw, 1000px\" \/><figcaption id=\"caption-attachment-143665\" class=\"wp-caption-text\">Elisa Boldo, infermiera di comunit\u00e0, Katia Pagotto, coordinatrice ADI, Giuseppe Dal Ben, commissario, Lucia Dalla Torre direttore<\/figcaption><\/figure>\n<p>Questa mattina, il Commissario Giuseppe Dal Ben, con il direttore del distretto di Feltre Lucia Dalla Torre, ha presentato i primi dati di attivit\u00e0 dell\u2019infermiere di famiglia e comunit\u00e0, una nuova figura nella filiera assistenziale territoriale che fa da ponte tra le persone fragili e i servizi.<\/p>\n<p>L\u2019infermiere di famiglia e comunit\u00e0, previsto dal DM 77, ha l\u2019obiettivo di intercettare e farsi carico dei bisogni di salute per prevenire situazioni problematiche, orienta e supporta le famiglie nell\u2019accesso ai servizi e favorisce lo sviluppo dell\u2019autocura.<br \/>\nIn questi mesi, l\u2019infermiere di Comunit\u00e0 \u00e8 stato attivato per l\u2019area nel Basso Feltrino, del distretto di Fonzaso e di Borgo Valbelluna. Prossimamente sar\u00e0 attivato anche a Sedico, nell\u2019ambito di un progetto finanziato da Cariverona. Molto apprezzato dalle famiglie e dai Medici di medicina generale,<br \/>\nl\u2019et\u00e0 media degli utenti in carico \u00e8 di 83 anni. Gli utenti in carico sono oltre 360. I principali problemi rilevati sono il rischio di cadute e la mobilit\u00e0, la polifarmacologia, la perdita di memoria e la solitudine.<\/p>\n<p>\u201cIn territorio come il nostro, particolare per morfologia che di stratificazione della popolazione, c\u2019\u00e8 necessit\u00e0 di sanit\u00e0 di prossimit\u00e0. Ed \u00e8 uno degli obiettivi che ci siamo dati. Il progetto attivato nel distretto di Feltre \u00e8 all\u2019avanguardia .<br \/>\nLa figura dell\u2019infermiere di comunit\u00e0 deve estendersi a tutta la provincia, di concerto con la medicina generale, i Comuni e il volontariato\u201d, ha commentato il Commissario Dal Ben<\/p>","protected":false},"excerpt":{"rendered":"<p>Questa mattina, il Commissario Giuseppe Dal Ben, con il direttore del distretto di Feltre Lucia Dalla Torre, ha presentato i primi dati di attivit\u00e0 dell\u2019infermiere di famiglia e comunit\u00e0, una nuova figura nella filiera assistenziale territoriale che fa da ponte tra le persone fragili e i servizi. L\u2019infermiere di famiglia e comunit\u00e0, previsto dal DM [&hellip;]<\/p>\n","protected":false},"author":2,"featured_media":143665,"comment_status":"closed","ping_status":"open","sticky":false,"template":"","format":"standard","meta":{"footnotes":""},"categories":[26,17],"tags":[],"class_list":["post-143664","post","type-post","status-publish","format-standard","has-post-thumbnail","category-prima-pagina","category-sanita"],"yoast_head":"<!-- This site is optimized with the Yoast SEO plugin v28.4 - https:\/\/yoast.com\/product\/yoast-seo-wordpress\/ -->\n<title>Basso Feltrino, Fonzaso, Borgo Valbelluna. Attivato il servizio di Infermiere di famiglia e di comunit\u00e0 - Bellunopress - Dolomiti<\/title>\n<meta name=\"robots\" content=\"index, follow, max-snippet:-1, max-image-preview:large, max-video-preview:-1\" \/>\n<link rel=\"canonical\" href=\"https:\/\/www.bellunopress.it\/fr\/2023\/08\/23\/basso-feltrino-fonzaso-borgo-valbelluna-attivato-il-servizio-di-infermiere-di-famiglia-e-di-comunita\/\" \/>\n<meta property=\"og:locale\" content=\"fr_FR\" \/>\n<meta property=\"og:type\" content=\"article\" \/>\n<meta property=\"og:title\" content=\"Basso Feltrino, Fonzaso, Borgo Valbelluna. Attivato il servizio di Infermiere di famiglia e di comunit\u00e0 - Bellunopress - Dolomiti\" \/>\n<meta property=\"og:description\" content=\"Questa mattina, il Commissario Giuseppe Dal Ben, con il direttore del distretto di Feltre Lucia Dalla Torre, ha presentato i primi dati di attivit\u00e0 dell\u2019infermiere di famiglia e comunit\u00e0, una nuova figura nella filiera assistenziale territoriale che fa da ponte tra le persone fragili e i servizi. L\u2019infermiere di famiglia e comunit\u00e0, previsto dal DM [&hellip;]\" \/>\n<meta property=\"og:url\" content=\"https:\/\/www.bellunopress.it\/fr\/2023\/08\/23\/basso-feltrino-fonzaso-borgo-valbelluna-attivato-il-servizio-di-infermiere-di-famiglia-e-di-comunita\/\" \/>\n<meta property=\"og:site_name\" content=\"Bellunopress - Dolomiti\" \/>\n<meta property=\"article:publisher\" content=\"https:\/\/www.facebook.com\/profile.php?id=100008943462799\" \/>\n<meta property=\"article:published_time\" content=\"2023-08-23T16:28:39+00:00\" \/>\n<meta property=\"og:image\" content=\"https:\/\/www.bellunopress.it\/wp-content\/uploads\/2023\/08\/Elisa-Boldo-infermiera-di-comunita-Katia-Pagotto-coordinatrice-ADI-Giuseppe-Dal-Ben-COmmissario-Lucia-Dalla-Torre-direttore_edited.jpg\" \/>\n\t<meta property=\"og:image:width\" content=\"1000\" \/>\n\t<meta property=\"og:image:height\" content=\"696\" \/>\n\t<meta property=\"og:image:type\" content=\"image\/jpeg\" \/>\n<meta name=\"author\" content=\"redazione\" \/>\n<meta name=\"twitter:card\" content=\"summary_large_image\" \/>\n<meta name=\"twitter:creator\" content=\"@bellunopress\" \/>\n<meta name=\"twitter:site\" content=\"@bellunopress\" \/>\n<meta name=\"twitter:label1\" content=\"\u00c9crit par\" \/>\n\t<meta name=\"twitter:data1\" content=\"redazione\" \/>\n\t<meta name=\"twitter:label2\" content=\"Dur\u00e9e de lecture estim\u00e9e\" \/>\n\t<meta name=\"twitter:data2\" content=\"1 minute\" \/>\n<script type=\"application\/ld+json\" class=\"yoast-schema-graph\">{\"@context\":\"https:\\\/\\\/schema.org\",\"@graph\":[{\"@type\":\"Article\",\"@id\":\"https:\\\/\\\/www.bellunopress.it\\\/2023\\\/08\\\/23\\\/basso-feltrino-fonzaso-borgo-valbelluna-attivato-il-servizio-di-infermiere-di-famiglia-e-di-comunita\\\/#article\",\"isPartOf\":{\"@id\":\"https:\\\/\\\/www.bellunopress.it\\\/2023\\\/08\\\/23\\\/basso-feltrino-fonzaso-borgo-valbelluna-attivato-il-servizio-di-infermiere-di-famiglia-e-di-comunita\\\/\"},\"author\":{\"name\":\"redazione\",\"@id\":\"https:\\\/\\\/www.bellunopress.it\\\/#\\\/schema\\\/person\\\/79bb06722b37ece1c03d3e94beb30d73\"},\"headline\":\"Basso Feltrino, Fonzaso, Borgo Valbelluna. Attivato il servizio di Infermiere di famiglia e di comunit\u00e0\",\"datePublished\":\"2023-08-23T16:28:39+00:00\",\"mainEntityOfPage\":{\"@id\":\"https:\\\/\\\/www.bellunopress.it\\\/2023\\\/08\\\/23\\\/basso-feltrino-fonzaso-borgo-valbelluna-attivato-il-servizio-di-infermiere-di-famiglia-e-di-comunita\\\/\"},\"wordCount\":275,\"publisher\":{\"@id\":\"https:\\\/\\\/www.bellunopress.it\\\/#organization\"},\"image\":{\"@id\":\"https:\\\/\\\/www.bellunopress.it\\\/2023\\\/08\\\/23\\\/basso-feltrino-fonzaso-borgo-valbelluna-attivato-il-servizio-di-infermiere-di-famiglia-e-di-comunita\\\/#primaryimage\"},\"thumbnailUrl\":\"https:\\\/\\\/www.bellunopress.it\\\/wp-content\\\/uploads\\\/2023\\\/08\\\/Elisa-Boldo-infermiera-di-comunita-Katia-Pagotto-coordinatrice-ADI-Giuseppe-Dal-Ben-COmmissario-Lucia-Dalla-Torre-direttore_edited.jpg\",\"articleSection\":[\"Prima Pagina\",\"Sanit\u00e0 Medicina\"],\"inLanguage\":\"fr-FR\"},{\"@type\":\"WebPage\",\"@id\":\"https:\\\/\\\/www.bellunopress.it\\\/2023\\\/08\\\/23\\\/basso-feltrino-fonzaso-borgo-valbelluna-attivato-il-servizio-di-infermiere-di-famiglia-e-di-comunita\\\/\",\"url\":\"https:\\\/\\\/www.bellunopress.it\\\/2023\\\/08\\\/23\\\/basso-feltrino-fonzaso-borgo-valbelluna-attivato-il-servizio-di-infermiere-di-famiglia-e-di-comunita\\\/\",\"name\":\"Basso Feltrino, Fonzaso, Borgo Valbelluna. Attivato il servizio di Infermiere di famiglia e di comunit\u00e0 - Bellunopress - Dolomiti\",\"isPartOf\":{\"@id\":\"https:\\\/\\\/www.bellunopress.it\\\/#website\"},\"primaryImageOfPage\":{\"@id\":\"https:\\\/\\\/www.bellunopress.it\\\/2023\\\/08\\\/23\\\/basso-feltrino-fonzaso-borgo-valbelluna-attivato-il-servizio-di-infermiere-di-famiglia-e-di-comunita\\\/#primaryimage\"},\"image\":{\"@id\":\"https:\\\/\\\/www.bellunopress.it\\\/2023\\\/08\\\/23\\\/basso-feltrino-fonzaso-borgo-valbelluna-attivato-il-servizio-di-infermiere-di-famiglia-e-di-comunita\\\/#primaryimage\"},\"thumbnailUrl\":\"https:\\\/\\\/www.bellunopress.it\\\/wp-content\\\/uploads\\\/2023\\\/08\\\/Elisa-Boldo-infermiera-di-comunita-Katia-Pagotto-coordinatrice-ADI-Giuseppe-Dal-Ben-COmmissario-Lucia-Dalla-Torre-direttore_edited.jpg\",\"datePublished\":\"2023-08-23T16:28:39+00:00\",\"breadcrumb\":{\"@id\":\"https:\\\/\\\/www.bellunopress.it\\\/2023\\\/08\\\/23\\\/basso-feltrino-fonzaso-borgo-valbelluna-attivato-il-servizio-di-infermiere-di-famiglia-e-di-comunita\\\/#breadcrumb\"},\"inLanguage\":\"fr-FR\",\"potentialAction\":[{\"@type\":\"ReadAction\",\"target\":[\"https:\\\/\\\/www.bellunopress.it\\\/2023\\\/08\\\/23\\\/basso-feltrino-fonzaso-borgo-valbelluna-attivato-il-servizio-di-infermiere-di-famiglia-e-di-comunita\\\/\"]}]},{\"@type\":\"ImageObject\",\"inLanguage\":\"fr-FR\",\"@id\":\"https:\\\/\\\/www.bellunopress.it\\\/2023\\\/08\\\/23\\\/basso-feltrino-fonzaso-borgo-valbelluna-attivato-il-servizio-di-infermiere-di-famiglia-e-di-comunita\\\/#primaryimage\",\"url\":\"https:\\\/\\\/www.bellunopress.it\\\/wp-content\\\/uploads\\\/2023\\\/08\\\/Elisa-Boldo-infermiera-di-comunita-Katia-Pagotto-coordinatrice-ADI-Giuseppe-Dal-Ben-COmmissario-Lucia-Dalla-Torre-direttore_edited.jpg\",\"contentUrl\":\"https:\\\/\\\/www.bellunopress.it\\\/wp-content\\\/uploads\\\/2023\\\/08\\\/Elisa-Boldo-infermiera-di-comunita-Katia-Pagotto-coordinatrice-ADI-Giuseppe-Dal-Ben-COmmissario-Lucia-Dalla-Torre-direttore_edited.jpg\",\"width\":1000,\"height\":696,\"caption\":\"Elisa Boldo, infermiera di comunit\u00e0, Katia Pagotto, coordinatrice ADI, Giuseppe Dal Ben, commissario, Lucia Dalla Torre direttore\"},{\"@type\":\"BreadcrumbList\",\"@id\":\"https:\\\/\\\/www.bellunopress.it\\\/2023\\\/08\\\/23\\\/basso-feltrino-fonzaso-borgo-valbelluna-attivato-il-servizio-di-infermiere-di-famiglia-e-di-comunita\\\/#breadcrumb\",\"itemListElement\":[{\"@type\":\"ListItem\",\"position\":1,\"name\":\"Home\",\"item\":\"https:\\\/\\\/www.bellunopress.it\\\/\"},{\"@type\":\"ListItem\",\"position\":2,\"name\":\"Basso Feltrino, Fonzaso, Borgo Valbelluna. Attivato il servizio di Infermiere di famiglia e di comunit\u00e0\"}]},{\"@type\":\"WebSite\",\"@id\":\"https:\\\/\\\/www.bellunopress.it\\\/#website\",\"url\":\"https:\\\/\\\/www.bellunopress.it\\\/\",\"name\":\"Bellunopress - Dolomiti\",\"description\":\"e-mail: redazione@bellunopress.it\",\"publisher\":{\"@id\":\"https:\\\/\\\/www.bellunopress.it\\\/#organization\"},\"potentialAction\":[{\"@type\":\"SearchAction\",\"target\":{\"@type\":\"EntryPoint\",\"urlTemplate\":\"https:\\\/\\\/www.bellunopress.it\\\/?s={search_term_string}\"},\"query-input\":{\"@type\":\"PropertyValueSpecification\",\"valueRequired\":true,\"valueName\":\"search_term_string\"}}],\"inLanguage\":\"fr-FR\"},{\"@type\":\"Organization\",\"@id\":\"https:\\\/\\\/www.bellunopress.it\\\/#organization\",\"name\":\"Bellunopress\",\"url\":\"https:\\\/\\\/www.bellunopress.it\\\/\",\"logo\":{\"@type\":\"ImageObject\",\"inLanguage\":\"fr-FR\",\"@id\":\"https:\\\/\\\/www.bellunopress.it\\\/#\\\/schema\\\/logo\\\/image\\\/\",\"url\":\"https:\\\/\\\/www.bellunopress.it\\\/wp-content\\\/uploads\\\/2011\\\/05\\\/cropped-logo-bellunopress-.jpg\",\"contentUrl\":\"https:\\\/\\\/www.bellunopress.it\\\/wp-content\\\/uploads\\\/2011\\\/05\\\/cropped-logo-bellunopress-.jpg\",\"width\":512,\"height\":512,\"caption\":\"Bellunopress\"},\"image\":{\"@id\":\"https:\\\/\\\/www.bellunopress.it\\\/#\\\/schema\\\/logo\\\/image\\\/\"},\"sameAs\":[\"https:\\\/\\\/www.facebook.com\\\/profile.php?id=100008943462799\",\"https:\\\/\\\/x.com\\\/bellunopress\",\"https:\\\/\\\/www.linkedin.com\\\/hp\\\/?dnr=JBzUWaJfMUw8vbXJJ2tVW5-I3jZKvC4wsoxE&amp;amp;amp;amp;amp;amp;trk=nav_responsive_tab_home\",\"https:\\\/\\\/www.youtube.com\\\/channel\\\/UCxL0wu1uN0_3_7hGG0306cw\"]},{\"@type\":\"Person\",\"@id\":\"https:\\\/\\\/www.bellunopress.it\\\/#\\\/schema\\\/person\\\/79bb06722b37ece1c03d3e94beb30d73\",\"name\":\"redazione\",\"image\":{\"@type\":\"ImageObject\",\"inLanguage\":\"fr-FR\",\"@id\":\"https:\\\/\\\/secure.gravatar.com\\\/avatar\\\/37d968a2e67a6fd04c169c4bdef102d0bc5d31b2546345219e348575eb80e9a0?s=96&d=mm&r=g\",\"url\":\"https:\\\/\\\/secure.gravatar.com\\\/avatar\\\/37d968a2e67a6fd04c169c4bdef102d0bc5d31b2546345219e348575eb80e9a0?s=96&d=mm&r=g\",\"contentUrl\":\"https:\\\/\\\/secure.gravatar.com\\\/avatar\\\/37d968a2e67a6fd04c169c4bdef102d0bc5d31b2546345219e348575eb80e9a0?s=96&d=mm&r=g\",\"caption\":\"redazione\"},\"sameAs\":[\"http:\\\/\\\/www.bellunopress.it\",\"https:\\\/\\\/x.com\\\/bellunopress\"],\"url\":\"https:\\\/\\\/www.bellunopress.it\\\/fr\\\/author\\\/redazione\\\/\"}]}<\/script>\n<!-- \/ Yoast SEO plugin. -->","yoast_head_json":{"title":"Basso Feltrino, Fonzaso, Borgo Valbelluna. Attivato il servizio di Infermiere di famiglia e di comunit\u00e0 - Bellunopress - Dolomiti","robots":{"index":"index","follow":"follow","max-snippet":"max-snippet:-1","max-image-preview":"max-image-preview:large","max-video-preview":"max-video-preview:-1"},"canonical":"https:\/\/www.bellunopress.it\/fr\/2023\/08\/23\/basso-feltrino-fonzaso-borgo-valbelluna-attivato-il-servizio-di-infermiere-di-famiglia-e-di-comunita\/","og_locale":"fr_FR","og_type":"article","og_title":"Basso Feltrino, Fonzaso, Borgo Valbelluna. Attivato il servizio di Infermiere di famiglia e di comunit\u00e0 - Bellunopress - Dolomiti","og_description":"Questa mattina, il Commissario Giuseppe Dal Ben, con il direttore del distretto di Feltre Lucia Dalla Torre, ha presentato i primi dati di attivit\u00e0 dell\u2019infermiere di famiglia e comunit\u00e0, una nuova figura nella filiera assistenziale territoriale che fa da ponte tra le persone fragili e i servizi. L\u2019infermiere di famiglia e comunit\u00e0, previsto dal DM [&hellip;]","og_url":"https:\/\/www.bellunopress.it\/fr\/2023\/08\/23\/basso-feltrino-fonzaso-borgo-valbelluna-attivato-il-servizio-di-infermiere-di-famiglia-e-di-comunita\/","og_site_name":"Bellunopress - Dolomiti","article_publisher":"https:\/\/www.facebook.com\/profile.php?id=100008943462799","article_published_time":"2023-08-23T16:28:39+00:00","og_image":[{"width":1000,"height":696,"url":"https:\/\/www.bellunopress.it\/wp-content\/uploads\/2023\/08\/Elisa-Boldo-infermiera-di-comunita-Katia-Pagotto-coordinatrice-ADI-Giuseppe-Dal-Ben-COmmissario-Lucia-Dalla-Torre-direttore_edited.jpg","type":"image\/jpeg"}],"author":"redazione","twitter_card":"summary_large_image","twitter_creator":"@bellunopress","twitter_site":"@bellunopress","twitter_misc":{"\u00c9crit par":"redazione","Dur\u00e9e de lecture estim\u00e9e":"1 minute"},"schema":{"@context":"https:\/\/schema.org","@graph":[{"@type":"Article","@id":"https:\/\/www.bellunopress.it\/2023\/08\/23\/basso-feltrino-fonzaso-borgo-valbelluna-attivato-il-servizio-di-infermiere-di-famiglia-e-di-comunita\/#article","isPartOf":{"@id":"https:\/\/www.bellunopress.it\/2023\/08\/23\/basso-feltrino-fonzaso-borgo-valbelluna-attivato-il-servizio-di-infermiere-di-famiglia-e-di-comunita\/"},"author":{"name":"redazione","@id":"https:\/\/www.bellunopress.it\/#\/schema\/person\/79bb06722b37ece1c03d3e94beb30d73"},"headline":"Basso Feltrino, Fonzaso, Borgo Valbelluna. Attivato il servizio di Infermiere di famiglia e di comunit\u00e0","datePublished":"2023-08-23T16:28:39+00:00","mainEntityOfPage":{"@id":"https:\/\/www.bellunopress.it\/2023\/08\/23\/basso-feltrino-fonzaso-borgo-valbelluna-attivato-il-servizio-di-infermiere-di-famiglia-e-di-comunita\/"},"wordCount":275,"publisher":{"@id":"https:\/\/www.bellunopress.it\/#organization"},"image":{"@id":"https:\/\/www.bellunopress.it\/2023\/08\/23\/basso-feltrino-fonzaso-borgo-valbelluna-attivato-il-servizio-di-infermiere-di-famiglia-e-di-comunita\/#primaryimage"},"thumbnailUrl":"https:\/\/www.bellunopress.it\/wp-content\/uploads\/2023\/08\/Elisa-Boldo-infermiera-di-comunita-Katia-Pagotto-coordinatrice-ADI-Giuseppe-Dal-Ben-COmmissario-Lucia-Dalla-Torre-direttore_edited.jpg","articleSection":["Prima Pagina","Sanit\u00e0 Medicina"],"inLanguage":"fr-FR"},{"@type":"WebPage","@id":"https:\/\/www.bellunopress.it\/2023\/08\/23\/basso-feltrino-fonzaso-borgo-valbelluna-attivato-il-servizio-di-infermiere-di-famiglia-e-di-comunita\/","url":"https:\/\/www.bellunopress.it\/2023\/08\/23\/basso-feltrino-fonzaso-borgo-valbelluna-attivato-il-servizio-di-infermiere-di-famiglia-e-di-comunita\/","name":"Basso Feltrino, Fonzaso, Borgo Valbelluna. Attivato il servizio di Infermiere di famiglia e di comunit\u00e0 - Bellunopress - Dolomiti","isPartOf":{"@id":"https:\/\/www.bellunopress.it\/#website"},"primaryImageOfPage":{"@id":"https:\/\/www.bellunopress.it\/2023\/08\/23\/basso-feltrino-fonzaso-borgo-valbelluna-attivato-il-servizio-di-infermiere-di-famiglia-e-di-comunita\/#primaryimage"},"image":{"@id":"https:\/\/www.bellunopress.it\/2023\/08\/23\/basso-feltrino-fonzaso-borgo-valbelluna-attivato-il-servizio-di-infermiere-di-famiglia-e-di-comunita\/#primaryimage"},"thumbnailUrl":"https:\/\/www.bellunopress.it\/wp-content\/uploads\/2023\/08\/Elisa-Boldo-infermiera-di-comunita-Katia-Pagotto-coordinatrice-ADI-Giuseppe-Dal-Ben-COmmissario-Lucia-Dalla-Torre-direttore_edited.jpg","datePublished":"2023-08-23T16:28:39+00:00","breadcrumb":{"@id":"https:\/\/www.bellunopress.it\/2023\/08\/23\/basso-feltrino-fonzaso-borgo-valbelluna-attivato-il-servizio-di-infermiere-di-famiglia-e-di-comunita\/#breadcrumb"},"inLanguage":"fr-FR","potentialAction":[{"@type":"ReadAction","target":["https:\/\/www.bellunopress.it\/2023\/08\/23\/basso-feltrino-fonzaso-borgo-valbelluna-attivato-il-servizio-di-infermiere-di-famiglia-e-di-comunita\/"]}]},{"@type":"ImageObject","inLanguage":"fr-FR","@id":"https:\/\/www.bellunopress.it\/2023\/08\/23\/basso-feltrino-fonzaso-borgo-valbelluna-attivato-il-servizio-di-infermiere-di-famiglia-e-di-comunita\/#primaryimage","url":"https:\/\/www.bellunopress.it\/wp-content\/uploads\/2023\/08\/Elisa-Boldo-infermiera-di-comunita-Katia-Pagotto-coordinatrice-ADI-Giuseppe-Dal-Ben-COmmissario-Lucia-Dalla-Torre-direttore_edited.jpg","contentUrl":"https:\/\/www.bellunopress.it\/wp-content\/uploads\/2023\/08\/Elisa-Boldo-infermiera-di-comunita-Katia-Pagotto-coordinatrice-ADI-Giuseppe-Dal-Ben-COmmissario-Lucia-Dalla-Torre-direttore_edited.jpg","width":1000,"height":696,"caption":"Elisa Boldo, infermiera di comunit\u00e0, Katia Pagotto, coordinatrice ADI, Giuseppe Dal Ben, commissario, Lucia Dalla Torre direttore"},{"@type":"BreadcrumbList","@id":"https:\/\/www.bellunopress.it\/2023\/08\/23\/basso-feltrino-fonzaso-borgo-valbelluna-attivato-il-servizio-di-infermiere-di-famiglia-e-di-comunita\/#breadcrumb","itemListElement":[{"@type":"ListItem","position":1,"name":"Home","item":"https:\/\/www.bellunopress.it\/"},{"@type":"ListItem","position":2,"name":"Basso Feltrino, Fonzaso, Borgo Valbelluna. Attivato il servizio di Infermiere di famiglia e di comunit\u00e0"}]},{"@type":"WebSite","@id":"https:\/\/www.bellunopress.it\/#website","url":"https:\/\/www.bellunopress.it\/","name":"Bellunopress - Dolomiti","description":"e-mail: redazione@bellunopress.it","publisher":{"@id":"https:\/\/www.bellunopress.it\/#organization"},"potentialAction":[{"@type":"SearchAction","target":{"@type":"EntryPoint","urlTemplate":"https:\/\/www.bellunopress.it\/?s={search_term_string}"},"query-input":{"@type":"PropertyValueSpecification","valueRequired":true,"valueName":"search_term_string"}}],"inLanguage":"fr-FR"},{"@type":"Organization","@id":"https:\/\/www.bellunopress.it\/#organization","name":"Bellunopress","url":"https:\/\/www.bellunopress.it\/","logo":{"@type":"ImageObject","inLanguage":"fr-FR","@id":"https:\/\/www.bellunopress.it\/#\/schema\/logo\/image\/","url":"https:\/\/www.bellunopress.it\/wp-content\/uploads\/2011\/05\/cropped-logo-bellunopress-.jpg","contentUrl":"https:\/\/www.bellunopress.it\/wp-content\/uploads\/2011\/05\/cropped-logo-bellunopress-.jpg","width":512,"height":512,"caption":"Bellunopress"},"image":{"@id":"https:\/\/www.bellunopress.it\/#\/schema\/logo\/image\/"},"sameAs":["https:\/\/www.facebook.com\/profile.php?id=100008943462799","https:\/\/x.com\/bellunopress","https:\/\/www.linkedin.com\/hp\/?dnr=JBzUWaJfMUw8vbXJJ2tVW5-I3jZKvC4wsoxE&amp;amp;amp;amp;amp;amp;trk=nav_responsive_tab_home","https:\/\/www.youtube.com\/channel\/UCxL0wu1uN0_3_7hGG0306cw"]},{"@type":"Person","@id":"https:\/\/www.bellunopress.it\/#\/schema\/person\/79bb06722b37ece1c03d3e94beb30d73","name":"r\u00e9daction","image":{"@type":"ImageObject","inLanguage":"fr-FR","@id":"https:\/\/secure.gravatar.com\/avatar\/37d968a2e67a6fd04c169c4bdef102d0bc5d31b2546345219e348575eb80e9a0?s=96&d=mm&r=g","url":"https:\/\/secure.gravatar.com\/avatar\/37d968a2e67a6fd04c169c4bdef102d0bc5d31b2546345219e348575eb80e9a0?s=96&d=mm&r=g","contentUrl":"https:\/\/secure.gravatar.com\/avatar\/37d968a2e67a6fd04c169c4bdef102d0bc5d31b2546345219e348575eb80e9a0?s=96&d=mm&r=g","caption":"redazione"},"sameAs":["http:\/\/www.bellunopress.it","https:\/\/x.com\/bellunopress"],"url":"https:\/\/www.bellunopress.it\/fr\/author\/redazione\/"}]}},"_links":{"self":[{"href":"https:\/\/www.bellunopress.it\/fr\/wp-json\/wp\/v2\/posts\/143664","targetHints":{"allow":["GET"]}}],"collection":[{"href":"https:\/\/www.bellunopress.it\/fr\/wp-json\/wp\/v2\/posts"}],"about":[{"href":"https:\/\/www.bellunopress.it\/fr\/wp-json\/wp\/v2\/types\/post"}],"author":[{"embeddable":true,"href":"https:\/\/www.bellunopress.it\/fr\/wp-json\/wp\/v2\/users\/2"}],"replies":[{"embeddable":true,"href":"https:\/\/www.bellunopress.it\/fr\/wp-json\/wp\/v2\/comments?post=143664"}],"version-history":[{"count":1,"href":"https:\/\/www.bellunopress.it\/fr\/wp-json\/wp\/v2\/posts\/143664\/revisions"}],"predecessor-version":[{"id":143666,"href":"https:\/\/www.bellunopress.it\/fr\/wp-json\/wp\/v2\/posts\/143664\/revisions\/143666"}],"wp:featuredmedia":[{"embeddable":true,"href":"https:\/\/www.bellunopress.it\/fr\/wp-json\/wp\/v2\/media\/143665"}],"wp:attachment":[{"href":"https:\/\/www.bellunopress.it\/fr\/wp-json\/wp\/v2\/media?parent=143664"}],"wp:term":[{"taxonomy":"category","embeddable":true,"href":"https:\/\/www.bellunopress.it\/fr\/wp-json\/wp\/v2\/categories?post=143664"},{"taxonomy":"post_tag","embeddable":true,"href":"https:\/\/www.bellunopress.it\/fr\/wp-json\/wp\/v2\/tags?post=143664"}],"curies":[{"name":"wp","href":"https:\/\/api.w.org\/{rel}","templated":true}]}}