{"id":143629,"date":"2023-08-22T16:16:59","date_gmt":"2023-08-22T14:16:59","guid":{"rendered":"https:\/\/www.bellunopress.it\/?p=143629"},"modified":"2023-08-22T16:16:59","modified_gmt":"2023-08-22T14:16:59","slug":"autunno-con-il-mese-del-libro-alpago-lanteprima-con-antonia-arslan-in-programma-il-25-agosto-a-farra-dalpago","status":"publish","type":"post","link":"https:\/\/www.bellunopress.it\/fr\/2023\/08\/22\/autunno-con-il-mese-del-libro-alpago-lanteprima-con-antonia-arslan-in-programma-il-25-agosto-a-farra-dalpago\/","title":{"rendered":"Autunno con il Mese del Libro Alpago: l\u2019anteprima con Antonia Arslan in programma il 25 agosto a Farra d\u2019Alpago"},"content":{"rendered":"<figure id=\"attachment_117232\" aria-describedby=\"caption-attachment-117232\" style=\"width: 800px\" class=\"wp-caption alignleft\"><img loading=\"lazy\" decoding=\"async\" class=\"size-full wp-image-117232\" src=\"https:\/\/www.bellunopress.it\/wp-content\/uploads\/2020\/08\/Antonia-Arslan-1_edited.jpg\" alt=\"\" width=\"800\" height=\"605\" srcset=\"https:\/\/www.bellunopress.it\/wp-content\/uploads\/2020\/08\/Antonia-Arslan-1_edited.jpg 800w, https:\/\/www.bellunopress.it\/wp-content\/uploads\/2020\/08\/Antonia-Arslan-1_edited-500x378.jpg 500w, https:\/\/www.bellunopress.it\/wp-content\/uploads\/2020\/08\/Antonia-Arslan-1_edited-696x526.jpg 696w, https:\/\/www.bellunopress.it\/wp-content\/uploads\/2020\/08\/Antonia-Arslan-1_edited-555x420.jpg 555w, https:\/\/www.bellunopress.it\/wp-content\/uploads\/2020\/08\/Antonia-Arslan-1_edited-80x60.jpg 80w\" sizes=\"auto, (max-width: 800px) 100vw, 800px\" \/><figcaption id=\"caption-attachment-117232\" class=\"wp-caption-text\">Antonia Arslan<\/figcaption><\/figure>\n<p>Sar\u00e0 la scrittrice di origini armene Antonia Arslan l\u2019ospite dell\u2019anteprima del Mese del Libro Alpago. La rassegna di libri, cultura e attualit\u00e0, giunta quest\u2019anno alla sua 12.a edizione, \u00e8 in programma in Alpago dal 15 settembre fino a fine ottobre. Venerd\u00ec 25 agosto, in sala parrocchiale a Farra d\u2019Alpago, con inizio alle 20.45, l\u2019anteprima con Antonia Arslan e il suo ultimo libro \u201cIl destino di Aghavn\u00ec\u201d (edizioni Ares 2022). Dialoga con l\u2019autrice lo scrittore Antonio G. Bortoluzzi.<\/p>\n<p><strong>Il libro:<\/strong><\/p>\n<p>Nella primavera del 1915, alla vigilia del genocidio degli armeni, in una piccola citt\u00e0 del centro dell\u2019Anatolia, una ragazza di 23 anni che si chiama Aghavn\u00ec esce di casa con i suoi cari: il giovane marito e i due figli, un bambino di sei anni e una bambina di due. Nessuno li vedr\u00e0 mai pi\u00f9. Scompaiono, semplicemente, senza lasciar traccia. Sono stati uccisi? O rapiti? Ma da chi? Nonostante le intense ricerche delle due famiglie, nessuno sembra saperne qualcosa. Poi, anche il loro ricordo sbiadisce fino a scomparire, nell\u2019imperversare dei terribili eventi che iniziano proprio in quei giorni. Da una fotografia di questa sorellina di suo nonno, ritrovata a casa di un cugino in America, Antonia Arslan trae un racconto avventuroso di dolore e di coraggio, di morte e di rinascita, che culmina in uno strano Natale, in un misterioso presepio che diventa un riscatto dei cuori.<\/p>\n<p>Antonia Arslan \u00e8 una delle pi\u00f9 amate scrittrici italiane e le sue opere sono tradotte in tutto il mondo. Ha insegnato Letteratura italiana moderna e contemporanea all\u2019Universit\u00e0 di Padova. Ha ritrovato le sue radici armene con la poesia di Daniel Varujan, da cui sono nati i bestseller \u201cLa masseria delle allodole\u201d (Rizzoli 2004), da cui \u00e8 stato tratto l\u2019omonimo film dei fratelli Taviani, \u201cLa strada di Smirne\u201d (Rizzoli 2009) e \u201cIl libro di Mush\u201d (Skira narrativa 2012). Altre opere: \u201cIshtar 2. Cronache dal mio risveglio\u201d (Rizzoli 2010); \u201cIl cortile dei girasoli parlanti\u201d (Piemme 2011); \u201cIl rumore delle perle di legno\u201d (Rizzoli 2015); \u201cLettera a una ragazza in Turchia\u201d (Rizzoli 2016); \u201cLa bellezza sia con te\u201d (Rizzoli 2018).<\/p>\n<p>Gli appuntamenti culturali del Mese del Libro Alpago riprenderanno quindi venerd\u00ec 15 settembre a Pieve d\u2019Alpago con Matteo Melchiorre e il suo fortunato romanzo \u201cIl duca\u201d (Einaudi 2022) e proseguiranno venerd\u00ec 22 settembre con un doppio appuntamento alla biblioteca di Spert con le storie dell\u2019Alpago, raccontate da Sara Piazza in \u201cI giorni della merla\u201d (ed. Luoghi Interiori 2023) e da Francesco Augusti in \u201cLa prima neve\u201d (ed. Libeccio 2022), quindi domenica 1 ottobre a Torch con Tiziano Fratus e \u201cGli alberi millenari d\u2019Italia\u201d (Gribaudo 2021) e altri titoli \u201cverdi\u201d e sabato 7 ottobre a Puos d\u2019Alpago con Antonio G. Bortoluzzi e il suo ultimo romanzo \u201cIl saldatore del Vajont (Marsilio 2023). Sabato 14 ottobre, a Pieve d\u2019Alpago, l\u2019omaggio a Eugenio Padovan, con lo stato di avanzamento del progetto espositivo redatto dal Comune di Alpago per la conservazione in loco degli importanti reperti archeologici scoperti a Plois e a Curago e della situla funeraria di \u201cPian de la gnela\u201d, tanto caro all\u2019archeologo recentemente scomparso. Sabato 21 ottobre, a Pieve d\u2019Alpago, sar\u00e0 ospite lo scrittore Paolo Malaguti con il suo romanzo \u201cPiero fa la Merica\u201d (Einaudi 2023). A fine ottobre, in conclusione della rassegna culturale, la palestra comunale di Farra d\u2019Alpago ospiter\u00e0 la giornalista e inviata di guerra di La7, Francesca Mannocchi, che far\u00e0 il punto sulla situazione della guerra in Ucraina. La data precisa dell\u2019appuntamento verr\u00e0 comunicata in base a quella di rientro della Mannocchi in Italia dalle zone di guerra, non ancora stabilita.<br \/>\nIl Mese del Libro Alpago incontra anche quest\u2019anno le scuole: Tiziano Fratus (luned\u00ec 2 ottobre) illustrer\u00e0 ai ragazzi della primaria del Comprensivo di Alpago il suo \u201cManuale per giovani inventori di alberi e foreste\u201d (Gribaudo 2023) mentre Paola Zambelli (sabato 14 ottobre) parler\u00e0 agli studenti delle scuole medie del suo libro \u201cLa diga pi\u00f9 alta del mondo, Vajont 1963\u201d (Michael edizioni 2023), nel 60\u00b0 anniversario della tragedia.<\/p>\n<p>&nbsp;<\/p>\n<p><strong>Il commento del curatore artistico, Ezio Franceschini:<\/strong><\/p>\n<p>Siamo giunti quest\u2019anno alla XII edizione del Mese del libro Alpago. Un percorso culturale che, pagina dopo pagina, appuntamento dopo appuntamento, ha ospitato in questi anni in Alpago decine di scrittori e scrittrici, giornalisti, personaggi dell\u2019attualit\u00e0 e dello sport e laboratori di scrittura e artistici, questi ultimi rivolti anche ai ragazzi delle scuole. Anche quest\u2019anno la rassegna non fa eccezione, anzi, conferma la sua crescita grazie alla sempre pi\u00f9 proficua interazione con il territorio che la accoglie da ormai dieci anni, con il coinvolgimento di molte associazioni, che in questo limitato spazio non possiamo enumerare tutte, ma che rappresentano il valore aggiunto a questa manifestazione, insieme ai tanti collaboratori e volontari che ogni anno permettono la sua realizzazione e che mi preme ringraziare a nome di tutta l\u2019organizzazione. Con una doppia valenza di base: far conoscere da vicino al pubblico le opere selezionate a ogni edizione dallo staff del Mese e i loro autori e autrici, e far partecipi questi ultimi di un territorio che da solo si configura come un\u2019opera d\u2019arte e che per tutti quelli che sono stati accolti, nessuno escluso, rappresenta qualcosa da ricordare e un luogo amico dove ritornare, magari con le famiglie. Gli appuntamenti in calendario quest\u2019anno parlano da soli di questa crescita, facendoci intendere che stiamo proseguendo sulla buona strada, cio\u00e8 quella dove la cultura non \u00e8 pi\u00f9 un optional senza prospettive e ricadute positive, ma un fattore fondamentale di sviluppo e di crescita e un modo affascinante per conoscere meglio il mondo e anche noi stessi\u201d.<\/p>\n<p><strong>Il sindaco del Comune di Alpago, Alberto Peterle:<\/strong><\/p>\n<p>\u201cIl Mese del Libro ritorna anche quest&#8217;anno in compagnia di importanti nomi del panorama letterario e giornalistico nazionale: nove appuntamenti nei quali potremo apprezzare le opere degli autori e anche le loro esperienza di vita.<br \/>\nCome ogni anno, anche in questa edizione saranno coinvolte le nostre scuole alle quali sono dedicati in modo particolare due degli eventi in calendario, questo perch\u00e9 tutti noi, dai pi\u00f9 grandi ai pi\u00f9 piccoli dobbiamo sentirci parte di una comunit\u00e0 che vive assieme la continua crescita culturale del nostro territorio.<br \/>\n\u00c8 doveroso ringraziare il direttore artistico di questa rassegna, Ezio Franceschini, e tutto il gruppo di lavoro che in questi mesi si \u00e8 impegnato per stilare il programma che ci viene offerto e seguire tutta la parte organizzativa di ogni appuntamento, assieme alle biblioteche e agli uffici comunali.<br \/>\nDa questo si pu\u00f2 capire che manifestazioni come il Mese del Libro, ma la cultura ingenerale, coinvolgono diverse figure ed allora speriamo che molte persone si sentano sempre pi\u00f9 chiamate in causa per sostenere ed arricchire col proprio aiuto, lo sviluppo culturale del nostro Comune di Alpago.<br \/>\nChiudo con la parte pi\u00f9 simbolica della manifestazione, e che personalmente ritengo particolarmente importante ed emozionante: della manifestazione. Quest\u2019anno, infatti, saranno proposti due doverosi omaggi: uno alle vittime del Vajont, nell\u2019anno del 60\u00b0esimo anniversario, e uno a Eugenio Padovan, a un anno dalla sua dolorosa scomparsa\u201d.<\/p>\n<p>Tutti gli aggiornamenti e i contributi sulla pagina FB Mese del libro Alpago<\/p>\n<p>Curatore della manifestazione: Ezio Franceschini (giornalista); organizzazione: Comune di Alpago.<\/p>","protected":false},"excerpt":{"rendered":"<p>Sar\u00e0 la scrittrice di origini armene Antonia Arslan l\u2019ospite dell\u2019anteprima del Mese del Libro Alpago. La rassegna di libri, cultura e attualit\u00e0, giunta quest\u2019anno alla sua 12.a edizione, \u00e8 in programma in Alpago dal 15 settembre fino a fine ottobre. Venerd\u00ec 25 agosto, in sala parrocchiale a Farra d\u2019Alpago, con inizio alle 20.45, l\u2019anteprima con [&hellip;]<\/p>\n","protected":false},"author":2,"featured_media":117232,"comment_status":"closed","ping_status":"open","sticky":false,"template":"","format":"standard","meta":{"footnotes":""},"categories":[27,3,25],"tags":[],"class_list":["post-143629","post","type-post","status-publish","format-standard","has-post-thumbnail","category-appuntamenti","category-arte-cultura-spettacoli-scienza-archivi","category-pausa-caffe"],"yoast_head":"<!-- This site is optimized with the Yoast SEO plugin v28.4 - https:\/\/yoast.com\/product\/yoast-seo-wordpress\/ -->\n<title>Autunno con il Mese del Libro Alpago: l\u2019anteprima con Antonia Arslan in programma il 25 agosto a Farra d\u2019Alpago - Bellunopress - Dolomiti<\/title>\n<meta name=\"robots\" content=\"index, follow, max-snippet:-1, max-image-preview:large, max-video-preview:-1\" \/>\n<link rel=\"canonical\" href=\"https:\/\/www.bellunopress.it\/fr\/2023\/08\/22\/autunno-con-il-mese-del-libro-alpago-lanteprima-con-antonia-arslan-in-programma-il-25-agosto-a-farra-dalpago\/\" \/>\n<meta property=\"og:locale\" content=\"fr_FR\" \/>\n<meta property=\"og:type\" content=\"article\" \/>\n<meta property=\"og:title\" content=\"Autunno con il Mese del Libro Alpago: l\u2019anteprima con Antonia Arslan in programma il 25 agosto a Farra d\u2019Alpago - Bellunopress - Dolomiti\" \/>\n<meta property=\"og:description\" content=\"Sar\u00e0 la scrittrice di origini armene Antonia Arslan l\u2019ospite dell\u2019anteprima del Mese del Libro Alpago. La rassegna di libri, cultura e attualit\u00e0, giunta quest\u2019anno alla sua 12.a edizione, \u00e8 in programma in Alpago dal 15 settembre fino a fine ottobre. Venerd\u00ec 25 agosto, in sala parrocchiale a Farra d\u2019Alpago, con inizio alle 20.45, l\u2019anteprima con [&hellip;]\" \/>\n<meta property=\"og:url\" content=\"https:\/\/www.bellunopress.it\/fr\/2023\/08\/22\/autunno-con-il-mese-del-libro-alpago-lanteprima-con-antonia-arslan-in-programma-il-25-agosto-a-farra-dalpago\/\" \/>\n<meta property=\"og:site_name\" content=\"Bellunopress - Dolomiti\" \/>\n<meta property=\"article:publisher\" content=\"https:\/\/www.facebook.com\/profile.php?id=100008943462799\" \/>\n<meta property=\"article:published_time\" content=\"2023-08-22T14:16:59+00:00\" \/>\n<meta property=\"og:image\" content=\"https:\/\/www.bellunopress.it\/wp-content\/uploads\/2020\/08\/Antonia-Arslan-1_edited.jpg\" \/>\n\t<meta property=\"og:image:width\" content=\"800\" \/>\n\t<meta property=\"og:image:height\" content=\"605\" \/>\n\t<meta property=\"og:image:type\" content=\"image\/jpeg\" \/>\n<meta name=\"author\" content=\"redazione\" \/>\n<meta name=\"twitter:card\" content=\"summary_large_image\" \/>\n<meta name=\"twitter:creator\" content=\"@bellunopress\" \/>\n<meta name=\"twitter:site\" content=\"@bellunopress\" \/>\n<meta name=\"twitter:label1\" content=\"\u00c9crit par\" \/>\n\t<meta name=\"twitter:data1\" content=\"redazione\" \/>\n\t<meta name=\"twitter:label2\" content=\"Dur\u00e9e de lecture estim\u00e9e\" \/>\n\t<meta name=\"twitter:data2\" content=\"6 minutes\" \/>\n<script type=\"application\/ld+json\" class=\"yoast-schema-graph\">{\"@context\":\"https:\\\/\\\/schema.org\",\"@graph\":[{\"@type\":\"Article\",\"@id\":\"https:\\\/\\\/www.bellunopress.it\\\/2023\\\/08\\\/22\\\/autunno-con-il-mese-del-libro-alpago-lanteprima-con-antonia-arslan-in-programma-il-25-agosto-a-farra-dalpago\\\/#article\",\"isPartOf\":{\"@id\":\"https:\\\/\\\/www.bellunopress.it\\\/2023\\\/08\\\/22\\\/autunno-con-il-mese-del-libro-alpago-lanteprima-con-antonia-arslan-in-programma-il-25-agosto-a-farra-dalpago\\\/\"},\"author\":{\"name\":\"redazione\",\"@id\":\"https:\\\/\\\/www.bellunopress.it\\\/#\\\/schema\\\/person\\\/79bb06722b37ece1c03d3e94beb30d73\"},\"headline\":\"Autunno con il Mese del Libro Alpago: l\u2019anteprima con Antonia Arslan in programma il 25 agosto a Farra d\u2019Alpago\",\"datePublished\":\"2023-08-22T14:16:59+00:00\",\"mainEntityOfPage\":{\"@id\":\"https:\\\/\\\/www.bellunopress.it\\\/2023\\\/08\\\/22\\\/autunno-con-il-mese-del-libro-alpago-lanteprima-con-antonia-arslan-in-programma-il-25-agosto-a-farra-dalpago\\\/\"},\"wordCount\":1192,\"publisher\":{\"@id\":\"https:\\\/\\\/www.bellunopress.it\\\/#organization\"},\"image\":{\"@id\":\"https:\\\/\\\/www.bellunopress.it\\\/2023\\\/08\\\/22\\\/autunno-con-il-mese-del-libro-alpago-lanteprima-con-antonia-arslan-in-programma-il-25-agosto-a-farra-dalpago\\\/#primaryimage\"},\"thumbnailUrl\":\"https:\\\/\\\/www.bellunopress.it\\\/wp-content\\\/uploads\\\/2020\\\/08\\\/Antonia-Arslan-1_edited.jpg\",\"articleSection\":[\"Appuntamenti, Eventi\",\"Arte, Cultura, Spettacoli, Scienza\",\"Pausa Caff\u00e8\"],\"inLanguage\":\"fr-FR\"},{\"@type\":\"WebPage\",\"@id\":\"https:\\\/\\\/www.bellunopress.it\\\/2023\\\/08\\\/22\\\/autunno-con-il-mese-del-libro-alpago-lanteprima-con-antonia-arslan-in-programma-il-25-agosto-a-farra-dalpago\\\/\",\"url\":\"https:\\\/\\\/www.bellunopress.it\\\/2023\\\/08\\\/22\\\/autunno-con-il-mese-del-libro-alpago-lanteprima-con-antonia-arslan-in-programma-il-25-agosto-a-farra-dalpago\\\/\",\"name\":\"Autunno con il Mese del Libro Alpago: l\u2019anteprima con Antonia Arslan in programma il 25 agosto a Farra d\u2019Alpago - Bellunopress - Dolomiti\",\"isPartOf\":{\"@id\":\"https:\\\/\\\/www.bellunopress.it\\\/#website\"},\"primaryImageOfPage\":{\"@id\":\"https:\\\/\\\/www.bellunopress.it\\\/2023\\\/08\\\/22\\\/autunno-con-il-mese-del-libro-alpago-lanteprima-con-antonia-arslan-in-programma-il-25-agosto-a-farra-dalpago\\\/#primaryimage\"},\"image\":{\"@id\":\"https:\\\/\\\/www.bellunopress.it\\\/2023\\\/08\\\/22\\\/autunno-con-il-mese-del-libro-alpago-lanteprima-con-antonia-arslan-in-programma-il-25-agosto-a-farra-dalpago\\\/#primaryimage\"},\"thumbnailUrl\":\"https:\\\/\\\/www.bellunopress.it\\\/wp-content\\\/uploads\\\/2020\\\/08\\\/Antonia-Arslan-1_edited.jpg\",\"datePublished\":\"2023-08-22T14:16:59+00:00\",\"breadcrumb\":{\"@id\":\"https:\\\/\\\/www.bellunopress.it\\\/2023\\\/08\\\/22\\\/autunno-con-il-mese-del-libro-alpago-lanteprima-con-antonia-arslan-in-programma-il-25-agosto-a-farra-dalpago\\\/#breadcrumb\"},\"inLanguage\":\"fr-FR\",\"potentialAction\":[{\"@type\":\"ReadAction\",\"target\":[\"https:\\\/\\\/www.bellunopress.it\\\/2023\\\/08\\\/22\\\/autunno-con-il-mese-del-libro-alpago-lanteprima-con-antonia-arslan-in-programma-il-25-agosto-a-farra-dalpago\\\/\"]}]},{\"@type\":\"ImageObject\",\"inLanguage\":\"fr-FR\",\"@id\":\"https:\\\/\\\/www.bellunopress.it\\\/2023\\\/08\\\/22\\\/autunno-con-il-mese-del-libro-alpago-lanteprima-con-antonia-arslan-in-programma-il-25-agosto-a-farra-dalpago\\\/#primaryimage\",\"url\":\"https:\\\/\\\/www.bellunopress.it\\\/wp-content\\\/uploads\\\/2020\\\/08\\\/Antonia-Arslan-1_edited.jpg\",\"contentUrl\":\"https:\\\/\\\/www.bellunopress.it\\\/wp-content\\\/uploads\\\/2020\\\/08\\\/Antonia-Arslan-1_edited.jpg\",\"width\":800,\"height\":605,\"caption\":\"Antonia Arslan\"},{\"@type\":\"BreadcrumbList\",\"@id\":\"https:\\\/\\\/www.bellunopress.it\\\/2023\\\/08\\\/22\\\/autunno-con-il-mese-del-libro-alpago-lanteprima-con-antonia-arslan-in-programma-il-25-agosto-a-farra-dalpago\\\/#breadcrumb\",\"itemListElement\":[{\"@type\":\"ListItem\",\"position\":1,\"name\":\"Home\",\"item\":\"https:\\\/\\\/www.bellunopress.it\\\/\"},{\"@type\":\"ListItem\",\"position\":2,\"name\":\"Autunno con il Mese del Libro Alpago: l\u2019anteprima con Antonia Arslan in programma il 25 agosto a Farra d\u2019Alpago\"}]},{\"@type\":\"WebSite\",\"@id\":\"https:\\\/\\\/www.bellunopress.it\\\/#website\",\"url\":\"https:\\\/\\\/www.bellunopress.it\\\/\",\"name\":\"Bellunopress - Dolomiti\",\"description\":\"e-mail: redazione@bellunopress.it\",\"publisher\":{\"@id\":\"https:\\\/\\\/www.bellunopress.it\\\/#organization\"},\"potentialAction\":[{\"@type\":\"SearchAction\",\"target\":{\"@type\":\"EntryPoint\",\"urlTemplate\":\"https:\\\/\\\/www.bellunopress.it\\\/?s={search_term_string}\"},\"query-input\":{\"@type\":\"PropertyValueSpecification\",\"valueRequired\":true,\"valueName\":\"search_term_string\"}}],\"inLanguage\":\"fr-FR\"},{\"@type\":\"Organization\",\"@id\":\"https:\\\/\\\/www.bellunopress.it\\\/#organization\",\"name\":\"Bellunopress\",\"url\":\"https:\\\/\\\/www.bellunopress.it\\\/\",\"logo\":{\"@type\":\"ImageObject\",\"inLanguage\":\"fr-FR\",\"@id\":\"https:\\\/\\\/www.bellunopress.it\\\/#\\\/schema\\\/logo\\\/image\\\/\",\"url\":\"https:\\\/\\\/www.bellunopress.it\\\/wp-content\\\/uploads\\\/2011\\\/05\\\/cropped-logo-bellunopress-.jpg\",\"contentUrl\":\"https:\\\/\\\/www.bellunopress.it\\\/wp-content\\\/uploads\\\/2011\\\/05\\\/cropped-logo-bellunopress-.jpg\",\"width\":512,\"height\":512,\"caption\":\"Bellunopress\"},\"image\":{\"@id\":\"https:\\\/\\\/www.bellunopress.it\\\/#\\\/schema\\\/logo\\\/image\\\/\"},\"sameAs\":[\"https:\\\/\\\/www.facebook.com\\\/profile.php?id=100008943462799\",\"https:\\\/\\\/x.com\\\/bellunopress\",\"https:\\\/\\\/www.linkedin.com\\\/hp\\\/?dnr=JBzUWaJfMUw8vbXJJ2tVW5-I3jZKvC4wsoxE&amp;amp;amp;amp;amp;amp;trk=nav_responsive_tab_home\",\"https:\\\/\\\/www.youtube.com\\\/channel\\\/UCxL0wu1uN0_3_7hGG0306cw\"]},{\"@type\":\"Person\",\"@id\":\"https:\\\/\\\/www.bellunopress.it\\\/#\\\/schema\\\/person\\\/79bb06722b37ece1c03d3e94beb30d73\",\"name\":\"redazione\",\"image\":{\"@type\":\"ImageObject\",\"inLanguage\":\"fr-FR\",\"@id\":\"https:\\\/\\\/secure.gravatar.com\\\/avatar\\\/37d968a2e67a6fd04c169c4bdef102d0bc5d31b2546345219e348575eb80e9a0?s=96&d=mm&r=g\",\"url\":\"https:\\\/\\\/secure.gravatar.com\\\/avatar\\\/37d968a2e67a6fd04c169c4bdef102d0bc5d31b2546345219e348575eb80e9a0?s=96&d=mm&r=g\",\"contentUrl\":\"https:\\\/\\\/secure.gravatar.com\\\/avatar\\\/37d968a2e67a6fd04c169c4bdef102d0bc5d31b2546345219e348575eb80e9a0?s=96&d=mm&r=g\",\"caption\":\"redazione\"},\"sameAs\":[\"http:\\\/\\\/www.bellunopress.it\",\"https:\\\/\\\/x.com\\\/bellunopress\"],\"url\":\"https:\\\/\\\/www.bellunopress.it\\\/fr\\\/author\\\/redazione\\\/\"}]}<\/script>\n<!-- \/ Yoast SEO plugin. -->","yoast_head_json":{"title":"Autunno con il Mese del Libro Alpago: l\u2019anteprima con Antonia Arslan in programma il 25 agosto a Farra d\u2019Alpago - Bellunopress - Dolomiti","robots":{"index":"index","follow":"follow","max-snippet":"max-snippet:-1","max-image-preview":"max-image-preview:large","max-video-preview":"max-video-preview:-1"},"canonical":"https:\/\/www.bellunopress.it\/fr\/2023\/08\/22\/autunno-con-il-mese-del-libro-alpago-lanteprima-con-antonia-arslan-in-programma-il-25-agosto-a-farra-dalpago\/","og_locale":"fr_FR","og_type":"article","og_title":"Autunno con il Mese del Libro Alpago: l\u2019anteprima con Antonia Arslan in programma il 25 agosto a Farra d\u2019Alpago - Bellunopress - Dolomiti","og_description":"Sar\u00e0 la scrittrice di origini armene Antonia Arslan l\u2019ospite dell\u2019anteprima del Mese del Libro Alpago. La rassegna di libri, cultura e attualit\u00e0, giunta quest\u2019anno alla sua 12.a edizione, \u00e8 in programma in Alpago dal 15 settembre fino a fine ottobre. Venerd\u00ec 25 agosto, in sala parrocchiale a Farra d\u2019Alpago, con inizio alle 20.45, l\u2019anteprima con [&hellip;]","og_url":"https:\/\/www.bellunopress.it\/fr\/2023\/08\/22\/autunno-con-il-mese-del-libro-alpago-lanteprima-con-antonia-arslan-in-programma-il-25-agosto-a-farra-dalpago\/","og_site_name":"Bellunopress - Dolomiti","article_publisher":"https:\/\/www.facebook.com\/profile.php?id=100008943462799","article_published_time":"2023-08-22T14:16:59+00:00","og_image":[{"width":800,"height":605,"url":"https:\/\/www.bellunopress.it\/wp-content\/uploads\/2020\/08\/Antonia-Arslan-1_edited.jpg","type":"image\/jpeg"}],"author":"redazione","twitter_card":"summary_large_image","twitter_creator":"@bellunopress","twitter_site":"@bellunopress","twitter_misc":{"\u00c9crit par":"redazione","Dur\u00e9e de lecture estim\u00e9e":"6 minutes"},"schema":{"@context":"https:\/\/schema.org","@graph":[{"@type":"Article","@id":"https:\/\/www.bellunopress.it\/2023\/08\/22\/autunno-con-il-mese-del-libro-alpago-lanteprima-con-antonia-arslan-in-programma-il-25-agosto-a-farra-dalpago\/#article","isPartOf":{"@id":"https:\/\/www.bellunopress.it\/2023\/08\/22\/autunno-con-il-mese-del-libro-alpago-lanteprima-con-antonia-arslan-in-programma-il-25-agosto-a-farra-dalpago\/"},"author":{"name":"redazione","@id":"https:\/\/www.bellunopress.it\/#\/schema\/person\/79bb06722b37ece1c03d3e94beb30d73"},"headline":"Autunno con il Mese del Libro Alpago: l\u2019anteprima con Antonia Arslan in programma il 25 agosto a Farra d\u2019Alpago","datePublished":"2023-08-22T14:16:59+00:00","mainEntityOfPage":{"@id":"https:\/\/www.bellunopress.it\/2023\/08\/22\/autunno-con-il-mese-del-libro-alpago-lanteprima-con-antonia-arslan-in-programma-il-25-agosto-a-farra-dalpago\/"},"wordCount":1192,"publisher":{"@id":"https:\/\/www.bellunopress.it\/#organization"},"image":{"@id":"https:\/\/www.bellunopress.it\/2023\/08\/22\/autunno-con-il-mese-del-libro-alpago-lanteprima-con-antonia-arslan-in-programma-il-25-agosto-a-farra-dalpago\/#primaryimage"},"thumbnailUrl":"https:\/\/www.bellunopress.it\/wp-content\/uploads\/2020\/08\/Antonia-Arslan-1_edited.jpg","articleSection":["Appuntamenti, Eventi","Arte, Cultura, Spettacoli, Scienza","Pausa Caff\u00e8"],"inLanguage":"fr-FR"},{"@type":"WebPage","@id":"https:\/\/www.bellunopress.it\/2023\/08\/22\/autunno-con-il-mese-del-libro-alpago-lanteprima-con-antonia-arslan-in-programma-il-25-agosto-a-farra-dalpago\/","url":"https:\/\/www.bellunopress.it\/2023\/08\/22\/autunno-con-il-mese-del-libro-alpago-lanteprima-con-antonia-arslan-in-programma-il-25-agosto-a-farra-dalpago\/","name":"Autunno con il Mese del Libro Alpago: l\u2019anteprima con Antonia Arslan in programma il 25 agosto a Farra d\u2019Alpago - Bellunopress - Dolomiti","isPartOf":{"@id":"https:\/\/www.bellunopress.it\/#website"},"primaryImageOfPage":{"@id":"https:\/\/www.bellunopress.it\/2023\/08\/22\/autunno-con-il-mese-del-libro-alpago-lanteprima-con-antonia-arslan-in-programma-il-25-agosto-a-farra-dalpago\/#primaryimage"},"image":{"@id":"https:\/\/www.bellunopress.it\/2023\/08\/22\/autunno-con-il-mese-del-libro-alpago-lanteprima-con-antonia-arslan-in-programma-il-25-agosto-a-farra-dalpago\/#primaryimage"},"thumbnailUrl":"https:\/\/www.bellunopress.it\/wp-content\/uploads\/2020\/08\/Antonia-Arslan-1_edited.jpg","datePublished":"2023-08-22T14:16:59+00:00","breadcrumb":{"@id":"https:\/\/www.bellunopress.it\/2023\/08\/22\/autunno-con-il-mese-del-libro-alpago-lanteprima-con-antonia-arslan-in-programma-il-25-agosto-a-farra-dalpago\/#breadcrumb"},"inLanguage":"fr-FR","potentialAction":[{"@type":"ReadAction","target":["https:\/\/www.bellunopress.it\/2023\/08\/22\/autunno-con-il-mese-del-libro-alpago-lanteprima-con-antonia-arslan-in-programma-il-25-agosto-a-farra-dalpago\/"]}]},{"@type":"ImageObject","inLanguage":"fr-FR","@id":"https:\/\/www.bellunopress.it\/2023\/08\/22\/autunno-con-il-mese-del-libro-alpago-lanteprima-con-antonia-arslan-in-programma-il-25-agosto-a-farra-dalpago\/#primaryimage","url":"https:\/\/www.bellunopress.it\/wp-content\/uploads\/2020\/08\/Antonia-Arslan-1_edited.jpg","contentUrl":"https:\/\/www.bellunopress.it\/wp-content\/uploads\/2020\/08\/Antonia-Arslan-1_edited.jpg","width":800,"height":605,"caption":"Antonia Arslan"},{"@type":"BreadcrumbList","@id":"https:\/\/www.bellunopress.it\/2023\/08\/22\/autunno-con-il-mese-del-libro-alpago-lanteprima-con-antonia-arslan-in-programma-il-25-agosto-a-farra-dalpago\/#breadcrumb","itemListElement":[{"@type":"ListItem","position":1,"name":"Home","item":"https:\/\/www.bellunopress.it\/"},{"@type":"ListItem","position":2,"name":"Autunno con il Mese del Libro Alpago: l\u2019anteprima con Antonia Arslan in programma il 25 agosto a Farra d\u2019Alpago"}]},{"@type":"WebSite","@id":"https:\/\/www.bellunopress.it\/#website","url":"https:\/\/www.bellunopress.it\/","name":"Bellunopress - Dolomiti","description":"e-mail: redazione@bellunopress.it","publisher":{"@id":"https:\/\/www.bellunopress.it\/#organization"},"potentialAction":[{"@type":"SearchAction","target":{"@type":"EntryPoint","urlTemplate":"https:\/\/www.bellunopress.it\/?s={search_term_string}"},"query-input":{"@type":"PropertyValueSpecification","valueRequired":true,"valueName":"search_term_string"}}],"inLanguage":"fr-FR"},{"@type":"Organization","@id":"https:\/\/www.bellunopress.it\/#organization","name":"Bellunopress","url":"https:\/\/www.bellunopress.it\/","logo":{"@type":"ImageObject","inLanguage":"fr-FR","@id":"https:\/\/www.bellunopress.it\/#\/schema\/logo\/image\/","url":"https:\/\/www.bellunopress.it\/wp-content\/uploads\/2011\/05\/cropped-logo-bellunopress-.jpg","contentUrl":"https:\/\/www.bellunopress.it\/wp-content\/uploads\/2011\/05\/cropped-logo-bellunopress-.jpg","width":512,"height":512,"caption":"Bellunopress"},"image":{"@id":"https:\/\/www.bellunopress.it\/#\/schema\/logo\/image\/"},"sameAs":["https:\/\/www.facebook.com\/profile.php?id=100008943462799","https:\/\/x.com\/bellunopress","https:\/\/www.linkedin.com\/hp\/?dnr=JBzUWaJfMUw8vbXJJ2tVW5-I3jZKvC4wsoxE&amp;amp;amp;amp;amp;amp;trk=nav_responsive_tab_home","https:\/\/www.youtube.com\/channel\/UCxL0wu1uN0_3_7hGG0306cw"]},{"@type":"Person","@id":"https:\/\/www.bellunopress.it\/#\/schema\/person\/79bb06722b37ece1c03d3e94beb30d73","name":"r\u00e9daction","image":{"@type":"ImageObject","inLanguage":"fr-FR","@id":"https:\/\/secure.gravatar.com\/avatar\/37d968a2e67a6fd04c169c4bdef102d0bc5d31b2546345219e348575eb80e9a0?s=96&d=mm&r=g","url":"https:\/\/secure.gravatar.com\/avatar\/37d968a2e67a6fd04c169c4bdef102d0bc5d31b2546345219e348575eb80e9a0?s=96&d=mm&r=g","contentUrl":"https:\/\/secure.gravatar.com\/avatar\/37d968a2e67a6fd04c169c4bdef102d0bc5d31b2546345219e348575eb80e9a0?s=96&d=mm&r=g","caption":"redazione"},"sameAs":["http:\/\/www.bellunopress.it","https:\/\/x.com\/bellunopress"],"url":"https:\/\/www.bellunopress.it\/fr\/author\/redazione\/"}]}},"_links":{"self":[{"href":"https:\/\/www.bellunopress.it\/fr\/wp-json\/wp\/v2\/posts\/143629","targetHints":{"allow":["GET"]}}],"collection":[{"href":"https:\/\/www.bellunopress.it\/fr\/wp-json\/wp\/v2\/posts"}],"about":[{"href":"https:\/\/www.bellunopress.it\/fr\/wp-json\/wp\/v2\/types\/post"}],"author":[{"embeddable":true,"href":"https:\/\/www.bellunopress.it\/fr\/wp-json\/wp\/v2\/users\/2"}],"replies":[{"embeddable":true,"href":"https:\/\/www.bellunopress.it\/fr\/wp-json\/wp\/v2\/comments?post=143629"}],"version-history":[{"count":1,"href":"https:\/\/www.bellunopress.it\/fr\/wp-json\/wp\/v2\/posts\/143629\/revisions"}],"predecessor-version":[{"id":143630,"href":"https:\/\/www.bellunopress.it\/fr\/wp-json\/wp\/v2\/posts\/143629\/revisions\/143630"}],"wp:featuredmedia":[{"embeddable":true,"href":"https:\/\/www.bellunopress.it\/fr\/wp-json\/wp\/v2\/media\/117232"}],"wp:attachment":[{"href":"https:\/\/www.bellunopress.it\/fr\/wp-json\/wp\/v2\/media?parent=143629"}],"wp:term":[{"taxonomy":"category","embeddable":true,"href":"https:\/\/www.bellunopress.it\/fr\/wp-json\/wp\/v2\/categories?post=143629"},{"taxonomy":"post_tag","embeddable":true,"href":"https:\/\/www.bellunopress.it\/fr\/wp-json\/wp\/v2\/tags?post=143629"}],"curies":[{"name":"wp","href":"https:\/\/api.w.org\/{rel}","templated":true}]}}