{"id":143623,"date":"2023-08-22T11:26:40","date_gmt":"2023-08-22T09:26:40","guid":{"rendered":"https:\/\/www.bellunopress.it\/?p=143623"},"modified":"2023-08-22T11:26:40","modified_gmt":"2023-08-22T09:26:40","slug":"volevo-vedere-la-tundra-antonella-giacomini-presenta-il-suo-libro-venerdi-sera-a-tambre-dalpago","status":"publish","type":"post","link":"https:\/\/www.bellunopress.it\/fr\/2023\/08\/22\/volevo-vedere-la-tundra-antonella-giacomini-presenta-il-suo-libro-venerdi-sera-a-tambre-dalpago\/","title":{"rendered":"Volevo vedere la tundra. Antonella Giacomini presenta il suo libro venerd\u00ec sera a Tambre d&#8217;Alpago"},"content":{"rendered":"<figure id=\"attachment_129941\" aria-describedby=\"caption-attachment-129941\" style=\"width: 912px\" class=\"wp-caption alignleft\"><img loading=\"lazy\" decoding=\"async\" class=\"size-full wp-image-129941\" src=\"https:\/\/www.bellunopress.it\/wp-content\/uploads\/2021\/12\/Antonella-Giacomini_edited.jpg\" alt=\"\" width=\"912\" height=\"609\" srcset=\"https:\/\/www.bellunopress.it\/wp-content\/uploads\/2021\/12\/Antonella-Giacomini_edited.jpg 912w, https:\/\/www.bellunopress.it\/wp-content\/uploads\/2021\/12\/Antonella-Giacomini_edited-500x334.jpg 500w, https:\/\/www.bellunopress.it\/wp-content\/uploads\/2021\/12\/Antonella-Giacomini_edited-696x465.jpg 696w, https:\/\/www.bellunopress.it\/wp-content\/uploads\/2021\/12\/Antonella-Giacomini_edited-629x420.jpg 629w\" sizes=\"auto, (max-width: 912px) 100vw, 912px\" \/><figcaption id=\"caption-attachment-129941\" class=\"wp-caption-text\">Antonella Giacomini<\/figcaption><\/figure>\n<p>Appuntamento da non perdere con la zumellese Antonella Giacomini, che, dopo una breve pausa estiva torna a presentare il suo libro \u201cVolevo vedere la tundra\u201d, nella ridente Tambre d\u2019Alpago, venerd\u00ec 25 agosto alle 20:45. La serata, organizzata dalla Sezione del Cai Alpago, si svolger\u00e0 nel Centro Sociale sito in piazza.<\/p>\n<p>Dopo aver accompagnato i presenti nelle terre estreme della Patagonia, con la proiezione del film \u201cRose Selvagge\u201d, che narra la spedizione femminile allo Hielo Continental Sur, Antonella sar\u00e0 affiancata nel raccontare le sue esperienze, tra le quali anche il recente ritorno in Patagonia, dall\u2019amica e collega Loredana Stiletto.<br \/>\nAntonella Giacomini \u00e8 moglie del noto alpinista Manrico Dell\u2019Agnola, che sar\u00e0 presente in sala, ed \u00e8 lui che all\u2019inizio l\u2019ha avviata ai grandi viaggi arrampicatori, ma ben presto il richiamo alla Natura selvaggia che sognava da bambina \u00e8 tornato prepotente cambiando gli orizzonti dell\u2019autrice, che sono diventati per lo pi\u00f9 di neve e di ghiaccio. Dalla Groenlandia alla Patagonia, senza disdegnare la sosta in qualche paese pi\u00f9 caldo, ma sempre lasciandosi ammaliare dalla bellezza selvaggia di una Natura che mette a nudo debolezze, forze personali, ma soprattutto l\u2019intrinseca fragilit\u00e0 del genere umano.<br \/>\nVolevo vedere la tundra (ed. IDEAMONTAGNA 288 pag, 23 euro) non \u00e8 quindi una biografia, ma il frutto di una scrittura quasi catartica, dell\u2019atto di trasferire sulla carta emozioni ed esperienze al fine anche di dar loro permanenza attraverso la condivisione con gli altri.<br \/>\nSi pensa &#8211; spiega Antonella &#8211; che chi scrive un libro lo faccia per gli altri, perch\u00e9 qualcuno lo legga; indubbiamente c\u2019\u00e8 anche questo motivo, comunque io credo che uno \u201cscrittore\u201d, almeno agli inizi della sua carriera &#8211; se mai diventer\u00e0 una carriera &#8211; scriva in primis per se stesso. Ho scritto migliaia di pagine nella mia vita, una valigia piena zeppa di diari di viaggio, ma da tempo sentivo il bisogno di provare a rimettere ordine nelle avventure meravigliose che ho vissuto e soprattutto -con il favore del tempo- fare chiarezza dentro di me trovando il coraggio di confessare le paure provate, le sofferenze subite e capire quanto tutto ci\u00f2 abbia inciso in quello che oggi sono, e sono stata, e quanto ne sia valsa la pena.<\/p>\n<p>Il libro<br \/>\nUna bambina sogna ad occhi aperti avventure incredibili nei luoghi pi\u00f9 remoti della terra, ma \u00e8 un libro, Pastori di renne, che consacra definitivamente la sua curiosit\u00e0 per gli ambienti pi\u00f9 ostili del profondo Nord e Sud e la spinge, da adulta, a cimentarsi in viaggi ed esperienze a volte al limite della sopravvivenza. Questo l\u2019incipit del percorso esplorativo che Antonella Giacomini segue da oltre trent\u2019anni e che trova forma narrativa in Volevo vedere la tundra, quattordici racconti che &#8211; come scrive nella prefazione Silvia Metzeltin &#8211; trasmettono la freschezza autentica di come si vivono davvero le situazioni inaspettate e incresciose, senza caricarne la drammaticit\u00e0 con eroismi, ma neppure minimizzandola, n\u00e9 addolcendone il ricordo, bens\u00ec lasciando emergere, con vena discorsiva non priva di umorismo, anche gli aspetti positivi di quel bisogno intimo dell\u2019andare ad infilarsi in simili scelte, non foriere solo di rischi ma anche di conflitti esistenziali.<\/p>","protected":false},"excerpt":{"rendered":"<p>Appuntamento da non perdere con la zumellese Antonella Giacomini, che, dopo una breve pausa estiva torna a presentare il suo libro \u201cVolevo vedere la tundra\u201d, nella ridente Tambre d\u2019Alpago, venerd\u00ec 25 agosto alle 20:45. La serata, organizzata dalla Sezione del Cai Alpago, si svolger\u00e0 nel Centro Sociale sito in piazza. Dopo aver accompagnato i presenti [&hellip;]<\/p>\n","protected":false},"author":2,"featured_media":129941,"comment_status":"closed","ping_status":"open","sticky":false,"template":"","format":"standard","meta":{"footnotes":""},"categories":[27,3,25],"tags":[],"class_list":["post-143623","post","type-post","status-publish","format-standard","has-post-thumbnail","category-appuntamenti","category-arte-cultura-spettacoli-scienza-archivi","category-pausa-caffe"],"yoast_head":"<!-- This site is optimized with the Yoast SEO plugin v28.4 - https:\/\/yoast.com\/product\/yoast-seo-wordpress\/ -->\n<title>Volevo vedere la tundra. Antonella Giacomini presenta il suo libro venerd\u00ec sera a Tambre d&#039;Alpago - Bellunopress - Dolomiti<\/title>\n<meta name=\"robots\" content=\"index, follow, max-snippet:-1, max-image-preview:large, max-video-preview:-1\" \/>\n<link rel=\"canonical\" href=\"https:\/\/www.bellunopress.it\/fr\/2023\/08\/22\/volevo-vedere-la-tundra-antonella-giacomini-presenta-il-suo-libro-venerdi-sera-a-tambre-dalpago\/\" \/>\n<meta property=\"og:locale\" content=\"fr_FR\" \/>\n<meta property=\"og:type\" content=\"article\" \/>\n<meta property=\"og:title\" content=\"Volevo vedere la tundra. Antonella Giacomini presenta il suo libro venerd\u00ec sera a Tambre d&#039;Alpago - Bellunopress - Dolomiti\" \/>\n<meta property=\"og:description\" content=\"Appuntamento da non perdere con la zumellese Antonella Giacomini, che, dopo una breve pausa estiva torna a presentare il suo libro \u201cVolevo vedere la tundra\u201d, nella ridente Tambre d\u2019Alpago, venerd\u00ec 25 agosto alle 20:45. La serata, organizzata dalla Sezione del Cai Alpago, si svolger\u00e0 nel Centro Sociale sito in piazza. Dopo aver accompagnato i presenti [&hellip;]\" \/>\n<meta property=\"og:url\" content=\"https:\/\/www.bellunopress.it\/fr\/2023\/08\/22\/volevo-vedere-la-tundra-antonella-giacomini-presenta-il-suo-libro-venerdi-sera-a-tambre-dalpago\/\" \/>\n<meta property=\"og:site_name\" content=\"Bellunopress - Dolomiti\" \/>\n<meta property=\"article:publisher\" content=\"https:\/\/www.facebook.com\/profile.php?id=100008943462799\" \/>\n<meta property=\"article:published_time\" content=\"2023-08-22T09:26:40+00:00\" \/>\n<meta property=\"og:image\" content=\"https:\/\/www.bellunopress.it\/wp-content\/uploads\/2021\/12\/Antonella-Giacomini_edited.jpg\" \/>\n\t<meta property=\"og:image:width\" content=\"912\" \/>\n\t<meta property=\"og:image:height\" content=\"609\" \/>\n\t<meta property=\"og:image:type\" content=\"image\/jpeg\" \/>\n<meta name=\"author\" content=\"redazione\" \/>\n<meta name=\"twitter:card\" content=\"summary_large_image\" \/>\n<meta name=\"twitter:creator\" content=\"@bellunopress\" \/>\n<meta name=\"twitter:site\" content=\"@bellunopress\" \/>\n<meta name=\"twitter:label1\" content=\"\u00c9crit par\" \/>\n\t<meta name=\"twitter:data1\" content=\"redazione\" \/>\n\t<meta name=\"twitter:label2\" content=\"Dur\u00e9e de lecture estim\u00e9e\" \/>\n\t<meta name=\"twitter:data2\" content=\"3 minutes\" \/>\n<script type=\"application\/ld+json\" class=\"yoast-schema-graph\">{\"@context\":\"https:\\\/\\\/schema.org\",\"@graph\":[{\"@type\":\"Article\",\"@id\":\"https:\\\/\\\/www.bellunopress.it\\\/2023\\\/08\\\/22\\\/volevo-vedere-la-tundra-antonella-giacomini-presenta-il-suo-libro-venerdi-sera-a-tambre-dalpago\\\/#article\",\"isPartOf\":{\"@id\":\"https:\\\/\\\/www.bellunopress.it\\\/2023\\\/08\\\/22\\\/volevo-vedere-la-tundra-antonella-giacomini-presenta-il-suo-libro-venerdi-sera-a-tambre-dalpago\\\/\"},\"author\":{\"name\":\"redazione\",\"@id\":\"https:\\\/\\\/www.bellunopress.it\\\/#\\\/schema\\\/person\\\/79bb06722b37ece1c03d3e94beb30d73\"},\"headline\":\"Volevo vedere la tundra. Antonella Giacomini presenta il suo libro venerd\u00ec sera a Tambre d&#8217;Alpago\",\"datePublished\":\"2023-08-22T09:26:40+00:00\",\"mainEntityOfPage\":{\"@id\":\"https:\\\/\\\/www.bellunopress.it\\\/2023\\\/08\\\/22\\\/volevo-vedere-la-tundra-antonella-giacomini-presenta-il-suo-libro-venerdi-sera-a-tambre-dalpago\\\/\"},\"wordCount\":539,\"publisher\":{\"@id\":\"https:\\\/\\\/www.bellunopress.it\\\/#organization\"},\"image\":{\"@id\":\"https:\\\/\\\/www.bellunopress.it\\\/2023\\\/08\\\/22\\\/volevo-vedere-la-tundra-antonella-giacomini-presenta-il-suo-libro-venerdi-sera-a-tambre-dalpago\\\/#primaryimage\"},\"thumbnailUrl\":\"https:\\\/\\\/www.bellunopress.it\\\/wp-content\\\/uploads\\\/2021\\\/12\\\/Antonella-Giacomini_edited.jpg\",\"articleSection\":[\"Appuntamenti, Eventi\",\"Arte, Cultura, Spettacoli, Scienza\",\"Pausa Caff\u00e8\"],\"inLanguage\":\"fr-FR\"},{\"@type\":\"WebPage\",\"@id\":\"https:\\\/\\\/www.bellunopress.it\\\/2023\\\/08\\\/22\\\/volevo-vedere-la-tundra-antonella-giacomini-presenta-il-suo-libro-venerdi-sera-a-tambre-dalpago\\\/\",\"url\":\"https:\\\/\\\/www.bellunopress.it\\\/2023\\\/08\\\/22\\\/volevo-vedere-la-tundra-antonella-giacomini-presenta-il-suo-libro-venerdi-sera-a-tambre-dalpago\\\/\",\"name\":\"Volevo vedere la tundra. Antonella Giacomini presenta il suo libro venerd\u00ec sera a Tambre d'Alpago - Bellunopress - Dolomiti\",\"isPartOf\":{\"@id\":\"https:\\\/\\\/www.bellunopress.it\\\/#website\"},\"primaryImageOfPage\":{\"@id\":\"https:\\\/\\\/www.bellunopress.it\\\/2023\\\/08\\\/22\\\/volevo-vedere-la-tundra-antonella-giacomini-presenta-il-suo-libro-venerdi-sera-a-tambre-dalpago\\\/#primaryimage\"},\"image\":{\"@id\":\"https:\\\/\\\/www.bellunopress.it\\\/2023\\\/08\\\/22\\\/volevo-vedere-la-tundra-antonella-giacomini-presenta-il-suo-libro-venerdi-sera-a-tambre-dalpago\\\/#primaryimage\"},\"thumbnailUrl\":\"https:\\\/\\\/www.bellunopress.it\\\/wp-content\\\/uploads\\\/2021\\\/12\\\/Antonella-Giacomini_edited.jpg\",\"datePublished\":\"2023-08-22T09:26:40+00:00\",\"breadcrumb\":{\"@id\":\"https:\\\/\\\/www.bellunopress.it\\\/2023\\\/08\\\/22\\\/volevo-vedere-la-tundra-antonella-giacomini-presenta-il-suo-libro-venerdi-sera-a-tambre-dalpago\\\/#breadcrumb\"},\"inLanguage\":\"fr-FR\",\"potentialAction\":[{\"@type\":\"ReadAction\",\"target\":[\"https:\\\/\\\/www.bellunopress.it\\\/2023\\\/08\\\/22\\\/volevo-vedere-la-tundra-antonella-giacomini-presenta-il-suo-libro-venerdi-sera-a-tambre-dalpago\\\/\"]}]},{\"@type\":\"ImageObject\",\"inLanguage\":\"fr-FR\",\"@id\":\"https:\\\/\\\/www.bellunopress.it\\\/2023\\\/08\\\/22\\\/volevo-vedere-la-tundra-antonella-giacomini-presenta-il-suo-libro-venerdi-sera-a-tambre-dalpago\\\/#primaryimage\",\"url\":\"https:\\\/\\\/www.bellunopress.it\\\/wp-content\\\/uploads\\\/2021\\\/12\\\/Antonella-Giacomini_edited.jpg\",\"contentUrl\":\"https:\\\/\\\/www.bellunopress.it\\\/wp-content\\\/uploads\\\/2021\\\/12\\\/Antonella-Giacomini_edited.jpg\",\"width\":912,\"height\":609,\"caption\":\"Antonella Giacomini\"},{\"@type\":\"BreadcrumbList\",\"@id\":\"https:\\\/\\\/www.bellunopress.it\\\/2023\\\/08\\\/22\\\/volevo-vedere-la-tundra-antonella-giacomini-presenta-il-suo-libro-venerdi-sera-a-tambre-dalpago\\\/#breadcrumb\",\"itemListElement\":[{\"@type\":\"ListItem\",\"position\":1,\"name\":\"Home\",\"item\":\"https:\\\/\\\/www.bellunopress.it\\\/\"},{\"@type\":\"ListItem\",\"position\":2,\"name\":\"Volevo vedere la tundra. Antonella Giacomini presenta il suo libro venerd\u00ec sera a Tambre d&#8217;Alpago\"}]},{\"@type\":\"WebSite\",\"@id\":\"https:\\\/\\\/www.bellunopress.it\\\/#website\",\"url\":\"https:\\\/\\\/www.bellunopress.it\\\/\",\"name\":\"Bellunopress - Dolomiti\",\"description\":\"e-mail: redazione@bellunopress.it\",\"publisher\":{\"@id\":\"https:\\\/\\\/www.bellunopress.it\\\/#organization\"},\"potentialAction\":[{\"@type\":\"SearchAction\",\"target\":{\"@type\":\"EntryPoint\",\"urlTemplate\":\"https:\\\/\\\/www.bellunopress.it\\\/?s={search_term_string}\"},\"query-input\":{\"@type\":\"PropertyValueSpecification\",\"valueRequired\":true,\"valueName\":\"search_term_string\"}}],\"inLanguage\":\"fr-FR\"},{\"@type\":\"Organization\",\"@id\":\"https:\\\/\\\/www.bellunopress.it\\\/#organization\",\"name\":\"Bellunopress\",\"url\":\"https:\\\/\\\/www.bellunopress.it\\\/\",\"logo\":{\"@type\":\"ImageObject\",\"inLanguage\":\"fr-FR\",\"@id\":\"https:\\\/\\\/www.bellunopress.it\\\/#\\\/schema\\\/logo\\\/image\\\/\",\"url\":\"https:\\\/\\\/www.bellunopress.it\\\/wp-content\\\/uploads\\\/2011\\\/05\\\/cropped-logo-bellunopress-.jpg\",\"contentUrl\":\"https:\\\/\\\/www.bellunopress.it\\\/wp-content\\\/uploads\\\/2011\\\/05\\\/cropped-logo-bellunopress-.jpg\",\"width\":512,\"height\":512,\"caption\":\"Bellunopress\"},\"image\":{\"@id\":\"https:\\\/\\\/www.bellunopress.it\\\/#\\\/schema\\\/logo\\\/image\\\/\"},\"sameAs\":[\"https:\\\/\\\/www.facebook.com\\\/profile.php?id=100008943462799\",\"https:\\\/\\\/x.com\\\/bellunopress\",\"https:\\\/\\\/www.linkedin.com\\\/hp\\\/?dnr=JBzUWaJfMUw8vbXJJ2tVW5-I3jZKvC4wsoxE&amp;amp;amp;amp;amp;amp;trk=nav_responsive_tab_home\",\"https:\\\/\\\/www.youtube.com\\\/channel\\\/UCxL0wu1uN0_3_7hGG0306cw\"]},{\"@type\":\"Person\",\"@id\":\"https:\\\/\\\/www.bellunopress.it\\\/#\\\/schema\\\/person\\\/79bb06722b37ece1c03d3e94beb30d73\",\"name\":\"redazione\",\"image\":{\"@type\":\"ImageObject\",\"inLanguage\":\"fr-FR\",\"@id\":\"https:\\\/\\\/secure.gravatar.com\\\/avatar\\\/37d968a2e67a6fd04c169c4bdef102d0bc5d31b2546345219e348575eb80e9a0?s=96&d=mm&r=g\",\"url\":\"https:\\\/\\\/secure.gravatar.com\\\/avatar\\\/37d968a2e67a6fd04c169c4bdef102d0bc5d31b2546345219e348575eb80e9a0?s=96&d=mm&r=g\",\"contentUrl\":\"https:\\\/\\\/secure.gravatar.com\\\/avatar\\\/37d968a2e67a6fd04c169c4bdef102d0bc5d31b2546345219e348575eb80e9a0?s=96&d=mm&r=g\",\"caption\":\"redazione\"},\"sameAs\":[\"http:\\\/\\\/www.bellunopress.it\",\"https:\\\/\\\/x.com\\\/bellunopress\"],\"url\":\"https:\\\/\\\/www.bellunopress.it\\\/fr\\\/author\\\/redazione\\\/\"}]}<\/script>\n<!-- \/ Yoast SEO plugin. -->","yoast_head_json":{"title":"Volevo vedere la tundra. Antonella Giacomini presenta il suo libro venerd\u00ec sera a Tambre d'Alpago - Bellunopress - Dolomiti","robots":{"index":"index","follow":"follow","max-snippet":"max-snippet:-1","max-image-preview":"max-image-preview:large","max-video-preview":"max-video-preview:-1"},"canonical":"https:\/\/www.bellunopress.it\/fr\/2023\/08\/22\/volevo-vedere-la-tundra-antonella-giacomini-presenta-il-suo-libro-venerdi-sera-a-tambre-dalpago\/","og_locale":"fr_FR","og_type":"article","og_title":"Volevo vedere la tundra. Antonella Giacomini presenta il suo libro venerd\u00ec sera a Tambre d'Alpago - Bellunopress - Dolomiti","og_description":"Appuntamento da non perdere con la zumellese Antonella Giacomini, che, dopo una breve pausa estiva torna a presentare il suo libro \u201cVolevo vedere la tundra\u201d, nella ridente Tambre d\u2019Alpago, venerd\u00ec 25 agosto alle 20:45. La serata, organizzata dalla Sezione del Cai Alpago, si svolger\u00e0 nel Centro Sociale sito in piazza. Dopo aver accompagnato i presenti [&hellip;]","og_url":"https:\/\/www.bellunopress.it\/fr\/2023\/08\/22\/volevo-vedere-la-tundra-antonella-giacomini-presenta-il-suo-libro-venerdi-sera-a-tambre-dalpago\/","og_site_name":"Bellunopress - Dolomiti","article_publisher":"https:\/\/www.facebook.com\/profile.php?id=100008943462799","article_published_time":"2023-08-22T09:26:40+00:00","og_image":[{"width":912,"height":609,"url":"https:\/\/www.bellunopress.it\/wp-content\/uploads\/2021\/12\/Antonella-Giacomini_edited.jpg","type":"image\/jpeg"}],"author":"redazione","twitter_card":"summary_large_image","twitter_creator":"@bellunopress","twitter_site":"@bellunopress","twitter_misc":{"\u00c9crit par":"redazione","Dur\u00e9e de lecture estim\u00e9e":"3 minutes"},"schema":{"@context":"https:\/\/schema.org","@graph":[{"@type":"Article","@id":"https:\/\/www.bellunopress.it\/2023\/08\/22\/volevo-vedere-la-tundra-antonella-giacomini-presenta-il-suo-libro-venerdi-sera-a-tambre-dalpago\/#article","isPartOf":{"@id":"https:\/\/www.bellunopress.it\/2023\/08\/22\/volevo-vedere-la-tundra-antonella-giacomini-presenta-il-suo-libro-venerdi-sera-a-tambre-dalpago\/"},"author":{"name":"redazione","@id":"https:\/\/www.bellunopress.it\/#\/schema\/person\/79bb06722b37ece1c03d3e94beb30d73"},"headline":"Volevo vedere la tundra. Antonella Giacomini presenta il suo libro venerd\u00ec sera a Tambre d&#8217;Alpago","datePublished":"2023-08-22T09:26:40+00:00","mainEntityOfPage":{"@id":"https:\/\/www.bellunopress.it\/2023\/08\/22\/volevo-vedere-la-tundra-antonella-giacomini-presenta-il-suo-libro-venerdi-sera-a-tambre-dalpago\/"},"wordCount":539,"publisher":{"@id":"https:\/\/www.bellunopress.it\/#organization"},"image":{"@id":"https:\/\/www.bellunopress.it\/2023\/08\/22\/volevo-vedere-la-tundra-antonella-giacomini-presenta-il-suo-libro-venerdi-sera-a-tambre-dalpago\/#primaryimage"},"thumbnailUrl":"https:\/\/www.bellunopress.it\/wp-content\/uploads\/2021\/12\/Antonella-Giacomini_edited.jpg","articleSection":["Appuntamenti, Eventi","Arte, Cultura, Spettacoli, Scienza","Pausa Caff\u00e8"],"inLanguage":"fr-FR"},{"@type":"WebPage","@id":"https:\/\/www.bellunopress.it\/2023\/08\/22\/volevo-vedere-la-tundra-antonella-giacomini-presenta-il-suo-libro-venerdi-sera-a-tambre-dalpago\/","url":"https:\/\/www.bellunopress.it\/2023\/08\/22\/volevo-vedere-la-tundra-antonella-giacomini-presenta-il-suo-libro-venerdi-sera-a-tambre-dalpago\/","name":"Volevo vedere la tundra. Antonella Giacomini presenta il suo libro venerd\u00ec sera a Tambre d'Alpago - Bellunopress - Dolomiti","isPartOf":{"@id":"https:\/\/www.bellunopress.it\/#website"},"primaryImageOfPage":{"@id":"https:\/\/www.bellunopress.it\/2023\/08\/22\/volevo-vedere-la-tundra-antonella-giacomini-presenta-il-suo-libro-venerdi-sera-a-tambre-dalpago\/#primaryimage"},"image":{"@id":"https:\/\/www.bellunopress.it\/2023\/08\/22\/volevo-vedere-la-tundra-antonella-giacomini-presenta-il-suo-libro-venerdi-sera-a-tambre-dalpago\/#primaryimage"},"thumbnailUrl":"https:\/\/www.bellunopress.it\/wp-content\/uploads\/2021\/12\/Antonella-Giacomini_edited.jpg","datePublished":"2023-08-22T09:26:40+00:00","breadcrumb":{"@id":"https:\/\/www.bellunopress.it\/2023\/08\/22\/volevo-vedere-la-tundra-antonella-giacomini-presenta-il-suo-libro-venerdi-sera-a-tambre-dalpago\/#breadcrumb"},"inLanguage":"fr-FR","potentialAction":[{"@type":"ReadAction","target":["https:\/\/www.bellunopress.it\/2023\/08\/22\/volevo-vedere-la-tundra-antonella-giacomini-presenta-il-suo-libro-venerdi-sera-a-tambre-dalpago\/"]}]},{"@type":"ImageObject","inLanguage":"fr-FR","@id":"https:\/\/www.bellunopress.it\/2023\/08\/22\/volevo-vedere-la-tundra-antonella-giacomini-presenta-il-suo-libro-venerdi-sera-a-tambre-dalpago\/#primaryimage","url":"https:\/\/www.bellunopress.it\/wp-content\/uploads\/2021\/12\/Antonella-Giacomini_edited.jpg","contentUrl":"https:\/\/www.bellunopress.it\/wp-content\/uploads\/2021\/12\/Antonella-Giacomini_edited.jpg","width":912,"height":609,"caption":"Antonella Giacomini"},{"@type":"BreadcrumbList","@id":"https:\/\/www.bellunopress.it\/2023\/08\/22\/volevo-vedere-la-tundra-antonella-giacomini-presenta-il-suo-libro-venerdi-sera-a-tambre-dalpago\/#breadcrumb","itemListElement":[{"@type":"ListItem","position":1,"name":"Home","item":"https:\/\/www.bellunopress.it\/"},{"@type":"ListItem","position":2,"name":"Volevo vedere la tundra. Antonella Giacomini presenta il suo libro venerd\u00ec sera a Tambre d&#8217;Alpago"}]},{"@type":"WebSite","@id":"https:\/\/www.bellunopress.it\/#website","url":"https:\/\/www.bellunopress.it\/","name":"Bellunopress - Dolomiti","description":"e-mail: redazione@bellunopress.it","publisher":{"@id":"https:\/\/www.bellunopress.it\/#organization"},"potentialAction":[{"@type":"SearchAction","target":{"@type":"EntryPoint","urlTemplate":"https:\/\/www.bellunopress.it\/?s={search_term_string}"},"query-input":{"@type":"PropertyValueSpecification","valueRequired":true,"valueName":"search_term_string"}}],"inLanguage":"fr-FR"},{"@type":"Organization","@id":"https:\/\/www.bellunopress.it\/#organization","name":"Bellunopress","url":"https:\/\/www.bellunopress.it\/","logo":{"@type":"ImageObject","inLanguage":"fr-FR","@id":"https:\/\/www.bellunopress.it\/#\/schema\/logo\/image\/","url":"https:\/\/www.bellunopress.it\/wp-content\/uploads\/2011\/05\/cropped-logo-bellunopress-.jpg","contentUrl":"https:\/\/www.bellunopress.it\/wp-content\/uploads\/2011\/05\/cropped-logo-bellunopress-.jpg","width":512,"height":512,"caption":"Bellunopress"},"image":{"@id":"https:\/\/www.bellunopress.it\/#\/schema\/logo\/image\/"},"sameAs":["https:\/\/www.facebook.com\/profile.php?id=100008943462799","https:\/\/x.com\/bellunopress","https:\/\/www.linkedin.com\/hp\/?dnr=JBzUWaJfMUw8vbXJJ2tVW5-I3jZKvC4wsoxE&amp;amp;amp;amp;amp;amp;trk=nav_responsive_tab_home","https:\/\/www.youtube.com\/channel\/UCxL0wu1uN0_3_7hGG0306cw"]},{"@type":"Person","@id":"https:\/\/www.bellunopress.it\/#\/schema\/person\/79bb06722b37ece1c03d3e94beb30d73","name":"r\u00e9daction","image":{"@type":"ImageObject","inLanguage":"fr-FR","@id":"https:\/\/secure.gravatar.com\/avatar\/37d968a2e67a6fd04c169c4bdef102d0bc5d31b2546345219e348575eb80e9a0?s=96&d=mm&r=g","url":"https:\/\/secure.gravatar.com\/avatar\/37d968a2e67a6fd04c169c4bdef102d0bc5d31b2546345219e348575eb80e9a0?s=96&d=mm&r=g","contentUrl":"https:\/\/secure.gravatar.com\/avatar\/37d968a2e67a6fd04c169c4bdef102d0bc5d31b2546345219e348575eb80e9a0?s=96&d=mm&r=g","caption":"redazione"},"sameAs":["http:\/\/www.bellunopress.it","https:\/\/x.com\/bellunopress"],"url":"https:\/\/www.bellunopress.it\/fr\/author\/redazione\/"}]}},"_links":{"self":[{"href":"https:\/\/www.bellunopress.it\/fr\/wp-json\/wp\/v2\/posts\/143623","targetHints":{"allow":["GET"]}}],"collection":[{"href":"https:\/\/www.bellunopress.it\/fr\/wp-json\/wp\/v2\/posts"}],"about":[{"href":"https:\/\/www.bellunopress.it\/fr\/wp-json\/wp\/v2\/types\/post"}],"author":[{"embeddable":true,"href":"https:\/\/www.bellunopress.it\/fr\/wp-json\/wp\/v2\/users\/2"}],"replies":[{"embeddable":true,"href":"https:\/\/www.bellunopress.it\/fr\/wp-json\/wp\/v2\/comments?post=143623"}],"version-history":[{"count":1,"href":"https:\/\/www.bellunopress.it\/fr\/wp-json\/wp\/v2\/posts\/143623\/revisions"}],"predecessor-version":[{"id":143624,"href":"https:\/\/www.bellunopress.it\/fr\/wp-json\/wp\/v2\/posts\/143623\/revisions\/143624"}],"wp:featuredmedia":[{"embeddable":true,"href":"https:\/\/www.bellunopress.it\/fr\/wp-json\/wp\/v2\/media\/129941"}],"wp:attachment":[{"href":"https:\/\/www.bellunopress.it\/fr\/wp-json\/wp\/v2\/media?parent=143623"}],"wp:term":[{"taxonomy":"category","embeddable":true,"href":"https:\/\/www.bellunopress.it\/fr\/wp-json\/wp\/v2\/categories?post=143623"},{"taxonomy":"post_tag","embeddable":true,"href":"https:\/\/www.bellunopress.it\/fr\/wp-json\/wp\/v2\/tags?post=143623"}],"curies":[{"name":"wp","href":"https:\/\/api.w.org\/{rel}","templated":true}]}}