{"id":143621,"date":"2023-08-22T11:07:32","date_gmt":"2023-08-22T09:07:32","guid":{"rendered":"https:\/\/www.bellunopress.it\/?p=143621"},"modified":"2023-08-22T11:07:32","modified_gmt":"2023-08-22T09:07:32","slug":"consorzio-forestale-dal-farra-belluno-alpina-realizzarlo-al-piu-presto-per-far-vivere-il-comprensorio-prealpino-serve-curare-lambiente","status":"publish","type":"post","link":"https:\/\/www.bellunopress.it\/fr\/2023\/08\/22\/consorzio-forestale-dal-farra-belluno-alpina-realizzarlo-al-piu-presto-per-far-vivere-il-comprensorio-prealpino-serve-curare-lambiente\/","title":{"rendered":"Consorzio forestale. Dal Farra (Belluno Alpina): \u201dRealizzarlo al pi\u00f9 presto. Per far vivere il comprensorio prealpino serve curare l&#8217;ambiente"},"content":{"rendered":"<figure id=\"attachment_114400\" aria-describedby=\"caption-attachment-114400\" style=\"width: 645px\" class=\"wp-caption alignleft\"><img loading=\"lazy\" decoding=\"async\" class=\"size-full wp-image-114400\" src=\"https:\/\/www.bellunopress.it\/wp-content\/uploads\/2020\/05\/Gimmy-Dal-Farra-Belluno-Alpina_edited.jpg\" alt=\"\" width=\"645\" height=\"800\" srcset=\"https:\/\/www.bellunopress.it\/wp-content\/uploads\/2020\/05\/Gimmy-Dal-Farra-Belluno-Alpina_edited.jpg 645w, https:\/\/www.bellunopress.it\/wp-content\/uploads\/2020\/05\/Gimmy-Dal-Farra-Belluno-Alpina_edited-403x500.jpg 403w, https:\/\/www.bellunopress.it\/wp-content\/uploads\/2020\/05\/Gimmy-Dal-Farra-Belluno-Alpina_edited-339x420.jpg 339w\" sizes=\"auto, (max-width: 645px) 100vw, 645px\" \/><figcaption id=\"caption-attachment-114400\" class=\"wp-caption-text\">Gimmy Dal Farra &#8211; Belluno Alpina<\/figcaption><\/figure>\n<p>\u201cPer vivere, far vivere e rilanciare l&#8217;intero comprensorio prealpino, serve curare l&#8217;ambiente delle sue frazioni, creando possibilit\u00e0 per i turisti e i residenti. Anche alla luce della nascita del nuovo Cluster della filiera del legno, si fa quindi sempre pi\u00f9 urgente la nascita di un consorzio forestale pubblico-privato che, grazie alle recenti novit\u00e0 normative, potrebbe vedere anche l&#8217;ingresso di un partner di esperienza e spessore del calibro di Veneto Agricoltura\u201d: l&#8217;associazione Belluno Alpina rilancia il tema del consorzio forestale, alla luce delle novit\u00e0 legislative ma anche economiche intorno al Colle.<\/p>\n<p>\u201cAbbiamo seguito con interesse la presentazione delle proposte di Nevegal 365; senza entrare nel merito, \u00e8 indubbio che tutto l&#8217;ambiente circostante \u2013 boschi, sentieri, piste,&#8230; &#8211; va curato e reso all&#8217;altezza dell&#8217;accoglienza dei turisti, ma \u00e8 fondamentale anche per trattenere e attirare residenti; inoltre, c&#8217;\u00e8 l&#8217;importante risvolto economico che pu\u00f2 arrivare dalla vendita del legname e dalla valorizzazione locale della filiera del legno, che serviranno anche da incentivo ai privati per curare e rendere redditizi i loro boschi oggi abbandonati. &#8211; continuano dall&#8217;associazione. &#8211; Ci rifacciamo sempre al nostro progetto antispopolamento Ronce 2020, un progetto nato dal basso che in questi anni ha portato alla progettazione e prossima realizzazione del lago a scopo naturalistico e di protezione del bosco; ora ci stiamo attivando per la ricerca di finanziamenti per il completamento della strada da Valdart a Valpiana per collegare queste localit\u00e0 turistiche all&#8217;area del nuovo lago, la sistemazione della strada comunale interna, ma anche investimenti per affittacamere e ristrutturazioni dei ruderi, la ripresa del progetto Habitat per dare un punto di riferimento e servizi alla comunit\u00e0\u201d.<\/p>\n<p>Un grosso aiuto potrebbe arrivare in questo senso dai bandi regionali, non ultimo quello che finanziato dal PSR mette a disposizione 5,6 milioni di euro per la realizzazione e il miglioramento delle \u201cinfrastrutture ad uso collettivo e pubblico, in particolare la viabilit\u00e0 forestale e silvo-pastorale\u201d.<br \/>\n\u201cVogliamo lavorare per rendere pulito l&#8217;ambiente, e per farlo serve che ci sia una realt\u00e0 dedicata che si occupi dei territori dai 600 metri di quota in su perch\u00e9 questo \u00e8 il tasto dolente per tutti i comuni. Noi volontari e residenti possiamo fare qualche giornata, ma qui servono mezzi e personale adeguato: &#8211; proseguono da Belluno Alpina &#8211; la giornata di pulizia dei sentieri ci ha infatti mostrato come anche le strade secondarie siano impraticabili, strade che un tempo servizi forestali o Unione Montana provvedevano a ripulire e che ora sembrano abbandonate a loro stesse; ci sono 4mila ettari di bosco dove alberi e piante crescono e cadono in maniera incontrollata\u201d.<\/p>\n<p>\u201cPer questo, \u00e8 fondamentale l&#8217;istituzione di un consorzio forestale che si prenda in carico la gestione di questo territorio, con la partecipazione o in convenzione con le realt\u00e0 pubbliche che possano sostenerlo nella partecipazione a bandi e nell&#8217;intercettare fondi. In questo senso, la possibilit\u00e0 recentemente emersa di un ingresso di Veneto Agricoltura nei consorzi forestali direttamente come socio rappresenta una svolta che non va persa, soprattutto guardando all&#8217;imminente uscita di bandi regionali su questi temi e ai fondi Leader gestiti dal GAL. I sindaci si attivino quindi al pi\u00f9 presto con i loro uffici e i segretari comunali per partecipare a questi bandi e studiare lo statuto per il nuovo consorzio forestale. In questa fase di partenza, il pubblico deve fare da traino e propulsore, per indicare la via ed essere da esempio: deve credere nelle manutenzioni, che portano un ambiente migliore e generano economia attraverso la vendita del legname e le attivit\u00e0 legate al turismo. &#8211; proseguono dall&#8217;associazione &#8211; Bisogna partire al pi\u00f9 presto, per fermare l&#8217;avanzata del bosco e per sfruttare fin da subito le opportunit\u00e0 che a livello nazionale e regionale stanno nascendo. La sede c&#8217;\u00e8 gi\u00e0: l&#8217;ex scuola di Ronce, per la quale esiste un progetto di recupero e che sarebbe perfettamente inserita nel contesto forestale. Servono uomini, una squadra per i lavori e un dottore forestale per lo studio e il coordinamento; al comprensorio non serve un nuovo ente, n\u00e9 tanto meno l&#8217;ennesimo carrozzone: serve un&#8217;azienda che possa veramente contare su gente del fare\u201d.<\/p>\n<p>Nel frattempo, nelle prossime settimane Belluno Alpina vuole organizzare un incontro con il presidente del consorzio forestale della Valvestino e quello di Ponte di Legno, entrambi dal Bresciano, e altri due rappresentanti dei consorzi di Edolo e dell&#8217;Alta della Valcamonica, che saranno ospitati nel comprensorio prealpino per poter mostrare loro il territorio: \u201cRicambiamo cos\u00ec l&#8217;ospitalit\u00e0 ricevuta in occasione della nostra visita in Lombardia di qualche anno fa e sfrutteremo questo incontro per parlare a quattr&#8217;occhi dei temi e delle problematiche che ci accomunano. L\u00ec sono presenti da oltre 30 anni ben 24 consorzi forestali che si occupano di manutenzione del territorio boschivo, ma anche di attivit\u00e0 di tipo turistico, culturale e di promozione; un&#8217;esperienza che vorremmo portare anche da noi\u201d, concludono da Belluno Alpina.<\/p>\n<p>&nbsp;<\/p>\n<p>&nbsp;<\/p>","protected":false},"excerpt":{"rendered":"<p>\u201cPer vivere, far vivere e rilanciare l&#8217;intero comprensorio prealpino, serve curare l&#8217;ambiente delle sue frazioni, creando possibilit\u00e0 per i turisti e i residenti. Anche alla luce della nascita del nuovo Cluster della filiera del legno, si fa quindi sempre pi\u00f9 urgente la nascita di un consorzio forestale pubblico-privato che, grazie alle recenti novit\u00e0 normative, potrebbe [&hellip;]<\/p>\n","protected":false},"author":2,"featured_media":114400,"comment_status":"closed","ping_status":"open","sticky":false,"template":"","format":"standard","meta":{"footnotes":""},"categories":[26,8],"tags":[],"class_list":["post-143621","post","type-post","status-publish","format-standard","has-post-thumbnail","category-prima-pagina","category-societa-istituzioni"],"yoast_head":"<!-- This site is optimized with the Yoast SEO plugin v28.4 - https:\/\/yoast.com\/product\/yoast-seo-wordpress\/ -->\n<title>Consorzio forestale. Dal Farra (Belluno Alpina): \u201dRealizzarlo al pi\u00f9 presto. Per far vivere il comprensorio prealpino serve curare l&#039;ambiente - Bellunopress - Dolomiti<\/title>\n<meta name=\"robots\" content=\"index, follow, max-snippet:-1, max-image-preview:large, max-video-preview:-1\" \/>\n<link rel=\"canonical\" href=\"https:\/\/www.bellunopress.it\/fr\/2023\/08\/22\/consorzio-forestale-dal-farra-belluno-alpina-realizzarlo-al-piu-presto-per-far-vivere-il-comprensorio-prealpino-serve-curare-lambiente\/\" \/>\n<meta property=\"og:locale\" content=\"fr_FR\" \/>\n<meta property=\"og:type\" content=\"article\" \/>\n<meta property=\"og:title\" content=\"Consorzio forestale. Dal Farra (Belluno Alpina): \u201dRealizzarlo al pi\u00f9 presto. Per far vivere il comprensorio prealpino serve curare l&#039;ambiente - Bellunopress - Dolomiti\" \/>\n<meta property=\"og:description\" content=\"\u201cPer vivere, far vivere e rilanciare l&#8217;intero comprensorio prealpino, serve curare l&#8217;ambiente delle sue frazioni, creando possibilit\u00e0 per i turisti e i residenti. Anche alla luce della nascita del nuovo Cluster della filiera del legno, si fa quindi sempre pi\u00f9 urgente la nascita di un consorzio forestale pubblico-privato che, grazie alle recenti novit\u00e0 normative, potrebbe [&hellip;]\" \/>\n<meta property=\"og:url\" content=\"https:\/\/www.bellunopress.it\/fr\/2023\/08\/22\/consorzio-forestale-dal-farra-belluno-alpina-realizzarlo-al-piu-presto-per-far-vivere-il-comprensorio-prealpino-serve-curare-lambiente\/\" \/>\n<meta property=\"og:site_name\" content=\"Bellunopress - Dolomiti\" \/>\n<meta property=\"article:publisher\" content=\"https:\/\/www.facebook.com\/profile.php?id=100008943462799\" \/>\n<meta property=\"article:published_time\" content=\"2023-08-22T09:07:32+00:00\" \/>\n<meta property=\"og:image\" content=\"https:\/\/www.bellunopress.it\/wp-content\/uploads\/2020\/05\/Gimmy-Dal-Farra-Belluno-Alpina_edited.jpg\" \/>\n\t<meta property=\"og:image:width\" content=\"645\" \/>\n\t<meta property=\"og:image:height\" content=\"800\" \/>\n\t<meta property=\"og:image:type\" content=\"image\/jpeg\" \/>\n<meta name=\"author\" content=\"redazione\" \/>\n<meta name=\"twitter:card\" content=\"summary_large_image\" \/>\n<meta name=\"twitter:creator\" content=\"@bellunopress\" \/>\n<meta name=\"twitter:site\" content=\"@bellunopress\" \/>\n<meta name=\"twitter:label1\" content=\"\u00c9crit par\" \/>\n\t<meta name=\"twitter:data1\" content=\"redazione\" \/>\n\t<meta name=\"twitter:label2\" content=\"Dur\u00e9e de lecture estim\u00e9e\" \/>\n\t<meta name=\"twitter:data2\" content=\"4 minutes\" \/>\n<script type=\"application\/ld+json\" class=\"yoast-schema-graph\">{\"@context\":\"https:\\\/\\\/schema.org\",\"@graph\":[{\"@type\":\"Article\",\"@id\":\"https:\\\/\\\/www.bellunopress.it\\\/2023\\\/08\\\/22\\\/consorzio-forestale-dal-farra-belluno-alpina-realizzarlo-al-piu-presto-per-far-vivere-il-comprensorio-prealpino-serve-curare-lambiente\\\/#article\",\"isPartOf\":{\"@id\":\"https:\\\/\\\/www.bellunopress.it\\\/2023\\\/08\\\/22\\\/consorzio-forestale-dal-farra-belluno-alpina-realizzarlo-al-piu-presto-per-far-vivere-il-comprensorio-prealpino-serve-curare-lambiente\\\/\"},\"author\":{\"name\":\"redazione\",\"@id\":\"https:\\\/\\\/www.bellunopress.it\\\/#\\\/schema\\\/person\\\/79bb06722b37ece1c03d3e94beb30d73\"},\"headline\":\"Consorzio forestale. Dal Farra (Belluno Alpina): \u201dRealizzarlo al pi\u00f9 presto. Per far vivere il comprensorio prealpino serve curare l&#8217;ambiente\",\"datePublished\":\"2023-08-22T09:07:32+00:00\",\"mainEntityOfPage\":{\"@id\":\"https:\\\/\\\/www.bellunopress.it\\\/2023\\\/08\\\/22\\\/consorzio-forestale-dal-farra-belluno-alpina-realizzarlo-al-piu-presto-per-far-vivere-il-comprensorio-prealpino-serve-curare-lambiente\\\/\"},\"wordCount\":843,\"publisher\":{\"@id\":\"https:\\\/\\\/www.bellunopress.it\\\/#organization\"},\"image\":{\"@id\":\"https:\\\/\\\/www.bellunopress.it\\\/2023\\\/08\\\/22\\\/consorzio-forestale-dal-farra-belluno-alpina-realizzarlo-al-piu-presto-per-far-vivere-il-comprensorio-prealpino-serve-curare-lambiente\\\/#primaryimage\"},\"thumbnailUrl\":\"https:\\\/\\\/www.bellunopress.it\\\/wp-content\\\/uploads\\\/2020\\\/05\\\/Gimmy-Dal-Farra-Belluno-Alpina_edited.jpg\",\"articleSection\":[\"Prima Pagina\",\"Societ\u00e0, Associazioni, Istituzioni\"],\"inLanguage\":\"fr-FR\"},{\"@type\":\"WebPage\",\"@id\":\"https:\\\/\\\/www.bellunopress.it\\\/2023\\\/08\\\/22\\\/consorzio-forestale-dal-farra-belluno-alpina-realizzarlo-al-piu-presto-per-far-vivere-il-comprensorio-prealpino-serve-curare-lambiente\\\/\",\"url\":\"https:\\\/\\\/www.bellunopress.it\\\/2023\\\/08\\\/22\\\/consorzio-forestale-dal-farra-belluno-alpina-realizzarlo-al-piu-presto-per-far-vivere-il-comprensorio-prealpino-serve-curare-lambiente\\\/\",\"name\":\"Consorzio forestale. Dal Farra (Belluno Alpina): \u201dRealizzarlo al pi\u00f9 presto. Per far vivere il comprensorio prealpino serve curare l'ambiente - Bellunopress - Dolomiti\",\"isPartOf\":{\"@id\":\"https:\\\/\\\/www.bellunopress.it\\\/#website\"},\"primaryImageOfPage\":{\"@id\":\"https:\\\/\\\/www.bellunopress.it\\\/2023\\\/08\\\/22\\\/consorzio-forestale-dal-farra-belluno-alpina-realizzarlo-al-piu-presto-per-far-vivere-il-comprensorio-prealpino-serve-curare-lambiente\\\/#primaryimage\"},\"image\":{\"@id\":\"https:\\\/\\\/www.bellunopress.it\\\/2023\\\/08\\\/22\\\/consorzio-forestale-dal-farra-belluno-alpina-realizzarlo-al-piu-presto-per-far-vivere-il-comprensorio-prealpino-serve-curare-lambiente\\\/#primaryimage\"},\"thumbnailUrl\":\"https:\\\/\\\/www.bellunopress.it\\\/wp-content\\\/uploads\\\/2020\\\/05\\\/Gimmy-Dal-Farra-Belluno-Alpina_edited.jpg\",\"datePublished\":\"2023-08-22T09:07:32+00:00\",\"breadcrumb\":{\"@id\":\"https:\\\/\\\/www.bellunopress.it\\\/2023\\\/08\\\/22\\\/consorzio-forestale-dal-farra-belluno-alpina-realizzarlo-al-piu-presto-per-far-vivere-il-comprensorio-prealpino-serve-curare-lambiente\\\/#breadcrumb\"},\"inLanguage\":\"fr-FR\",\"potentialAction\":[{\"@type\":\"ReadAction\",\"target\":[\"https:\\\/\\\/www.bellunopress.it\\\/2023\\\/08\\\/22\\\/consorzio-forestale-dal-farra-belluno-alpina-realizzarlo-al-piu-presto-per-far-vivere-il-comprensorio-prealpino-serve-curare-lambiente\\\/\"]}]},{\"@type\":\"ImageObject\",\"inLanguage\":\"fr-FR\",\"@id\":\"https:\\\/\\\/www.bellunopress.it\\\/2023\\\/08\\\/22\\\/consorzio-forestale-dal-farra-belluno-alpina-realizzarlo-al-piu-presto-per-far-vivere-il-comprensorio-prealpino-serve-curare-lambiente\\\/#primaryimage\",\"url\":\"https:\\\/\\\/www.bellunopress.it\\\/wp-content\\\/uploads\\\/2020\\\/05\\\/Gimmy-Dal-Farra-Belluno-Alpina_edited.jpg\",\"contentUrl\":\"https:\\\/\\\/www.bellunopress.it\\\/wp-content\\\/uploads\\\/2020\\\/05\\\/Gimmy-Dal-Farra-Belluno-Alpina_edited.jpg\",\"width\":645,\"height\":800,\"caption\":\"Gimmy Dal Farra - Presidente Belluno Alpina\"},{\"@type\":\"BreadcrumbList\",\"@id\":\"https:\\\/\\\/www.bellunopress.it\\\/2023\\\/08\\\/22\\\/consorzio-forestale-dal-farra-belluno-alpina-realizzarlo-al-piu-presto-per-far-vivere-il-comprensorio-prealpino-serve-curare-lambiente\\\/#breadcrumb\",\"itemListElement\":[{\"@type\":\"ListItem\",\"position\":1,\"name\":\"Home\",\"item\":\"https:\\\/\\\/www.bellunopress.it\\\/\"},{\"@type\":\"ListItem\",\"position\":2,\"name\":\"Consorzio forestale. Dal Farra (Belluno Alpina): \u201dRealizzarlo al pi\u00f9 presto. Per far vivere il comprensorio prealpino serve curare l&#8217;ambiente\"}]},{\"@type\":\"WebSite\",\"@id\":\"https:\\\/\\\/www.bellunopress.it\\\/#website\",\"url\":\"https:\\\/\\\/www.bellunopress.it\\\/\",\"name\":\"Bellunopress - Dolomiti\",\"description\":\"e-mail: redazione@bellunopress.it\",\"publisher\":{\"@id\":\"https:\\\/\\\/www.bellunopress.it\\\/#organization\"},\"potentialAction\":[{\"@type\":\"SearchAction\",\"target\":{\"@type\":\"EntryPoint\",\"urlTemplate\":\"https:\\\/\\\/www.bellunopress.it\\\/?s={search_term_string}\"},\"query-input\":{\"@type\":\"PropertyValueSpecification\",\"valueRequired\":true,\"valueName\":\"search_term_string\"}}],\"inLanguage\":\"fr-FR\"},{\"@type\":\"Organization\",\"@id\":\"https:\\\/\\\/www.bellunopress.it\\\/#organization\",\"name\":\"Bellunopress\",\"url\":\"https:\\\/\\\/www.bellunopress.it\\\/\",\"logo\":{\"@type\":\"ImageObject\",\"inLanguage\":\"fr-FR\",\"@id\":\"https:\\\/\\\/www.bellunopress.it\\\/#\\\/schema\\\/logo\\\/image\\\/\",\"url\":\"https:\\\/\\\/www.bellunopress.it\\\/wp-content\\\/uploads\\\/2011\\\/05\\\/cropped-logo-bellunopress-.jpg\",\"contentUrl\":\"https:\\\/\\\/www.bellunopress.it\\\/wp-content\\\/uploads\\\/2011\\\/05\\\/cropped-logo-bellunopress-.jpg\",\"width\":512,\"height\":512,\"caption\":\"Bellunopress\"},\"image\":{\"@id\":\"https:\\\/\\\/www.bellunopress.it\\\/#\\\/schema\\\/logo\\\/image\\\/\"},\"sameAs\":[\"https:\\\/\\\/www.facebook.com\\\/profile.php?id=100008943462799\",\"https:\\\/\\\/x.com\\\/bellunopress\",\"https:\\\/\\\/www.linkedin.com\\\/hp\\\/?dnr=JBzUWaJfMUw8vbXJJ2tVW5-I3jZKvC4wsoxE&amp;amp;amp;amp;amp;amp;trk=nav_responsive_tab_home\",\"https:\\\/\\\/www.youtube.com\\\/channel\\\/UCxL0wu1uN0_3_7hGG0306cw\"]},{\"@type\":\"Person\",\"@id\":\"https:\\\/\\\/www.bellunopress.it\\\/#\\\/schema\\\/person\\\/79bb06722b37ece1c03d3e94beb30d73\",\"name\":\"redazione\",\"image\":{\"@type\":\"ImageObject\",\"inLanguage\":\"fr-FR\",\"@id\":\"https:\\\/\\\/secure.gravatar.com\\\/avatar\\\/37d968a2e67a6fd04c169c4bdef102d0bc5d31b2546345219e348575eb80e9a0?s=96&d=mm&r=g\",\"url\":\"https:\\\/\\\/secure.gravatar.com\\\/avatar\\\/37d968a2e67a6fd04c169c4bdef102d0bc5d31b2546345219e348575eb80e9a0?s=96&d=mm&r=g\",\"contentUrl\":\"https:\\\/\\\/secure.gravatar.com\\\/avatar\\\/37d968a2e67a6fd04c169c4bdef102d0bc5d31b2546345219e348575eb80e9a0?s=96&d=mm&r=g\",\"caption\":\"redazione\"},\"sameAs\":[\"http:\\\/\\\/www.bellunopress.it\",\"https:\\\/\\\/x.com\\\/bellunopress\"],\"url\":\"https:\\\/\\\/www.bellunopress.it\\\/fr\\\/author\\\/redazione\\\/\"}]}<\/script>\n<!-- \/ Yoast SEO plugin. -->","yoast_head_json":{"title":"Consorzio forestale. Dal Farra (Belluno Alpina): \u201dRealizzarlo al pi\u00f9 presto. Per far vivere il comprensorio prealpino serve curare l'ambiente - Bellunopress - Dolomiti","robots":{"index":"index","follow":"follow","max-snippet":"max-snippet:-1","max-image-preview":"max-image-preview:large","max-video-preview":"max-video-preview:-1"},"canonical":"https:\/\/www.bellunopress.it\/fr\/2023\/08\/22\/consorzio-forestale-dal-farra-belluno-alpina-realizzarlo-al-piu-presto-per-far-vivere-il-comprensorio-prealpino-serve-curare-lambiente\/","og_locale":"fr_FR","og_type":"article","og_title":"Consorzio forestale. Dal Farra (Belluno Alpina): \u201dRealizzarlo al pi\u00f9 presto. Per far vivere il comprensorio prealpino serve curare l'ambiente - Bellunopress - Dolomiti","og_description":"\u201cPer vivere, far vivere e rilanciare l&#8217;intero comprensorio prealpino, serve curare l&#8217;ambiente delle sue frazioni, creando possibilit\u00e0 per i turisti e i residenti. Anche alla luce della nascita del nuovo Cluster della filiera del legno, si fa quindi sempre pi\u00f9 urgente la nascita di un consorzio forestale pubblico-privato che, grazie alle recenti novit\u00e0 normative, potrebbe [&hellip;]","og_url":"https:\/\/www.bellunopress.it\/fr\/2023\/08\/22\/consorzio-forestale-dal-farra-belluno-alpina-realizzarlo-al-piu-presto-per-far-vivere-il-comprensorio-prealpino-serve-curare-lambiente\/","og_site_name":"Bellunopress - Dolomiti","article_publisher":"https:\/\/www.facebook.com\/profile.php?id=100008943462799","article_published_time":"2023-08-22T09:07:32+00:00","og_image":[{"width":645,"height":800,"url":"https:\/\/www.bellunopress.it\/wp-content\/uploads\/2020\/05\/Gimmy-Dal-Farra-Belluno-Alpina_edited.jpg","type":"image\/jpeg"}],"author":"redazione","twitter_card":"summary_large_image","twitter_creator":"@bellunopress","twitter_site":"@bellunopress","twitter_misc":{"\u00c9crit par":"redazione","Dur\u00e9e de lecture estim\u00e9e":"4 minutes"},"schema":{"@context":"https:\/\/schema.org","@graph":[{"@type":"Article","@id":"https:\/\/www.bellunopress.it\/2023\/08\/22\/consorzio-forestale-dal-farra-belluno-alpina-realizzarlo-al-piu-presto-per-far-vivere-il-comprensorio-prealpino-serve-curare-lambiente\/#article","isPartOf":{"@id":"https:\/\/www.bellunopress.it\/2023\/08\/22\/consorzio-forestale-dal-farra-belluno-alpina-realizzarlo-al-piu-presto-per-far-vivere-il-comprensorio-prealpino-serve-curare-lambiente\/"},"author":{"name":"redazione","@id":"https:\/\/www.bellunopress.it\/#\/schema\/person\/79bb06722b37ece1c03d3e94beb30d73"},"headline":"Consorzio forestale. Dal Farra (Belluno Alpina): \u201dRealizzarlo al pi\u00f9 presto. Per far vivere il comprensorio prealpino serve curare l&#8217;ambiente","datePublished":"2023-08-22T09:07:32+00:00","mainEntityOfPage":{"@id":"https:\/\/www.bellunopress.it\/2023\/08\/22\/consorzio-forestale-dal-farra-belluno-alpina-realizzarlo-al-piu-presto-per-far-vivere-il-comprensorio-prealpino-serve-curare-lambiente\/"},"wordCount":843,"publisher":{"@id":"https:\/\/www.bellunopress.it\/#organization"},"image":{"@id":"https:\/\/www.bellunopress.it\/2023\/08\/22\/consorzio-forestale-dal-farra-belluno-alpina-realizzarlo-al-piu-presto-per-far-vivere-il-comprensorio-prealpino-serve-curare-lambiente\/#primaryimage"},"thumbnailUrl":"https:\/\/www.bellunopress.it\/wp-content\/uploads\/2020\/05\/Gimmy-Dal-Farra-Belluno-Alpina_edited.jpg","articleSection":["Prima Pagina","Societ\u00e0, Associazioni, Istituzioni"],"inLanguage":"fr-FR"},{"@type":"WebPage","@id":"https:\/\/www.bellunopress.it\/2023\/08\/22\/consorzio-forestale-dal-farra-belluno-alpina-realizzarlo-al-piu-presto-per-far-vivere-il-comprensorio-prealpino-serve-curare-lambiente\/","url":"https:\/\/www.bellunopress.it\/2023\/08\/22\/consorzio-forestale-dal-farra-belluno-alpina-realizzarlo-al-piu-presto-per-far-vivere-il-comprensorio-prealpino-serve-curare-lambiente\/","name":"Consorzio forestale. Dal Farra (Belluno Alpina): \u201dRealizzarlo al pi\u00f9 presto. Per far vivere il comprensorio prealpino serve curare l'ambiente - Bellunopress - Dolomiti","isPartOf":{"@id":"https:\/\/www.bellunopress.it\/#website"},"primaryImageOfPage":{"@id":"https:\/\/www.bellunopress.it\/2023\/08\/22\/consorzio-forestale-dal-farra-belluno-alpina-realizzarlo-al-piu-presto-per-far-vivere-il-comprensorio-prealpino-serve-curare-lambiente\/#primaryimage"},"image":{"@id":"https:\/\/www.bellunopress.it\/2023\/08\/22\/consorzio-forestale-dal-farra-belluno-alpina-realizzarlo-al-piu-presto-per-far-vivere-il-comprensorio-prealpino-serve-curare-lambiente\/#primaryimage"},"thumbnailUrl":"https:\/\/www.bellunopress.it\/wp-content\/uploads\/2020\/05\/Gimmy-Dal-Farra-Belluno-Alpina_edited.jpg","datePublished":"2023-08-22T09:07:32+00:00","breadcrumb":{"@id":"https:\/\/www.bellunopress.it\/2023\/08\/22\/consorzio-forestale-dal-farra-belluno-alpina-realizzarlo-al-piu-presto-per-far-vivere-il-comprensorio-prealpino-serve-curare-lambiente\/#breadcrumb"},"inLanguage":"fr-FR","potentialAction":[{"@type":"ReadAction","target":["https:\/\/www.bellunopress.it\/2023\/08\/22\/consorzio-forestale-dal-farra-belluno-alpina-realizzarlo-al-piu-presto-per-far-vivere-il-comprensorio-prealpino-serve-curare-lambiente\/"]}]},{"@type":"ImageObject","inLanguage":"fr-FR","@id":"https:\/\/www.bellunopress.it\/2023\/08\/22\/consorzio-forestale-dal-farra-belluno-alpina-realizzarlo-al-piu-presto-per-far-vivere-il-comprensorio-prealpino-serve-curare-lambiente\/#primaryimage","url":"https:\/\/www.bellunopress.it\/wp-content\/uploads\/2020\/05\/Gimmy-Dal-Farra-Belluno-Alpina_edited.jpg","contentUrl":"https:\/\/www.bellunopress.it\/wp-content\/uploads\/2020\/05\/Gimmy-Dal-Farra-Belluno-Alpina_edited.jpg","width":645,"height":800,"caption":"Gimmy Dal Farra - Presidente Belluno Alpina"},{"@type":"BreadcrumbList","@id":"https:\/\/www.bellunopress.it\/2023\/08\/22\/consorzio-forestale-dal-farra-belluno-alpina-realizzarlo-al-piu-presto-per-far-vivere-il-comprensorio-prealpino-serve-curare-lambiente\/#breadcrumb","itemListElement":[{"@type":"ListItem","position":1,"name":"Home","item":"https:\/\/www.bellunopress.it\/"},{"@type":"ListItem","position":2,"name":"Consorzio forestale. Dal Farra (Belluno Alpina): \u201dRealizzarlo al pi\u00f9 presto. Per far vivere il comprensorio prealpino serve curare l&#8217;ambiente"}]},{"@type":"WebSite","@id":"https:\/\/www.bellunopress.it\/#website","url":"https:\/\/www.bellunopress.it\/","name":"Bellunopress - Dolomiti","description":"e-mail: redazione@bellunopress.it","publisher":{"@id":"https:\/\/www.bellunopress.it\/#organization"},"potentialAction":[{"@type":"SearchAction","target":{"@type":"EntryPoint","urlTemplate":"https:\/\/www.bellunopress.it\/?s={search_term_string}"},"query-input":{"@type":"PropertyValueSpecification","valueRequired":true,"valueName":"search_term_string"}}],"inLanguage":"fr-FR"},{"@type":"Organization","@id":"https:\/\/www.bellunopress.it\/#organization","name":"Bellunopress","url":"https:\/\/www.bellunopress.it\/","logo":{"@type":"ImageObject","inLanguage":"fr-FR","@id":"https:\/\/www.bellunopress.it\/#\/schema\/logo\/image\/","url":"https:\/\/www.bellunopress.it\/wp-content\/uploads\/2011\/05\/cropped-logo-bellunopress-.jpg","contentUrl":"https:\/\/www.bellunopress.it\/wp-content\/uploads\/2011\/05\/cropped-logo-bellunopress-.jpg","width":512,"height":512,"caption":"Bellunopress"},"image":{"@id":"https:\/\/www.bellunopress.it\/#\/schema\/logo\/image\/"},"sameAs":["https:\/\/www.facebook.com\/profile.php?id=100008943462799","https:\/\/x.com\/bellunopress","https:\/\/www.linkedin.com\/hp\/?dnr=JBzUWaJfMUw8vbXJJ2tVW5-I3jZKvC4wsoxE&amp;amp;amp;amp;amp;amp;trk=nav_responsive_tab_home","https:\/\/www.youtube.com\/channel\/UCxL0wu1uN0_3_7hGG0306cw"]},{"@type":"Person","@id":"https:\/\/www.bellunopress.it\/#\/schema\/person\/79bb06722b37ece1c03d3e94beb30d73","name":"r\u00e9daction","image":{"@type":"ImageObject","inLanguage":"fr-FR","@id":"https:\/\/secure.gravatar.com\/avatar\/37d968a2e67a6fd04c169c4bdef102d0bc5d31b2546345219e348575eb80e9a0?s=96&d=mm&r=g","url":"https:\/\/secure.gravatar.com\/avatar\/37d968a2e67a6fd04c169c4bdef102d0bc5d31b2546345219e348575eb80e9a0?s=96&d=mm&r=g","contentUrl":"https:\/\/secure.gravatar.com\/avatar\/37d968a2e67a6fd04c169c4bdef102d0bc5d31b2546345219e348575eb80e9a0?s=96&d=mm&r=g","caption":"redazione"},"sameAs":["http:\/\/www.bellunopress.it","https:\/\/x.com\/bellunopress"],"url":"https:\/\/www.bellunopress.it\/fr\/author\/redazione\/"}]}},"_links":{"self":[{"href":"https:\/\/www.bellunopress.it\/fr\/wp-json\/wp\/v2\/posts\/143621","targetHints":{"allow":["GET"]}}],"collection":[{"href":"https:\/\/www.bellunopress.it\/fr\/wp-json\/wp\/v2\/posts"}],"about":[{"href":"https:\/\/www.bellunopress.it\/fr\/wp-json\/wp\/v2\/types\/post"}],"author":[{"embeddable":true,"href":"https:\/\/www.bellunopress.it\/fr\/wp-json\/wp\/v2\/users\/2"}],"replies":[{"embeddable":true,"href":"https:\/\/www.bellunopress.it\/fr\/wp-json\/wp\/v2\/comments?post=143621"}],"version-history":[{"count":1,"href":"https:\/\/www.bellunopress.it\/fr\/wp-json\/wp\/v2\/posts\/143621\/revisions"}],"predecessor-version":[{"id":143622,"href":"https:\/\/www.bellunopress.it\/fr\/wp-json\/wp\/v2\/posts\/143621\/revisions\/143622"}],"wp:featuredmedia":[{"embeddable":true,"href":"https:\/\/www.bellunopress.it\/fr\/wp-json\/wp\/v2\/media\/114400"}],"wp:attachment":[{"href":"https:\/\/www.bellunopress.it\/fr\/wp-json\/wp\/v2\/media?parent=143621"}],"wp:term":[{"taxonomy":"category","embeddable":true,"href":"https:\/\/www.bellunopress.it\/fr\/wp-json\/wp\/v2\/categories?post=143621"},{"taxonomy":"post_tag","embeddable":true,"href":"https:\/\/www.bellunopress.it\/fr\/wp-json\/wp\/v2\/tags?post=143621"}],"curies":[{"name":"wp","href":"https:\/\/api.w.org\/{rel}","templated":true}]}}