{"id":143599,"date":"2023-08-21T07:42:16","date_gmt":"2023-08-21T05:42:16","guid":{"rendered":"https:\/\/www.bellunopress.it\/?p=143599"},"modified":"2023-08-21T07:42:16","modified_gmt":"2023-08-21T05:42:16","slug":"calalzo-di-cadore-questanno-il-bonus-libri-sara-piu-ricco-de-carlo-supporto-alle-famiglie-per-contrastare-il-caro-vita","status":"publish","type":"post","link":"https:\/\/www.bellunopress.it\/fr\/2023\/08\/21\/calalzo-di-cadore-questanno-il-bonus-libri-sara-piu-ricco-de-carlo-supporto-alle-famiglie-per-contrastare-il-caro-vita\/","title":{"rendered":"Calalzo di Cadore, quest&#8217;anno il bonus libri sar\u00e0 pi\u00f9 ricco. De Carlo: &#8220;Supporto alle famiglie per contrastare il caro-vita&#8221;"},"content":{"rendered":"<figure id=\"attachment_141965\" aria-describedby=\"caption-attachment-141965\" style=\"width: 718px\" class=\"wp-caption alignleft\"><img loading=\"lazy\" decoding=\"async\" class=\"size-full wp-image-141965\" src=\"https:\/\/www.bellunopress.it\/wp-content\/uploads\/2023\/06\/Luca-De-Carlo_edited.jpg\" alt=\"\" width=\"718\" height=\"497\" srcset=\"https:\/\/www.bellunopress.it\/wp-content\/uploads\/2023\/06\/Luca-De-Carlo_edited.jpg 718w, https:\/\/www.bellunopress.it\/wp-content\/uploads\/2023\/06\/Luca-De-Carlo_edited-500x346.jpg 500w, https:\/\/www.bellunopress.it\/wp-content\/uploads\/2023\/06\/Luca-De-Carlo_edited-218x150.jpg 218w, https:\/\/www.bellunopress.it\/wp-content\/uploads\/2023\/06\/Luca-De-Carlo_edited-696x482.jpg 696w, https:\/\/www.bellunopress.it\/wp-content\/uploads\/2023\/06\/Luca-De-Carlo_edited-607x420.jpg 607w, https:\/\/www.bellunopress.it\/wp-content\/uploads\/2023\/06\/Luca-De-Carlo_edited-100x70.jpg 100w\" sizes=\"auto, (max-width: 718px) 100vw, 718px\" \/><figcaption id=\"caption-attachment-141965\" class=\"wp-caption-text\">Luca De Carlo &#8211; Senatore<\/figcaption><\/figure>\n<p>Diventa pi\u00f9 &#8220;pesante&#8221; il bonus libri a Calalzo di Cadore: dal massimo di 150 euro previsto nel 2022, il 20230 vede salire a 250 euro il tetto per chi inizier\u00e0 il primo anno della scuola secondaria di secondo grado e a 200 per i nuovi ingressi nella scuola secondaria di primo grado. Il contributo servir\u00e0 a coprire &#8211; a fronte di fatture, scontrini o ricevute &#8211; la spesa sostenuta per l&#8217;acquisto di libri scolastici e dizionari; una ventina i ragazzi che potranno accedervi. &#8220;Si tratta di un supporto importante per le famiglie in questo periodo di continui aumenti; come amministrazione vogliamo essere vicini ai nostri concittadini nell&#8217;affrontare il caro-vita&#8221;, commenta il sindaco Luca De Carlo. &#8220;Per farlo, crediamo che il primo passo sia essere vicini ai ragazzi nel loro percorso scolastico, ed \u00e8 per questo che oltre al bonus libri abbiamo gi\u00e0 stanziato delle risorse per garantire la riduzione dei costi per il trasporto scolastico, in attesa delle scelte (o non-scelte) della Provincia su InvestiScuola&#8221;. Il testo completo del bando, con l&#8217;indicazione della documentazione da presentare e con i termini di scadenza, sar\u00e0 pubblicato in questi giorni sul sito istituzionale del Comune di Calalzo di Cadore.<\/p>","protected":false},"excerpt":{"rendered":"<p>Diventa pi\u00f9 &#8220;pesante&#8221; il bonus libri a Calalzo di Cadore: dal massimo di 150 euro previsto nel 2022, il 20230 vede salire a 250 euro il tetto per chi inizier\u00e0 il primo anno della scuola secondaria di secondo grado e a 200 per i nuovi ingressi nella scuola secondaria di primo grado. Il contributo servir\u00e0 [&hellip;]<\/p>\n","protected":false},"author":2,"featured_media":141965,"comment_status":"closed","ping_status":"open","sticky":false,"template":"","format":"standard","meta":{"footnotes":""},"categories":[5,15],"tags":[],"class_list":["post-143599","post","type-post","status-publish","format-standard","has-post-thumbnail","category-cronaca","category-scuola"],"yoast_head":"<!-- This site is optimized with the Yoast SEO plugin v28.4 - https:\/\/yoast.com\/product\/yoast-seo-wordpress\/ -->\n<title>Calalzo di Cadore, quest&#039;anno il bonus libri sar\u00e0 pi\u00f9 ricco. De Carlo: &quot;Supporto alle famiglie per contrastare il caro-vita&quot; - Bellunopress - Dolomiti<\/title>\n<meta name=\"robots\" content=\"index, follow, max-snippet:-1, max-image-preview:large, max-video-preview:-1\" \/>\n<link rel=\"canonical\" href=\"https:\/\/www.bellunopress.it\/fr\/2023\/08\/21\/calalzo-di-cadore-questanno-il-bonus-libri-sara-piu-ricco-de-carlo-supporto-alle-famiglie-per-contrastare-il-caro-vita\/\" \/>\n<meta property=\"og:locale\" content=\"fr_FR\" \/>\n<meta property=\"og:type\" content=\"article\" \/>\n<meta property=\"og:title\" content=\"Calalzo di Cadore, quest&#039;anno il bonus libri sar\u00e0 pi\u00f9 ricco. De Carlo: &quot;Supporto alle famiglie per contrastare il caro-vita&quot; - Bellunopress - Dolomiti\" \/>\n<meta property=\"og:description\" content=\"Diventa pi\u00f9 &#8220;pesante&#8221; il bonus libri a Calalzo di Cadore: dal massimo di 150 euro previsto nel 2022, il 20230 vede salire a 250 euro il tetto per chi inizier\u00e0 il primo anno della scuola secondaria di secondo grado e a 200 per i nuovi ingressi nella scuola secondaria di primo grado. Il contributo servir\u00e0 [&hellip;]\" \/>\n<meta property=\"og:url\" content=\"https:\/\/www.bellunopress.it\/fr\/2023\/08\/21\/calalzo-di-cadore-questanno-il-bonus-libri-sara-piu-ricco-de-carlo-supporto-alle-famiglie-per-contrastare-il-caro-vita\/\" \/>\n<meta property=\"og:site_name\" content=\"Bellunopress - Dolomiti\" \/>\n<meta property=\"article:publisher\" content=\"https:\/\/www.facebook.com\/profile.php?id=100008943462799\" \/>\n<meta property=\"article:published_time\" content=\"2023-08-21T05:42:16+00:00\" \/>\n<meta property=\"og:image\" content=\"https:\/\/www.bellunopress.it\/wp-content\/uploads\/2023\/06\/Luca-De-Carlo_edited.jpg\" \/>\n\t<meta property=\"og:image:width\" content=\"718\" \/>\n\t<meta property=\"og:image:height\" content=\"497\" \/>\n\t<meta property=\"og:image:type\" content=\"image\/jpeg\" \/>\n<meta name=\"author\" content=\"redazione\" \/>\n<meta name=\"twitter:card\" content=\"summary_large_image\" \/>\n<meta name=\"twitter:creator\" content=\"@bellunopress\" \/>\n<meta name=\"twitter:site\" content=\"@bellunopress\" \/>\n<meta name=\"twitter:label1\" content=\"\u00c9crit par\" \/>\n\t<meta name=\"twitter:data1\" content=\"redazione\" \/>\n\t<meta name=\"twitter:label2\" content=\"Dur\u00e9e de lecture estim\u00e9e\" \/>\n\t<meta name=\"twitter:data2\" content=\"1 minute\" \/>\n<script type=\"application\/ld+json\" class=\"yoast-schema-graph\">{\"@context\":\"https:\\\/\\\/schema.org\",\"@graph\":[{\"@type\":\"Article\",\"@id\":\"https:\\\/\\\/www.bellunopress.it\\\/2023\\\/08\\\/21\\\/calalzo-di-cadore-questanno-il-bonus-libri-sara-piu-ricco-de-carlo-supporto-alle-famiglie-per-contrastare-il-caro-vita\\\/#article\",\"isPartOf\":{\"@id\":\"https:\\\/\\\/www.bellunopress.it\\\/2023\\\/08\\\/21\\\/calalzo-di-cadore-questanno-il-bonus-libri-sara-piu-ricco-de-carlo-supporto-alle-famiglie-per-contrastare-il-caro-vita\\\/\"},\"author\":{\"name\":\"redazione\",\"@id\":\"https:\\\/\\\/www.bellunopress.it\\\/#\\\/schema\\\/person\\\/79bb06722b37ece1c03d3e94beb30d73\"},\"headline\":\"Calalzo di Cadore, quest&#8217;anno il bonus libri sar\u00e0 pi\u00f9 ricco. De Carlo: &#8220;Supporto alle famiglie per contrastare il caro-vita&#8221;\",\"datePublished\":\"2023-08-21T05:42:16+00:00\",\"mainEntityOfPage\":{\"@id\":\"https:\\\/\\\/www.bellunopress.it\\\/2023\\\/08\\\/21\\\/calalzo-di-cadore-questanno-il-bonus-libri-sara-piu-ricco-de-carlo-supporto-alle-famiglie-per-contrastare-il-caro-vita\\\/\"},\"wordCount\":225,\"publisher\":{\"@id\":\"https:\\\/\\\/www.bellunopress.it\\\/#organization\"},\"image\":{\"@id\":\"https:\\\/\\\/www.bellunopress.it\\\/2023\\\/08\\\/21\\\/calalzo-di-cadore-questanno-il-bonus-libri-sara-piu-ricco-de-carlo-supporto-alle-famiglie-per-contrastare-il-caro-vita\\\/#primaryimage\"},\"thumbnailUrl\":\"https:\\\/\\\/www.bellunopress.it\\\/wp-content\\\/uploads\\\/2023\\\/06\\\/Luca-De-Carlo_edited.jpg\",\"articleSection\":[\"Cronaca\\\/Politica\",\"Scuola\"],\"inLanguage\":\"fr-FR\"},{\"@type\":\"WebPage\",\"@id\":\"https:\\\/\\\/www.bellunopress.it\\\/2023\\\/08\\\/21\\\/calalzo-di-cadore-questanno-il-bonus-libri-sara-piu-ricco-de-carlo-supporto-alle-famiglie-per-contrastare-il-caro-vita\\\/\",\"url\":\"https:\\\/\\\/www.bellunopress.it\\\/2023\\\/08\\\/21\\\/calalzo-di-cadore-questanno-il-bonus-libri-sara-piu-ricco-de-carlo-supporto-alle-famiglie-per-contrastare-il-caro-vita\\\/\",\"name\":\"Calalzo di Cadore, quest'anno il bonus libri sar\u00e0 pi\u00f9 ricco. De Carlo: \\\"Supporto alle famiglie per contrastare il caro-vita\\\" - Bellunopress - Dolomiti\",\"isPartOf\":{\"@id\":\"https:\\\/\\\/www.bellunopress.it\\\/#website\"},\"primaryImageOfPage\":{\"@id\":\"https:\\\/\\\/www.bellunopress.it\\\/2023\\\/08\\\/21\\\/calalzo-di-cadore-questanno-il-bonus-libri-sara-piu-ricco-de-carlo-supporto-alle-famiglie-per-contrastare-il-caro-vita\\\/#primaryimage\"},\"image\":{\"@id\":\"https:\\\/\\\/www.bellunopress.it\\\/2023\\\/08\\\/21\\\/calalzo-di-cadore-questanno-il-bonus-libri-sara-piu-ricco-de-carlo-supporto-alle-famiglie-per-contrastare-il-caro-vita\\\/#primaryimage\"},\"thumbnailUrl\":\"https:\\\/\\\/www.bellunopress.it\\\/wp-content\\\/uploads\\\/2023\\\/06\\\/Luca-De-Carlo_edited.jpg\",\"datePublished\":\"2023-08-21T05:42:16+00:00\",\"breadcrumb\":{\"@id\":\"https:\\\/\\\/www.bellunopress.it\\\/2023\\\/08\\\/21\\\/calalzo-di-cadore-questanno-il-bonus-libri-sara-piu-ricco-de-carlo-supporto-alle-famiglie-per-contrastare-il-caro-vita\\\/#breadcrumb\"},\"inLanguage\":\"fr-FR\",\"potentialAction\":[{\"@type\":\"ReadAction\",\"target\":[\"https:\\\/\\\/www.bellunopress.it\\\/2023\\\/08\\\/21\\\/calalzo-di-cadore-questanno-il-bonus-libri-sara-piu-ricco-de-carlo-supporto-alle-famiglie-per-contrastare-il-caro-vita\\\/\"]}]},{\"@type\":\"ImageObject\",\"inLanguage\":\"fr-FR\",\"@id\":\"https:\\\/\\\/www.bellunopress.it\\\/2023\\\/08\\\/21\\\/calalzo-di-cadore-questanno-il-bonus-libri-sara-piu-ricco-de-carlo-supporto-alle-famiglie-per-contrastare-il-caro-vita\\\/#primaryimage\",\"url\":\"https:\\\/\\\/www.bellunopress.it\\\/wp-content\\\/uploads\\\/2023\\\/06\\\/Luca-De-Carlo_edited.jpg\",\"contentUrl\":\"https:\\\/\\\/www.bellunopress.it\\\/wp-content\\\/uploads\\\/2023\\\/06\\\/Luca-De-Carlo_edited.jpg\",\"width\":718,\"height\":497,\"caption\":\"Luca De Carlo - Senatore\"},{\"@type\":\"BreadcrumbList\",\"@id\":\"https:\\\/\\\/www.bellunopress.it\\\/2023\\\/08\\\/21\\\/calalzo-di-cadore-questanno-il-bonus-libri-sara-piu-ricco-de-carlo-supporto-alle-famiglie-per-contrastare-il-caro-vita\\\/#breadcrumb\",\"itemListElement\":[{\"@type\":\"ListItem\",\"position\":1,\"name\":\"Home\",\"item\":\"https:\\\/\\\/www.bellunopress.it\\\/\"},{\"@type\":\"ListItem\",\"position\":2,\"name\":\"Calalzo di Cadore, quest&#8217;anno il bonus libri sar\u00e0 pi\u00f9 ricco. De Carlo: &#8220;Supporto alle famiglie per contrastare il caro-vita&#8221;\"}]},{\"@type\":\"WebSite\",\"@id\":\"https:\\\/\\\/www.bellunopress.it\\\/#website\",\"url\":\"https:\\\/\\\/www.bellunopress.it\\\/\",\"name\":\"Bellunopress - Dolomiti\",\"description\":\"e-mail: redazione@bellunopress.it\",\"publisher\":{\"@id\":\"https:\\\/\\\/www.bellunopress.it\\\/#organization\"},\"potentialAction\":[{\"@type\":\"SearchAction\",\"target\":{\"@type\":\"EntryPoint\",\"urlTemplate\":\"https:\\\/\\\/www.bellunopress.it\\\/?s={search_term_string}\"},\"query-input\":{\"@type\":\"PropertyValueSpecification\",\"valueRequired\":true,\"valueName\":\"search_term_string\"}}],\"inLanguage\":\"fr-FR\"},{\"@type\":\"Organization\",\"@id\":\"https:\\\/\\\/www.bellunopress.it\\\/#organization\",\"name\":\"Bellunopress\",\"url\":\"https:\\\/\\\/www.bellunopress.it\\\/\",\"logo\":{\"@type\":\"ImageObject\",\"inLanguage\":\"fr-FR\",\"@id\":\"https:\\\/\\\/www.bellunopress.it\\\/#\\\/schema\\\/logo\\\/image\\\/\",\"url\":\"https:\\\/\\\/www.bellunopress.it\\\/wp-content\\\/uploads\\\/2011\\\/05\\\/cropped-logo-bellunopress-.jpg\",\"contentUrl\":\"https:\\\/\\\/www.bellunopress.it\\\/wp-content\\\/uploads\\\/2011\\\/05\\\/cropped-logo-bellunopress-.jpg\",\"width\":512,\"height\":512,\"caption\":\"Bellunopress\"},\"image\":{\"@id\":\"https:\\\/\\\/www.bellunopress.it\\\/#\\\/schema\\\/logo\\\/image\\\/\"},\"sameAs\":[\"https:\\\/\\\/www.facebook.com\\\/profile.php?id=100008943462799\",\"https:\\\/\\\/x.com\\\/bellunopress\",\"https:\\\/\\\/www.linkedin.com\\\/hp\\\/?dnr=JBzUWaJfMUw8vbXJJ2tVW5-I3jZKvC4wsoxE&amp;amp;amp;amp;amp;amp;trk=nav_responsive_tab_home\",\"https:\\\/\\\/www.youtube.com\\\/channel\\\/UCxL0wu1uN0_3_7hGG0306cw\"]},{\"@type\":\"Person\",\"@id\":\"https:\\\/\\\/www.bellunopress.it\\\/#\\\/schema\\\/person\\\/79bb06722b37ece1c03d3e94beb30d73\",\"name\":\"redazione\",\"image\":{\"@type\":\"ImageObject\",\"inLanguage\":\"fr-FR\",\"@id\":\"https:\\\/\\\/secure.gravatar.com\\\/avatar\\\/37d968a2e67a6fd04c169c4bdef102d0bc5d31b2546345219e348575eb80e9a0?s=96&d=mm&r=g\",\"url\":\"https:\\\/\\\/secure.gravatar.com\\\/avatar\\\/37d968a2e67a6fd04c169c4bdef102d0bc5d31b2546345219e348575eb80e9a0?s=96&d=mm&r=g\",\"contentUrl\":\"https:\\\/\\\/secure.gravatar.com\\\/avatar\\\/37d968a2e67a6fd04c169c4bdef102d0bc5d31b2546345219e348575eb80e9a0?s=96&d=mm&r=g\",\"caption\":\"redazione\"},\"sameAs\":[\"http:\\\/\\\/www.bellunopress.it\",\"https:\\\/\\\/x.com\\\/bellunopress\"],\"url\":\"https:\\\/\\\/www.bellunopress.it\\\/fr\\\/author\\\/redazione\\\/\"}]}<\/script>\n<!-- \/ Yoast SEO plugin. -->","yoast_head_json":{"title":"Calalzo di Cadore, quest'anno il bonus libri sar\u00e0 pi\u00f9 ricco. De Carlo: \"Supporto alle famiglie per contrastare il caro-vita\" - Bellunopress - Dolomiti","robots":{"index":"index","follow":"follow","max-snippet":"max-snippet:-1","max-image-preview":"max-image-preview:large","max-video-preview":"max-video-preview:-1"},"canonical":"https:\/\/www.bellunopress.it\/fr\/2023\/08\/21\/calalzo-di-cadore-questanno-il-bonus-libri-sara-piu-ricco-de-carlo-supporto-alle-famiglie-per-contrastare-il-caro-vita\/","og_locale":"fr_FR","og_type":"article","og_title":"Calalzo di Cadore, quest'anno il bonus libri sar\u00e0 pi\u00f9 ricco. De Carlo: \"Supporto alle famiglie per contrastare il caro-vita\" - Bellunopress - Dolomiti","og_description":"Diventa pi\u00f9 &#8220;pesante&#8221; il bonus libri a Calalzo di Cadore: dal massimo di 150 euro previsto nel 2022, il 20230 vede salire a 250 euro il tetto per chi inizier\u00e0 il primo anno della scuola secondaria di secondo grado e a 200 per i nuovi ingressi nella scuola secondaria di primo grado. Il contributo servir\u00e0 [&hellip;]","og_url":"https:\/\/www.bellunopress.it\/fr\/2023\/08\/21\/calalzo-di-cadore-questanno-il-bonus-libri-sara-piu-ricco-de-carlo-supporto-alle-famiglie-per-contrastare-il-caro-vita\/","og_site_name":"Bellunopress - Dolomiti","article_publisher":"https:\/\/www.facebook.com\/profile.php?id=100008943462799","article_published_time":"2023-08-21T05:42:16+00:00","og_image":[{"width":718,"height":497,"url":"https:\/\/www.bellunopress.it\/wp-content\/uploads\/2023\/06\/Luca-De-Carlo_edited.jpg","type":"image\/jpeg"}],"author":"redazione","twitter_card":"summary_large_image","twitter_creator":"@bellunopress","twitter_site":"@bellunopress","twitter_misc":{"\u00c9crit par":"redazione","Dur\u00e9e de lecture estim\u00e9e":"1 minute"},"schema":{"@context":"https:\/\/schema.org","@graph":[{"@type":"Article","@id":"https:\/\/www.bellunopress.it\/2023\/08\/21\/calalzo-di-cadore-questanno-il-bonus-libri-sara-piu-ricco-de-carlo-supporto-alle-famiglie-per-contrastare-il-caro-vita\/#article","isPartOf":{"@id":"https:\/\/www.bellunopress.it\/2023\/08\/21\/calalzo-di-cadore-questanno-il-bonus-libri-sara-piu-ricco-de-carlo-supporto-alle-famiglie-per-contrastare-il-caro-vita\/"},"author":{"name":"redazione","@id":"https:\/\/www.bellunopress.it\/#\/schema\/person\/79bb06722b37ece1c03d3e94beb30d73"},"headline":"Calalzo di Cadore, quest&#8217;anno il bonus libri sar\u00e0 pi\u00f9 ricco. De Carlo: &#8220;Supporto alle famiglie per contrastare il caro-vita&#8221;","datePublished":"2023-08-21T05:42:16+00:00","mainEntityOfPage":{"@id":"https:\/\/www.bellunopress.it\/2023\/08\/21\/calalzo-di-cadore-questanno-il-bonus-libri-sara-piu-ricco-de-carlo-supporto-alle-famiglie-per-contrastare-il-caro-vita\/"},"wordCount":225,"publisher":{"@id":"https:\/\/www.bellunopress.it\/#organization"},"image":{"@id":"https:\/\/www.bellunopress.it\/2023\/08\/21\/calalzo-di-cadore-questanno-il-bonus-libri-sara-piu-ricco-de-carlo-supporto-alle-famiglie-per-contrastare-il-caro-vita\/#primaryimage"},"thumbnailUrl":"https:\/\/www.bellunopress.it\/wp-content\/uploads\/2023\/06\/Luca-De-Carlo_edited.jpg","articleSection":["Cronaca\/Politica","Scuola"],"inLanguage":"fr-FR"},{"@type":"WebPage","@id":"https:\/\/www.bellunopress.it\/2023\/08\/21\/calalzo-di-cadore-questanno-il-bonus-libri-sara-piu-ricco-de-carlo-supporto-alle-famiglie-per-contrastare-il-caro-vita\/","url":"https:\/\/www.bellunopress.it\/2023\/08\/21\/calalzo-di-cadore-questanno-il-bonus-libri-sara-piu-ricco-de-carlo-supporto-alle-famiglie-per-contrastare-il-caro-vita\/","name":"Calalzo di Cadore, quest'anno il bonus libri sar\u00e0 pi\u00f9 ricco. De Carlo: \"Supporto alle famiglie per contrastare il caro-vita\" - Bellunopress - Dolomiti","isPartOf":{"@id":"https:\/\/www.bellunopress.it\/#website"},"primaryImageOfPage":{"@id":"https:\/\/www.bellunopress.it\/2023\/08\/21\/calalzo-di-cadore-questanno-il-bonus-libri-sara-piu-ricco-de-carlo-supporto-alle-famiglie-per-contrastare-il-caro-vita\/#primaryimage"},"image":{"@id":"https:\/\/www.bellunopress.it\/2023\/08\/21\/calalzo-di-cadore-questanno-il-bonus-libri-sara-piu-ricco-de-carlo-supporto-alle-famiglie-per-contrastare-il-caro-vita\/#primaryimage"},"thumbnailUrl":"https:\/\/www.bellunopress.it\/wp-content\/uploads\/2023\/06\/Luca-De-Carlo_edited.jpg","datePublished":"2023-08-21T05:42:16+00:00","breadcrumb":{"@id":"https:\/\/www.bellunopress.it\/2023\/08\/21\/calalzo-di-cadore-questanno-il-bonus-libri-sara-piu-ricco-de-carlo-supporto-alle-famiglie-per-contrastare-il-caro-vita\/#breadcrumb"},"inLanguage":"fr-FR","potentialAction":[{"@type":"ReadAction","target":["https:\/\/www.bellunopress.it\/2023\/08\/21\/calalzo-di-cadore-questanno-il-bonus-libri-sara-piu-ricco-de-carlo-supporto-alle-famiglie-per-contrastare-il-caro-vita\/"]}]},{"@type":"ImageObject","inLanguage":"fr-FR","@id":"https:\/\/www.bellunopress.it\/2023\/08\/21\/calalzo-di-cadore-questanno-il-bonus-libri-sara-piu-ricco-de-carlo-supporto-alle-famiglie-per-contrastare-il-caro-vita\/#primaryimage","url":"https:\/\/www.bellunopress.it\/wp-content\/uploads\/2023\/06\/Luca-De-Carlo_edited.jpg","contentUrl":"https:\/\/www.bellunopress.it\/wp-content\/uploads\/2023\/06\/Luca-De-Carlo_edited.jpg","width":718,"height":497,"caption":"Luca De Carlo - Senatore"},{"@type":"BreadcrumbList","@id":"https:\/\/www.bellunopress.it\/2023\/08\/21\/calalzo-di-cadore-questanno-il-bonus-libri-sara-piu-ricco-de-carlo-supporto-alle-famiglie-per-contrastare-il-caro-vita\/#breadcrumb","itemListElement":[{"@type":"ListItem","position":1,"name":"Home","item":"https:\/\/www.bellunopress.it\/"},{"@type":"ListItem","position":2,"name":"Calalzo di Cadore, quest&#8217;anno il bonus libri sar\u00e0 pi\u00f9 ricco. De Carlo: &#8220;Supporto alle famiglie per contrastare il caro-vita&#8221;"}]},{"@type":"WebSite","@id":"https:\/\/www.bellunopress.it\/#website","url":"https:\/\/www.bellunopress.it\/","name":"Bellunopress - Dolomiti","description":"e-mail: redazione@bellunopress.it","publisher":{"@id":"https:\/\/www.bellunopress.it\/#organization"},"potentialAction":[{"@type":"SearchAction","target":{"@type":"EntryPoint","urlTemplate":"https:\/\/www.bellunopress.it\/?s={search_term_string}"},"query-input":{"@type":"PropertyValueSpecification","valueRequired":true,"valueName":"search_term_string"}}],"inLanguage":"fr-FR"},{"@type":"Organization","@id":"https:\/\/www.bellunopress.it\/#organization","name":"Bellunopress","url":"https:\/\/www.bellunopress.it\/","logo":{"@type":"ImageObject","inLanguage":"fr-FR","@id":"https:\/\/www.bellunopress.it\/#\/schema\/logo\/image\/","url":"https:\/\/www.bellunopress.it\/wp-content\/uploads\/2011\/05\/cropped-logo-bellunopress-.jpg","contentUrl":"https:\/\/www.bellunopress.it\/wp-content\/uploads\/2011\/05\/cropped-logo-bellunopress-.jpg","width":512,"height":512,"caption":"Bellunopress"},"image":{"@id":"https:\/\/www.bellunopress.it\/#\/schema\/logo\/image\/"},"sameAs":["https:\/\/www.facebook.com\/profile.php?id=100008943462799","https:\/\/x.com\/bellunopress","https:\/\/www.linkedin.com\/hp\/?dnr=JBzUWaJfMUw8vbXJJ2tVW5-I3jZKvC4wsoxE&amp;amp;amp;amp;amp;amp;trk=nav_responsive_tab_home","https:\/\/www.youtube.com\/channel\/UCxL0wu1uN0_3_7hGG0306cw"]},{"@type":"Person","@id":"https:\/\/www.bellunopress.it\/#\/schema\/person\/79bb06722b37ece1c03d3e94beb30d73","name":"r\u00e9daction","image":{"@type":"ImageObject","inLanguage":"fr-FR","@id":"https:\/\/secure.gravatar.com\/avatar\/37d968a2e67a6fd04c169c4bdef102d0bc5d31b2546345219e348575eb80e9a0?s=96&d=mm&r=g","url":"https:\/\/secure.gravatar.com\/avatar\/37d968a2e67a6fd04c169c4bdef102d0bc5d31b2546345219e348575eb80e9a0?s=96&d=mm&r=g","contentUrl":"https:\/\/secure.gravatar.com\/avatar\/37d968a2e67a6fd04c169c4bdef102d0bc5d31b2546345219e348575eb80e9a0?s=96&d=mm&r=g","caption":"redazione"},"sameAs":["http:\/\/www.bellunopress.it","https:\/\/x.com\/bellunopress"],"url":"https:\/\/www.bellunopress.it\/fr\/author\/redazione\/"}]}},"_links":{"self":[{"href":"https:\/\/www.bellunopress.it\/fr\/wp-json\/wp\/v2\/posts\/143599","targetHints":{"allow":["GET"]}}],"collection":[{"href":"https:\/\/www.bellunopress.it\/fr\/wp-json\/wp\/v2\/posts"}],"about":[{"href":"https:\/\/www.bellunopress.it\/fr\/wp-json\/wp\/v2\/types\/post"}],"author":[{"embeddable":true,"href":"https:\/\/www.bellunopress.it\/fr\/wp-json\/wp\/v2\/users\/2"}],"replies":[{"embeddable":true,"href":"https:\/\/www.bellunopress.it\/fr\/wp-json\/wp\/v2\/comments?post=143599"}],"version-history":[{"count":1,"href":"https:\/\/www.bellunopress.it\/fr\/wp-json\/wp\/v2\/posts\/143599\/revisions"}],"predecessor-version":[{"id":143600,"href":"https:\/\/www.bellunopress.it\/fr\/wp-json\/wp\/v2\/posts\/143599\/revisions\/143600"}],"wp:featuredmedia":[{"embeddable":true,"href":"https:\/\/www.bellunopress.it\/fr\/wp-json\/wp\/v2\/media\/141965"}],"wp:attachment":[{"href":"https:\/\/www.bellunopress.it\/fr\/wp-json\/wp\/v2\/media?parent=143599"}],"wp:term":[{"taxonomy":"category","embeddable":true,"href":"https:\/\/www.bellunopress.it\/fr\/wp-json\/wp\/v2\/categories?post=143599"},{"taxonomy":"post_tag","embeddable":true,"href":"https:\/\/www.bellunopress.it\/fr\/wp-json\/wp\/v2\/tags?post=143599"}],"curies":[{"name":"wp","href":"https:\/\/api.w.org\/{rel}","templated":true}]}}