{"id":143597,"date":"2023-08-21T07:38:02","date_gmt":"2023-08-21T05:38:02","guid":{"rendered":"https:\/\/www.bellunopress.it\/?p=143597"},"modified":"2023-08-21T07:38:02","modified_gmt":"2023-08-21T05:38:02","slug":"giro-del-lago-di-santa-croce-in-4-366-a-correre-pedalare-camminare-e-pattinare-in-alpago","status":"publish","type":"post","link":"https:\/\/www.bellunopress.it\/fr\/2023\/08\/21\/giro-del-lago-di-santa-croce-in-4-366-a-correre-pedalare-camminare-e-pattinare-in-alpago\/","title":{"rendered":"Giro del Lago di Santa Croce: in 4.366 a correre, pedalare, camminare e pattinare in Alpago"},"content":{"rendered":"<p><em><strong><img loading=\"lazy\" decoding=\"async\" class=\"alignleft size-full wp-image-127149\" src=\"https:\/\/www.bellunopress.it\/wp-content\/uploads\/2021\/08\/giro-del-lago-2021_edited.jpg\" alt=\"\" width=\"800\" height=\"609\" srcset=\"https:\/\/www.bellunopress.it\/wp-content\/uploads\/2021\/08\/giro-del-lago-2021_edited.jpg 800w, https:\/\/www.bellunopress.it\/wp-content\/uploads\/2021\/08\/giro-del-lago-2021_edited-500x381.jpg 500w, https:\/\/www.bellunopress.it\/wp-content\/uploads\/2021\/08\/giro-del-lago-2021_edited-696x530.jpg 696w, https:\/\/www.bellunopress.it\/wp-content\/uploads\/2021\/08\/giro-del-lago-2021_edited-552x420.jpg 552w, https:\/\/www.bellunopress.it\/wp-content\/uploads\/2021\/08\/giro-del-lago-2021_edited-80x60.jpg 80w\" sizes=\"auto, (max-width: 800px) 100vw, 800px\" \/>L&#8217;evento organizzato dal Comitato Alpago 2 Ruote &amp; Solidariet\u00e0 ha raccolto 34.928 euro a favore di Via di Natale, Associazione Cucchini e progetto Alpago Solidale<\/strong><\/em><\/p>\n<p>Alpago, 21 agosto 2023 \u2013 Ancora una volta il Giro del Lago di Santa Croce si \u00e8 proposto in formato maxi. Sono stati infatti 4.366 i concorrenti che domenica 20 agosto in Alpago (Belluno) hanno dato vita alla manifestazione organizzata dal Comitato Alpago 2 Ruote &amp; Solidariet\u00e0, una manifestazione multisport che prevedeva una prova di ciclismo sui 17.4 chilometri, una prova di podismo (sulla stessa distanza), una riservata alle handybike (sempre sulla medesima distanza), una sui roller (4.8 chilometri) e una pedonata (7 chilometri).<\/p>\n<p>Tante prove non competitive: niente sfida con il cronometro e niente sfida con gli avversari. A vincere, infatti, da sempre al Giro del Lago \u00e8 la solidariet\u00e0. La quota di iscrizione, di 8 euro, sar\u00e0 infatti cos\u00ec devoluta: 3,5 \u20ac al Fondo di Gestione della Casa &#8220;Via di Natale&#8221; di Aviano (nata per dare assistenza ai malati terminali oncologici dell&#8217; &#8220;Hospice Via di Natale&#8221; e ospitalit\u00e0 gratuita ai familiari dei malati ricoverati al Cro di Aviano ed ai pazienti oncologici in terapia ambulatoriale presso lo stesso Istituto), 3.5 \u20ac all&#8217;Associazione Cucchini di Belluno (nata per fornire assistenza ai malati gravi e ai loro familiari a domicilio o presso l&#8217;Hospice Casa Tua Due dell&#8217;Ospedale San Martino di Belluno) e 1 \u20ac al Progetto Alpago Solidale (nato per fornire sollievo e sostegno alle famiglie dell&#8217;Alpago con familiari in casa che manifestano i primi segni di Alzheimer).<\/p>\n<figure id=\"attachment_132589\" aria-describedby=\"caption-attachment-132589\" style=\"width: 385px\" class=\"wp-caption alignleft\"><img loading=\"lazy\" decoding=\"async\" class=\"size-full wp-image-132589\" src=\"https:\/\/www.bellunopress.it\/wp-content\/uploads\/2022\/04\/Ennio-Soccal-presidente-comitato-alpago-2-ruote-e-solidarieta_edited.jpg\" alt=\"\" width=\"385\" height=\"447\" srcset=\"https:\/\/www.bellunopress.it\/wp-content\/uploads\/2022\/04\/Ennio-Soccal-presidente-comitato-alpago-2-ruote-e-solidarieta_edited.jpg 385w, https:\/\/www.bellunopress.it\/wp-content\/uploads\/2022\/04\/Ennio-Soccal-presidente-comitato-alpago-2-ruote-e-solidarieta_edited-362x420.jpg 362w\" sizes=\"auto, (max-width: 385px) 100vw, 385px\" \/><figcaption id=\"caption-attachment-132589\" class=\"wp-caption-text\">Ennio Soccal, presidente Comitato Alpago 2 Ruote&amp;Solidariet\u00e0<\/figcaption><\/figure>\n<p>La cifra complessiva ricavata \u00e8 stata di 34.928 euro. \u00abSiamo davvero soddisfatti\u00bb commenta Ennio Soccal, presidente del Comitato Alpago 2 Ruote &amp; Solidariet\u00e0. \u00abAbbiamo superato di oltre cento unit\u00e0 il numero di concorrenti totalizzato nel 2022 (lo scorso anno furono 4.224) e questo ci riempie di gioia. E di gratitudine verso coloro che, ancora una volta, hanno voluto essere con noi per vivere una giornata di sport nel nostro bell&#8217;Alpago e per dare una mano alle associazioni che, come la Via di Natale, la Cucchini e Alpago Solidale, supportano le persone che soffrono e le loro famiglie. Voglio condividere questa soddisfazione con tutti i volontari che ci hanno dato una mano, con gli sponsor il cui aiuto ci permette di devolvere interamente le quote iscrizioni, con le amministrazioni locali che ancora una volta ci sono state vicine. Mi piace sottolineare come i partecipanti siano arrivati da tutto il Veneto ma diversi gruppi sono arrivati anche da pi\u00f9 lontano come, ad esempio, Emilia e Toscana\u00bb.<\/p>\n<p>\u00abSiamo gi\u00e0 proiettati al 2024\u00bb conclude Soccal. \u00abPer l&#8217;agosto del prossimo anno accanto al Giro del Lago ci piacerebbe ridare vita alla Festa dell&#8217;Aria, con la quale riproporre in riva al lago le evoluzioni dei pi\u00f9 diversi sport legati al mondo del volo\u00bb.<\/p>\n<p>&nbsp;<\/p>","protected":false},"excerpt":{"rendered":"<p>L&#8217;evento organizzato dal Comitato Alpago 2 Ruote &amp; Solidariet\u00e0 ha raccolto 34.928 euro a favore di Via di Natale, Associazione Cucchini e progetto Alpago Solidale Alpago, 21 agosto 2023 \u2013 Ancora una volta il Giro del Lago di Santa Croce si \u00e8 proposto in formato maxi. Sono stati infatti 4.366 i concorrenti che domenica 20 [&hellip;]<\/p>\n","protected":false},"author":2,"featured_media":135905,"comment_status":"closed","ping_status":"open","sticky":false,"template":"","format":"standard","meta":{"footnotes":""},"categories":[26,8,4],"tags":[],"class_list":["post-143597","post","type-post","status-publish","format-standard","has-post-thumbnail","category-prima-pagina","category-societa-istituzioni","category-sport"],"yoast_head":"<!-- This site is optimized with the Yoast SEO plugin v28.4 - https:\/\/yoast.com\/product\/yoast-seo-wordpress\/ -->\n<title>Giro del Lago di Santa Croce: in 4.366 a correre, pedalare, camminare e pattinare in Alpago - Bellunopress - Dolomiti<\/title>\n<meta name=\"robots\" content=\"index, follow, max-snippet:-1, max-image-preview:large, max-video-preview:-1\" \/>\n<link rel=\"canonical\" href=\"https:\/\/www.bellunopress.it\/fr\/2023\/08\/21\/giro-del-lago-di-santa-croce-in-4-366-a-correre-pedalare-camminare-e-pattinare-in-alpago\/\" \/>\n<meta property=\"og:locale\" content=\"fr_FR\" \/>\n<meta property=\"og:type\" content=\"article\" \/>\n<meta property=\"og:title\" content=\"Giro del Lago di Santa Croce: in 4.366 a correre, pedalare, camminare e pattinare in Alpago - Bellunopress - Dolomiti\" \/>\n<meta property=\"og:description\" content=\"L&#8217;evento organizzato dal Comitato Alpago 2 Ruote &amp; Solidariet\u00e0 ha raccolto 34.928 euro a favore di Via di Natale, Associazione Cucchini e progetto Alpago Solidale Alpago, 21 agosto 2023 \u2013 Ancora una volta il Giro del Lago di Santa Croce si \u00e8 proposto in formato maxi. Sono stati infatti 4.366 i concorrenti che domenica 20 [&hellip;]\" \/>\n<meta property=\"og:url\" content=\"https:\/\/www.bellunopress.it\/fr\/2023\/08\/21\/giro-del-lago-di-santa-croce-in-4-366-a-correre-pedalare-camminare-e-pattinare-in-alpago\/\" \/>\n<meta property=\"og:site_name\" content=\"Bellunopress - Dolomiti\" \/>\n<meta property=\"article:publisher\" content=\"https:\/\/www.facebook.com\/profile.php?id=100008943462799\" \/>\n<meta property=\"article:published_time\" content=\"2023-08-21T05:38:02+00:00\" \/>\n<meta property=\"og:image\" content=\"https:\/\/www.bellunopress.it\/wp-content\/uploads\/2022\/08\/Giro-del-Lago-\u00a9EchiAlessandroSogne.jpg\" \/>\n\t<meta property=\"og:image:width\" content=\"1000\" \/>\n\t<meta property=\"og:image:height\" content=\"623\" \/>\n\t<meta property=\"og:image:type\" content=\"image\/jpeg\" \/>\n<meta name=\"author\" content=\"redazione\" \/>\n<meta name=\"twitter:card\" content=\"summary_large_image\" \/>\n<meta name=\"twitter:creator\" content=\"@bellunopress\" \/>\n<meta name=\"twitter:site\" content=\"@bellunopress\" \/>\n<meta name=\"twitter:label1\" content=\"\u00c9crit par\" \/>\n\t<meta name=\"twitter:data1\" content=\"redazione\" \/>\n\t<meta name=\"twitter:label2\" content=\"Dur\u00e9e de lecture estim\u00e9e\" \/>\n\t<meta name=\"twitter:data2\" content=\"2 minutes\" \/>\n<script type=\"application\/ld+json\" class=\"yoast-schema-graph\">{\"@context\":\"https:\\\/\\\/schema.org\",\"@graph\":[{\"@type\":\"Article\",\"@id\":\"https:\\\/\\\/www.bellunopress.it\\\/2023\\\/08\\\/21\\\/giro-del-lago-di-santa-croce-in-4-366-a-correre-pedalare-camminare-e-pattinare-in-alpago\\\/#article\",\"isPartOf\":{\"@id\":\"https:\\\/\\\/www.bellunopress.it\\\/2023\\\/08\\\/21\\\/giro-del-lago-di-santa-croce-in-4-366-a-correre-pedalare-camminare-e-pattinare-in-alpago\\\/\"},\"author\":{\"name\":\"redazione\",\"@id\":\"https:\\\/\\\/www.bellunopress.it\\\/#\\\/schema\\\/person\\\/79bb06722b37ece1c03d3e94beb30d73\"},\"headline\":\"Giro del Lago di Santa Croce: in 4.366 a correre, pedalare, camminare e pattinare in Alpago\",\"datePublished\":\"2023-08-21T05:38:02+00:00\",\"mainEntityOfPage\":{\"@id\":\"https:\\\/\\\/www.bellunopress.it\\\/2023\\\/08\\\/21\\\/giro-del-lago-di-santa-croce-in-4-366-a-correre-pedalare-camminare-e-pattinare-in-alpago\\\/\"},\"wordCount\":473,\"publisher\":{\"@id\":\"https:\\\/\\\/www.bellunopress.it\\\/#organization\"},\"image\":{\"@id\":\"https:\\\/\\\/www.bellunopress.it\\\/2023\\\/08\\\/21\\\/giro-del-lago-di-santa-croce-in-4-366-a-correre-pedalare-camminare-e-pattinare-in-alpago\\\/#primaryimage\"},\"thumbnailUrl\":\"https:\\\/\\\/www.bellunopress.it\\\/wp-content\\\/uploads\\\/2022\\\/08\\\/Giro-del-Lago-\u00a9EchiAlessandroSogne.jpg\",\"articleSection\":[\"Prima Pagina\",\"Societ\u00e0, Associazioni, Istituzioni\",\"Sport, tempo libero\"],\"inLanguage\":\"fr-FR\"},{\"@type\":\"WebPage\",\"@id\":\"https:\\\/\\\/www.bellunopress.it\\\/2023\\\/08\\\/21\\\/giro-del-lago-di-santa-croce-in-4-366-a-correre-pedalare-camminare-e-pattinare-in-alpago\\\/\",\"url\":\"https:\\\/\\\/www.bellunopress.it\\\/2023\\\/08\\\/21\\\/giro-del-lago-di-santa-croce-in-4-366-a-correre-pedalare-camminare-e-pattinare-in-alpago\\\/\",\"name\":\"Giro del Lago di Santa Croce: in 4.366 a correre, pedalare, camminare e pattinare in Alpago - Bellunopress - Dolomiti\",\"isPartOf\":{\"@id\":\"https:\\\/\\\/www.bellunopress.it\\\/#website\"},\"primaryImageOfPage\":{\"@id\":\"https:\\\/\\\/www.bellunopress.it\\\/2023\\\/08\\\/21\\\/giro-del-lago-di-santa-croce-in-4-366-a-correre-pedalare-camminare-e-pattinare-in-alpago\\\/#primaryimage\"},\"image\":{\"@id\":\"https:\\\/\\\/www.bellunopress.it\\\/2023\\\/08\\\/21\\\/giro-del-lago-di-santa-croce-in-4-366-a-correre-pedalare-camminare-e-pattinare-in-alpago\\\/#primaryimage\"},\"thumbnailUrl\":\"https:\\\/\\\/www.bellunopress.it\\\/wp-content\\\/uploads\\\/2022\\\/08\\\/Giro-del-Lago-\u00a9EchiAlessandroSogne.jpg\",\"datePublished\":\"2023-08-21T05:38:02+00:00\",\"breadcrumb\":{\"@id\":\"https:\\\/\\\/www.bellunopress.it\\\/2023\\\/08\\\/21\\\/giro-del-lago-di-santa-croce-in-4-366-a-correre-pedalare-camminare-e-pattinare-in-alpago\\\/#breadcrumb\"},\"inLanguage\":\"fr-FR\",\"potentialAction\":[{\"@type\":\"ReadAction\",\"target\":[\"https:\\\/\\\/www.bellunopress.it\\\/2023\\\/08\\\/21\\\/giro-del-lago-di-santa-croce-in-4-366-a-correre-pedalare-camminare-e-pattinare-in-alpago\\\/\"]}]},{\"@type\":\"ImageObject\",\"inLanguage\":\"fr-FR\",\"@id\":\"https:\\\/\\\/www.bellunopress.it\\\/2023\\\/08\\\/21\\\/giro-del-lago-di-santa-croce-in-4-366-a-correre-pedalare-camminare-e-pattinare-in-alpago\\\/#primaryimage\",\"url\":\"https:\\\/\\\/www.bellunopress.it\\\/wp-content\\\/uploads\\\/2022\\\/08\\\/Giro-del-Lago-\u00a9EchiAlessandroSogne.jpg\",\"contentUrl\":\"https:\\\/\\\/www.bellunopress.it\\\/wp-content\\\/uploads\\\/2022\\\/08\\\/Giro-del-Lago-\u00a9EchiAlessandroSogne.jpg\",\"width\":1000,\"height\":623,\"caption\":\"Giro del Lago 2022 (Foto: \u00a9EchiAlessandroSogne)\"},{\"@type\":\"BreadcrumbList\",\"@id\":\"https:\\\/\\\/www.bellunopress.it\\\/2023\\\/08\\\/21\\\/giro-del-lago-di-santa-croce-in-4-366-a-correre-pedalare-camminare-e-pattinare-in-alpago\\\/#breadcrumb\",\"itemListElement\":[{\"@type\":\"ListItem\",\"position\":1,\"name\":\"Home\",\"item\":\"https:\\\/\\\/www.bellunopress.it\\\/\"},{\"@type\":\"ListItem\",\"position\":2,\"name\":\"Giro del Lago di Santa Croce: in 4.366 a correre, pedalare, camminare e pattinare in Alpago\"}]},{\"@type\":\"WebSite\",\"@id\":\"https:\\\/\\\/www.bellunopress.it\\\/#website\",\"url\":\"https:\\\/\\\/www.bellunopress.it\\\/\",\"name\":\"Bellunopress - Dolomiti\",\"description\":\"e-mail: redazione@bellunopress.it\",\"publisher\":{\"@id\":\"https:\\\/\\\/www.bellunopress.it\\\/#organization\"},\"potentialAction\":[{\"@type\":\"SearchAction\",\"target\":{\"@type\":\"EntryPoint\",\"urlTemplate\":\"https:\\\/\\\/www.bellunopress.it\\\/?s={search_term_string}\"},\"query-input\":{\"@type\":\"PropertyValueSpecification\",\"valueRequired\":true,\"valueName\":\"search_term_string\"}}],\"inLanguage\":\"fr-FR\"},{\"@type\":\"Organization\",\"@id\":\"https:\\\/\\\/www.bellunopress.it\\\/#organization\",\"name\":\"Bellunopress\",\"url\":\"https:\\\/\\\/www.bellunopress.it\\\/\",\"logo\":{\"@type\":\"ImageObject\",\"inLanguage\":\"fr-FR\",\"@id\":\"https:\\\/\\\/www.bellunopress.it\\\/#\\\/schema\\\/logo\\\/image\\\/\",\"url\":\"https:\\\/\\\/www.bellunopress.it\\\/wp-content\\\/uploads\\\/2011\\\/05\\\/cropped-logo-bellunopress-.jpg\",\"contentUrl\":\"https:\\\/\\\/www.bellunopress.it\\\/wp-content\\\/uploads\\\/2011\\\/05\\\/cropped-logo-bellunopress-.jpg\",\"width\":512,\"height\":512,\"caption\":\"Bellunopress\"},\"image\":{\"@id\":\"https:\\\/\\\/www.bellunopress.it\\\/#\\\/schema\\\/logo\\\/image\\\/\"},\"sameAs\":[\"https:\\\/\\\/www.facebook.com\\\/profile.php?id=100008943462799\",\"https:\\\/\\\/x.com\\\/bellunopress\",\"https:\\\/\\\/www.linkedin.com\\\/hp\\\/?dnr=JBzUWaJfMUw8vbXJJ2tVW5-I3jZKvC4wsoxE&amp;amp;amp;amp;amp;amp;trk=nav_responsive_tab_home\",\"https:\\\/\\\/www.youtube.com\\\/channel\\\/UCxL0wu1uN0_3_7hGG0306cw\"]},{\"@type\":\"Person\",\"@id\":\"https:\\\/\\\/www.bellunopress.it\\\/#\\\/schema\\\/person\\\/79bb06722b37ece1c03d3e94beb30d73\",\"name\":\"redazione\",\"image\":{\"@type\":\"ImageObject\",\"inLanguage\":\"fr-FR\",\"@id\":\"https:\\\/\\\/secure.gravatar.com\\\/avatar\\\/37d968a2e67a6fd04c169c4bdef102d0bc5d31b2546345219e348575eb80e9a0?s=96&d=mm&r=g\",\"url\":\"https:\\\/\\\/secure.gravatar.com\\\/avatar\\\/37d968a2e67a6fd04c169c4bdef102d0bc5d31b2546345219e348575eb80e9a0?s=96&d=mm&r=g\",\"contentUrl\":\"https:\\\/\\\/secure.gravatar.com\\\/avatar\\\/37d968a2e67a6fd04c169c4bdef102d0bc5d31b2546345219e348575eb80e9a0?s=96&d=mm&r=g\",\"caption\":\"redazione\"},\"sameAs\":[\"http:\\\/\\\/www.bellunopress.it\",\"https:\\\/\\\/x.com\\\/bellunopress\"],\"url\":\"https:\\\/\\\/www.bellunopress.it\\\/fr\\\/author\\\/redazione\\\/\"}]}<\/script>\n<!-- \/ Yoast SEO plugin. -->","yoast_head_json":{"title":"Giro del Lago di Santa Croce: in 4.366 a correre, pedalare, camminare e pattinare in Alpago - Bellunopress - Dolomiti","robots":{"index":"index","follow":"follow","max-snippet":"max-snippet:-1","max-image-preview":"max-image-preview:large","max-video-preview":"max-video-preview:-1"},"canonical":"https:\/\/www.bellunopress.it\/fr\/2023\/08\/21\/giro-del-lago-di-santa-croce-in-4-366-a-correre-pedalare-camminare-e-pattinare-in-alpago\/","og_locale":"fr_FR","og_type":"article","og_title":"Giro del Lago di Santa Croce: in 4.366 a correre, pedalare, camminare e pattinare in Alpago - Bellunopress - Dolomiti","og_description":"L&#8217;evento organizzato dal Comitato Alpago 2 Ruote &amp; Solidariet\u00e0 ha raccolto 34.928 euro a favore di Via di Natale, Associazione Cucchini e progetto Alpago Solidale Alpago, 21 agosto 2023 \u2013 Ancora una volta il Giro del Lago di Santa Croce si \u00e8 proposto in formato maxi. Sono stati infatti 4.366 i concorrenti che domenica 20 [&hellip;]","og_url":"https:\/\/www.bellunopress.it\/fr\/2023\/08\/21\/giro-del-lago-di-santa-croce-in-4-366-a-correre-pedalare-camminare-e-pattinare-in-alpago\/","og_site_name":"Bellunopress - Dolomiti","article_publisher":"https:\/\/www.facebook.com\/profile.php?id=100008943462799","article_published_time":"2023-08-21T05:38:02+00:00","og_image":[{"width":1000,"height":623,"url":"https:\/\/www.bellunopress.it\/wp-content\/uploads\/2022\/08\/Giro-del-Lago-\u00a9EchiAlessandroSogne.jpg","type":"image\/jpeg"}],"author":"redazione","twitter_card":"summary_large_image","twitter_creator":"@bellunopress","twitter_site":"@bellunopress","twitter_misc":{"\u00c9crit par":"redazione","Dur\u00e9e de lecture estim\u00e9e":"2 minutes"},"schema":{"@context":"https:\/\/schema.org","@graph":[{"@type":"Article","@id":"https:\/\/www.bellunopress.it\/2023\/08\/21\/giro-del-lago-di-santa-croce-in-4-366-a-correre-pedalare-camminare-e-pattinare-in-alpago\/#article","isPartOf":{"@id":"https:\/\/www.bellunopress.it\/2023\/08\/21\/giro-del-lago-di-santa-croce-in-4-366-a-correre-pedalare-camminare-e-pattinare-in-alpago\/"},"author":{"name":"redazione","@id":"https:\/\/www.bellunopress.it\/#\/schema\/person\/79bb06722b37ece1c03d3e94beb30d73"},"headline":"Giro del Lago di Santa Croce: in 4.366 a correre, pedalare, camminare e pattinare in Alpago","datePublished":"2023-08-21T05:38:02+00:00","mainEntityOfPage":{"@id":"https:\/\/www.bellunopress.it\/2023\/08\/21\/giro-del-lago-di-santa-croce-in-4-366-a-correre-pedalare-camminare-e-pattinare-in-alpago\/"},"wordCount":473,"publisher":{"@id":"https:\/\/www.bellunopress.it\/#organization"},"image":{"@id":"https:\/\/www.bellunopress.it\/2023\/08\/21\/giro-del-lago-di-santa-croce-in-4-366-a-correre-pedalare-camminare-e-pattinare-in-alpago\/#primaryimage"},"thumbnailUrl":"https:\/\/www.bellunopress.it\/wp-content\/uploads\/2022\/08\/Giro-del-Lago-\u00a9EchiAlessandroSogne.jpg","articleSection":["Prima Pagina","Societ\u00e0, Associazioni, Istituzioni","Sport, tempo libero"],"inLanguage":"fr-FR"},{"@type":"WebPage","@id":"https:\/\/www.bellunopress.it\/2023\/08\/21\/giro-del-lago-di-santa-croce-in-4-366-a-correre-pedalare-camminare-e-pattinare-in-alpago\/","url":"https:\/\/www.bellunopress.it\/2023\/08\/21\/giro-del-lago-di-santa-croce-in-4-366-a-correre-pedalare-camminare-e-pattinare-in-alpago\/","name":"Giro del Lago di Santa Croce: in 4.366 a correre, pedalare, camminare e pattinare in Alpago - Bellunopress - Dolomiti","isPartOf":{"@id":"https:\/\/www.bellunopress.it\/#website"},"primaryImageOfPage":{"@id":"https:\/\/www.bellunopress.it\/2023\/08\/21\/giro-del-lago-di-santa-croce-in-4-366-a-correre-pedalare-camminare-e-pattinare-in-alpago\/#primaryimage"},"image":{"@id":"https:\/\/www.bellunopress.it\/2023\/08\/21\/giro-del-lago-di-santa-croce-in-4-366-a-correre-pedalare-camminare-e-pattinare-in-alpago\/#primaryimage"},"thumbnailUrl":"https:\/\/www.bellunopress.it\/wp-content\/uploads\/2022\/08\/Giro-del-Lago-\u00a9EchiAlessandroSogne.jpg","datePublished":"2023-08-21T05:38:02+00:00","breadcrumb":{"@id":"https:\/\/www.bellunopress.it\/2023\/08\/21\/giro-del-lago-di-santa-croce-in-4-366-a-correre-pedalare-camminare-e-pattinare-in-alpago\/#breadcrumb"},"inLanguage":"fr-FR","potentialAction":[{"@type":"ReadAction","target":["https:\/\/www.bellunopress.it\/2023\/08\/21\/giro-del-lago-di-santa-croce-in-4-366-a-correre-pedalare-camminare-e-pattinare-in-alpago\/"]}]},{"@type":"ImageObject","inLanguage":"fr-FR","@id":"https:\/\/www.bellunopress.it\/2023\/08\/21\/giro-del-lago-di-santa-croce-in-4-366-a-correre-pedalare-camminare-e-pattinare-in-alpago\/#primaryimage","url":"https:\/\/www.bellunopress.it\/wp-content\/uploads\/2022\/08\/Giro-del-Lago-\u00a9EchiAlessandroSogne.jpg","contentUrl":"https:\/\/www.bellunopress.it\/wp-content\/uploads\/2022\/08\/Giro-del-Lago-\u00a9EchiAlessandroSogne.jpg","width":1000,"height":623,"caption":"Giro del Lago 2022 (Foto: \u00a9EchiAlessandroSogne)"},{"@type":"BreadcrumbList","@id":"https:\/\/www.bellunopress.it\/2023\/08\/21\/giro-del-lago-di-santa-croce-in-4-366-a-correre-pedalare-camminare-e-pattinare-in-alpago\/#breadcrumb","itemListElement":[{"@type":"ListItem","position":1,"name":"Home","item":"https:\/\/www.bellunopress.it\/"},{"@type":"ListItem","position":2,"name":"Giro del Lago di Santa Croce: in 4.366 a correre, pedalare, camminare e pattinare in Alpago"}]},{"@type":"WebSite","@id":"https:\/\/www.bellunopress.it\/#website","url":"https:\/\/www.bellunopress.it\/","name":"Bellunopress - Dolomiti","description":"e-mail: redazione@bellunopress.it","publisher":{"@id":"https:\/\/www.bellunopress.it\/#organization"},"potentialAction":[{"@type":"SearchAction","target":{"@type":"EntryPoint","urlTemplate":"https:\/\/www.bellunopress.it\/?s={search_term_string}"},"query-input":{"@type":"PropertyValueSpecification","valueRequired":true,"valueName":"search_term_string"}}],"inLanguage":"fr-FR"},{"@type":"Organization","@id":"https:\/\/www.bellunopress.it\/#organization","name":"Bellunopress","url":"https:\/\/www.bellunopress.it\/","logo":{"@type":"ImageObject","inLanguage":"fr-FR","@id":"https:\/\/www.bellunopress.it\/#\/schema\/logo\/image\/","url":"https:\/\/www.bellunopress.it\/wp-content\/uploads\/2011\/05\/cropped-logo-bellunopress-.jpg","contentUrl":"https:\/\/www.bellunopress.it\/wp-content\/uploads\/2011\/05\/cropped-logo-bellunopress-.jpg","width":512,"height":512,"caption":"Bellunopress"},"image":{"@id":"https:\/\/www.bellunopress.it\/#\/schema\/logo\/image\/"},"sameAs":["https:\/\/www.facebook.com\/profile.php?id=100008943462799","https:\/\/x.com\/bellunopress","https:\/\/www.linkedin.com\/hp\/?dnr=JBzUWaJfMUw8vbXJJ2tVW5-I3jZKvC4wsoxE&amp;amp;amp;amp;amp;amp;trk=nav_responsive_tab_home","https:\/\/www.youtube.com\/channel\/UCxL0wu1uN0_3_7hGG0306cw"]},{"@type":"Person","@id":"https:\/\/www.bellunopress.it\/#\/schema\/person\/79bb06722b37ece1c03d3e94beb30d73","name":"r\u00e9daction","image":{"@type":"ImageObject","inLanguage":"fr-FR","@id":"https:\/\/secure.gravatar.com\/avatar\/37d968a2e67a6fd04c169c4bdef102d0bc5d31b2546345219e348575eb80e9a0?s=96&d=mm&r=g","url":"https:\/\/secure.gravatar.com\/avatar\/37d968a2e67a6fd04c169c4bdef102d0bc5d31b2546345219e348575eb80e9a0?s=96&d=mm&r=g","contentUrl":"https:\/\/secure.gravatar.com\/avatar\/37d968a2e67a6fd04c169c4bdef102d0bc5d31b2546345219e348575eb80e9a0?s=96&d=mm&r=g","caption":"redazione"},"sameAs":["http:\/\/www.bellunopress.it","https:\/\/x.com\/bellunopress"],"url":"https:\/\/www.bellunopress.it\/fr\/author\/redazione\/"}]}},"_links":{"self":[{"href":"https:\/\/www.bellunopress.it\/fr\/wp-json\/wp\/v2\/posts\/143597","targetHints":{"allow":["GET"]}}],"collection":[{"href":"https:\/\/www.bellunopress.it\/fr\/wp-json\/wp\/v2\/posts"}],"about":[{"href":"https:\/\/www.bellunopress.it\/fr\/wp-json\/wp\/v2\/types\/post"}],"author":[{"embeddable":true,"href":"https:\/\/www.bellunopress.it\/fr\/wp-json\/wp\/v2\/users\/2"}],"replies":[{"embeddable":true,"href":"https:\/\/www.bellunopress.it\/fr\/wp-json\/wp\/v2\/comments?post=143597"}],"version-history":[{"count":1,"href":"https:\/\/www.bellunopress.it\/fr\/wp-json\/wp\/v2\/posts\/143597\/revisions"}],"predecessor-version":[{"id":143598,"href":"https:\/\/www.bellunopress.it\/fr\/wp-json\/wp\/v2\/posts\/143597\/revisions\/143598"}],"wp:featuredmedia":[{"embeddable":true,"href":"https:\/\/www.bellunopress.it\/fr\/wp-json\/wp\/v2\/media\/135905"}],"wp:attachment":[{"href":"https:\/\/www.bellunopress.it\/fr\/wp-json\/wp\/v2\/media?parent=143597"}],"wp:term":[{"taxonomy":"category","embeddable":true,"href":"https:\/\/www.bellunopress.it\/fr\/wp-json\/wp\/v2\/categories?post=143597"},{"taxonomy":"post_tag","embeddable":true,"href":"https:\/\/www.bellunopress.it\/fr\/wp-json\/wp\/v2\/tags?post=143597"}],"curies":[{"name":"wp","href":"https:\/\/api.w.org\/{rel}","templated":true}]}}