{"id":143595,"date":"2023-08-21T07:31:17","date_gmt":"2023-08-21T05:31:17","guid":{"rendered":"https:\/\/www.bellunopress.it\/?p=143595"},"modified":"2023-08-21T07:31:17","modified_gmt":"2023-08-21T05:31:17","slug":"a-tavola-nel-feltrino-il-fagiolo-di-lamon-15-16-17-settembre","status":"publish","type":"post","link":"https:\/\/www.bellunopress.it\/fr\/2023\/08\/21\/a-tavola-nel-feltrino-il-fagiolo-di-lamon-15-16-17-settembre\/","title":{"rendered":"A tavola nel Feltrino: il fagiolo di Lamon, 15-16-17 settembre"},"content":{"rendered":"<p><img loading=\"lazy\" decoding=\"async\" class=\"alignleft size-full wp-image-136324\" src=\"https:\/\/www.bellunopress.it\/wp-content\/uploads\/2022\/09\/Lamon-A-tavola-nel-Feltrino-il-fagiolo_edited.jpg\" alt=\"\" width=\"691\" height=\"571\" srcset=\"https:\/\/www.bellunopress.it\/wp-content\/uploads\/2022\/09\/Lamon-A-tavola-nel-Feltrino-il-fagiolo_edited.jpg 691w, https:\/\/www.bellunopress.it\/wp-content\/uploads\/2022\/09\/Lamon-A-tavola-nel-Feltrino-il-fagiolo_edited-500x413.jpg 500w, https:\/\/www.bellunopress.it\/wp-content\/uploads\/2022\/09\/Lamon-A-tavola-nel-Feltrino-il-fagiolo_edited-508x420.jpg 508w\" sizes=\"auto, (max-width: 691px) 100vw, 691px\" \/>Manca meno di un mese ad uno degli appuntamenti autunnali pi\u00f9 importanti del mondo agricolo, in provincia di Belluno e nel Veneto, la festa del fagiolo di Lamon. E\u2019 gi\u00e0 pronto il programma, stilato dalla Pro loco di Lamon e dal Consorzio di tutela del Fagiolo, in collaborazione con il Comune di Lamon: mostre di cultura e storia, mostra mercato del fagiolo della stagione 2023, esposizione di prodotti dell\u2019artigianato e di specialit\u00e0 alimentari, gastronomia e tanti spettacoli.<\/p>\n<p>TRE GIORNI INTENSI<br \/>\nSi comincia venerd\u00ec 15 settembre, alle 19 con l\u2019apertura delle mostre e degli stand gastronomici dove assaggiare i famosi fagioli cucinati in tanti modi diversi e i piatti della tradizione bellunese. Alle 20.30 rassegna di cori di montagna \u201cLe voci della festa\u201d con il Coro Monte Coppolo di Lamon, il Coro Oio di Santa Giustina e il Coro misto polifonico di Trichiana. A seguire musica dal vivo in vari punti del paese. Sabato 16 settembre si comincia presto la mattina, con l\u2019apertura della mostra mercato del fagiolo, delle mostre e di un centinaio di spazi espositivi. Come accade da qualche anno la mattina del sabato si svolge la cerimonia di inaugurazione con la consegna dei premi Gazzettino e Facen. Al pomeriggio di sabato, ore 16, esibizione della banda civica di Borgo Valsugana, e alle 17.30 \u201cQuel diavolo di Arlecchino\u201d, spettacolo di burattini. Alle 21 musica dal vivo e alle 22 concerto semiserio \u201cPoesie porne\u201d.<br \/>\nDomenica, giornata clou, con tanti momenti di spettacolo, dalle 10 la musica country nell\u2019area Animali; alle 10 in piazza si esibiscono gli sbandieratori del Quartiere Santo Stefano di Feltre, a seguire il coro parrocchiale di Brendola (Vicenza) in Duomo e spettacolo di giocoleria in piazza. Nel pomeriggio musica dal vivo con La Malegria, quindi spettacolo di giocoleria, esibizione del gruppo folk \u201cI mercanti dogali\u201d di Montebelluna, e il teatrino viaggiante \u201cGrande Cantagiro Barattoli\u201d.<\/p>\n<p>LE MOSTRE<br \/>\nNell\u2019anno del sessantesimo del Vajont, la principale mostra di questa edizione della festa del fagiolo \u00e8 dedicata appunto alla tragedia del 9 ottobre 1963. Saranno esposte fotografie e planimetrie di Longarone com\u2019era prima del disastro e dopo, la riproduzione di pagine di giornali dell\u2019epoca, la solidariet\u00e0 e i soccorsi, il dibattito politico e giudiziario. Una sezione \u00e8 dedicata alla ricostruzione a Longarone, Erto Casso e a Fortogna. La mostra sul Vajont sar\u00e0 ospitata nella ex chiesa di San Daniele. Ci sono poi altre esposizioni:<br \/>\nmostra di pittura di Rosanna Cecchet, Ritratti di Jon Lungu, Falsi d\u2019autore di Guerrino Gaio. Sar\u00e0 aperta la mostra archeologica della necropoli romana di San Donato; inoltre il sabato e la domenica gli alunni delle classi quarte e quinte di Lamon faranno da Ciceroni nella chiesa di San Pietro e nella ex chiesa di San Daniele, alla scoperta del patrimonio storico e artistico dell\u2019altopiano lamonese.<\/p>\n<p>LA GASTRONOMIA<br \/>\nUno dei punti di forza della festa del fagiolo \u00e8 quello culinario. Saranno allestiti diversi stand gastronomici, i pi\u00f9 grandi saranno quelli del Quartiere Santo Stefano di Feltre, della Lamonese calcio e della polisportiva di Sovramonte. Aperto anche il ristorante Al Casel di Pezz\u00e8, collegato con le navette al centro, e inoltre il punto assaggi del gruppo Reves e Protezione civile in piazza. Senza dimenticare i locali del paese che aderiscono all\u2019itinerario gastronomico, ristoranti e bar.\u200b<\/p>","protected":false},"excerpt":{"rendered":"<p>Manca meno di un mese ad uno degli appuntamenti autunnali pi\u00f9 importanti del mondo agricolo, in provincia di Belluno e nel Veneto, la festa del fagiolo di Lamon. E\u2019 gi\u00e0 pronto il programma, stilato dalla Pro loco di Lamon e dal Consorzio di tutela del Fagiolo, in collaborazione con il Comune di Lamon: mostre di [&hellip;]<\/p>\n","protected":false},"author":2,"featured_media":136324,"comment_status":"closed","ping_status":"open","sticky":false,"template":"","format":"standard","meta":{"footnotes":""},"categories":[3393,25],"tags":[],"class_list":["post-143595","post","type-post","status-publish","format-standard","has-post-thumbnail","category-eventi-enogastronomici","category-pausa-caffe"],"yoast_head":"<!-- This site is optimized with the Yoast SEO plugin v28.4 - https:\/\/yoast.com\/product\/yoast-seo-wordpress\/ -->\n<title>A tavola nel Feltrino: il fagiolo di Lamon, 15-16-17 settembre - Bellunopress - Dolomiti<\/title>\n<meta name=\"robots\" content=\"index, follow, max-snippet:-1, max-image-preview:large, max-video-preview:-1\" \/>\n<link rel=\"canonical\" href=\"https:\/\/www.bellunopress.it\/fr\/2023\/08\/21\/a-tavola-nel-feltrino-il-fagiolo-di-lamon-15-16-17-settembre\/\" \/>\n<meta property=\"og:locale\" content=\"fr_FR\" \/>\n<meta property=\"og:type\" content=\"article\" \/>\n<meta property=\"og:title\" content=\"A tavola nel Feltrino: il fagiolo di Lamon, 15-16-17 settembre - Bellunopress - Dolomiti\" \/>\n<meta property=\"og:description\" content=\"Manca meno di un mese ad uno degli appuntamenti autunnali pi\u00f9 importanti del mondo agricolo, in provincia di Belluno e nel Veneto, la festa del fagiolo di Lamon. E\u2019 gi\u00e0 pronto il programma, stilato dalla Pro loco di Lamon e dal Consorzio di tutela del Fagiolo, in collaborazione con il Comune di Lamon: mostre di [&hellip;]\" \/>\n<meta property=\"og:url\" content=\"https:\/\/www.bellunopress.it\/fr\/2023\/08\/21\/a-tavola-nel-feltrino-il-fagiolo-di-lamon-15-16-17-settembre\/\" \/>\n<meta property=\"og:site_name\" content=\"Bellunopress - Dolomiti\" \/>\n<meta property=\"article:publisher\" content=\"https:\/\/www.facebook.com\/profile.php?id=100008943462799\" \/>\n<meta property=\"article:published_time\" content=\"2023-08-21T05:31:17+00:00\" \/>\n<meta property=\"og:image\" content=\"https:\/\/www.bellunopress.it\/wp-content\/uploads\/2022\/09\/Lamon-A-tavola-nel-Feltrino-il-fagiolo_edited.jpg\" \/>\n\t<meta property=\"og:image:width\" content=\"691\" \/>\n\t<meta property=\"og:image:height\" content=\"571\" \/>\n\t<meta property=\"og:image:type\" content=\"image\/jpeg\" \/>\n<meta name=\"author\" content=\"redazione\" \/>\n<meta name=\"twitter:card\" content=\"summary_large_image\" \/>\n<meta name=\"twitter:creator\" content=\"@bellunopress\" \/>\n<meta name=\"twitter:site\" content=\"@bellunopress\" \/>\n<meta name=\"twitter:label1\" content=\"\u00c9crit par\" \/>\n\t<meta name=\"twitter:data1\" content=\"redazione\" \/>\n\t<meta name=\"twitter:label2\" content=\"Dur\u00e9e de lecture estim\u00e9e\" \/>\n\t<meta name=\"twitter:data2\" content=\"3 minutes\" \/>\n<script type=\"application\/ld+json\" class=\"yoast-schema-graph\">{\"@context\":\"https:\\\/\\\/schema.org\",\"@graph\":[{\"@type\":\"Article\",\"@id\":\"https:\\\/\\\/www.bellunopress.it\\\/2023\\\/08\\\/21\\\/a-tavola-nel-feltrino-il-fagiolo-di-lamon-15-16-17-settembre\\\/#article\",\"isPartOf\":{\"@id\":\"https:\\\/\\\/www.bellunopress.it\\\/2023\\\/08\\\/21\\\/a-tavola-nel-feltrino-il-fagiolo-di-lamon-15-16-17-settembre\\\/\"},\"author\":{\"name\":\"redazione\",\"@id\":\"https:\\\/\\\/www.bellunopress.it\\\/#\\\/schema\\\/person\\\/79bb06722b37ece1c03d3e94beb30d73\"},\"headline\":\"A tavola nel Feltrino: il fagiolo di Lamon, 15-16-17 settembre\",\"datePublished\":\"2023-08-21T05:31:17+00:00\",\"mainEntityOfPage\":{\"@id\":\"https:\\\/\\\/www.bellunopress.it\\\/2023\\\/08\\\/21\\\/a-tavola-nel-feltrino-il-fagiolo-di-lamon-15-16-17-settembre\\\/\"},\"wordCount\":541,\"publisher\":{\"@id\":\"https:\\\/\\\/www.bellunopress.it\\\/#organization\"},\"image\":{\"@id\":\"https:\\\/\\\/www.bellunopress.it\\\/2023\\\/08\\\/21\\\/a-tavola-nel-feltrino-il-fagiolo-di-lamon-15-16-17-settembre\\\/#primaryimage\"},\"thumbnailUrl\":\"https:\\\/\\\/www.bellunopress.it\\\/wp-content\\\/uploads\\\/2022\\\/09\\\/Lamon-A-tavola-nel-Feltrino-il-fagiolo_edited.jpg\",\"articleSection\":[\"Eventi enogastronomici\",\"Pausa Caff\u00e8\"],\"inLanguage\":\"fr-FR\"},{\"@type\":\"WebPage\",\"@id\":\"https:\\\/\\\/www.bellunopress.it\\\/2023\\\/08\\\/21\\\/a-tavola-nel-feltrino-il-fagiolo-di-lamon-15-16-17-settembre\\\/\",\"url\":\"https:\\\/\\\/www.bellunopress.it\\\/2023\\\/08\\\/21\\\/a-tavola-nel-feltrino-il-fagiolo-di-lamon-15-16-17-settembre\\\/\",\"name\":\"A tavola nel Feltrino: il fagiolo di Lamon, 15-16-17 settembre - Bellunopress - Dolomiti\",\"isPartOf\":{\"@id\":\"https:\\\/\\\/www.bellunopress.it\\\/#website\"},\"primaryImageOfPage\":{\"@id\":\"https:\\\/\\\/www.bellunopress.it\\\/2023\\\/08\\\/21\\\/a-tavola-nel-feltrino-il-fagiolo-di-lamon-15-16-17-settembre\\\/#primaryimage\"},\"image\":{\"@id\":\"https:\\\/\\\/www.bellunopress.it\\\/2023\\\/08\\\/21\\\/a-tavola-nel-feltrino-il-fagiolo-di-lamon-15-16-17-settembre\\\/#primaryimage\"},\"thumbnailUrl\":\"https:\\\/\\\/www.bellunopress.it\\\/wp-content\\\/uploads\\\/2022\\\/09\\\/Lamon-A-tavola-nel-Feltrino-il-fagiolo_edited.jpg\",\"datePublished\":\"2023-08-21T05:31:17+00:00\",\"breadcrumb\":{\"@id\":\"https:\\\/\\\/www.bellunopress.it\\\/2023\\\/08\\\/21\\\/a-tavola-nel-feltrino-il-fagiolo-di-lamon-15-16-17-settembre\\\/#breadcrumb\"},\"inLanguage\":\"fr-FR\",\"potentialAction\":[{\"@type\":\"ReadAction\",\"target\":[\"https:\\\/\\\/www.bellunopress.it\\\/2023\\\/08\\\/21\\\/a-tavola-nel-feltrino-il-fagiolo-di-lamon-15-16-17-settembre\\\/\"]}]},{\"@type\":\"ImageObject\",\"inLanguage\":\"fr-FR\",\"@id\":\"https:\\\/\\\/www.bellunopress.it\\\/2023\\\/08\\\/21\\\/a-tavola-nel-feltrino-il-fagiolo-di-lamon-15-16-17-settembre\\\/#primaryimage\",\"url\":\"https:\\\/\\\/www.bellunopress.it\\\/wp-content\\\/uploads\\\/2022\\\/09\\\/Lamon-A-tavola-nel-Feltrino-il-fagiolo_edited.jpg\",\"contentUrl\":\"https:\\\/\\\/www.bellunopress.it\\\/wp-content\\\/uploads\\\/2022\\\/09\\\/Lamon-A-tavola-nel-Feltrino-il-fagiolo_edited.jpg\",\"width\":691,\"height\":571,\"caption\":\"Festa Fagiolo Lamon\"},{\"@type\":\"BreadcrumbList\",\"@id\":\"https:\\\/\\\/www.bellunopress.it\\\/2023\\\/08\\\/21\\\/a-tavola-nel-feltrino-il-fagiolo-di-lamon-15-16-17-settembre\\\/#breadcrumb\",\"itemListElement\":[{\"@type\":\"ListItem\",\"position\":1,\"name\":\"Home\",\"item\":\"https:\\\/\\\/www.bellunopress.it\\\/\"},{\"@type\":\"ListItem\",\"position\":2,\"name\":\"A tavola nel Feltrino: il fagiolo di Lamon, 15-16-17 settembre\"}]},{\"@type\":\"WebSite\",\"@id\":\"https:\\\/\\\/www.bellunopress.it\\\/#website\",\"url\":\"https:\\\/\\\/www.bellunopress.it\\\/\",\"name\":\"Bellunopress - Dolomiti\",\"description\":\"e-mail: redazione@bellunopress.it\",\"publisher\":{\"@id\":\"https:\\\/\\\/www.bellunopress.it\\\/#organization\"},\"potentialAction\":[{\"@type\":\"SearchAction\",\"target\":{\"@type\":\"EntryPoint\",\"urlTemplate\":\"https:\\\/\\\/www.bellunopress.it\\\/?s={search_term_string}\"},\"query-input\":{\"@type\":\"PropertyValueSpecification\",\"valueRequired\":true,\"valueName\":\"search_term_string\"}}],\"inLanguage\":\"fr-FR\"},{\"@type\":\"Organization\",\"@id\":\"https:\\\/\\\/www.bellunopress.it\\\/#organization\",\"name\":\"Bellunopress\",\"url\":\"https:\\\/\\\/www.bellunopress.it\\\/\",\"logo\":{\"@type\":\"ImageObject\",\"inLanguage\":\"fr-FR\",\"@id\":\"https:\\\/\\\/www.bellunopress.it\\\/#\\\/schema\\\/logo\\\/image\\\/\",\"url\":\"https:\\\/\\\/www.bellunopress.it\\\/wp-content\\\/uploads\\\/2011\\\/05\\\/cropped-logo-bellunopress-.jpg\",\"contentUrl\":\"https:\\\/\\\/www.bellunopress.it\\\/wp-content\\\/uploads\\\/2011\\\/05\\\/cropped-logo-bellunopress-.jpg\",\"width\":512,\"height\":512,\"caption\":\"Bellunopress\"},\"image\":{\"@id\":\"https:\\\/\\\/www.bellunopress.it\\\/#\\\/schema\\\/logo\\\/image\\\/\"},\"sameAs\":[\"https:\\\/\\\/www.facebook.com\\\/profile.php?id=100008943462799\",\"https:\\\/\\\/x.com\\\/bellunopress\",\"https:\\\/\\\/www.linkedin.com\\\/hp\\\/?dnr=JBzUWaJfMUw8vbXJJ2tVW5-I3jZKvC4wsoxE&amp;amp;amp;amp;amp;amp;trk=nav_responsive_tab_home\",\"https:\\\/\\\/www.youtube.com\\\/channel\\\/UCxL0wu1uN0_3_7hGG0306cw\"]},{\"@type\":\"Person\",\"@id\":\"https:\\\/\\\/www.bellunopress.it\\\/#\\\/schema\\\/person\\\/79bb06722b37ece1c03d3e94beb30d73\",\"name\":\"redazione\",\"image\":{\"@type\":\"ImageObject\",\"inLanguage\":\"fr-FR\",\"@id\":\"https:\\\/\\\/secure.gravatar.com\\\/avatar\\\/37d968a2e67a6fd04c169c4bdef102d0bc5d31b2546345219e348575eb80e9a0?s=96&d=mm&r=g\",\"url\":\"https:\\\/\\\/secure.gravatar.com\\\/avatar\\\/37d968a2e67a6fd04c169c4bdef102d0bc5d31b2546345219e348575eb80e9a0?s=96&d=mm&r=g\",\"contentUrl\":\"https:\\\/\\\/secure.gravatar.com\\\/avatar\\\/37d968a2e67a6fd04c169c4bdef102d0bc5d31b2546345219e348575eb80e9a0?s=96&d=mm&r=g\",\"caption\":\"redazione\"},\"sameAs\":[\"http:\\\/\\\/www.bellunopress.it\",\"https:\\\/\\\/x.com\\\/bellunopress\"],\"url\":\"https:\\\/\\\/www.bellunopress.it\\\/fr\\\/author\\\/redazione\\\/\"}]}<\/script>\n<!-- \/ Yoast SEO plugin. -->","yoast_head_json":{"title":"A tavola nel Feltrino: il fagiolo di Lamon, 15-16-17 settembre - Bellunopress - Dolomiti","robots":{"index":"index","follow":"follow","max-snippet":"max-snippet:-1","max-image-preview":"max-image-preview:large","max-video-preview":"max-video-preview:-1"},"canonical":"https:\/\/www.bellunopress.it\/fr\/2023\/08\/21\/a-tavola-nel-feltrino-il-fagiolo-di-lamon-15-16-17-settembre\/","og_locale":"fr_FR","og_type":"article","og_title":"A tavola nel Feltrino: il fagiolo di Lamon, 15-16-17 settembre - Bellunopress - Dolomiti","og_description":"Manca meno di un mese ad uno degli appuntamenti autunnali pi\u00f9 importanti del mondo agricolo, in provincia di Belluno e nel Veneto, la festa del fagiolo di Lamon. E\u2019 gi\u00e0 pronto il programma, stilato dalla Pro loco di Lamon e dal Consorzio di tutela del Fagiolo, in collaborazione con il Comune di Lamon: mostre di [&hellip;]","og_url":"https:\/\/www.bellunopress.it\/fr\/2023\/08\/21\/a-tavola-nel-feltrino-il-fagiolo-di-lamon-15-16-17-settembre\/","og_site_name":"Bellunopress - Dolomiti","article_publisher":"https:\/\/www.facebook.com\/profile.php?id=100008943462799","article_published_time":"2023-08-21T05:31:17+00:00","og_image":[{"width":691,"height":571,"url":"https:\/\/www.bellunopress.it\/wp-content\/uploads\/2022\/09\/Lamon-A-tavola-nel-Feltrino-il-fagiolo_edited.jpg","type":"image\/jpeg"}],"author":"redazione","twitter_card":"summary_large_image","twitter_creator":"@bellunopress","twitter_site":"@bellunopress","twitter_misc":{"\u00c9crit par":"redazione","Dur\u00e9e de lecture estim\u00e9e":"3 minutes"},"schema":{"@context":"https:\/\/schema.org","@graph":[{"@type":"Article","@id":"https:\/\/www.bellunopress.it\/2023\/08\/21\/a-tavola-nel-feltrino-il-fagiolo-di-lamon-15-16-17-settembre\/#article","isPartOf":{"@id":"https:\/\/www.bellunopress.it\/2023\/08\/21\/a-tavola-nel-feltrino-il-fagiolo-di-lamon-15-16-17-settembre\/"},"author":{"name":"redazione","@id":"https:\/\/www.bellunopress.it\/#\/schema\/person\/79bb06722b37ece1c03d3e94beb30d73"},"headline":"A tavola nel Feltrino: il fagiolo di Lamon, 15-16-17 settembre","datePublished":"2023-08-21T05:31:17+00:00","mainEntityOfPage":{"@id":"https:\/\/www.bellunopress.it\/2023\/08\/21\/a-tavola-nel-feltrino-il-fagiolo-di-lamon-15-16-17-settembre\/"},"wordCount":541,"publisher":{"@id":"https:\/\/www.bellunopress.it\/#organization"},"image":{"@id":"https:\/\/www.bellunopress.it\/2023\/08\/21\/a-tavola-nel-feltrino-il-fagiolo-di-lamon-15-16-17-settembre\/#primaryimage"},"thumbnailUrl":"https:\/\/www.bellunopress.it\/wp-content\/uploads\/2022\/09\/Lamon-A-tavola-nel-Feltrino-il-fagiolo_edited.jpg","articleSection":["Eventi enogastronomici","Pausa Caff\u00e8"],"inLanguage":"fr-FR"},{"@type":"WebPage","@id":"https:\/\/www.bellunopress.it\/2023\/08\/21\/a-tavola-nel-feltrino-il-fagiolo-di-lamon-15-16-17-settembre\/","url":"https:\/\/www.bellunopress.it\/2023\/08\/21\/a-tavola-nel-feltrino-il-fagiolo-di-lamon-15-16-17-settembre\/","name":"A tavola nel Feltrino: il fagiolo di Lamon, 15-16-17 settembre - Bellunopress - Dolomiti","isPartOf":{"@id":"https:\/\/www.bellunopress.it\/#website"},"primaryImageOfPage":{"@id":"https:\/\/www.bellunopress.it\/2023\/08\/21\/a-tavola-nel-feltrino-il-fagiolo-di-lamon-15-16-17-settembre\/#primaryimage"},"image":{"@id":"https:\/\/www.bellunopress.it\/2023\/08\/21\/a-tavola-nel-feltrino-il-fagiolo-di-lamon-15-16-17-settembre\/#primaryimage"},"thumbnailUrl":"https:\/\/www.bellunopress.it\/wp-content\/uploads\/2022\/09\/Lamon-A-tavola-nel-Feltrino-il-fagiolo_edited.jpg","datePublished":"2023-08-21T05:31:17+00:00","breadcrumb":{"@id":"https:\/\/www.bellunopress.it\/2023\/08\/21\/a-tavola-nel-feltrino-il-fagiolo-di-lamon-15-16-17-settembre\/#breadcrumb"},"inLanguage":"fr-FR","potentialAction":[{"@type":"ReadAction","target":["https:\/\/www.bellunopress.it\/2023\/08\/21\/a-tavola-nel-feltrino-il-fagiolo-di-lamon-15-16-17-settembre\/"]}]},{"@type":"ImageObject","inLanguage":"fr-FR","@id":"https:\/\/www.bellunopress.it\/2023\/08\/21\/a-tavola-nel-feltrino-il-fagiolo-di-lamon-15-16-17-settembre\/#primaryimage","url":"https:\/\/www.bellunopress.it\/wp-content\/uploads\/2022\/09\/Lamon-A-tavola-nel-Feltrino-il-fagiolo_edited.jpg","contentUrl":"https:\/\/www.bellunopress.it\/wp-content\/uploads\/2022\/09\/Lamon-A-tavola-nel-Feltrino-il-fagiolo_edited.jpg","width":691,"height":571,"caption":"Festa Fagiolo Lamon"},{"@type":"BreadcrumbList","@id":"https:\/\/www.bellunopress.it\/2023\/08\/21\/a-tavola-nel-feltrino-il-fagiolo-di-lamon-15-16-17-settembre\/#breadcrumb","itemListElement":[{"@type":"ListItem","position":1,"name":"Home","item":"https:\/\/www.bellunopress.it\/"},{"@type":"ListItem","position":2,"name":"A tavola nel Feltrino: il fagiolo di Lamon, 15-16-17 settembre"}]},{"@type":"WebSite","@id":"https:\/\/www.bellunopress.it\/#website","url":"https:\/\/www.bellunopress.it\/","name":"Bellunopress - Dolomiti","description":"e-mail: redazione@bellunopress.it","publisher":{"@id":"https:\/\/www.bellunopress.it\/#organization"},"potentialAction":[{"@type":"SearchAction","target":{"@type":"EntryPoint","urlTemplate":"https:\/\/www.bellunopress.it\/?s={search_term_string}"},"query-input":{"@type":"PropertyValueSpecification","valueRequired":true,"valueName":"search_term_string"}}],"inLanguage":"fr-FR"},{"@type":"Organization","@id":"https:\/\/www.bellunopress.it\/#organization","name":"Bellunopress","url":"https:\/\/www.bellunopress.it\/","logo":{"@type":"ImageObject","inLanguage":"fr-FR","@id":"https:\/\/www.bellunopress.it\/#\/schema\/logo\/image\/","url":"https:\/\/www.bellunopress.it\/wp-content\/uploads\/2011\/05\/cropped-logo-bellunopress-.jpg","contentUrl":"https:\/\/www.bellunopress.it\/wp-content\/uploads\/2011\/05\/cropped-logo-bellunopress-.jpg","width":512,"height":512,"caption":"Bellunopress"},"image":{"@id":"https:\/\/www.bellunopress.it\/#\/schema\/logo\/image\/"},"sameAs":["https:\/\/www.facebook.com\/profile.php?id=100008943462799","https:\/\/x.com\/bellunopress","https:\/\/www.linkedin.com\/hp\/?dnr=JBzUWaJfMUw8vbXJJ2tVW5-I3jZKvC4wsoxE&amp;amp;amp;amp;amp;amp;trk=nav_responsive_tab_home","https:\/\/www.youtube.com\/channel\/UCxL0wu1uN0_3_7hGG0306cw"]},{"@type":"Person","@id":"https:\/\/www.bellunopress.it\/#\/schema\/person\/79bb06722b37ece1c03d3e94beb30d73","name":"r\u00e9daction","image":{"@type":"ImageObject","inLanguage":"fr-FR","@id":"https:\/\/secure.gravatar.com\/avatar\/37d968a2e67a6fd04c169c4bdef102d0bc5d31b2546345219e348575eb80e9a0?s=96&d=mm&r=g","url":"https:\/\/secure.gravatar.com\/avatar\/37d968a2e67a6fd04c169c4bdef102d0bc5d31b2546345219e348575eb80e9a0?s=96&d=mm&r=g","contentUrl":"https:\/\/secure.gravatar.com\/avatar\/37d968a2e67a6fd04c169c4bdef102d0bc5d31b2546345219e348575eb80e9a0?s=96&d=mm&r=g","caption":"redazione"},"sameAs":["http:\/\/www.bellunopress.it","https:\/\/x.com\/bellunopress"],"url":"https:\/\/www.bellunopress.it\/fr\/author\/redazione\/"}]}},"_links":{"self":[{"href":"https:\/\/www.bellunopress.it\/fr\/wp-json\/wp\/v2\/posts\/143595","targetHints":{"allow":["GET"]}}],"collection":[{"href":"https:\/\/www.bellunopress.it\/fr\/wp-json\/wp\/v2\/posts"}],"about":[{"href":"https:\/\/www.bellunopress.it\/fr\/wp-json\/wp\/v2\/types\/post"}],"author":[{"embeddable":true,"href":"https:\/\/www.bellunopress.it\/fr\/wp-json\/wp\/v2\/users\/2"}],"replies":[{"embeddable":true,"href":"https:\/\/www.bellunopress.it\/fr\/wp-json\/wp\/v2\/comments?post=143595"}],"version-history":[{"count":1,"href":"https:\/\/www.bellunopress.it\/fr\/wp-json\/wp\/v2\/posts\/143595\/revisions"}],"predecessor-version":[{"id":143596,"href":"https:\/\/www.bellunopress.it\/fr\/wp-json\/wp\/v2\/posts\/143595\/revisions\/143596"}],"wp:featuredmedia":[{"embeddable":true,"href":"https:\/\/www.bellunopress.it\/fr\/wp-json\/wp\/v2\/media\/136324"}],"wp:attachment":[{"href":"https:\/\/www.bellunopress.it\/fr\/wp-json\/wp\/v2\/media?parent=143595"}],"wp:term":[{"taxonomy":"category","embeddable":true,"href":"https:\/\/www.bellunopress.it\/fr\/wp-json\/wp\/v2\/categories?post=143595"},{"taxonomy":"post_tag","embeddable":true,"href":"https:\/\/www.bellunopress.it\/fr\/wp-json\/wp\/v2\/tags?post=143595"}],"curies":[{"name":"wp","href":"https:\/\/api.w.org\/{rel}","templated":true}]}}