{"id":143570,"date":"2023-08-18T16:57:59","date_gmt":"2023-08-18T14:57:59","guid":{"rendered":"https:\/\/www.bellunopress.it\/?p=143570"},"modified":"2023-08-18T16:57:59","modified_gmt":"2023-08-18T14:57:59","slug":"prosegue-a-cortina-la-stagione-culturale-del-de-la-poste","status":"publish","type":"post","link":"https:\/\/www.bellunopress.it\/fr\/2023\/08\/18\/prosegue-a-cortina-la-stagione-culturale-del-de-la-poste\/","title":{"rendered":"Prosegue a Cortina la stagione culturale del de la Poste"},"content":{"rendered":"<figure id=\"attachment_127227\" aria-describedby=\"caption-attachment-127227\" style=\"width: 800px\" class=\"wp-caption alignleft\"><img loading=\"lazy\" decoding=\"async\" class=\"size-full wp-image-127227\" src=\"https:\/\/www.bellunopress.it\/wp-content\/uploads\/2021\/08\/Hotel-de-la-Poste-Cortina_edited.jpg\" alt=\"\" width=\"800\" height=\"579\" srcset=\"https:\/\/www.bellunopress.it\/wp-content\/uploads\/2021\/08\/Hotel-de-la-Poste-Cortina_edited.jpg 800w, https:\/\/www.bellunopress.it\/wp-content\/uploads\/2021\/08\/Hotel-de-la-Poste-Cortina_edited-500x362.jpg 500w, https:\/\/www.bellunopress.it\/wp-content\/uploads\/2021\/08\/Hotel-de-la-Poste-Cortina_edited-696x504.jpg 696w, https:\/\/www.bellunopress.it\/wp-content\/uploads\/2021\/08\/Hotel-de-la-Poste-Cortina_edited-580x420.jpg 580w, https:\/\/www.bellunopress.it\/wp-content\/uploads\/2021\/08\/Hotel-de-la-Poste-Cortina_edited-324x235.jpg 324w\" sizes=\"auto, (max-width: 800px) 100vw, 800px\" \/><figcaption id=\"caption-attachment-127227\" class=\"wp-caption-text\">Hotel de la Poste &#8211; Cortina d&#8217;Ampezzo<\/figcaption><\/figure>\n<p><em>Sabato 19 agosto, ore 11.00, grande attesa per l&#8217;incontro di presentazione del volume &#8220;C&#8217;era una volta Cortina&#8221; (Ireco), con l&#8217;architetto Rossana Calabria Fanucci e Stefano Gargiullo.<\/em><\/p>\n<p>Rosanna Calabria Fanucci \u00e8 l&#8217;autrice, con Stefano Gargiullo di &#8220;C&#8217;era una volta Cortina&#8221;: due volumi, editi da Ireco, che raccolgono centinaia di fotografie inedite provenienti dagli album di famiglia degli ampezzani e ripercorrono la storia di Cortina dalla fine dell&#8217;800 fino agli anni 2000. Storie e aneddoti che sono anche raccontati dal gruppo &#8220;Gli amici di Cortina&#8221; e dalla pagina Facebook &#8220;C&#8217;era una volta Cortina&#8221; a cura di Rossana Calabria Fanucci.<\/p>\n<p>Domenica 27 agosto_Adriana e le altre con Alain Elkann<\/p>\n<p>Il giornalista e scrittore Elkann presenta al pubblico di Cortina una raccolta edita da Bompiani dedicata alla molteplicit\u00e0 del femminile. Appuntamento l&#8217;ultimo sabato di agosto, alle ore 18: conversando con Marina Valensise, giornalista e collaboratrice de Il Foglio e Il Messaggero, Alain Elkann dar\u00e0 voce alle protagoniste di &#8220;Adriana e le altre&#8221;, che si raccontano lasciando emergere desideri e rimpianti. Una galleria di ritratti dipinti con stile sobrio ed essenziale: nonne, madri e bambine colte in un momento di trasformazione, con lo sguardo rivolto al passato o al futuro. Ognuna porta con s\u00e9 la propria verit\u00e0, una diversa manifestazione dell&#8217;amore che arricchisce il testo di sfumature. I temi della maternit\u00e0 e delle illusioni perdute attraversano l&#8217;opera e legano tra loro le storie, suggerendo una riflessione profondamente attuale.<\/p>\n<p>&#8220;100 anni di Hemingway a Cortina: immagini e ricordi dall&#8217;Archivio del Barone Franchetti&#8221;_la mostra<\/p>\n<p>Cento anni fa il &#8220;Papa&#8221;, come era soprannominato, scopriva Cortina durante uno dei suoi viaggi in Italia: iniziava cos\u00ec la relazione tra la localit\u00e0 e uno dei massimi scrittori del Novecento. L&#8217;Hotel de la Poste, la sua casa tra le Dolomiti, gli rende omaggio celebrando i piaceri della vita, gli incontri e la letteratura. L&#8217;esposizione &#8220;100 anni di Hemingway a Cortina: immagini e ricordi dall&#8217;Archivio del Barone Franchetti&#8221;, curata dall&#8217;architetto Ph.d Gian Camillo Custoza de Cattani, sar\u00e0 visitabile fino a domenica 8 ottobre. In mostra tante immagini in parte inedite che raccontano le amicizie di Hemingway e le sue grandi passioni.<\/p>\n<p>Sabato 7 ottobre_A pesca di trote con Hemingway<\/p>\n<p>Il 10 ottobre 1948 Hemingway e il conte Federico Kechler partirono da Cortina e andarono a pescare la trota al lago di Anterselva, in Trentino Alto-Adige. Nel 2023, nella stessa data e nello stesso luogo, viene proposta una nuova partita di pesca. Si parte dall&#8217;Hotel de la Poste per vivere un momento conviviale, salutando la figura dello scrittore non attraverso la mediazione dei libri, ma nella natura, con lenza ed amo. Si pesca alla mosca, come amava fare Hemingway, una tecnica sfidante che diventa uno stile di vita.<\/p>\n<p>&nbsp;<\/p>","protected":false},"excerpt":{"rendered":"<p>Sabato 19 agosto, ore 11.00, grande attesa per l&#8217;incontro di presentazione del volume &#8220;C&#8217;era una volta Cortina&#8221; (Ireco), con l&#8217;architetto Rossana Calabria Fanucci e Stefano Gargiullo. Rosanna Calabria Fanucci \u00e8 l&#8217;autrice, con Stefano Gargiullo di &#8220;C&#8217;era una volta Cortina&#8221;: due volumi, editi da Ireco, che raccolgono centinaia di fotografie inedite provenienti dagli album di famiglia [&hellip;]<\/p>\n","protected":false},"author":2,"featured_media":127227,"comment_status":"closed","ping_status":"open","sticky":false,"template":"","format":"standard","meta":{"footnotes":""},"categories":[27,3,25],"tags":[],"class_list":["post-143570","post","type-post","status-publish","format-standard","has-post-thumbnail","category-appuntamenti","category-arte-cultura-spettacoli-scienza-archivi","category-pausa-caffe"],"yoast_head":"<!-- This site is optimized with the Yoast SEO plugin v28.4 - https:\/\/yoast.com\/product\/yoast-seo-wordpress\/ -->\n<title>Prosegue a Cortina la stagione culturale del de la Poste - Bellunopress - Dolomiti<\/title>\n<meta name=\"robots\" content=\"index, follow, max-snippet:-1, max-image-preview:large, max-video-preview:-1\" \/>\n<link rel=\"canonical\" href=\"https:\/\/www.bellunopress.it\/fr\/2023\/08\/18\/prosegue-a-cortina-la-stagione-culturale-del-de-la-poste\/\" \/>\n<meta property=\"og:locale\" content=\"fr_FR\" \/>\n<meta property=\"og:type\" content=\"article\" \/>\n<meta property=\"og:title\" content=\"Prosegue a Cortina la stagione culturale del de la Poste - Bellunopress - Dolomiti\" \/>\n<meta property=\"og:description\" content=\"Sabato 19 agosto, ore 11.00, grande attesa per l&#8217;incontro di presentazione del volume &#8220;C&#8217;era una volta Cortina&#8221; (Ireco), con l&#8217;architetto Rossana Calabria Fanucci e Stefano Gargiullo. Rosanna Calabria Fanucci \u00e8 l&#8217;autrice, con Stefano Gargiullo di &#8220;C&#8217;era una volta Cortina&#8221;: due volumi, editi da Ireco, che raccolgono centinaia di fotografie inedite provenienti dagli album di famiglia [&hellip;]\" \/>\n<meta property=\"og:url\" content=\"https:\/\/www.bellunopress.it\/fr\/2023\/08\/18\/prosegue-a-cortina-la-stagione-culturale-del-de-la-poste\/\" \/>\n<meta property=\"og:site_name\" content=\"Bellunopress - Dolomiti\" \/>\n<meta property=\"article:publisher\" content=\"https:\/\/www.facebook.com\/profile.php?id=100008943462799\" \/>\n<meta property=\"article:published_time\" content=\"2023-08-18T14:57:59+00:00\" \/>\n<meta property=\"og:image\" content=\"https:\/\/www.bellunopress.it\/wp-content\/uploads\/2021\/08\/Hotel-de-la-Poste-Cortina_edited.jpg\" \/>\n\t<meta property=\"og:image:width\" content=\"800\" \/>\n\t<meta property=\"og:image:height\" content=\"579\" \/>\n\t<meta property=\"og:image:type\" content=\"image\/jpeg\" \/>\n<meta name=\"author\" content=\"redazione\" \/>\n<meta name=\"twitter:card\" content=\"summary_large_image\" \/>\n<meta name=\"twitter:creator\" content=\"@bellunopress\" \/>\n<meta name=\"twitter:site\" content=\"@bellunopress\" \/>\n<meta name=\"twitter:label1\" content=\"\u00c9crit par\" \/>\n\t<meta name=\"twitter:data1\" content=\"redazione\" \/>\n\t<meta name=\"twitter:label2\" content=\"Dur\u00e9e de lecture estim\u00e9e\" \/>\n\t<meta name=\"twitter:data2\" content=\"2 minutes\" \/>\n<script type=\"application\/ld+json\" class=\"yoast-schema-graph\">{\"@context\":\"https:\\\/\\\/schema.org\",\"@graph\":[{\"@type\":\"Article\",\"@id\":\"https:\\\/\\\/www.bellunopress.it\\\/2023\\\/08\\\/18\\\/prosegue-a-cortina-la-stagione-culturale-del-de-la-poste\\\/#article\",\"isPartOf\":{\"@id\":\"https:\\\/\\\/www.bellunopress.it\\\/2023\\\/08\\\/18\\\/prosegue-a-cortina-la-stagione-culturale-del-de-la-poste\\\/\"},\"author\":{\"name\":\"redazione\",\"@id\":\"https:\\\/\\\/www.bellunopress.it\\\/#\\\/schema\\\/person\\\/79bb06722b37ece1c03d3e94beb30d73\"},\"headline\":\"Prosegue a Cortina la stagione culturale del de la Poste\",\"datePublished\":\"2023-08-18T14:57:59+00:00\",\"mainEntityOfPage\":{\"@id\":\"https:\\\/\\\/www.bellunopress.it\\\/2023\\\/08\\\/18\\\/prosegue-a-cortina-la-stagione-culturale-del-de-la-poste\\\/\"},\"wordCount\":476,\"publisher\":{\"@id\":\"https:\\\/\\\/www.bellunopress.it\\\/#organization\"},\"image\":{\"@id\":\"https:\\\/\\\/www.bellunopress.it\\\/2023\\\/08\\\/18\\\/prosegue-a-cortina-la-stagione-culturale-del-de-la-poste\\\/#primaryimage\"},\"thumbnailUrl\":\"https:\\\/\\\/www.bellunopress.it\\\/wp-content\\\/uploads\\\/2021\\\/08\\\/Hotel-de-la-Poste-Cortina_edited.jpg\",\"articleSection\":[\"Appuntamenti, Eventi\",\"Arte, Cultura, Spettacoli, Scienza\",\"Pausa Caff\u00e8\"],\"inLanguage\":\"fr-FR\"},{\"@type\":\"WebPage\",\"@id\":\"https:\\\/\\\/www.bellunopress.it\\\/2023\\\/08\\\/18\\\/prosegue-a-cortina-la-stagione-culturale-del-de-la-poste\\\/\",\"url\":\"https:\\\/\\\/www.bellunopress.it\\\/2023\\\/08\\\/18\\\/prosegue-a-cortina-la-stagione-culturale-del-de-la-poste\\\/\",\"name\":\"Prosegue a Cortina la stagione culturale del de la Poste - Bellunopress - Dolomiti\",\"isPartOf\":{\"@id\":\"https:\\\/\\\/www.bellunopress.it\\\/#website\"},\"primaryImageOfPage\":{\"@id\":\"https:\\\/\\\/www.bellunopress.it\\\/2023\\\/08\\\/18\\\/prosegue-a-cortina-la-stagione-culturale-del-de-la-poste\\\/#primaryimage\"},\"image\":{\"@id\":\"https:\\\/\\\/www.bellunopress.it\\\/2023\\\/08\\\/18\\\/prosegue-a-cortina-la-stagione-culturale-del-de-la-poste\\\/#primaryimage\"},\"thumbnailUrl\":\"https:\\\/\\\/www.bellunopress.it\\\/wp-content\\\/uploads\\\/2021\\\/08\\\/Hotel-de-la-Poste-Cortina_edited.jpg\",\"datePublished\":\"2023-08-18T14:57:59+00:00\",\"breadcrumb\":{\"@id\":\"https:\\\/\\\/www.bellunopress.it\\\/2023\\\/08\\\/18\\\/prosegue-a-cortina-la-stagione-culturale-del-de-la-poste\\\/#breadcrumb\"},\"inLanguage\":\"fr-FR\",\"potentialAction\":[{\"@type\":\"ReadAction\",\"target\":[\"https:\\\/\\\/www.bellunopress.it\\\/2023\\\/08\\\/18\\\/prosegue-a-cortina-la-stagione-culturale-del-de-la-poste\\\/\"]}]},{\"@type\":\"ImageObject\",\"inLanguage\":\"fr-FR\",\"@id\":\"https:\\\/\\\/www.bellunopress.it\\\/2023\\\/08\\\/18\\\/prosegue-a-cortina-la-stagione-culturale-del-de-la-poste\\\/#primaryimage\",\"url\":\"https:\\\/\\\/www.bellunopress.it\\\/wp-content\\\/uploads\\\/2021\\\/08\\\/Hotel-de-la-Poste-Cortina_edited.jpg\",\"contentUrl\":\"https:\\\/\\\/www.bellunopress.it\\\/wp-content\\\/uploads\\\/2021\\\/08\\\/Hotel-de-la-Poste-Cortina_edited.jpg\",\"width\":800,\"height\":579,\"caption\":\"Hotel de la Poste - Cortina d'Ampezzo\"},{\"@type\":\"BreadcrumbList\",\"@id\":\"https:\\\/\\\/www.bellunopress.it\\\/2023\\\/08\\\/18\\\/prosegue-a-cortina-la-stagione-culturale-del-de-la-poste\\\/#breadcrumb\",\"itemListElement\":[{\"@type\":\"ListItem\",\"position\":1,\"name\":\"Home\",\"item\":\"https:\\\/\\\/www.bellunopress.it\\\/\"},{\"@type\":\"ListItem\",\"position\":2,\"name\":\"Prosegue a Cortina la stagione culturale del de la Poste\"}]},{\"@type\":\"WebSite\",\"@id\":\"https:\\\/\\\/www.bellunopress.it\\\/#website\",\"url\":\"https:\\\/\\\/www.bellunopress.it\\\/\",\"name\":\"Bellunopress - Dolomiti\",\"description\":\"e-mail: redazione@bellunopress.it\",\"publisher\":{\"@id\":\"https:\\\/\\\/www.bellunopress.it\\\/#organization\"},\"potentialAction\":[{\"@type\":\"SearchAction\",\"target\":{\"@type\":\"EntryPoint\",\"urlTemplate\":\"https:\\\/\\\/www.bellunopress.it\\\/?s={search_term_string}\"},\"query-input\":{\"@type\":\"PropertyValueSpecification\",\"valueRequired\":true,\"valueName\":\"search_term_string\"}}],\"inLanguage\":\"fr-FR\"},{\"@type\":\"Organization\",\"@id\":\"https:\\\/\\\/www.bellunopress.it\\\/#organization\",\"name\":\"Bellunopress\",\"url\":\"https:\\\/\\\/www.bellunopress.it\\\/\",\"logo\":{\"@type\":\"ImageObject\",\"inLanguage\":\"fr-FR\",\"@id\":\"https:\\\/\\\/www.bellunopress.it\\\/#\\\/schema\\\/logo\\\/image\\\/\",\"url\":\"https:\\\/\\\/www.bellunopress.it\\\/wp-content\\\/uploads\\\/2011\\\/05\\\/cropped-logo-bellunopress-.jpg\",\"contentUrl\":\"https:\\\/\\\/www.bellunopress.it\\\/wp-content\\\/uploads\\\/2011\\\/05\\\/cropped-logo-bellunopress-.jpg\",\"width\":512,\"height\":512,\"caption\":\"Bellunopress\"},\"image\":{\"@id\":\"https:\\\/\\\/www.bellunopress.it\\\/#\\\/schema\\\/logo\\\/image\\\/\"},\"sameAs\":[\"https:\\\/\\\/www.facebook.com\\\/profile.php?id=100008943462799\",\"https:\\\/\\\/x.com\\\/bellunopress\",\"https:\\\/\\\/www.linkedin.com\\\/hp\\\/?dnr=JBzUWaJfMUw8vbXJJ2tVW5-I3jZKvC4wsoxE&amp;amp;amp;amp;amp;amp;trk=nav_responsive_tab_home\",\"https:\\\/\\\/www.youtube.com\\\/channel\\\/UCxL0wu1uN0_3_7hGG0306cw\"]},{\"@type\":\"Person\",\"@id\":\"https:\\\/\\\/www.bellunopress.it\\\/#\\\/schema\\\/person\\\/79bb06722b37ece1c03d3e94beb30d73\",\"name\":\"redazione\",\"image\":{\"@type\":\"ImageObject\",\"inLanguage\":\"fr-FR\",\"@id\":\"https:\\\/\\\/secure.gravatar.com\\\/avatar\\\/37d968a2e67a6fd04c169c4bdef102d0bc5d31b2546345219e348575eb80e9a0?s=96&d=mm&r=g\",\"url\":\"https:\\\/\\\/secure.gravatar.com\\\/avatar\\\/37d968a2e67a6fd04c169c4bdef102d0bc5d31b2546345219e348575eb80e9a0?s=96&d=mm&r=g\",\"contentUrl\":\"https:\\\/\\\/secure.gravatar.com\\\/avatar\\\/37d968a2e67a6fd04c169c4bdef102d0bc5d31b2546345219e348575eb80e9a0?s=96&d=mm&r=g\",\"caption\":\"redazione\"},\"sameAs\":[\"http:\\\/\\\/www.bellunopress.it\",\"https:\\\/\\\/x.com\\\/bellunopress\"],\"url\":\"https:\\\/\\\/www.bellunopress.it\\\/fr\\\/author\\\/redazione\\\/\"}]}<\/script>\n<!-- \/ Yoast SEO plugin. -->","yoast_head_json":{"title":"Prosegue a Cortina la stagione culturale del de la Poste - Bellunopress - Dolomiti","robots":{"index":"index","follow":"follow","max-snippet":"max-snippet:-1","max-image-preview":"max-image-preview:large","max-video-preview":"max-video-preview:-1"},"canonical":"https:\/\/www.bellunopress.it\/fr\/2023\/08\/18\/prosegue-a-cortina-la-stagione-culturale-del-de-la-poste\/","og_locale":"fr_FR","og_type":"article","og_title":"Prosegue a Cortina la stagione culturale del de la Poste - Bellunopress - Dolomiti","og_description":"Sabato 19 agosto, ore 11.00, grande attesa per l&#8217;incontro di presentazione del volume &#8220;C&#8217;era una volta Cortina&#8221; (Ireco), con l&#8217;architetto Rossana Calabria Fanucci e Stefano Gargiullo. Rosanna Calabria Fanucci \u00e8 l&#8217;autrice, con Stefano Gargiullo di &#8220;C&#8217;era una volta Cortina&#8221;: due volumi, editi da Ireco, che raccolgono centinaia di fotografie inedite provenienti dagli album di famiglia [&hellip;]","og_url":"https:\/\/www.bellunopress.it\/fr\/2023\/08\/18\/prosegue-a-cortina-la-stagione-culturale-del-de-la-poste\/","og_site_name":"Bellunopress - Dolomiti","article_publisher":"https:\/\/www.facebook.com\/profile.php?id=100008943462799","article_published_time":"2023-08-18T14:57:59+00:00","og_image":[{"width":800,"height":579,"url":"https:\/\/www.bellunopress.it\/wp-content\/uploads\/2021\/08\/Hotel-de-la-Poste-Cortina_edited.jpg","type":"image\/jpeg"}],"author":"redazione","twitter_card":"summary_large_image","twitter_creator":"@bellunopress","twitter_site":"@bellunopress","twitter_misc":{"\u00c9crit par":"redazione","Dur\u00e9e de lecture estim\u00e9e":"2 minutes"},"schema":{"@context":"https:\/\/schema.org","@graph":[{"@type":"Article","@id":"https:\/\/www.bellunopress.it\/2023\/08\/18\/prosegue-a-cortina-la-stagione-culturale-del-de-la-poste\/#article","isPartOf":{"@id":"https:\/\/www.bellunopress.it\/2023\/08\/18\/prosegue-a-cortina-la-stagione-culturale-del-de-la-poste\/"},"author":{"name":"redazione","@id":"https:\/\/www.bellunopress.it\/#\/schema\/person\/79bb06722b37ece1c03d3e94beb30d73"},"headline":"Prosegue a Cortina la stagione culturale del de la Poste","datePublished":"2023-08-18T14:57:59+00:00","mainEntityOfPage":{"@id":"https:\/\/www.bellunopress.it\/2023\/08\/18\/prosegue-a-cortina-la-stagione-culturale-del-de-la-poste\/"},"wordCount":476,"publisher":{"@id":"https:\/\/www.bellunopress.it\/#organization"},"image":{"@id":"https:\/\/www.bellunopress.it\/2023\/08\/18\/prosegue-a-cortina-la-stagione-culturale-del-de-la-poste\/#primaryimage"},"thumbnailUrl":"https:\/\/www.bellunopress.it\/wp-content\/uploads\/2021\/08\/Hotel-de-la-Poste-Cortina_edited.jpg","articleSection":["Appuntamenti, Eventi","Arte, Cultura, Spettacoli, Scienza","Pausa Caff\u00e8"],"inLanguage":"fr-FR"},{"@type":"WebPage","@id":"https:\/\/www.bellunopress.it\/2023\/08\/18\/prosegue-a-cortina-la-stagione-culturale-del-de-la-poste\/","url":"https:\/\/www.bellunopress.it\/2023\/08\/18\/prosegue-a-cortina-la-stagione-culturale-del-de-la-poste\/","name":"Prosegue a Cortina la stagione culturale del de la Poste - Bellunopress - Dolomiti","isPartOf":{"@id":"https:\/\/www.bellunopress.it\/#website"},"primaryImageOfPage":{"@id":"https:\/\/www.bellunopress.it\/2023\/08\/18\/prosegue-a-cortina-la-stagione-culturale-del-de-la-poste\/#primaryimage"},"image":{"@id":"https:\/\/www.bellunopress.it\/2023\/08\/18\/prosegue-a-cortina-la-stagione-culturale-del-de-la-poste\/#primaryimage"},"thumbnailUrl":"https:\/\/www.bellunopress.it\/wp-content\/uploads\/2021\/08\/Hotel-de-la-Poste-Cortina_edited.jpg","datePublished":"2023-08-18T14:57:59+00:00","breadcrumb":{"@id":"https:\/\/www.bellunopress.it\/2023\/08\/18\/prosegue-a-cortina-la-stagione-culturale-del-de-la-poste\/#breadcrumb"},"inLanguage":"fr-FR","potentialAction":[{"@type":"ReadAction","target":["https:\/\/www.bellunopress.it\/2023\/08\/18\/prosegue-a-cortina-la-stagione-culturale-del-de-la-poste\/"]}]},{"@type":"ImageObject","inLanguage":"fr-FR","@id":"https:\/\/www.bellunopress.it\/2023\/08\/18\/prosegue-a-cortina-la-stagione-culturale-del-de-la-poste\/#primaryimage","url":"https:\/\/www.bellunopress.it\/wp-content\/uploads\/2021\/08\/Hotel-de-la-Poste-Cortina_edited.jpg","contentUrl":"https:\/\/www.bellunopress.it\/wp-content\/uploads\/2021\/08\/Hotel-de-la-Poste-Cortina_edited.jpg","width":800,"height":579,"caption":"Hotel de la Poste - Cortina d'Ampezzo"},{"@type":"BreadcrumbList","@id":"https:\/\/www.bellunopress.it\/2023\/08\/18\/prosegue-a-cortina-la-stagione-culturale-del-de-la-poste\/#breadcrumb","itemListElement":[{"@type":"ListItem","position":1,"name":"Home","item":"https:\/\/www.bellunopress.it\/"},{"@type":"ListItem","position":2,"name":"Prosegue a Cortina la stagione culturale del de la Poste"}]},{"@type":"WebSite","@id":"https:\/\/www.bellunopress.it\/#website","url":"https:\/\/www.bellunopress.it\/","name":"Bellunopress - Dolomiti","description":"e-mail: redazione@bellunopress.it","publisher":{"@id":"https:\/\/www.bellunopress.it\/#organization"},"potentialAction":[{"@type":"SearchAction","target":{"@type":"EntryPoint","urlTemplate":"https:\/\/www.bellunopress.it\/?s={search_term_string}"},"query-input":{"@type":"PropertyValueSpecification","valueRequired":true,"valueName":"search_term_string"}}],"inLanguage":"fr-FR"},{"@type":"Organization","@id":"https:\/\/www.bellunopress.it\/#organization","name":"Bellunopress","url":"https:\/\/www.bellunopress.it\/","logo":{"@type":"ImageObject","inLanguage":"fr-FR","@id":"https:\/\/www.bellunopress.it\/#\/schema\/logo\/image\/","url":"https:\/\/www.bellunopress.it\/wp-content\/uploads\/2011\/05\/cropped-logo-bellunopress-.jpg","contentUrl":"https:\/\/www.bellunopress.it\/wp-content\/uploads\/2011\/05\/cropped-logo-bellunopress-.jpg","width":512,"height":512,"caption":"Bellunopress"},"image":{"@id":"https:\/\/www.bellunopress.it\/#\/schema\/logo\/image\/"},"sameAs":["https:\/\/www.facebook.com\/profile.php?id=100008943462799","https:\/\/x.com\/bellunopress","https:\/\/www.linkedin.com\/hp\/?dnr=JBzUWaJfMUw8vbXJJ2tVW5-I3jZKvC4wsoxE&amp;amp;amp;amp;amp;amp;trk=nav_responsive_tab_home","https:\/\/www.youtube.com\/channel\/UCxL0wu1uN0_3_7hGG0306cw"]},{"@type":"Person","@id":"https:\/\/www.bellunopress.it\/#\/schema\/person\/79bb06722b37ece1c03d3e94beb30d73","name":"r\u00e9daction","image":{"@type":"ImageObject","inLanguage":"fr-FR","@id":"https:\/\/secure.gravatar.com\/avatar\/37d968a2e67a6fd04c169c4bdef102d0bc5d31b2546345219e348575eb80e9a0?s=96&d=mm&r=g","url":"https:\/\/secure.gravatar.com\/avatar\/37d968a2e67a6fd04c169c4bdef102d0bc5d31b2546345219e348575eb80e9a0?s=96&d=mm&r=g","contentUrl":"https:\/\/secure.gravatar.com\/avatar\/37d968a2e67a6fd04c169c4bdef102d0bc5d31b2546345219e348575eb80e9a0?s=96&d=mm&r=g","caption":"redazione"},"sameAs":["http:\/\/www.bellunopress.it","https:\/\/x.com\/bellunopress"],"url":"https:\/\/www.bellunopress.it\/fr\/author\/redazione\/"}]}},"_links":{"self":[{"href":"https:\/\/www.bellunopress.it\/fr\/wp-json\/wp\/v2\/posts\/143570","targetHints":{"allow":["GET"]}}],"collection":[{"href":"https:\/\/www.bellunopress.it\/fr\/wp-json\/wp\/v2\/posts"}],"about":[{"href":"https:\/\/www.bellunopress.it\/fr\/wp-json\/wp\/v2\/types\/post"}],"author":[{"embeddable":true,"href":"https:\/\/www.bellunopress.it\/fr\/wp-json\/wp\/v2\/users\/2"}],"replies":[{"embeddable":true,"href":"https:\/\/www.bellunopress.it\/fr\/wp-json\/wp\/v2\/comments?post=143570"}],"version-history":[{"count":1,"href":"https:\/\/www.bellunopress.it\/fr\/wp-json\/wp\/v2\/posts\/143570\/revisions"}],"predecessor-version":[{"id":143571,"href":"https:\/\/www.bellunopress.it\/fr\/wp-json\/wp\/v2\/posts\/143570\/revisions\/143571"}],"wp:featuredmedia":[{"embeddable":true,"href":"https:\/\/www.bellunopress.it\/fr\/wp-json\/wp\/v2\/media\/127227"}],"wp:attachment":[{"href":"https:\/\/www.bellunopress.it\/fr\/wp-json\/wp\/v2\/media?parent=143570"}],"wp:term":[{"taxonomy":"category","embeddable":true,"href":"https:\/\/www.bellunopress.it\/fr\/wp-json\/wp\/v2\/categories?post=143570"},{"taxonomy":"post_tag","embeddable":true,"href":"https:\/\/www.bellunopress.it\/fr\/wp-json\/wp\/v2\/tags?post=143570"}],"curies":[{"name":"wp","href":"https:\/\/api.w.org\/{rel}","templated":true}]}}