{"id":143536,"date":"2023-08-16T17:46:37","date_gmt":"2023-08-16T15:46:37","guid":{"rendered":"https:\/\/www.bellunopress.it\/?p=143536"},"modified":"2023-08-16T17:46:37","modified_gmt":"2023-08-16T15:46:37","slug":"asta-pubblica-per-dolomiti-ambiente-deola-il-mercato-sara-il-vero-arbitro-di-questa-vicenda","status":"publish","type":"post","link":"https:\/\/www.bellunopress.it\/fr\/2023\/08\/16\/asta-pubblica-per-dolomiti-ambiente-deola-il-mercato-sara-il-vero-arbitro-di-questa-vicenda\/","title":{"rendered":"Asta pubblica per Dolomiti Ambiente. Deola: \u00abIl mercato sar\u00e0 il vero arbitro di questa vicenda\u00bb"},"content":{"rendered":"<p><img loading=\"lazy\" decoding=\"async\" class=\"alignleft size-full wp-image-136270\" src=\"https:\/\/www.bellunopress.it\/wp-content\/uploads\/2022\/09\/dolomiti_ambiente_belluno_edited.jpg\" alt=\"\" width=\"531\" height=\"314\" srcset=\"https:\/\/www.bellunopress.it\/wp-content\/uploads\/2022\/09\/dolomiti_ambiente_belluno_edited.jpg 531w, https:\/\/www.bellunopress.it\/wp-content\/uploads\/2022\/09\/dolomiti_ambiente_belluno_edited-500x296.jpg 500w\" sizes=\"auto, (max-width: 531px) 100vw, 531px\" \/>Dolomiti Ambiente spa va a gara. \u00c8 stato pubblicato oggi l&#8217;atto del presidente con il quale viene disposta la cessione attraverso asta pubblica del 92,4% delle quote della societ\u00e0 che si occupa del servizio integrato dei rifiuti, venerd\u00ec invece sar\u00e0 pubblicato il bando di gara vero e proprio. Con questo provvedimento viene dato seguito alla chiusura della trattativa per la cessione diretta tra l&#8217;ente Provincia e le quattro societ\u00e0 (Bellunum, Ponte Servizi, Valpe Ambiente ed Ecomont) che stava alla base del progetto di affidamento del servizio integrato di raccolta e smaltimento rifiuti sul territorio provinciale.<\/p>\n<p>\u00abSono passati due anni da quando \u00e8 stata avviata la trattativa per la cessione diretta. Da allora, nonostante le tantissime interlocuzioni avute, non si \u00e8 mai formalizzata la reale volont\u00e0 e quindi la proposta di acquisto da parte delle quattro societ\u00e0 che gestiscono attualmente la raccolta\u00bb spiega il consigliere provinciale delegato all&#8217;ambiente, Simone Deola. \u00abGli ultimi atti di questa vicenda sono stati le uscite pubbliche dei presidenti di alcune societ\u00e0, in particolare di Bellunum, che hanno palesato la volont\u00e0 di non procedere all&#8217;acquisto delle quote e il successivo cambio di progettualit\u00e0 proposto dalle quattro societ\u00e0 al Consiglio di Bacino che non ricomprende pi\u00f9 la Dolomiti Ambiente, e di conseguenza lo smaltimento, nel servizio rifiuti\u00bb.<\/p>\n<p>BREVE CRONISTORIA<\/p>\n<p>Nell&#8217;agosto 2021 la Provincia di Belluno, proprietaria del 74%, acquisisce le quote (8%) della Dolomiti Ambiente appartenenti ad Acegas Aps al fine di rendere totalmente pubblica la societ\u00e0 che si occupa di smaltimento rifiuti con l&#8217;unico scopo &#8211; e solo dopo averlo condiviso con l&#8217;Assemblea dei sindaci &#8211; di un affidamento in house providing, quindi totalmente pubblico, dell&#8217;intero ciclo integrato in provincia. Il Consiglio di Bacino, attraverso uno studio del professor Maltoni, individua la formula di costituzione del soggetto unico gestore al quale affidare il servizio, ovvero La Dolomiti Ambiente le cui quote di propriet\u00e0 della Provincia sarebbero dovute essere acquistate dalle quattro societ\u00e0 di raccolta.<\/p>\n<figure id=\"attachment_114439\" aria-describedby=\"caption-attachment-114439\" style=\"width: 564px\" class=\"wp-caption alignleft\"><img loading=\"lazy\" decoding=\"async\" class=\"size-full wp-image-114439\" src=\"https:\/\/www.bellunopress.it\/wp-content\/uploads\/2020\/05\/simone-deola_edited.jpg\" alt=\"\" width=\"564\" height=\"659\" srcset=\"https:\/\/www.bellunopress.it\/wp-content\/uploads\/2020\/05\/simone-deola_edited.jpg 564w, https:\/\/www.bellunopress.it\/wp-content\/uploads\/2020\/05\/simone-deola_edited-428x500.jpg 428w, https:\/\/www.bellunopress.it\/wp-content\/uploads\/2020\/05\/simone-deola_edited-359x420.jpg 359w\" sizes=\"auto, (max-width: 564px) 100vw, 564px\" \/><figcaption id=\"caption-attachment-114439\" class=\"wp-caption-text\">Simone Deola &#8211; Consigliere provinciale, assessore Borgo Valbelluna<\/figcaption><\/figure>\n<p>\u00abDal canto suo la Provincia aveva e ha l&#8217;obbligo di alienare totalmente la propria partecipazione a seguito dell&#8217;introduzione della Legge Madia, pi\u00f9 volte sollecitata in ci\u00f2 dalla Corte dei Conti\u00bb sottolinea il consigliere Deola.<\/p>\n<p>Dall&#8217;agosto 2021 inizia una lunga fase di trattativa sul valore della Dolomiti Ambiente: la perizia commissionata dalle quattro acquirenti fissava un valore di molto inferiore rispetto a quanto non stabilissero le diverse perizie fatte fare dalla Provincia e allo stesso valore di mercato peraltro utilizzato nell&#8217;acquisto delle quote di AceGas. Tale trattativa, pur avvicinando i valori, non ha mai portato alla chiusura dell&#8217;operazione; le quattro societ\u00e0 acquirenti non hanno mai formulato una proposta di acquisto alla Provincia che si \u00e8 vista costretta ad avviare le procedure di asta pubblica delle proprie quote. Nell&#8217;autunno 2022 l&#8217;Assemblea dei sindaci, con voto quasi unanime, chiede alla Provincia di sospendere le procedure di gara e, in altra sede, d\u00e0 mandato alle proprie societ\u00e0 di raccolta di formulare entro gennaio 2023 un&#8217;offerta preliminare di acquisto. Neanche tale procedura \u00e8 mai arrivata a termine e si \u00e8 chiusa nell&#8217;aprile 2023 con una nota della Provincia che dichiarava di fatto terminata la sospensione della messa a gara, come confermato in Assemblea dei sindaci il 3 maggio.<\/p>\n<p>\u00abIn tutti questi anni, la societ\u00e0 e l&#8217;impianto del Maserot hanno dimostrato la loro centralit\u00e0 e la loro strategicit\u00e0 per lo smaltimento del rifiuti in provincia di Belluno. Ora, con l&#8217;avvio della procedura di dismissione, la possibilit\u00e0 che tale patrimonio pubblico passi in mano privata \u00e8 reale. E ci\u00f2 rappresenta un indubbio fallimento politico del territorio bellunese\u00bb afferma il consigliere Deola. \u00abDal canto nostro siamo per\u00f2 anche consapevoli che tutto ci\u00f2 che poteva fare la Provincia \u00e8 stato fatto, e che proprio questa strategicit\u00e0 dimostrer\u00e0 che i valori in gioco &#8211; e pi\u00f9 volte periziati &#8211; sono corretti\u00bb.<\/p>\n<p>\u00abDa ultimo &#8211; conclude il consigliere Deola &#8211; vorrei ringraziare tutto il personale dipendente della societ\u00e0, dall&#8217;amministratore unico Angelo Smaniotto ai tecnici, funzionari e amministrativi, fino agli operai, per il loro grande attaccamento e per la professionalit\u00e0 dimostrata: sono il valore aggiunto di questa societ\u00e0\u00bb.<\/p>","protected":false},"excerpt":{"rendered":"<p>Dolomiti Ambiente spa va a gara. \u00c8 stato pubblicato oggi l&#8217;atto del presidente con il quale viene disposta la cessione attraverso asta pubblica del 92,4% delle quote della societ\u00e0 che si occupa del servizio integrato dei rifiuti, venerd\u00ec invece sar\u00e0 pubblicato il bando di gara vero e proprio. Con questo provvedimento viene dato seguito alla [&hellip;]<\/p>\n","protected":false},"author":2,"featured_media":114439,"comment_status":"closed","ping_status":"open","sticky":false,"template":"","format":"standard","meta":{"footnotes":""},"categories":[26,8],"tags":[],"class_list":["post-143536","post","type-post","status-publish","format-standard","has-post-thumbnail","category-prima-pagina","category-societa-istituzioni"],"yoast_head":"<!-- This site is optimized with the Yoast SEO plugin v28.4 - https:\/\/yoast.com\/product\/yoast-seo-wordpress\/ -->\n<title>Asta pubblica per Dolomiti Ambiente. Deola: \u00abIl mercato sar\u00e0 il vero arbitro di questa vicenda\u00bb - Bellunopress - Dolomiti<\/title>\n<meta name=\"robots\" content=\"index, follow, max-snippet:-1, max-image-preview:large, max-video-preview:-1\" \/>\n<link rel=\"canonical\" href=\"https:\/\/www.bellunopress.it\/fr\/2023\/08\/16\/asta-pubblica-per-dolomiti-ambiente-deola-il-mercato-sara-il-vero-arbitro-di-questa-vicenda\/\" \/>\n<meta property=\"og:locale\" content=\"fr_FR\" \/>\n<meta property=\"og:type\" content=\"article\" \/>\n<meta property=\"og:title\" content=\"Asta pubblica per Dolomiti Ambiente. Deola: \u00abIl mercato sar\u00e0 il vero arbitro di questa vicenda\u00bb - Bellunopress - Dolomiti\" \/>\n<meta property=\"og:description\" content=\"Dolomiti Ambiente spa va a gara. \u00c8 stato pubblicato oggi l&#8217;atto del presidente con il quale viene disposta la cessione attraverso asta pubblica del 92,4% delle quote della societ\u00e0 che si occupa del servizio integrato dei rifiuti, venerd\u00ec invece sar\u00e0 pubblicato il bando di gara vero e proprio. Con questo provvedimento viene dato seguito alla [&hellip;]\" \/>\n<meta property=\"og:url\" content=\"https:\/\/www.bellunopress.it\/fr\/2023\/08\/16\/asta-pubblica-per-dolomiti-ambiente-deola-il-mercato-sara-il-vero-arbitro-di-questa-vicenda\/\" \/>\n<meta property=\"og:site_name\" content=\"Bellunopress - Dolomiti\" \/>\n<meta property=\"article:publisher\" content=\"https:\/\/www.facebook.com\/profile.php?id=100008943462799\" \/>\n<meta property=\"article:published_time\" content=\"2023-08-16T15:46:37+00:00\" \/>\n<meta property=\"og:image\" content=\"https:\/\/www.bellunopress.it\/wp-content\/uploads\/2020\/05\/simone-deola_edited.jpg\" \/>\n\t<meta property=\"og:image:width\" content=\"564\" \/>\n\t<meta property=\"og:image:height\" content=\"659\" \/>\n\t<meta property=\"og:image:type\" content=\"image\/jpeg\" \/>\n<meta name=\"author\" content=\"redazione\" \/>\n<meta name=\"twitter:card\" content=\"summary_large_image\" \/>\n<meta name=\"twitter:creator\" content=\"@bellunopress\" \/>\n<meta name=\"twitter:site\" content=\"@bellunopress\" \/>\n<meta name=\"twitter:label1\" content=\"\u00c9crit par\" \/>\n\t<meta name=\"twitter:data1\" content=\"redazione\" \/>\n\t<meta name=\"twitter:label2\" content=\"Dur\u00e9e de lecture estim\u00e9e\" \/>\n\t<meta name=\"twitter:data2\" content=\"3 minutes\" \/>\n<script type=\"application\/ld+json\" class=\"yoast-schema-graph\">{\"@context\":\"https:\\\/\\\/schema.org\",\"@graph\":[{\"@type\":\"Article\",\"@id\":\"https:\\\/\\\/www.bellunopress.it\\\/2023\\\/08\\\/16\\\/asta-pubblica-per-dolomiti-ambiente-deola-il-mercato-sara-il-vero-arbitro-di-questa-vicenda\\\/#article\",\"isPartOf\":{\"@id\":\"https:\\\/\\\/www.bellunopress.it\\\/2023\\\/08\\\/16\\\/asta-pubblica-per-dolomiti-ambiente-deola-il-mercato-sara-il-vero-arbitro-di-questa-vicenda\\\/\"},\"author\":{\"name\":\"redazione\",\"@id\":\"https:\\\/\\\/www.bellunopress.it\\\/#\\\/schema\\\/person\\\/79bb06722b37ece1c03d3e94beb30d73\"},\"headline\":\"Asta pubblica per Dolomiti Ambiente. Deola: \u00abIl mercato sar\u00e0 il vero arbitro di questa vicenda\u00bb\",\"datePublished\":\"2023-08-16T15:46:37+00:00\",\"mainEntityOfPage\":{\"@id\":\"https:\\\/\\\/www.bellunopress.it\\\/2023\\\/08\\\/16\\\/asta-pubblica-per-dolomiti-ambiente-deola-il-mercato-sara-il-vero-arbitro-di-questa-vicenda\\\/\"},\"wordCount\":696,\"publisher\":{\"@id\":\"https:\\\/\\\/www.bellunopress.it\\\/#organization\"},\"image\":{\"@id\":\"https:\\\/\\\/www.bellunopress.it\\\/2023\\\/08\\\/16\\\/asta-pubblica-per-dolomiti-ambiente-deola-il-mercato-sara-il-vero-arbitro-di-questa-vicenda\\\/#primaryimage\"},\"thumbnailUrl\":\"https:\\\/\\\/www.bellunopress.it\\\/wp-content\\\/uploads\\\/2020\\\/05\\\/simone-deola_edited.jpg\",\"articleSection\":[\"Prima Pagina\",\"Societ\u00e0, Associazioni, Istituzioni\"],\"inLanguage\":\"fr-FR\"},{\"@type\":\"WebPage\",\"@id\":\"https:\\\/\\\/www.bellunopress.it\\\/2023\\\/08\\\/16\\\/asta-pubblica-per-dolomiti-ambiente-deola-il-mercato-sara-il-vero-arbitro-di-questa-vicenda\\\/\",\"url\":\"https:\\\/\\\/www.bellunopress.it\\\/2023\\\/08\\\/16\\\/asta-pubblica-per-dolomiti-ambiente-deola-il-mercato-sara-il-vero-arbitro-di-questa-vicenda\\\/\",\"name\":\"Asta pubblica per Dolomiti Ambiente. Deola: \u00abIl mercato sar\u00e0 il vero arbitro di questa vicenda\u00bb - Bellunopress - Dolomiti\",\"isPartOf\":{\"@id\":\"https:\\\/\\\/www.bellunopress.it\\\/#website\"},\"primaryImageOfPage\":{\"@id\":\"https:\\\/\\\/www.bellunopress.it\\\/2023\\\/08\\\/16\\\/asta-pubblica-per-dolomiti-ambiente-deola-il-mercato-sara-il-vero-arbitro-di-questa-vicenda\\\/#primaryimage\"},\"image\":{\"@id\":\"https:\\\/\\\/www.bellunopress.it\\\/2023\\\/08\\\/16\\\/asta-pubblica-per-dolomiti-ambiente-deola-il-mercato-sara-il-vero-arbitro-di-questa-vicenda\\\/#primaryimage\"},\"thumbnailUrl\":\"https:\\\/\\\/www.bellunopress.it\\\/wp-content\\\/uploads\\\/2020\\\/05\\\/simone-deola_edited.jpg\",\"datePublished\":\"2023-08-16T15:46:37+00:00\",\"breadcrumb\":{\"@id\":\"https:\\\/\\\/www.bellunopress.it\\\/2023\\\/08\\\/16\\\/asta-pubblica-per-dolomiti-ambiente-deola-il-mercato-sara-il-vero-arbitro-di-questa-vicenda\\\/#breadcrumb\"},\"inLanguage\":\"fr-FR\",\"potentialAction\":[{\"@type\":\"ReadAction\",\"target\":[\"https:\\\/\\\/www.bellunopress.it\\\/2023\\\/08\\\/16\\\/asta-pubblica-per-dolomiti-ambiente-deola-il-mercato-sara-il-vero-arbitro-di-questa-vicenda\\\/\"]}]},{\"@type\":\"ImageObject\",\"inLanguage\":\"fr-FR\",\"@id\":\"https:\\\/\\\/www.bellunopress.it\\\/2023\\\/08\\\/16\\\/asta-pubblica-per-dolomiti-ambiente-deola-il-mercato-sara-il-vero-arbitro-di-questa-vicenda\\\/#primaryimage\",\"url\":\"https:\\\/\\\/www.bellunopress.it\\\/wp-content\\\/uploads\\\/2020\\\/05\\\/simone-deola_edited.jpg\",\"contentUrl\":\"https:\\\/\\\/www.bellunopress.it\\\/wp-content\\\/uploads\\\/2020\\\/05\\\/simone-deola_edited.jpg\",\"width\":564,\"height\":659,\"caption\":\"Simone Deola - Assessore\"},{\"@type\":\"BreadcrumbList\",\"@id\":\"https:\\\/\\\/www.bellunopress.it\\\/2023\\\/08\\\/16\\\/asta-pubblica-per-dolomiti-ambiente-deola-il-mercato-sara-il-vero-arbitro-di-questa-vicenda\\\/#breadcrumb\",\"itemListElement\":[{\"@type\":\"ListItem\",\"position\":1,\"name\":\"Home\",\"item\":\"https:\\\/\\\/www.bellunopress.it\\\/\"},{\"@type\":\"ListItem\",\"position\":2,\"name\":\"Asta pubblica per Dolomiti Ambiente. Deola: \u00abIl mercato sar\u00e0 il vero arbitro di questa vicenda\u00bb\"}]},{\"@type\":\"WebSite\",\"@id\":\"https:\\\/\\\/www.bellunopress.it\\\/#website\",\"url\":\"https:\\\/\\\/www.bellunopress.it\\\/\",\"name\":\"Bellunopress - Dolomiti\",\"description\":\"e-mail: redazione@bellunopress.it\",\"publisher\":{\"@id\":\"https:\\\/\\\/www.bellunopress.it\\\/#organization\"},\"potentialAction\":[{\"@type\":\"SearchAction\",\"target\":{\"@type\":\"EntryPoint\",\"urlTemplate\":\"https:\\\/\\\/www.bellunopress.it\\\/?s={search_term_string}\"},\"query-input\":{\"@type\":\"PropertyValueSpecification\",\"valueRequired\":true,\"valueName\":\"search_term_string\"}}],\"inLanguage\":\"fr-FR\"},{\"@type\":\"Organization\",\"@id\":\"https:\\\/\\\/www.bellunopress.it\\\/#organization\",\"name\":\"Bellunopress\",\"url\":\"https:\\\/\\\/www.bellunopress.it\\\/\",\"logo\":{\"@type\":\"ImageObject\",\"inLanguage\":\"fr-FR\",\"@id\":\"https:\\\/\\\/www.bellunopress.it\\\/#\\\/schema\\\/logo\\\/image\\\/\",\"url\":\"https:\\\/\\\/www.bellunopress.it\\\/wp-content\\\/uploads\\\/2011\\\/05\\\/cropped-logo-bellunopress-.jpg\",\"contentUrl\":\"https:\\\/\\\/www.bellunopress.it\\\/wp-content\\\/uploads\\\/2011\\\/05\\\/cropped-logo-bellunopress-.jpg\",\"width\":512,\"height\":512,\"caption\":\"Bellunopress\"},\"image\":{\"@id\":\"https:\\\/\\\/www.bellunopress.it\\\/#\\\/schema\\\/logo\\\/image\\\/\"},\"sameAs\":[\"https:\\\/\\\/www.facebook.com\\\/profile.php?id=100008943462799\",\"https:\\\/\\\/x.com\\\/bellunopress\",\"https:\\\/\\\/www.linkedin.com\\\/hp\\\/?dnr=JBzUWaJfMUw8vbXJJ2tVW5-I3jZKvC4wsoxE&amp;amp;amp;amp;amp;amp;trk=nav_responsive_tab_home\",\"https:\\\/\\\/www.youtube.com\\\/channel\\\/UCxL0wu1uN0_3_7hGG0306cw\"]},{\"@type\":\"Person\",\"@id\":\"https:\\\/\\\/www.bellunopress.it\\\/#\\\/schema\\\/person\\\/79bb06722b37ece1c03d3e94beb30d73\",\"name\":\"redazione\",\"image\":{\"@type\":\"ImageObject\",\"inLanguage\":\"fr-FR\",\"@id\":\"https:\\\/\\\/secure.gravatar.com\\\/avatar\\\/37d968a2e67a6fd04c169c4bdef102d0bc5d31b2546345219e348575eb80e9a0?s=96&d=mm&r=g\",\"url\":\"https:\\\/\\\/secure.gravatar.com\\\/avatar\\\/37d968a2e67a6fd04c169c4bdef102d0bc5d31b2546345219e348575eb80e9a0?s=96&d=mm&r=g\",\"contentUrl\":\"https:\\\/\\\/secure.gravatar.com\\\/avatar\\\/37d968a2e67a6fd04c169c4bdef102d0bc5d31b2546345219e348575eb80e9a0?s=96&d=mm&r=g\",\"caption\":\"redazione\"},\"sameAs\":[\"http:\\\/\\\/www.bellunopress.it\",\"https:\\\/\\\/x.com\\\/bellunopress\"],\"url\":\"https:\\\/\\\/www.bellunopress.it\\\/fr\\\/author\\\/redazione\\\/\"}]}<\/script>\n<!-- \/ Yoast SEO plugin. -->","yoast_head_json":{"title":"Asta pubblica per Dolomiti Ambiente. Deola: \u00abIl mercato sar\u00e0 il vero arbitro di questa vicenda\u00bb - Bellunopress - Dolomiti","robots":{"index":"index","follow":"follow","max-snippet":"max-snippet:-1","max-image-preview":"max-image-preview:large","max-video-preview":"max-video-preview:-1"},"canonical":"https:\/\/www.bellunopress.it\/fr\/2023\/08\/16\/asta-pubblica-per-dolomiti-ambiente-deola-il-mercato-sara-il-vero-arbitro-di-questa-vicenda\/","og_locale":"fr_FR","og_type":"article","og_title":"Asta pubblica per Dolomiti Ambiente. Deola: \u00abIl mercato sar\u00e0 il vero arbitro di questa vicenda\u00bb - Bellunopress - Dolomiti","og_description":"Dolomiti Ambiente spa va a gara. \u00c8 stato pubblicato oggi l&#8217;atto del presidente con il quale viene disposta la cessione attraverso asta pubblica del 92,4% delle quote della societ\u00e0 che si occupa del servizio integrato dei rifiuti, venerd\u00ec invece sar\u00e0 pubblicato il bando di gara vero e proprio. Con questo provvedimento viene dato seguito alla [&hellip;]","og_url":"https:\/\/www.bellunopress.it\/fr\/2023\/08\/16\/asta-pubblica-per-dolomiti-ambiente-deola-il-mercato-sara-il-vero-arbitro-di-questa-vicenda\/","og_site_name":"Bellunopress - Dolomiti","article_publisher":"https:\/\/www.facebook.com\/profile.php?id=100008943462799","article_published_time":"2023-08-16T15:46:37+00:00","og_image":[{"width":564,"height":659,"url":"https:\/\/www.bellunopress.it\/wp-content\/uploads\/2020\/05\/simone-deola_edited.jpg","type":"image\/jpeg"}],"author":"redazione","twitter_card":"summary_large_image","twitter_creator":"@bellunopress","twitter_site":"@bellunopress","twitter_misc":{"\u00c9crit par":"redazione","Dur\u00e9e de lecture estim\u00e9e":"3 minutes"},"schema":{"@context":"https:\/\/schema.org","@graph":[{"@type":"Article","@id":"https:\/\/www.bellunopress.it\/2023\/08\/16\/asta-pubblica-per-dolomiti-ambiente-deola-il-mercato-sara-il-vero-arbitro-di-questa-vicenda\/#article","isPartOf":{"@id":"https:\/\/www.bellunopress.it\/2023\/08\/16\/asta-pubblica-per-dolomiti-ambiente-deola-il-mercato-sara-il-vero-arbitro-di-questa-vicenda\/"},"author":{"name":"redazione","@id":"https:\/\/www.bellunopress.it\/#\/schema\/person\/79bb06722b37ece1c03d3e94beb30d73"},"headline":"Asta pubblica per Dolomiti Ambiente. Deola: \u00abIl mercato sar\u00e0 il vero arbitro di questa vicenda\u00bb","datePublished":"2023-08-16T15:46:37+00:00","mainEntityOfPage":{"@id":"https:\/\/www.bellunopress.it\/2023\/08\/16\/asta-pubblica-per-dolomiti-ambiente-deola-il-mercato-sara-il-vero-arbitro-di-questa-vicenda\/"},"wordCount":696,"publisher":{"@id":"https:\/\/www.bellunopress.it\/#organization"},"image":{"@id":"https:\/\/www.bellunopress.it\/2023\/08\/16\/asta-pubblica-per-dolomiti-ambiente-deola-il-mercato-sara-il-vero-arbitro-di-questa-vicenda\/#primaryimage"},"thumbnailUrl":"https:\/\/www.bellunopress.it\/wp-content\/uploads\/2020\/05\/simone-deola_edited.jpg","articleSection":["Prima Pagina","Societ\u00e0, Associazioni, Istituzioni"],"inLanguage":"fr-FR"},{"@type":"WebPage","@id":"https:\/\/www.bellunopress.it\/2023\/08\/16\/asta-pubblica-per-dolomiti-ambiente-deola-il-mercato-sara-il-vero-arbitro-di-questa-vicenda\/","url":"https:\/\/www.bellunopress.it\/2023\/08\/16\/asta-pubblica-per-dolomiti-ambiente-deola-il-mercato-sara-il-vero-arbitro-di-questa-vicenda\/","name":"Asta pubblica per Dolomiti Ambiente. Deola: \u00abIl mercato sar\u00e0 il vero arbitro di questa vicenda\u00bb - Bellunopress - Dolomiti","isPartOf":{"@id":"https:\/\/www.bellunopress.it\/#website"},"primaryImageOfPage":{"@id":"https:\/\/www.bellunopress.it\/2023\/08\/16\/asta-pubblica-per-dolomiti-ambiente-deola-il-mercato-sara-il-vero-arbitro-di-questa-vicenda\/#primaryimage"},"image":{"@id":"https:\/\/www.bellunopress.it\/2023\/08\/16\/asta-pubblica-per-dolomiti-ambiente-deola-il-mercato-sara-il-vero-arbitro-di-questa-vicenda\/#primaryimage"},"thumbnailUrl":"https:\/\/www.bellunopress.it\/wp-content\/uploads\/2020\/05\/simone-deola_edited.jpg","datePublished":"2023-08-16T15:46:37+00:00","breadcrumb":{"@id":"https:\/\/www.bellunopress.it\/2023\/08\/16\/asta-pubblica-per-dolomiti-ambiente-deola-il-mercato-sara-il-vero-arbitro-di-questa-vicenda\/#breadcrumb"},"inLanguage":"fr-FR","potentialAction":[{"@type":"ReadAction","target":["https:\/\/www.bellunopress.it\/2023\/08\/16\/asta-pubblica-per-dolomiti-ambiente-deola-il-mercato-sara-il-vero-arbitro-di-questa-vicenda\/"]}]},{"@type":"ImageObject","inLanguage":"fr-FR","@id":"https:\/\/www.bellunopress.it\/2023\/08\/16\/asta-pubblica-per-dolomiti-ambiente-deola-il-mercato-sara-il-vero-arbitro-di-questa-vicenda\/#primaryimage","url":"https:\/\/www.bellunopress.it\/wp-content\/uploads\/2020\/05\/simone-deola_edited.jpg","contentUrl":"https:\/\/www.bellunopress.it\/wp-content\/uploads\/2020\/05\/simone-deola_edited.jpg","width":564,"height":659,"caption":"Simone Deola - Assessore"},{"@type":"BreadcrumbList","@id":"https:\/\/www.bellunopress.it\/2023\/08\/16\/asta-pubblica-per-dolomiti-ambiente-deola-il-mercato-sara-il-vero-arbitro-di-questa-vicenda\/#breadcrumb","itemListElement":[{"@type":"ListItem","position":1,"name":"Home","item":"https:\/\/www.bellunopress.it\/"},{"@type":"ListItem","position":2,"name":"Asta pubblica per Dolomiti Ambiente. Deola: \u00abIl mercato sar\u00e0 il vero arbitro di questa vicenda\u00bb"}]},{"@type":"WebSite","@id":"https:\/\/www.bellunopress.it\/#website","url":"https:\/\/www.bellunopress.it\/","name":"Bellunopress - Dolomiti","description":"e-mail: redazione@bellunopress.it","publisher":{"@id":"https:\/\/www.bellunopress.it\/#organization"},"potentialAction":[{"@type":"SearchAction","target":{"@type":"EntryPoint","urlTemplate":"https:\/\/www.bellunopress.it\/?s={search_term_string}"},"query-input":{"@type":"PropertyValueSpecification","valueRequired":true,"valueName":"search_term_string"}}],"inLanguage":"fr-FR"},{"@type":"Organization","@id":"https:\/\/www.bellunopress.it\/#organization","name":"Bellunopress","url":"https:\/\/www.bellunopress.it\/","logo":{"@type":"ImageObject","inLanguage":"fr-FR","@id":"https:\/\/www.bellunopress.it\/#\/schema\/logo\/image\/","url":"https:\/\/www.bellunopress.it\/wp-content\/uploads\/2011\/05\/cropped-logo-bellunopress-.jpg","contentUrl":"https:\/\/www.bellunopress.it\/wp-content\/uploads\/2011\/05\/cropped-logo-bellunopress-.jpg","width":512,"height":512,"caption":"Bellunopress"},"image":{"@id":"https:\/\/www.bellunopress.it\/#\/schema\/logo\/image\/"},"sameAs":["https:\/\/www.facebook.com\/profile.php?id=100008943462799","https:\/\/x.com\/bellunopress","https:\/\/www.linkedin.com\/hp\/?dnr=JBzUWaJfMUw8vbXJJ2tVW5-I3jZKvC4wsoxE&amp;amp;amp;amp;amp;amp;trk=nav_responsive_tab_home","https:\/\/www.youtube.com\/channel\/UCxL0wu1uN0_3_7hGG0306cw"]},{"@type":"Person","@id":"https:\/\/www.bellunopress.it\/#\/schema\/person\/79bb06722b37ece1c03d3e94beb30d73","name":"r\u00e9daction","image":{"@type":"ImageObject","inLanguage":"fr-FR","@id":"https:\/\/secure.gravatar.com\/avatar\/37d968a2e67a6fd04c169c4bdef102d0bc5d31b2546345219e348575eb80e9a0?s=96&d=mm&r=g","url":"https:\/\/secure.gravatar.com\/avatar\/37d968a2e67a6fd04c169c4bdef102d0bc5d31b2546345219e348575eb80e9a0?s=96&d=mm&r=g","contentUrl":"https:\/\/secure.gravatar.com\/avatar\/37d968a2e67a6fd04c169c4bdef102d0bc5d31b2546345219e348575eb80e9a0?s=96&d=mm&r=g","caption":"redazione"},"sameAs":["http:\/\/www.bellunopress.it","https:\/\/x.com\/bellunopress"],"url":"https:\/\/www.bellunopress.it\/fr\/author\/redazione\/"}]}},"_links":{"self":[{"href":"https:\/\/www.bellunopress.it\/fr\/wp-json\/wp\/v2\/posts\/143536","targetHints":{"allow":["GET"]}}],"collection":[{"href":"https:\/\/www.bellunopress.it\/fr\/wp-json\/wp\/v2\/posts"}],"about":[{"href":"https:\/\/www.bellunopress.it\/fr\/wp-json\/wp\/v2\/types\/post"}],"author":[{"embeddable":true,"href":"https:\/\/www.bellunopress.it\/fr\/wp-json\/wp\/v2\/users\/2"}],"replies":[{"embeddable":true,"href":"https:\/\/www.bellunopress.it\/fr\/wp-json\/wp\/v2\/comments?post=143536"}],"version-history":[{"count":1,"href":"https:\/\/www.bellunopress.it\/fr\/wp-json\/wp\/v2\/posts\/143536\/revisions"}],"predecessor-version":[{"id":143537,"href":"https:\/\/www.bellunopress.it\/fr\/wp-json\/wp\/v2\/posts\/143536\/revisions\/143537"}],"wp:featuredmedia":[{"embeddable":true,"href":"https:\/\/www.bellunopress.it\/fr\/wp-json\/wp\/v2\/media\/114439"}],"wp:attachment":[{"href":"https:\/\/www.bellunopress.it\/fr\/wp-json\/wp\/v2\/media?parent=143536"}],"wp:term":[{"taxonomy":"category","embeddable":true,"href":"https:\/\/www.bellunopress.it\/fr\/wp-json\/wp\/v2\/categories?post=143536"},{"taxonomy":"post_tag","embeddable":true,"href":"https:\/\/www.bellunopress.it\/fr\/wp-json\/wp\/v2\/tags?post=143536"}],"curies":[{"name":"wp","href":"https:\/\/api.w.org\/{rel}","templated":true}]}}