{"id":143532,"date":"2023-08-16T14:47:43","date_gmt":"2023-08-16T12:47:43","guid":{"rendered":"https:\/\/www.bellunopress.it\/?p=143532"},"modified":"2023-08-16T14:48:24","modified_gmt":"2023-08-16T12:48:24","slug":"premio-san-martino-anno-2023-candidature-entro-il-30-agosto","status":"publish","type":"post","link":"https:\/\/www.bellunopress.it\/fr\/2023\/08\/16\/premio-san-martino-anno-2023-candidature-entro-il-30-agosto\/","title":{"rendered":"Premio San Martino anno 2023. Candidature entro il 30 agosto"},"content":{"rendered":"<p><img loading=\"lazy\" decoding=\"async\" class=\"alignleft size-full wp-image-135582\" src=\"https:\/\/www.bellunopress.it\/wp-content\/uploads\/2022\/08\/Premio-San-Martino-Belluno_edited.jpg\" alt=\"\" width=\"295\" height=\"300\" \/>C\u2019\u00e8 tempo fino a mercoled\u00ec 30 agosto per presentare le candidature di persone<br \/>\nfisiche maggiorenni oppure di Associazioni\/Enti del Terzo Settore e, inoltre, di persone minorenni, ritenute meritevoli dell&#8217;assegnazione del Premio San Martino, per l\u2019anno 2023.<br \/>\nLe persone devono essere viventi e native del Comune di Belluno (oppure devono<br \/>\noperare o aver operato nello stesso Comune). L&#8217;Associazione\/Ente del Terzo Settore<br \/>\ndeve ugualmente avere la sede nel Comune di Belluno, oppure operarvi o avervi operato.<\/p>\n<p>In entrambi i casi, i candidati dovranno essersi particolarmente distinti per azioni e<br \/>\nattivit\u00e0 riconducibili alle motivazioni per le quali viene assegnato il Premio, istituito<br \/>\nnel 1972: per azioni concrete nel campo delle scienze, delle lettere, delle arti, della<br \/>\nmusica, delle attivit\u00e0 produttive, del lavoro, della scuola, dello sport, dell\u2019ambiente,<br \/>\nanche con iniziative di carattere, sociale, assistenziale e filantropico.<br \/>\nPi\u00f9 cittadini del Comune di Belluno, a esclusione dei consiglieri comunali e della<br \/>\nGiunta, possono avanzare una propria proposta relativa all\u2019assegnazione del Premio,<br \/>\ncorredandola della documentazione che ritengano opportuno trasmettere e<br \/>\nutilizzando il modello predefinito, scaricabile dal sito Internet istituzionale, alla<br \/>\nvoce Regolamenti&gt;Premio San Martino.<\/p>\n<p>Nello stesso sito Internet, nel menu Amministrazione&gt;Consiglio comunale&gt;Premio<br \/>\nSan Martino, \u00e8 consultabile l\u2019elenco dei premiati, dal 1972 al 2022, con alcune note<br \/>\nbiografiche, in una carrellata virtuosa sui primi cinque decenni della storia del Premio,<br \/>\nche consente di scorrere velocemente un unico filo conduttore, ovvero la storia di<br \/>\nBelluno del secondo dopoguerra e dell\u2019affacciarsi sul nuovo millennio: un recente<br \/>\npassato che contiene molti germi del presente e proietta la Citt\u00e0 nel suo pi\u00f9 prossimo<br \/>\nfuturo.<\/p>\n<p>Le candidature, inoltre, dovranno essere sostenute da non meno di 25 e non pi\u00f9 di<br \/>\n100 firme di cittadini del Comune.<br \/>\nA titolo di esempio, si potranno, quindi, presentare:<br \/>\n\u2022 una candidatura di persona maggiorenne e una di persona minorenne,<br \/>\n\u2022 oppure una candidatura di associazione e una di persona minorenne,<br \/>\n\u2022 oppure la sola candidatura di persona maggiorenne,<br \/>\n\u2022 oppure la sola candidatura di associazione,<br \/>\n\u2022 oppure la sola candidatura di persona minorenne.<\/p>\n<p>I moduli di candidatura, indirizzati all\u2019Ufficio della Presidenza del Consiglio comunale,<br \/>\ndovranno essere presentati entro il 30 agosto a mezzo lettera raccomandata (A\/R) o<br \/>\na mezzo PEC, o consegnate a mano, in busta chiusa, all\u2019Ufficio Protocollo del Comune<br \/>\ndi Belluno accessibile dal luned\u00ec al venerd\u00ec, dalle 9 alle 12, e il gioved\u00ec anche dalle 15<br \/>\nalle 17.<\/p>\n<p>Le proposte dovranno rimanere assolutamente riservate.<br \/>\nOgni altra informazione \u00e8 dettagliata nel Regolamento del Premio, disponibile nella<br \/>\nsezione &#8220;Regolamenti&#8221; del sito Internet del Comune di Belluno,<br \/>\nwww.comune.belluno.it<\/p>","protected":false},"excerpt":{"rendered":"<p>C\u2019\u00e8 tempo fino a mercoled\u00ec 30 agosto per presentare le candidature di persone fisiche maggiorenni oppure di Associazioni\/Enti del Terzo Settore e, inoltre, di persone minorenni, ritenute meritevoli dell&#8217;assegnazione del Premio San Martino, per l\u2019anno 2023. Le persone devono essere viventi e native del Comune di Belluno (oppure devono operare o aver operato nello stesso [&hellip;]<\/p>\n","protected":false},"author":2,"featured_media":135582,"comment_status":"closed","ping_status":"open","sticky":false,"template":"","format":"standard","meta":{"footnotes":""},"categories":[25,8],"tags":[],"class_list":["post-143532","post","type-post","status-publish","format-standard","has-post-thumbnail","category-pausa-caffe","category-societa-istituzioni"],"yoast_head":"<!-- This site is optimized with the Yoast SEO plugin v28.4 - https:\/\/yoast.com\/product\/yoast-seo-wordpress\/ -->\n<title>Premio San Martino anno 2023. Candidature entro il 30 agosto - Bellunopress - Dolomiti<\/title>\n<meta name=\"robots\" content=\"index, follow, max-snippet:-1, max-image-preview:large, max-video-preview:-1\" \/>\n<link rel=\"canonical\" href=\"https:\/\/www.bellunopress.it\/fr\/2023\/08\/16\/premio-san-martino-anno-2023-candidature-entro-il-30-agosto\/\" \/>\n<meta property=\"og:locale\" content=\"fr_FR\" \/>\n<meta property=\"og:type\" content=\"article\" \/>\n<meta property=\"og:title\" content=\"Premio San Martino anno 2023. Candidature entro il 30 agosto - Bellunopress - Dolomiti\" \/>\n<meta property=\"og:description\" content=\"C\u2019\u00e8 tempo fino a mercoled\u00ec 30 agosto per presentare le candidature di persone fisiche maggiorenni oppure di Associazioni\/Enti del Terzo Settore e, inoltre, di persone minorenni, ritenute meritevoli dell&#8217;assegnazione del Premio San Martino, per l\u2019anno 2023. Le persone devono essere viventi e native del Comune di Belluno (oppure devono operare o aver operato nello stesso [&hellip;]\" \/>\n<meta property=\"og:url\" content=\"https:\/\/www.bellunopress.it\/fr\/2023\/08\/16\/premio-san-martino-anno-2023-candidature-entro-il-30-agosto\/\" \/>\n<meta property=\"og:site_name\" content=\"Bellunopress - Dolomiti\" \/>\n<meta property=\"article:publisher\" content=\"https:\/\/www.facebook.com\/profile.php?id=100008943462799\" \/>\n<meta property=\"article:published_time\" content=\"2023-08-16T12:47:43+00:00\" \/>\n<meta property=\"article:modified_time\" content=\"2023-08-16T12:48:24+00:00\" \/>\n<meta property=\"og:image\" content=\"https:\/\/www.bellunopress.it\/wp-content\/uploads\/2022\/08\/Premio-San-Martino-Belluno_edited.jpg\" \/>\n\t<meta property=\"og:image:width\" content=\"295\" \/>\n\t<meta property=\"og:image:height\" content=\"300\" \/>\n\t<meta property=\"og:image:type\" content=\"image\/jpeg\" \/>\n<meta name=\"author\" content=\"redazione\" \/>\n<meta name=\"twitter:card\" content=\"summary_large_image\" \/>\n<meta name=\"twitter:creator\" content=\"@bellunopress\" \/>\n<meta name=\"twitter:site\" content=\"@bellunopress\" \/>\n<meta name=\"twitter:label1\" content=\"\u00c9crit par\" \/>\n\t<meta name=\"twitter:data1\" content=\"redazione\" \/>\n\t<meta name=\"twitter:label2\" content=\"Dur\u00e9e de lecture estim\u00e9e\" \/>\n\t<meta name=\"twitter:data2\" content=\"2 minutes\" \/>\n<script type=\"application\/ld+json\" class=\"yoast-schema-graph\">{\"@context\":\"https:\\\/\\\/schema.org\",\"@graph\":[{\"@type\":\"Article\",\"@id\":\"https:\\\/\\\/www.bellunopress.it\\\/2023\\\/08\\\/16\\\/premio-san-martino-anno-2023-candidature-entro-il-30-agosto\\\/#article\",\"isPartOf\":{\"@id\":\"https:\\\/\\\/www.bellunopress.it\\\/2023\\\/08\\\/16\\\/premio-san-martino-anno-2023-candidature-entro-il-30-agosto\\\/\"},\"author\":{\"name\":\"redazione\",\"@id\":\"https:\\\/\\\/www.bellunopress.it\\\/#\\\/schema\\\/person\\\/79bb06722b37ece1c03d3e94beb30d73\"},\"headline\":\"Premio San Martino anno 2023. Candidature entro il 30 agosto\",\"datePublished\":\"2023-08-16T12:47:43+00:00\",\"dateModified\":\"2023-08-16T12:48:24+00:00\",\"mainEntityOfPage\":{\"@id\":\"https:\\\/\\\/www.bellunopress.it\\\/2023\\\/08\\\/16\\\/premio-san-martino-anno-2023-candidature-entro-il-30-agosto\\\/\"},\"wordCount\":421,\"publisher\":{\"@id\":\"https:\\\/\\\/www.bellunopress.it\\\/#organization\"},\"image\":{\"@id\":\"https:\\\/\\\/www.bellunopress.it\\\/2023\\\/08\\\/16\\\/premio-san-martino-anno-2023-candidature-entro-il-30-agosto\\\/#primaryimage\"},\"thumbnailUrl\":\"https:\\\/\\\/www.bellunopress.it\\\/wp-content\\\/uploads\\\/2022\\\/08\\\/Premio-San-Martino-Belluno_edited.jpg\",\"articleSection\":[\"Pausa Caff\u00e8\",\"Societ\u00e0, Associazioni, Istituzioni\"],\"inLanguage\":\"fr-FR\"},{\"@type\":\"WebPage\",\"@id\":\"https:\\\/\\\/www.bellunopress.it\\\/2023\\\/08\\\/16\\\/premio-san-martino-anno-2023-candidature-entro-il-30-agosto\\\/\",\"url\":\"https:\\\/\\\/www.bellunopress.it\\\/2023\\\/08\\\/16\\\/premio-san-martino-anno-2023-candidature-entro-il-30-agosto\\\/\",\"name\":\"Premio San Martino anno 2023. Candidature entro il 30 agosto - Bellunopress - Dolomiti\",\"isPartOf\":{\"@id\":\"https:\\\/\\\/www.bellunopress.it\\\/#website\"},\"primaryImageOfPage\":{\"@id\":\"https:\\\/\\\/www.bellunopress.it\\\/2023\\\/08\\\/16\\\/premio-san-martino-anno-2023-candidature-entro-il-30-agosto\\\/#primaryimage\"},\"image\":{\"@id\":\"https:\\\/\\\/www.bellunopress.it\\\/2023\\\/08\\\/16\\\/premio-san-martino-anno-2023-candidature-entro-il-30-agosto\\\/#primaryimage\"},\"thumbnailUrl\":\"https:\\\/\\\/www.bellunopress.it\\\/wp-content\\\/uploads\\\/2022\\\/08\\\/Premio-San-Martino-Belluno_edited.jpg\",\"datePublished\":\"2023-08-16T12:47:43+00:00\",\"dateModified\":\"2023-08-16T12:48:24+00:00\",\"breadcrumb\":{\"@id\":\"https:\\\/\\\/www.bellunopress.it\\\/2023\\\/08\\\/16\\\/premio-san-martino-anno-2023-candidature-entro-il-30-agosto\\\/#breadcrumb\"},\"inLanguage\":\"fr-FR\",\"potentialAction\":[{\"@type\":\"ReadAction\",\"target\":[\"https:\\\/\\\/www.bellunopress.it\\\/2023\\\/08\\\/16\\\/premio-san-martino-anno-2023-candidature-entro-il-30-agosto\\\/\"]}]},{\"@type\":\"ImageObject\",\"inLanguage\":\"fr-FR\",\"@id\":\"https:\\\/\\\/www.bellunopress.it\\\/2023\\\/08\\\/16\\\/premio-san-martino-anno-2023-candidature-entro-il-30-agosto\\\/#primaryimage\",\"url\":\"https:\\\/\\\/www.bellunopress.it\\\/wp-content\\\/uploads\\\/2022\\\/08\\\/Premio-San-Martino-Belluno_edited.jpg\",\"contentUrl\":\"https:\\\/\\\/www.bellunopress.it\\\/wp-content\\\/uploads\\\/2022\\\/08\\\/Premio-San-Martino-Belluno_edited.jpg\",\"width\":295,\"height\":300},{\"@type\":\"BreadcrumbList\",\"@id\":\"https:\\\/\\\/www.bellunopress.it\\\/2023\\\/08\\\/16\\\/premio-san-martino-anno-2023-candidature-entro-il-30-agosto\\\/#breadcrumb\",\"itemListElement\":[{\"@type\":\"ListItem\",\"position\":1,\"name\":\"Home\",\"item\":\"https:\\\/\\\/www.bellunopress.it\\\/\"},{\"@type\":\"ListItem\",\"position\":2,\"name\":\"Premio San Martino anno 2023. Candidature entro il 30 agosto\"}]},{\"@type\":\"WebSite\",\"@id\":\"https:\\\/\\\/www.bellunopress.it\\\/#website\",\"url\":\"https:\\\/\\\/www.bellunopress.it\\\/\",\"name\":\"Bellunopress - Dolomiti\",\"description\":\"e-mail: redazione@bellunopress.it\",\"publisher\":{\"@id\":\"https:\\\/\\\/www.bellunopress.it\\\/#organization\"},\"potentialAction\":[{\"@type\":\"SearchAction\",\"target\":{\"@type\":\"EntryPoint\",\"urlTemplate\":\"https:\\\/\\\/www.bellunopress.it\\\/?s={search_term_string}\"},\"query-input\":{\"@type\":\"PropertyValueSpecification\",\"valueRequired\":true,\"valueName\":\"search_term_string\"}}],\"inLanguage\":\"fr-FR\"},{\"@type\":\"Organization\",\"@id\":\"https:\\\/\\\/www.bellunopress.it\\\/#organization\",\"name\":\"Bellunopress\",\"url\":\"https:\\\/\\\/www.bellunopress.it\\\/\",\"logo\":{\"@type\":\"ImageObject\",\"inLanguage\":\"fr-FR\",\"@id\":\"https:\\\/\\\/www.bellunopress.it\\\/#\\\/schema\\\/logo\\\/image\\\/\",\"url\":\"https:\\\/\\\/www.bellunopress.it\\\/wp-content\\\/uploads\\\/2011\\\/05\\\/cropped-logo-bellunopress-.jpg\",\"contentUrl\":\"https:\\\/\\\/www.bellunopress.it\\\/wp-content\\\/uploads\\\/2011\\\/05\\\/cropped-logo-bellunopress-.jpg\",\"width\":512,\"height\":512,\"caption\":\"Bellunopress\"},\"image\":{\"@id\":\"https:\\\/\\\/www.bellunopress.it\\\/#\\\/schema\\\/logo\\\/image\\\/\"},\"sameAs\":[\"https:\\\/\\\/www.facebook.com\\\/profile.php?id=100008943462799\",\"https:\\\/\\\/x.com\\\/bellunopress\",\"https:\\\/\\\/www.linkedin.com\\\/hp\\\/?dnr=JBzUWaJfMUw8vbXJJ2tVW5-I3jZKvC4wsoxE&amp;amp;amp;amp;amp;amp;trk=nav_responsive_tab_home\",\"https:\\\/\\\/www.youtube.com\\\/channel\\\/UCxL0wu1uN0_3_7hGG0306cw\"]},{\"@type\":\"Person\",\"@id\":\"https:\\\/\\\/www.bellunopress.it\\\/#\\\/schema\\\/person\\\/79bb06722b37ece1c03d3e94beb30d73\",\"name\":\"redazione\",\"image\":{\"@type\":\"ImageObject\",\"inLanguage\":\"fr-FR\",\"@id\":\"https:\\\/\\\/secure.gravatar.com\\\/avatar\\\/37d968a2e67a6fd04c169c4bdef102d0bc5d31b2546345219e348575eb80e9a0?s=96&d=mm&r=g\",\"url\":\"https:\\\/\\\/secure.gravatar.com\\\/avatar\\\/37d968a2e67a6fd04c169c4bdef102d0bc5d31b2546345219e348575eb80e9a0?s=96&d=mm&r=g\",\"contentUrl\":\"https:\\\/\\\/secure.gravatar.com\\\/avatar\\\/37d968a2e67a6fd04c169c4bdef102d0bc5d31b2546345219e348575eb80e9a0?s=96&d=mm&r=g\",\"caption\":\"redazione\"},\"sameAs\":[\"http:\\\/\\\/www.bellunopress.it\",\"https:\\\/\\\/x.com\\\/bellunopress\"],\"url\":\"https:\\\/\\\/www.bellunopress.it\\\/fr\\\/author\\\/redazione\\\/\"}]}<\/script>\n<!-- \/ Yoast SEO plugin. -->","yoast_head_json":{"title":"Premio San Martino anno 2023. Candidature entro il 30 agosto - Bellunopress - Dolomiti","robots":{"index":"index","follow":"follow","max-snippet":"max-snippet:-1","max-image-preview":"max-image-preview:large","max-video-preview":"max-video-preview:-1"},"canonical":"https:\/\/www.bellunopress.it\/fr\/2023\/08\/16\/premio-san-martino-anno-2023-candidature-entro-il-30-agosto\/","og_locale":"fr_FR","og_type":"article","og_title":"Premio San Martino anno 2023. Candidature entro il 30 agosto - Bellunopress - Dolomiti","og_description":"C\u2019\u00e8 tempo fino a mercoled\u00ec 30 agosto per presentare le candidature di persone fisiche maggiorenni oppure di Associazioni\/Enti del Terzo Settore e, inoltre, di persone minorenni, ritenute meritevoli dell&#8217;assegnazione del Premio San Martino, per l\u2019anno 2023. Le persone devono essere viventi e native del Comune di Belluno (oppure devono operare o aver operato nello stesso [&hellip;]","og_url":"https:\/\/www.bellunopress.it\/fr\/2023\/08\/16\/premio-san-martino-anno-2023-candidature-entro-il-30-agosto\/","og_site_name":"Bellunopress - Dolomiti","article_publisher":"https:\/\/www.facebook.com\/profile.php?id=100008943462799","article_published_time":"2023-08-16T12:47:43+00:00","article_modified_time":"2023-08-16T12:48:24+00:00","og_image":[{"width":295,"height":300,"url":"https:\/\/www.bellunopress.it\/wp-content\/uploads\/2022\/08\/Premio-San-Martino-Belluno_edited.jpg","type":"image\/jpeg"}],"author":"redazione","twitter_card":"summary_large_image","twitter_creator":"@bellunopress","twitter_site":"@bellunopress","twitter_misc":{"\u00c9crit par":"redazione","Dur\u00e9e de lecture estim\u00e9e":"2 minutes"},"schema":{"@context":"https:\/\/schema.org","@graph":[{"@type":"Article","@id":"https:\/\/www.bellunopress.it\/2023\/08\/16\/premio-san-martino-anno-2023-candidature-entro-il-30-agosto\/#article","isPartOf":{"@id":"https:\/\/www.bellunopress.it\/2023\/08\/16\/premio-san-martino-anno-2023-candidature-entro-il-30-agosto\/"},"author":{"name":"redazione","@id":"https:\/\/www.bellunopress.it\/#\/schema\/person\/79bb06722b37ece1c03d3e94beb30d73"},"headline":"Premio San Martino anno 2023. Candidature entro il 30 agosto","datePublished":"2023-08-16T12:47:43+00:00","dateModified":"2023-08-16T12:48:24+00:00","mainEntityOfPage":{"@id":"https:\/\/www.bellunopress.it\/2023\/08\/16\/premio-san-martino-anno-2023-candidature-entro-il-30-agosto\/"},"wordCount":421,"publisher":{"@id":"https:\/\/www.bellunopress.it\/#organization"},"image":{"@id":"https:\/\/www.bellunopress.it\/2023\/08\/16\/premio-san-martino-anno-2023-candidature-entro-il-30-agosto\/#primaryimage"},"thumbnailUrl":"https:\/\/www.bellunopress.it\/wp-content\/uploads\/2022\/08\/Premio-San-Martino-Belluno_edited.jpg","articleSection":["Pausa Caff\u00e8","Societ\u00e0, Associazioni, Istituzioni"],"inLanguage":"fr-FR"},{"@type":"WebPage","@id":"https:\/\/www.bellunopress.it\/2023\/08\/16\/premio-san-martino-anno-2023-candidature-entro-il-30-agosto\/","url":"https:\/\/www.bellunopress.it\/2023\/08\/16\/premio-san-martino-anno-2023-candidature-entro-il-30-agosto\/","name":"Premio San Martino anno 2023. Candidature entro il 30 agosto - Bellunopress - Dolomiti","isPartOf":{"@id":"https:\/\/www.bellunopress.it\/#website"},"primaryImageOfPage":{"@id":"https:\/\/www.bellunopress.it\/2023\/08\/16\/premio-san-martino-anno-2023-candidature-entro-il-30-agosto\/#primaryimage"},"image":{"@id":"https:\/\/www.bellunopress.it\/2023\/08\/16\/premio-san-martino-anno-2023-candidature-entro-il-30-agosto\/#primaryimage"},"thumbnailUrl":"https:\/\/www.bellunopress.it\/wp-content\/uploads\/2022\/08\/Premio-San-Martino-Belluno_edited.jpg","datePublished":"2023-08-16T12:47:43+00:00","dateModified":"2023-08-16T12:48:24+00:00","breadcrumb":{"@id":"https:\/\/www.bellunopress.it\/2023\/08\/16\/premio-san-martino-anno-2023-candidature-entro-il-30-agosto\/#breadcrumb"},"inLanguage":"fr-FR","potentialAction":[{"@type":"ReadAction","target":["https:\/\/www.bellunopress.it\/2023\/08\/16\/premio-san-martino-anno-2023-candidature-entro-il-30-agosto\/"]}]},{"@type":"ImageObject","inLanguage":"fr-FR","@id":"https:\/\/www.bellunopress.it\/2023\/08\/16\/premio-san-martino-anno-2023-candidature-entro-il-30-agosto\/#primaryimage","url":"https:\/\/www.bellunopress.it\/wp-content\/uploads\/2022\/08\/Premio-San-Martino-Belluno_edited.jpg","contentUrl":"https:\/\/www.bellunopress.it\/wp-content\/uploads\/2022\/08\/Premio-San-Martino-Belluno_edited.jpg","width":295,"height":300},{"@type":"BreadcrumbList","@id":"https:\/\/www.bellunopress.it\/2023\/08\/16\/premio-san-martino-anno-2023-candidature-entro-il-30-agosto\/#breadcrumb","itemListElement":[{"@type":"ListItem","position":1,"name":"Home","item":"https:\/\/www.bellunopress.it\/"},{"@type":"ListItem","position":2,"name":"Premio San Martino anno 2023. Candidature entro il 30 agosto"}]},{"@type":"WebSite","@id":"https:\/\/www.bellunopress.it\/#website","url":"https:\/\/www.bellunopress.it\/","name":"Bellunopress - Dolomiti","description":"e-mail: redazione@bellunopress.it","publisher":{"@id":"https:\/\/www.bellunopress.it\/#organization"},"potentialAction":[{"@type":"SearchAction","target":{"@type":"EntryPoint","urlTemplate":"https:\/\/www.bellunopress.it\/?s={search_term_string}"},"query-input":{"@type":"PropertyValueSpecification","valueRequired":true,"valueName":"search_term_string"}}],"inLanguage":"fr-FR"},{"@type":"Organization","@id":"https:\/\/www.bellunopress.it\/#organization","name":"Bellunopress","url":"https:\/\/www.bellunopress.it\/","logo":{"@type":"ImageObject","inLanguage":"fr-FR","@id":"https:\/\/www.bellunopress.it\/#\/schema\/logo\/image\/","url":"https:\/\/www.bellunopress.it\/wp-content\/uploads\/2011\/05\/cropped-logo-bellunopress-.jpg","contentUrl":"https:\/\/www.bellunopress.it\/wp-content\/uploads\/2011\/05\/cropped-logo-bellunopress-.jpg","width":512,"height":512,"caption":"Bellunopress"},"image":{"@id":"https:\/\/www.bellunopress.it\/#\/schema\/logo\/image\/"},"sameAs":["https:\/\/www.facebook.com\/profile.php?id=100008943462799","https:\/\/x.com\/bellunopress","https:\/\/www.linkedin.com\/hp\/?dnr=JBzUWaJfMUw8vbXJJ2tVW5-I3jZKvC4wsoxE&amp;amp;amp;amp;amp;amp;trk=nav_responsive_tab_home","https:\/\/www.youtube.com\/channel\/UCxL0wu1uN0_3_7hGG0306cw"]},{"@type":"Person","@id":"https:\/\/www.bellunopress.it\/#\/schema\/person\/79bb06722b37ece1c03d3e94beb30d73","name":"r\u00e9daction","image":{"@type":"ImageObject","inLanguage":"fr-FR","@id":"https:\/\/secure.gravatar.com\/avatar\/37d968a2e67a6fd04c169c4bdef102d0bc5d31b2546345219e348575eb80e9a0?s=96&d=mm&r=g","url":"https:\/\/secure.gravatar.com\/avatar\/37d968a2e67a6fd04c169c4bdef102d0bc5d31b2546345219e348575eb80e9a0?s=96&d=mm&r=g","contentUrl":"https:\/\/secure.gravatar.com\/avatar\/37d968a2e67a6fd04c169c4bdef102d0bc5d31b2546345219e348575eb80e9a0?s=96&d=mm&r=g","caption":"redazione"},"sameAs":["http:\/\/www.bellunopress.it","https:\/\/x.com\/bellunopress"],"url":"https:\/\/www.bellunopress.it\/fr\/author\/redazione\/"}]}},"_links":{"self":[{"href":"https:\/\/www.bellunopress.it\/fr\/wp-json\/wp\/v2\/posts\/143532","targetHints":{"allow":["GET"]}}],"collection":[{"href":"https:\/\/www.bellunopress.it\/fr\/wp-json\/wp\/v2\/posts"}],"about":[{"href":"https:\/\/www.bellunopress.it\/fr\/wp-json\/wp\/v2\/types\/post"}],"author":[{"embeddable":true,"href":"https:\/\/www.bellunopress.it\/fr\/wp-json\/wp\/v2\/users\/2"}],"replies":[{"embeddable":true,"href":"https:\/\/www.bellunopress.it\/fr\/wp-json\/wp\/v2\/comments?post=143532"}],"version-history":[{"count":2,"href":"https:\/\/www.bellunopress.it\/fr\/wp-json\/wp\/v2\/posts\/143532\/revisions"}],"predecessor-version":[{"id":143534,"href":"https:\/\/www.bellunopress.it\/fr\/wp-json\/wp\/v2\/posts\/143532\/revisions\/143534"}],"wp:featuredmedia":[{"embeddable":true,"href":"https:\/\/www.bellunopress.it\/fr\/wp-json\/wp\/v2\/media\/135582"}],"wp:attachment":[{"href":"https:\/\/www.bellunopress.it\/fr\/wp-json\/wp\/v2\/media?parent=143532"}],"wp:term":[{"taxonomy":"category","embeddable":true,"href":"https:\/\/www.bellunopress.it\/fr\/wp-json\/wp\/v2\/categories?post=143532"},{"taxonomy":"post_tag","embeddable":true,"href":"https:\/\/www.bellunopress.it\/fr\/wp-json\/wp\/v2\/tags?post=143532"}],"curies":[{"name":"wp","href":"https:\/\/api.w.org\/{rel}","templated":true}]}}