{"id":143491,"date":"2023-08-15T09:18:53","date_gmt":"2023-08-15T07:18:53","guid":{"rendered":"https:\/\/www.bellunopress.it\/?p=143491"},"modified":"2023-08-15T09:18:53","modified_gmt":"2023-08-15T07:18:53","slug":"ucraina-chi-pensa-al-dopo-di-marco-zanetti","status":"publish","type":"post","link":"https:\/\/www.bellunopress.it\/fr\/2023\/08\/15\/ucraina-chi-pensa-al-dopo-di-marco-zanetti\/","title":{"rendered":"Ucraina: chi pensa al dopo?\u00a0 * di Marco Zanetti\u00a0"},"content":{"rendered":"<figure id=\"attachment_143492\" aria-describedby=\"caption-attachment-143492\" style=\"width: 1000px\" class=\"wp-caption alignleft\"><img loading=\"lazy\" decoding=\"async\" class=\"size-full wp-image-143492\" src=\"https:\/\/www.bellunopress.it\/wp-content\/uploads\/2023\/08\/Etnografia-dellEuropa-Torino-Sebastiano-Franco-s.d_edited.jpg\" alt=\"\" width=\"1000\" height=\"764\" srcset=\"https:\/\/www.bellunopress.it\/wp-content\/uploads\/2023\/08\/Etnografia-dellEuropa-Torino-Sebastiano-Franco-s.d_edited.jpg 1000w, https:\/\/www.bellunopress.it\/wp-content\/uploads\/2023\/08\/Etnografia-dellEuropa-Torino-Sebastiano-Franco-s.d_edited-500x382.jpg 500w, https:\/\/www.bellunopress.it\/wp-content\/uploads\/2023\/08\/Etnografia-dellEuropa-Torino-Sebastiano-Franco-s.d_edited-696x532.jpg 696w, https:\/\/www.bellunopress.it\/wp-content\/uploads\/2023\/08\/Etnografia-dellEuropa-Torino-Sebastiano-Franco-s.d_edited-550x420.jpg 550w, https:\/\/www.bellunopress.it\/wp-content\/uploads\/2023\/08\/Etnografia-dellEuropa-Torino-Sebastiano-Franco-s.d_edited-80x60.jpg 80w\" sizes=\"auto, (max-width: 1000px) 100vw, 1000px\" \/><figcaption id=\"caption-attachment-143492\" class=\"wp-caption-text\">Etnografia dell&#8217;Europa, Torino, Sebastiano Franco, s.d.<\/figcaption><\/figure>\n<p>Tutti si augurano che la pace per l&#8217;Ucraina giunga al pi\u00f9 presto: anche chi pensa a rifornirla di armi, perch\u00e9 servono effettivamente per vincere la guerra &#8211; forse un modo un po&#8217; antico per arrivare alla pace &#8211; e certamente anche tutti coloro che si aspettano tavoli diplomatici e concertazioni pi\u00f9 o meno riservate per giungere almeno ad una mera cessazione delle ostilit\u00e0, senza vinti e vincitori.<\/p>\n<p>Ma occorre pensare anche, e per tempo, a cosa sar\u00e0 necessario immediatamente dopo una prima pausa concordata e duratura senza pi\u00f9 bombardamenti da una parte e dall\u2019altra. Inizialmente, occorre pensare alla ricostruzione, anche a quella, emblematica, della cattedrale di Odessa (fa comodo chiamarla in italiano per evitare l&#8217;imbarazzo della plurima toponomastica di questa citt\u00e0: ucraina, russa, jidisch) e pure cominciare a delineare un piano internazionale di aiuti per la ricostruzione economica e dunque sociale del paese. \u00c8 stato evocato per questo il Piano Marshall che era stato ideato dagli USA nel secondo dopoguerra come piano per la ripresa europea, successivamente caratterizzato nella sua concreta realizzazione da precisi obiettivi strategici, politici, anche perch\u00e9 tutti i paesi sotto l&#8217;orbita sovietica avevano declinato l&#8217;offerta. A qualcosa del genere si dovrebbe dunque pensare con realismo e forti delle esperienze di allora, magari evitando che gli aiuti si arrestino al confine ucraino del cessate il fuoco, quale esso sia. In effetti, qualcuno ci pensa e dichiarazioni ufficiali politicamente alquanto impegnative sono state fatte, anche se sembra che si badi soprattutto alle opportunit\u00e0 di lavoro per le imprese di altri paesi. Bene comunque pensarci gi\u00e0 ora, perch\u00e9 un piano richiede parecchio tempo per essere ben concepito ed avviato.<\/p>\n<p>Ma, sarebbe bene che fin d&#8217;ora chi sostiene oggi l&#8217;Ucraina si preoccupasse pure della pi\u00f9 naturale immediata conseguenza della &#8220;pace&#8221; dopo una guerra del genere. Spiace rammentarlo, ma la naturale conseguenza \u00e8 la &#8220;vendetta&#8221;, come insieme di azioni, anche violentemente vendicative dei torti subiti. La storia certamente non si ripete tal quale, ma \u00e8 un fatto che noi europei ci siamo applicati abbastanza per allontanare dalla nostra memoria collettiva le immani tragedie verificatesi almeno per un paio d&#8217;anni dalla fine della seconda guerra mondiale, salvo ricordare solo quanto faceva &#8211; nazionalmente &#8211; pi\u00f9 comodo. A noi italiani le tristi vicende giuliano-dalmate (che ci hanno consentito di non render conto dei nostri crimini di guerra in Jugoslavia), ai polacchi le persecuzioni ucraine e, viceversa, agli ucraini le persecuzioni polacche; ai tedeschi le loro vittime civili e le terribili violenze subite che alleviavano la responsabilit\u00e0 morale della Germania per la guerra mondiale e l&#8217;olocausto. L\u00ec dove il nuovo potere instauratosi aveva sublimato le pulsioni nazionaliste locali, come in Jugoslavia, si \u00e8 poi ben visto come queste abbiano potuto covare nella cenere per decenni e riesplodere violentemente negli anni &#8217;90.<\/p>\n<p>Il nazionalismo risorgimentale nell&#8217;800 aveva ben altre coordinate, era strumento di emancipazione, di libert\u00e0 ed autogoverno e consentiva una sorta di brigate internazionali nelle quali si combatteva per aiutare l&#8217;insurrezione libertaria di altre nazioni, e del resto la parola d&#8217;ordine per tutta la stagione risorgimentale italiana fu il &#8220;ripassin l&#8217;Alpe e tornerem fratelli&#8221;, estratta dalla tragedia Giovanni da Procida del 1831 di Giovanni Nicolini, che attestava l&#8217;assenza di odio etnico-nazionalistico. Quella frase che addolciva gli animi di insorti e volontari per l\u2019unit\u00e0 d\u2019Italia sar\u00e0 ripetuta per un\u2019ultima volta da Cesare Battisti all\u2019inizio del 1915, sul crinale cio\u00e8 della deriva antieuropea del nazionalismo: \u00abPer far cessare le ragioni dell\u2019odio e dello sciovinismo, le ragioni della prepotenza, occorre il trionfo della giustizia nazionale, occorre che al posto di Stati artificialmente uniti, vi siano Stati corrispondenti alle unit\u00e0 nazionali, alla coscienza storica delle popolazioni, alle loro aspirazioni. Occorre che ogni nazione sia padrona in casa sua e non voglia a s\u00e9 soggetta alcun\u2019altra nazione. Noi possiamo ancora oggi ripetere il verso del poeta: &#8220;Ripassin l\u2019Alpe e tornerem fratelli&#8221;\u00bb. Un appello che non ebbe alcuna fortuna, tantomeno nei trattati di &#8220;pace&#8221; dopo l&#8217;immane tragedia della guerra!<\/p>\n<p>\u00c8 il caso dunque di ricordare di cosa sia stata capace l&#8217;Europa dopo la resa germanica, solo per preavvertirci di quanto potrebbe ri-accadere: non solo qualche, sporadica, vendetta di ex prigionieri ebrei, ma anche le violenze sui civili e sui militari prigionieri da parte dell&#8217;Armata Rossa vittoriosa; le ritorsioni sui civili tedeschi degli ex prigionieri e lavoratori coatti (russi, polacchi, francesi, ecc. ecc.); i pogrom &#8211; ancora! &#8211; di ebrei in Polonia e Ungheria; le sanguinose pulizie etniche in Ucraina e Polonia; l&#8217;espulsione delle popolazioni tedesche dalla Prussia Orientale e dai Sudeti (cio\u00e8 dalla Polonia e dalla Cecoslovacchia), come pure i massacri di italiani nei territori dell&#8217;attuale Slovenia e Croazia; i &#8220;regolamenti di conti&#8221; in Francia e in Italia; la guerra civile in Grecia e la resistenza nazionalista prolungata nei paesi baltici; lo smantellamento della democrazia in Romania; pi\u00f9 in generale: le vendette sulle donne &#8220;collaborazioniste&#8221; delle quali le migliaia di rasature in Francia, Olanda e Danimarca solo sono un &#8220;lieve&#8221; aspetto.<\/p>\n<p>La guerra russo-ucraina, cos\u00ec coinvolgente le popolazioni civili e cos\u00ec largamente inspiegabile o ingiustificabile per le popolazioni aggredite, contiene purtroppo di per s\u00e9 tutti gli ingredienti per &#8220;giustificare&#8221; ogni azione vendicativa dal giorno dopo del cessate il fuoco.<br \/>\nL&#8217;Europa ha tutto l&#8217;interesse, oltre all&#8217;obbligo morale, di prendere l&#8217;iniziativa, cominciando ad agire come &#8220;luogo&#8221; istituzionale in cui le nazioni coinvolte possano confrontarsi sin d&#8217;ora sul dopoguerra.<\/p>\n<p><strong>Marco Zanetti<\/strong><\/p>\n<p>&nbsp;<\/p>\n<p>&nbsp;<\/p>","protected":false},"excerpt":{"rendered":"<p>Tutti si augurano che la pace per l&#8217;Ucraina giunga al pi\u00f9 presto: anche chi pensa a rifornirla di armi, perch\u00e9 servono effettivamente per vincere la guerra &#8211; forse un modo un po&#8217; antico per arrivare alla pace &#8211; e certamente anche tutti coloro che si aspettano tavoli diplomatici e concertazioni pi\u00f9 o meno riservate per [&hellip;]<\/p>\n","protected":false},"author":2,"featured_media":143492,"comment_status":"closed","ping_status":"open","sticky":false,"template":"","format":"standard","meta":{"footnotes":""},"categories":[1,26],"tags":[],"class_list":["post-143491","post","type-post","status-publish","format-standard","has-post-thumbnail","category-leo","category-prima-pagina"],"yoast_head":"<!-- This site is optimized with the Yoast SEO plugin v28.4 - https:\/\/yoast.com\/product\/yoast-seo-wordpress\/ -->\n<title>Ucraina: chi pensa al dopo?\u00a0 * di Marco Zanetti\u00a0 - Bellunopress - Dolomiti<\/title>\n<meta name=\"robots\" content=\"index, follow, max-snippet:-1, max-image-preview:large, max-video-preview:-1\" \/>\n<link rel=\"canonical\" href=\"https:\/\/www.bellunopress.it\/fr\/2023\/08\/15\/ucraina-chi-pensa-al-dopo-di-marco-zanetti\/\" \/>\n<meta property=\"og:locale\" content=\"fr_FR\" \/>\n<meta property=\"og:type\" content=\"article\" \/>\n<meta property=\"og:title\" content=\"Ucraina: chi pensa al dopo?\u00a0 * di Marco Zanetti\u00a0 - Bellunopress - Dolomiti\" \/>\n<meta property=\"og:description\" content=\"Tutti si augurano che la pace per l&#8217;Ucraina giunga al pi\u00f9 presto: anche chi pensa a rifornirla di armi, perch\u00e9 servono effettivamente per vincere la guerra &#8211; forse un modo un po&#8217; antico per arrivare alla pace &#8211; e certamente anche tutti coloro che si aspettano tavoli diplomatici e concertazioni pi\u00f9 o meno riservate per [&hellip;]\" \/>\n<meta property=\"og:url\" content=\"https:\/\/www.bellunopress.it\/fr\/2023\/08\/15\/ucraina-chi-pensa-al-dopo-di-marco-zanetti\/\" \/>\n<meta property=\"og:site_name\" content=\"Bellunopress - Dolomiti\" \/>\n<meta property=\"article:publisher\" content=\"https:\/\/www.facebook.com\/profile.php?id=100008943462799\" \/>\n<meta property=\"article:published_time\" content=\"2023-08-15T07:18:53+00:00\" \/>\n<meta property=\"og:image\" content=\"https:\/\/www.bellunopress.it\/wp-content\/uploads\/2023\/08\/Etnografia-dellEuropa-Torino-Sebastiano-Franco-s.d_edited.jpg\" \/>\n\t<meta property=\"og:image:width\" content=\"1000\" \/>\n\t<meta property=\"og:image:height\" content=\"764\" \/>\n\t<meta property=\"og:image:type\" content=\"image\/jpeg\" \/>\n<meta name=\"author\" content=\"redazione\" \/>\n<meta name=\"twitter:card\" content=\"summary_large_image\" \/>\n<meta name=\"twitter:creator\" content=\"@bellunopress\" \/>\n<meta name=\"twitter:site\" content=\"@bellunopress\" \/>\n<meta name=\"twitter:label1\" content=\"\u00c9crit par\" \/>\n\t<meta name=\"twitter:data1\" content=\"redazione\" \/>\n\t<meta name=\"twitter:label2\" content=\"Dur\u00e9e de lecture estim\u00e9e\" \/>\n\t<meta name=\"twitter:data2\" content=\"4 minutes\" \/>\n<script type=\"application\/ld+json\" class=\"yoast-schema-graph\">{\"@context\":\"https:\\\/\\\/schema.org\",\"@graph\":[{\"@type\":\"Article\",\"@id\":\"https:\\\/\\\/www.bellunopress.it\\\/2023\\\/08\\\/15\\\/ucraina-chi-pensa-al-dopo-di-marco-zanetti\\\/#article\",\"isPartOf\":{\"@id\":\"https:\\\/\\\/www.bellunopress.it\\\/2023\\\/08\\\/15\\\/ucraina-chi-pensa-al-dopo-di-marco-zanetti\\\/\"},\"author\":{\"name\":\"redazione\",\"@id\":\"https:\\\/\\\/www.bellunopress.it\\\/#\\\/schema\\\/person\\\/79bb06722b37ece1c03d3e94beb30d73\"},\"headline\":\"Ucraina: chi pensa al dopo?\u00a0 * di Marco Zanetti\u00a0\",\"datePublished\":\"2023-08-15T07:18:53+00:00\",\"mainEntityOfPage\":{\"@id\":\"https:\\\/\\\/www.bellunopress.it\\\/2023\\\/08\\\/15\\\/ucraina-chi-pensa-al-dopo-di-marco-zanetti\\\/\"},\"wordCount\":924,\"publisher\":{\"@id\":\"https:\\\/\\\/www.bellunopress.it\\\/#organization\"},\"image\":{\"@id\":\"https:\\\/\\\/www.bellunopress.it\\\/2023\\\/08\\\/15\\\/ucraina-chi-pensa-al-dopo-di-marco-zanetti\\\/#primaryimage\"},\"thumbnailUrl\":\"https:\\\/\\\/www.bellunopress.it\\\/wp-content\\\/uploads\\\/2023\\\/08\\\/Etnografia-dellEuropa-Torino-Sebastiano-Franco-s.d_edited.jpg\",\"articleSection\":[\"Lettere Opinioni\",\"Prima Pagina\"],\"inLanguage\":\"fr-FR\"},{\"@type\":\"WebPage\",\"@id\":\"https:\\\/\\\/www.bellunopress.it\\\/2023\\\/08\\\/15\\\/ucraina-chi-pensa-al-dopo-di-marco-zanetti\\\/\",\"url\":\"https:\\\/\\\/www.bellunopress.it\\\/2023\\\/08\\\/15\\\/ucraina-chi-pensa-al-dopo-di-marco-zanetti\\\/\",\"name\":\"Ucraina: chi pensa al dopo?\u00a0 * di Marco Zanetti\u00a0 - Bellunopress - Dolomiti\",\"isPartOf\":{\"@id\":\"https:\\\/\\\/www.bellunopress.it\\\/#website\"},\"primaryImageOfPage\":{\"@id\":\"https:\\\/\\\/www.bellunopress.it\\\/2023\\\/08\\\/15\\\/ucraina-chi-pensa-al-dopo-di-marco-zanetti\\\/#primaryimage\"},\"image\":{\"@id\":\"https:\\\/\\\/www.bellunopress.it\\\/2023\\\/08\\\/15\\\/ucraina-chi-pensa-al-dopo-di-marco-zanetti\\\/#primaryimage\"},\"thumbnailUrl\":\"https:\\\/\\\/www.bellunopress.it\\\/wp-content\\\/uploads\\\/2023\\\/08\\\/Etnografia-dellEuropa-Torino-Sebastiano-Franco-s.d_edited.jpg\",\"datePublished\":\"2023-08-15T07:18:53+00:00\",\"breadcrumb\":{\"@id\":\"https:\\\/\\\/www.bellunopress.it\\\/2023\\\/08\\\/15\\\/ucraina-chi-pensa-al-dopo-di-marco-zanetti\\\/#breadcrumb\"},\"inLanguage\":\"fr-FR\",\"potentialAction\":[{\"@type\":\"ReadAction\",\"target\":[\"https:\\\/\\\/www.bellunopress.it\\\/2023\\\/08\\\/15\\\/ucraina-chi-pensa-al-dopo-di-marco-zanetti\\\/\"]}]},{\"@type\":\"ImageObject\",\"inLanguage\":\"fr-FR\",\"@id\":\"https:\\\/\\\/www.bellunopress.it\\\/2023\\\/08\\\/15\\\/ucraina-chi-pensa-al-dopo-di-marco-zanetti\\\/#primaryimage\",\"url\":\"https:\\\/\\\/www.bellunopress.it\\\/wp-content\\\/uploads\\\/2023\\\/08\\\/Etnografia-dellEuropa-Torino-Sebastiano-Franco-s.d_edited.jpg\",\"contentUrl\":\"https:\\\/\\\/www.bellunopress.it\\\/wp-content\\\/uploads\\\/2023\\\/08\\\/Etnografia-dellEuropa-Torino-Sebastiano-Franco-s.d_edited.jpg\",\"width\":1000,\"height\":764,\"caption\":\"Etnografia dell'Europa, Torino, Sebastiano Franco, s.d.\"},{\"@type\":\"BreadcrumbList\",\"@id\":\"https:\\\/\\\/www.bellunopress.it\\\/2023\\\/08\\\/15\\\/ucraina-chi-pensa-al-dopo-di-marco-zanetti\\\/#breadcrumb\",\"itemListElement\":[{\"@type\":\"ListItem\",\"position\":1,\"name\":\"Home\",\"item\":\"https:\\\/\\\/www.bellunopress.it\\\/\"},{\"@type\":\"ListItem\",\"position\":2,\"name\":\"Ucraina: chi pensa al dopo?\u00a0 * di Marco Zanetti\u00a0\"}]},{\"@type\":\"WebSite\",\"@id\":\"https:\\\/\\\/www.bellunopress.it\\\/#website\",\"url\":\"https:\\\/\\\/www.bellunopress.it\\\/\",\"name\":\"Bellunopress - Dolomiti\",\"description\":\"e-mail: redazione@bellunopress.it\",\"publisher\":{\"@id\":\"https:\\\/\\\/www.bellunopress.it\\\/#organization\"},\"potentialAction\":[{\"@type\":\"SearchAction\",\"target\":{\"@type\":\"EntryPoint\",\"urlTemplate\":\"https:\\\/\\\/www.bellunopress.it\\\/?s={search_term_string}\"},\"query-input\":{\"@type\":\"PropertyValueSpecification\",\"valueRequired\":true,\"valueName\":\"search_term_string\"}}],\"inLanguage\":\"fr-FR\"},{\"@type\":\"Organization\",\"@id\":\"https:\\\/\\\/www.bellunopress.it\\\/#organization\",\"name\":\"Bellunopress\",\"url\":\"https:\\\/\\\/www.bellunopress.it\\\/\",\"logo\":{\"@type\":\"ImageObject\",\"inLanguage\":\"fr-FR\",\"@id\":\"https:\\\/\\\/www.bellunopress.it\\\/#\\\/schema\\\/logo\\\/image\\\/\",\"url\":\"https:\\\/\\\/www.bellunopress.it\\\/wp-content\\\/uploads\\\/2011\\\/05\\\/cropped-logo-bellunopress-.jpg\",\"contentUrl\":\"https:\\\/\\\/www.bellunopress.it\\\/wp-content\\\/uploads\\\/2011\\\/05\\\/cropped-logo-bellunopress-.jpg\",\"width\":512,\"height\":512,\"caption\":\"Bellunopress\"},\"image\":{\"@id\":\"https:\\\/\\\/www.bellunopress.it\\\/#\\\/schema\\\/logo\\\/image\\\/\"},\"sameAs\":[\"https:\\\/\\\/www.facebook.com\\\/profile.php?id=100008943462799\",\"https:\\\/\\\/x.com\\\/bellunopress\",\"https:\\\/\\\/www.linkedin.com\\\/hp\\\/?dnr=JBzUWaJfMUw8vbXJJ2tVW5-I3jZKvC4wsoxE&amp;amp;amp;amp;amp;amp;trk=nav_responsive_tab_home\",\"https:\\\/\\\/www.youtube.com\\\/channel\\\/UCxL0wu1uN0_3_7hGG0306cw\"]},{\"@type\":\"Person\",\"@id\":\"https:\\\/\\\/www.bellunopress.it\\\/#\\\/schema\\\/person\\\/79bb06722b37ece1c03d3e94beb30d73\",\"name\":\"redazione\",\"image\":{\"@type\":\"ImageObject\",\"inLanguage\":\"fr-FR\",\"@id\":\"https:\\\/\\\/secure.gravatar.com\\\/avatar\\\/37d968a2e67a6fd04c169c4bdef102d0bc5d31b2546345219e348575eb80e9a0?s=96&d=mm&r=g\",\"url\":\"https:\\\/\\\/secure.gravatar.com\\\/avatar\\\/37d968a2e67a6fd04c169c4bdef102d0bc5d31b2546345219e348575eb80e9a0?s=96&d=mm&r=g\",\"contentUrl\":\"https:\\\/\\\/secure.gravatar.com\\\/avatar\\\/37d968a2e67a6fd04c169c4bdef102d0bc5d31b2546345219e348575eb80e9a0?s=96&d=mm&r=g\",\"caption\":\"redazione\"},\"sameAs\":[\"http:\\\/\\\/www.bellunopress.it\",\"https:\\\/\\\/x.com\\\/bellunopress\"],\"url\":\"https:\\\/\\\/www.bellunopress.it\\\/fr\\\/author\\\/redazione\\\/\"}]}<\/script>\n<!-- \/ Yoast SEO plugin. -->","yoast_head_json":{"title":"Ucraina: chi pensa al dopo?\u00a0 * di Marco Zanetti\u00a0 - Bellunopress - Dolomiti","robots":{"index":"index","follow":"follow","max-snippet":"max-snippet:-1","max-image-preview":"max-image-preview:large","max-video-preview":"max-video-preview:-1"},"canonical":"https:\/\/www.bellunopress.it\/fr\/2023\/08\/15\/ucraina-chi-pensa-al-dopo-di-marco-zanetti\/","og_locale":"fr_FR","og_type":"article","og_title":"Ucraina: chi pensa al dopo?\u00a0 * di Marco Zanetti\u00a0 - Bellunopress - Dolomiti","og_description":"Tutti si augurano che la pace per l&#8217;Ucraina giunga al pi\u00f9 presto: anche chi pensa a rifornirla di armi, perch\u00e9 servono effettivamente per vincere la guerra &#8211; forse un modo un po&#8217; antico per arrivare alla pace &#8211; e certamente anche tutti coloro che si aspettano tavoli diplomatici e concertazioni pi\u00f9 o meno riservate per [&hellip;]","og_url":"https:\/\/www.bellunopress.it\/fr\/2023\/08\/15\/ucraina-chi-pensa-al-dopo-di-marco-zanetti\/","og_site_name":"Bellunopress - Dolomiti","article_publisher":"https:\/\/www.facebook.com\/profile.php?id=100008943462799","article_published_time":"2023-08-15T07:18:53+00:00","og_image":[{"width":1000,"height":764,"url":"https:\/\/www.bellunopress.it\/wp-content\/uploads\/2023\/08\/Etnografia-dellEuropa-Torino-Sebastiano-Franco-s.d_edited.jpg","type":"image\/jpeg"}],"author":"redazione","twitter_card":"summary_large_image","twitter_creator":"@bellunopress","twitter_site":"@bellunopress","twitter_misc":{"\u00c9crit par":"redazione","Dur\u00e9e de lecture estim\u00e9e":"4 minutes"},"schema":{"@context":"https:\/\/schema.org","@graph":[{"@type":"Article","@id":"https:\/\/www.bellunopress.it\/2023\/08\/15\/ucraina-chi-pensa-al-dopo-di-marco-zanetti\/#article","isPartOf":{"@id":"https:\/\/www.bellunopress.it\/2023\/08\/15\/ucraina-chi-pensa-al-dopo-di-marco-zanetti\/"},"author":{"name":"redazione","@id":"https:\/\/www.bellunopress.it\/#\/schema\/person\/79bb06722b37ece1c03d3e94beb30d73"},"headline":"Ucraina: chi pensa al dopo?\u00a0 * di Marco Zanetti\u00a0","datePublished":"2023-08-15T07:18:53+00:00","mainEntityOfPage":{"@id":"https:\/\/www.bellunopress.it\/2023\/08\/15\/ucraina-chi-pensa-al-dopo-di-marco-zanetti\/"},"wordCount":924,"publisher":{"@id":"https:\/\/www.bellunopress.it\/#organization"},"image":{"@id":"https:\/\/www.bellunopress.it\/2023\/08\/15\/ucraina-chi-pensa-al-dopo-di-marco-zanetti\/#primaryimage"},"thumbnailUrl":"https:\/\/www.bellunopress.it\/wp-content\/uploads\/2023\/08\/Etnografia-dellEuropa-Torino-Sebastiano-Franco-s.d_edited.jpg","articleSection":["Lettere Opinioni","Prima Pagina"],"inLanguage":"fr-FR"},{"@type":"WebPage","@id":"https:\/\/www.bellunopress.it\/2023\/08\/15\/ucraina-chi-pensa-al-dopo-di-marco-zanetti\/","url":"https:\/\/www.bellunopress.it\/2023\/08\/15\/ucraina-chi-pensa-al-dopo-di-marco-zanetti\/","name":"Ucraina: chi pensa al dopo?\u00a0 * di Marco Zanetti\u00a0 - Bellunopress - Dolomiti","isPartOf":{"@id":"https:\/\/www.bellunopress.it\/#website"},"primaryImageOfPage":{"@id":"https:\/\/www.bellunopress.it\/2023\/08\/15\/ucraina-chi-pensa-al-dopo-di-marco-zanetti\/#primaryimage"},"image":{"@id":"https:\/\/www.bellunopress.it\/2023\/08\/15\/ucraina-chi-pensa-al-dopo-di-marco-zanetti\/#primaryimage"},"thumbnailUrl":"https:\/\/www.bellunopress.it\/wp-content\/uploads\/2023\/08\/Etnografia-dellEuropa-Torino-Sebastiano-Franco-s.d_edited.jpg","datePublished":"2023-08-15T07:18:53+00:00","breadcrumb":{"@id":"https:\/\/www.bellunopress.it\/2023\/08\/15\/ucraina-chi-pensa-al-dopo-di-marco-zanetti\/#breadcrumb"},"inLanguage":"fr-FR","potentialAction":[{"@type":"ReadAction","target":["https:\/\/www.bellunopress.it\/2023\/08\/15\/ucraina-chi-pensa-al-dopo-di-marco-zanetti\/"]}]},{"@type":"ImageObject","inLanguage":"fr-FR","@id":"https:\/\/www.bellunopress.it\/2023\/08\/15\/ucraina-chi-pensa-al-dopo-di-marco-zanetti\/#primaryimage","url":"https:\/\/www.bellunopress.it\/wp-content\/uploads\/2023\/08\/Etnografia-dellEuropa-Torino-Sebastiano-Franco-s.d_edited.jpg","contentUrl":"https:\/\/www.bellunopress.it\/wp-content\/uploads\/2023\/08\/Etnografia-dellEuropa-Torino-Sebastiano-Franco-s.d_edited.jpg","width":1000,"height":764,"caption":"Etnografia dell'Europa, Torino, Sebastiano Franco, s.d."},{"@type":"BreadcrumbList","@id":"https:\/\/www.bellunopress.it\/2023\/08\/15\/ucraina-chi-pensa-al-dopo-di-marco-zanetti\/#breadcrumb","itemListElement":[{"@type":"ListItem","position":1,"name":"Home","item":"https:\/\/www.bellunopress.it\/"},{"@type":"ListItem","position":2,"name":"Ucraina: chi pensa al dopo?\u00a0 * di Marco Zanetti\u00a0"}]},{"@type":"WebSite","@id":"https:\/\/www.bellunopress.it\/#website","url":"https:\/\/www.bellunopress.it\/","name":"Bellunopress - Dolomiti","description":"e-mail: redazione@bellunopress.it","publisher":{"@id":"https:\/\/www.bellunopress.it\/#organization"},"potentialAction":[{"@type":"SearchAction","target":{"@type":"EntryPoint","urlTemplate":"https:\/\/www.bellunopress.it\/?s={search_term_string}"},"query-input":{"@type":"PropertyValueSpecification","valueRequired":true,"valueName":"search_term_string"}}],"inLanguage":"fr-FR"},{"@type":"Organization","@id":"https:\/\/www.bellunopress.it\/#organization","name":"Bellunopress","url":"https:\/\/www.bellunopress.it\/","logo":{"@type":"ImageObject","inLanguage":"fr-FR","@id":"https:\/\/www.bellunopress.it\/#\/schema\/logo\/image\/","url":"https:\/\/www.bellunopress.it\/wp-content\/uploads\/2011\/05\/cropped-logo-bellunopress-.jpg","contentUrl":"https:\/\/www.bellunopress.it\/wp-content\/uploads\/2011\/05\/cropped-logo-bellunopress-.jpg","width":512,"height":512,"caption":"Bellunopress"},"image":{"@id":"https:\/\/www.bellunopress.it\/#\/schema\/logo\/image\/"},"sameAs":["https:\/\/www.facebook.com\/profile.php?id=100008943462799","https:\/\/x.com\/bellunopress","https:\/\/www.linkedin.com\/hp\/?dnr=JBzUWaJfMUw8vbXJJ2tVW5-I3jZKvC4wsoxE&amp;amp;amp;amp;amp;amp;trk=nav_responsive_tab_home","https:\/\/www.youtube.com\/channel\/UCxL0wu1uN0_3_7hGG0306cw"]},{"@type":"Person","@id":"https:\/\/www.bellunopress.it\/#\/schema\/person\/79bb06722b37ece1c03d3e94beb30d73","name":"r\u00e9daction","image":{"@type":"ImageObject","inLanguage":"fr-FR","@id":"https:\/\/secure.gravatar.com\/avatar\/37d968a2e67a6fd04c169c4bdef102d0bc5d31b2546345219e348575eb80e9a0?s=96&d=mm&r=g","url":"https:\/\/secure.gravatar.com\/avatar\/37d968a2e67a6fd04c169c4bdef102d0bc5d31b2546345219e348575eb80e9a0?s=96&d=mm&r=g","contentUrl":"https:\/\/secure.gravatar.com\/avatar\/37d968a2e67a6fd04c169c4bdef102d0bc5d31b2546345219e348575eb80e9a0?s=96&d=mm&r=g","caption":"redazione"},"sameAs":["http:\/\/www.bellunopress.it","https:\/\/x.com\/bellunopress"],"url":"https:\/\/www.bellunopress.it\/fr\/author\/redazione\/"}]}},"_links":{"self":[{"href":"https:\/\/www.bellunopress.it\/fr\/wp-json\/wp\/v2\/posts\/143491","targetHints":{"allow":["GET"]}}],"collection":[{"href":"https:\/\/www.bellunopress.it\/fr\/wp-json\/wp\/v2\/posts"}],"about":[{"href":"https:\/\/www.bellunopress.it\/fr\/wp-json\/wp\/v2\/types\/post"}],"author":[{"embeddable":true,"href":"https:\/\/www.bellunopress.it\/fr\/wp-json\/wp\/v2\/users\/2"}],"replies":[{"embeddable":true,"href":"https:\/\/www.bellunopress.it\/fr\/wp-json\/wp\/v2\/comments?post=143491"}],"version-history":[{"count":1,"href":"https:\/\/www.bellunopress.it\/fr\/wp-json\/wp\/v2\/posts\/143491\/revisions"}],"predecessor-version":[{"id":143493,"href":"https:\/\/www.bellunopress.it\/fr\/wp-json\/wp\/v2\/posts\/143491\/revisions\/143493"}],"wp:featuredmedia":[{"embeddable":true,"href":"https:\/\/www.bellunopress.it\/fr\/wp-json\/wp\/v2\/media\/143492"}],"wp:attachment":[{"href":"https:\/\/www.bellunopress.it\/fr\/wp-json\/wp\/v2\/media?parent=143491"}],"wp:term":[{"taxonomy":"category","embeddable":true,"href":"https:\/\/www.bellunopress.it\/fr\/wp-json\/wp\/v2\/categories?post=143491"},{"taxonomy":"post_tag","embeddable":true,"href":"https:\/\/www.bellunopress.it\/fr\/wp-json\/wp\/v2\/tags?post=143491"}],"curies":[{"name":"wp","href":"https:\/\/api.w.org\/{rel}","templated":true}]}}