{"id":143481,"date":"2023-08-14T19:49:09","date_gmt":"2023-08-14T17:49:09","guid":{"rendered":"https:\/\/www.bellunopress.it\/?p=143481"},"modified":"2023-08-14T19:49:09","modified_gmt":"2023-08-14T17:49:09","slug":"edilizia-scolastica-provincia-al-lavoro-per-gli-ultimi-dettagli-sulla-logistica-delle-scuole-di-belluno","status":"publish","type":"post","link":"https:\/\/www.bellunopress.it\/fr\/2023\/08\/14\/edilizia-scolastica-provincia-al-lavoro-per-gli-ultimi-dettagli-sulla-logistica-delle-scuole-di-belluno\/","title":{"rendered":"Edilizia scolastica. Provincia al lavoro per gli ultimi dettagli sulla logistica delle scuole di Belluno"},"content":{"rendered":"<figure id=\"attachment_129131\" aria-describedby=\"caption-attachment-129131\" style=\"width: 800px\" class=\"wp-caption alignleft\"><img loading=\"lazy\" decoding=\"async\" class=\"size-full wp-image-129131\" src=\"https:\/\/www.bellunopress.it\/wp-content\/uploads\/2021\/11\/Palazzo-PIloni-sede-Provincia_edited.jpg\" alt=\"\" width=\"800\" height=\"515\" srcset=\"https:\/\/www.bellunopress.it\/wp-content\/uploads\/2021\/11\/Palazzo-PIloni-sede-Provincia_edited.jpg 800w, https:\/\/www.bellunopress.it\/wp-content\/uploads\/2021\/11\/Palazzo-PIloni-sede-Provincia_edited-500x322.jpg 500w, https:\/\/www.bellunopress.it\/wp-content\/uploads\/2021\/11\/Palazzo-PIloni-sede-Provincia_edited-696x448.jpg 696w, https:\/\/www.bellunopress.it\/wp-content\/uploads\/2021\/11\/Palazzo-PIloni-sede-Provincia_edited-652x420.jpg 652w\" sizes=\"auto, (max-width: 800px) 100vw, 800px\" \/><figcaption id=\"caption-attachment-129131\" class=\"wp-caption-text\">Palazzo Piloni, sede della Provincia<\/figcaption><\/figure>\n<p><em><strong>Il consiglio provinciale si \u00e8 riunito oggi per ragionare sugli spostamenti. Da Rold: \u00abAscoltati i dirigenti scolastici per ridurre al minimo i disagi\u00bb<\/strong><\/em><\/p>\n<p>Edilizia scolastica osservata speciale. L&#8217;amministrazione provinciale si \u00e8 riunita oggi (14 agosto) per affrontare il tema. I consiglieri si sono concentrati sugli interventi che riguardano le scuole superiori della citt\u00e0 capoluogo, a seguito dell&#8217;incontro con i dirigenti scolastici della settimana scorsa, nel quale era stato analizzato il fabbisogno complessivo di aule degli istituti, alla luce degli importanti lavori Pnrr in partenza al liceo Tiziano e in un corpo dell&#8217;Iti Segato. In quell&#8217;occasione erano stati passati in rassegna i numeri delle disponibilit\u00e0 assicurate dalla Provincia con l&#8217;acquisto di nuovi moduli prefabbricati di prossima installazione al Brustolon e con l&#8217;affitto di alcuni spazi allo Sperti di via Feltre e al Seminario Gregoriano, con la certezza di coprire l&#8217;intero fabbisogno di aule degli istituti. A seguito di quell&#8217;incontro sono emerse alcune ulteriori esigenze particolari da parte dei presidi e degli insegnanti, e oggi i consiglieri hanno discusso di come dare seguito alle richieste, dando mandato all&#8217;ufficio edilizia scolastica di studiare gli spostamenti da disporre.<\/p>\n<p>\u00abIl quadro \u00e8 complesso, ma nessuna richiesta delle singole scuole verr\u00e0 sottovalutata. L&#8217;obiettivo \u00e8 ridurre al minimo i disagi in una situazione di importanti cantieri concomitanti che mai si era vista prima nelle scuole bellunesi\u00bb spiega la consigliera delegata all&#8217;edilizia scolastica, Lucia Da Rold. \u00abProprio per questo, con la consapevolezza della complessit\u00e0 dei lavori Pnrr in partenza al Tiziano e a nel corpo del Segato che si affaccia su Piazza Piloni, abbiamo lavorato fin da gennaio per l&#8217;acquisto di alcuni moduli prefabbricati e per l&#8217;affitto di alcuni spazi in centro citt\u00e0. Un&#8217;operazione da 1,5 milioni di euro che dar\u00e0 spazi adeguati e accoglienti a tutti gli studenti e al personale scolastico. I container erano stati acquistati pensando di far partire contemporaneamente tre stralci al Segato, con interventi che sarebbero stati molto pi\u00f9 corposi. Limitandoci al momento al primo stralcio, i prefabbricati che saranno istallati al Brustolon potranno ospitare anche altri studenti oltre a quelli del Segato, e di fatto daranno respiro anche ad altre scuole. In ogni caso, stiamo ascoltando le ulteriori esigenze dei presidi e nei prossimi giorni saranno definiti gli ultimi dettagli\u00bb.<\/p>\n<p>\u00abCi siamo riuniti alla vigilia di Ferragosto per discutere di un tema importantissimo, che riguarda centinaia di studenti bellunesi, e lo stesso faremo mercoled\u00ec\u00bb, commenta il presidente della Provincia di Belluno, Roberto Padrin. \u00abAbbiamo convenuto che la priorit\u00e0 \u00e8 portare avanti gli interventi del Pnrr, per dare nel giro di qualche anno scuole nuove e pi\u00f9 sicure, pi\u00f9 belle e accoglienti, agli studenti e al personale scolastico. Nel frattempo, cerchiamo di ridurre al minimo le difficolt\u00e0 per le scuole, nella consapevolezza che qualche disagio potr\u00e0 esserci, come \u00e8 normale che sia quando si interviene con cantieri cos\u00ec invasivi come la demolizione e ricostruzione di un edificio &#8211; \u00e8 il caso del Segato &#8211; o come l&#8217;adeguamento alle norme sismiche &#8211; \u00e8 il caso del Tiziano &#8211; con lavoro a livello dei solai. Confidiamo nella collaborazione e nella comprensione dei presidi, oltre che di genitori e ragazzi, mostratesi altissime fino a oggi\u00bb.<\/p>","protected":false},"excerpt":{"rendered":"<p>Il consiglio provinciale si \u00e8 riunito oggi per ragionare sugli spostamenti. Da Rold: \u00abAscoltati i dirigenti scolastici per ridurre al minimo i disagi\u00bb Edilizia scolastica osservata speciale. L&#8217;amministrazione provinciale si \u00e8 riunita oggi (14 agosto) per affrontare il tema. I consiglieri si sono concentrati sugli interventi che riguardano le scuole superiori della citt\u00e0 capoluogo, a [&hellip;]<\/p>\n","protected":false},"author":2,"featured_media":129131,"comment_status":"closed","ping_status":"open","sticky":false,"template":"","format":"standard","meta":{"footnotes":""},"categories":[26,15,8],"tags":[],"class_list":["post-143481","post","type-post","status-publish","format-standard","has-post-thumbnail","category-prima-pagina","category-scuola","category-societa-istituzioni"],"yoast_head":"<!-- This site is optimized with the Yoast SEO plugin v28.4 - https:\/\/yoast.com\/product\/yoast-seo-wordpress\/ -->\n<title>Edilizia scolastica. Provincia al lavoro per gli ultimi dettagli sulla logistica delle scuole di Belluno - Bellunopress - Dolomiti<\/title>\n<meta name=\"robots\" content=\"index, follow, max-snippet:-1, max-image-preview:large, max-video-preview:-1\" \/>\n<link rel=\"canonical\" href=\"https:\/\/www.bellunopress.it\/fr\/2023\/08\/14\/edilizia-scolastica-provincia-al-lavoro-per-gli-ultimi-dettagli-sulla-logistica-delle-scuole-di-belluno\/\" \/>\n<meta property=\"og:locale\" content=\"fr_FR\" \/>\n<meta property=\"og:type\" content=\"article\" \/>\n<meta property=\"og:title\" content=\"Edilizia scolastica. Provincia al lavoro per gli ultimi dettagli sulla logistica delle scuole di Belluno - Bellunopress - Dolomiti\" \/>\n<meta property=\"og:description\" content=\"Il consiglio provinciale si \u00e8 riunito oggi per ragionare sugli spostamenti. Da Rold: \u00abAscoltati i dirigenti scolastici per ridurre al minimo i disagi\u00bb Edilizia scolastica osservata speciale. L&#8217;amministrazione provinciale si \u00e8 riunita oggi (14 agosto) per affrontare il tema. I consiglieri si sono concentrati sugli interventi che riguardano le scuole superiori della citt\u00e0 capoluogo, a [&hellip;]\" \/>\n<meta property=\"og:url\" content=\"https:\/\/www.bellunopress.it\/fr\/2023\/08\/14\/edilizia-scolastica-provincia-al-lavoro-per-gli-ultimi-dettagli-sulla-logistica-delle-scuole-di-belluno\/\" \/>\n<meta property=\"og:site_name\" content=\"Bellunopress - Dolomiti\" \/>\n<meta property=\"article:publisher\" content=\"https:\/\/www.facebook.com\/profile.php?id=100008943462799\" \/>\n<meta property=\"article:published_time\" content=\"2023-08-14T17:49:09+00:00\" \/>\n<meta property=\"og:image\" content=\"https:\/\/www.bellunopress.it\/wp-content\/uploads\/2021\/11\/Palazzo-PIloni-sede-Provincia_edited.jpg\" \/>\n\t<meta property=\"og:image:width\" content=\"800\" \/>\n\t<meta property=\"og:image:height\" content=\"515\" \/>\n\t<meta property=\"og:image:type\" content=\"image\/jpeg\" \/>\n<meta name=\"author\" content=\"redazione\" \/>\n<meta name=\"twitter:card\" content=\"summary_large_image\" \/>\n<meta name=\"twitter:creator\" content=\"@bellunopress\" \/>\n<meta name=\"twitter:site\" content=\"@bellunopress\" \/>\n<meta name=\"twitter:label1\" content=\"\u00c9crit par\" \/>\n\t<meta name=\"twitter:data1\" content=\"redazione\" \/>\n\t<meta name=\"twitter:label2\" content=\"Dur\u00e9e de lecture estim\u00e9e\" \/>\n\t<meta name=\"twitter:data2\" content=\"3 minutes\" \/>\n<script type=\"application\/ld+json\" class=\"yoast-schema-graph\">{\"@context\":\"https:\\\/\\\/schema.org\",\"@graph\":[{\"@type\":\"Article\",\"@id\":\"https:\\\/\\\/www.bellunopress.it\\\/2023\\\/08\\\/14\\\/edilizia-scolastica-provincia-al-lavoro-per-gli-ultimi-dettagli-sulla-logistica-delle-scuole-di-belluno\\\/#article\",\"isPartOf\":{\"@id\":\"https:\\\/\\\/www.bellunopress.it\\\/2023\\\/08\\\/14\\\/edilizia-scolastica-provincia-al-lavoro-per-gli-ultimi-dettagli-sulla-logistica-delle-scuole-di-belluno\\\/\"},\"author\":{\"name\":\"redazione\",\"@id\":\"https:\\\/\\\/www.bellunopress.it\\\/#\\\/schema\\\/person\\\/79bb06722b37ece1c03d3e94beb30d73\"},\"headline\":\"Edilizia scolastica. Provincia al lavoro per gli ultimi dettagli sulla logistica delle scuole di Belluno\",\"datePublished\":\"2023-08-14T17:49:09+00:00\",\"mainEntityOfPage\":{\"@id\":\"https:\\\/\\\/www.bellunopress.it\\\/2023\\\/08\\\/14\\\/edilizia-scolastica-provincia-al-lavoro-per-gli-ultimi-dettagli-sulla-logistica-delle-scuole-di-belluno\\\/\"},\"wordCount\":551,\"publisher\":{\"@id\":\"https:\\\/\\\/www.bellunopress.it\\\/#organization\"},\"image\":{\"@id\":\"https:\\\/\\\/www.bellunopress.it\\\/2023\\\/08\\\/14\\\/edilizia-scolastica-provincia-al-lavoro-per-gli-ultimi-dettagli-sulla-logistica-delle-scuole-di-belluno\\\/#primaryimage\"},\"thumbnailUrl\":\"https:\\\/\\\/www.bellunopress.it\\\/wp-content\\\/uploads\\\/2021\\\/11\\\/Palazzo-PIloni-sede-Provincia_edited.jpg\",\"articleSection\":[\"Prima Pagina\",\"Scuola\",\"Societ\u00e0, Associazioni, Istituzioni\"],\"inLanguage\":\"fr-FR\"},{\"@type\":\"WebPage\",\"@id\":\"https:\\\/\\\/www.bellunopress.it\\\/2023\\\/08\\\/14\\\/edilizia-scolastica-provincia-al-lavoro-per-gli-ultimi-dettagli-sulla-logistica-delle-scuole-di-belluno\\\/\",\"url\":\"https:\\\/\\\/www.bellunopress.it\\\/2023\\\/08\\\/14\\\/edilizia-scolastica-provincia-al-lavoro-per-gli-ultimi-dettagli-sulla-logistica-delle-scuole-di-belluno\\\/\",\"name\":\"Edilizia scolastica. Provincia al lavoro per gli ultimi dettagli sulla logistica delle scuole di Belluno - Bellunopress - Dolomiti\",\"isPartOf\":{\"@id\":\"https:\\\/\\\/www.bellunopress.it\\\/#website\"},\"primaryImageOfPage\":{\"@id\":\"https:\\\/\\\/www.bellunopress.it\\\/2023\\\/08\\\/14\\\/edilizia-scolastica-provincia-al-lavoro-per-gli-ultimi-dettagli-sulla-logistica-delle-scuole-di-belluno\\\/#primaryimage\"},\"image\":{\"@id\":\"https:\\\/\\\/www.bellunopress.it\\\/2023\\\/08\\\/14\\\/edilizia-scolastica-provincia-al-lavoro-per-gli-ultimi-dettagli-sulla-logistica-delle-scuole-di-belluno\\\/#primaryimage\"},\"thumbnailUrl\":\"https:\\\/\\\/www.bellunopress.it\\\/wp-content\\\/uploads\\\/2021\\\/11\\\/Palazzo-PIloni-sede-Provincia_edited.jpg\",\"datePublished\":\"2023-08-14T17:49:09+00:00\",\"breadcrumb\":{\"@id\":\"https:\\\/\\\/www.bellunopress.it\\\/2023\\\/08\\\/14\\\/edilizia-scolastica-provincia-al-lavoro-per-gli-ultimi-dettagli-sulla-logistica-delle-scuole-di-belluno\\\/#breadcrumb\"},\"inLanguage\":\"fr-FR\",\"potentialAction\":[{\"@type\":\"ReadAction\",\"target\":[\"https:\\\/\\\/www.bellunopress.it\\\/2023\\\/08\\\/14\\\/edilizia-scolastica-provincia-al-lavoro-per-gli-ultimi-dettagli-sulla-logistica-delle-scuole-di-belluno\\\/\"]}]},{\"@type\":\"ImageObject\",\"inLanguage\":\"fr-FR\",\"@id\":\"https:\\\/\\\/www.bellunopress.it\\\/2023\\\/08\\\/14\\\/edilizia-scolastica-provincia-al-lavoro-per-gli-ultimi-dettagli-sulla-logistica-delle-scuole-di-belluno\\\/#primaryimage\",\"url\":\"https:\\\/\\\/www.bellunopress.it\\\/wp-content\\\/uploads\\\/2021\\\/11\\\/Palazzo-PIloni-sede-Provincia_edited.jpg\",\"contentUrl\":\"https:\\\/\\\/www.bellunopress.it\\\/wp-content\\\/uploads\\\/2021\\\/11\\\/Palazzo-PIloni-sede-Provincia_edited.jpg\",\"width\":800,\"height\":515,\"caption\":\"Palazzo Piloni, sede della Provincia\"},{\"@type\":\"BreadcrumbList\",\"@id\":\"https:\\\/\\\/www.bellunopress.it\\\/2023\\\/08\\\/14\\\/edilizia-scolastica-provincia-al-lavoro-per-gli-ultimi-dettagli-sulla-logistica-delle-scuole-di-belluno\\\/#breadcrumb\",\"itemListElement\":[{\"@type\":\"ListItem\",\"position\":1,\"name\":\"Home\",\"item\":\"https:\\\/\\\/www.bellunopress.it\\\/\"},{\"@type\":\"ListItem\",\"position\":2,\"name\":\"Edilizia scolastica. Provincia al lavoro per gli ultimi dettagli sulla logistica delle scuole di Belluno\"}]},{\"@type\":\"WebSite\",\"@id\":\"https:\\\/\\\/www.bellunopress.it\\\/#website\",\"url\":\"https:\\\/\\\/www.bellunopress.it\\\/\",\"name\":\"Bellunopress - Dolomiti\",\"description\":\"e-mail: redazione@bellunopress.it\",\"publisher\":{\"@id\":\"https:\\\/\\\/www.bellunopress.it\\\/#organization\"},\"potentialAction\":[{\"@type\":\"SearchAction\",\"target\":{\"@type\":\"EntryPoint\",\"urlTemplate\":\"https:\\\/\\\/www.bellunopress.it\\\/?s={search_term_string}\"},\"query-input\":{\"@type\":\"PropertyValueSpecification\",\"valueRequired\":true,\"valueName\":\"search_term_string\"}}],\"inLanguage\":\"fr-FR\"},{\"@type\":\"Organization\",\"@id\":\"https:\\\/\\\/www.bellunopress.it\\\/#organization\",\"name\":\"Bellunopress\",\"url\":\"https:\\\/\\\/www.bellunopress.it\\\/\",\"logo\":{\"@type\":\"ImageObject\",\"inLanguage\":\"fr-FR\",\"@id\":\"https:\\\/\\\/www.bellunopress.it\\\/#\\\/schema\\\/logo\\\/image\\\/\",\"url\":\"https:\\\/\\\/www.bellunopress.it\\\/wp-content\\\/uploads\\\/2011\\\/05\\\/cropped-logo-bellunopress-.jpg\",\"contentUrl\":\"https:\\\/\\\/www.bellunopress.it\\\/wp-content\\\/uploads\\\/2011\\\/05\\\/cropped-logo-bellunopress-.jpg\",\"width\":512,\"height\":512,\"caption\":\"Bellunopress\"},\"image\":{\"@id\":\"https:\\\/\\\/www.bellunopress.it\\\/#\\\/schema\\\/logo\\\/image\\\/\"},\"sameAs\":[\"https:\\\/\\\/www.facebook.com\\\/profile.php?id=100008943462799\",\"https:\\\/\\\/x.com\\\/bellunopress\",\"https:\\\/\\\/www.linkedin.com\\\/hp\\\/?dnr=JBzUWaJfMUw8vbXJJ2tVW5-I3jZKvC4wsoxE&amp;amp;amp;amp;amp;amp;trk=nav_responsive_tab_home\",\"https:\\\/\\\/www.youtube.com\\\/channel\\\/UCxL0wu1uN0_3_7hGG0306cw\"]},{\"@type\":\"Person\",\"@id\":\"https:\\\/\\\/www.bellunopress.it\\\/#\\\/schema\\\/person\\\/79bb06722b37ece1c03d3e94beb30d73\",\"name\":\"redazione\",\"image\":{\"@type\":\"ImageObject\",\"inLanguage\":\"fr-FR\",\"@id\":\"https:\\\/\\\/secure.gravatar.com\\\/avatar\\\/37d968a2e67a6fd04c169c4bdef102d0bc5d31b2546345219e348575eb80e9a0?s=96&d=mm&r=g\",\"url\":\"https:\\\/\\\/secure.gravatar.com\\\/avatar\\\/37d968a2e67a6fd04c169c4bdef102d0bc5d31b2546345219e348575eb80e9a0?s=96&d=mm&r=g\",\"contentUrl\":\"https:\\\/\\\/secure.gravatar.com\\\/avatar\\\/37d968a2e67a6fd04c169c4bdef102d0bc5d31b2546345219e348575eb80e9a0?s=96&d=mm&r=g\",\"caption\":\"redazione\"},\"sameAs\":[\"http:\\\/\\\/www.bellunopress.it\",\"https:\\\/\\\/x.com\\\/bellunopress\"],\"url\":\"https:\\\/\\\/www.bellunopress.it\\\/fr\\\/author\\\/redazione\\\/\"}]}<\/script>\n<!-- \/ Yoast SEO plugin. -->","yoast_head_json":{"title":"Edilizia scolastica. Provincia al lavoro per gli ultimi dettagli sulla logistica delle scuole di Belluno - Bellunopress - Dolomiti","robots":{"index":"index","follow":"follow","max-snippet":"max-snippet:-1","max-image-preview":"max-image-preview:large","max-video-preview":"max-video-preview:-1"},"canonical":"https:\/\/www.bellunopress.it\/fr\/2023\/08\/14\/edilizia-scolastica-provincia-al-lavoro-per-gli-ultimi-dettagli-sulla-logistica-delle-scuole-di-belluno\/","og_locale":"fr_FR","og_type":"article","og_title":"Edilizia scolastica. Provincia al lavoro per gli ultimi dettagli sulla logistica delle scuole di Belluno - Bellunopress - Dolomiti","og_description":"Il consiglio provinciale si \u00e8 riunito oggi per ragionare sugli spostamenti. Da Rold: \u00abAscoltati i dirigenti scolastici per ridurre al minimo i disagi\u00bb Edilizia scolastica osservata speciale. L&#8217;amministrazione provinciale si \u00e8 riunita oggi (14 agosto) per affrontare il tema. I consiglieri si sono concentrati sugli interventi che riguardano le scuole superiori della citt\u00e0 capoluogo, a [&hellip;]","og_url":"https:\/\/www.bellunopress.it\/fr\/2023\/08\/14\/edilizia-scolastica-provincia-al-lavoro-per-gli-ultimi-dettagli-sulla-logistica-delle-scuole-di-belluno\/","og_site_name":"Bellunopress - Dolomiti","article_publisher":"https:\/\/www.facebook.com\/profile.php?id=100008943462799","article_published_time":"2023-08-14T17:49:09+00:00","og_image":[{"width":800,"height":515,"url":"https:\/\/www.bellunopress.it\/wp-content\/uploads\/2021\/11\/Palazzo-PIloni-sede-Provincia_edited.jpg","type":"image\/jpeg"}],"author":"redazione","twitter_card":"summary_large_image","twitter_creator":"@bellunopress","twitter_site":"@bellunopress","twitter_misc":{"\u00c9crit par":"redazione","Dur\u00e9e de lecture estim\u00e9e":"3 minutes"},"schema":{"@context":"https:\/\/schema.org","@graph":[{"@type":"Article","@id":"https:\/\/www.bellunopress.it\/2023\/08\/14\/edilizia-scolastica-provincia-al-lavoro-per-gli-ultimi-dettagli-sulla-logistica-delle-scuole-di-belluno\/#article","isPartOf":{"@id":"https:\/\/www.bellunopress.it\/2023\/08\/14\/edilizia-scolastica-provincia-al-lavoro-per-gli-ultimi-dettagli-sulla-logistica-delle-scuole-di-belluno\/"},"author":{"name":"redazione","@id":"https:\/\/www.bellunopress.it\/#\/schema\/person\/79bb06722b37ece1c03d3e94beb30d73"},"headline":"Edilizia scolastica. Provincia al lavoro per gli ultimi dettagli sulla logistica delle scuole di Belluno","datePublished":"2023-08-14T17:49:09+00:00","mainEntityOfPage":{"@id":"https:\/\/www.bellunopress.it\/2023\/08\/14\/edilizia-scolastica-provincia-al-lavoro-per-gli-ultimi-dettagli-sulla-logistica-delle-scuole-di-belluno\/"},"wordCount":551,"publisher":{"@id":"https:\/\/www.bellunopress.it\/#organization"},"image":{"@id":"https:\/\/www.bellunopress.it\/2023\/08\/14\/edilizia-scolastica-provincia-al-lavoro-per-gli-ultimi-dettagli-sulla-logistica-delle-scuole-di-belluno\/#primaryimage"},"thumbnailUrl":"https:\/\/www.bellunopress.it\/wp-content\/uploads\/2021\/11\/Palazzo-PIloni-sede-Provincia_edited.jpg","articleSection":["Prima Pagina","Scuola","Societ\u00e0, Associazioni, Istituzioni"],"inLanguage":"fr-FR"},{"@type":"WebPage","@id":"https:\/\/www.bellunopress.it\/2023\/08\/14\/edilizia-scolastica-provincia-al-lavoro-per-gli-ultimi-dettagli-sulla-logistica-delle-scuole-di-belluno\/","url":"https:\/\/www.bellunopress.it\/2023\/08\/14\/edilizia-scolastica-provincia-al-lavoro-per-gli-ultimi-dettagli-sulla-logistica-delle-scuole-di-belluno\/","name":"Edilizia scolastica. Provincia al lavoro per gli ultimi dettagli sulla logistica delle scuole di Belluno - Bellunopress - Dolomiti","isPartOf":{"@id":"https:\/\/www.bellunopress.it\/#website"},"primaryImageOfPage":{"@id":"https:\/\/www.bellunopress.it\/2023\/08\/14\/edilizia-scolastica-provincia-al-lavoro-per-gli-ultimi-dettagli-sulla-logistica-delle-scuole-di-belluno\/#primaryimage"},"image":{"@id":"https:\/\/www.bellunopress.it\/2023\/08\/14\/edilizia-scolastica-provincia-al-lavoro-per-gli-ultimi-dettagli-sulla-logistica-delle-scuole-di-belluno\/#primaryimage"},"thumbnailUrl":"https:\/\/www.bellunopress.it\/wp-content\/uploads\/2021\/11\/Palazzo-PIloni-sede-Provincia_edited.jpg","datePublished":"2023-08-14T17:49:09+00:00","breadcrumb":{"@id":"https:\/\/www.bellunopress.it\/2023\/08\/14\/edilizia-scolastica-provincia-al-lavoro-per-gli-ultimi-dettagli-sulla-logistica-delle-scuole-di-belluno\/#breadcrumb"},"inLanguage":"fr-FR","potentialAction":[{"@type":"ReadAction","target":["https:\/\/www.bellunopress.it\/2023\/08\/14\/edilizia-scolastica-provincia-al-lavoro-per-gli-ultimi-dettagli-sulla-logistica-delle-scuole-di-belluno\/"]}]},{"@type":"ImageObject","inLanguage":"fr-FR","@id":"https:\/\/www.bellunopress.it\/2023\/08\/14\/edilizia-scolastica-provincia-al-lavoro-per-gli-ultimi-dettagli-sulla-logistica-delle-scuole-di-belluno\/#primaryimage","url":"https:\/\/www.bellunopress.it\/wp-content\/uploads\/2021\/11\/Palazzo-PIloni-sede-Provincia_edited.jpg","contentUrl":"https:\/\/www.bellunopress.it\/wp-content\/uploads\/2021\/11\/Palazzo-PIloni-sede-Provincia_edited.jpg","width":800,"height":515,"caption":"Palazzo Piloni, sede della Provincia"},{"@type":"BreadcrumbList","@id":"https:\/\/www.bellunopress.it\/2023\/08\/14\/edilizia-scolastica-provincia-al-lavoro-per-gli-ultimi-dettagli-sulla-logistica-delle-scuole-di-belluno\/#breadcrumb","itemListElement":[{"@type":"ListItem","position":1,"name":"Home","item":"https:\/\/www.bellunopress.it\/"},{"@type":"ListItem","position":2,"name":"Edilizia scolastica. Provincia al lavoro per gli ultimi dettagli sulla logistica delle scuole di Belluno"}]},{"@type":"WebSite","@id":"https:\/\/www.bellunopress.it\/#website","url":"https:\/\/www.bellunopress.it\/","name":"Bellunopress - Dolomiti","description":"e-mail: redazione@bellunopress.it","publisher":{"@id":"https:\/\/www.bellunopress.it\/#organization"},"potentialAction":[{"@type":"SearchAction","target":{"@type":"EntryPoint","urlTemplate":"https:\/\/www.bellunopress.it\/?s={search_term_string}"},"query-input":{"@type":"PropertyValueSpecification","valueRequired":true,"valueName":"search_term_string"}}],"inLanguage":"fr-FR"},{"@type":"Organization","@id":"https:\/\/www.bellunopress.it\/#organization","name":"Bellunopress","url":"https:\/\/www.bellunopress.it\/","logo":{"@type":"ImageObject","inLanguage":"fr-FR","@id":"https:\/\/www.bellunopress.it\/#\/schema\/logo\/image\/","url":"https:\/\/www.bellunopress.it\/wp-content\/uploads\/2011\/05\/cropped-logo-bellunopress-.jpg","contentUrl":"https:\/\/www.bellunopress.it\/wp-content\/uploads\/2011\/05\/cropped-logo-bellunopress-.jpg","width":512,"height":512,"caption":"Bellunopress"},"image":{"@id":"https:\/\/www.bellunopress.it\/#\/schema\/logo\/image\/"},"sameAs":["https:\/\/www.facebook.com\/profile.php?id=100008943462799","https:\/\/x.com\/bellunopress","https:\/\/www.linkedin.com\/hp\/?dnr=JBzUWaJfMUw8vbXJJ2tVW5-I3jZKvC4wsoxE&amp;amp;amp;amp;amp;amp;trk=nav_responsive_tab_home","https:\/\/www.youtube.com\/channel\/UCxL0wu1uN0_3_7hGG0306cw"]},{"@type":"Person","@id":"https:\/\/www.bellunopress.it\/#\/schema\/person\/79bb06722b37ece1c03d3e94beb30d73","name":"r\u00e9daction","image":{"@type":"ImageObject","inLanguage":"fr-FR","@id":"https:\/\/secure.gravatar.com\/avatar\/37d968a2e67a6fd04c169c4bdef102d0bc5d31b2546345219e348575eb80e9a0?s=96&d=mm&r=g","url":"https:\/\/secure.gravatar.com\/avatar\/37d968a2e67a6fd04c169c4bdef102d0bc5d31b2546345219e348575eb80e9a0?s=96&d=mm&r=g","contentUrl":"https:\/\/secure.gravatar.com\/avatar\/37d968a2e67a6fd04c169c4bdef102d0bc5d31b2546345219e348575eb80e9a0?s=96&d=mm&r=g","caption":"redazione"},"sameAs":["http:\/\/www.bellunopress.it","https:\/\/x.com\/bellunopress"],"url":"https:\/\/www.bellunopress.it\/fr\/author\/redazione\/"}]}},"_links":{"self":[{"href":"https:\/\/www.bellunopress.it\/fr\/wp-json\/wp\/v2\/posts\/143481","targetHints":{"allow":["GET"]}}],"collection":[{"href":"https:\/\/www.bellunopress.it\/fr\/wp-json\/wp\/v2\/posts"}],"about":[{"href":"https:\/\/www.bellunopress.it\/fr\/wp-json\/wp\/v2\/types\/post"}],"author":[{"embeddable":true,"href":"https:\/\/www.bellunopress.it\/fr\/wp-json\/wp\/v2\/users\/2"}],"replies":[{"embeddable":true,"href":"https:\/\/www.bellunopress.it\/fr\/wp-json\/wp\/v2\/comments?post=143481"}],"version-history":[{"count":1,"href":"https:\/\/www.bellunopress.it\/fr\/wp-json\/wp\/v2\/posts\/143481\/revisions"}],"predecessor-version":[{"id":143482,"href":"https:\/\/www.bellunopress.it\/fr\/wp-json\/wp\/v2\/posts\/143481\/revisions\/143482"}],"wp:featuredmedia":[{"embeddable":true,"href":"https:\/\/www.bellunopress.it\/fr\/wp-json\/wp\/v2\/media\/129131"}],"wp:attachment":[{"href":"https:\/\/www.bellunopress.it\/fr\/wp-json\/wp\/v2\/media?parent=143481"}],"wp:term":[{"taxonomy":"category","embeddable":true,"href":"https:\/\/www.bellunopress.it\/fr\/wp-json\/wp\/v2\/categories?post=143481"},{"taxonomy":"post_tag","embeddable":true,"href":"https:\/\/www.bellunopress.it\/fr\/wp-json\/wp\/v2\/tags?post=143481"}],"curies":[{"name":"wp","href":"https:\/\/api.w.org\/{rel}","templated":true}]}}