{"id":143457,"date":"2023-08-13T12:14:29","date_gmt":"2023-08-13T10:14:29","guid":{"rendered":"https:\/\/www.bellunopress.it\/?p=143457"},"modified":"2023-08-13T19:18:03","modified_gmt":"2023-08-13T17:18:03","slug":"e-feltrino-il-prosecco-doc-extra-dry-secondo-classificato-al-concorso-enologico-di-conegliano","status":"publish","type":"post","link":"https:\/\/www.bellunopress.it\/fr\/2023\/08\/13\/e-feltrino-il-prosecco-doc-extra-dry-secondo-classificato-al-concorso-enologico-di-conegliano\/","title":{"rendered":"E&#8217; feltrino il Prosecco DOC Extra Dry secondo classificato al concorso enologico di Conegliano"},"content":{"rendered":"<figure id=\"attachment_143458\" aria-describedby=\"caption-attachment-143458\" style=\"width: 1000px\" class=\"wp-caption alignleft\"><img loading=\"lazy\" decoding=\"async\" class=\"size-full wp-image-143458\" src=\"https:\/\/www.bellunopress.it\/wp-content\/uploads\/2023\/08\/La-Famiglia-Gorza_edited.jpg\" alt=\"Prosecco DOC Extra Dry\" width=\"1000\" height=\"921\" srcset=\"https:\/\/www.bellunopress.it\/wp-content\/uploads\/2023\/08\/La-Famiglia-Gorza_edited.jpg 1000w, https:\/\/www.bellunopress.it\/wp-content\/uploads\/2023\/08\/La-Famiglia-Gorza_edited-500x461.jpg 500w, https:\/\/www.bellunopress.it\/wp-content\/uploads\/2023\/08\/La-Famiglia-Gorza_edited-696x641.jpg 696w, https:\/\/www.bellunopress.it\/wp-content\/uploads\/2023\/08\/La-Famiglia-Gorza_edited-456x420.jpg 456w\" sizes=\"auto, (max-width: 1000px) 100vw, 1000px\" \/><figcaption id=\"caption-attachment-143458\" class=\"wp-caption-text\">La famiglia Gorza<\/figcaption><\/figure>\n<p><em><strong>Gianni Gorza, titolare di \u201cPodere Castello Aurin\u201d, giovane azienda vitivinicola di Fonzaso: \u201cRiconoscimento che ci onora e premia la passione per questa terra straordinaria\u201d<\/strong><\/em><\/p>\n<p>Ottime notizie da Conegliano per il prosecco del Podere Castello Aurin, il marchio dell&#8217;azienda vitivinicola di Fonzaso gestita dalla famiglia Gorza.<br \/>\nIl DOC Extra Dry si \u00e8 infatti classificato al secondo posto assoluto, guadagnando cos\u00ec il premio \u201cSigillo d&#8217;Argento\u201d nella propria categoria di appartenenza, (ovvero quella dei vini spumanti DOC extra dry prodotti con fermentazione in autoclave).<br \/>\nIl rinomato Concorso Enologico EnoConegliano \u2013 Selezione Vini Veneti, patrocinato dal Ministero delle Politiche Agricole e Forestali e giunto alla sua 25esima edizione, ha visto in gara 162 aziende, provenienti da tutto il Veneto, che si sono sfidate proponendo all&#8217;analisi degli esperti ben 478 campioni di vino prodotto.<br \/>\n\u201cE&#8217; un riconoscimento che ci rende orgogliosi e premia la passione per la nostra terra e l\u2019arte della viticoltura, che in questa zona ha una tradizione antichissima\u201d, sottolinea Gianni Gorza, che con la famiglia ha intrapreso da alcuni anni questa esperienza. \u201cNella nostra attivit\u00e0, prosegue Gorza, cerchiamo da sempre di perseguire risultati qualitativi di eccellenza, unendoli al rispetto per l\u2019ambiente che ci circonda; per questo le viti sono coltivate seguendo anche le tecniche biodinamiche e il protocollo di difesa integrata.\u201d<br \/>\nL\u2019ottima performance dell\u2019azienda fonzasina \u00e8 stata avvalorata, nello stesso concorso enologico, dal quinto posto raggiunto dal Prosecco Brut.<br \/>\n\u201cVa ricordato, aggiunge Gorza, che al concorso EnoConegliano sono ammessi solo i vini a denominazione d\u2019origine (D.O.C. e D.O.C.G.), ad indicazione geografica tipica (I.G.T.) e spumanti di qualit\u00e0 prodotti nella regione Veneto; ci\u00f2 conferma che la tradizione vitivinicola del Feltrino ha certamente un ruolo nel futuro di questo mondo in grande evoluzione\u201d. Le premiazioni del concorso si terranno in occasione del \u201cVeneto Wine Star\u201d che avr\u00e0 luogo dal 22 al 24 settembre 2023 nella cornice dell\u2019ex Convento di San Francesco a Conegliano.<br \/>\nNel mentre, a poche settimane dalla vendemmia, \u00e8 anche il momento di dare uno sguardo alla prossima annata.<br \/>\n\u201cIl meteo non \u00e8 stato certo semplice durante quest\u2019estate; i numerosi e violenti temporali che si sono susseguiti, soprattutto a luglio, hanno causato pi\u00f9 di qualche danno alle piante, ma la totale assenza di siccit\u00e0 ha d\u2019altro canto garantito uno sviluppo corposo dei grappoli. Siamo fiduciosi di poter ripetere la splendida annata del 2022 e, magari, di andare oltre, sia in termini quantitativi che qualitativi!\u201d, conclude Gorza.<\/p>\n<p>*L\u2019 azienda agricola Gorza \u201cPodere Castello Aurin\u201d \u00e8 nata nel 2018 con la messa a dimora delle prime barbatelle di Glera a Fonzaso, proseguendo poi nell\u2019 anno successivo con l\u2019ulteriore impianto di vigneto a Teroldego e Glera. E\u2019 attiva anche in Sicilia, dove ha acquisito un\u2019azienda agricola, a vocazione vinicola, di 15 ettari.<\/p>\n<p>&nbsp;<\/p>","protected":false},"excerpt":{"rendered":"<p>Gianni Gorza, titolare di \u201cPodere Castello Aurin\u201d, giovane azienda vitivinicola di Fonzaso: \u201cRiconoscimento che ci onora e premia la passione per questa terra straordinaria\u201d Ottime notizie da Conegliano per il prosecco del Podere Castello Aurin, il marchio dell&#8217;azienda vitivinicola di Fonzaso gestita dalla famiglia Gorza. Il DOC Extra Dry si \u00e8 infatti classificato al secondo [&hellip;]<\/p>\n","protected":false},"author":2,"featured_media":143458,"comment_status":"closed","ping_status":"open","sticky":false,"template":"","format":"standard","meta":{"footnotes":""},"categories":[36],"tags":[],"class_list":["post-143457","post","type-post","status-publish","format-standard","has-post-thumbnail","category-lavoro-economia"],"yoast_head":"<!-- This site is optimized with the Yoast SEO plugin v28.4 - https:\/\/yoast.com\/product\/yoast-seo-wordpress\/ -->\n<title>E&#039; feltrino il Prosecco DOC Extra Dry secondo classificato al concorso enologico di Conegliano - Bellunopress - Dolomiti<\/title>\n<meta name=\"robots\" content=\"index, follow, max-snippet:-1, max-image-preview:large, max-video-preview:-1\" \/>\n<link rel=\"canonical\" href=\"https:\/\/www.bellunopress.it\/fr\/2023\/08\/13\/e-feltrino-il-prosecco-doc-extra-dry-secondo-classificato-al-concorso-enologico-di-conegliano\/\" \/>\n<meta property=\"og:locale\" content=\"fr_FR\" \/>\n<meta property=\"og:type\" content=\"article\" \/>\n<meta property=\"og:title\" content=\"E&#039; feltrino il Prosecco DOC Extra Dry secondo classificato al concorso enologico di Conegliano - Bellunopress - Dolomiti\" \/>\n<meta property=\"og:description\" content=\"Gianni Gorza, titolare di \u201cPodere Castello Aurin\u201d, giovane azienda vitivinicola di Fonzaso: \u201cRiconoscimento che ci onora e premia la passione per questa terra straordinaria\u201d Ottime notizie da Conegliano per il prosecco del Podere Castello Aurin, il marchio dell&#8217;azienda vitivinicola di Fonzaso gestita dalla famiglia Gorza. Il DOC Extra Dry si \u00e8 infatti classificato al secondo [&hellip;]\" \/>\n<meta property=\"og:url\" content=\"https:\/\/www.bellunopress.it\/fr\/2023\/08\/13\/e-feltrino-il-prosecco-doc-extra-dry-secondo-classificato-al-concorso-enologico-di-conegliano\/\" \/>\n<meta property=\"og:site_name\" content=\"Bellunopress - Dolomiti\" \/>\n<meta property=\"article:publisher\" content=\"https:\/\/www.facebook.com\/profile.php?id=100008943462799\" \/>\n<meta property=\"article:published_time\" content=\"2023-08-13T10:14:29+00:00\" \/>\n<meta property=\"article:modified_time\" content=\"2023-08-13T17:18:03+00:00\" \/>\n<meta property=\"og:image\" content=\"https:\/\/www.bellunopress.it\/wp-content\/uploads\/2023\/08\/La-Famiglia-Gorza_edited.jpg\" \/>\n\t<meta property=\"og:image:width\" content=\"1000\" \/>\n\t<meta property=\"og:image:height\" content=\"921\" \/>\n\t<meta property=\"og:image:type\" content=\"image\/jpeg\" \/>\n<meta name=\"author\" content=\"redazione\" \/>\n<meta name=\"twitter:card\" content=\"summary_large_image\" \/>\n<meta name=\"twitter:creator\" content=\"@bellunopress\" \/>\n<meta name=\"twitter:site\" content=\"@bellunopress\" \/>\n<meta name=\"twitter:label1\" content=\"\u00c9crit par\" \/>\n\t<meta name=\"twitter:data1\" content=\"redazione\" \/>\n\t<meta name=\"twitter:label2\" content=\"Dur\u00e9e de lecture estim\u00e9e\" \/>\n\t<meta name=\"twitter:data2\" content=\"2 minutes\" \/>\n<script type=\"application\/ld+json\" class=\"yoast-schema-graph\">{\"@context\":\"https:\\\/\\\/schema.org\",\"@graph\":[{\"@type\":\"Article\",\"@id\":\"https:\\\/\\\/www.bellunopress.it\\\/2023\\\/08\\\/13\\\/e-feltrino-il-prosecco-doc-extra-dry-secondo-classificato-al-concorso-enologico-di-conegliano\\\/#article\",\"isPartOf\":{\"@id\":\"https:\\\/\\\/www.bellunopress.it\\\/2023\\\/08\\\/13\\\/e-feltrino-il-prosecco-doc-extra-dry-secondo-classificato-al-concorso-enologico-di-conegliano\\\/\"},\"author\":{\"name\":\"redazione\",\"@id\":\"https:\\\/\\\/www.bellunopress.it\\\/#\\\/schema\\\/person\\\/79bb06722b37ece1c03d3e94beb30d73\"},\"headline\":\"E&#8217; feltrino il Prosecco DOC Extra Dry secondo classificato al concorso enologico di Conegliano\",\"datePublished\":\"2023-08-13T10:14:29+00:00\",\"dateModified\":\"2023-08-13T17:18:03+00:00\",\"mainEntityOfPage\":{\"@id\":\"https:\\\/\\\/www.bellunopress.it\\\/2023\\\/08\\\/13\\\/e-feltrino-il-prosecco-doc-extra-dry-secondo-classificato-al-concorso-enologico-di-conegliano\\\/\"},\"wordCount\":478,\"publisher\":{\"@id\":\"https:\\\/\\\/www.bellunopress.it\\\/#organization\"},\"image\":{\"@id\":\"https:\\\/\\\/www.bellunopress.it\\\/2023\\\/08\\\/13\\\/e-feltrino-il-prosecco-doc-extra-dry-secondo-classificato-al-concorso-enologico-di-conegliano\\\/#primaryimage\"},\"thumbnailUrl\":\"https:\\\/\\\/www.bellunopress.it\\\/wp-content\\\/uploads\\\/2023\\\/08\\\/La-Famiglia-Gorza_edited.jpg\",\"articleSection\":[\"Lavoro, Economia, Turismo\"],\"inLanguage\":\"fr-FR\"},{\"@type\":\"WebPage\",\"@id\":\"https:\\\/\\\/www.bellunopress.it\\\/2023\\\/08\\\/13\\\/e-feltrino-il-prosecco-doc-extra-dry-secondo-classificato-al-concorso-enologico-di-conegliano\\\/\",\"url\":\"https:\\\/\\\/www.bellunopress.it\\\/2023\\\/08\\\/13\\\/e-feltrino-il-prosecco-doc-extra-dry-secondo-classificato-al-concorso-enologico-di-conegliano\\\/\",\"name\":\"E' feltrino il Prosecco DOC Extra Dry secondo classificato al concorso enologico di Conegliano - Bellunopress - Dolomiti\",\"isPartOf\":{\"@id\":\"https:\\\/\\\/www.bellunopress.it\\\/#website\"},\"primaryImageOfPage\":{\"@id\":\"https:\\\/\\\/www.bellunopress.it\\\/2023\\\/08\\\/13\\\/e-feltrino-il-prosecco-doc-extra-dry-secondo-classificato-al-concorso-enologico-di-conegliano\\\/#primaryimage\"},\"image\":{\"@id\":\"https:\\\/\\\/www.bellunopress.it\\\/2023\\\/08\\\/13\\\/e-feltrino-il-prosecco-doc-extra-dry-secondo-classificato-al-concorso-enologico-di-conegliano\\\/#primaryimage\"},\"thumbnailUrl\":\"https:\\\/\\\/www.bellunopress.it\\\/wp-content\\\/uploads\\\/2023\\\/08\\\/La-Famiglia-Gorza_edited.jpg\",\"datePublished\":\"2023-08-13T10:14:29+00:00\",\"dateModified\":\"2023-08-13T17:18:03+00:00\",\"breadcrumb\":{\"@id\":\"https:\\\/\\\/www.bellunopress.it\\\/2023\\\/08\\\/13\\\/e-feltrino-il-prosecco-doc-extra-dry-secondo-classificato-al-concorso-enologico-di-conegliano\\\/#breadcrumb\"},\"inLanguage\":\"fr-FR\",\"potentialAction\":[{\"@type\":\"ReadAction\",\"target\":[\"https:\\\/\\\/www.bellunopress.it\\\/2023\\\/08\\\/13\\\/e-feltrino-il-prosecco-doc-extra-dry-secondo-classificato-al-concorso-enologico-di-conegliano\\\/\"]}]},{\"@type\":\"ImageObject\",\"inLanguage\":\"fr-FR\",\"@id\":\"https:\\\/\\\/www.bellunopress.it\\\/2023\\\/08\\\/13\\\/e-feltrino-il-prosecco-doc-extra-dry-secondo-classificato-al-concorso-enologico-di-conegliano\\\/#primaryimage\",\"url\":\"https:\\\/\\\/www.bellunopress.it\\\/wp-content\\\/uploads\\\/2023\\\/08\\\/La-Famiglia-Gorza_edited.jpg\",\"contentUrl\":\"https:\\\/\\\/www.bellunopress.it\\\/wp-content\\\/uploads\\\/2023\\\/08\\\/La-Famiglia-Gorza_edited.jpg\",\"width\":1000,\"height\":921,\"caption\":\"La famiglia Gorza\"},{\"@type\":\"BreadcrumbList\",\"@id\":\"https:\\\/\\\/www.bellunopress.it\\\/2023\\\/08\\\/13\\\/e-feltrino-il-prosecco-doc-extra-dry-secondo-classificato-al-concorso-enologico-di-conegliano\\\/#breadcrumb\",\"itemListElement\":[{\"@type\":\"ListItem\",\"position\":1,\"name\":\"Home\",\"item\":\"https:\\\/\\\/www.bellunopress.it\\\/\"},{\"@type\":\"ListItem\",\"position\":2,\"name\":\"E&#8217; feltrino il Prosecco DOC Extra Dry secondo classificato al concorso enologico di Conegliano\"}]},{\"@type\":\"WebSite\",\"@id\":\"https:\\\/\\\/www.bellunopress.it\\\/#website\",\"url\":\"https:\\\/\\\/www.bellunopress.it\\\/\",\"name\":\"Bellunopress - Dolomiti\",\"description\":\"e-mail: redazione@bellunopress.it\",\"publisher\":{\"@id\":\"https:\\\/\\\/www.bellunopress.it\\\/#organization\"},\"potentialAction\":[{\"@type\":\"SearchAction\",\"target\":{\"@type\":\"EntryPoint\",\"urlTemplate\":\"https:\\\/\\\/www.bellunopress.it\\\/?s={search_term_string}\"},\"query-input\":{\"@type\":\"PropertyValueSpecification\",\"valueRequired\":true,\"valueName\":\"search_term_string\"}}],\"inLanguage\":\"fr-FR\"},{\"@type\":\"Organization\",\"@id\":\"https:\\\/\\\/www.bellunopress.it\\\/#organization\",\"name\":\"Bellunopress\",\"url\":\"https:\\\/\\\/www.bellunopress.it\\\/\",\"logo\":{\"@type\":\"ImageObject\",\"inLanguage\":\"fr-FR\",\"@id\":\"https:\\\/\\\/www.bellunopress.it\\\/#\\\/schema\\\/logo\\\/image\\\/\",\"url\":\"https:\\\/\\\/www.bellunopress.it\\\/wp-content\\\/uploads\\\/2011\\\/05\\\/cropped-logo-bellunopress-.jpg\",\"contentUrl\":\"https:\\\/\\\/www.bellunopress.it\\\/wp-content\\\/uploads\\\/2011\\\/05\\\/cropped-logo-bellunopress-.jpg\",\"width\":512,\"height\":512,\"caption\":\"Bellunopress\"},\"image\":{\"@id\":\"https:\\\/\\\/www.bellunopress.it\\\/#\\\/schema\\\/logo\\\/image\\\/\"},\"sameAs\":[\"https:\\\/\\\/www.facebook.com\\\/profile.php?id=100008943462799\",\"https:\\\/\\\/x.com\\\/bellunopress\",\"https:\\\/\\\/www.linkedin.com\\\/hp\\\/?dnr=JBzUWaJfMUw8vbXJJ2tVW5-I3jZKvC4wsoxE&amp;amp;amp;amp;amp;amp;trk=nav_responsive_tab_home\",\"https:\\\/\\\/www.youtube.com\\\/channel\\\/UCxL0wu1uN0_3_7hGG0306cw\"]},{\"@type\":\"Person\",\"@id\":\"https:\\\/\\\/www.bellunopress.it\\\/#\\\/schema\\\/person\\\/79bb06722b37ece1c03d3e94beb30d73\",\"name\":\"redazione\",\"image\":{\"@type\":\"ImageObject\",\"inLanguage\":\"fr-FR\",\"@id\":\"https:\\\/\\\/secure.gravatar.com\\\/avatar\\\/37d968a2e67a6fd04c169c4bdef102d0bc5d31b2546345219e348575eb80e9a0?s=96&d=mm&r=g\",\"url\":\"https:\\\/\\\/secure.gravatar.com\\\/avatar\\\/37d968a2e67a6fd04c169c4bdef102d0bc5d31b2546345219e348575eb80e9a0?s=96&d=mm&r=g\",\"contentUrl\":\"https:\\\/\\\/secure.gravatar.com\\\/avatar\\\/37d968a2e67a6fd04c169c4bdef102d0bc5d31b2546345219e348575eb80e9a0?s=96&d=mm&r=g\",\"caption\":\"redazione\"},\"sameAs\":[\"http:\\\/\\\/www.bellunopress.it\",\"https:\\\/\\\/x.com\\\/bellunopress\"],\"url\":\"https:\\\/\\\/www.bellunopress.it\\\/fr\\\/author\\\/redazione\\\/\"}]}<\/script>\n<!-- \/ Yoast SEO plugin. -->","yoast_head_json":{"title":"E' feltrino il Prosecco DOC Extra Dry secondo classificato al concorso enologico di Conegliano - Bellunopress - Dolomiti","robots":{"index":"index","follow":"follow","max-snippet":"max-snippet:-1","max-image-preview":"max-image-preview:large","max-video-preview":"max-video-preview:-1"},"canonical":"https:\/\/www.bellunopress.it\/fr\/2023\/08\/13\/e-feltrino-il-prosecco-doc-extra-dry-secondo-classificato-al-concorso-enologico-di-conegliano\/","og_locale":"fr_FR","og_type":"article","og_title":"E' feltrino il Prosecco DOC Extra Dry secondo classificato al concorso enologico di Conegliano - Bellunopress - Dolomiti","og_description":"Gianni Gorza, titolare di \u201cPodere Castello Aurin\u201d, giovane azienda vitivinicola di Fonzaso: \u201cRiconoscimento che ci onora e premia la passione per questa terra straordinaria\u201d Ottime notizie da Conegliano per il prosecco del Podere Castello Aurin, il marchio dell&#8217;azienda vitivinicola di Fonzaso gestita dalla famiglia Gorza. Il DOC Extra Dry si \u00e8 infatti classificato al secondo [&hellip;]","og_url":"https:\/\/www.bellunopress.it\/fr\/2023\/08\/13\/e-feltrino-il-prosecco-doc-extra-dry-secondo-classificato-al-concorso-enologico-di-conegliano\/","og_site_name":"Bellunopress - Dolomiti","article_publisher":"https:\/\/www.facebook.com\/profile.php?id=100008943462799","article_published_time":"2023-08-13T10:14:29+00:00","article_modified_time":"2023-08-13T17:18:03+00:00","og_image":[{"width":1000,"height":921,"url":"https:\/\/www.bellunopress.it\/wp-content\/uploads\/2023\/08\/La-Famiglia-Gorza_edited.jpg","type":"image\/jpeg"}],"author":"redazione","twitter_card":"summary_large_image","twitter_creator":"@bellunopress","twitter_site":"@bellunopress","twitter_misc":{"\u00c9crit par":"redazione","Dur\u00e9e de lecture estim\u00e9e":"2 minutes"},"schema":{"@context":"https:\/\/schema.org","@graph":[{"@type":"Article","@id":"https:\/\/www.bellunopress.it\/2023\/08\/13\/e-feltrino-il-prosecco-doc-extra-dry-secondo-classificato-al-concorso-enologico-di-conegliano\/#article","isPartOf":{"@id":"https:\/\/www.bellunopress.it\/2023\/08\/13\/e-feltrino-il-prosecco-doc-extra-dry-secondo-classificato-al-concorso-enologico-di-conegliano\/"},"author":{"name":"redazione","@id":"https:\/\/www.bellunopress.it\/#\/schema\/person\/79bb06722b37ece1c03d3e94beb30d73"},"headline":"E&#8217; feltrino il Prosecco DOC Extra Dry secondo classificato al concorso enologico di Conegliano","datePublished":"2023-08-13T10:14:29+00:00","dateModified":"2023-08-13T17:18:03+00:00","mainEntityOfPage":{"@id":"https:\/\/www.bellunopress.it\/2023\/08\/13\/e-feltrino-il-prosecco-doc-extra-dry-secondo-classificato-al-concorso-enologico-di-conegliano\/"},"wordCount":478,"publisher":{"@id":"https:\/\/www.bellunopress.it\/#organization"},"image":{"@id":"https:\/\/www.bellunopress.it\/2023\/08\/13\/e-feltrino-il-prosecco-doc-extra-dry-secondo-classificato-al-concorso-enologico-di-conegliano\/#primaryimage"},"thumbnailUrl":"https:\/\/www.bellunopress.it\/wp-content\/uploads\/2023\/08\/La-Famiglia-Gorza_edited.jpg","articleSection":["Lavoro, Economia, Turismo"],"inLanguage":"fr-FR"},{"@type":"WebPage","@id":"https:\/\/www.bellunopress.it\/2023\/08\/13\/e-feltrino-il-prosecco-doc-extra-dry-secondo-classificato-al-concorso-enologico-di-conegliano\/","url":"https:\/\/www.bellunopress.it\/2023\/08\/13\/e-feltrino-il-prosecco-doc-extra-dry-secondo-classificato-al-concorso-enologico-di-conegliano\/","name":"E' feltrino il Prosecco DOC Extra Dry secondo classificato al concorso enologico di Conegliano - Bellunopress - Dolomiti","isPartOf":{"@id":"https:\/\/www.bellunopress.it\/#website"},"primaryImageOfPage":{"@id":"https:\/\/www.bellunopress.it\/2023\/08\/13\/e-feltrino-il-prosecco-doc-extra-dry-secondo-classificato-al-concorso-enologico-di-conegliano\/#primaryimage"},"image":{"@id":"https:\/\/www.bellunopress.it\/2023\/08\/13\/e-feltrino-il-prosecco-doc-extra-dry-secondo-classificato-al-concorso-enologico-di-conegliano\/#primaryimage"},"thumbnailUrl":"https:\/\/www.bellunopress.it\/wp-content\/uploads\/2023\/08\/La-Famiglia-Gorza_edited.jpg","datePublished":"2023-08-13T10:14:29+00:00","dateModified":"2023-08-13T17:18:03+00:00","breadcrumb":{"@id":"https:\/\/www.bellunopress.it\/2023\/08\/13\/e-feltrino-il-prosecco-doc-extra-dry-secondo-classificato-al-concorso-enologico-di-conegliano\/#breadcrumb"},"inLanguage":"fr-FR","potentialAction":[{"@type":"ReadAction","target":["https:\/\/www.bellunopress.it\/2023\/08\/13\/e-feltrino-il-prosecco-doc-extra-dry-secondo-classificato-al-concorso-enologico-di-conegliano\/"]}]},{"@type":"ImageObject","inLanguage":"fr-FR","@id":"https:\/\/www.bellunopress.it\/2023\/08\/13\/e-feltrino-il-prosecco-doc-extra-dry-secondo-classificato-al-concorso-enologico-di-conegliano\/#primaryimage","url":"https:\/\/www.bellunopress.it\/wp-content\/uploads\/2023\/08\/La-Famiglia-Gorza_edited.jpg","contentUrl":"https:\/\/www.bellunopress.it\/wp-content\/uploads\/2023\/08\/La-Famiglia-Gorza_edited.jpg","width":1000,"height":921,"caption":"La famiglia Gorza"},{"@type":"BreadcrumbList","@id":"https:\/\/www.bellunopress.it\/2023\/08\/13\/e-feltrino-il-prosecco-doc-extra-dry-secondo-classificato-al-concorso-enologico-di-conegliano\/#breadcrumb","itemListElement":[{"@type":"ListItem","position":1,"name":"Home","item":"https:\/\/www.bellunopress.it\/"},{"@type":"ListItem","position":2,"name":"E&#8217; feltrino il Prosecco DOC Extra Dry secondo classificato al concorso enologico di Conegliano"}]},{"@type":"WebSite","@id":"https:\/\/www.bellunopress.it\/#website","url":"https:\/\/www.bellunopress.it\/","name":"Bellunopress - Dolomiti","description":"e-mail: redazione@bellunopress.it","publisher":{"@id":"https:\/\/www.bellunopress.it\/#organization"},"potentialAction":[{"@type":"SearchAction","target":{"@type":"EntryPoint","urlTemplate":"https:\/\/www.bellunopress.it\/?s={search_term_string}"},"query-input":{"@type":"PropertyValueSpecification","valueRequired":true,"valueName":"search_term_string"}}],"inLanguage":"fr-FR"},{"@type":"Organization","@id":"https:\/\/www.bellunopress.it\/#organization","name":"Bellunopress","url":"https:\/\/www.bellunopress.it\/","logo":{"@type":"ImageObject","inLanguage":"fr-FR","@id":"https:\/\/www.bellunopress.it\/#\/schema\/logo\/image\/","url":"https:\/\/www.bellunopress.it\/wp-content\/uploads\/2011\/05\/cropped-logo-bellunopress-.jpg","contentUrl":"https:\/\/www.bellunopress.it\/wp-content\/uploads\/2011\/05\/cropped-logo-bellunopress-.jpg","width":512,"height":512,"caption":"Bellunopress"},"image":{"@id":"https:\/\/www.bellunopress.it\/#\/schema\/logo\/image\/"},"sameAs":["https:\/\/www.facebook.com\/profile.php?id=100008943462799","https:\/\/x.com\/bellunopress","https:\/\/www.linkedin.com\/hp\/?dnr=JBzUWaJfMUw8vbXJJ2tVW5-I3jZKvC4wsoxE&amp;amp;amp;amp;amp;amp;trk=nav_responsive_tab_home","https:\/\/www.youtube.com\/channel\/UCxL0wu1uN0_3_7hGG0306cw"]},{"@type":"Person","@id":"https:\/\/www.bellunopress.it\/#\/schema\/person\/79bb06722b37ece1c03d3e94beb30d73","name":"r\u00e9daction","image":{"@type":"ImageObject","inLanguage":"fr-FR","@id":"https:\/\/secure.gravatar.com\/avatar\/37d968a2e67a6fd04c169c4bdef102d0bc5d31b2546345219e348575eb80e9a0?s=96&d=mm&r=g","url":"https:\/\/secure.gravatar.com\/avatar\/37d968a2e67a6fd04c169c4bdef102d0bc5d31b2546345219e348575eb80e9a0?s=96&d=mm&r=g","contentUrl":"https:\/\/secure.gravatar.com\/avatar\/37d968a2e67a6fd04c169c4bdef102d0bc5d31b2546345219e348575eb80e9a0?s=96&d=mm&r=g","caption":"redazione"},"sameAs":["http:\/\/www.bellunopress.it","https:\/\/x.com\/bellunopress"],"url":"https:\/\/www.bellunopress.it\/fr\/author\/redazione\/"}]}},"_links":{"self":[{"href":"https:\/\/www.bellunopress.it\/fr\/wp-json\/wp\/v2\/posts\/143457","targetHints":{"allow":["GET"]}}],"collection":[{"href":"https:\/\/www.bellunopress.it\/fr\/wp-json\/wp\/v2\/posts"}],"about":[{"href":"https:\/\/www.bellunopress.it\/fr\/wp-json\/wp\/v2\/types\/post"}],"author":[{"embeddable":true,"href":"https:\/\/www.bellunopress.it\/fr\/wp-json\/wp\/v2\/users\/2"}],"replies":[{"embeddable":true,"href":"https:\/\/www.bellunopress.it\/fr\/wp-json\/wp\/v2\/comments?post=143457"}],"version-history":[{"count":1,"href":"https:\/\/www.bellunopress.it\/fr\/wp-json\/wp\/v2\/posts\/143457\/revisions"}],"predecessor-version":[{"id":143459,"href":"https:\/\/www.bellunopress.it\/fr\/wp-json\/wp\/v2\/posts\/143457\/revisions\/143459"}],"wp:featuredmedia":[{"embeddable":true,"href":"https:\/\/www.bellunopress.it\/fr\/wp-json\/wp\/v2\/media\/143458"}],"wp:attachment":[{"href":"https:\/\/www.bellunopress.it\/fr\/wp-json\/wp\/v2\/media?parent=143457"}],"wp:term":[{"taxonomy":"category","embeddable":true,"href":"https:\/\/www.bellunopress.it\/fr\/wp-json\/wp\/v2\/categories?post=143457"},{"taxonomy":"post_tag","embeddable":true,"href":"https:\/\/www.bellunopress.it\/fr\/wp-json\/wp\/v2\/tags?post=143457"}],"curies":[{"name":"wp","href":"https:\/\/api.w.org\/{rel}","templated":true}]}}