{"id":143441,"date":"2023-08-13T12:40:02","date_gmt":"2023-08-13T10:40:02","guid":{"rendered":"https:\/\/www.bellunopress.it\/?p=143441"},"modified":"2023-08-13T12:46:13","modified_gmt":"2023-08-13T10:46:13","slug":"dolomiti-bellunesi-pareggio-contro-il-conegliano","status":"publish","type":"post","link":"https:\/\/www.bellunopress.it\/fr\/2023\/08\/13\/dolomiti-bellunesi-pareggio-contro-il-conegliano\/","title":{"rendered":"Dolomiti Bellunesi, pareggio contro il Conegliano"},"content":{"rendered":"<figure id=\"attachment_143444\" aria-describedby=\"caption-attachment-143444\" style=\"width: 1000px\" class=\"wp-caption alignleft\"><img loading=\"lazy\" decoding=\"async\" class=\"size-full wp-image-143444\" src=\"https:\/\/www.bellunopress.it\/wp-content\/uploads\/2023\/08\/Dolomiti-bellunesi-Sina_edited.jpg\" alt=\"\" width=\"1000\" height=\"667\" srcset=\"https:\/\/www.bellunopress.it\/wp-content\/uploads\/2023\/08\/Dolomiti-bellunesi-Sina_edited.jpg 1000w, https:\/\/www.bellunopress.it\/wp-content\/uploads\/2023\/08\/Dolomiti-bellunesi-Sina_edited-500x334.jpg 500w, https:\/\/www.bellunopress.it\/wp-content\/uploads\/2023\/08\/Dolomiti-bellunesi-Sina_edited-696x464.jpg 696w, https:\/\/www.bellunopress.it\/wp-content\/uploads\/2023\/08\/Dolomiti-bellunesi-Sina_edited-630x420.jpg 630w\" sizes=\"auto, (max-width: 1000px) 100vw, 1000px\" \/><figcaption id=\"caption-attachment-143444\" class=\"wp-caption-text\">Sina sigla il pareggio (Foto: Giuseppe De Zanet)<\/figcaption><\/figure>\n<p>SSD Dolomiti Bellunesi, largo ai giovani: la linea verde frutta un buon pari<\/p>\n<p>DOLOMITI BELLUNESI-CONEGLIANO 2-2<\/p>\n<p>GOL: pt 5&#8242; rigore di Paladin, 16&#8242; De Paoli, 43&#8242; Cais, 31&#8242; Sina.<\/p>\n<p>DOLOMITI BELLUNESI (primo tempo): Bresolin; Capacchione, Alcides, Bevilacqua, Toniolo; Baldassar, Yabr\u00e8, De Carli; T. Cossalter; De Paoli, Biancheri.<\/p>\n<p>DOLOMITI BELLUNESI (secondo tempo): Virvilas; Dall&#8217;Igna, De Palma, Perez, Fagherazzi; Masut, De Carli, Bandaogo; T. Cossalter, Sina, De Paoli (18&#8242; Grieco). Allenatore: N. Zanini.<\/p>\n<p>CONEGLIANO: Rallo, Floris (st 38&#8242; Donadon), Mosca (st 21&#8242; Guizzo), Dassi\u00e8, Granziera, Sommacal, Vuanello (st 34&#8242; Secchi), Masoch (st 14&#8242; Tonon), Cais, Paladin (st 28&#8242; Messedaglia), Facioni (st 41&#8242; Lungu). Allenatore: S. Andretta.<\/p>\n<p>NOTE. Nessun ammonito. Angoli: 8-2 per la SSD Dolomiti Bellunesi. Recupero: pt 0&#8242;; st 2&#8242;.<\/p>\n<p>Strappa applausi la linea della verde della SSD Dolomiti Bellunesi. Nel confronto di Pian Longhi, infatti, il palcoscenico se lo sono preso loro: i giovani. Dieci su undici, nel primo tempo, erano nati dal 2001 in poi (unica eccezione, Yabr\u00e8, con la fascia da capitano al braccio) e, nella ripresa, l&#8217;et\u00e0 media si \u00e8 ulteriormente abbassata. Al cospetto di una formazione di Eccellenza come il Conegliano degli ex Mosca e Sommacal, ha preso forma un pareggio ricco di aspetti positivi. Anche perch\u00e9 i dolomitici hanno rimediato due volte a situazioni di svantaggio. A conferma che, indipendentemente da chi scende in campo, questa squadra non ci sta a perdere. Mai, in nessuna occasione.<\/p>\n<p>NEL MAZZO &#8211; \u00c8 il terzo impegno in otto giorni e, di conseguenza, si mischiano le carte: nel mazzo non ci sono Tiozzo, Tardivo, Cozzari, Verzini, Caprioni e Alex Cossalter. In pi\u00f9, i carichi di lavoro si fanno sentire. E cos\u00ec a scattare meglio dai blocchi di partenza sono gli ospiti, che al 5&#8242; usufruiscono della massima punizione, in seguito al fallo di Alcides su Cais: dal dischetto, trasforma Paladin. Passano circa 10&#8242; e l&#8217;estremo difensore Rallo dice di no a De Carli, ma nulla pu\u00f2 sulla semi-rovesciata di De Paoli, abile a confezionare il pareggio in grande stile. Il Conegliano, per\u00f2, \u00e8 ben messo in campo: concede poco e, quando si presenta l&#8217;opportunit\u00e0, punge: in particolare con Cais. Il centravanti con 200 gettoni fra i professionisti prima sfiora il palo, poi infila Bresolin per il raddoppio.<\/p>\n<p>ALTRA GIOCATA ACROBATICA &#8211; Al rientro dagli spogliatoi, la SSD Dolomiti Bellunesi cambia otto pedine. E obbliga Rallo a due interventi risolutivi: sulla conclusione a effetto di Masut e sul tiro-cross di Fagherazzi. Il gol \u00e8 nell&#8217;aria. E si materializza poco oltre la mezz&#8217;ora, quando Virvilas, con un lungo rilancio, pesca nell&#8217;altra met\u00e0 campo Sina, lesto a sfruttare un&#8217;incertezza della retroguardia giallobl\u00f9 e a insaccare: anche lui, con una giocata acrobatica. Poi c&#8217;\u00e8 tempo pure per un palo interno del frizzante Bandaogo. In ogni caso, il 2-2 accontenta tutti. In primis mister Zanini: \u00abBravissimi i ragazzi. Volevo capire se potevo fare affidamento sui giovani anche durante l&#8217;anno e ho ricevuto risposte importanti. L&#8217;errore individuale ci sta, ma mi interessa fino a un certo punto. Ho visto personalit\u00e0 e sono molto, molto, molto contento\u00bb.<\/p>\n<p>PROGRAMMA &#8211; Per quanto riguarda il programma, il gruppo riprender\u00e0 ad allenarsi mercoled\u00ec 16, dopo la pausa per Ferragosto, mentre il prossimo test in calendario non sar\u00e0 gioved\u00ec 17 col Fiori Barp (come previsto in un primo momento), bens\u00ec sabato 19 (ore 17), a Legnago, di fronte alla compagine di serie C in cui milita l&#8217;ex Svidercoschi.<\/p>","protected":false},"excerpt":{"rendered":"<p>SSD Dolomiti Bellunesi, largo ai giovani: la linea verde frutta un buon pari DOLOMITI BELLUNESI-CONEGLIANO 2-2 GOL: pt 5&#8242; rigore di Paladin, 16&#8242; De Paoli, 43&#8242; Cais, 31&#8242; Sina. DOLOMITI BELLUNESI (primo tempo): Bresolin; Capacchione, Alcides, Bevilacqua, Toniolo; Baldassar, Yabr\u00e8, De Carli; T. Cossalter; De Paoli, Biancheri. DOLOMITI BELLUNESI (secondo tempo): Virvilas; Dall&#8217;Igna, De Palma, [&hellip;]<\/p>\n","protected":false},"author":2,"featured_media":143444,"comment_status":"closed","ping_status":"open","sticky":false,"template":"","format":"standard","meta":{"footnotes":""},"categories":[4],"tags":[],"class_list":["post-143441","post","type-post","status-publish","format-standard","has-post-thumbnail","category-sport"],"yoast_head":"<!-- This site is optimized with the Yoast SEO plugin v28.4 - https:\/\/yoast.com\/product\/yoast-seo-wordpress\/ -->\n<title>Dolomiti Bellunesi, pareggio contro il Conegliano - Bellunopress - Dolomiti<\/title>\n<meta name=\"robots\" content=\"index, follow, max-snippet:-1, max-image-preview:large, max-video-preview:-1\" \/>\n<link rel=\"canonical\" href=\"https:\/\/www.bellunopress.it\/fr\/2023\/08\/13\/dolomiti-bellunesi-pareggio-contro-il-conegliano\/\" \/>\n<meta property=\"og:locale\" content=\"fr_FR\" \/>\n<meta property=\"og:type\" content=\"article\" \/>\n<meta property=\"og:title\" content=\"Dolomiti Bellunesi, pareggio contro il Conegliano - Bellunopress - Dolomiti\" \/>\n<meta property=\"og:description\" content=\"SSD Dolomiti Bellunesi, largo ai giovani: la linea verde frutta un buon pari DOLOMITI BELLUNESI-CONEGLIANO 2-2 GOL: pt 5&#8242; rigore di Paladin, 16&#8242; De Paoli, 43&#8242; Cais, 31&#8242; Sina. DOLOMITI BELLUNESI (primo tempo): Bresolin; Capacchione, Alcides, Bevilacqua, Toniolo; Baldassar, Yabr\u00e8, De Carli; T. Cossalter; De Paoli, Biancheri. DOLOMITI BELLUNESI (secondo tempo): Virvilas; Dall&#8217;Igna, De Palma, [&hellip;]\" \/>\n<meta property=\"og:url\" content=\"https:\/\/www.bellunopress.it\/fr\/2023\/08\/13\/dolomiti-bellunesi-pareggio-contro-il-conegliano\/\" \/>\n<meta property=\"og:site_name\" content=\"Bellunopress - Dolomiti\" \/>\n<meta property=\"article:publisher\" content=\"https:\/\/www.facebook.com\/profile.php?id=100008943462799\" \/>\n<meta property=\"article:published_time\" content=\"2023-08-13T10:40:02+00:00\" \/>\n<meta property=\"article:modified_time\" content=\"2023-08-13T10:46:13+00:00\" \/>\n<meta property=\"og:image\" content=\"https:\/\/www.bellunopress.it\/wp-content\/uploads\/2023\/08\/Dolomiti-bellunesi-Sina_edited.jpg\" \/>\n\t<meta property=\"og:image:width\" content=\"1000\" \/>\n\t<meta property=\"og:image:height\" content=\"667\" \/>\n\t<meta property=\"og:image:type\" content=\"image\/jpeg\" \/>\n<meta name=\"author\" content=\"redazione\" \/>\n<meta name=\"twitter:card\" content=\"summary_large_image\" \/>\n<meta name=\"twitter:creator\" content=\"@bellunopress\" \/>\n<meta name=\"twitter:site\" content=\"@bellunopress\" \/>\n<meta name=\"twitter:label1\" content=\"\u00c9crit par\" \/>\n\t<meta name=\"twitter:data1\" content=\"redazione\" \/>\n\t<meta name=\"twitter:label2\" content=\"Dur\u00e9e de lecture estim\u00e9e\" \/>\n\t<meta name=\"twitter:data2\" content=\"3 minutes\" \/>\n<script type=\"application\/ld+json\" class=\"yoast-schema-graph\">{\"@context\":\"https:\\\/\\\/schema.org\",\"@graph\":[{\"@type\":\"Article\",\"@id\":\"https:\\\/\\\/www.bellunopress.it\\\/2023\\\/08\\\/13\\\/dolomiti-bellunesi-pareggio-contro-il-conegliano\\\/#article\",\"isPartOf\":{\"@id\":\"https:\\\/\\\/www.bellunopress.it\\\/2023\\\/08\\\/13\\\/dolomiti-bellunesi-pareggio-contro-il-conegliano\\\/\"},\"author\":{\"name\":\"redazione\",\"@id\":\"https:\\\/\\\/www.bellunopress.it\\\/#\\\/schema\\\/person\\\/79bb06722b37ece1c03d3e94beb30d73\"},\"headline\":\"Dolomiti Bellunesi, pareggio contro il Conegliano\",\"datePublished\":\"2023-08-13T10:40:02+00:00\",\"dateModified\":\"2023-08-13T10:46:13+00:00\",\"mainEntityOfPage\":{\"@id\":\"https:\\\/\\\/www.bellunopress.it\\\/2023\\\/08\\\/13\\\/dolomiti-bellunesi-pareggio-contro-il-conegliano\\\/\"},\"wordCount\":565,\"publisher\":{\"@id\":\"https:\\\/\\\/www.bellunopress.it\\\/#organization\"},\"image\":{\"@id\":\"https:\\\/\\\/www.bellunopress.it\\\/2023\\\/08\\\/13\\\/dolomiti-bellunesi-pareggio-contro-il-conegliano\\\/#primaryimage\"},\"thumbnailUrl\":\"https:\\\/\\\/www.bellunopress.it\\\/wp-content\\\/uploads\\\/2023\\\/08\\\/Dolomiti-bellunesi-Sina_edited.jpg\",\"articleSection\":[\"Sport, tempo libero\"],\"inLanguage\":\"fr-FR\"},{\"@type\":\"WebPage\",\"@id\":\"https:\\\/\\\/www.bellunopress.it\\\/2023\\\/08\\\/13\\\/dolomiti-bellunesi-pareggio-contro-il-conegliano\\\/\",\"url\":\"https:\\\/\\\/www.bellunopress.it\\\/2023\\\/08\\\/13\\\/dolomiti-bellunesi-pareggio-contro-il-conegliano\\\/\",\"name\":\"Dolomiti Bellunesi, pareggio contro il Conegliano - Bellunopress - Dolomiti\",\"isPartOf\":{\"@id\":\"https:\\\/\\\/www.bellunopress.it\\\/#website\"},\"primaryImageOfPage\":{\"@id\":\"https:\\\/\\\/www.bellunopress.it\\\/2023\\\/08\\\/13\\\/dolomiti-bellunesi-pareggio-contro-il-conegliano\\\/#primaryimage\"},\"image\":{\"@id\":\"https:\\\/\\\/www.bellunopress.it\\\/2023\\\/08\\\/13\\\/dolomiti-bellunesi-pareggio-contro-il-conegliano\\\/#primaryimage\"},\"thumbnailUrl\":\"https:\\\/\\\/www.bellunopress.it\\\/wp-content\\\/uploads\\\/2023\\\/08\\\/Dolomiti-bellunesi-Sina_edited.jpg\",\"datePublished\":\"2023-08-13T10:40:02+00:00\",\"dateModified\":\"2023-08-13T10:46:13+00:00\",\"breadcrumb\":{\"@id\":\"https:\\\/\\\/www.bellunopress.it\\\/2023\\\/08\\\/13\\\/dolomiti-bellunesi-pareggio-contro-il-conegliano\\\/#breadcrumb\"},\"inLanguage\":\"fr-FR\",\"potentialAction\":[{\"@type\":\"ReadAction\",\"target\":[\"https:\\\/\\\/www.bellunopress.it\\\/2023\\\/08\\\/13\\\/dolomiti-bellunesi-pareggio-contro-il-conegliano\\\/\"]}]},{\"@type\":\"ImageObject\",\"inLanguage\":\"fr-FR\",\"@id\":\"https:\\\/\\\/www.bellunopress.it\\\/2023\\\/08\\\/13\\\/dolomiti-bellunesi-pareggio-contro-il-conegliano\\\/#primaryimage\",\"url\":\"https:\\\/\\\/www.bellunopress.it\\\/wp-content\\\/uploads\\\/2023\\\/08\\\/Dolomiti-bellunesi-Sina_edited.jpg\",\"contentUrl\":\"https:\\\/\\\/www.bellunopress.it\\\/wp-content\\\/uploads\\\/2023\\\/08\\\/Dolomiti-bellunesi-Sina_edited.jpg\",\"width\":1000,\"height\":667,\"caption\":\"Dolomiti bellunesi: Sina (Foto: De Zanet)\"},{\"@type\":\"BreadcrumbList\",\"@id\":\"https:\\\/\\\/www.bellunopress.it\\\/2023\\\/08\\\/13\\\/dolomiti-bellunesi-pareggio-contro-il-conegliano\\\/#breadcrumb\",\"itemListElement\":[{\"@type\":\"ListItem\",\"position\":1,\"name\":\"Home\",\"item\":\"https:\\\/\\\/www.bellunopress.it\\\/\"},{\"@type\":\"ListItem\",\"position\":2,\"name\":\"Dolomiti Bellunesi, pareggio contro il Conegliano\"}]},{\"@type\":\"WebSite\",\"@id\":\"https:\\\/\\\/www.bellunopress.it\\\/#website\",\"url\":\"https:\\\/\\\/www.bellunopress.it\\\/\",\"name\":\"Bellunopress - Dolomiti\",\"description\":\"e-mail: redazione@bellunopress.it\",\"publisher\":{\"@id\":\"https:\\\/\\\/www.bellunopress.it\\\/#organization\"},\"potentialAction\":[{\"@type\":\"SearchAction\",\"target\":{\"@type\":\"EntryPoint\",\"urlTemplate\":\"https:\\\/\\\/www.bellunopress.it\\\/?s={search_term_string}\"},\"query-input\":{\"@type\":\"PropertyValueSpecification\",\"valueRequired\":true,\"valueName\":\"search_term_string\"}}],\"inLanguage\":\"fr-FR\"},{\"@type\":\"Organization\",\"@id\":\"https:\\\/\\\/www.bellunopress.it\\\/#organization\",\"name\":\"Bellunopress\",\"url\":\"https:\\\/\\\/www.bellunopress.it\\\/\",\"logo\":{\"@type\":\"ImageObject\",\"inLanguage\":\"fr-FR\",\"@id\":\"https:\\\/\\\/www.bellunopress.it\\\/#\\\/schema\\\/logo\\\/image\\\/\",\"url\":\"https:\\\/\\\/www.bellunopress.it\\\/wp-content\\\/uploads\\\/2011\\\/05\\\/cropped-logo-bellunopress-.jpg\",\"contentUrl\":\"https:\\\/\\\/www.bellunopress.it\\\/wp-content\\\/uploads\\\/2011\\\/05\\\/cropped-logo-bellunopress-.jpg\",\"width\":512,\"height\":512,\"caption\":\"Bellunopress\"},\"image\":{\"@id\":\"https:\\\/\\\/www.bellunopress.it\\\/#\\\/schema\\\/logo\\\/image\\\/\"},\"sameAs\":[\"https:\\\/\\\/www.facebook.com\\\/profile.php?id=100008943462799\",\"https:\\\/\\\/x.com\\\/bellunopress\",\"https:\\\/\\\/www.linkedin.com\\\/hp\\\/?dnr=JBzUWaJfMUw8vbXJJ2tVW5-I3jZKvC4wsoxE&amp;amp;amp;amp;amp;amp;trk=nav_responsive_tab_home\",\"https:\\\/\\\/www.youtube.com\\\/channel\\\/UCxL0wu1uN0_3_7hGG0306cw\"]},{\"@type\":\"Person\",\"@id\":\"https:\\\/\\\/www.bellunopress.it\\\/#\\\/schema\\\/person\\\/79bb06722b37ece1c03d3e94beb30d73\",\"name\":\"redazione\",\"image\":{\"@type\":\"ImageObject\",\"inLanguage\":\"fr-FR\",\"@id\":\"https:\\\/\\\/secure.gravatar.com\\\/avatar\\\/37d968a2e67a6fd04c169c4bdef102d0bc5d31b2546345219e348575eb80e9a0?s=96&d=mm&r=g\",\"url\":\"https:\\\/\\\/secure.gravatar.com\\\/avatar\\\/37d968a2e67a6fd04c169c4bdef102d0bc5d31b2546345219e348575eb80e9a0?s=96&d=mm&r=g\",\"contentUrl\":\"https:\\\/\\\/secure.gravatar.com\\\/avatar\\\/37d968a2e67a6fd04c169c4bdef102d0bc5d31b2546345219e348575eb80e9a0?s=96&d=mm&r=g\",\"caption\":\"redazione\"},\"sameAs\":[\"http:\\\/\\\/www.bellunopress.it\",\"https:\\\/\\\/x.com\\\/bellunopress\"],\"url\":\"https:\\\/\\\/www.bellunopress.it\\\/fr\\\/author\\\/redazione\\\/\"}]}<\/script>\n<!-- \/ Yoast SEO plugin. -->","yoast_head_json":{"title":"Dolomiti Bellunesi, pareggio contro il Conegliano - Bellunopress - Dolomiti","robots":{"index":"index","follow":"follow","max-snippet":"max-snippet:-1","max-image-preview":"max-image-preview:large","max-video-preview":"max-video-preview:-1"},"canonical":"https:\/\/www.bellunopress.it\/fr\/2023\/08\/13\/dolomiti-bellunesi-pareggio-contro-il-conegliano\/","og_locale":"fr_FR","og_type":"article","og_title":"Dolomiti Bellunesi, pareggio contro il Conegliano - Bellunopress - Dolomiti","og_description":"SSD Dolomiti Bellunesi, largo ai giovani: la linea verde frutta un buon pari DOLOMITI BELLUNESI-CONEGLIANO 2-2 GOL: pt 5&#8242; rigore di Paladin, 16&#8242; De Paoli, 43&#8242; Cais, 31&#8242; Sina. DOLOMITI BELLUNESI (primo tempo): Bresolin; Capacchione, Alcides, Bevilacqua, Toniolo; Baldassar, Yabr\u00e8, De Carli; T. Cossalter; De Paoli, Biancheri. DOLOMITI BELLUNESI (secondo tempo): Virvilas; Dall&#8217;Igna, De Palma, [&hellip;]","og_url":"https:\/\/www.bellunopress.it\/fr\/2023\/08\/13\/dolomiti-bellunesi-pareggio-contro-il-conegliano\/","og_site_name":"Bellunopress - Dolomiti","article_publisher":"https:\/\/www.facebook.com\/profile.php?id=100008943462799","article_published_time":"2023-08-13T10:40:02+00:00","article_modified_time":"2023-08-13T10:46:13+00:00","og_image":[{"width":1000,"height":667,"url":"https:\/\/www.bellunopress.it\/wp-content\/uploads\/2023\/08\/Dolomiti-bellunesi-Sina_edited.jpg","type":"image\/jpeg"}],"author":"redazione","twitter_card":"summary_large_image","twitter_creator":"@bellunopress","twitter_site":"@bellunopress","twitter_misc":{"\u00c9crit par":"redazione","Dur\u00e9e de lecture estim\u00e9e":"3 minutes"},"schema":{"@context":"https:\/\/schema.org","@graph":[{"@type":"Article","@id":"https:\/\/www.bellunopress.it\/2023\/08\/13\/dolomiti-bellunesi-pareggio-contro-il-conegliano\/#article","isPartOf":{"@id":"https:\/\/www.bellunopress.it\/2023\/08\/13\/dolomiti-bellunesi-pareggio-contro-il-conegliano\/"},"author":{"name":"redazione","@id":"https:\/\/www.bellunopress.it\/#\/schema\/person\/79bb06722b37ece1c03d3e94beb30d73"},"headline":"Dolomiti Bellunesi, pareggio contro il Conegliano","datePublished":"2023-08-13T10:40:02+00:00","dateModified":"2023-08-13T10:46:13+00:00","mainEntityOfPage":{"@id":"https:\/\/www.bellunopress.it\/2023\/08\/13\/dolomiti-bellunesi-pareggio-contro-il-conegliano\/"},"wordCount":565,"publisher":{"@id":"https:\/\/www.bellunopress.it\/#organization"},"image":{"@id":"https:\/\/www.bellunopress.it\/2023\/08\/13\/dolomiti-bellunesi-pareggio-contro-il-conegliano\/#primaryimage"},"thumbnailUrl":"https:\/\/www.bellunopress.it\/wp-content\/uploads\/2023\/08\/Dolomiti-bellunesi-Sina_edited.jpg","articleSection":["Sport, tempo libero"],"inLanguage":"fr-FR"},{"@type":"WebPage","@id":"https:\/\/www.bellunopress.it\/2023\/08\/13\/dolomiti-bellunesi-pareggio-contro-il-conegliano\/","url":"https:\/\/www.bellunopress.it\/2023\/08\/13\/dolomiti-bellunesi-pareggio-contro-il-conegliano\/","name":"Dolomiti Bellunesi, pareggio contro il Conegliano - Bellunopress - Dolomiti","isPartOf":{"@id":"https:\/\/www.bellunopress.it\/#website"},"primaryImageOfPage":{"@id":"https:\/\/www.bellunopress.it\/2023\/08\/13\/dolomiti-bellunesi-pareggio-contro-il-conegliano\/#primaryimage"},"image":{"@id":"https:\/\/www.bellunopress.it\/2023\/08\/13\/dolomiti-bellunesi-pareggio-contro-il-conegliano\/#primaryimage"},"thumbnailUrl":"https:\/\/www.bellunopress.it\/wp-content\/uploads\/2023\/08\/Dolomiti-bellunesi-Sina_edited.jpg","datePublished":"2023-08-13T10:40:02+00:00","dateModified":"2023-08-13T10:46:13+00:00","breadcrumb":{"@id":"https:\/\/www.bellunopress.it\/2023\/08\/13\/dolomiti-bellunesi-pareggio-contro-il-conegliano\/#breadcrumb"},"inLanguage":"fr-FR","potentialAction":[{"@type":"ReadAction","target":["https:\/\/www.bellunopress.it\/2023\/08\/13\/dolomiti-bellunesi-pareggio-contro-il-conegliano\/"]}]},{"@type":"ImageObject","inLanguage":"fr-FR","@id":"https:\/\/www.bellunopress.it\/2023\/08\/13\/dolomiti-bellunesi-pareggio-contro-il-conegliano\/#primaryimage","url":"https:\/\/www.bellunopress.it\/wp-content\/uploads\/2023\/08\/Dolomiti-bellunesi-Sina_edited.jpg","contentUrl":"https:\/\/www.bellunopress.it\/wp-content\/uploads\/2023\/08\/Dolomiti-bellunesi-Sina_edited.jpg","width":1000,"height":667,"caption":"Dolomiti bellunesi: Sina (Foto: De Zanet)"},{"@type":"BreadcrumbList","@id":"https:\/\/www.bellunopress.it\/2023\/08\/13\/dolomiti-bellunesi-pareggio-contro-il-conegliano\/#breadcrumb","itemListElement":[{"@type":"ListItem","position":1,"name":"Home","item":"https:\/\/www.bellunopress.it\/"},{"@type":"ListItem","position":2,"name":"Dolomiti Bellunesi, pareggio contro il Conegliano"}]},{"@type":"WebSite","@id":"https:\/\/www.bellunopress.it\/#website","url":"https:\/\/www.bellunopress.it\/","name":"Bellunopress - Dolomiti","description":"e-mail: redazione@bellunopress.it","publisher":{"@id":"https:\/\/www.bellunopress.it\/#organization"},"potentialAction":[{"@type":"SearchAction","target":{"@type":"EntryPoint","urlTemplate":"https:\/\/www.bellunopress.it\/?s={search_term_string}"},"query-input":{"@type":"PropertyValueSpecification","valueRequired":true,"valueName":"search_term_string"}}],"inLanguage":"fr-FR"},{"@type":"Organization","@id":"https:\/\/www.bellunopress.it\/#organization","name":"Bellunopress","url":"https:\/\/www.bellunopress.it\/","logo":{"@type":"ImageObject","inLanguage":"fr-FR","@id":"https:\/\/www.bellunopress.it\/#\/schema\/logo\/image\/","url":"https:\/\/www.bellunopress.it\/wp-content\/uploads\/2011\/05\/cropped-logo-bellunopress-.jpg","contentUrl":"https:\/\/www.bellunopress.it\/wp-content\/uploads\/2011\/05\/cropped-logo-bellunopress-.jpg","width":512,"height":512,"caption":"Bellunopress"},"image":{"@id":"https:\/\/www.bellunopress.it\/#\/schema\/logo\/image\/"},"sameAs":["https:\/\/www.facebook.com\/profile.php?id=100008943462799","https:\/\/x.com\/bellunopress","https:\/\/www.linkedin.com\/hp\/?dnr=JBzUWaJfMUw8vbXJJ2tVW5-I3jZKvC4wsoxE&amp;amp;amp;amp;amp;amp;trk=nav_responsive_tab_home","https:\/\/www.youtube.com\/channel\/UCxL0wu1uN0_3_7hGG0306cw"]},{"@type":"Person","@id":"https:\/\/www.bellunopress.it\/#\/schema\/person\/79bb06722b37ece1c03d3e94beb30d73","name":"r\u00e9daction","image":{"@type":"ImageObject","inLanguage":"fr-FR","@id":"https:\/\/secure.gravatar.com\/avatar\/37d968a2e67a6fd04c169c4bdef102d0bc5d31b2546345219e348575eb80e9a0?s=96&d=mm&r=g","url":"https:\/\/secure.gravatar.com\/avatar\/37d968a2e67a6fd04c169c4bdef102d0bc5d31b2546345219e348575eb80e9a0?s=96&d=mm&r=g","contentUrl":"https:\/\/secure.gravatar.com\/avatar\/37d968a2e67a6fd04c169c4bdef102d0bc5d31b2546345219e348575eb80e9a0?s=96&d=mm&r=g","caption":"redazione"},"sameAs":["http:\/\/www.bellunopress.it","https:\/\/x.com\/bellunopress"],"url":"https:\/\/www.bellunopress.it\/fr\/author\/redazione\/"}]}},"_links":{"self":[{"href":"https:\/\/www.bellunopress.it\/fr\/wp-json\/wp\/v2\/posts\/143441","targetHints":{"allow":["GET"]}}],"collection":[{"href":"https:\/\/www.bellunopress.it\/fr\/wp-json\/wp\/v2\/posts"}],"about":[{"href":"https:\/\/www.bellunopress.it\/fr\/wp-json\/wp\/v2\/types\/post"}],"author":[{"embeddable":true,"href":"https:\/\/www.bellunopress.it\/fr\/wp-json\/wp\/v2\/users\/2"}],"replies":[{"embeddable":true,"href":"https:\/\/www.bellunopress.it\/fr\/wp-json\/wp\/v2\/comments?post=143441"}],"version-history":[{"count":4,"href":"https:\/\/www.bellunopress.it\/fr\/wp-json\/wp\/v2\/posts\/143441\/revisions"}],"predecessor-version":[{"id":143446,"href":"https:\/\/www.bellunopress.it\/fr\/wp-json\/wp\/v2\/posts\/143441\/revisions\/143446"}],"wp:featuredmedia":[{"embeddable":true,"href":"https:\/\/www.bellunopress.it\/fr\/wp-json\/wp\/v2\/media\/143444"}],"wp:attachment":[{"href":"https:\/\/www.bellunopress.it\/fr\/wp-json\/wp\/v2\/media?parent=143441"}],"wp:term":[{"taxonomy":"category","embeddable":true,"href":"https:\/\/www.bellunopress.it\/fr\/wp-json\/wp\/v2\/categories?post=143441"},{"taxonomy":"post_tag","embeddable":true,"href":"https:\/\/www.bellunopress.it\/fr\/wp-json\/wp\/v2\/tags?post=143441"}],"curies":[{"name":"wp","href":"https:\/\/api.w.org\/{rel}","templated":true}]}}