{"id":143436,"date":"2023-08-13T06:09:23","date_gmt":"2023-08-13T04:09:23","guid":{"rendered":"https:\/\/www.bellunopress.it\/?p=143436"},"modified":"2023-08-13T06:09:23","modified_gmt":"2023-08-13T04:09:23","slug":"calici-di-stelle-luccica-nella-cortina-mondana-di-meta-agosto","status":"publish","type":"post","link":"https:\/\/www.bellunopress.it\/fr\/2023\/08\/13\/calici-di-stelle-luccica-nella-cortina-mondana-di-meta-agosto\/","title":{"rendered":"Calici di Stelle luccica nella Cortina mondana di met\u00e0 agosto"},"content":{"rendered":"<p><img loading=\"lazy\" decoding=\"async\" class=\"alignleft size-full wp-image-143437\" src=\"https:\/\/www.bellunopress.it\/wp-content\/uploads\/2023\/08\/calici-di-stelle-3-frangivento_edited.jpg\" alt=\"\" width=\"1000\" height=\"750\" srcset=\"https:\/\/www.bellunopress.it\/wp-content\/uploads\/2023\/08\/calici-di-stelle-3-frangivento_edited.jpg 1000w, https:\/\/www.bellunopress.it\/wp-content\/uploads\/2023\/08\/calici-di-stelle-3-frangivento_edited-500x375.jpg 500w, https:\/\/www.bellunopress.it\/wp-content\/uploads\/2023\/08\/calici-di-stelle-3-frangivento_edited-696x522.jpg 696w, https:\/\/www.bellunopress.it\/wp-content\/uploads\/2023\/08\/calici-di-stelle-3-frangivento_edited-560x420.jpg 560w, https:\/\/www.bellunopress.it\/wp-content\/uploads\/2023\/08\/calici-di-stelle-3-frangivento_edited-80x60.jpg 80w, https:\/\/www.bellunopress.it\/wp-content\/uploads\/2023\/08\/calici-di-stelle-3-frangivento_edited-265x198.jpg 265w\" sizes=\"auto, (max-width: 1000px) 100vw, 1000px\" \/><img loading=\"lazy\" decoding=\"async\" class=\"alignleft size-full wp-image-143438\" src=\"https:\/\/www.bellunopress.it\/wp-content\/uploads\/2023\/08\/cortina_edited.jpg\" alt=\"\" width=\"1000\" height=\"750\" srcset=\"https:\/\/www.bellunopress.it\/wp-content\/uploads\/2023\/08\/cortina_edited.jpg 1000w, https:\/\/www.bellunopress.it\/wp-content\/uploads\/2023\/08\/cortina_edited-500x375.jpg 500w, https:\/\/www.bellunopress.it\/wp-content\/uploads\/2023\/08\/cortina_edited-696x522.jpg 696w, https:\/\/www.bellunopress.it\/wp-content\/uploads\/2023\/08\/cortina_edited-560x420.jpg 560w, https:\/\/www.bellunopress.it\/wp-content\/uploads\/2023\/08\/cortina_edited-80x60.jpg 80w, https:\/\/www.bellunopress.it\/wp-content\/uploads\/2023\/08\/cortina_edited-265x198.jpg 265w\" sizes=\"auto, (max-width: 1000px) 100vw, 1000px\" \/><\/p>\n<figure id=\"attachment_135092\" aria-describedby=\"caption-attachment-135092\" style=\"width: 765px\" class=\"wp-caption alignleft\"><img loading=\"lazy\" decoding=\"async\" class=\"size-full wp-image-135092\" src=\"https:\/\/www.bellunopress.it\/wp-content\/uploads\/2022\/07\/Calici-di-Stelle-Maria-Botter.jpg\" alt=\"\" width=\"765\" height=\"1000\" srcset=\"https:\/\/www.bellunopress.it\/wp-content\/uploads\/2022\/07\/Calici-di-Stelle-Maria-Botter.jpg 765w, https:\/\/www.bellunopress.it\/wp-content\/uploads\/2022\/07\/Calici-di-Stelle-Maria-Botter-383x500.jpg 383w, https:\/\/www.bellunopress.it\/wp-content\/uploads\/2022\/07\/Calici-di-Stelle-Maria-Botter-696x910.jpg 696w, https:\/\/www.bellunopress.it\/wp-content\/uploads\/2022\/07\/Calici-di-Stelle-Maria-Botter-321x420.jpg 321w\" sizes=\"auto, (max-width: 765px) 100vw, 765px\" \/><figcaption id=\"caption-attachment-135092\" class=\"wp-caption-text\">Maria Botter<\/figcaption><\/figure>\n<p>Cortina d\u2019Ampezzo, 13 agosto 2023 &#8211; Per chi vuole gustare l\u2019impareggiabile scenario offerto dalle Dolomiti, Cortina d\u2019Ampezzo \u00e8 bella tutto l\u2019anno. Ma per respirare quel profumo di mondanit\u00e0 e seduzione che la caratterizza, un passaggio per Corso Italia occorre farlo in questi giorni di met\u00e0 agosto. E la manifestazione Calici di Stelle che ha avuto luogo ieri, organizzata da Mara Botter, \u00e8 una formidabile occasione per dare vita a quel magico mix di ingredienti che amplificano la leggendaria fama della Perla delle Dolomiti.<\/p>\n<p>L\u201911ma edizione della manifestazione itinerante calici di Stelle, dunque, ha portato quest\u2019anno nella terrazza dell\u2019Hotel de la Poste una cinquantina di etichette selezionate dal Movimento Turismo del Vino Veneto, Citt\u00e0 del Vino e Venezia Eventi. Una rassegna di eccellenze vinicole italiane abbinate ai sapori del territorio.<\/p>\n<p>Ad arricchire la manifestazione quest\u2019anno \u00e8 intervenuto il designer bellunese Giorgio Pirolo con la sua supercar Frangivento Asfan\u00e8, spinta da un propulsore V10 da circa 900 cavalli, prodotta dal marchio nato a Torino nel 2016 del Gruppo Pirman Automotive di Giorgio Pirolo e Paolo Mancin.<\/p>\n<p>La manifestazione, iniziata alle 17 \u00e8 proseguita alle ore 21 nell\u2019elegante sala ristorante dell\u2019Hotel de la Poste per la cena con i produttori, ambasciatori di un mosaico di realt\u00e0 che con passione portano avanti la ricca tradizione enologica italiana.<\/p>","protected":false},"excerpt":{"rendered":"<p>Cortina d\u2019Ampezzo, 13 agosto 2023 &#8211; Per chi vuole gustare l\u2019impareggiabile scenario offerto dalle Dolomiti, Cortina d\u2019Ampezzo \u00e8 bella tutto l\u2019anno. Ma per respirare quel profumo di mondanit\u00e0 e seduzione che la caratterizza, un passaggio per Corso Italia occorre farlo in questi giorni di met\u00e0 agosto. E la manifestazione Calici di Stelle che ha avuto [&hellip;]<\/p>\n","protected":false},"author":2,"featured_media":135092,"comment_status":"closed","ping_status":"open","sticky":false,"template":"","format":"standard","meta":{"footnotes":""},"categories":[5,36,26,8],"tags":[],"class_list":["post-143436","post","type-post","status-publish","format-standard","has-post-thumbnail","category-cronaca","category-lavoro-economia","category-prima-pagina","category-societa-istituzioni"],"yoast_head":"<!-- This site is optimized with the Yoast SEO plugin v28.4 - https:\/\/yoast.com\/product\/yoast-seo-wordpress\/ -->\n<title>Calici di Stelle luccica nella Cortina mondana di met\u00e0 agosto - Bellunopress - Dolomiti<\/title>\n<meta name=\"robots\" content=\"index, follow, max-snippet:-1, max-image-preview:large, max-video-preview:-1\" \/>\n<link rel=\"canonical\" href=\"https:\/\/www.bellunopress.it\/fr\/2023\/08\/13\/calici-di-stelle-luccica-nella-cortina-mondana-di-meta-agosto\/\" \/>\n<meta property=\"og:locale\" content=\"fr_FR\" \/>\n<meta property=\"og:type\" content=\"article\" \/>\n<meta property=\"og:title\" content=\"Calici di Stelle luccica nella Cortina mondana di met\u00e0 agosto - Bellunopress - Dolomiti\" \/>\n<meta property=\"og:description\" content=\"Cortina d\u2019Ampezzo, 13 agosto 2023 &#8211; Per chi vuole gustare l\u2019impareggiabile scenario offerto dalle Dolomiti, Cortina d\u2019Ampezzo \u00e8 bella tutto l\u2019anno. Ma per respirare quel profumo di mondanit\u00e0 e seduzione che la caratterizza, un passaggio per Corso Italia occorre farlo in questi giorni di met\u00e0 agosto. E la manifestazione Calici di Stelle che ha avuto [&hellip;]\" \/>\n<meta property=\"og:url\" content=\"https:\/\/www.bellunopress.it\/fr\/2023\/08\/13\/calici-di-stelle-luccica-nella-cortina-mondana-di-meta-agosto\/\" \/>\n<meta property=\"og:site_name\" content=\"Bellunopress - Dolomiti\" \/>\n<meta property=\"article:publisher\" content=\"https:\/\/www.facebook.com\/profile.php?id=100008943462799\" \/>\n<meta property=\"article:published_time\" content=\"2023-08-13T04:09:23+00:00\" \/>\n<meta property=\"og:image\" content=\"https:\/\/www.bellunopress.it\/wp-content\/uploads\/2022\/07\/Calici-di-Stelle-Maria-Botter.jpg\" \/>\n\t<meta property=\"og:image:width\" content=\"765\" \/>\n\t<meta property=\"og:image:height\" content=\"1000\" \/>\n\t<meta property=\"og:image:type\" content=\"image\/jpeg\" \/>\n<meta name=\"author\" content=\"redazione\" \/>\n<meta name=\"twitter:card\" content=\"summary_large_image\" \/>\n<meta name=\"twitter:creator\" content=\"@bellunopress\" \/>\n<meta name=\"twitter:site\" content=\"@bellunopress\" \/>\n<meta name=\"twitter:label1\" content=\"\u00c9crit par\" \/>\n\t<meta name=\"twitter:data1\" content=\"redazione\" \/>\n\t<meta name=\"twitter:label2\" content=\"Dur\u00e9e de lecture estim\u00e9e\" \/>\n\t<meta name=\"twitter:data2\" content=\"1 minute\" \/>\n<script type=\"application\/ld+json\" class=\"yoast-schema-graph\">{\"@context\":\"https:\\\/\\\/schema.org\",\"@graph\":[{\"@type\":\"Article\",\"@id\":\"https:\\\/\\\/www.bellunopress.it\\\/2023\\\/08\\\/13\\\/calici-di-stelle-luccica-nella-cortina-mondana-di-meta-agosto\\\/#article\",\"isPartOf\":{\"@id\":\"https:\\\/\\\/www.bellunopress.it\\\/2023\\\/08\\\/13\\\/calici-di-stelle-luccica-nella-cortina-mondana-di-meta-agosto\\\/\"},\"author\":{\"name\":\"redazione\",\"@id\":\"https:\\\/\\\/www.bellunopress.it\\\/#\\\/schema\\\/person\\\/79bb06722b37ece1c03d3e94beb30d73\"},\"headline\":\"Calici di Stelle luccica nella Cortina mondana di met\u00e0 agosto\",\"datePublished\":\"2023-08-13T04:09:23+00:00\",\"mainEntityOfPage\":{\"@id\":\"https:\\\/\\\/www.bellunopress.it\\\/2023\\\/08\\\/13\\\/calici-di-stelle-luccica-nella-cortina-mondana-di-meta-agosto\\\/\"},\"wordCount\":232,\"publisher\":{\"@id\":\"https:\\\/\\\/www.bellunopress.it\\\/#organization\"},\"image\":{\"@id\":\"https:\\\/\\\/www.bellunopress.it\\\/2023\\\/08\\\/13\\\/calici-di-stelle-luccica-nella-cortina-mondana-di-meta-agosto\\\/#primaryimage\"},\"thumbnailUrl\":\"https:\\\/\\\/www.bellunopress.it\\\/wp-content\\\/uploads\\\/2022\\\/07\\\/Calici-di-Stelle-Maria-Botter.jpg\",\"articleSection\":[\"Cronaca\\\/Politica\",\"Lavoro, Economia, Turismo\",\"Prima Pagina\",\"Societ\u00e0, Associazioni, Istituzioni\"],\"inLanguage\":\"fr-FR\"},{\"@type\":\"WebPage\",\"@id\":\"https:\\\/\\\/www.bellunopress.it\\\/2023\\\/08\\\/13\\\/calici-di-stelle-luccica-nella-cortina-mondana-di-meta-agosto\\\/\",\"url\":\"https:\\\/\\\/www.bellunopress.it\\\/2023\\\/08\\\/13\\\/calici-di-stelle-luccica-nella-cortina-mondana-di-meta-agosto\\\/\",\"name\":\"Calici di Stelle luccica nella Cortina mondana di met\u00e0 agosto - Bellunopress - Dolomiti\",\"isPartOf\":{\"@id\":\"https:\\\/\\\/www.bellunopress.it\\\/#website\"},\"primaryImageOfPage\":{\"@id\":\"https:\\\/\\\/www.bellunopress.it\\\/2023\\\/08\\\/13\\\/calici-di-stelle-luccica-nella-cortina-mondana-di-meta-agosto\\\/#primaryimage\"},\"image\":{\"@id\":\"https:\\\/\\\/www.bellunopress.it\\\/2023\\\/08\\\/13\\\/calici-di-stelle-luccica-nella-cortina-mondana-di-meta-agosto\\\/#primaryimage\"},\"thumbnailUrl\":\"https:\\\/\\\/www.bellunopress.it\\\/wp-content\\\/uploads\\\/2022\\\/07\\\/Calici-di-Stelle-Maria-Botter.jpg\",\"datePublished\":\"2023-08-13T04:09:23+00:00\",\"breadcrumb\":{\"@id\":\"https:\\\/\\\/www.bellunopress.it\\\/2023\\\/08\\\/13\\\/calici-di-stelle-luccica-nella-cortina-mondana-di-meta-agosto\\\/#breadcrumb\"},\"inLanguage\":\"fr-FR\",\"potentialAction\":[{\"@type\":\"ReadAction\",\"target\":[\"https:\\\/\\\/www.bellunopress.it\\\/2023\\\/08\\\/13\\\/calici-di-stelle-luccica-nella-cortina-mondana-di-meta-agosto\\\/\"]}]},{\"@type\":\"ImageObject\",\"inLanguage\":\"fr-FR\",\"@id\":\"https:\\\/\\\/www.bellunopress.it\\\/2023\\\/08\\\/13\\\/calici-di-stelle-luccica-nella-cortina-mondana-di-meta-agosto\\\/#primaryimage\",\"url\":\"https:\\\/\\\/www.bellunopress.it\\\/wp-content\\\/uploads\\\/2022\\\/07\\\/Calici-di-Stelle-Maria-Botter.jpg\",\"contentUrl\":\"https:\\\/\\\/www.bellunopress.it\\\/wp-content\\\/uploads\\\/2022\\\/07\\\/Calici-di-Stelle-Maria-Botter.jpg\",\"width\":765,\"height\":1000,\"caption\":\"Maria Botter, organizzatrice dell'evento\"},{\"@type\":\"BreadcrumbList\",\"@id\":\"https:\\\/\\\/www.bellunopress.it\\\/2023\\\/08\\\/13\\\/calici-di-stelle-luccica-nella-cortina-mondana-di-meta-agosto\\\/#breadcrumb\",\"itemListElement\":[{\"@type\":\"ListItem\",\"position\":1,\"name\":\"Home\",\"item\":\"https:\\\/\\\/www.bellunopress.it\\\/\"},{\"@type\":\"ListItem\",\"position\":2,\"name\":\"Calici di Stelle luccica nella Cortina mondana di met\u00e0 agosto\"}]},{\"@type\":\"WebSite\",\"@id\":\"https:\\\/\\\/www.bellunopress.it\\\/#website\",\"url\":\"https:\\\/\\\/www.bellunopress.it\\\/\",\"name\":\"Bellunopress - Dolomiti\",\"description\":\"e-mail: redazione@bellunopress.it\",\"publisher\":{\"@id\":\"https:\\\/\\\/www.bellunopress.it\\\/#organization\"},\"potentialAction\":[{\"@type\":\"SearchAction\",\"target\":{\"@type\":\"EntryPoint\",\"urlTemplate\":\"https:\\\/\\\/www.bellunopress.it\\\/?s={search_term_string}\"},\"query-input\":{\"@type\":\"PropertyValueSpecification\",\"valueRequired\":true,\"valueName\":\"search_term_string\"}}],\"inLanguage\":\"fr-FR\"},{\"@type\":\"Organization\",\"@id\":\"https:\\\/\\\/www.bellunopress.it\\\/#organization\",\"name\":\"Bellunopress\",\"url\":\"https:\\\/\\\/www.bellunopress.it\\\/\",\"logo\":{\"@type\":\"ImageObject\",\"inLanguage\":\"fr-FR\",\"@id\":\"https:\\\/\\\/www.bellunopress.it\\\/#\\\/schema\\\/logo\\\/image\\\/\",\"url\":\"https:\\\/\\\/www.bellunopress.it\\\/wp-content\\\/uploads\\\/2011\\\/05\\\/cropped-logo-bellunopress-.jpg\",\"contentUrl\":\"https:\\\/\\\/www.bellunopress.it\\\/wp-content\\\/uploads\\\/2011\\\/05\\\/cropped-logo-bellunopress-.jpg\",\"width\":512,\"height\":512,\"caption\":\"Bellunopress\"},\"image\":{\"@id\":\"https:\\\/\\\/www.bellunopress.it\\\/#\\\/schema\\\/logo\\\/image\\\/\"},\"sameAs\":[\"https:\\\/\\\/www.facebook.com\\\/profile.php?id=100008943462799\",\"https:\\\/\\\/x.com\\\/bellunopress\",\"https:\\\/\\\/www.linkedin.com\\\/hp\\\/?dnr=JBzUWaJfMUw8vbXJJ2tVW5-I3jZKvC4wsoxE&amp;amp;amp;amp;amp;amp;trk=nav_responsive_tab_home\",\"https:\\\/\\\/www.youtube.com\\\/channel\\\/UCxL0wu1uN0_3_7hGG0306cw\"]},{\"@type\":\"Person\",\"@id\":\"https:\\\/\\\/www.bellunopress.it\\\/#\\\/schema\\\/person\\\/79bb06722b37ece1c03d3e94beb30d73\",\"name\":\"redazione\",\"image\":{\"@type\":\"ImageObject\",\"inLanguage\":\"fr-FR\",\"@id\":\"https:\\\/\\\/secure.gravatar.com\\\/avatar\\\/37d968a2e67a6fd04c169c4bdef102d0bc5d31b2546345219e348575eb80e9a0?s=96&d=mm&r=g\",\"url\":\"https:\\\/\\\/secure.gravatar.com\\\/avatar\\\/37d968a2e67a6fd04c169c4bdef102d0bc5d31b2546345219e348575eb80e9a0?s=96&d=mm&r=g\",\"contentUrl\":\"https:\\\/\\\/secure.gravatar.com\\\/avatar\\\/37d968a2e67a6fd04c169c4bdef102d0bc5d31b2546345219e348575eb80e9a0?s=96&d=mm&r=g\",\"caption\":\"redazione\"},\"sameAs\":[\"http:\\\/\\\/www.bellunopress.it\",\"https:\\\/\\\/x.com\\\/bellunopress\"],\"url\":\"https:\\\/\\\/www.bellunopress.it\\\/fr\\\/author\\\/redazione\\\/\"}]}<\/script>\n<!-- \/ Yoast SEO plugin. -->","yoast_head_json":{"title":"Calici di Stelle luccica nella Cortina mondana di met\u00e0 agosto - Bellunopress - Dolomiti","robots":{"index":"index","follow":"follow","max-snippet":"max-snippet:-1","max-image-preview":"max-image-preview:large","max-video-preview":"max-video-preview:-1"},"canonical":"https:\/\/www.bellunopress.it\/fr\/2023\/08\/13\/calici-di-stelle-luccica-nella-cortina-mondana-di-meta-agosto\/","og_locale":"fr_FR","og_type":"article","og_title":"Calici di Stelle luccica nella Cortina mondana di met\u00e0 agosto - Bellunopress - Dolomiti","og_description":"Cortina d\u2019Ampezzo, 13 agosto 2023 &#8211; Per chi vuole gustare l\u2019impareggiabile scenario offerto dalle Dolomiti, Cortina d\u2019Ampezzo \u00e8 bella tutto l\u2019anno. Ma per respirare quel profumo di mondanit\u00e0 e seduzione che la caratterizza, un passaggio per Corso Italia occorre farlo in questi giorni di met\u00e0 agosto. E la manifestazione Calici di Stelle che ha avuto [&hellip;]","og_url":"https:\/\/www.bellunopress.it\/fr\/2023\/08\/13\/calici-di-stelle-luccica-nella-cortina-mondana-di-meta-agosto\/","og_site_name":"Bellunopress - Dolomiti","article_publisher":"https:\/\/www.facebook.com\/profile.php?id=100008943462799","article_published_time":"2023-08-13T04:09:23+00:00","og_image":[{"width":765,"height":1000,"url":"https:\/\/www.bellunopress.it\/wp-content\/uploads\/2022\/07\/Calici-di-Stelle-Maria-Botter.jpg","type":"image\/jpeg"}],"author":"redazione","twitter_card":"summary_large_image","twitter_creator":"@bellunopress","twitter_site":"@bellunopress","twitter_misc":{"\u00c9crit par":"redazione","Dur\u00e9e de lecture estim\u00e9e":"1 minute"},"schema":{"@context":"https:\/\/schema.org","@graph":[{"@type":"Article","@id":"https:\/\/www.bellunopress.it\/2023\/08\/13\/calici-di-stelle-luccica-nella-cortina-mondana-di-meta-agosto\/#article","isPartOf":{"@id":"https:\/\/www.bellunopress.it\/2023\/08\/13\/calici-di-stelle-luccica-nella-cortina-mondana-di-meta-agosto\/"},"author":{"name":"redazione","@id":"https:\/\/www.bellunopress.it\/#\/schema\/person\/79bb06722b37ece1c03d3e94beb30d73"},"headline":"Calici di Stelle luccica nella Cortina mondana di met\u00e0 agosto","datePublished":"2023-08-13T04:09:23+00:00","mainEntityOfPage":{"@id":"https:\/\/www.bellunopress.it\/2023\/08\/13\/calici-di-stelle-luccica-nella-cortina-mondana-di-meta-agosto\/"},"wordCount":232,"publisher":{"@id":"https:\/\/www.bellunopress.it\/#organization"},"image":{"@id":"https:\/\/www.bellunopress.it\/2023\/08\/13\/calici-di-stelle-luccica-nella-cortina-mondana-di-meta-agosto\/#primaryimage"},"thumbnailUrl":"https:\/\/www.bellunopress.it\/wp-content\/uploads\/2022\/07\/Calici-di-Stelle-Maria-Botter.jpg","articleSection":["Cronaca\/Politica","Lavoro, Economia, Turismo","Prima Pagina","Societ\u00e0, Associazioni, Istituzioni"],"inLanguage":"fr-FR"},{"@type":"WebPage","@id":"https:\/\/www.bellunopress.it\/2023\/08\/13\/calici-di-stelle-luccica-nella-cortina-mondana-di-meta-agosto\/","url":"https:\/\/www.bellunopress.it\/2023\/08\/13\/calici-di-stelle-luccica-nella-cortina-mondana-di-meta-agosto\/","name":"Calici di Stelle luccica nella Cortina mondana di met\u00e0 agosto - Bellunopress - Dolomiti","isPartOf":{"@id":"https:\/\/www.bellunopress.it\/#website"},"primaryImageOfPage":{"@id":"https:\/\/www.bellunopress.it\/2023\/08\/13\/calici-di-stelle-luccica-nella-cortina-mondana-di-meta-agosto\/#primaryimage"},"image":{"@id":"https:\/\/www.bellunopress.it\/2023\/08\/13\/calici-di-stelle-luccica-nella-cortina-mondana-di-meta-agosto\/#primaryimage"},"thumbnailUrl":"https:\/\/www.bellunopress.it\/wp-content\/uploads\/2022\/07\/Calici-di-Stelle-Maria-Botter.jpg","datePublished":"2023-08-13T04:09:23+00:00","breadcrumb":{"@id":"https:\/\/www.bellunopress.it\/2023\/08\/13\/calici-di-stelle-luccica-nella-cortina-mondana-di-meta-agosto\/#breadcrumb"},"inLanguage":"fr-FR","potentialAction":[{"@type":"ReadAction","target":["https:\/\/www.bellunopress.it\/2023\/08\/13\/calici-di-stelle-luccica-nella-cortina-mondana-di-meta-agosto\/"]}]},{"@type":"ImageObject","inLanguage":"fr-FR","@id":"https:\/\/www.bellunopress.it\/2023\/08\/13\/calici-di-stelle-luccica-nella-cortina-mondana-di-meta-agosto\/#primaryimage","url":"https:\/\/www.bellunopress.it\/wp-content\/uploads\/2022\/07\/Calici-di-Stelle-Maria-Botter.jpg","contentUrl":"https:\/\/www.bellunopress.it\/wp-content\/uploads\/2022\/07\/Calici-di-Stelle-Maria-Botter.jpg","width":765,"height":1000,"caption":"Maria Botter, organizzatrice dell'evento"},{"@type":"BreadcrumbList","@id":"https:\/\/www.bellunopress.it\/2023\/08\/13\/calici-di-stelle-luccica-nella-cortina-mondana-di-meta-agosto\/#breadcrumb","itemListElement":[{"@type":"ListItem","position":1,"name":"Home","item":"https:\/\/www.bellunopress.it\/"},{"@type":"ListItem","position":2,"name":"Calici di Stelle luccica nella Cortina mondana di met\u00e0 agosto"}]},{"@type":"WebSite","@id":"https:\/\/www.bellunopress.it\/#website","url":"https:\/\/www.bellunopress.it\/","name":"Bellunopress - Dolomiti","description":"e-mail: redazione@bellunopress.it","publisher":{"@id":"https:\/\/www.bellunopress.it\/#organization"},"potentialAction":[{"@type":"SearchAction","target":{"@type":"EntryPoint","urlTemplate":"https:\/\/www.bellunopress.it\/?s={search_term_string}"},"query-input":{"@type":"PropertyValueSpecification","valueRequired":true,"valueName":"search_term_string"}}],"inLanguage":"fr-FR"},{"@type":"Organization","@id":"https:\/\/www.bellunopress.it\/#organization","name":"Bellunopress","url":"https:\/\/www.bellunopress.it\/","logo":{"@type":"ImageObject","inLanguage":"fr-FR","@id":"https:\/\/www.bellunopress.it\/#\/schema\/logo\/image\/","url":"https:\/\/www.bellunopress.it\/wp-content\/uploads\/2011\/05\/cropped-logo-bellunopress-.jpg","contentUrl":"https:\/\/www.bellunopress.it\/wp-content\/uploads\/2011\/05\/cropped-logo-bellunopress-.jpg","width":512,"height":512,"caption":"Bellunopress"},"image":{"@id":"https:\/\/www.bellunopress.it\/#\/schema\/logo\/image\/"},"sameAs":["https:\/\/www.facebook.com\/profile.php?id=100008943462799","https:\/\/x.com\/bellunopress","https:\/\/www.linkedin.com\/hp\/?dnr=JBzUWaJfMUw8vbXJJ2tVW5-I3jZKvC4wsoxE&amp;amp;amp;amp;amp;amp;trk=nav_responsive_tab_home","https:\/\/www.youtube.com\/channel\/UCxL0wu1uN0_3_7hGG0306cw"]},{"@type":"Person","@id":"https:\/\/www.bellunopress.it\/#\/schema\/person\/79bb06722b37ece1c03d3e94beb30d73","name":"r\u00e9daction","image":{"@type":"ImageObject","inLanguage":"fr-FR","@id":"https:\/\/secure.gravatar.com\/avatar\/37d968a2e67a6fd04c169c4bdef102d0bc5d31b2546345219e348575eb80e9a0?s=96&d=mm&r=g","url":"https:\/\/secure.gravatar.com\/avatar\/37d968a2e67a6fd04c169c4bdef102d0bc5d31b2546345219e348575eb80e9a0?s=96&d=mm&r=g","contentUrl":"https:\/\/secure.gravatar.com\/avatar\/37d968a2e67a6fd04c169c4bdef102d0bc5d31b2546345219e348575eb80e9a0?s=96&d=mm&r=g","caption":"redazione"},"sameAs":["http:\/\/www.bellunopress.it","https:\/\/x.com\/bellunopress"],"url":"https:\/\/www.bellunopress.it\/fr\/author\/redazione\/"}]}},"_links":{"self":[{"href":"https:\/\/www.bellunopress.it\/fr\/wp-json\/wp\/v2\/posts\/143436","targetHints":{"allow":["GET"]}}],"collection":[{"href":"https:\/\/www.bellunopress.it\/fr\/wp-json\/wp\/v2\/posts"}],"about":[{"href":"https:\/\/www.bellunopress.it\/fr\/wp-json\/wp\/v2\/types\/post"}],"author":[{"embeddable":true,"href":"https:\/\/www.bellunopress.it\/fr\/wp-json\/wp\/v2\/users\/2"}],"replies":[{"embeddable":true,"href":"https:\/\/www.bellunopress.it\/fr\/wp-json\/wp\/v2\/comments?post=143436"}],"version-history":[{"count":1,"href":"https:\/\/www.bellunopress.it\/fr\/wp-json\/wp\/v2\/posts\/143436\/revisions"}],"predecessor-version":[{"id":143439,"href":"https:\/\/www.bellunopress.it\/fr\/wp-json\/wp\/v2\/posts\/143436\/revisions\/143439"}],"wp:featuredmedia":[{"embeddable":true,"href":"https:\/\/www.bellunopress.it\/fr\/wp-json\/wp\/v2\/media\/135092"}],"wp:attachment":[{"href":"https:\/\/www.bellunopress.it\/fr\/wp-json\/wp\/v2\/media?parent=143436"}],"wp:term":[{"taxonomy":"category","embeddable":true,"href":"https:\/\/www.bellunopress.it\/fr\/wp-json\/wp\/v2\/categories?post=143436"},{"taxonomy":"post_tag","embeddable":true,"href":"https:\/\/www.bellunopress.it\/fr\/wp-json\/wp\/v2\/tags?post=143436"}],"curies":[{"name":"wp","href":"https:\/\/api.w.org\/{rel}","templated":true}]}}