{"id":143434,"date":"2023-08-12T22:03:19","date_gmt":"2023-08-12T20:03:19","guid":{"rendered":"https:\/\/www.bellunopress.it\/?p=143434"},"modified":"2023-08-12T22:03:19","modified_gmt":"2023-08-12T20:03:19","slug":"unisono-jazz-club-feltre-gran-concerto-di-ferragosto-con-chiara-luppi-in-omaggio-a-tina-turner","status":"publish","type":"post","link":"https:\/\/www.bellunopress.it\/fr\/2023\/08\/12\/unisono-jazz-club-feltre-gran-concerto-di-ferragosto-con-chiara-luppi-in-omaggio-a-tina-turner\/","title":{"rendered":"Unisono Jazz Club Feltre. Gran concerto di Ferragosto con Chiara Luppi, in omaggio a Tina Turner"},"content":{"rendered":"<p><img loading=\"lazy\" decoding=\"async\" class=\"alignleft size-full wp-image-96747\" src=\"https:\/\/www.bellunopress.it\/wp-content\/uploads\/2018\/07\/Chiara-Luppi.jpg\" alt=\"\" width=\"288\" height=\"290\" \/>Gran concerto di Ferragosto dell\u2019Unisono Jazz club di Feltre: quest\u2019anno sar\u00e0 un omaggio a Tina Turner. Sul palco, come da tradizione, la formazione composta da due big della musica pop e jazz italiana, Davide Pezzin bassista di Ligabue e Cristiano De Andre e Maxx Furian gi\u00e0 bassista per Battiato, Laura Pausini e altri. Accanto a loro, al piano, il giovane talento bellunese Leo Dalla Cort, gi\u00e0 vincitore del Premio Unisono Music Ambassador 2021. La formazione quest\u2019anno accompagner\u00e0 la cantante Chiara Luppi, una delle voci soul pi\u00f9 belle del momento, in una performance interamente dedicata alla grande Tina Turner, recentemente scomparsa.<\/p>\n<p>Apriranno il concerto Cristina e Valerio Bonan, vincitori del Premio Unisono Music Ambassador 2022. I due fratelli proporranno un paio di brani propri e l\u2019esibizione sar\u00e0 registrata dal vivo diventando una demo che sar\u00e0 utile ai due giovani musicisti per la loro carriera.<\/p>\n<p>\u201cAnche quest\u2019anno il Gran concerto di Ferragosto promette di essere uno spettacolo di altissimo livello, con musicisti di grande fama che stanno richiamando da settimane un pubblico proveniente da tutto il Veneto \u2013 spiega il titolare di Unisono e direttore artistico, Nicol\u00f2 Ferrari Bravo -. Alla qualit\u00e0 artistica del concerto si unisce il suo profondo valore educativo e di esperienza, per i giovani musicisti coinvolti che hanno in questo modo l\u2019occasione per misurarsi e suonare sul palco con artisti di fama. Parlo dei nostri Leo Dalla Cort, Cristina e Valerio Bonan ai quali \u00e8 andato il premio speciale della nostra scuola come incoraggiamento a proseguire la carriera artistica e gli studi musicali. Un ringraziamento speciale a Unifarco che da anni crede in questa iniziativa e la sostiene\u201d.<\/p>\n<p>Inizio concerto ore 21.30. Lo spettacolo si svolger\u00e0 nella corte esterna di Palazzo Guarnieri, in caso di pioggia sar\u00e0 spostato al salone nobile al secondo piano del Palazzo.<br \/>\nBiglietto 20 euro.<br \/>\nPossibilit\u00e0 di cenare, prima o dopo lo spettacolo, nel locale di Unisono.<br \/>\nPer informazioni e prenotazioni: 388.7884850<\/p>\n<p>&nbsp;<\/p>","protected":false},"excerpt":{"rendered":"<p>Gran concerto di Ferragosto dell\u2019Unisono Jazz club di Feltre: quest\u2019anno sar\u00e0 un omaggio a Tina Turner. Sul palco, come da tradizione, la formazione composta da due big della musica pop e jazz italiana, Davide Pezzin bassista di Ligabue e Cristiano De Andre e Maxx Furian gi\u00e0 bassista per Battiato, Laura Pausini e altri. Accanto a [&hellip;]<\/p>\n","protected":false},"author":2,"featured_media":133083,"comment_status":"closed","ping_status":"open","sticky":false,"template":"","format":"standard","meta":{"footnotes":""},"categories":[27],"tags":[],"class_list":["post-143434","post","type-post","status-publish","format-standard","has-post-thumbnail","category-appuntamenti"],"yoast_head":"<!-- This site is optimized with the Yoast SEO plugin v28.4 - https:\/\/yoast.com\/product\/yoast-seo-wordpress\/ -->\n<title>Unisono Jazz Club Feltre. Gran concerto di Ferragosto con Chiara Luppi, in omaggio a Tina Turner - Bellunopress - Dolomiti<\/title>\n<meta name=\"robots\" content=\"index, follow, max-snippet:-1, max-image-preview:large, max-video-preview:-1\" \/>\n<link rel=\"canonical\" href=\"https:\/\/www.bellunopress.it\/fr\/2023\/08\/12\/unisono-jazz-club-feltre-gran-concerto-di-ferragosto-con-chiara-luppi-in-omaggio-a-tina-turner\/\" \/>\n<meta property=\"og:locale\" content=\"fr_FR\" \/>\n<meta property=\"og:type\" content=\"article\" \/>\n<meta property=\"og:title\" content=\"Unisono Jazz Club Feltre. Gran concerto di Ferragosto con Chiara Luppi, in omaggio a Tina Turner - Bellunopress - Dolomiti\" \/>\n<meta property=\"og:description\" content=\"Gran concerto di Ferragosto dell\u2019Unisono Jazz club di Feltre: quest\u2019anno sar\u00e0 un omaggio a Tina Turner. Sul palco, come da tradizione, la formazione composta da due big della musica pop e jazz italiana, Davide Pezzin bassista di Ligabue e Cristiano De Andre e Maxx Furian gi\u00e0 bassista per Battiato, Laura Pausini e altri. Accanto a [&hellip;]\" \/>\n<meta property=\"og:url\" content=\"https:\/\/www.bellunopress.it\/fr\/2023\/08\/12\/unisono-jazz-club-feltre-gran-concerto-di-ferragosto-con-chiara-luppi-in-omaggio-a-tina-turner\/\" \/>\n<meta property=\"og:site_name\" content=\"Bellunopress - Dolomiti\" \/>\n<meta property=\"article:publisher\" content=\"https:\/\/www.facebook.com\/profile.php?id=100008943462799\" \/>\n<meta property=\"article:published_time\" content=\"2023-08-12T20:03:19+00:00\" \/>\n<meta property=\"og:image\" content=\"https:\/\/www.bellunopress.it\/wp-content\/uploads\/2022\/04\/unisono-jazz-cafe_edited.jpg\" \/>\n\t<meta property=\"og:image:width\" content=\"1000\" \/>\n\t<meta property=\"og:image:height\" content=\"667\" \/>\n\t<meta property=\"og:image:type\" content=\"image\/jpeg\" \/>\n<meta name=\"author\" content=\"redazione\" \/>\n<meta name=\"twitter:card\" content=\"summary_large_image\" \/>\n<meta name=\"twitter:creator\" content=\"@bellunopress\" \/>\n<meta name=\"twitter:site\" content=\"@bellunopress\" \/>\n<meta name=\"twitter:label1\" content=\"\u00c9crit par\" \/>\n\t<meta name=\"twitter:data1\" content=\"redazione\" \/>\n\t<meta name=\"twitter:label2\" content=\"Dur\u00e9e de lecture estim\u00e9e\" \/>\n\t<meta name=\"twitter:data2\" content=\"2 minutes\" \/>\n<script type=\"application\/ld+json\" class=\"yoast-schema-graph\">{\"@context\":\"https:\\\/\\\/schema.org\",\"@graph\":[{\"@type\":\"Article\",\"@id\":\"https:\\\/\\\/www.bellunopress.it\\\/2023\\\/08\\\/12\\\/unisono-jazz-club-feltre-gran-concerto-di-ferragosto-con-chiara-luppi-in-omaggio-a-tina-turner\\\/#article\",\"isPartOf\":{\"@id\":\"https:\\\/\\\/www.bellunopress.it\\\/2023\\\/08\\\/12\\\/unisono-jazz-club-feltre-gran-concerto-di-ferragosto-con-chiara-luppi-in-omaggio-a-tina-turner\\\/\"},\"author\":{\"name\":\"redazione\",\"@id\":\"https:\\\/\\\/www.bellunopress.it\\\/#\\\/schema\\\/person\\\/79bb06722b37ece1c03d3e94beb30d73\"},\"headline\":\"Unisono Jazz Club Feltre. Gran concerto di Ferragosto con Chiara Luppi, in omaggio a Tina Turner\",\"datePublished\":\"2023-08-12T20:03:19+00:00\",\"mainEntityOfPage\":{\"@id\":\"https:\\\/\\\/www.bellunopress.it\\\/2023\\\/08\\\/12\\\/unisono-jazz-club-feltre-gran-concerto-di-ferragosto-con-chiara-luppi-in-omaggio-a-tina-turner\\\/\"},\"wordCount\":334,\"publisher\":{\"@id\":\"https:\\\/\\\/www.bellunopress.it\\\/#organization\"},\"image\":{\"@id\":\"https:\\\/\\\/www.bellunopress.it\\\/2023\\\/08\\\/12\\\/unisono-jazz-club-feltre-gran-concerto-di-ferragosto-con-chiara-luppi-in-omaggio-a-tina-turner\\\/#primaryimage\"},\"thumbnailUrl\":\"https:\\\/\\\/www.bellunopress.it\\\/wp-content\\\/uploads\\\/2022\\\/04\\\/unisono-jazz-cafe_edited.jpg\",\"articleSection\":[\"Appuntamenti, Eventi\"],\"inLanguage\":\"fr-FR\"},{\"@type\":\"WebPage\",\"@id\":\"https:\\\/\\\/www.bellunopress.it\\\/2023\\\/08\\\/12\\\/unisono-jazz-club-feltre-gran-concerto-di-ferragosto-con-chiara-luppi-in-omaggio-a-tina-turner\\\/\",\"url\":\"https:\\\/\\\/www.bellunopress.it\\\/2023\\\/08\\\/12\\\/unisono-jazz-club-feltre-gran-concerto-di-ferragosto-con-chiara-luppi-in-omaggio-a-tina-turner\\\/\",\"name\":\"Unisono Jazz Club Feltre. Gran concerto di Ferragosto con Chiara Luppi, in omaggio a Tina Turner - Bellunopress - Dolomiti\",\"isPartOf\":{\"@id\":\"https:\\\/\\\/www.bellunopress.it\\\/#website\"},\"primaryImageOfPage\":{\"@id\":\"https:\\\/\\\/www.bellunopress.it\\\/2023\\\/08\\\/12\\\/unisono-jazz-club-feltre-gran-concerto-di-ferragosto-con-chiara-luppi-in-omaggio-a-tina-turner\\\/#primaryimage\"},\"image\":{\"@id\":\"https:\\\/\\\/www.bellunopress.it\\\/2023\\\/08\\\/12\\\/unisono-jazz-club-feltre-gran-concerto-di-ferragosto-con-chiara-luppi-in-omaggio-a-tina-turner\\\/#primaryimage\"},\"thumbnailUrl\":\"https:\\\/\\\/www.bellunopress.it\\\/wp-content\\\/uploads\\\/2022\\\/04\\\/unisono-jazz-cafe_edited.jpg\",\"datePublished\":\"2023-08-12T20:03:19+00:00\",\"breadcrumb\":{\"@id\":\"https:\\\/\\\/www.bellunopress.it\\\/2023\\\/08\\\/12\\\/unisono-jazz-club-feltre-gran-concerto-di-ferragosto-con-chiara-luppi-in-omaggio-a-tina-turner\\\/#breadcrumb\"},\"inLanguage\":\"fr-FR\",\"potentialAction\":[{\"@type\":\"ReadAction\",\"target\":[\"https:\\\/\\\/www.bellunopress.it\\\/2023\\\/08\\\/12\\\/unisono-jazz-club-feltre-gran-concerto-di-ferragosto-con-chiara-luppi-in-omaggio-a-tina-turner\\\/\"]}]},{\"@type\":\"ImageObject\",\"inLanguage\":\"fr-FR\",\"@id\":\"https:\\\/\\\/www.bellunopress.it\\\/2023\\\/08\\\/12\\\/unisono-jazz-club-feltre-gran-concerto-di-ferragosto-con-chiara-luppi-in-omaggio-a-tina-turner\\\/#primaryimage\",\"url\":\"https:\\\/\\\/www.bellunopress.it\\\/wp-content\\\/uploads\\\/2022\\\/04\\\/unisono-jazz-cafe_edited.jpg\",\"contentUrl\":\"https:\\\/\\\/www.bellunopress.it\\\/wp-content\\\/uploads\\\/2022\\\/04\\\/unisono-jazz-cafe_edited.jpg\",\"width\":1000,\"height\":667,\"caption\":\"Unisono Jazz Caf\u00e8 - Feltre\"},{\"@type\":\"BreadcrumbList\",\"@id\":\"https:\\\/\\\/www.bellunopress.it\\\/2023\\\/08\\\/12\\\/unisono-jazz-club-feltre-gran-concerto-di-ferragosto-con-chiara-luppi-in-omaggio-a-tina-turner\\\/#breadcrumb\",\"itemListElement\":[{\"@type\":\"ListItem\",\"position\":1,\"name\":\"Home\",\"item\":\"https:\\\/\\\/www.bellunopress.it\\\/\"},{\"@type\":\"ListItem\",\"position\":2,\"name\":\"Unisono Jazz Club Feltre. Gran concerto di Ferragosto con Chiara Luppi, in omaggio a Tina Turner\"}]},{\"@type\":\"WebSite\",\"@id\":\"https:\\\/\\\/www.bellunopress.it\\\/#website\",\"url\":\"https:\\\/\\\/www.bellunopress.it\\\/\",\"name\":\"Bellunopress - Dolomiti\",\"description\":\"e-mail: redazione@bellunopress.it\",\"publisher\":{\"@id\":\"https:\\\/\\\/www.bellunopress.it\\\/#organization\"},\"potentialAction\":[{\"@type\":\"SearchAction\",\"target\":{\"@type\":\"EntryPoint\",\"urlTemplate\":\"https:\\\/\\\/www.bellunopress.it\\\/?s={search_term_string}\"},\"query-input\":{\"@type\":\"PropertyValueSpecification\",\"valueRequired\":true,\"valueName\":\"search_term_string\"}}],\"inLanguage\":\"fr-FR\"},{\"@type\":\"Organization\",\"@id\":\"https:\\\/\\\/www.bellunopress.it\\\/#organization\",\"name\":\"Bellunopress\",\"url\":\"https:\\\/\\\/www.bellunopress.it\\\/\",\"logo\":{\"@type\":\"ImageObject\",\"inLanguage\":\"fr-FR\",\"@id\":\"https:\\\/\\\/www.bellunopress.it\\\/#\\\/schema\\\/logo\\\/image\\\/\",\"url\":\"https:\\\/\\\/www.bellunopress.it\\\/wp-content\\\/uploads\\\/2011\\\/05\\\/cropped-logo-bellunopress-.jpg\",\"contentUrl\":\"https:\\\/\\\/www.bellunopress.it\\\/wp-content\\\/uploads\\\/2011\\\/05\\\/cropped-logo-bellunopress-.jpg\",\"width\":512,\"height\":512,\"caption\":\"Bellunopress\"},\"image\":{\"@id\":\"https:\\\/\\\/www.bellunopress.it\\\/#\\\/schema\\\/logo\\\/image\\\/\"},\"sameAs\":[\"https:\\\/\\\/www.facebook.com\\\/profile.php?id=100008943462799\",\"https:\\\/\\\/x.com\\\/bellunopress\",\"https:\\\/\\\/www.linkedin.com\\\/hp\\\/?dnr=JBzUWaJfMUw8vbXJJ2tVW5-I3jZKvC4wsoxE&amp;amp;amp;amp;amp;amp;trk=nav_responsive_tab_home\",\"https:\\\/\\\/www.youtube.com\\\/channel\\\/UCxL0wu1uN0_3_7hGG0306cw\"]},{\"@type\":\"Person\",\"@id\":\"https:\\\/\\\/www.bellunopress.it\\\/#\\\/schema\\\/person\\\/79bb06722b37ece1c03d3e94beb30d73\",\"name\":\"redazione\",\"image\":{\"@type\":\"ImageObject\",\"inLanguage\":\"fr-FR\",\"@id\":\"https:\\\/\\\/secure.gravatar.com\\\/avatar\\\/37d968a2e67a6fd04c169c4bdef102d0bc5d31b2546345219e348575eb80e9a0?s=96&d=mm&r=g\",\"url\":\"https:\\\/\\\/secure.gravatar.com\\\/avatar\\\/37d968a2e67a6fd04c169c4bdef102d0bc5d31b2546345219e348575eb80e9a0?s=96&d=mm&r=g\",\"contentUrl\":\"https:\\\/\\\/secure.gravatar.com\\\/avatar\\\/37d968a2e67a6fd04c169c4bdef102d0bc5d31b2546345219e348575eb80e9a0?s=96&d=mm&r=g\",\"caption\":\"redazione\"},\"sameAs\":[\"http:\\\/\\\/www.bellunopress.it\",\"https:\\\/\\\/x.com\\\/bellunopress\"],\"url\":\"https:\\\/\\\/www.bellunopress.it\\\/fr\\\/author\\\/redazione\\\/\"}]}<\/script>\n<!-- \/ Yoast SEO plugin. -->","yoast_head_json":{"title":"Unisono Jazz Club Feltre. Gran concerto di Ferragosto con Chiara Luppi, in omaggio a Tina Turner - Bellunopress - Dolomiti","robots":{"index":"index","follow":"follow","max-snippet":"max-snippet:-1","max-image-preview":"max-image-preview:large","max-video-preview":"max-video-preview:-1"},"canonical":"https:\/\/www.bellunopress.it\/fr\/2023\/08\/12\/unisono-jazz-club-feltre-gran-concerto-di-ferragosto-con-chiara-luppi-in-omaggio-a-tina-turner\/","og_locale":"fr_FR","og_type":"article","og_title":"Unisono Jazz Club Feltre. Gran concerto di Ferragosto con Chiara Luppi, in omaggio a Tina Turner - Bellunopress - Dolomiti","og_description":"Gran concerto di Ferragosto dell\u2019Unisono Jazz club di Feltre: quest\u2019anno sar\u00e0 un omaggio a Tina Turner. Sul palco, come da tradizione, la formazione composta da due big della musica pop e jazz italiana, Davide Pezzin bassista di Ligabue e Cristiano De Andre e Maxx Furian gi\u00e0 bassista per Battiato, Laura Pausini e altri. Accanto a [&hellip;]","og_url":"https:\/\/www.bellunopress.it\/fr\/2023\/08\/12\/unisono-jazz-club-feltre-gran-concerto-di-ferragosto-con-chiara-luppi-in-omaggio-a-tina-turner\/","og_site_name":"Bellunopress - Dolomiti","article_publisher":"https:\/\/www.facebook.com\/profile.php?id=100008943462799","article_published_time":"2023-08-12T20:03:19+00:00","og_image":[{"width":1000,"height":667,"url":"https:\/\/www.bellunopress.it\/wp-content\/uploads\/2022\/04\/unisono-jazz-cafe_edited.jpg","type":"image\/jpeg"}],"author":"redazione","twitter_card":"summary_large_image","twitter_creator":"@bellunopress","twitter_site":"@bellunopress","twitter_misc":{"\u00c9crit par":"redazione","Dur\u00e9e de lecture estim\u00e9e":"2 minutes"},"schema":{"@context":"https:\/\/schema.org","@graph":[{"@type":"Article","@id":"https:\/\/www.bellunopress.it\/2023\/08\/12\/unisono-jazz-club-feltre-gran-concerto-di-ferragosto-con-chiara-luppi-in-omaggio-a-tina-turner\/#article","isPartOf":{"@id":"https:\/\/www.bellunopress.it\/2023\/08\/12\/unisono-jazz-club-feltre-gran-concerto-di-ferragosto-con-chiara-luppi-in-omaggio-a-tina-turner\/"},"author":{"name":"redazione","@id":"https:\/\/www.bellunopress.it\/#\/schema\/person\/79bb06722b37ece1c03d3e94beb30d73"},"headline":"Unisono Jazz Club Feltre. Gran concerto di Ferragosto con Chiara Luppi, in omaggio a Tina Turner","datePublished":"2023-08-12T20:03:19+00:00","mainEntityOfPage":{"@id":"https:\/\/www.bellunopress.it\/2023\/08\/12\/unisono-jazz-club-feltre-gran-concerto-di-ferragosto-con-chiara-luppi-in-omaggio-a-tina-turner\/"},"wordCount":334,"publisher":{"@id":"https:\/\/www.bellunopress.it\/#organization"},"image":{"@id":"https:\/\/www.bellunopress.it\/2023\/08\/12\/unisono-jazz-club-feltre-gran-concerto-di-ferragosto-con-chiara-luppi-in-omaggio-a-tina-turner\/#primaryimage"},"thumbnailUrl":"https:\/\/www.bellunopress.it\/wp-content\/uploads\/2022\/04\/unisono-jazz-cafe_edited.jpg","articleSection":["Appuntamenti, Eventi"],"inLanguage":"fr-FR"},{"@type":"WebPage","@id":"https:\/\/www.bellunopress.it\/2023\/08\/12\/unisono-jazz-club-feltre-gran-concerto-di-ferragosto-con-chiara-luppi-in-omaggio-a-tina-turner\/","url":"https:\/\/www.bellunopress.it\/2023\/08\/12\/unisono-jazz-club-feltre-gran-concerto-di-ferragosto-con-chiara-luppi-in-omaggio-a-tina-turner\/","name":"Unisono Jazz Club Feltre. Gran concerto di Ferragosto con Chiara Luppi, in omaggio a Tina Turner - Bellunopress - Dolomiti","isPartOf":{"@id":"https:\/\/www.bellunopress.it\/#website"},"primaryImageOfPage":{"@id":"https:\/\/www.bellunopress.it\/2023\/08\/12\/unisono-jazz-club-feltre-gran-concerto-di-ferragosto-con-chiara-luppi-in-omaggio-a-tina-turner\/#primaryimage"},"image":{"@id":"https:\/\/www.bellunopress.it\/2023\/08\/12\/unisono-jazz-club-feltre-gran-concerto-di-ferragosto-con-chiara-luppi-in-omaggio-a-tina-turner\/#primaryimage"},"thumbnailUrl":"https:\/\/www.bellunopress.it\/wp-content\/uploads\/2022\/04\/unisono-jazz-cafe_edited.jpg","datePublished":"2023-08-12T20:03:19+00:00","breadcrumb":{"@id":"https:\/\/www.bellunopress.it\/2023\/08\/12\/unisono-jazz-club-feltre-gran-concerto-di-ferragosto-con-chiara-luppi-in-omaggio-a-tina-turner\/#breadcrumb"},"inLanguage":"fr-FR","potentialAction":[{"@type":"ReadAction","target":["https:\/\/www.bellunopress.it\/2023\/08\/12\/unisono-jazz-club-feltre-gran-concerto-di-ferragosto-con-chiara-luppi-in-omaggio-a-tina-turner\/"]}]},{"@type":"ImageObject","inLanguage":"fr-FR","@id":"https:\/\/www.bellunopress.it\/2023\/08\/12\/unisono-jazz-club-feltre-gran-concerto-di-ferragosto-con-chiara-luppi-in-omaggio-a-tina-turner\/#primaryimage","url":"https:\/\/www.bellunopress.it\/wp-content\/uploads\/2022\/04\/unisono-jazz-cafe_edited.jpg","contentUrl":"https:\/\/www.bellunopress.it\/wp-content\/uploads\/2022\/04\/unisono-jazz-cafe_edited.jpg","width":1000,"height":667,"caption":"Unisono Jazz Caf\u00e8 - Feltre"},{"@type":"BreadcrumbList","@id":"https:\/\/www.bellunopress.it\/2023\/08\/12\/unisono-jazz-club-feltre-gran-concerto-di-ferragosto-con-chiara-luppi-in-omaggio-a-tina-turner\/#breadcrumb","itemListElement":[{"@type":"ListItem","position":1,"name":"Home","item":"https:\/\/www.bellunopress.it\/"},{"@type":"ListItem","position":2,"name":"Unisono Jazz Club Feltre. Gran concerto di Ferragosto con Chiara Luppi, in omaggio a Tina Turner"}]},{"@type":"WebSite","@id":"https:\/\/www.bellunopress.it\/#website","url":"https:\/\/www.bellunopress.it\/","name":"Bellunopress - Dolomiti","description":"e-mail: redazione@bellunopress.it","publisher":{"@id":"https:\/\/www.bellunopress.it\/#organization"},"potentialAction":[{"@type":"SearchAction","target":{"@type":"EntryPoint","urlTemplate":"https:\/\/www.bellunopress.it\/?s={search_term_string}"},"query-input":{"@type":"PropertyValueSpecification","valueRequired":true,"valueName":"search_term_string"}}],"inLanguage":"fr-FR"},{"@type":"Organization","@id":"https:\/\/www.bellunopress.it\/#organization","name":"Bellunopress","url":"https:\/\/www.bellunopress.it\/","logo":{"@type":"ImageObject","inLanguage":"fr-FR","@id":"https:\/\/www.bellunopress.it\/#\/schema\/logo\/image\/","url":"https:\/\/www.bellunopress.it\/wp-content\/uploads\/2011\/05\/cropped-logo-bellunopress-.jpg","contentUrl":"https:\/\/www.bellunopress.it\/wp-content\/uploads\/2011\/05\/cropped-logo-bellunopress-.jpg","width":512,"height":512,"caption":"Bellunopress"},"image":{"@id":"https:\/\/www.bellunopress.it\/#\/schema\/logo\/image\/"},"sameAs":["https:\/\/www.facebook.com\/profile.php?id=100008943462799","https:\/\/x.com\/bellunopress","https:\/\/www.linkedin.com\/hp\/?dnr=JBzUWaJfMUw8vbXJJ2tVW5-I3jZKvC4wsoxE&amp;amp;amp;amp;amp;amp;trk=nav_responsive_tab_home","https:\/\/www.youtube.com\/channel\/UCxL0wu1uN0_3_7hGG0306cw"]},{"@type":"Person","@id":"https:\/\/www.bellunopress.it\/#\/schema\/person\/79bb06722b37ece1c03d3e94beb30d73","name":"r\u00e9daction","image":{"@type":"ImageObject","inLanguage":"fr-FR","@id":"https:\/\/secure.gravatar.com\/avatar\/37d968a2e67a6fd04c169c4bdef102d0bc5d31b2546345219e348575eb80e9a0?s=96&d=mm&r=g","url":"https:\/\/secure.gravatar.com\/avatar\/37d968a2e67a6fd04c169c4bdef102d0bc5d31b2546345219e348575eb80e9a0?s=96&d=mm&r=g","contentUrl":"https:\/\/secure.gravatar.com\/avatar\/37d968a2e67a6fd04c169c4bdef102d0bc5d31b2546345219e348575eb80e9a0?s=96&d=mm&r=g","caption":"redazione"},"sameAs":["http:\/\/www.bellunopress.it","https:\/\/x.com\/bellunopress"],"url":"https:\/\/www.bellunopress.it\/fr\/author\/redazione\/"}]}},"_links":{"self":[{"href":"https:\/\/www.bellunopress.it\/fr\/wp-json\/wp\/v2\/posts\/143434","targetHints":{"allow":["GET"]}}],"collection":[{"href":"https:\/\/www.bellunopress.it\/fr\/wp-json\/wp\/v2\/posts"}],"about":[{"href":"https:\/\/www.bellunopress.it\/fr\/wp-json\/wp\/v2\/types\/post"}],"author":[{"embeddable":true,"href":"https:\/\/www.bellunopress.it\/fr\/wp-json\/wp\/v2\/users\/2"}],"replies":[{"embeddable":true,"href":"https:\/\/www.bellunopress.it\/fr\/wp-json\/wp\/v2\/comments?post=143434"}],"version-history":[{"count":1,"href":"https:\/\/www.bellunopress.it\/fr\/wp-json\/wp\/v2\/posts\/143434\/revisions"}],"predecessor-version":[{"id":143435,"href":"https:\/\/www.bellunopress.it\/fr\/wp-json\/wp\/v2\/posts\/143434\/revisions\/143435"}],"wp:featuredmedia":[{"embeddable":true,"href":"https:\/\/www.bellunopress.it\/fr\/wp-json\/wp\/v2\/media\/133083"}],"wp:attachment":[{"href":"https:\/\/www.bellunopress.it\/fr\/wp-json\/wp\/v2\/media?parent=143434"}],"wp:term":[{"taxonomy":"category","embeddable":true,"href":"https:\/\/www.bellunopress.it\/fr\/wp-json\/wp\/v2\/categories?post=143434"},{"taxonomy":"post_tag","embeddable":true,"href":"https:\/\/www.bellunopress.it\/fr\/wp-json\/wp\/v2\/tags?post=143434"}],"curies":[{"name":"wp","href":"https:\/\/api.w.org\/{rel}","templated":true}]}}