{"id":143424,"date":"2023-08-11T23:18:03","date_gmt":"2023-08-11T21:18:03","guid":{"rendered":"https:\/\/www.bellunopress.it\/?p=143424"},"modified":"2023-08-12T21:44:56","modified_gmt":"2023-08-12T19:44:56","slug":"intitolata-a-bepi-caldart-la-sala-alle-torri-del-nevegal","status":"publish","type":"post","link":"https:\/\/www.bellunopress.it\/fr\/2023\/08\/11\/intitolata-a-bepi-caldart-la-sala-alle-torri-del-nevegal\/","title":{"rendered":"Intitolata a Bepi Caldart la Sala alle Torri del Nevegal. Nevegal 365 srl, top secret sui fondi d&#8217;investimento internazionali"},"content":{"rendered":"<p><img loading=\"lazy\" decoding=\"async\" class=\"alignleft size-full wp-image-143425\" src=\"https:\/\/www.bellunopress.it\/wp-content\/uploads\/2023\/08\/riunione-proprietari-Nevegal-Roccon_edited.jpg\" alt=\"\" width=\"1000\" height=\"750\" srcset=\"https:\/\/www.bellunopress.it\/wp-content\/uploads\/2023\/08\/riunione-proprietari-Nevegal-Roccon_edited.jpg 1000w, https:\/\/www.bellunopress.it\/wp-content\/uploads\/2023\/08\/riunione-proprietari-Nevegal-Roccon_edited-500x375.jpg 500w, https:\/\/www.bellunopress.it\/wp-content\/uploads\/2023\/08\/riunione-proprietari-Nevegal-Roccon_edited-696x522.jpg 696w, https:\/\/www.bellunopress.it\/wp-content\/uploads\/2023\/08\/riunione-proprietari-Nevegal-Roccon_edited-560x420.jpg 560w, https:\/\/www.bellunopress.it\/wp-content\/uploads\/2023\/08\/riunione-proprietari-Nevegal-Roccon_edited-80x60.jpg 80w, https:\/\/www.bellunopress.it\/wp-content\/uploads\/2023\/08\/riunione-proprietari-Nevegal-Roccon_edited-265x198.jpg 265w\" sizes=\"auto, (max-width: 1000px) 100vw, 1000px\" \/>Belluno, 11 agosto 2023 &#8211;\u00a0 Sar\u00e0 dedicata a Bepi Caldart, accademico del Cai, fondatore e presidente dello Sci club Nevegal e del Soccorso Alpino locale, ex presidente dell\u2019azienda autonoma di soggiorno, ex consigliere comunale e Cavaliere della Repubblica, scomparso nel 2010, la sala comunale alle Torri del Nevegal.<\/p>\n<p>Lo ha detto l&#8217;assessore Franco Roccon, nel corso dell&#8217;incontro pubblico, dinanzi a un&#8217;ottantina di persone, che si \u00e8 tenuto questa sera alla ex hall del Centro congressi Le Torri in Nevegal, che \u00e8 seguito all&#8217;assemblea dell&#8217;Associazione Amici del Nevegal.<\/p>\n<p>Nel corso della serata, l&#8217;assessore ha in primo luogo rassicurato sulla questione della potabilit\u00e0 dell&#8217;acqua, venuta meno dal 24 luglio, a causa della piovosit\u00e0 e dei lavori all&#8217;acquedotto e soggetta a controlli della Uls ogni 3\/5 giorni. Per quanto riguarda gli impianti del Colle, ora di propriet\u00e0 della Nevegal 2021 Roccon ha spiegato la situazione generale. Gli impianti necessitano di una revisione straordinaria stimata del costo di 1 milione e 600mila euro di cui 200mila finanziati dal Comune e 300mila dalla Regione. Va detto che anche la neo societ\u00e0 costituita da imprenditori algerini, la Nevegal 365 srl \u00e8 interessata all&#8217;acquisto e al rinnovamento degli impianti. Per quanto riguarda la gestione degli impianti, la gara in prima battuta \u00e8 andata deserta perch\u00e9 la valutazione era di 16 milioni. Oggi per\u00f2 la gara \u00e8 stata resa idonea e una volta che il Comune garantir\u00e0 alla Nevegal 2021 la possibilit\u00e0 di innevamento artificiale attraverso la realizzazione del laghetto ad uso antincendio con capacit\u00e0 di 28.700 metri cubi, in prossimit\u00e0 della pista Grava, potr\u00e0 essere perfezionato il contratto di assegnazione della gestione alla Nevegal 2021. Tale situazione si \u00e8 determinata poich\u00e9 nei trent&#8217;anni precedenti l&#8217;innevamento artificiale delle piste era stato realizzato sulla base del silenzio assenso sul prelievo d&#8217;acqua potabile dal pozzo n.2 di Lanta. Ma dal marzo del 2023 la provincia ha disposto la revisione dei parametri di prelievo per l&#8217;utilizzo dell&#8217;acqua e pertanto ora spetta a Comune, Provincia e Bim-Gsp stabilizzare l&#8217;accordo del pozzo n.2 di Lanta che serve 800 utenze, e dunque il prelievo dell&#8217;acqua potabile per innevamento rappresenterebbe un problema. Il laghetto artificiale della Grava, alimentato da Col dei Pez, risolverebbe la questione. L&#8217;assegnazione alla ditta che effettuer\u00e0 i lavori sar\u00e0 fatta entro il 30 settembre 2023 e la consegna dell&#8217;opera \u00e8 prevista entro dicembre 2025. Vita nuova anche per il piazzale del Nevegal, con un restyling da 960mila euro per una superficie di 13mila metri quadrati di asfalto. Appalto gi\u00e0 assegnato alla ditta Olivotto che inizier\u00e0 i lavori a settembre.<\/p>\n<p>Roccon ha rivelato qualche nuovo dettaglio del grande progetto della Nevegal 365, che attraverso la banca svizzera UBS stanzia 90 milioni provenienti da societ\u00e0 di intermediazione di fondi internazionali per la creazione di una stazione turistica in Nevegal. &#8220;Hanno gi\u00e0 realizzato altre 42 stazioni turistiche in Europa attraverso due fondi di investimento che hanno stanziato 5 miliardi di euro da investire in Europa&#8221; ha detto l&#8217;assessore Roccon. Ancora top secret sul nome di questi due fondi internazionali che finanzieranno l&#8217;operazione Nevegal.\u00a0 L&#8217;interesse c&#8217;\u00e8, posto che secondo le previsioni e tenuto conto dei fattori ambientali, a un&#8217;ora e mezza dal Nevegal c&#8217;\u00e8 un bacino d&#8217;utenza potenziale di 3 milioni e mezzo di turisti attratti dal clima del Colle. &#8220;Le garanzie su questi imprenditori &#8211; ha assicurato Roccon &#8211; ce le ha fornite la Prefettura. Vogliono iniziare i lavori a settembre, perch\u00e9 nel 2024 scadono le autorizzazioni degli impianti&#8221;.<\/p>","protected":false},"excerpt":{"rendered":"<p>Belluno, 11 agosto 2023 &#8211;\u00a0 Sar\u00e0 dedicata a Bepi Caldart, accademico del Cai, fondatore e presidente dello Sci club Nevegal e del Soccorso Alpino locale, ex presidente dell\u2019azienda autonoma di soggiorno, ex consigliere comunale e Cavaliere della Repubblica, scomparso nel 2010, la sala comunale alle Torri del Nevegal. Lo ha detto l&#8217;assessore Franco Roccon, nel [&hellip;]<\/p>\n","protected":false},"author":2,"featured_media":143425,"comment_status":"closed","ping_status":"open","sticky":false,"template":"","format":"standard","meta":{"footnotes":""},"categories":[5,8],"tags":[],"class_list":["post-143424","post","type-post","status-publish","format-standard","has-post-thumbnail","category-cronaca","category-societa-istituzioni"],"yoast_head":"<!-- This site is optimized with the Yoast SEO plugin v28.4 - https:\/\/yoast.com\/product\/yoast-seo-wordpress\/ -->\n<title>Intitolata a Bepi Caldart la Sala alle Torri del Nevegal. Nevegal 365 srl, top secret sui fondi d&#039;investimento internazionali - Bellunopress - Dolomiti<\/title>\n<meta name=\"robots\" content=\"index, follow, max-snippet:-1, max-image-preview:large, max-video-preview:-1\" \/>\n<link rel=\"canonical\" href=\"https:\/\/www.bellunopress.it\/fr\/2023\/08\/11\/intitolata-a-bepi-caldart-la-sala-alle-torri-del-nevegal\/\" \/>\n<meta property=\"og:locale\" content=\"fr_FR\" \/>\n<meta property=\"og:type\" content=\"article\" \/>\n<meta property=\"og:title\" content=\"Intitolata a Bepi Caldart la Sala alle Torri del Nevegal. Nevegal 365 srl, top secret sui fondi d&#039;investimento internazionali - Bellunopress - Dolomiti\" \/>\n<meta property=\"og:description\" content=\"Belluno, 11 agosto 2023 &#8211;\u00a0 Sar\u00e0 dedicata a Bepi Caldart, accademico del Cai, fondatore e presidente dello Sci club Nevegal e del Soccorso Alpino locale, ex presidente dell\u2019azienda autonoma di soggiorno, ex consigliere comunale e Cavaliere della Repubblica, scomparso nel 2010, la sala comunale alle Torri del Nevegal. Lo ha detto l&#8217;assessore Franco Roccon, nel [&hellip;]\" \/>\n<meta property=\"og:url\" content=\"https:\/\/www.bellunopress.it\/fr\/2023\/08\/11\/intitolata-a-bepi-caldart-la-sala-alle-torri-del-nevegal\/\" \/>\n<meta property=\"og:site_name\" content=\"Bellunopress - Dolomiti\" \/>\n<meta property=\"article:publisher\" content=\"https:\/\/www.facebook.com\/profile.php?id=100008943462799\" \/>\n<meta property=\"article:published_time\" content=\"2023-08-11T21:18:03+00:00\" \/>\n<meta property=\"article:modified_time\" content=\"2023-08-12T19:44:56+00:00\" \/>\n<meta property=\"og:image\" content=\"https:\/\/www.bellunopress.it\/wp-content\/uploads\/2023\/08\/riunione-proprietari-Nevegal-Roccon_edited.jpg\" \/>\n\t<meta property=\"og:image:width\" content=\"1000\" \/>\n\t<meta property=\"og:image:height\" content=\"750\" \/>\n\t<meta property=\"og:image:type\" content=\"image\/jpeg\" \/>\n<meta name=\"author\" content=\"redazione\" \/>\n<meta name=\"twitter:card\" content=\"summary_large_image\" \/>\n<meta name=\"twitter:creator\" content=\"@bellunopress\" \/>\n<meta name=\"twitter:site\" content=\"@bellunopress\" \/>\n<meta name=\"twitter:label1\" content=\"\u00c9crit par\" \/>\n\t<meta name=\"twitter:data1\" content=\"redazione\" \/>\n\t<meta name=\"twitter:label2\" content=\"Dur\u00e9e de lecture estim\u00e9e\" \/>\n\t<meta name=\"twitter:data2\" content=\"3 minutes\" \/>\n<script type=\"application\/ld+json\" class=\"yoast-schema-graph\">{\"@context\":\"https:\\\/\\\/schema.org\",\"@graph\":[{\"@type\":\"Article\",\"@id\":\"https:\\\/\\\/www.bellunopress.it\\\/2023\\\/08\\\/11\\\/intitolata-a-bepi-caldart-la-sala-alle-torri-del-nevegal\\\/#article\",\"isPartOf\":{\"@id\":\"https:\\\/\\\/www.bellunopress.it\\\/2023\\\/08\\\/11\\\/intitolata-a-bepi-caldart-la-sala-alle-torri-del-nevegal\\\/\"},\"author\":{\"name\":\"redazione\",\"@id\":\"https:\\\/\\\/www.bellunopress.it\\\/#\\\/schema\\\/person\\\/79bb06722b37ece1c03d3e94beb30d73\"},\"headline\":\"Intitolata a Bepi Caldart la Sala alle Torri del Nevegal. Nevegal 365 srl, top secret sui fondi d&#8217;investimento internazionali\",\"datePublished\":\"2023-08-11T21:18:03+00:00\",\"dateModified\":\"2023-08-12T19:44:56+00:00\",\"mainEntityOfPage\":{\"@id\":\"https:\\\/\\\/www.bellunopress.it\\\/2023\\\/08\\\/11\\\/intitolata-a-bepi-caldart-la-sala-alle-torri-del-nevegal\\\/\"},\"wordCount\":578,\"publisher\":{\"@id\":\"https:\\\/\\\/www.bellunopress.it\\\/#organization\"},\"image\":{\"@id\":\"https:\\\/\\\/www.bellunopress.it\\\/2023\\\/08\\\/11\\\/intitolata-a-bepi-caldart-la-sala-alle-torri-del-nevegal\\\/#primaryimage\"},\"thumbnailUrl\":\"https:\\\/\\\/www.bellunopress.it\\\/wp-content\\\/uploads\\\/2023\\\/08\\\/riunione-proprietari-Nevegal-Roccon_edited.jpg\",\"articleSection\":[\"Cronaca\\\/Politica\",\"Societ\u00e0, Associazioni, Istituzioni\"],\"inLanguage\":\"fr-FR\"},{\"@type\":\"WebPage\",\"@id\":\"https:\\\/\\\/www.bellunopress.it\\\/2023\\\/08\\\/11\\\/intitolata-a-bepi-caldart-la-sala-alle-torri-del-nevegal\\\/\",\"url\":\"https:\\\/\\\/www.bellunopress.it\\\/2023\\\/08\\\/11\\\/intitolata-a-bepi-caldart-la-sala-alle-torri-del-nevegal\\\/\",\"name\":\"Intitolata a Bepi Caldart la Sala alle Torri del Nevegal. Nevegal 365 srl, top secret sui fondi d'investimento internazionali - Bellunopress - Dolomiti\",\"isPartOf\":{\"@id\":\"https:\\\/\\\/www.bellunopress.it\\\/#website\"},\"primaryImageOfPage\":{\"@id\":\"https:\\\/\\\/www.bellunopress.it\\\/2023\\\/08\\\/11\\\/intitolata-a-bepi-caldart-la-sala-alle-torri-del-nevegal\\\/#primaryimage\"},\"image\":{\"@id\":\"https:\\\/\\\/www.bellunopress.it\\\/2023\\\/08\\\/11\\\/intitolata-a-bepi-caldart-la-sala-alle-torri-del-nevegal\\\/#primaryimage\"},\"thumbnailUrl\":\"https:\\\/\\\/www.bellunopress.it\\\/wp-content\\\/uploads\\\/2023\\\/08\\\/riunione-proprietari-Nevegal-Roccon_edited.jpg\",\"datePublished\":\"2023-08-11T21:18:03+00:00\",\"dateModified\":\"2023-08-12T19:44:56+00:00\",\"breadcrumb\":{\"@id\":\"https:\\\/\\\/www.bellunopress.it\\\/2023\\\/08\\\/11\\\/intitolata-a-bepi-caldart-la-sala-alle-torri-del-nevegal\\\/#breadcrumb\"},\"inLanguage\":\"fr-FR\",\"potentialAction\":[{\"@type\":\"ReadAction\",\"target\":[\"https:\\\/\\\/www.bellunopress.it\\\/2023\\\/08\\\/11\\\/intitolata-a-bepi-caldart-la-sala-alle-torri-del-nevegal\\\/\"]}]},{\"@type\":\"ImageObject\",\"inLanguage\":\"fr-FR\",\"@id\":\"https:\\\/\\\/www.bellunopress.it\\\/2023\\\/08\\\/11\\\/intitolata-a-bepi-caldart-la-sala-alle-torri-del-nevegal\\\/#primaryimage\",\"url\":\"https:\\\/\\\/www.bellunopress.it\\\/wp-content\\\/uploads\\\/2023\\\/08\\\/riunione-proprietari-Nevegal-Roccon_edited.jpg\",\"contentUrl\":\"https:\\\/\\\/www.bellunopress.it\\\/wp-content\\\/uploads\\\/2023\\\/08\\\/riunione-proprietari-Nevegal-Roccon_edited.jpg\",\"width\":1000,\"height\":750},{\"@type\":\"BreadcrumbList\",\"@id\":\"https:\\\/\\\/www.bellunopress.it\\\/2023\\\/08\\\/11\\\/intitolata-a-bepi-caldart-la-sala-alle-torri-del-nevegal\\\/#breadcrumb\",\"itemListElement\":[{\"@type\":\"ListItem\",\"position\":1,\"name\":\"Home\",\"item\":\"https:\\\/\\\/www.bellunopress.it\\\/\"},{\"@type\":\"ListItem\",\"position\":2,\"name\":\"Intitolata a Bepi Caldart la Sala alle Torri del Nevegal. Nevegal 365 srl, top secret sui fondi d&#8217;investimento internazionali\"}]},{\"@type\":\"WebSite\",\"@id\":\"https:\\\/\\\/www.bellunopress.it\\\/#website\",\"url\":\"https:\\\/\\\/www.bellunopress.it\\\/\",\"name\":\"Bellunopress - Dolomiti\",\"description\":\"e-mail: redazione@bellunopress.it\",\"publisher\":{\"@id\":\"https:\\\/\\\/www.bellunopress.it\\\/#organization\"},\"potentialAction\":[{\"@type\":\"SearchAction\",\"target\":{\"@type\":\"EntryPoint\",\"urlTemplate\":\"https:\\\/\\\/www.bellunopress.it\\\/?s={search_term_string}\"},\"query-input\":{\"@type\":\"PropertyValueSpecification\",\"valueRequired\":true,\"valueName\":\"search_term_string\"}}],\"inLanguage\":\"fr-FR\"},{\"@type\":\"Organization\",\"@id\":\"https:\\\/\\\/www.bellunopress.it\\\/#organization\",\"name\":\"Bellunopress\",\"url\":\"https:\\\/\\\/www.bellunopress.it\\\/\",\"logo\":{\"@type\":\"ImageObject\",\"inLanguage\":\"fr-FR\",\"@id\":\"https:\\\/\\\/www.bellunopress.it\\\/#\\\/schema\\\/logo\\\/image\\\/\",\"url\":\"https:\\\/\\\/www.bellunopress.it\\\/wp-content\\\/uploads\\\/2011\\\/05\\\/cropped-logo-bellunopress-.jpg\",\"contentUrl\":\"https:\\\/\\\/www.bellunopress.it\\\/wp-content\\\/uploads\\\/2011\\\/05\\\/cropped-logo-bellunopress-.jpg\",\"width\":512,\"height\":512,\"caption\":\"Bellunopress\"},\"image\":{\"@id\":\"https:\\\/\\\/www.bellunopress.it\\\/#\\\/schema\\\/logo\\\/image\\\/\"},\"sameAs\":[\"https:\\\/\\\/www.facebook.com\\\/profile.php?id=100008943462799\",\"https:\\\/\\\/x.com\\\/bellunopress\",\"https:\\\/\\\/www.linkedin.com\\\/hp\\\/?dnr=JBzUWaJfMUw8vbXJJ2tVW5-I3jZKvC4wsoxE&amp;amp;amp;amp;amp;amp;trk=nav_responsive_tab_home\",\"https:\\\/\\\/www.youtube.com\\\/channel\\\/UCxL0wu1uN0_3_7hGG0306cw\"]},{\"@type\":\"Person\",\"@id\":\"https:\\\/\\\/www.bellunopress.it\\\/#\\\/schema\\\/person\\\/79bb06722b37ece1c03d3e94beb30d73\",\"name\":\"redazione\",\"image\":{\"@type\":\"ImageObject\",\"inLanguage\":\"fr-FR\",\"@id\":\"https:\\\/\\\/secure.gravatar.com\\\/avatar\\\/37d968a2e67a6fd04c169c4bdef102d0bc5d31b2546345219e348575eb80e9a0?s=96&d=mm&r=g\",\"url\":\"https:\\\/\\\/secure.gravatar.com\\\/avatar\\\/37d968a2e67a6fd04c169c4bdef102d0bc5d31b2546345219e348575eb80e9a0?s=96&d=mm&r=g\",\"contentUrl\":\"https:\\\/\\\/secure.gravatar.com\\\/avatar\\\/37d968a2e67a6fd04c169c4bdef102d0bc5d31b2546345219e348575eb80e9a0?s=96&d=mm&r=g\",\"caption\":\"redazione\"},\"sameAs\":[\"http:\\\/\\\/www.bellunopress.it\",\"https:\\\/\\\/x.com\\\/bellunopress\"],\"url\":\"https:\\\/\\\/www.bellunopress.it\\\/fr\\\/author\\\/redazione\\\/\"}]}<\/script>\n<!-- \/ Yoast SEO plugin. -->","yoast_head_json":{"title":"Intitolata a Bepi Caldart la Sala alle Torri del Nevegal. Nevegal 365 srl, top secret sui fondi d'investimento internazionali - Bellunopress - Dolomiti","robots":{"index":"index","follow":"follow","max-snippet":"max-snippet:-1","max-image-preview":"max-image-preview:large","max-video-preview":"max-video-preview:-1"},"canonical":"https:\/\/www.bellunopress.it\/fr\/2023\/08\/11\/intitolata-a-bepi-caldart-la-sala-alle-torri-del-nevegal\/","og_locale":"fr_FR","og_type":"article","og_title":"Intitolata a Bepi Caldart la Sala alle Torri del Nevegal. Nevegal 365 srl, top secret sui fondi d'investimento internazionali - Bellunopress - Dolomiti","og_description":"Belluno, 11 agosto 2023 &#8211;\u00a0 Sar\u00e0 dedicata a Bepi Caldart, accademico del Cai, fondatore e presidente dello Sci club Nevegal e del Soccorso Alpino locale, ex presidente dell\u2019azienda autonoma di soggiorno, ex consigliere comunale e Cavaliere della Repubblica, scomparso nel 2010, la sala comunale alle Torri del Nevegal. Lo ha detto l&#8217;assessore Franco Roccon, nel [&hellip;]","og_url":"https:\/\/www.bellunopress.it\/fr\/2023\/08\/11\/intitolata-a-bepi-caldart-la-sala-alle-torri-del-nevegal\/","og_site_name":"Bellunopress - Dolomiti","article_publisher":"https:\/\/www.facebook.com\/profile.php?id=100008943462799","article_published_time":"2023-08-11T21:18:03+00:00","article_modified_time":"2023-08-12T19:44:56+00:00","og_image":[{"width":1000,"height":750,"url":"https:\/\/www.bellunopress.it\/wp-content\/uploads\/2023\/08\/riunione-proprietari-Nevegal-Roccon_edited.jpg","type":"image\/jpeg"}],"author":"redazione","twitter_card":"summary_large_image","twitter_creator":"@bellunopress","twitter_site":"@bellunopress","twitter_misc":{"\u00c9crit par":"redazione","Dur\u00e9e de lecture estim\u00e9e":"3 minutes"},"schema":{"@context":"https:\/\/schema.org","@graph":[{"@type":"Article","@id":"https:\/\/www.bellunopress.it\/2023\/08\/11\/intitolata-a-bepi-caldart-la-sala-alle-torri-del-nevegal\/#article","isPartOf":{"@id":"https:\/\/www.bellunopress.it\/2023\/08\/11\/intitolata-a-bepi-caldart-la-sala-alle-torri-del-nevegal\/"},"author":{"name":"redazione","@id":"https:\/\/www.bellunopress.it\/#\/schema\/person\/79bb06722b37ece1c03d3e94beb30d73"},"headline":"Intitolata a Bepi Caldart la Sala alle Torri del Nevegal. Nevegal 365 srl, top secret sui fondi d&#8217;investimento internazionali","datePublished":"2023-08-11T21:18:03+00:00","dateModified":"2023-08-12T19:44:56+00:00","mainEntityOfPage":{"@id":"https:\/\/www.bellunopress.it\/2023\/08\/11\/intitolata-a-bepi-caldart-la-sala-alle-torri-del-nevegal\/"},"wordCount":578,"publisher":{"@id":"https:\/\/www.bellunopress.it\/#organization"},"image":{"@id":"https:\/\/www.bellunopress.it\/2023\/08\/11\/intitolata-a-bepi-caldart-la-sala-alle-torri-del-nevegal\/#primaryimage"},"thumbnailUrl":"https:\/\/www.bellunopress.it\/wp-content\/uploads\/2023\/08\/riunione-proprietari-Nevegal-Roccon_edited.jpg","articleSection":["Cronaca\/Politica","Societ\u00e0, Associazioni, Istituzioni"],"inLanguage":"fr-FR"},{"@type":"WebPage","@id":"https:\/\/www.bellunopress.it\/2023\/08\/11\/intitolata-a-bepi-caldart-la-sala-alle-torri-del-nevegal\/","url":"https:\/\/www.bellunopress.it\/2023\/08\/11\/intitolata-a-bepi-caldart-la-sala-alle-torri-del-nevegal\/","name":"Intitolata a Bepi Caldart la Sala alle Torri del Nevegal. Nevegal 365 srl, top secret sui fondi d'investimento internazionali - Bellunopress - Dolomiti","isPartOf":{"@id":"https:\/\/www.bellunopress.it\/#website"},"primaryImageOfPage":{"@id":"https:\/\/www.bellunopress.it\/2023\/08\/11\/intitolata-a-bepi-caldart-la-sala-alle-torri-del-nevegal\/#primaryimage"},"image":{"@id":"https:\/\/www.bellunopress.it\/2023\/08\/11\/intitolata-a-bepi-caldart-la-sala-alle-torri-del-nevegal\/#primaryimage"},"thumbnailUrl":"https:\/\/www.bellunopress.it\/wp-content\/uploads\/2023\/08\/riunione-proprietari-Nevegal-Roccon_edited.jpg","datePublished":"2023-08-11T21:18:03+00:00","dateModified":"2023-08-12T19:44:56+00:00","breadcrumb":{"@id":"https:\/\/www.bellunopress.it\/2023\/08\/11\/intitolata-a-bepi-caldart-la-sala-alle-torri-del-nevegal\/#breadcrumb"},"inLanguage":"fr-FR","potentialAction":[{"@type":"ReadAction","target":["https:\/\/www.bellunopress.it\/2023\/08\/11\/intitolata-a-bepi-caldart-la-sala-alle-torri-del-nevegal\/"]}]},{"@type":"ImageObject","inLanguage":"fr-FR","@id":"https:\/\/www.bellunopress.it\/2023\/08\/11\/intitolata-a-bepi-caldart-la-sala-alle-torri-del-nevegal\/#primaryimage","url":"https:\/\/www.bellunopress.it\/wp-content\/uploads\/2023\/08\/riunione-proprietari-Nevegal-Roccon_edited.jpg","contentUrl":"https:\/\/www.bellunopress.it\/wp-content\/uploads\/2023\/08\/riunione-proprietari-Nevegal-Roccon_edited.jpg","width":1000,"height":750},{"@type":"BreadcrumbList","@id":"https:\/\/www.bellunopress.it\/2023\/08\/11\/intitolata-a-bepi-caldart-la-sala-alle-torri-del-nevegal\/#breadcrumb","itemListElement":[{"@type":"ListItem","position":1,"name":"Home","item":"https:\/\/www.bellunopress.it\/"},{"@type":"ListItem","position":2,"name":"Intitolata a Bepi Caldart la Sala alle Torri del Nevegal. Nevegal 365 srl, top secret sui fondi d&#8217;investimento internazionali"}]},{"@type":"WebSite","@id":"https:\/\/www.bellunopress.it\/#website","url":"https:\/\/www.bellunopress.it\/","name":"Bellunopress - Dolomiti","description":"e-mail: redazione@bellunopress.it","publisher":{"@id":"https:\/\/www.bellunopress.it\/#organization"},"potentialAction":[{"@type":"SearchAction","target":{"@type":"EntryPoint","urlTemplate":"https:\/\/www.bellunopress.it\/?s={search_term_string}"},"query-input":{"@type":"PropertyValueSpecification","valueRequired":true,"valueName":"search_term_string"}}],"inLanguage":"fr-FR"},{"@type":"Organization","@id":"https:\/\/www.bellunopress.it\/#organization","name":"Bellunopress","url":"https:\/\/www.bellunopress.it\/","logo":{"@type":"ImageObject","inLanguage":"fr-FR","@id":"https:\/\/www.bellunopress.it\/#\/schema\/logo\/image\/","url":"https:\/\/www.bellunopress.it\/wp-content\/uploads\/2011\/05\/cropped-logo-bellunopress-.jpg","contentUrl":"https:\/\/www.bellunopress.it\/wp-content\/uploads\/2011\/05\/cropped-logo-bellunopress-.jpg","width":512,"height":512,"caption":"Bellunopress"},"image":{"@id":"https:\/\/www.bellunopress.it\/#\/schema\/logo\/image\/"},"sameAs":["https:\/\/www.facebook.com\/profile.php?id=100008943462799","https:\/\/x.com\/bellunopress","https:\/\/www.linkedin.com\/hp\/?dnr=JBzUWaJfMUw8vbXJJ2tVW5-I3jZKvC4wsoxE&amp;amp;amp;amp;amp;amp;trk=nav_responsive_tab_home","https:\/\/www.youtube.com\/channel\/UCxL0wu1uN0_3_7hGG0306cw"]},{"@type":"Person","@id":"https:\/\/www.bellunopress.it\/#\/schema\/person\/79bb06722b37ece1c03d3e94beb30d73","name":"r\u00e9daction","image":{"@type":"ImageObject","inLanguage":"fr-FR","@id":"https:\/\/secure.gravatar.com\/avatar\/37d968a2e67a6fd04c169c4bdef102d0bc5d31b2546345219e348575eb80e9a0?s=96&d=mm&r=g","url":"https:\/\/secure.gravatar.com\/avatar\/37d968a2e67a6fd04c169c4bdef102d0bc5d31b2546345219e348575eb80e9a0?s=96&d=mm&r=g","contentUrl":"https:\/\/secure.gravatar.com\/avatar\/37d968a2e67a6fd04c169c4bdef102d0bc5d31b2546345219e348575eb80e9a0?s=96&d=mm&r=g","caption":"redazione"},"sameAs":["http:\/\/www.bellunopress.it","https:\/\/x.com\/bellunopress"],"url":"https:\/\/www.bellunopress.it\/fr\/author\/redazione\/"}]}},"_links":{"self":[{"href":"https:\/\/www.bellunopress.it\/fr\/wp-json\/wp\/v2\/posts\/143424","targetHints":{"allow":["GET"]}}],"collection":[{"href":"https:\/\/www.bellunopress.it\/fr\/wp-json\/wp\/v2\/posts"}],"about":[{"href":"https:\/\/www.bellunopress.it\/fr\/wp-json\/wp\/v2\/types\/post"}],"author":[{"embeddable":true,"href":"https:\/\/www.bellunopress.it\/fr\/wp-json\/wp\/v2\/users\/2"}],"replies":[{"embeddable":true,"href":"https:\/\/www.bellunopress.it\/fr\/wp-json\/wp\/v2\/comments?post=143424"}],"version-history":[{"count":3,"href":"https:\/\/www.bellunopress.it\/fr\/wp-json\/wp\/v2\/posts\/143424\/revisions"}],"predecessor-version":[{"id":143433,"href":"https:\/\/www.bellunopress.it\/fr\/wp-json\/wp\/v2\/posts\/143424\/revisions\/143433"}],"wp:featuredmedia":[{"embeddable":true,"href":"https:\/\/www.bellunopress.it\/fr\/wp-json\/wp\/v2\/media\/143425"}],"wp:attachment":[{"href":"https:\/\/www.bellunopress.it\/fr\/wp-json\/wp\/v2\/media?parent=143424"}],"wp:term":[{"taxonomy":"category","embeddable":true,"href":"https:\/\/www.bellunopress.it\/fr\/wp-json\/wp\/v2\/categories?post=143424"},{"taxonomy":"post_tag","embeddable":true,"href":"https:\/\/www.bellunopress.it\/fr\/wp-json\/wp\/v2\/tags?post=143424"}],"curies":[{"name":"wp","href":"https:\/\/api.w.org\/{rel}","templated":true}]}}