{"id":143391,"date":"2023-08-10T19:10:13","date_gmt":"2023-08-10T17:10:13","guid":{"rendered":"https:\/\/www.bellunopress.it\/?p=143391"},"modified":"2023-08-10T19:12:18","modified_gmt":"2023-08-10T17:12:18","slug":"e-morto-il-generale-lorenzo-cappello-zaia-se-ne-andato-un-pilastro-della-montagna","status":"publish","type":"post","link":"https:\/\/www.bellunopress.it\/fr\/2023\/08\/10\/e-morto-il-generale-lorenzo-cappello-zaia-se-ne-andato-un-pilastro-della-montagna\/","title":{"rendered":"E&#8217; morto il generale Lorenzo Cappello. Zaia: Se n&#8217;\u00e8 andato un pilastro della montagna&#8221;"},"content":{"rendered":"<figure id=\"attachment_122236\" aria-describedby=\"caption-attachment-122236\" style=\"width: 720px\" class=\"wp-caption alignleft\"><img loading=\"lazy\" decoding=\"async\" class=\"size-full wp-image-122236\" src=\"https:\/\/www.bellunopress.it\/wp-content\/uploads\/2021\/03\/tenente-generale-Lorenzo-Cappello_edited.jpg\" alt=\"\" width=\"720\" height=\"960\" srcset=\"https:\/\/www.bellunopress.it\/wp-content\/uploads\/2021\/03\/tenente-generale-Lorenzo-Cappello_edited.jpg 720w, https:\/\/www.bellunopress.it\/wp-content\/uploads\/2021\/03\/tenente-generale-Lorenzo-Cappello_edited-375x500.jpg 375w, https:\/\/www.bellunopress.it\/wp-content\/uploads\/2021\/03\/tenente-generale-Lorenzo-Cappello_edited-696x928.jpg 696w, https:\/\/www.bellunopress.it\/wp-content\/uploads\/2021\/03\/tenente-generale-Lorenzo-Cappello_edited-315x420.jpg 315w\" sizes=\"auto, (max-width: 720px) 100vw, 720px\" \/><figcaption id=\"caption-attachment-122236\" class=\"wp-caption-text\">Tenente generale Lorenzo Cappello<\/figcaption><\/figure>\n<p>Venezia, 10 agosto 2023\u00a0 &#8211;\u00a0\u00a0\u201cSe n\u2019\u00e8 andato un pilastro della montagna. Un uomo semplicemente straordinario. Ha fatto letteralmente \u2018la storia\u2019, vivendola da protagonista, delle vette e delle valli delle Dolomiti. Con un solo obiettivo: tenere alto il prestigio delle istituzioni, servendo con rigore e passione la gente\u201d.<br \/>\nSono le parole del Presidente della Regione Veneto Luca, ricordando il Generale Lorenzo Cappello, che si \u00e8 spento oggi a 102 anni.<\/p>\n<p>\u201cEra nato in un momento storico complicato, nel 1921, a Trichiana. Dopo le scuole si iscrisse alla facolt\u00e0 di chimica a Padova. Ma allo scoppio del secondo conflitto mondiale nel 1941 fu chiamato a servire negli Alpini, dovendo abbandonare gli studi, e fu inviato a combattere in Montenegro, poi in Francia e in altri contesti di guerra, dove sovente gli scontri avvennero in territorio montano. Non si pieg\u00f2 alle volont\u00e0 tedesche e fu anche richiuso, poco tempo dopo l\u2019armistizio, in un campo di concentramento in Germania, dove riusc\u00ec a fuggire e a riparare nuovamente in Francia. Alla fine della guerra inizi\u00f2 quello che diverr\u00e0, negli anni a venire, un lunghissimo impegno con la divisa della Polizia di Stato.<\/p>\n<figure id=\"attachment_122238\" aria-describedby=\"caption-attachment-122238\" style=\"width: 1000px\" class=\"wp-caption alignleft\"><img loading=\"lazy\" decoding=\"async\" class=\"size-full wp-image-122238\" src=\"https:\/\/www.bellunopress.it\/wp-content\/uploads\/2021\/03\/olimpiadi-Cortina-Lorenzo-Cappello-1956-con-Zeno-Colo_edited.jpg\" alt=\"\" width=\"1000\" height=\"685\" srcset=\"https:\/\/www.bellunopress.it\/wp-content\/uploads\/2021\/03\/olimpiadi-Cortina-Lorenzo-Cappello-1956-con-Zeno-Colo_edited.jpg 1000w, https:\/\/www.bellunopress.it\/wp-content\/uploads\/2021\/03\/olimpiadi-Cortina-Lorenzo-Cappello-1956-con-Zeno-Colo_edited-500x343.jpg 500w, https:\/\/www.bellunopress.it\/wp-content\/uploads\/2021\/03\/olimpiadi-Cortina-Lorenzo-Cappello-1956-con-Zeno-Colo_edited-218x150.jpg 218w, https:\/\/www.bellunopress.it\/wp-content\/uploads\/2021\/03\/olimpiadi-Cortina-Lorenzo-Cappello-1956-con-Zeno-Colo_edited-696x477.jpg 696w, https:\/\/www.bellunopress.it\/wp-content\/uploads\/2021\/03\/olimpiadi-Cortina-Lorenzo-Cappello-1956-con-Zeno-Colo_edited-613x420.jpg 613w, https:\/\/www.bellunopress.it\/wp-content\/uploads\/2021\/03\/olimpiadi-Cortina-Lorenzo-Cappello-1956-con-Zeno-Colo_edited-100x70.jpg 100w\" sizes=\"auto, (max-width: 1000px) 100vw, 1000px\" \/><figcaption id=\"caption-attachment-122238\" class=\"wp-caption-text\">Olimpiadi invernali Cortina 1956 &#8211; Lorenzo Cappello con Zeno Col\u00f2<\/figcaption><\/figure>\n<p>Fu proprio Lorenzo Cappello, in uniforme, l\u2019ultimo tedoforo a consegnare la fiaccola olimpica a Zeno Col\u00f2, che diede avvio ai giochi Olimpici di Cortina del 1956, immortalato in una foto simbolo di quelle olimpiadi. Volle poi con forza l\u2019apertura di una specifica scuola alpina della Polizia di Stato, per addestrare i poliziotti ad operare in montagna, unendo l\u2019aspetto sportivo con le tecniche alpinistiche: fond\u00f2 cos\u00ec, dopo aver coinvolto anche il Presidente della Repubblica Giuseppe Saragat, il \u2018Centro addestramento alpino della Polizia di Stato\u2019 di Moena, struttura inaugurata il 17 luglio 1967. Termin\u00f2 la carriera in polizia dopo 42 anni di servizio, con il grado di Tenente Generale. Rest\u00f2 sempre legato alla montagna e negli anni \u201870 ha ricoperto l\u2019incarico di Consigliere nazionale della Federazione italiana di sci e della Federghiaccio\u201d, aggiunge il Presidente.<\/p>\n<p>\u201cCappello lascia in tutti noi un ricordo straordinario, un esempio da seguire per tutta la gente di montagna. Avremo certamente modo di ricordarlo anche durante i Giochi Olimpici di Milano-Cortina. Ora le mie condoglianze vanno ai figli, ai familiari e ai tanti amici e colleghi\u201d, termina il Presidente Zaia.<\/p>\n<p><a href=\"https:\/\/www.bellunopress.it\/fr\/2021\/03\/06\/cento-anni-la-vita-straordinaria-del-generale-lorenzo-cappello\/\">Qui l&#8217;ultima intervista al generale Cappello<\/a><\/p>","protected":false},"excerpt":{"rendered":"<p>Venezia, 10 agosto 2023\u00a0 &#8211;\u00a0\u00a0\u201cSe n\u2019\u00e8 andato un pilastro della montagna. Un uomo semplicemente straordinario. Ha fatto letteralmente \u2018la storia\u2019, vivendola da protagonista, delle vette e delle valli delle Dolomiti. Con un solo obiettivo: tenere alto il prestigio delle istituzioni, servendo con rigore e passione la gente\u201d. Sono le parole del Presidente della Regione Veneto [&hellip;]<\/p>\n","protected":false},"author":2,"featured_media":122236,"comment_status":"closed","ping_status":"open","sticky":false,"template":"","format":"standard","meta":{"footnotes":""},"categories":[5,26],"tags":[],"class_list":["post-143391","post","type-post","status-publish","format-standard","has-post-thumbnail","category-cronaca","category-prima-pagina"],"yoast_head":"<!-- This site is optimized with the Yoast SEO plugin v28.4 - https:\/\/yoast.com\/product\/yoast-seo-wordpress\/ -->\n<title>E&#039; morto il generale Lorenzo Cappello. Zaia: Se n&#039;\u00e8 andato un pilastro della montagna&quot; - Bellunopress - Dolomiti<\/title>\n<meta name=\"robots\" content=\"index, follow, max-snippet:-1, max-image-preview:large, max-video-preview:-1\" \/>\n<link rel=\"canonical\" href=\"https:\/\/www.bellunopress.it\/fr\/2023\/08\/10\/e-morto-il-generale-lorenzo-cappello-zaia-se-ne-andato-un-pilastro-della-montagna\/\" \/>\n<meta property=\"og:locale\" content=\"fr_FR\" \/>\n<meta property=\"og:type\" content=\"article\" \/>\n<meta property=\"og:title\" content=\"E&#039; morto il generale Lorenzo Cappello. Zaia: Se n&#039;\u00e8 andato un pilastro della montagna&quot; - Bellunopress - Dolomiti\" \/>\n<meta property=\"og:description\" content=\"Venezia, 10 agosto 2023\u00a0 &#8211;\u00a0\u00a0\u201cSe n\u2019\u00e8 andato un pilastro della montagna. Un uomo semplicemente straordinario. Ha fatto letteralmente \u2018la storia\u2019, vivendola da protagonista, delle vette e delle valli delle Dolomiti. Con un solo obiettivo: tenere alto il prestigio delle istituzioni, servendo con rigore e passione la gente\u201d. Sono le parole del Presidente della Regione Veneto [&hellip;]\" \/>\n<meta property=\"og:url\" content=\"https:\/\/www.bellunopress.it\/fr\/2023\/08\/10\/e-morto-il-generale-lorenzo-cappello-zaia-se-ne-andato-un-pilastro-della-montagna\/\" \/>\n<meta property=\"og:site_name\" content=\"Bellunopress - Dolomiti\" \/>\n<meta property=\"article:publisher\" content=\"https:\/\/www.facebook.com\/profile.php?id=100008943462799\" \/>\n<meta property=\"article:published_time\" content=\"2023-08-10T17:10:13+00:00\" \/>\n<meta property=\"article:modified_time\" content=\"2023-08-10T17:12:18+00:00\" \/>\n<meta property=\"og:image\" content=\"https:\/\/www.bellunopress.it\/wp-content\/uploads\/2021\/03\/tenente-generale-Lorenzo-Cappello_edited.jpg\" \/>\n\t<meta property=\"og:image:width\" content=\"720\" \/>\n\t<meta property=\"og:image:height\" content=\"960\" \/>\n\t<meta property=\"og:image:type\" content=\"image\/jpeg\" \/>\n<meta name=\"author\" content=\"redazione\" \/>\n<meta name=\"twitter:card\" content=\"summary_large_image\" \/>\n<meta name=\"twitter:creator\" content=\"@bellunopress\" \/>\n<meta name=\"twitter:site\" content=\"@bellunopress\" \/>\n<meta name=\"twitter:label1\" content=\"\u00c9crit par\" \/>\n\t<meta name=\"twitter:data1\" content=\"redazione\" \/>\n\t<meta name=\"twitter:label2\" content=\"Dur\u00e9e de lecture estim\u00e9e\" \/>\n\t<meta name=\"twitter:data2\" content=\"2 minutes\" \/>\n<script type=\"application\/ld+json\" class=\"yoast-schema-graph\">{\"@context\":\"https:\\\/\\\/schema.org\",\"@graph\":[{\"@type\":\"Article\",\"@id\":\"https:\\\/\\\/www.bellunopress.it\\\/2023\\\/08\\\/10\\\/e-morto-il-generale-lorenzo-cappello-zaia-se-ne-andato-un-pilastro-della-montagna\\\/#article\",\"isPartOf\":{\"@id\":\"https:\\\/\\\/www.bellunopress.it\\\/2023\\\/08\\\/10\\\/e-morto-il-generale-lorenzo-cappello-zaia-se-ne-andato-un-pilastro-della-montagna\\\/\"},\"author\":{\"name\":\"redazione\",\"@id\":\"https:\\\/\\\/www.bellunopress.it\\\/#\\\/schema\\\/person\\\/79bb06722b37ece1c03d3e94beb30d73\"},\"headline\":\"E&#8217; morto il generale Lorenzo Cappello. Zaia: Se n&#8217;\u00e8 andato un pilastro della montagna&#8221;\",\"datePublished\":\"2023-08-10T17:10:13+00:00\",\"dateModified\":\"2023-08-10T17:12:18+00:00\",\"mainEntityOfPage\":{\"@id\":\"https:\\\/\\\/www.bellunopress.it\\\/2023\\\/08\\\/10\\\/e-morto-il-generale-lorenzo-cappello-zaia-se-ne-andato-un-pilastro-della-montagna\\\/\"},\"wordCount\":412,\"publisher\":{\"@id\":\"https:\\\/\\\/www.bellunopress.it\\\/#organization\"},\"image\":{\"@id\":\"https:\\\/\\\/www.bellunopress.it\\\/2023\\\/08\\\/10\\\/e-morto-il-generale-lorenzo-cappello-zaia-se-ne-andato-un-pilastro-della-montagna\\\/#primaryimage\"},\"thumbnailUrl\":\"https:\\\/\\\/www.bellunopress.it\\\/wp-content\\\/uploads\\\/2021\\\/03\\\/tenente-generale-Lorenzo-Cappello_edited.jpg\",\"articleSection\":[\"Cronaca\\\/Politica\",\"Prima Pagina\"],\"inLanguage\":\"fr-FR\"},{\"@type\":\"WebPage\",\"@id\":\"https:\\\/\\\/www.bellunopress.it\\\/2023\\\/08\\\/10\\\/e-morto-il-generale-lorenzo-cappello-zaia-se-ne-andato-un-pilastro-della-montagna\\\/\",\"url\":\"https:\\\/\\\/www.bellunopress.it\\\/2023\\\/08\\\/10\\\/e-morto-il-generale-lorenzo-cappello-zaia-se-ne-andato-un-pilastro-della-montagna\\\/\",\"name\":\"E' morto il generale Lorenzo Cappello. Zaia: Se n'\u00e8 andato un pilastro della montagna\\\" - Bellunopress - Dolomiti\",\"isPartOf\":{\"@id\":\"https:\\\/\\\/www.bellunopress.it\\\/#website\"},\"primaryImageOfPage\":{\"@id\":\"https:\\\/\\\/www.bellunopress.it\\\/2023\\\/08\\\/10\\\/e-morto-il-generale-lorenzo-cappello-zaia-se-ne-andato-un-pilastro-della-montagna\\\/#primaryimage\"},\"image\":{\"@id\":\"https:\\\/\\\/www.bellunopress.it\\\/2023\\\/08\\\/10\\\/e-morto-il-generale-lorenzo-cappello-zaia-se-ne-andato-un-pilastro-della-montagna\\\/#primaryimage\"},\"thumbnailUrl\":\"https:\\\/\\\/www.bellunopress.it\\\/wp-content\\\/uploads\\\/2021\\\/03\\\/tenente-generale-Lorenzo-Cappello_edited.jpg\",\"datePublished\":\"2023-08-10T17:10:13+00:00\",\"dateModified\":\"2023-08-10T17:12:18+00:00\",\"breadcrumb\":{\"@id\":\"https:\\\/\\\/www.bellunopress.it\\\/2023\\\/08\\\/10\\\/e-morto-il-generale-lorenzo-cappello-zaia-se-ne-andato-un-pilastro-della-montagna\\\/#breadcrumb\"},\"inLanguage\":\"fr-FR\",\"potentialAction\":[{\"@type\":\"ReadAction\",\"target\":[\"https:\\\/\\\/www.bellunopress.it\\\/2023\\\/08\\\/10\\\/e-morto-il-generale-lorenzo-cappello-zaia-se-ne-andato-un-pilastro-della-montagna\\\/\"]}]},{\"@type\":\"ImageObject\",\"inLanguage\":\"fr-FR\",\"@id\":\"https:\\\/\\\/www.bellunopress.it\\\/2023\\\/08\\\/10\\\/e-morto-il-generale-lorenzo-cappello-zaia-se-ne-andato-un-pilastro-della-montagna\\\/#primaryimage\",\"url\":\"https:\\\/\\\/www.bellunopress.it\\\/wp-content\\\/uploads\\\/2021\\\/03\\\/tenente-generale-Lorenzo-Cappello_edited.jpg\",\"contentUrl\":\"https:\\\/\\\/www.bellunopress.it\\\/wp-content\\\/uploads\\\/2021\\\/03\\\/tenente-generale-Lorenzo-Cappello_edited.jpg\",\"width\":720,\"height\":960,\"caption\":\"Tenente generale Lorenzo Cappello\"},{\"@type\":\"BreadcrumbList\",\"@id\":\"https:\\\/\\\/www.bellunopress.it\\\/2023\\\/08\\\/10\\\/e-morto-il-generale-lorenzo-cappello-zaia-se-ne-andato-un-pilastro-della-montagna\\\/#breadcrumb\",\"itemListElement\":[{\"@type\":\"ListItem\",\"position\":1,\"name\":\"Home\",\"item\":\"https:\\\/\\\/www.bellunopress.it\\\/\"},{\"@type\":\"ListItem\",\"position\":2,\"name\":\"E&#8217; morto il generale Lorenzo Cappello. Zaia: Se n&#8217;\u00e8 andato un pilastro della montagna&#8221;\"}]},{\"@type\":\"WebSite\",\"@id\":\"https:\\\/\\\/www.bellunopress.it\\\/#website\",\"url\":\"https:\\\/\\\/www.bellunopress.it\\\/\",\"name\":\"Bellunopress - Dolomiti\",\"description\":\"e-mail: redazione@bellunopress.it\",\"publisher\":{\"@id\":\"https:\\\/\\\/www.bellunopress.it\\\/#organization\"},\"potentialAction\":[{\"@type\":\"SearchAction\",\"target\":{\"@type\":\"EntryPoint\",\"urlTemplate\":\"https:\\\/\\\/www.bellunopress.it\\\/?s={search_term_string}\"},\"query-input\":{\"@type\":\"PropertyValueSpecification\",\"valueRequired\":true,\"valueName\":\"search_term_string\"}}],\"inLanguage\":\"fr-FR\"},{\"@type\":\"Organization\",\"@id\":\"https:\\\/\\\/www.bellunopress.it\\\/#organization\",\"name\":\"Bellunopress\",\"url\":\"https:\\\/\\\/www.bellunopress.it\\\/\",\"logo\":{\"@type\":\"ImageObject\",\"inLanguage\":\"fr-FR\",\"@id\":\"https:\\\/\\\/www.bellunopress.it\\\/#\\\/schema\\\/logo\\\/image\\\/\",\"url\":\"https:\\\/\\\/www.bellunopress.it\\\/wp-content\\\/uploads\\\/2011\\\/05\\\/cropped-logo-bellunopress-.jpg\",\"contentUrl\":\"https:\\\/\\\/www.bellunopress.it\\\/wp-content\\\/uploads\\\/2011\\\/05\\\/cropped-logo-bellunopress-.jpg\",\"width\":512,\"height\":512,\"caption\":\"Bellunopress\"},\"image\":{\"@id\":\"https:\\\/\\\/www.bellunopress.it\\\/#\\\/schema\\\/logo\\\/image\\\/\"},\"sameAs\":[\"https:\\\/\\\/www.facebook.com\\\/profile.php?id=100008943462799\",\"https:\\\/\\\/x.com\\\/bellunopress\",\"https:\\\/\\\/www.linkedin.com\\\/hp\\\/?dnr=JBzUWaJfMUw8vbXJJ2tVW5-I3jZKvC4wsoxE&amp;amp;amp;amp;amp;amp;trk=nav_responsive_tab_home\",\"https:\\\/\\\/www.youtube.com\\\/channel\\\/UCxL0wu1uN0_3_7hGG0306cw\"]},{\"@type\":\"Person\",\"@id\":\"https:\\\/\\\/www.bellunopress.it\\\/#\\\/schema\\\/person\\\/79bb06722b37ece1c03d3e94beb30d73\",\"name\":\"redazione\",\"image\":{\"@type\":\"ImageObject\",\"inLanguage\":\"fr-FR\",\"@id\":\"https:\\\/\\\/secure.gravatar.com\\\/avatar\\\/37d968a2e67a6fd04c169c4bdef102d0bc5d31b2546345219e348575eb80e9a0?s=96&d=mm&r=g\",\"url\":\"https:\\\/\\\/secure.gravatar.com\\\/avatar\\\/37d968a2e67a6fd04c169c4bdef102d0bc5d31b2546345219e348575eb80e9a0?s=96&d=mm&r=g\",\"contentUrl\":\"https:\\\/\\\/secure.gravatar.com\\\/avatar\\\/37d968a2e67a6fd04c169c4bdef102d0bc5d31b2546345219e348575eb80e9a0?s=96&d=mm&r=g\",\"caption\":\"redazione\"},\"sameAs\":[\"http:\\\/\\\/www.bellunopress.it\",\"https:\\\/\\\/x.com\\\/bellunopress\"],\"url\":\"https:\\\/\\\/www.bellunopress.it\\\/fr\\\/author\\\/redazione\\\/\"}]}<\/script>\n<!-- \/ Yoast SEO plugin. -->","yoast_head_json":{"title":"E' morto il generale Lorenzo Cappello. Zaia: Se n'\u00e8 andato un pilastro della montagna\" - Bellunopress - Dolomiti","robots":{"index":"index","follow":"follow","max-snippet":"max-snippet:-1","max-image-preview":"max-image-preview:large","max-video-preview":"max-video-preview:-1"},"canonical":"https:\/\/www.bellunopress.it\/fr\/2023\/08\/10\/e-morto-il-generale-lorenzo-cappello-zaia-se-ne-andato-un-pilastro-della-montagna\/","og_locale":"fr_FR","og_type":"article","og_title":"E' morto il generale Lorenzo Cappello. Zaia: Se n'\u00e8 andato un pilastro della montagna\" - Bellunopress - Dolomiti","og_description":"Venezia, 10 agosto 2023\u00a0 &#8211;\u00a0\u00a0\u201cSe n\u2019\u00e8 andato un pilastro della montagna. Un uomo semplicemente straordinario. Ha fatto letteralmente \u2018la storia\u2019, vivendola da protagonista, delle vette e delle valli delle Dolomiti. Con un solo obiettivo: tenere alto il prestigio delle istituzioni, servendo con rigore e passione la gente\u201d. Sono le parole del Presidente della Regione Veneto [&hellip;]","og_url":"https:\/\/www.bellunopress.it\/fr\/2023\/08\/10\/e-morto-il-generale-lorenzo-cappello-zaia-se-ne-andato-un-pilastro-della-montagna\/","og_site_name":"Bellunopress - Dolomiti","article_publisher":"https:\/\/www.facebook.com\/profile.php?id=100008943462799","article_published_time":"2023-08-10T17:10:13+00:00","article_modified_time":"2023-08-10T17:12:18+00:00","og_image":[{"width":720,"height":960,"url":"https:\/\/www.bellunopress.it\/wp-content\/uploads\/2021\/03\/tenente-generale-Lorenzo-Cappello_edited.jpg","type":"image\/jpeg"}],"author":"redazione","twitter_card":"summary_large_image","twitter_creator":"@bellunopress","twitter_site":"@bellunopress","twitter_misc":{"\u00c9crit par":"redazione","Dur\u00e9e de lecture estim\u00e9e":"2 minutes"},"schema":{"@context":"https:\/\/schema.org","@graph":[{"@type":"Article","@id":"https:\/\/www.bellunopress.it\/2023\/08\/10\/e-morto-il-generale-lorenzo-cappello-zaia-se-ne-andato-un-pilastro-della-montagna\/#article","isPartOf":{"@id":"https:\/\/www.bellunopress.it\/2023\/08\/10\/e-morto-il-generale-lorenzo-cappello-zaia-se-ne-andato-un-pilastro-della-montagna\/"},"author":{"name":"redazione","@id":"https:\/\/www.bellunopress.it\/#\/schema\/person\/79bb06722b37ece1c03d3e94beb30d73"},"headline":"E&#8217; morto il generale Lorenzo Cappello. Zaia: Se n&#8217;\u00e8 andato un pilastro della montagna&#8221;","datePublished":"2023-08-10T17:10:13+00:00","dateModified":"2023-08-10T17:12:18+00:00","mainEntityOfPage":{"@id":"https:\/\/www.bellunopress.it\/2023\/08\/10\/e-morto-il-generale-lorenzo-cappello-zaia-se-ne-andato-un-pilastro-della-montagna\/"},"wordCount":412,"publisher":{"@id":"https:\/\/www.bellunopress.it\/#organization"},"image":{"@id":"https:\/\/www.bellunopress.it\/2023\/08\/10\/e-morto-il-generale-lorenzo-cappello-zaia-se-ne-andato-un-pilastro-della-montagna\/#primaryimage"},"thumbnailUrl":"https:\/\/www.bellunopress.it\/wp-content\/uploads\/2021\/03\/tenente-generale-Lorenzo-Cappello_edited.jpg","articleSection":["Cronaca\/Politica","Prima Pagina"],"inLanguage":"fr-FR"},{"@type":"WebPage","@id":"https:\/\/www.bellunopress.it\/2023\/08\/10\/e-morto-il-generale-lorenzo-cappello-zaia-se-ne-andato-un-pilastro-della-montagna\/","url":"https:\/\/www.bellunopress.it\/2023\/08\/10\/e-morto-il-generale-lorenzo-cappello-zaia-se-ne-andato-un-pilastro-della-montagna\/","name":"E' morto il generale Lorenzo Cappello. Zaia: Se n'\u00e8 andato un pilastro della montagna\" - Bellunopress - Dolomiti","isPartOf":{"@id":"https:\/\/www.bellunopress.it\/#website"},"primaryImageOfPage":{"@id":"https:\/\/www.bellunopress.it\/2023\/08\/10\/e-morto-il-generale-lorenzo-cappello-zaia-se-ne-andato-un-pilastro-della-montagna\/#primaryimage"},"image":{"@id":"https:\/\/www.bellunopress.it\/2023\/08\/10\/e-morto-il-generale-lorenzo-cappello-zaia-se-ne-andato-un-pilastro-della-montagna\/#primaryimage"},"thumbnailUrl":"https:\/\/www.bellunopress.it\/wp-content\/uploads\/2021\/03\/tenente-generale-Lorenzo-Cappello_edited.jpg","datePublished":"2023-08-10T17:10:13+00:00","dateModified":"2023-08-10T17:12:18+00:00","breadcrumb":{"@id":"https:\/\/www.bellunopress.it\/2023\/08\/10\/e-morto-il-generale-lorenzo-cappello-zaia-se-ne-andato-un-pilastro-della-montagna\/#breadcrumb"},"inLanguage":"fr-FR","potentialAction":[{"@type":"ReadAction","target":["https:\/\/www.bellunopress.it\/2023\/08\/10\/e-morto-il-generale-lorenzo-cappello-zaia-se-ne-andato-un-pilastro-della-montagna\/"]}]},{"@type":"ImageObject","inLanguage":"fr-FR","@id":"https:\/\/www.bellunopress.it\/2023\/08\/10\/e-morto-il-generale-lorenzo-cappello-zaia-se-ne-andato-un-pilastro-della-montagna\/#primaryimage","url":"https:\/\/www.bellunopress.it\/wp-content\/uploads\/2021\/03\/tenente-generale-Lorenzo-Cappello_edited.jpg","contentUrl":"https:\/\/www.bellunopress.it\/wp-content\/uploads\/2021\/03\/tenente-generale-Lorenzo-Cappello_edited.jpg","width":720,"height":960,"caption":"Tenente generale Lorenzo Cappello"},{"@type":"BreadcrumbList","@id":"https:\/\/www.bellunopress.it\/2023\/08\/10\/e-morto-il-generale-lorenzo-cappello-zaia-se-ne-andato-un-pilastro-della-montagna\/#breadcrumb","itemListElement":[{"@type":"ListItem","position":1,"name":"Home","item":"https:\/\/www.bellunopress.it\/"},{"@type":"ListItem","position":2,"name":"E&#8217; morto il generale Lorenzo Cappello. Zaia: Se n&#8217;\u00e8 andato un pilastro della montagna&#8221;"}]},{"@type":"WebSite","@id":"https:\/\/www.bellunopress.it\/#website","url":"https:\/\/www.bellunopress.it\/","name":"Bellunopress - Dolomiti","description":"e-mail: redazione@bellunopress.it","publisher":{"@id":"https:\/\/www.bellunopress.it\/#organization"},"potentialAction":[{"@type":"SearchAction","target":{"@type":"EntryPoint","urlTemplate":"https:\/\/www.bellunopress.it\/?s={search_term_string}"},"query-input":{"@type":"PropertyValueSpecification","valueRequired":true,"valueName":"search_term_string"}}],"inLanguage":"fr-FR"},{"@type":"Organization","@id":"https:\/\/www.bellunopress.it\/#organization","name":"Bellunopress","url":"https:\/\/www.bellunopress.it\/","logo":{"@type":"ImageObject","inLanguage":"fr-FR","@id":"https:\/\/www.bellunopress.it\/#\/schema\/logo\/image\/","url":"https:\/\/www.bellunopress.it\/wp-content\/uploads\/2011\/05\/cropped-logo-bellunopress-.jpg","contentUrl":"https:\/\/www.bellunopress.it\/wp-content\/uploads\/2011\/05\/cropped-logo-bellunopress-.jpg","width":512,"height":512,"caption":"Bellunopress"},"image":{"@id":"https:\/\/www.bellunopress.it\/#\/schema\/logo\/image\/"},"sameAs":["https:\/\/www.facebook.com\/profile.php?id=100008943462799","https:\/\/x.com\/bellunopress","https:\/\/www.linkedin.com\/hp\/?dnr=JBzUWaJfMUw8vbXJJ2tVW5-I3jZKvC4wsoxE&amp;amp;amp;amp;amp;amp;trk=nav_responsive_tab_home","https:\/\/www.youtube.com\/channel\/UCxL0wu1uN0_3_7hGG0306cw"]},{"@type":"Person","@id":"https:\/\/www.bellunopress.it\/#\/schema\/person\/79bb06722b37ece1c03d3e94beb30d73","name":"r\u00e9daction","image":{"@type":"ImageObject","inLanguage":"fr-FR","@id":"https:\/\/secure.gravatar.com\/avatar\/37d968a2e67a6fd04c169c4bdef102d0bc5d31b2546345219e348575eb80e9a0?s=96&d=mm&r=g","url":"https:\/\/secure.gravatar.com\/avatar\/37d968a2e67a6fd04c169c4bdef102d0bc5d31b2546345219e348575eb80e9a0?s=96&d=mm&r=g","contentUrl":"https:\/\/secure.gravatar.com\/avatar\/37d968a2e67a6fd04c169c4bdef102d0bc5d31b2546345219e348575eb80e9a0?s=96&d=mm&r=g","caption":"redazione"},"sameAs":["http:\/\/www.bellunopress.it","https:\/\/x.com\/bellunopress"],"url":"https:\/\/www.bellunopress.it\/fr\/author\/redazione\/"}]}},"_links":{"self":[{"href":"https:\/\/www.bellunopress.it\/fr\/wp-json\/wp\/v2\/posts\/143391","targetHints":{"allow":["GET"]}}],"collection":[{"href":"https:\/\/www.bellunopress.it\/fr\/wp-json\/wp\/v2\/posts"}],"about":[{"href":"https:\/\/www.bellunopress.it\/fr\/wp-json\/wp\/v2\/types\/post"}],"author":[{"embeddable":true,"href":"https:\/\/www.bellunopress.it\/fr\/wp-json\/wp\/v2\/users\/2"}],"replies":[{"embeddable":true,"href":"https:\/\/www.bellunopress.it\/fr\/wp-json\/wp\/v2\/comments?post=143391"}],"version-history":[{"count":3,"href":"https:\/\/www.bellunopress.it\/fr\/wp-json\/wp\/v2\/posts\/143391\/revisions"}],"predecessor-version":[{"id":143394,"href":"https:\/\/www.bellunopress.it\/fr\/wp-json\/wp\/v2\/posts\/143391\/revisions\/143394"}],"wp:featuredmedia":[{"embeddable":true,"href":"https:\/\/www.bellunopress.it\/fr\/wp-json\/wp\/v2\/media\/122236"}],"wp:attachment":[{"href":"https:\/\/www.bellunopress.it\/fr\/wp-json\/wp\/v2\/media?parent=143391"}],"wp:term":[{"taxonomy":"category","embeddable":true,"href":"https:\/\/www.bellunopress.it\/fr\/wp-json\/wp\/v2\/categories?post=143391"},{"taxonomy":"post_tag","embeddable":true,"href":"https:\/\/www.bellunopress.it\/fr\/wp-json\/wp\/v2\/tags?post=143391"}],"curies":[{"name":"wp","href":"https:\/\/api.w.org\/{rel}","templated":true}]}}